{"id":13532,"date":"2019-03-08T10:46:25","date_gmt":"2019-03-08T09:46:25","guid":{"rendered":"https:\/\/marekkuchcinski.pl\/?p=13532"},"modified":"2019-03-08T16:04:51","modified_gmt":"2019-03-08T15:04:51","slug":"zyczenia-marszalka-sejmu-okazji-kobiet","status":"publish","type":"post","link":"https:\/\/marekkuchcinski.pl\/ro\/wydarzenia\/zyczenia-marszalka-sejmu-okazji-kobiet\/","title":{"rendered":"Cele mai bune ur\u0103ri din partea pre\u0219edintelui Sejm-ului cu ocazia Zilei Femeii"},"content":{"rendered":"<p><em>\u00cemi doresc ca toate femeile s\u0103 se simt\u0103 mereu fericite, iubite, apreciate \u0219i \u00eemplinite \u00een fiecare rol din via\u021b\u0103. Doamnelor, v\u0103 mul\u021bumim c\u0103 a\u021bi \u00eembog\u0103\u021bit lumea. V\u0103 mul\u021bumim pentru \u00een\u021belepciunea, pruden\u021ba \u0219i grija de care a\u021bi dat dovad\u0103 - virtu\u021bi at\u00e2t de valoroase \u00een via\u021ba social\u0103 \u0219i politic\u0103.<\/em><\/p>\n<p><em>Cu deosebit\u0103 considera\u021bie<\/em><\/p>\n<p>&nbsp;<\/p>\n<p>Marek Kuchci\u0144ski<\/p>\n<p>&nbsp;<\/p>\n<p><a href=\"https:\/\/marekkuchcinski.pl\/wp-content\/uploads\/2019\/03\/partners-presentation-1.jpg\"><img decoding=\"async\" class=\"alignnone wp-image-13537\" src=\"https:\/\/marekkuchcinski.pl\/wp-content\/uploads\/2019\/03\/partners-presentation-1.jpg\" alt=\"partner's presentation (1)\" width=\"139\" height=\"104\" srcset=\"https:\/\/marekkuchcinski.pl\/wp-content\/uploads\/2019\/03\/partners-presentation-1.jpg 1024w, https:\/\/marekkuchcinski.pl\/wp-content\/uploads\/2019\/03\/partners-presentation-1-300x225.jpg 300w, https:\/\/marekkuchcinski.pl\/wp-content\/uploads\/2019\/03\/partners-presentation-1-768x576.jpg 768w\" sizes=\"(max-width: 139px) 100vw, 139px\" \/><\/a><\/p>","protected":false},"excerpt":{"rendered":"<p>\u017bycz\u0119 wszystkim Kobietom, by zawsze czu\u0142y si\u0119 szcz\u0119\u015bliwe, kochane, doceniane i spe\u0142nione w ka\u017cdej \u017cyciowej roli. Drogie Panie, dzi\u0119kuj\u0119, \u017ce ubogacacie \u015bwiat. Dzi\u0119kuj\u0119 za m\u0105dro\u015b\u0107, rozwag\u0119, trosk\u0119 &#8211; cnoty tak cenne w \u017cyciu spo\u0142ecznym i politycznym. Z wyrazami szacunku &nbsp; Marek Kuchci\u0144ski &nbsp;<\/p>","protected":false},"author":6,"featured_media":13540,"comment_status":"open","ping_status":"open","sticky":false,"template":"","format":"standard","meta":{"ngg_post_thumbnail":0,"footnotes":""},"categories":[77,3],"tags":[],"class_list":["post-13532","post","type-post","status-publish","format-standard","has-post-thumbnail","hentry","category-wazne-daty","category-wydarzenia"],"yoast_head":"<!-- This site is optimized with the Yoast SEO plugin v24.7 - https:\/\/yoast.com\/wordpress\/plugins\/seo\/ -->\n<title>\u017byczenia marsza\u0142ka Sejmu z okazji Dnia Kobiet &#8211; Marek Kuchci\u0144ski<\/title>\n<meta name=\"robots\" content=\"index, follow, max-snippet:-1, max-image-preview:large, max-video-preview:-1\" \/>\n<link rel=\"canonical\" href=\"https:\/\/marekkuchcinski.pl\/ro\/wydarzenia\/zyczenia-marszalka-sejmu-okazji-kobiet\/\" \/>\n<meta property=\"og:locale\" content=\"ro_RO\" \/>\n<meta property=\"og:type\" content=\"article\" \/>\n<meta property=\"og:title\" content=\"\u017byczenia marsza\u0142ka Sejmu z okazji Dnia Kobiet &#8211; Marek Kuchci\u0144ski\" \/>\n<meta property=\"og:description\" content=\"\u017bycz\u0119 wszystkim Kobietom, by zawsze czu\u0142y si\u0119 szcz\u0119\u015bliwe, kochane, doceniane i spe\u0142nione w ka\u017cdej \u017cyciowej roli. Drogie Panie, dzi\u0119kuj\u0119, \u017ce ubogacacie \u015bwiat. Dzi\u0119kuj\u0119 za m\u0105dro\u015b\u0107, rozwag\u0119, trosk\u0119 &#8211; cnoty tak cenne w \u017cyciu spo\u0142ecznym i politycznym. Z wyrazami szacunku &nbsp; Marek Kuchci\u0144ski &nbsp;\" \/>\n<meta property=\"og:url\" content=\"https:\/\/marekkuchcinski.pl\/ro\/wydarzenia\/zyczenia-marszalka-sejmu-okazji-kobiet\/\" \/>\n<meta property=\"og:site_name\" content=\"Marek Kuchci\u0144ski\" \/>\n<meta property=\"article:published_time\" content=\"2019-03-08T09:46:25+00:00\" \/>\n<meta property=\"article:modified_time\" content=\"2019-03-08T15:04:51+00:00\" \/>\n<meta property=\"og:image\" content=\"https:\/\/marekkuchcinski.pl\/wp-content\/uploads\/2019\/03\/dk.jpg\" \/>\n\t<meta property=\"og:image:width\" content=\"1024\" \/>\n\t<meta property=\"og:image:height\" content=\"768\" \/>\n\t<meta property=\"og:image:type\" content=\"image\/jpeg\" \/>\n<meta name=\"author\" content=\"admin\" \/>\n<meta name=\"twitter:card\" content=\"summary_large_image\" \/>\n<meta name=\"twitter:label1\" content=\"Scris de\" \/>\n\t<meta name=\"twitter:data1\" content=\"admin\" \/>\n<script type=\"application\/ld+json\" class=\"yoast-schema-graph\">{\"@context\":\"https:\/\/schema.org\",\"@graph\":[{\"@type\":\"Article\",\"@id\":\"https:\/\/marekkuchcinski.pl\/uk\/wydarzenia\/zyczenia-marszalka-sejmu-okazji-kobiet\/#article\",\"isPartOf\":{\"@id\":\"https:\/\/marekkuchcinski.pl\/uk\/wydarzenia\/zyczenia-marszalka-sejmu-okazji-kobiet\/\"},\"author\":{\"name\":\"admin\",\"@id\":\"https:\/\/marekkuchcinski.pl\/#\/schema\/person\/6f62700996b4d950b6ea2d1183b6c6be\"},\"headline\":\"\u017byczenia marsza\u0142ka Sejmu z okazji Dnia Kobiet\",\"datePublished\":\"2019-03-08T09:46:25+00:00\",\"dateModified\":\"2019-03-08T15:04:51+00:00\",\"mainEntityOfPage\":{\"@id\":\"https:\/\/marekkuchcinski.pl\/uk\/wydarzenia\/zyczenia-marszalka-sejmu-okazji-kobiet\/\"},\"wordCount\":60,\"commentCount\":0,\"publisher\":{\"@id\":\"https:\/\/marekkuchcinski.pl\/#organization\"},\"image\":{\"@id\":\"https:\/\/marekkuchcinski.pl\/uk\/wydarzenia\/zyczenia-marszalka-sejmu-okazji-kobiet\/#primaryimage\"},\"thumbnailUrl\":\"https:\/\/marekkuchcinski.pl\/wp-content\/uploads\/2019\/03\/dk.jpg\",\"articleSection\":[\"Wa\u017cne daty\",\"Wydarzenia\"],\"inLanguage\":\"ro-RO\",\"potentialAction\":[{\"@type\":\"CommentAction\",\"name\":\"Comment\",\"target\":[\"https:\/\/marekkuchcinski.pl\/uk\/wydarzenia\/zyczenia-marszalka-sejmu-okazji-kobiet\/#respond\"]}]},{\"@type\":\"WebPage\",\"@id\":\"https:\/\/marekkuchcinski.pl\/uk\/wydarzenia\/zyczenia-marszalka-sejmu-okazji-kobiet\/\",\"url\":\"https:\/\/marekkuchcinski.pl\/uk\/wydarzenia\/zyczenia-marszalka-sejmu-okazji-kobiet\/\",\"name\":\"\u017byczenia marsza\u0142ka Sejmu z okazji Dnia Kobiet &#8211; Marek Kuchci\u0144ski\",\"isPartOf\":{\"@id\":\"https:\/\/marekkuchcinski.pl\/#website\"},\"primaryImageOfPage\":{\"@id\":\"https:\/\/marekkuchcinski.pl\/uk\/wydarzenia\/zyczenia-marszalka-sejmu-okazji-kobiet\/#primaryimage\"},\"image\":{\"@id\":\"https:\/\/marekkuchcinski.pl\/uk\/wydarzenia\/zyczenia-marszalka-sejmu-okazji-kobiet\/#primaryimage\"},\"thumbnailUrl\":\"https:\/\/marekkuchcinski.pl\/wp-content\/uploads\/2019\/03\/dk.jpg\",\"datePublished\":\"2019-03-08T09:46:25+00:00\",\"dateModified\":\"2019-03-08T15:04:51+00:00\",\"breadcrumb\":{\"@id\":\"https:\/\/marekkuchcinski.pl\/uk\/wydarzenia\/zyczenia-marszalka-sejmu-okazji-kobiet\/#breadcrumb\"},\"inLanguage\":\"ro-RO\",\"potentialAction\":[{\"@type\":\"ReadAction\",\"target\":[\"https:\/\/marekkuchcinski.pl\/uk\/wydarzenia\/zyczenia-marszalka-sejmu-okazji-kobiet\/\"]}]},{\"@type\":\"ImageObject\",\"inLanguage\":\"ro-RO\",\"@id\":\"https:\/\/marekkuchcinski.pl\/uk\/wydarzenia\/zyczenia-marszalka-sejmu-okazji-kobiet\/#primaryimage\",\"url\":\"https:\/\/marekkuchcinski.pl\/wp-content\/uploads\/2019\/03\/dk.jpg\",\"contentUrl\":\"https:\/\/marekkuchcinski.pl\/wp-content\/uploads\/2019\/03\/dk.jpg\",\"width\":1024,\"height\":768},{\"@type\":\"BreadcrumbList\",\"@id\":\"https:\/\/marekkuchcinski.pl\/uk\/wydarzenia\/zyczenia-marszalka-sejmu-okazji-kobiet\/#breadcrumb\",\"itemListElement\":[{\"@type\":\"ListItem\",\"position\":1,\"name\":\"Strona g\u0142\u00f3wna\",\"item\":\"https:\/\/marekkuchcinski.pl\/\"},{\"@type\":\"ListItem\",\"position\":2,\"name\":\"\u017byczenia marsza\u0142ka Sejmu z okazji Dnia Kobiet\"}]},{\"@type\":\"WebSite\",\"@id\":\"https:\/\/marekkuchcinski.pl\/#website\",\"url\":\"https:\/\/marekkuchcinski.pl\/\",\"name\":\"Marek Kuchci\u0144ski\",\"description\":\"Pose\u0142 na sejm RP &ndash; okr\u0119g nr 22\",\"publisher\":{\"@id\":\"https:\/\/marekkuchcinski.pl\/#organization\"},\"potentialAction\":[{\"@type\":\"SearchAction\",\"target\":{\"@type\":\"EntryPoint\",\"urlTemplate\":\"https:\/\/marekkuchcinski.pl\/?s={search_term_string}\"},\"query-input\":{\"@type\":\"PropertyValueSpecification\",\"valueRequired\":true,\"valueName\":\"search_term_string\"}}],\"inLanguage\":\"ro-RO\"},{\"@type\":\"Organization\",\"@id\":\"https:\/\/marekkuchcinski.pl\/#organization\",\"name\":\"Marek Kuchci\u0144ski\",\"url\":\"https:\/\/marekkuchcinski.pl\/\",\"logo\":{\"@type\":\"ImageObject\",\"inLanguage\":\"ro-RO\",\"@id\":\"https:\/\/marekkuchcinski.pl\/#\/schema\/logo\/image\/\",\"url\":\"https:\/\/marekkuchcinski.pl\/wp-content\/uploads\/2022\/09\/Marek.jpg\",\"contentUrl\":\"https:\/\/marekkuchcinski.pl\/wp-content\/uploads\/2022\/09\/Marek.jpg\",\"width\":1600,\"height\":971,\"caption\":\"Marek Kuchci\u0144ski\"},\"image\":{\"@id\":\"https:\/\/marekkuchcinski.pl\/#\/schema\/logo\/image\/\"}},{\"@type\":\"Person\",\"@id\":\"https:\/\/marekkuchcinski.pl\/#\/schema\/person\/6f62700996b4d950b6ea2d1183b6c6be\",\"name\":\"admin\",\"image\":{\"@type\":\"ImageObject\",\"inLanguage\":\"ro-RO\",\"@id\":\"https:\/\/marekkuchcinski.pl\/#\/schema\/person\/image\/\",\"url\":\"https:\/\/secure.gravatar.com\/avatar\/4bab693b9d55c3d6b52c0296a8765085?s=96&d=mm&r=g\",\"contentUrl\":\"https:\/\/secure.gravatar.com\/avatar\/4bab693b9d55c3d6b52c0296a8765085?s=96&d=mm&r=g\",\"caption\":\"admin\"},\"url\":\"https:\/\/marekkuchcinski.pl\/ro\/author\/marta-olejnik\/\"}]}<\/script>\n<!-- \/ Yoast SEO plugin. -->","yoast_head_json":{"title":"\u017byczenia marsza\u0142ka Sejmu z okazji Dnia Kobiet &#8211; Marek Kuchci\u0144ski","robots":{"index":"index","follow":"follow","max-snippet":"max-snippet:-1","max-image-preview":"max-image-preview:large","max-video-preview":"max-video-preview:-1"},"canonical":"https:\/\/marekkuchcinski.pl\/ro\/wydarzenia\/zyczenia-marszalka-sejmu-okazji-kobiet\/","og_locale":"ro_RO","og_type":"article","og_title":"\u017byczenia marsza\u0142ka Sejmu z okazji Dnia Kobiet &#8211; Marek Kuchci\u0144ski","og_description":"\u017bycz\u0119 wszystkim Kobietom, by zawsze czu\u0142y si\u0119 szcz\u0119\u015bliwe, kochane, doceniane i spe\u0142nione w ka\u017cdej \u017cyciowej roli. Drogie Panie, dzi\u0119kuj\u0119, \u017ce ubogacacie \u015bwiat. Dzi\u0119kuj\u0119 za m\u0105dro\u015b\u0107, rozwag\u0119, trosk\u0119 &#8211; cnoty tak cenne w \u017cyciu spo\u0142ecznym i politycznym. Z wyrazami szacunku &nbsp; Marek Kuchci\u0144ski &nbsp;","og_url":"https:\/\/marekkuchcinski.pl\/ro\/wydarzenia\/zyczenia-marszalka-sejmu-okazji-kobiet\/","og_site_name":"Marek Kuchci\u0144ski","article_published_time":"2019-03-08T09:46:25+00:00","article_modified_time":"2019-03-08T15:04:51+00:00","og_image":[{"width":1024,"height":768,"url":"https:\/\/marekkuchcinski.pl\/wp-content\/uploads\/2019\/03\/dk.jpg","type":"image\/jpeg"}],"author":"admin","twitter_card":"summary_large_image","twitter_misc":{"Scris de":"admin"},"schema":{"@context":"https:\/\/schema.org","@graph":[{"@type":"Article","@id":"https:\/\/marekkuchcinski.pl\/uk\/wydarzenia\/zyczenia-marszalka-sejmu-okazji-kobiet\/#article","isPartOf":{"@id":"https:\/\/marekkuchcinski.pl\/uk\/wydarzenia\/zyczenia-marszalka-sejmu-okazji-kobiet\/"},"author":{"name":"admin","@id":"https:\/\/marekkuchcinski.pl\/#\/schema\/person\/6f62700996b4d950b6ea2d1183b6c6be"},"headline":"\u017byczenia marsza\u0142ka Sejmu z okazji Dnia Kobiet","datePublished":"2019-03-08T09:46:25+00:00","dateModified":"2019-03-08T15:04:51+00:00","mainEntityOfPage":{"@id":"https:\/\/marekkuchcinski.pl\/uk\/wydarzenia\/zyczenia-marszalka-sejmu-okazji-kobiet\/"},"wordCount":60,"commentCount":0,"publisher":{"@id":"https:\/\/marekkuchcinski.pl\/#organization"},"image":{"@id":"https:\/\/marekkuchcinski.pl\/uk\/wydarzenia\/zyczenia-marszalka-sejmu-okazji-kobiet\/#primaryimage"},"thumbnailUrl":"https:\/\/marekkuchcinski.pl\/wp-content\/uploads\/2019\/03\/dk.jpg","articleSection":["Wa\u017cne daty","Wydarzenia"],"inLanguage":"ro-RO","potentialAction":[{"@type":"CommentAction","name":"Comment","target":["https:\/\/marekkuchcinski.pl\/uk\/wydarzenia\/zyczenia-marszalka-sejmu-okazji-kobiet\/#respond"]}]},{"@type":"WebPage","@id":"https:\/\/marekkuchcinski.pl\/uk\/wydarzenia\/zyczenia-marszalka-sejmu-okazji-kobiet\/","url":"https:\/\/marekkuchcinski.pl\/uk\/wydarzenia\/zyczenia-marszalka-sejmu-okazji-kobiet\/","name":"\u017byczenia marsza\u0142ka Sejmu z okazji Dnia Kobiet &#8211; Marek Kuchci\u0144ski","isPartOf":{"@id":"https:\/\/marekkuchcinski.pl\/#website"},"primaryImageOfPage":{"@id":"https:\/\/marekkuchcinski.pl\/uk\/wydarzenia\/zyczenia-marszalka-sejmu-okazji-kobiet\/#primaryimage"},"image":{"@id":"https:\/\/marekkuchcinski.pl\/uk\/wydarzenia\/zyczenia-marszalka-sejmu-okazji-kobiet\/#primaryimage"},"thumbnailUrl":"https:\/\/marekkuchcinski.pl\/wp-content\/uploads\/2019\/03\/dk.jpg","datePublished":"2019-03-08T09:46:25+00:00","dateModified":"2019-03-08T15:04:51+00:00","breadcrumb":{"@id":"https:\/\/marekkuchcinski.pl\/uk\/wydarzenia\/zyczenia-marszalka-sejmu-okazji-kobiet\/#breadcrumb"},"inLanguage":"ro-RO","potentialAction":[{"@type":"ReadAction","target":["https:\/\/marekkuchcinski.pl\/uk\/wydarzenia\/zyczenia-marszalka-sejmu-okazji-kobiet\/"]}]},{"@type":"ImageObject","inLanguage":"ro-RO","@id":"https:\/\/marekkuchcinski.pl\/uk\/wydarzenia\/zyczenia-marszalka-sejmu-okazji-kobiet\/#primaryimage","url":"https:\/\/marekkuchcinski.pl\/wp-content\/uploads\/2019\/03\/dk.jpg","contentUrl":"https:\/\/marekkuchcinski.pl\/wp-content\/uploads\/2019\/03\/dk.jpg","width":1024,"height":768},{"@type":"BreadcrumbList","@id":"https:\/\/marekkuchcinski.pl\/uk\/wydarzenia\/zyczenia-marszalka-sejmu-okazji-kobiet\/#breadcrumb","itemListElement":[{"@type":"ListItem","position":1,"name":"Strona g\u0142\u00f3wna","item":"https:\/\/marekkuchcinski.pl\/"},{"@type":"ListItem","position":2,"name":"\u017byczenia marsza\u0142ka Sejmu z okazji Dnia Kobiet"}]},{"@type":"WebSite","@id":"https:\/\/marekkuchcinski.pl\/#website","url":"https:\/\/marekkuchcinski.pl\/","name":"Marek Kuchci\u0144ski","description":"Pose\u0142 na sejm RP &ndash; okr\u0119g nr 22","publisher":{"@id":"https:\/\/marekkuchcinski.pl\/#organization"},"potentialAction":[{"@type":"SearchAction","target":{"@type":"EntryPoint","urlTemplate":"https:\/\/marekkuchcinski.pl\/?s={search_term_string}"},"query-input":{"@type":"PropertyValueSpecification","valueRequired":true,"valueName":"search_term_string"}}],"inLanguage":"ro-RO"},{"@type":"Organization","@id":"https:\/\/marekkuchcinski.pl\/#organization","name":"Marek Kuchci\u0144ski","url":"https:\/\/marekkuchcinski.pl\/","logo":{"@type":"ImageObject","inLanguage":"ro-RO","@id":"https:\/\/marekkuchcinski.pl\/#\/schema\/logo\/image\/","url":"https:\/\/marekkuchcinski.pl\/wp-content\/uploads\/2022\/09\/Marek.jpg","contentUrl":"https:\/\/marekkuchcinski.pl\/wp-content\/uploads\/2022\/09\/Marek.jpg","width":1600,"height":971,"caption":"Marek Kuchci\u0144ski"},"image":{"@id":"https:\/\/marekkuchcinski.pl\/#\/schema\/logo\/image\/"}},{"@type":"Person","@id":"https:\/\/marekkuchcinski.pl\/#\/schema\/person\/6f62700996b4d950b6ea2d1183b6c6be","name":"admin","image":{"@type":"ImageObject","inLanguage":"ro-RO","@id":"https:\/\/marekkuchcinski.pl\/#\/schema\/person\/image\/","url":"https:\/\/secure.gravatar.com\/avatar\/4bab693b9d55c3d6b52c0296a8765085?s=96&d=mm&r=g","contentUrl":"https:\/\/secure.gravatar.com\/avatar\/4bab693b9d55c3d6b52c0296a8765085?s=96&d=mm&r=g","caption":"admin"},"url":"https:\/\/marekkuchcinski.pl\/ro\/author\/marta-olejnik\/"}]}},"_links":{"self":[{"href":"https:\/\/marekkuchcinski.pl\/ro\/wp-json\/wp\/v2\/posts\/13532","targetHints":{"allow":["GET"]}}],"collection":[{"href":"https:\/\/marekkuchcinski.pl\/ro\/wp-json\/wp\/v2\/posts"}],"about":[{"href":"https:\/\/marekkuchcinski.pl\/ro\/wp-json\/wp\/v2\/types\/post"}],"author":[{"embeddable":true,"href":"https:\/\/marekkuchcinski.pl\/ro\/wp-json\/wp\/v2\/users\/6"}],"replies":[{"embeddable":true,"href":"https:\/\/marekkuchcinski.pl\/ro\/wp-json\/wp\/v2\/comments?post=13532"}],"version-history":[{"count":4,"href":"https:\/\/marekkuchcinski.pl\/ro\/wp-json\/wp\/v2\/posts\/13532\/revisions"}],"predecessor-version":[{"id":13539,"href":"https:\/\/marekkuchcinski.pl\/ro\/wp-json\/wp\/v2\/posts\/13532\/revisions\/13539"}],"wp:featuredmedia":[{"embeddable":true,"href":"https:\/\/marekkuchcinski.pl\/ro\/wp-json\/wp\/v2\/media\/13540"}],"wp:attachment":[{"href":"https:\/\/marekkuchcinski.pl\/ro\/wp-json\/wp\/v2\/media?parent=13532"}],"wp:term":[{"taxonomy":"category","embeddable":true,"href":"https:\/\/marekkuchcinski.pl\/ro\/wp-json\/wp\/v2\/categories?post=13532"},{"taxonomy":"post_tag","embeddable":true,"href":"https:\/\/marekkuchcinski.pl\/ro\/wp-json\/wp\/v2\/tags?post=13532"}],"curies":[{"name":"wp","href":"https:\/\/api.w.org\/{rel}","templated":true}]}}