{"id":13499,"date":"2019-03-08T13:09:53","date_gmt":"2019-03-08T12:09:53","guid":{"rendered":"https:\/\/marekkuchcinski.pl\/?p=13499"},"modified":"2019-03-08T13:28:58","modified_gmt":"2019-03-08T12:28:58","slug":"uroczyste-obchody-100-rocznicy-bohaterskiej-smierci-plk-leopolda-lisa-kuli","status":"publish","type":"post","link":"https:\/\/marekkuchcinski.pl\/ro\/bez-kategorii\/lms\/uroczyste-obchody-100-rocznicy-bohaterskiej-smierci-plk-leopolda-lisa-kuli\/","title":{"rendered":"S\u0103rb\u0103torirea solemn\u0103 a 100 de ani de la moartea eroic\u0103 a colonelului Leopold Lis-Kula"},"content":{"rendered":"<h1><\/h1>\n<p><strong>Domnul <\/strong><\/p>\n<p><strong>Jakub Czarnota <\/strong><\/p>\n<p><strong>Primarul comunei \u0141a\u0144cut Gmina<\/strong><\/p>\n<p><strong>\u00a0<\/strong><\/p>\n<p>Stimate domnule primar,<\/p>\n<p>&nbsp;<\/p>\n<p>V\u0103 mul\u021bumesc foarte mult pentru invita\u021bia de a participa la festivit\u0103\u021bile prilejuite de aniversarea a 100 de ani de la moartea eroic\u0103 a colonelului Leopold Lis-Kula. Neput\u00e2nd lua parte la acest eveniment, a\u0219 dori s\u0103 folosesc aceast\u0103 ocazie pentru a mul\u021bumi organizatorilor \u0219i participan\u021bilor.  De asemenea, sunt convins c\u0103 s\u0103rb\u0103torile de la Kosin - locul de na\u0219tere al legionarului eroic din Primul R\u0103zboi Mondial \u0219i ap\u0103r\u0103tor al Poloniei ren\u0103scute \u00een 1918 - vor avea o dimensiune special\u0103 \u0219i vor fi o m\u0103rturie valoroas\u0103 de patriotism \u0219i respect pentru eroii no\u0219tri na\u021bionali.<\/p>\n<p>Este greu de crezut c\u0103 un om ale c\u0103rui realiz\u0103ri ar putea face obiectul mai multor biografii a tr\u0103it doar 22 de ani. \u00centreaga via\u021b\u0103 de t\u00e2n\u0103r a lui Leopold Lis-Kula a fost plin\u0103 de eforturi pentru binele Patriei, pentru independen\u021ba Poloniei. P\u00e2n\u0103 \u00een ziua de azi, marea sa t\u0103rie de caracter, maturitatea admirabil\u0103 \u0219i fermitatea st\u00e2rnesc admira\u021bie. unul dintre cei mai buni \u0219i mai curajo\u0219i solda\u021bi din istoria Poloniei. legendar \u00eenc\u0103 din timpul vie\u021bii sale. a devenit un simbol al luptei pentru o Patrie liber\u0103.<\/p>\n<p>Prin urmare, v\u0103 mul\u021bumesc pentru omagiul adus acestui erou extraordinar din regiunea Podkarpacie, care va r\u0103m\u00e2ne \u00eentotdeauna un semn al comunit\u0103\u021bii noastre \u0219i o parte inalienabil\u0103 a patrimoniului nostru istoric.<\/p>\n<p>\u00cenc\u0103 o dat\u0103, v\u0103 adresez cele mai calde salut\u0103ri \u0219i v\u0103 transmit cele mai bune g\u00e2nduri.<\/p>\n<p>&nbsp;<\/p>\n<p>&nbsp;<\/p>\n<p><em>Marek <\/em><em>Kuchcinski<\/em><\/p>","protected":false},"excerpt":{"rendered":"<p>Pan Jakub Czarnota W\u00f3jt Gminy \u0141a\u0144cut \u00a0 Szanowny Panie W\u00f3jcie, &nbsp; bardzo dzi\u0119kuj\u0119 za zaproszenie na uroczyste obchody 100.\u00a0 rocznicy bohaterskiej \u015bmierci p\u0142k. Leopolda Lisa-Kuli. Nie mog\u0105c wzi\u0105\u0107 udzia\u0142u w tym wydarzeniu, pragn\u0119 t\u0105 drog\u0105 przekaza\u0107 podzi\u0119kowania jego organizatorom i uczestnikom.\u00a0 Jestem przy tym przekonany, \u017ce uroczysto\u015bci w Kosinie &#8211;\u00a0\u00a0 miejscu, w kt\u00f3rym urodzi\u0142 si\u0119 [&hellip;]<\/p>\n","protected":false},"author":6,"featured_media":13506,"comment_status":"open","ping_status":"open","sticky":false,"template":"","format":"standard","meta":{"ngg_post_thumbnail":0,"footnotes":""},"categories":[104],"tags":[],"class_list":["post-13499","post","type-post","status-publish","format-standard","has-post-thumbnail","hentry","category-lms"],"_links":{"self":[{"href":"https:\/\/marekkuchcinski.pl\/ro\/wp-json\/wp\/v2\/posts\/13499","targetHints":{"allow":["GET"]}}],"collection":[{"href":"https:\/\/marekkuchcinski.pl\/ro\/wp-json\/wp\/v2\/posts"}],"about":[{"href":"https:\/\/marekkuchcinski.pl\/ro\/wp-json\/wp\/v2\/types\/post"}],"author":[{"embeddable":true,"href":"https:\/\/marekkuchcinski.pl\/ro\/wp-json\/wp\/v2\/users\/6"}],"replies":[{"embeddable":true,"href":"https:\/\/marekkuchcinski.pl\/ro\/wp-json\/wp\/v2\/comments?post=13499"}],"version-history":[{"count":1,"href":"https:\/\/marekkuchcinski.pl\/ro\/wp-json\/wp\/v2\/posts\/13499\/revisions"}],"predecessor-version":[{"id":13501,"href":"https:\/\/marekkuchcinski.pl\/ro\/wp-json\/wp\/v2\/posts\/13499\/revisions\/13501"}],"wp:featuredmedia":[{"embeddable":true,"href":"https:\/\/marekkuchcinski.pl\/ro\/wp-json\/wp\/v2\/media\/13506"}],"wp:attachment":[{"href":"https:\/\/marekkuchcinski.pl\/ro\/wp-json\/wp\/v2\/media?parent=13499"}],"wp:term":[{"taxonomy":"category","embeddable":true,"href":"https:\/\/marekkuchcinski.pl\/ro\/wp-json\/wp\/v2\/categories?post=13499"},{"taxonomy":"post_tag","embeddable":true,"href":"https:\/\/marekkuchcinski.pl\/ro\/wp-json\/wp\/v2\/tags?post=13499"}],"curies":[{"name":"wp","href":"https:\/\/api.w.org\/{rel}","templated":true}]}}