{"id":13483,"date":"2019-03-07T13:09:20","date_gmt":"2019-03-07T12:09:20","guid":{"rendered":"https:\/\/marekkuchcinski.pl\/?p=13483"},"modified":"2019-04-19T14:15:59","modified_gmt":"2019-04-19T12:15:59","slug":"77-mln-zl-usuwanie-skutkow-klesk-zywiolowych-osuwisk-podkarpaciu","status":"publish","type":"post","link":"https:\/\/marekkuchcinski.pl\/ro\/prawo-i-sprawiedliwosc\/77-mln-zl-usuwanie-skutkow-klesk-zywiolowych-osuwisk-podkarpaciu\/","title":{"rendered":"77 de milioane PLN pentru \u00eenl\u0103turarea efectelor dezastrelor naturale \u0219i a alunec\u0103rilor de teren \u00een Voievodatul Podkarpackie"},"content":{"rendered":"<div class=\"preface\" data-role=\"preface\">\n<div class=\"col-md-5 col-sm-12 no-gutter\">\n<p><strong>77 de milioane de zlo\u021bi vor merge c\u0103tre administra\u021biile locale din regiunea Podkarpacie. La Rzesz\u00f3w, ministrul adjunct al Afacerilor Interne \u0219i Administra\u021biei, Jaros\u0142aw Zieli\u0144ski, a \u00eenm\u00e2nat bilete la ordin pentru implementarea sarcinilor legate de \u00eenl\u0103turarea efectelor dezastrelor naturale \u0219i a mi\u0219c\u0103rilor de alunecare de teren.<\/strong><\/p>\n<\/div>\n<\/div>\n<div class=\"col-sm-12 no-gutter\">\n<div class=\"entry-content\">\n<p><em>- Voievodatul Podkarpackie prime\u0219te aproape 77 de milioane de zlo\u021bi - din care 56 de milioane de zlo\u021bi pentru reconstruc\u021bia de drumuri, canale, poduri \u0219i peste 20 de milioane de zlo\u021bi pentru stabilizarea alunec\u0103rilor de teren.<\/em>&nbsp;- a declarat Jaros\u0142aw Zieli\u0144ski, secretar de stat \u00een cadrul Ministerului de Interne \u0219i Administra\u021bie, \u00een timpul unei ceremonii desf\u0103\u0219urate la Biroul Voievodatului Podkarpackie din Rzesz\u00f3w.  Viceministrul a subliniat c\u0103 sus\u021binerea de c\u0103tre stat a activit\u0103\u021bilor administra\u021biilor locale este extrem de important\u0103 pentru \u00eembun\u0103t\u0103\u021birea calit\u0103\u021bii vie\u021bii locuitorilor. De asemenea, a mul\u021bumit starostelor, primarilor \u0219i \u0219efilor de sate pentru preg\u0103tirea eficient\u0103 a cererilor. Voievodul de Podkarpackie, Ewa Leniart, a ad\u0103ugat c\u0103, datorit\u0103 promisiunilor f\u0103cute \u00een ultimii ani, a fost posibil\u0103 repararea a peste 673 km de drumuri comunale \u0219i districtuale \u0219i a 218 canale \u0219i poduri din Podkarpackie.<\/p>\n<p>\u00cen timpul ceremoniei, promisiunile au fost primite de reprezentan\u021bii a 58 de unit\u0103\u021bi ale administra\u021biei locale, inclusiv 46 de comune \u0219i 12 districte. Cofinan\u021barea va fi alocat\u0103 pentru punerea \u00een aplicare a 183 de sarcini.<\/p>\n<p>La eveniment au participat deputa\u021bii subcarpatici Krystyna Wr\u00f3blewska, Halina Szyde\u0142ko, Bogdan Rzo\u0144ca, Zbigniew Chmielowiec \u0219i Andrzej Szlachta, adjunctul mare\u0219alului subcarpatic Piotr Pilch \u0219i reprezentan\u021bi ai municipalit\u0103\u021bilor \u0219i districtelor subcarpatice.<\/p>\n<p><strong>O scrisoare c\u0103tre participan\u021bi a fost trimis\u0103 de Marek Kuchci\u0144ski, pre\u0219edintele Sejm-ului, care \u0219i-a exprimat convingerea c\u0103, datorit\u0103 subven\u021biilor acordate, infrastructura distrus\u0103 de dezastrele naturale va fi reconstruit\u0103 \u0219i restaurat\u0103. \"Am \u00eencredere c\u0103 aceste activit\u0103\u021bi vor servi bine comunit\u0103\u021bii locale\", a scris pre\u0219edintele Parlamentului.<\/strong><\/p>\n<p><a href=\"https:\/\/marekkuchcinski.pl\/wp-content\/uploads\/2019\/03\/promesy.pdf\">LISTA <\/a><\/p>\n<p>Fondurile alocate, provenite din rezerva specific\u0103 a bugetului de stat, vor fi utilizate pentru:<\/p>\n<ol>\n<li>Subven\u021bie pentru punerea \u00een aplicare a sarcinilor legate de repararea \u0219i reconstruc\u021bia infrastructurii distruse ca urmare a unor evenimente care prezint\u0103 caracteristicile unei catastrofe naturale.<\/li>\n<\/ol>\n<p>Biletele la ordin au fost acordate&nbsp;<strong>43 de unit\u0103\u021bi ale administra\u021biei publice locale (inclusiv 5 popoare \u0219i 38 gmine) pentru suma de<\/strong><strong>&nbsp;peste 56 de milioane PLN.&nbsp;<\/strong>Cu aceste fonduri, unit\u0103\u021bile au \u00een vedere, printre altele, reconstruirea, recondi\u021bionarea peste&nbsp;<strong>97 km&nbsp;<\/strong>drumuri \u0219i&nbsp;<strong>25&nbsp;<\/strong>poduri \u0219i canale de scurgere.<\/p>\n<p>2. cofinan\u021barea sarcinilor proprii care constau \u00een reconstruc\u021bia infrastructurii publice afectate de mi\u0219c\u0103rile de alunecare de teren.<\/p>\n<p>Biletele la ordin au fost primite de c\u0103tre&nbsp;<strong>17 unit\u0103\u021bi ale administra\u021biei publice locale (inclusiv 8 poviats \u0219i 9 gminas) pentru o sum\u0103 de peste 20,5 milioane PLN.&nbsp;<\/strong>Fondurile vor permite finan\u021barea tuturor sarcinilor depuse de c\u0103tre administra\u021biile locale autonome, \u0219i anume. Acest credit va face posibil\u0103 finan\u021barea tuturor sarcinilor depuse de autorit\u0103\u021bile locale pentru implementare \u00een acest an, \u0219i anume.&nbsp;<strong>14 documente<\/strong>&nbsp;\u0219i execu\u021bie&nbsp;<strong>12 activit\u0103\u021bi adecvate de salvgardare<\/strong><strong>alunec\u0103ri de teren.<\/strong><\/p>\n<p>Total \u00een ani&nbsp;<strong>2016-2018<\/strong>&nbsp;Ministrul Afacerilor Interne \u0219i Administra\u021biei, la cererea guvernatorului Podkarpackie, a acordat unit\u0103\u021bilor teritoriale autonome subven\u021bii cu destina\u021bie specific\u0103 de la bugetul de stat pentru \u00eenl\u0103turarea efectelor dezastrelor naturale \u0219i a mi\u0219c\u0103rilor de teren \u00een valoare total\u0103 de&nbsp;<strong>peste 270<\/strong><strong>milioane de euro pentru punerea \u00een aplicare a 970 de sarcini.<\/strong><\/p>\n<p>\u00cen cadrul acestor m\u0103suri, \u00een special:<\/p>\n<ul>\n<li>renovate, reconstruite sau reconstruite:<\/li>\n<li>peste&nbsp;<strong>673 km<\/strong>&nbsp;drumuri comunale \u0219i districtuale,<\/li>\n<li><strong>218<\/strong>&nbsp;poduri \u0219i structuri de poduri pe drumurile comunale \u0219i districtuale,<\/li>\n<li>dezvoltarea de&nbsp;<strong>55<\/strong>&nbsp;documenta\u021bia geologic\u0103 \u0219i proiectele de construc\u021bii,<\/li>\n<li>finan\u021bate de&nbsp;<strong>29<\/strong>&nbsp;lucr\u0103ri adecvate pentru a proteja zonele predispuse la alunec\u0103ri de teren.<\/li>\n<\/ul>\n<p>&nbsp;<\/p>\n<\/div>\n<p><em>sursa: Biroul Voievodatului Podkarpackie din Rzesz\u00f3w<\/em><\/p>\n<\/div>\n\n\n<figure class=\"wp-block-image\"><img fetchpriority=\"high\" decoding=\"async\" width=\"1024\" height=\"719\" src=\"https:\/\/marekkuchcinski.pl\/wp-content\/uploads\/2019\/04\/kzyw-1024x719.jpg\" alt=\"\" class=\"wp-image-14980\" srcset=\"https:\/\/marekkuchcinski.pl\/wp-content\/uploads\/2019\/04\/kzyw-1024x719.jpg 1024w, https:\/\/marekkuchcinski.pl\/wp-content\/uploads\/2019\/04\/kzyw-300x211.jpg 300w, https:\/\/marekkuchcinski.pl\/wp-content\/uploads\/2019\/04\/kzyw-768x539.jpg 768w, https:\/\/marekkuchcinski.pl\/wp-content\/uploads\/2019\/04\/kzyw.jpg 2048w\" sizes=\"(max-width: 1024px) 100vw, 1024px\" \/><\/figure>","protected":false},"excerpt":{"rendered":"<p>Do podkarpackich samorz\u0105d\u00f3w trafi 77 mln z\u0142. Wiceminister spraw wewn\u0119trznych i administracji Jaros\u0142aw Zieli\u0144ski wr\u0119czy\u0142 w Rzeszowie promesy na realizacj\u0119 zada\u0144 z zakresu usuwania skutk\u00f3w kl\u0119sk \u017cywio\u0142owych oraz ruch\u00f3w osuwiskowych ziemi. \u2013 Wojew\u00f3dztwo podkarpackie otrzymuje prawie 77 mln z\u0142 \u2013 z czego 56 mln z\u0142 na odbudow\u0119 dr\u00f3g, przepust\u00f3w, most\u00f3w i ponad 20 mln z\u0142 [&hellip;]<\/p>","protected":false},"author":6,"featured_media":13488,"comment_status":"open","ping_status":"open","sticky":false,"template":"","format":"standard","meta":{"ngg_post_thumbnail":0,"footnotes":""},"categories":[104,49,82,3],"tags":[],"class_list":["post-13483","post","type-post","status-publish","format-standard","has-post-thumbnail","hentry","category-lms","category-podkarpacie","category-prawo-i-sprawiedliwosc","category-wydarzenia"],"yoast_head":"<!-- This site is optimized with the Yoast SEO plugin v24.7 - https:\/\/yoast.com\/wordpress\/plugins\/seo\/ -->\n<title>77 mln z\u0142 na usuwanie skutk\u00f3w kl\u0119sk \u017cywio\u0142owych i osuwisk na Podkarpaciu &#8211; Marek Kuchci\u0144ski<\/title>\n<meta name=\"robots\" content=\"index, follow, max-snippet:-1, max-image-preview:large, max-video-preview:-1\" \/>\n<link rel=\"canonical\" href=\"https:\/\/marekkuchcinski.pl\/ro\/prawo-i-sprawiedliwosc\/77-mln-zl-usuwanie-skutkow-klesk-zywiolowych-osuwisk-podkarpaciu\/\" \/>\n<meta property=\"og:locale\" content=\"ro_RO\" \/>\n<meta property=\"og:type\" content=\"article\" \/>\n<meta property=\"og:title\" content=\"77 mln z\u0142 na usuwanie skutk\u00f3w kl\u0119sk \u017cywio\u0142owych i osuwisk na Podkarpaciu &#8211; Marek Kuchci\u0144ski\" \/>\n<meta property=\"og:description\" content=\"Do podkarpackich samorz\u0105d\u00f3w trafi 77 mln z\u0142. Wiceminister spraw wewn\u0119trznych i administracji Jaros\u0142aw Zieli\u0144ski wr\u0119czy\u0142 w Rzeszowie promesy na realizacj\u0119 zada\u0144 z zakresu usuwania skutk\u00f3w kl\u0119sk \u017cywio\u0142owych oraz ruch\u00f3w osuwiskowych ziemi. \u2013 Wojew\u00f3dztwo podkarpackie otrzymuje prawie 77 mln z\u0142 \u2013 z czego 56 mln z\u0142 na odbudow\u0119 dr\u00f3g, przepust\u00f3w, most\u00f3w i ponad 20 mln z\u0142 [&hellip;]\" \/>\n<meta property=\"og:url\" content=\"https:\/\/marekkuchcinski.pl\/ro\/prawo-i-sprawiedliwosc\/77-mln-zl-usuwanie-skutkow-klesk-zywiolowych-osuwisk-podkarpaciu\/\" \/>\n<meta property=\"og:site_name\" content=\"Marek Kuchci\u0144ski\" \/>\n<meta property=\"article:published_time\" content=\"2019-03-07T12:09:20+00:00\" \/>\n<meta property=\"article:modified_time\" content=\"2019-04-19T12:15:59+00:00\" \/>\n<meta property=\"og:image\" content=\"https:\/\/marekkuchcinski.pl\/wp-content\/uploads\/2019\/03\/kzyw.jpg\" \/>\n\t<meta property=\"og:image:width\" content=\"2048\" \/>\n\t<meta property=\"og:image:height\" content=\"1438\" \/>\n\t<meta property=\"og:image:type\" content=\"image\/jpeg\" \/>\n<meta name=\"author\" content=\"admin\" \/>\n<meta name=\"twitter:card\" content=\"summary_large_image\" \/>\n<meta name=\"twitter:label1\" content=\"Scris de\" \/>\n\t<meta name=\"twitter:data1\" content=\"admin\" \/>\n\t<meta name=\"twitter:label2\" content=\"Timp estimat pentru citire\" \/>\n\t<meta name=\"twitter:data2\" content=\"3 minutes\" \/>\n<script type=\"application\/ld+json\" class=\"yoast-schema-graph\">{\"@context\":\"https:\/\/schema.org\",\"@graph\":[{\"@type\":\"Article\",\"@id\":\"https:\/\/marekkuchcinski.pl\/prawo-i-sprawiedliwosc\/77-mln-zl-usuwanie-skutkow-klesk-zywiolowych-osuwisk-podkarpaciu\/#article\",\"isPartOf\":{\"@id\":\"https:\/\/marekkuchcinski.pl\/prawo-i-sprawiedliwosc\/77-mln-zl-usuwanie-skutkow-klesk-zywiolowych-osuwisk-podkarpaciu\/\"},\"author\":{\"name\":\"admin\",\"@id\":\"https:\/\/marekkuchcinski.pl\/#\/schema\/person\/6f62700996b4d950b6ea2d1183b6c6be\"},\"headline\":\"77 mln z\u0142 na usuwanie skutk\u00f3w kl\u0119sk \u017cywio\u0142owych i osuwisk na Podkarpaciu\",\"datePublished\":\"2019-03-07T12:09:20+00:00\",\"dateModified\":\"2019-04-19T12:15:59+00:00\",\"mainEntityOfPage\":{\"@id\":\"https:\/\/marekkuchcinski.pl\/prawo-i-sprawiedliwosc\/77-mln-zl-usuwanie-skutkow-klesk-zywiolowych-osuwisk-podkarpaciu\/\"},\"wordCount\":566,\"commentCount\":0,\"publisher\":{\"@id\":\"https:\/\/marekkuchcinski.pl\/#organization\"},\"image\":{\"@id\":\"https:\/\/marekkuchcinski.pl\/prawo-i-sprawiedliwosc\/77-mln-zl-usuwanie-skutkow-klesk-zywiolowych-osuwisk-podkarpaciu\/#primaryimage\"},\"thumbnailUrl\":\"https:\/\/marekkuchcinski.pl\/wp-content\/uploads\/2019\/03\/kzyw.jpg\",\"articleSection\":[\"Listy Marsza\u0142ka Sejmu\",\"Podkarpacie\",\"Prawo i Sprawiedliwo\u015b\u0107\",\"Wydarzenia\"],\"inLanguage\":\"ro-RO\",\"potentialAction\":[{\"@type\":\"CommentAction\",\"name\":\"Comment\",\"target\":[\"https:\/\/marekkuchcinski.pl\/prawo-i-sprawiedliwosc\/77-mln-zl-usuwanie-skutkow-klesk-zywiolowych-osuwisk-podkarpaciu\/#respond\"]}]},{\"@type\":\"WebPage\",\"@id\":\"https:\/\/marekkuchcinski.pl\/prawo-i-sprawiedliwosc\/77-mln-zl-usuwanie-skutkow-klesk-zywiolowych-osuwisk-podkarpaciu\/\",\"url\":\"https:\/\/marekkuchcinski.pl\/prawo-i-sprawiedliwosc\/77-mln-zl-usuwanie-skutkow-klesk-zywiolowych-osuwisk-podkarpaciu\/\",\"name\":\"77 mln z\u0142 na usuwanie skutk\u00f3w kl\u0119sk \u017cywio\u0142owych i osuwisk na Podkarpaciu &#8211; Marek Kuchci\u0144ski\",\"isPartOf\":{\"@id\":\"https:\/\/marekkuchcinski.pl\/#website\"},\"primaryImageOfPage\":{\"@id\":\"https:\/\/marekkuchcinski.pl\/prawo-i-sprawiedliwosc\/77-mln-zl-usuwanie-skutkow-klesk-zywiolowych-osuwisk-podkarpaciu\/#primaryimage\"},\"image\":{\"@id\":\"https:\/\/marekkuchcinski.pl\/prawo-i-sprawiedliwosc\/77-mln-zl-usuwanie-skutkow-klesk-zywiolowych-osuwisk-podkarpaciu\/#primaryimage\"},\"thumbnailUrl\":\"https:\/\/marekkuchcinski.pl\/wp-content\/uploads\/2019\/03\/kzyw.jpg\",\"datePublished\":\"2019-03-07T12:09:20+00:00\",\"dateModified\":\"2019-04-19T12:15:59+00:00\",\"breadcrumb\":{\"@id\":\"https:\/\/marekkuchcinski.pl\/prawo-i-sprawiedliwosc\/77-mln-zl-usuwanie-skutkow-klesk-zywiolowych-osuwisk-podkarpaciu\/#breadcrumb\"},\"inLanguage\":\"ro-RO\",\"potentialAction\":[{\"@type\":\"ReadAction\",\"target\":[\"https:\/\/marekkuchcinski.pl\/prawo-i-sprawiedliwosc\/77-mln-zl-usuwanie-skutkow-klesk-zywiolowych-osuwisk-podkarpaciu\/\"]}]},{\"@type\":\"ImageObject\",\"inLanguage\":\"ro-RO\",\"@id\":\"https:\/\/marekkuchcinski.pl\/prawo-i-sprawiedliwosc\/77-mln-zl-usuwanie-skutkow-klesk-zywiolowych-osuwisk-podkarpaciu\/#primaryimage\",\"url\":\"https:\/\/marekkuchcinski.pl\/wp-content\/uploads\/2019\/03\/kzyw.jpg\",\"contentUrl\":\"https:\/\/marekkuchcinski.pl\/wp-content\/uploads\/2019\/03\/kzyw.jpg\",\"width\":2048,\"height\":1438},{\"@type\":\"BreadcrumbList\",\"@id\":\"https:\/\/marekkuchcinski.pl\/prawo-i-sprawiedliwosc\/77-mln-zl-usuwanie-skutkow-klesk-zywiolowych-osuwisk-podkarpaciu\/#breadcrumb\",\"itemListElement\":[{\"@type\":\"ListItem\",\"position\":1,\"name\":\"Strona g\u0142\u00f3wna\",\"item\":\"https:\/\/marekkuchcinski.pl\/\"},{\"@type\":\"ListItem\",\"position\":2,\"name\":\"77 mln z\u0142 na usuwanie skutk\u00f3w kl\u0119sk \u017cywio\u0142owych i osuwisk na Podkarpaciu\"}]},{\"@type\":\"WebSite\",\"@id\":\"https:\/\/marekkuchcinski.pl\/#website\",\"url\":\"https:\/\/marekkuchcinski.pl\/\",\"name\":\"Marek Kuchci\u0144ski\",\"description\":\"Pose\u0142 na sejm RP &ndash; okr\u0119g nr 22\",\"publisher\":{\"@id\":\"https:\/\/marekkuchcinski.pl\/#organization\"},\"potentialAction\":[{\"@type\":\"SearchAction\",\"target\":{\"@type\":\"EntryPoint\",\"urlTemplate\":\"https:\/\/marekkuchcinski.pl\/?s={search_term_string}\"},\"query-input\":{\"@type\":\"PropertyValueSpecification\",\"valueRequired\":true,\"valueName\":\"search_term_string\"}}],\"inLanguage\":\"ro-RO\"},{\"@type\":\"Organization\",\"@id\":\"https:\/\/marekkuchcinski.pl\/#organization\",\"name\":\"Marek Kuchci\u0144ski\",\"url\":\"https:\/\/marekkuchcinski.pl\/\",\"logo\":{\"@type\":\"ImageObject\",\"inLanguage\":\"ro-RO\",\"@id\":\"https:\/\/marekkuchcinski.pl\/#\/schema\/logo\/image\/\",\"url\":\"https:\/\/marekkuchcinski.pl\/wp-content\/uploads\/2022\/09\/Marek.jpg\",\"contentUrl\":\"https:\/\/marekkuchcinski.pl\/wp-content\/uploads\/2022\/09\/Marek.jpg\",\"width\":1600,\"height\":971,\"caption\":\"Marek Kuchci\u0144ski\"},\"image\":{\"@id\":\"https:\/\/marekkuchcinski.pl\/#\/schema\/logo\/image\/\"}},{\"@type\":\"Person\",\"@id\":\"https:\/\/marekkuchcinski.pl\/#\/schema\/person\/6f62700996b4d950b6ea2d1183b6c6be\",\"name\":\"admin\",\"image\":{\"@type\":\"ImageObject\",\"inLanguage\":\"ro-RO\",\"@id\":\"https:\/\/marekkuchcinski.pl\/#\/schema\/person\/image\/\",\"url\":\"https:\/\/secure.gravatar.com\/avatar\/4bab693b9d55c3d6b52c0296a8765085?s=96&d=mm&r=g\",\"contentUrl\":\"https:\/\/secure.gravatar.com\/avatar\/4bab693b9d55c3d6b52c0296a8765085?s=96&d=mm&r=g\",\"caption\":\"admin\"},\"url\":\"https:\/\/marekkuchcinski.pl\/ro\/author\/marta-olejnik\/\"}]}<\/script>\n<!-- \/ Yoast SEO plugin. -->","yoast_head_json":{"title":"77 mln z\u0142 na usuwanie skutk\u00f3w kl\u0119sk \u017cywio\u0142owych i osuwisk na Podkarpaciu &#8211; Marek Kuchci\u0144ski","robots":{"index":"index","follow":"follow","max-snippet":"max-snippet:-1","max-image-preview":"max-image-preview:large","max-video-preview":"max-video-preview:-1"},"canonical":"https:\/\/marekkuchcinski.pl\/ro\/prawo-i-sprawiedliwosc\/77-mln-zl-usuwanie-skutkow-klesk-zywiolowych-osuwisk-podkarpaciu\/","og_locale":"ro_RO","og_type":"article","og_title":"77 mln z\u0142 na usuwanie skutk\u00f3w kl\u0119sk \u017cywio\u0142owych i osuwisk na Podkarpaciu &#8211; Marek Kuchci\u0144ski","og_description":"Do podkarpackich samorz\u0105d\u00f3w trafi 77 mln z\u0142. Wiceminister spraw wewn\u0119trznych i administracji Jaros\u0142aw Zieli\u0144ski wr\u0119czy\u0142 w Rzeszowie promesy na realizacj\u0119 zada\u0144 z zakresu usuwania skutk\u00f3w kl\u0119sk \u017cywio\u0142owych oraz ruch\u00f3w osuwiskowych ziemi. \u2013 Wojew\u00f3dztwo podkarpackie otrzymuje prawie 77 mln z\u0142 \u2013 z czego 56 mln z\u0142 na odbudow\u0119 dr\u00f3g, przepust\u00f3w, most\u00f3w i ponad 20 mln z\u0142 [&hellip;]","og_url":"https:\/\/marekkuchcinski.pl\/ro\/prawo-i-sprawiedliwosc\/77-mln-zl-usuwanie-skutkow-klesk-zywiolowych-osuwisk-podkarpaciu\/","og_site_name":"Marek Kuchci\u0144ski","article_published_time":"2019-03-07T12:09:20+00:00","article_modified_time":"2019-04-19T12:15:59+00:00","og_image":[{"width":2048,"height":1438,"url":"https:\/\/marekkuchcinski.pl\/wp-content\/uploads\/2019\/03\/kzyw.jpg","type":"image\/jpeg"}],"author":"admin","twitter_card":"summary_large_image","twitter_misc":{"Scris de":"admin","Timp estimat pentru citire":"3 minutes"},"schema":{"@context":"https:\/\/schema.org","@graph":[{"@type":"Article","@id":"https:\/\/marekkuchcinski.pl\/prawo-i-sprawiedliwosc\/77-mln-zl-usuwanie-skutkow-klesk-zywiolowych-osuwisk-podkarpaciu\/#article","isPartOf":{"@id":"https:\/\/marekkuchcinski.pl\/prawo-i-sprawiedliwosc\/77-mln-zl-usuwanie-skutkow-klesk-zywiolowych-osuwisk-podkarpaciu\/"},"author":{"name":"admin","@id":"https:\/\/marekkuchcinski.pl\/#\/schema\/person\/6f62700996b4d950b6ea2d1183b6c6be"},"headline":"77 mln z\u0142 na usuwanie skutk\u00f3w kl\u0119sk \u017cywio\u0142owych i osuwisk na Podkarpaciu","datePublished":"2019-03-07T12:09:20+00:00","dateModified":"2019-04-19T12:15:59+00:00","mainEntityOfPage":{"@id":"https:\/\/marekkuchcinski.pl\/prawo-i-sprawiedliwosc\/77-mln-zl-usuwanie-skutkow-klesk-zywiolowych-osuwisk-podkarpaciu\/"},"wordCount":566,"commentCount":0,"publisher":{"@id":"https:\/\/marekkuchcinski.pl\/#organization"},"image":{"@id":"https:\/\/marekkuchcinski.pl\/prawo-i-sprawiedliwosc\/77-mln-zl-usuwanie-skutkow-klesk-zywiolowych-osuwisk-podkarpaciu\/#primaryimage"},"thumbnailUrl":"https:\/\/marekkuchcinski.pl\/wp-content\/uploads\/2019\/03\/kzyw.jpg","articleSection":["Listy Marsza\u0142ka Sejmu","Podkarpacie","Prawo i Sprawiedliwo\u015b\u0107","Wydarzenia"],"inLanguage":"ro-RO","potentialAction":[{"@type":"CommentAction","name":"Comment","target":["https:\/\/marekkuchcinski.pl\/prawo-i-sprawiedliwosc\/77-mln-zl-usuwanie-skutkow-klesk-zywiolowych-osuwisk-podkarpaciu\/#respond"]}]},{"@type":"WebPage","@id":"https:\/\/marekkuchcinski.pl\/prawo-i-sprawiedliwosc\/77-mln-zl-usuwanie-skutkow-klesk-zywiolowych-osuwisk-podkarpaciu\/","url":"https:\/\/marekkuchcinski.pl\/prawo-i-sprawiedliwosc\/77-mln-zl-usuwanie-skutkow-klesk-zywiolowych-osuwisk-podkarpaciu\/","name":"77 mln z\u0142 na usuwanie skutk\u00f3w kl\u0119sk \u017cywio\u0142owych i osuwisk na Podkarpaciu &#8211; Marek Kuchci\u0144ski","isPartOf":{"@id":"https:\/\/marekkuchcinski.pl\/#website"},"primaryImageOfPage":{"@id":"https:\/\/marekkuchcinski.pl\/prawo-i-sprawiedliwosc\/77-mln-zl-usuwanie-skutkow-klesk-zywiolowych-osuwisk-podkarpaciu\/#primaryimage"},"image":{"@id":"https:\/\/marekkuchcinski.pl\/prawo-i-sprawiedliwosc\/77-mln-zl-usuwanie-skutkow-klesk-zywiolowych-osuwisk-podkarpaciu\/#primaryimage"},"thumbnailUrl":"https:\/\/marekkuchcinski.pl\/wp-content\/uploads\/2019\/03\/kzyw.jpg","datePublished":"2019-03-07T12:09:20+00:00","dateModified":"2019-04-19T12:15:59+00:00","breadcrumb":{"@id":"https:\/\/marekkuchcinski.pl\/prawo-i-sprawiedliwosc\/77-mln-zl-usuwanie-skutkow-klesk-zywiolowych-osuwisk-podkarpaciu\/#breadcrumb"},"inLanguage":"ro-RO","potentialAction":[{"@type":"ReadAction","target":["https:\/\/marekkuchcinski.pl\/prawo-i-sprawiedliwosc\/77-mln-zl-usuwanie-skutkow-klesk-zywiolowych-osuwisk-podkarpaciu\/"]}]},{"@type":"ImageObject","inLanguage":"ro-RO","@id":"https:\/\/marekkuchcinski.pl\/prawo-i-sprawiedliwosc\/77-mln-zl-usuwanie-skutkow-klesk-zywiolowych-osuwisk-podkarpaciu\/#primaryimage","url":"https:\/\/marekkuchcinski.pl\/wp-content\/uploads\/2019\/03\/kzyw.jpg","contentUrl":"https:\/\/marekkuchcinski.pl\/wp-content\/uploads\/2019\/03\/kzyw.jpg","width":2048,"height":1438},{"@type":"BreadcrumbList","@id":"https:\/\/marekkuchcinski.pl\/prawo-i-sprawiedliwosc\/77-mln-zl-usuwanie-skutkow-klesk-zywiolowych-osuwisk-podkarpaciu\/#breadcrumb","itemListElement":[{"@type":"ListItem","position":1,"name":"Strona g\u0142\u00f3wna","item":"https:\/\/marekkuchcinski.pl\/"},{"@type":"ListItem","position":2,"name":"77 mln z\u0142 na usuwanie skutk\u00f3w kl\u0119sk \u017cywio\u0142owych i osuwisk na Podkarpaciu"}]},{"@type":"WebSite","@id":"https:\/\/marekkuchcinski.pl\/#website","url":"https:\/\/marekkuchcinski.pl\/","name":"Marek Kuchci\u0144ski","description":"Pose\u0142 na sejm RP &ndash; okr\u0119g nr 22","publisher":{"@id":"https:\/\/marekkuchcinski.pl\/#organization"},"potentialAction":[{"@type":"SearchAction","target":{"@type":"EntryPoint","urlTemplate":"https:\/\/marekkuchcinski.pl\/?s={search_term_string}"},"query-input":{"@type":"PropertyValueSpecification","valueRequired":true,"valueName":"search_term_string"}}],"inLanguage":"ro-RO"},{"@type":"Organization","@id":"https:\/\/marekkuchcinski.pl\/#organization","name":"Marek Kuchci\u0144ski","url":"https:\/\/marekkuchcinski.pl\/","logo":{"@type":"ImageObject","inLanguage":"ro-RO","@id":"https:\/\/marekkuchcinski.pl\/#\/schema\/logo\/image\/","url":"https:\/\/marekkuchcinski.pl\/wp-content\/uploads\/2022\/09\/Marek.jpg","contentUrl":"https:\/\/marekkuchcinski.pl\/wp-content\/uploads\/2022\/09\/Marek.jpg","width":1600,"height":971,"caption":"Marek Kuchci\u0144ski"},"image":{"@id":"https:\/\/marekkuchcinski.pl\/#\/schema\/logo\/image\/"}},{"@type":"Person","@id":"https:\/\/marekkuchcinski.pl\/#\/schema\/person\/6f62700996b4d950b6ea2d1183b6c6be","name":"admin","image":{"@type":"ImageObject","inLanguage":"ro-RO","@id":"https:\/\/marekkuchcinski.pl\/#\/schema\/person\/image\/","url":"https:\/\/secure.gravatar.com\/avatar\/4bab693b9d55c3d6b52c0296a8765085?s=96&d=mm&r=g","contentUrl":"https:\/\/secure.gravatar.com\/avatar\/4bab693b9d55c3d6b52c0296a8765085?s=96&d=mm&r=g","caption":"admin"},"url":"https:\/\/marekkuchcinski.pl\/ro\/author\/marta-olejnik\/"}]}},"_links":{"self":[{"href":"https:\/\/marekkuchcinski.pl\/ro\/wp-json\/wp\/v2\/posts\/13483","targetHints":{"allow":["GET"]}}],"collection":[{"href":"https:\/\/marekkuchcinski.pl\/ro\/wp-json\/wp\/v2\/posts"}],"about":[{"href":"https:\/\/marekkuchcinski.pl\/ro\/wp-json\/wp\/v2\/types\/post"}],"author":[{"embeddable":true,"href":"https:\/\/marekkuchcinski.pl\/ro\/wp-json\/wp\/v2\/users\/6"}],"replies":[{"embeddable":true,"href":"https:\/\/marekkuchcinski.pl\/ro\/wp-json\/wp\/v2\/comments?post=13483"}],"version-history":[{"count":4,"href":"https:\/\/marekkuchcinski.pl\/ro\/wp-json\/wp\/v2\/posts\/13483\/revisions"}],"predecessor-version":[{"id":14981,"href":"https:\/\/marekkuchcinski.pl\/ro\/wp-json\/wp\/v2\/posts\/13483\/revisions\/14981"}],"wp:featuredmedia":[{"embeddable":true,"href":"https:\/\/marekkuchcinski.pl\/ro\/wp-json\/wp\/v2\/media\/13488"}],"wp:attachment":[{"href":"https:\/\/marekkuchcinski.pl\/ro\/wp-json\/wp\/v2\/media?parent=13483"}],"wp:term":[{"taxonomy":"category","embeddable":true,"href":"https:\/\/marekkuchcinski.pl\/ro\/wp-json\/wp\/v2\/categories?post=13483"},{"taxonomy":"post_tag","embeddable":true,"href":"https:\/\/marekkuchcinski.pl\/ro\/wp-json\/wp\/v2\/tags?post=13483"}],"curies":[{"name":"wp","href":"https:\/\/api.w.org\/{rel}","templated":true}]}}