{"id":13479,"date":"2019-03-03T14:03:53","date_gmt":"2019-03-03T13:03:53","guid":{"rendered":"https:\/\/marekkuchcinski.pl\/?p=13479"},"modified":"2019-03-03T14:03:53","modified_gmt":"2019-03-03T13:03:53","slug":"uroczystosc-odsloniecia-tablicy-pamiatkowej-poswieconej-mlodziezowym-organizacjom-antykomunistycznym","status":"publish","type":"post","link":"https:\/\/marekkuchcinski.pl\/ro\/bez-kategorii\/lms\/uroczystosc-odsloniecia-tablicy-pamiatkowej-poswieconej-mlodziezowym-organizacjom-antykomunistycznym\/","title":{"rendered":"Ceremonie de dezvelire a unei pl\u0103ci dedicate organiza\u021biilor de tineret anticomuniste"},"content":{"rendered":"<p><em>\u00a0<\/em><em>Dr. Jaros\u0142aw Szarek <\/em><\/p>\n<p><em>Pre\u0219edinte <\/em><em>Institutul Memoriei Na\u021bionale<\/em><\/p>\n<p><em>Comisia pentru urm\u0103rirea penal\u0103 a crimelor \u00eempotriva na\u021biunii poloneze <\/em><\/p>\n<p><em>\u00a0<\/em><em>\u00a0\u00a0\u00a0\u00a0\u00a0\u00a0\u00a0\u00a0\u00a0\u00a0\u00a0 <\/em><\/p>\n<p><em>Stimate domnule pre\u0219edinte, <\/em><\/p>\n<p>&nbsp;<\/p>\n<p><em>\u00cen semn de mul\u021bumire pentru invita\u021bia la ceremonia de dezvelire a pl\u0103cii comemorative dedicate organiza\u021biilor de tineret anticomuniste, a\u0219 dori s\u0103-mi exprim recuno\u0219tin\u021ba fa\u021b\u0103 de organizatori pentru cultivarea tradi\u021biei patriotice \u0219i transmiterea ei mai departe c\u0103tre genera\u021biile tinere. <\/em><\/p>\n<p><em>Celebr\u0103rile de anul trecut cu ocazia centenarului independen\u021bei au eviden\u021biat continuitatea istoric\u0103 \u00eentr-un mod special, ar\u0103t\u00e2nd c\u0103 Polonia suveran\u0103 \u0219i democratic\u0103 nu se datoreaz\u0103 unei singure genera\u021bii, ci eforturilor mai multor genera\u021bii. Organiza\u021biile de tineret anticomuniste au jucat un rol important \u00een mar\u0219ul spre libertate. Din p\u0103cate, acesta este \u00eenc\u0103 un aspect pu\u021bin cunoscut al celei de-a doua conspira\u021bii. Tinerii crescu\u021bi \u00een spiritul independen\u021bei \u0219i al valorilor cre\u0219tine nu au cedat \u00eendoctrin\u0103rii, nu au fost de acord s\u0103 tr\u0103iasc\u0103 sub sistemul de regim. Ei au pl\u0103tit un pre\u021b mare pentru aceast\u0103 rebeliune. Sf\u00e2r\u0219itul anilor '40 \u0219i \u00eenceputul anilor '50 au fost o perioad\u0103 de teroare s\u00e2ngeroas\u0103 \u00eempotriva tinerilor anticomuni\u0219ti. <\/em><\/p>\n<p><em>Ceremoniile de la Mielec sunt un omagiu adus celor care au r\u0103mas fideli idealurilor lor, \u00een timp ce o<\/em><em>Placa este o m\u0103rturie vizibil\u0103 a restaur\u0103rii \u0219i disemin\u0103rii memoriei lor. <\/em><\/p>\n<p><em>\u00cenc\u0103 o dat\u0103, v\u0103 mul\u021bumesc pentru activitatea educa\u021bional\u0103. <\/em><\/p>\n<p><em>\u00a0<\/em><em>\u00a0<\/em><\/p>\n<p><em>\u00a0\u00a0\u00a0\u00a0\u00a0\u00a0\u00a0\u00a0\u00a0\u00a0\u00a0\u00a0\u00a0\u00a0\u00a0\u00a0\u00a0\u00a0\u00a0\u00a0\u00a0\u00a0\u00a0\u00a0\u00a0\u00a0\u00a0\u00a0\u00a0\u00a0\u00a0\u00a0\u00a0\u00a0\u00a0\u00a0\u00a0\u00a0\u00a0\u00a0\u00a0\u00a0\u00a0\u00a0\u00a0\u00a0\u00a0\u00a0\u00a0\u00a0\u00a0\u00a0\u00a0\u00a0\u00a0\u00a0\u00a0\u00a0\u00a0\u00a0\u00a0\u00a0\u00a0\u00a0\u00a0\u00a0\u00a0\u00a0\u00a0\u00a0\u00a0\u00a0\u00a0\u00a0\u00a0\u00a0\u00a0\u00a0\u00a0\u00a0\u00a0\u00a0 \u00a0 Cu deosebit\u0103 considera\u021bie \u00a0\u00a0\u00a0\u00a0\u00a0\u00a0\u00a0\u00a0\u00a0 <\/em><em>\u00a0<\/em><\/p>\n<p><em>\u00a0<\/em><\/p>\n<p><em>\u00a0\u00a0\u00a0\u00a0\u00a0\u00a0\u00a0\u00a0\u00a0\u00a0\u00a0\u00a0\u00a0\u00a0\u00a0\u00a0\u00a0\u00a0\u00a0\u00a0\u00a0\u00a0\u00a0\u00a0\u00a0\u00a0\u00a0\u00a0\u00a0\u00a0\u00a0\u00a0\u00a0\u00a0\u00a0\u00a0\u00a0\u00a0\u00a0\u00a0\u00a0\u00a0\u00a0\u00a0\u00a0\u00a0\u00a0\u00a0\u00a0\u00a0\u00a0\u00a0\u00a0\u00a0\u00a0\u00a0\u00a0\u00a0\u00a0\u00a0\u00a0\u00a0\u00a0\u00a0\u00a0\u00a0\u00a0\u00a0\u00a0\u00a0\u00a0\u00a0\u00a0\u00a0\u00a0\u00a0\u00a0\u00a0\u00a0\u00a0\u00a0\u00a0 \u00a0\u00a0\u00a0\u00a0 Marek Kuchci\u0144ski <\/em><\/p>","protected":false},"excerpt":{"rendered":"<p>\u00a0Pan dr Jaros\u0142aw Szarek Prezes Instytutu Pami\u0119ci Narodowej Komisji \u015acigania Zbrodni przeciwko Narodowi Polskiemu \u00a0\u00a0\u00a0\u00a0\u00a0\u00a0\u00a0\u00a0\u00a0\u00a0\u00a0\u00a0 Szanowny Panie Prezesie, &nbsp; wraz ze s\u0142owami podzi\u0119kowania za zaproszenie na uroczysto\u015b\u0107 ods\u0142oni\u0119cia tablicy pami\u0105tkowej po\u015bwi\u0119conej m\u0142odzie\u017cowym organizacjom antykomunistycznym pragn\u0119 przekaza\u0107 organizatorom wyrazy wdzi\u0119czno\u015bci za kultywowanie patriotycznej tradycji i przekazywanie jej m\u0142odszym generacjom. Ubieg\u0142oroczne obchody stulecia niepodleg\u0142o\u015bci w szczeg\u00f3lny spos\u00f3b [&hellip;]<\/p>","protected":false},"author":6,"featured_media":0,"comment_status":"open","ping_status":"open","sticky":false,"template":"","format":"standard","meta":{"ngg_post_thumbnail":0,"footnotes":""},"categories":[104],"tags":[],"class_list":["post-13479","post","type-post","status-publish","format-standard","hentry","category-lms"],"yoast_head":"<!-- This site is optimized with the Yoast SEO plugin v24.7 - https:\/\/yoast.com\/wordpress\/plugins\/seo\/ -->\n<title>Uroczysto\u015b\u0107 ods\u0142oni\u0119cia tablicy pami\u0105tkowej po\u015bwi\u0119conej m\u0142odzie\u017cowym organizacjom antykomunistycznym &#8211; Marek Kuchci\u0144ski<\/title>\n<meta name=\"robots\" content=\"index, follow, max-snippet:-1, max-image-preview:large, max-video-preview:-1\" \/>\n<link rel=\"canonical\" href=\"https:\/\/marekkuchcinski.pl\/ro\/bez-kategorii\/lms\/uroczystosc-odsloniecia-tablicy-pamiatkowej-poswieconej-mlodziezowym-organizacjom-antykomunistycznym\/\" \/>\n<meta property=\"og:locale\" content=\"ro_RO\" \/>\n<meta property=\"og:type\" content=\"article\" \/>\n<meta property=\"og:title\" content=\"Uroczysto\u015b\u0107 ods\u0142oni\u0119cia tablicy pami\u0105tkowej po\u015bwi\u0119conej m\u0142odzie\u017cowym organizacjom antykomunistycznym &#8211; Marek Kuchci\u0144ski\" \/>\n<meta property=\"og:description\" content=\"\u00a0Pan dr Jaros\u0142aw Szarek Prezes Instytutu Pami\u0119ci Narodowej Komisji \u015acigania Zbrodni przeciwko Narodowi Polskiemu \u00a0\u00a0\u00a0\u00a0\u00a0\u00a0\u00a0\u00a0\u00a0\u00a0\u00a0\u00a0 Szanowny Panie Prezesie, &nbsp; wraz ze s\u0142owami podzi\u0119kowania za zaproszenie na uroczysto\u015b\u0107 ods\u0142oni\u0119cia tablicy pami\u0105tkowej po\u015bwi\u0119conej m\u0142odzie\u017cowym organizacjom antykomunistycznym pragn\u0119 przekaza\u0107 organizatorom wyrazy wdzi\u0119czno\u015bci za kultywowanie patriotycznej tradycji i przekazywanie jej m\u0142odszym generacjom. Ubieg\u0142oroczne obchody stulecia niepodleg\u0142o\u015bci w szczeg\u00f3lny spos\u00f3b [&hellip;]\" \/>\n<meta property=\"og:url\" content=\"https:\/\/marekkuchcinski.pl\/ro\/bez-kategorii\/lms\/uroczystosc-odsloniecia-tablicy-pamiatkowej-poswieconej-mlodziezowym-organizacjom-antykomunistycznym\/\" \/>\n<meta property=\"og:site_name\" content=\"Marek Kuchci\u0144ski\" \/>\n<meta property=\"article:published_time\" content=\"2019-03-03T13:03:53+00:00\" \/>\n<meta property=\"og:image\" content=\"https:\/\/marekkuchcinski.pl\/wp-content\/uploads\/2022\/09\/Marek.jpg\" \/>\n\t<meta property=\"og:image:width\" content=\"1600\" \/>\n\t<meta property=\"og:image:height\" content=\"971\" \/>\n\t<meta property=\"og:image:type\" content=\"image\/jpeg\" \/>\n<meta name=\"author\" content=\"admin\" \/>\n<meta name=\"twitter:card\" content=\"summary_large_image\" \/>\n<meta name=\"twitter:label1\" content=\"Scris de\" \/>\n\t<meta name=\"twitter:data1\" content=\"admin\" \/>\n\t<meta name=\"twitter:label2\" content=\"Timp estimat pentru citire\" \/>\n\t<meta name=\"twitter:data2\" content=\"1 minute\" \/>\n<script type=\"application\/ld+json\" class=\"yoast-schema-graph\">{\"@context\":\"https:\/\/schema.org\",\"@graph\":[{\"@type\":\"Article\",\"@id\":\"https:\/\/marekkuchcinski.pl\/bez-kategorii\/lms\/uroczystosc-odsloniecia-tablicy-pamiatkowej-poswieconej-mlodziezowym-organizacjom-antykomunistycznym\/#article\",\"isPartOf\":{\"@id\":\"https:\/\/marekkuchcinski.pl\/bez-kategorii\/lms\/uroczystosc-odsloniecia-tablicy-pamiatkowej-poswieconej-mlodziezowym-organizacjom-antykomunistycznym\/\"},\"author\":{\"name\":\"admin\",\"@id\":\"https:\/\/marekkuchcinski.pl\/#\/schema\/person\/6f62700996b4d950b6ea2d1183b6c6be\"},\"headline\":\"Uroczysto\u015b\u0107 ods\u0142oni\u0119cia tablicy pami\u0105tkowej po\u015bwi\u0119conej m\u0142odzie\u017cowym organizacjom antykomunistycznym\",\"datePublished\":\"2019-03-03T13:03:53+00:00\",\"mainEntityOfPage\":{\"@id\":\"https:\/\/marekkuchcinski.pl\/bez-kategorii\/lms\/uroczystosc-odsloniecia-tablicy-pamiatkowej-poswieconej-mlodziezowym-organizacjom-antykomunistycznym\/\"},\"wordCount\":235,\"commentCount\":0,\"publisher\":{\"@id\":\"https:\/\/marekkuchcinski.pl\/#organization\"},\"articleSection\":[\"Listy Marsza\u0142ka Sejmu\"],\"inLanguage\":\"ro-RO\",\"potentialAction\":[{\"@type\":\"CommentAction\",\"name\":\"Comment\",\"target\":[\"https:\/\/marekkuchcinski.pl\/bez-kategorii\/lms\/uroczystosc-odsloniecia-tablicy-pamiatkowej-poswieconej-mlodziezowym-organizacjom-antykomunistycznym\/#respond\"]}]},{\"@type\":\"WebPage\",\"@id\":\"https:\/\/marekkuchcinski.pl\/bez-kategorii\/lms\/uroczystosc-odsloniecia-tablicy-pamiatkowej-poswieconej-mlodziezowym-organizacjom-antykomunistycznym\/\",\"url\":\"https:\/\/marekkuchcinski.pl\/bez-kategorii\/lms\/uroczystosc-odsloniecia-tablicy-pamiatkowej-poswieconej-mlodziezowym-organizacjom-antykomunistycznym\/\",\"name\":\"Uroczysto\u015b\u0107 ods\u0142oni\u0119cia tablicy pami\u0105tkowej po\u015bwi\u0119conej m\u0142odzie\u017cowym organizacjom antykomunistycznym &#8211; Marek Kuchci\u0144ski\",\"isPartOf\":{\"@id\":\"https:\/\/marekkuchcinski.pl\/#website\"},\"datePublished\":\"2019-03-03T13:03:53+00:00\",\"breadcrumb\":{\"@id\":\"https:\/\/marekkuchcinski.pl\/bez-kategorii\/lms\/uroczystosc-odsloniecia-tablicy-pamiatkowej-poswieconej-mlodziezowym-organizacjom-antykomunistycznym\/#breadcrumb\"},\"inLanguage\":\"ro-RO\",\"potentialAction\":[{\"@type\":\"ReadAction\",\"target\":[\"https:\/\/marekkuchcinski.pl\/bez-kategorii\/lms\/uroczystosc-odsloniecia-tablicy-pamiatkowej-poswieconej-mlodziezowym-organizacjom-antykomunistycznym\/\"]}]},{\"@type\":\"BreadcrumbList\",\"@id\":\"https:\/\/marekkuchcinski.pl\/bez-kategorii\/lms\/uroczystosc-odsloniecia-tablicy-pamiatkowej-poswieconej-mlodziezowym-organizacjom-antykomunistycznym\/#breadcrumb\",\"itemListElement\":[{\"@type\":\"ListItem\",\"position\":1,\"name\":\"Strona g\u0142\u00f3wna\",\"item\":\"https:\/\/marekkuchcinski.pl\/\"},{\"@type\":\"ListItem\",\"position\":2,\"name\":\"Uroczysto\u015b\u0107 ods\u0142oni\u0119cia tablicy pami\u0105tkowej po\u015bwi\u0119conej m\u0142odzie\u017cowym organizacjom antykomunistycznym\"}]},{\"@type\":\"WebSite\",\"@id\":\"https:\/\/marekkuchcinski.pl\/#website\",\"url\":\"https:\/\/marekkuchcinski.pl\/\",\"name\":\"Marek Kuchci\u0144ski\",\"description\":\"Pose\u0142 na sejm RP &ndash; okr\u0119g nr 22\",\"publisher\":{\"@id\":\"https:\/\/marekkuchcinski.pl\/#organization\"},\"potentialAction\":[{\"@type\":\"SearchAction\",\"target\":{\"@type\":\"EntryPoint\",\"urlTemplate\":\"https:\/\/marekkuchcinski.pl\/?s={search_term_string}\"},\"query-input\":{\"@type\":\"PropertyValueSpecification\",\"valueRequired\":true,\"valueName\":\"search_term_string\"}}],\"inLanguage\":\"ro-RO\"},{\"@type\":\"Organization\",\"@id\":\"https:\/\/marekkuchcinski.pl\/#organization\",\"name\":\"Marek Kuchci\u0144ski\",\"url\":\"https:\/\/marekkuchcinski.pl\/\",\"logo\":{\"@type\":\"ImageObject\",\"inLanguage\":\"ro-RO\",\"@id\":\"https:\/\/marekkuchcinski.pl\/#\/schema\/logo\/image\/\",\"url\":\"https:\/\/marekkuchcinski.pl\/wp-content\/uploads\/2022\/09\/Marek.jpg\",\"contentUrl\":\"https:\/\/marekkuchcinski.pl\/wp-content\/uploads\/2022\/09\/Marek.jpg\",\"width\":1600,\"height\":971,\"caption\":\"Marek Kuchci\u0144ski\"},\"image\":{\"@id\":\"https:\/\/marekkuchcinski.pl\/#\/schema\/logo\/image\/\"}},{\"@type\":\"Person\",\"@id\":\"https:\/\/marekkuchcinski.pl\/#\/schema\/person\/6f62700996b4d950b6ea2d1183b6c6be\",\"name\":\"admin\",\"image\":{\"@type\":\"ImageObject\",\"inLanguage\":\"ro-RO\",\"@id\":\"https:\/\/marekkuchcinski.pl\/#\/schema\/person\/image\/\",\"url\":\"https:\/\/secure.gravatar.com\/avatar\/4bab693b9d55c3d6b52c0296a8765085?s=96&d=mm&r=g\",\"contentUrl\":\"https:\/\/secure.gravatar.com\/avatar\/4bab693b9d55c3d6b52c0296a8765085?s=96&d=mm&r=g\",\"caption\":\"admin\"},\"url\":\"https:\/\/marekkuchcinski.pl\/ro\/author\/marta-olejnik\/\"}]}<\/script>\n<!-- \/ Yoast SEO plugin. -->","yoast_head_json":{"title":"Uroczysto\u015b\u0107 ods\u0142oni\u0119cia tablicy pami\u0105tkowej po\u015bwi\u0119conej m\u0142odzie\u017cowym organizacjom antykomunistycznym &#8211; Marek Kuchci\u0144ski","robots":{"index":"index","follow":"follow","max-snippet":"max-snippet:-1","max-image-preview":"max-image-preview:large","max-video-preview":"max-video-preview:-1"},"canonical":"https:\/\/marekkuchcinski.pl\/ro\/bez-kategorii\/lms\/uroczystosc-odsloniecia-tablicy-pamiatkowej-poswieconej-mlodziezowym-organizacjom-antykomunistycznym\/","og_locale":"ro_RO","og_type":"article","og_title":"Uroczysto\u015b\u0107 ods\u0142oni\u0119cia tablicy pami\u0105tkowej po\u015bwi\u0119conej m\u0142odzie\u017cowym organizacjom antykomunistycznym &#8211; Marek Kuchci\u0144ski","og_description":"\u00a0Pan dr Jaros\u0142aw Szarek Prezes Instytutu Pami\u0119ci Narodowej Komisji \u015acigania Zbrodni przeciwko Narodowi Polskiemu \u00a0\u00a0\u00a0\u00a0\u00a0\u00a0\u00a0\u00a0\u00a0\u00a0\u00a0\u00a0 Szanowny Panie Prezesie, &nbsp; wraz ze s\u0142owami podzi\u0119kowania za zaproszenie na uroczysto\u015b\u0107 ods\u0142oni\u0119cia tablicy pami\u0105tkowej po\u015bwi\u0119conej m\u0142odzie\u017cowym organizacjom antykomunistycznym pragn\u0119 przekaza\u0107 organizatorom wyrazy wdzi\u0119czno\u015bci za kultywowanie patriotycznej tradycji i przekazywanie jej m\u0142odszym generacjom. Ubieg\u0142oroczne obchody stulecia niepodleg\u0142o\u015bci w szczeg\u00f3lny spos\u00f3b [&hellip;]","og_url":"https:\/\/marekkuchcinski.pl\/ro\/bez-kategorii\/lms\/uroczystosc-odsloniecia-tablicy-pamiatkowej-poswieconej-mlodziezowym-organizacjom-antykomunistycznym\/","og_site_name":"Marek Kuchci\u0144ski","article_published_time":"2019-03-03T13:03:53+00:00","og_image":[{"width":1600,"height":971,"url":"https:\/\/marekkuchcinski.pl\/wp-content\/uploads\/2022\/09\/Marek.jpg","type":"image\/jpeg"}],"author":"admin","twitter_card":"summary_large_image","twitter_misc":{"Scris de":"admin","Timp estimat pentru citire":"1 minute"},"schema":{"@context":"https:\/\/schema.org","@graph":[{"@type":"Article","@id":"https:\/\/marekkuchcinski.pl\/bez-kategorii\/lms\/uroczystosc-odsloniecia-tablicy-pamiatkowej-poswieconej-mlodziezowym-organizacjom-antykomunistycznym\/#article","isPartOf":{"@id":"https:\/\/marekkuchcinski.pl\/bez-kategorii\/lms\/uroczystosc-odsloniecia-tablicy-pamiatkowej-poswieconej-mlodziezowym-organizacjom-antykomunistycznym\/"},"author":{"name":"admin","@id":"https:\/\/marekkuchcinski.pl\/#\/schema\/person\/6f62700996b4d950b6ea2d1183b6c6be"},"headline":"Uroczysto\u015b\u0107 ods\u0142oni\u0119cia tablicy pami\u0105tkowej po\u015bwi\u0119conej m\u0142odzie\u017cowym organizacjom antykomunistycznym","datePublished":"2019-03-03T13:03:53+00:00","mainEntityOfPage":{"@id":"https:\/\/marekkuchcinski.pl\/bez-kategorii\/lms\/uroczystosc-odsloniecia-tablicy-pamiatkowej-poswieconej-mlodziezowym-organizacjom-antykomunistycznym\/"},"wordCount":235,"commentCount":0,"publisher":{"@id":"https:\/\/marekkuchcinski.pl\/#organization"},"articleSection":["Listy Marsza\u0142ka Sejmu"],"inLanguage":"ro-RO","potentialAction":[{"@type":"CommentAction","name":"Comment","target":["https:\/\/marekkuchcinski.pl\/bez-kategorii\/lms\/uroczystosc-odsloniecia-tablicy-pamiatkowej-poswieconej-mlodziezowym-organizacjom-antykomunistycznym\/#respond"]}]},{"@type":"WebPage","@id":"https:\/\/marekkuchcinski.pl\/bez-kategorii\/lms\/uroczystosc-odsloniecia-tablicy-pamiatkowej-poswieconej-mlodziezowym-organizacjom-antykomunistycznym\/","url":"https:\/\/marekkuchcinski.pl\/bez-kategorii\/lms\/uroczystosc-odsloniecia-tablicy-pamiatkowej-poswieconej-mlodziezowym-organizacjom-antykomunistycznym\/","name":"Uroczysto\u015b\u0107 ods\u0142oni\u0119cia tablicy pami\u0105tkowej po\u015bwi\u0119conej m\u0142odzie\u017cowym organizacjom antykomunistycznym &#8211; Marek Kuchci\u0144ski","isPartOf":{"@id":"https:\/\/marekkuchcinski.pl\/#website"},"datePublished":"2019-03-03T13:03:53+00:00","breadcrumb":{"@id":"https:\/\/marekkuchcinski.pl\/bez-kategorii\/lms\/uroczystosc-odsloniecia-tablicy-pamiatkowej-poswieconej-mlodziezowym-organizacjom-antykomunistycznym\/#breadcrumb"},"inLanguage":"ro-RO","potentialAction":[{"@type":"ReadAction","target":["https:\/\/marekkuchcinski.pl\/bez-kategorii\/lms\/uroczystosc-odsloniecia-tablicy-pamiatkowej-poswieconej-mlodziezowym-organizacjom-antykomunistycznym\/"]}]},{"@type":"BreadcrumbList","@id":"https:\/\/marekkuchcinski.pl\/bez-kategorii\/lms\/uroczystosc-odsloniecia-tablicy-pamiatkowej-poswieconej-mlodziezowym-organizacjom-antykomunistycznym\/#breadcrumb","itemListElement":[{"@type":"ListItem","position":1,"name":"Strona g\u0142\u00f3wna","item":"https:\/\/marekkuchcinski.pl\/"},{"@type":"ListItem","position":2,"name":"Uroczysto\u015b\u0107 ods\u0142oni\u0119cia tablicy pami\u0105tkowej po\u015bwi\u0119conej m\u0142odzie\u017cowym organizacjom antykomunistycznym"}]},{"@type":"WebSite","@id":"https:\/\/marekkuchcinski.pl\/#website","url":"https:\/\/marekkuchcinski.pl\/","name":"Marek Kuchci\u0144ski","description":"Pose\u0142 na sejm RP &ndash; okr\u0119g nr 22","publisher":{"@id":"https:\/\/marekkuchcinski.pl\/#organization"},"potentialAction":[{"@type":"SearchAction","target":{"@type":"EntryPoint","urlTemplate":"https:\/\/marekkuchcinski.pl\/?s={search_term_string}"},"query-input":{"@type":"PropertyValueSpecification","valueRequired":true,"valueName":"search_term_string"}}],"inLanguage":"ro-RO"},{"@type":"Organization","@id":"https:\/\/marekkuchcinski.pl\/#organization","name":"Marek Kuchci\u0144ski","url":"https:\/\/marekkuchcinski.pl\/","logo":{"@type":"ImageObject","inLanguage":"ro-RO","@id":"https:\/\/marekkuchcinski.pl\/#\/schema\/logo\/image\/","url":"https:\/\/marekkuchcinski.pl\/wp-content\/uploads\/2022\/09\/Marek.jpg","contentUrl":"https:\/\/marekkuchcinski.pl\/wp-content\/uploads\/2022\/09\/Marek.jpg","width":1600,"height":971,"caption":"Marek Kuchci\u0144ski"},"image":{"@id":"https:\/\/marekkuchcinski.pl\/#\/schema\/logo\/image\/"}},{"@type":"Person","@id":"https:\/\/marekkuchcinski.pl\/#\/schema\/person\/6f62700996b4d950b6ea2d1183b6c6be","name":"admin","image":{"@type":"ImageObject","inLanguage":"ro-RO","@id":"https:\/\/marekkuchcinski.pl\/#\/schema\/person\/image\/","url":"https:\/\/secure.gravatar.com\/avatar\/4bab693b9d55c3d6b52c0296a8765085?s=96&d=mm&r=g","contentUrl":"https:\/\/secure.gravatar.com\/avatar\/4bab693b9d55c3d6b52c0296a8765085?s=96&d=mm&r=g","caption":"admin"},"url":"https:\/\/marekkuchcinski.pl\/ro\/author\/marta-olejnik\/"}]}},"_links":{"self":[{"href":"https:\/\/marekkuchcinski.pl\/ro\/wp-json\/wp\/v2\/posts\/13479","targetHints":{"allow":["GET"]}}],"collection":[{"href":"https:\/\/marekkuchcinski.pl\/ro\/wp-json\/wp\/v2\/posts"}],"about":[{"href":"https:\/\/marekkuchcinski.pl\/ro\/wp-json\/wp\/v2\/types\/post"}],"author":[{"embeddable":true,"href":"https:\/\/marekkuchcinski.pl\/ro\/wp-json\/wp\/v2\/users\/6"}],"replies":[{"embeddable":true,"href":"https:\/\/marekkuchcinski.pl\/ro\/wp-json\/wp\/v2\/comments?post=13479"}],"version-history":[{"count":1,"href":"https:\/\/marekkuchcinski.pl\/ro\/wp-json\/wp\/v2\/posts\/13479\/revisions"}],"predecessor-version":[{"id":13480,"href":"https:\/\/marekkuchcinski.pl\/ro\/wp-json\/wp\/v2\/posts\/13479\/revisions\/13480"}],"wp:attachment":[{"href":"https:\/\/marekkuchcinski.pl\/ro\/wp-json\/wp\/v2\/media?parent=13479"}],"wp:term":[{"taxonomy":"category","embeddable":true,"href":"https:\/\/marekkuchcinski.pl\/ro\/wp-json\/wp\/v2\/categories?post=13479"},{"taxonomy":"post_tag","embeddable":true,"href":"https:\/\/marekkuchcinski.pl\/ro\/wp-json\/wp\/v2\/tags?post=13479"}],"curies":[{"name":"wp","href":"https:\/\/api.w.org\/{rel}","templated":true}]}}