{"id":13249,"date":"2019-02-21T15:45:46","date_gmt":"2019-02-21T14:45:46","guid":{"rendered":"https:\/\/marekkuchcinski.pl\/?p=13249"},"modified":"2019-02-22T23:20:08","modified_gmt":"2019-02-22T22:20:08","slug":"marszalek-sejmu-glebokim-smutkiem-przyjalem-wiadomosc-ze-odszedl-nas-ks-pralat-stanislaw-krzywinski-wybitny-niezlomny-kaplan-zasluzony-dla-ojczyzny","status":"publish","type":"post","link":"https:\/\/marekkuchcinski.pl\/ro\/wydarzenia\/marszalek-sejmu-glebokim-smutkiem-przyjalem-wiadomosc-ze-odszedl-nas-ks-pralat-stanislaw-krzywinski-wybitny-niezlomny-kaplan-zasluzony-dla-ojczyzny\/","title":{"rendered":"Pre\u0219edintele Sejm-ului: Cu profund\u0103 triste\u021be am primit vestea c\u0103 a trecut dintre noi p\u0103rintele Stanislaw Krzywinski, un preot remarcabil \u0219i statornic, merituos pentru Patrie."},"content":{"rendered":"<div align=\"center\">Cu profund\u0103 triste\u021be am primit vestea c\u0103 a plecat dintre noi.<br \/>\n<b>prelat\u00a0<\/b><br \/>\n<b>Stanislaw Krzywinski<\/b><br \/>\nun preot eminent \u0219i indomit de merit pentru Patrie.<br \/>\nIni\u021biator al peti\u021biei preo\u021bilor din dieceza de Przemy\u015bl de a renun\u021ba la<br \/>\nreprimarea participan\u021bilor la grevele din 1976.<br \/>\nUn mare prieten al Solidarit\u0103\u021bii,<\/div>\n<div align=\"center\">a sus\u021binut structurile sale subterane.<br \/>\n\u00cen anii '80, a fost desemnat<br \/>\nde Mons. Ignacy Tokarczuk<br \/>\npentru contacte cu opozi\u021bia,<br \/>\nlucrat de c\u0103tre aparatul de securitate.<br \/>\nPentru o contribu\u021bie remarcabil\u0103 la<br \/>\ntranzi\u021bia democratic\u0103 \u00een Polonia<br \/>\ndecorat de regretatul pre\u0219edinte al Republicii Poloneze Lech Kaczy\u0144ski<br \/>\nCrucea de Comandor cu stea a Ordinului Polonia Restituta<br \/>\nOdihn\u0103 ve\u0219nic\u0103 d\u0103-i, Doamne, odihn\u0103 ve\u0219nic\u0103...<br \/>\nMarek Kuchci\u0144ski<br \/>\nMare\u0219alul Sejmului<\/div>\n<div align=\"center\"><\/div>\n<div align=\"center\"><\/div>\n<div style=\"text-align: left;\" align=\"center\"><a href=\"http:\/\/www.encysol.pl\/wiki\/Stanis%C5%82aw_Krzywi%C5%84ski\">Despre reverendul Stanis\u0142aw Krzywi\u0144ski<\/a><\/div>\n<div style=\"text-align: left;\" align=\"center\"><\/div>\n<div style=\"text-align: left;\" align=\"center\">Ceremonia de \u00eenmorm\u00e2ntare a prelatului a avut loc la Przemy\u015bl pe 22 februarie.<\/div>\n<div style=\"text-align: left;\" align=\"center\"><\/div>\n<div style=\"text-align: left;\" align=\"center\"><a href=\"https:\/\/marekkuchcinski.pl\/wp-content\/uploads\/2019\/02\/p7.jpg\"><img fetchpriority=\"high\" decoding=\"async\" class=\"alignnone size-full wp-image-13274\" src=\"https:\/\/marekkuchcinski.pl\/wp-content\/uploads\/2019\/02\/p7.jpg\" alt=\"p7\" width=\"4608\" height=\"3072\" srcset=\"https:\/\/marekkuchcinski.pl\/wp-content\/uploads\/2019\/02\/p7.jpg 2048w, https:\/\/marekkuchcinski.pl\/wp-content\/uploads\/2019\/02\/p7-300x200.jpg 300w, https:\/\/marekkuchcinski.pl\/wp-content\/uploads\/2019\/02\/p7-768x512.jpg 768w, https:\/\/marekkuchcinski.pl\/wp-content\/uploads\/2019\/02\/p7-1024x683.jpg 1024w\" sizes=\"(max-width: 4608px) 100vw, 4608px\" \/><\/a> <a href=\"https:\/\/marekkuchcinski.pl\/wp-content\/uploads\/2019\/02\/p6.jpg\"><img decoding=\"async\" class=\"alignnone size-full wp-image-13275\" src=\"https:\/\/marekkuchcinski.pl\/wp-content\/uploads\/2019\/02\/p6.jpg\" alt=\"p6\" width=\"4608\" height=\"3072\" srcset=\"https:\/\/marekkuchcinski.pl\/wp-content\/uploads\/2019\/02\/p6.jpg 2048w, https:\/\/marekkuchcinski.pl\/wp-content\/uploads\/2019\/02\/p6-300x200.jpg 300w, https:\/\/marekkuchcinski.pl\/wp-content\/uploads\/2019\/02\/p6-768x512.jpg 768w, https:\/\/marekkuchcinski.pl\/wp-content\/uploads\/2019\/02\/p6-1024x683.jpg 1024w\" sizes=\"(max-width: 4608px) 100vw, 4608px\" \/><\/a> <a href=\"https:\/\/marekkuchcinski.pl\/wp-content\/uploads\/2019\/02\/p4.jpg\"><img decoding=\"async\" class=\"alignnone size-full wp-image-13276\" src=\"https:\/\/marekkuchcinski.pl\/wp-content\/uploads\/2019\/02\/p4.jpg\" alt=\"p4\" width=\"4608\" height=\"3072\" srcset=\"https:\/\/marekkuchcinski.pl\/wp-content\/uploads\/2019\/02\/p4.jpg 2048w, https:\/\/marekkuchcinski.pl\/wp-content\/uploads\/2019\/02\/p4-300x200.jpg 300w, https:\/\/marekkuchcinski.pl\/wp-content\/uploads\/2019\/02\/p4-768x512.jpg 768w, https:\/\/marekkuchcinski.pl\/wp-content\/uploads\/2019\/02\/p4-1024x683.jpg 1024w\" sizes=\"(max-width: 4608px) 100vw, 4608px\" \/><\/a> <a href=\"https:\/\/marekkuchcinski.pl\/wp-content\/uploads\/2019\/02\/p3.jpg\"><img loading=\"lazy\" decoding=\"async\" class=\"alignnone size-full wp-image-13277\" src=\"https:\/\/marekkuchcinski.pl\/wp-content\/uploads\/2019\/02\/p3.jpg\" alt=\"p3\" width=\"4608\" height=\"3072\" srcset=\"https:\/\/marekkuchcinski.pl\/wp-content\/uploads\/2019\/02\/p3.jpg 2048w, https:\/\/marekkuchcinski.pl\/wp-content\/uploads\/2019\/02\/p3-300x200.jpg 300w, https:\/\/marekkuchcinski.pl\/wp-content\/uploads\/2019\/02\/p3-768x512.jpg 768w, https:\/\/marekkuchcinski.pl\/wp-content\/uploads\/2019\/02\/p3-1024x683.jpg 1024w\" sizes=\"(max-width: 4608px) 100vw, 4608px\" \/><\/a> <a href=\"https:\/\/marekkuchcinski.pl\/wp-content\/uploads\/2019\/02\/p2.jpg\"><img loading=\"lazy\" decoding=\"async\" class=\"alignnone size-full wp-image-13278\" src=\"https:\/\/marekkuchcinski.pl\/wp-content\/uploads\/2019\/02\/p2.jpg\" alt=\"p2\" width=\"4608\" height=\"3072\" srcset=\"https:\/\/marekkuchcinski.pl\/wp-content\/uploads\/2019\/02\/p2.jpg 2048w, https:\/\/marekkuchcinski.pl\/wp-content\/uploads\/2019\/02\/p2-300x200.jpg 300w, https:\/\/marekkuchcinski.pl\/wp-content\/uploads\/2019\/02\/p2-768x512.jpg 768w, https:\/\/marekkuchcinski.pl\/wp-content\/uploads\/2019\/02\/p2-1024x683.jpg 1024w\" sizes=\"(max-width: 4608px) 100vw, 4608px\" \/><\/a> <a href=\"https:\/\/marekkuchcinski.pl\/wp-content\/uploads\/2019\/02\/p1.jpg\"><img loading=\"lazy\" decoding=\"async\" class=\"alignnone size-full wp-image-13279\" src=\"https:\/\/marekkuchcinski.pl\/wp-content\/uploads\/2019\/02\/p1.jpg\" alt=\"p1\" width=\"4608\" height=\"3072\" srcset=\"https:\/\/marekkuchcinski.pl\/wp-content\/uploads\/2019\/02\/p1.jpg 2048w, https:\/\/marekkuchcinski.pl\/wp-content\/uploads\/2019\/02\/p1-300x200.jpg 300w, https:\/\/marekkuchcinski.pl\/wp-content\/uploads\/2019\/02\/p1-768x512.jpg 768w, https:\/\/marekkuchcinski.pl\/wp-content\/uploads\/2019\/02\/p1-1024x683.jpg 1024w\" sizes=\"(max-width: 4608px) 100vw, 4608px\" \/><\/a><\/div>","protected":false},"excerpt":{"rendered":"<p>Z g\u0142\u0119bokim smutkiem przyj\u0105\u0142em wiadomo\u015b\u0107, \u017ce odszed\u0142 od nas ks. pra\u0142at\u00a0 Stanis\u0142aw Krzywi\u0144ski wybitny i niez\u0142omny kap\u0142an, zas\u0142u\u017cony dla Ojczyzny. Inicjator petycji ksi\u0119\u017cy diecezji przemyskiej o zaniechanie represji wobec uczestnik\u00f3w strajk\u00f3w z 1976 r. Wielki przyjaciel Solidarno\u015bci, wspiera\u0142 jej podziemne struktury. W latach osiemdziesi\u0105tych wyznaczony przez bpa Ignacego Tokarczuka do kontakt\u00f3w z opozycj\u0105, rozpracowywany przez [&hellip;]<\/p>\n","protected":false},"author":6,"featured_media":13252,"comment_status":"open","ping_status":"open","sticky":false,"template":"","format":"standard","meta":{"ngg_post_thumbnail":0,"footnotes":""},"categories":[49,3],"tags":[],"class_list":["post-13249","post","type-post","status-publish","format-standard","has-post-thumbnail","hentry","category-podkarpacie","category-wydarzenia"],"_links":{"self":[{"href":"https:\/\/marekkuchcinski.pl\/ro\/wp-json\/wp\/v2\/posts\/13249","targetHints":{"allow":["GET"]}}],"collection":[{"href":"https:\/\/marekkuchcinski.pl\/ro\/wp-json\/wp\/v2\/posts"}],"about":[{"href":"https:\/\/marekkuchcinski.pl\/ro\/wp-json\/wp\/v2\/types\/post"}],"author":[{"embeddable":true,"href":"https:\/\/marekkuchcinski.pl\/ro\/wp-json\/wp\/v2\/users\/6"}],"replies":[{"embeddable":true,"href":"https:\/\/marekkuchcinski.pl\/ro\/wp-json\/wp\/v2\/comments?post=13249"}],"version-history":[{"count":4,"href":"https:\/\/marekkuchcinski.pl\/ro\/wp-json\/wp\/v2\/posts\/13249\/revisions"}],"predecessor-version":[{"id":13273,"href":"https:\/\/marekkuchcinski.pl\/ro\/wp-json\/wp\/v2\/posts\/13249\/revisions\/13273"}],"wp:featuredmedia":[{"embeddable":true,"href":"https:\/\/marekkuchcinski.pl\/ro\/wp-json\/wp\/v2\/media\/13252"}],"wp:attachment":[{"href":"https:\/\/marekkuchcinski.pl\/ro\/wp-json\/wp\/v2\/media?parent=13249"}],"wp:term":[{"taxonomy":"category","embeddable":true,"href":"https:\/\/marekkuchcinski.pl\/ro\/wp-json\/wp\/v2\/categories?post=13249"},{"taxonomy":"post_tag","embeddable":true,"href":"https:\/\/marekkuchcinski.pl\/ro\/wp-json\/wp\/v2\/tags?post=13249"}],"curies":[{"name":"wp","href":"https:\/\/api.w.org\/{rel}","templated":true}]}}