{"id":13145,"date":"2019-02-17T01:01:05","date_gmt":"2019-02-17T00:01:05","guid":{"rendered":"https:\/\/marekkuchcinski.pl\/?p=13145"},"modified":"2019-04-19T14:06:15","modified_gmt":"2019-04-19T12:06:15","slug":"trzech-latach-rzadow-wynik-pis-wyzszy-niz-wyborach-sejmu-2015-r","status":"publish","type":"post","link":"https:\/\/marekkuchcinski.pl\/ro\/wydarzenia\/trzech-latach-rzadow-wynik-pis-wyzszy-niz-wyborach-sejmu-2015-r\/","title":{"rendered":"Dup\u0103 trei ani de guvernare, rezultatul PiS este mai mare dec\u00e2t la alegerile pentru Sejm din 2015."},"content":{"rendered":"<p>Un sondaj CBOS \u0219i Kantar realizat \u00een februarie arat\u0103 c\u0103, dup\u0103 trei ani la guvernare, rezultatul ob\u021binut de Lege \u0219i Justi\u021bie este mai mare dec\u00e2t la alegerile din 2015. Acest lucru ar oferi PiS o majoritate \u00een Sejm.<\/p>\n<p>Atacurile mediatice \u00eempotriva guvernului \u0219i a partidului de guvern\u0103m\u00e2nt se dovedesc a fi nesigure pentru aleg\u0103tori \u0219i declan\u0219eaz\u0103 un efect de bumerang bine cunoscut sociologilor \u0219i psihologilor - o sc\u0103dere a credibilit\u0103\u021bii partidului care folose\u0219te campania negativ\u0103.<\/p>\n<p>Potrivit Kantar Public, 40,7% dintre responden\u021bi ar vota pentru PiS, \u00een timp ce, potrivit CBOS, ar fi 46,8%.<\/p>\n<p>PO 24 \u0219i 18 la sut\u0103.<\/p>\n<p>Prim\u0103vara 13, 3 \u0219i 11.9<\/p>\n<p>Kukiz'15 6,6 \u0219i 6,3 la sut\u0103.<\/p>\n<p>SLD 5.9 \u0219i 2.6<\/p>\n<p>PSL 4.8 \u0219i 5.6<\/p>\n<p>.N 2,3 \u0219i 2,2<\/p>\n<p><a href=\"https:\/\/marekkuchcinski.pl\/wp-content\/uploads\/2019\/02\/image.png\"><img fetchpriority=\"high\" decoding=\"async\" class=\"alignnone size-full wp-image-13148\" src=\"https:\/\/marekkuchcinski.pl\/wp-content\/uploads\/2019\/02\/image.png\" alt=\"image\" width=\"605\" height=\"134\" srcset=\"https:\/\/marekkuchcinski.pl\/wp-content\/uploads\/2019\/02\/image.png 605w, https:\/\/marekkuchcinski.pl\/wp-content\/uploads\/2019\/02\/image-300x66.png 300w\" sizes=\"(max-width: 605px) 100vw, 605px\" \/><\/a><\/p>\n\n\n<figure class=\"wp-block-image\"><img decoding=\"async\" width=\"891\" height=\"512\" src=\"https:\/\/marekkuchcinski.pl\/wp-content\/uploads\/2019\/04\/1-2.jpg\" alt=\"\" class=\"wp-image-14977\" srcset=\"https:\/\/marekkuchcinski.pl\/wp-content\/uploads\/2019\/04\/1-2.jpg 891w, https:\/\/marekkuchcinski.pl\/wp-content\/uploads\/2019\/04\/1-2-300x172.jpg 300w, https:\/\/marekkuchcinski.pl\/wp-content\/uploads\/2019\/04\/1-2-768x441.jpg 768w\" sizes=\"(max-width: 891px) 100vw, 891px\" \/><\/figure>","protected":false},"excerpt":{"rendered":"<p>Z przeprowadzonych w lutym br. bada\u0144&nbsp;CBOS i Kantar wynika, \u017ce po trzech latach rz\u0105d\u00f3w wynik Prawa i Sprawiedliwo\u015bci jest wy\u017cszy ni\u017c w wyborach z 2015 r.&nbsp;To&nbsp;da\u0142oby PiS wi\u0119kszo\u015b\u0107 w Sejmie. Ataki medialne na rz\u0105d i parti\u0119 rz\u0105dz\u0105c\u0105 okazuj\u0105 si\u0119 niewiarygodne dla wyborc\u00f3w i wywo\u0142uj\u0105 dobrze znany socjologom i psychologom&nbsp; efekt bumerangowy &#8211; spadek wiarygodno\u015bci strony [&hellip;]<\/p>","protected":false},"author":6,"featured_media":13146,"comment_status":"open","ping_status":"open","sticky":false,"template":"","format":"standard","meta":{"ngg_post_thumbnail":0,"footnotes":""},"categories":[82,81,3],"tags":[],"class_list":["post-13145","post","type-post","status-publish","format-standard","has-post-thumbnail","hentry","category-prawo-i-sprawiedliwosc","category-wiesci-z-sejmu","category-wydarzenia"],"yoast_head":"<!-- This site is optimized with the Yoast SEO plugin v24.7 - https:\/\/yoast.com\/wordpress\/plugins\/seo\/ -->\n<title>Po trzech latach rz\u0105d\u00f3w wynik PiS jest wy\u017cszy ni\u017c w wyborach do Sejmu w 2015 r. &#8211; Marek Kuchci\u0144ski<\/title>\n<meta name=\"robots\" content=\"index, follow, max-snippet:-1, max-image-preview:large, max-video-preview:-1\" \/>\n<link rel=\"canonical\" href=\"https:\/\/marekkuchcinski.pl\/ro\/wydarzenia\/trzech-latach-rzadow-wynik-pis-wyzszy-niz-wyborach-sejmu-2015-r\/\" \/>\n<meta property=\"og:locale\" content=\"ro_RO\" \/>\n<meta property=\"og:type\" content=\"article\" \/>\n<meta property=\"og:title\" content=\"Po trzech latach rz\u0105d\u00f3w wynik PiS jest wy\u017cszy ni\u017c w wyborach do Sejmu w 2015 r. &#8211; Marek Kuchci\u0144ski\" \/>\n<meta property=\"og:description\" content=\"Z przeprowadzonych w lutym br. bada\u0144&nbsp;CBOS i Kantar wynika, \u017ce po trzech latach rz\u0105d\u00f3w wynik Prawa i Sprawiedliwo\u015bci jest wy\u017cszy ni\u017c w wyborach z 2015 r.&nbsp;To&nbsp;da\u0142oby PiS wi\u0119kszo\u015b\u0107 w Sejmie. Ataki medialne na rz\u0105d i parti\u0119 rz\u0105dz\u0105c\u0105 okazuj\u0105 si\u0119 niewiarygodne dla wyborc\u00f3w i wywo\u0142uj\u0105 dobrze znany socjologom i psychologom&nbsp; efekt bumerangowy &#8211; spadek wiarygodno\u015bci strony [&hellip;]\" \/>\n<meta property=\"og:url\" content=\"https:\/\/marekkuchcinski.pl\/ro\/wydarzenia\/trzech-latach-rzadow-wynik-pis-wyzszy-niz-wyborach-sejmu-2015-r\/\" \/>\n<meta property=\"og:site_name\" content=\"Marek Kuchci\u0144ski\" \/>\n<meta property=\"article:published_time\" content=\"2019-02-17T00:01:05+00:00\" \/>\n<meta property=\"article:modified_time\" content=\"2019-04-19T12:06:15+00:00\" \/>\n<meta property=\"og:image\" content=\"https:\/\/marekkuchcinski.pl\/wp-content\/uploads\/2019\/02\/1-2.jpg\" \/>\n\t<meta property=\"og:image:width\" content=\"891\" \/>\n\t<meta property=\"og:image:height\" content=\"512\" \/>\n\t<meta property=\"og:image:type\" content=\"image\/jpeg\" \/>\n<meta name=\"author\" content=\"admin\" \/>\n<meta name=\"twitter:card\" content=\"summary_large_image\" \/>\n<meta name=\"twitter:label1\" content=\"Scris de\" \/>\n\t<meta name=\"twitter:data1\" content=\"admin\" \/>\n\t<meta name=\"twitter:label2\" content=\"Timp estimat pentru citire\" \/>\n\t<meta name=\"twitter:data2\" content=\"1 minute\" \/>\n<script type=\"application\/ld+json\" class=\"yoast-schema-graph\">{\"@context\":\"https:\/\/schema.org\",\"@graph\":[{\"@type\":\"Article\",\"@id\":\"https:\/\/marekkuchcinski.pl\/cs\/wydarzenia\/trzech-latach-rzadow-wynik-pis-wyzszy-niz-wyborach-sejmu-2015-r\/#article\",\"isPartOf\":{\"@id\":\"https:\/\/marekkuchcinski.pl\/cs\/wydarzenia\/trzech-latach-rzadow-wynik-pis-wyzszy-niz-wyborach-sejmu-2015-r\/\"},\"author\":{\"name\":\"admin\",\"@id\":\"https:\/\/marekkuchcinski.pl\/#\/schema\/person\/6f62700996b4d950b6ea2d1183b6c6be\"},\"headline\":\"Po trzech latach rz\u0105d\u00f3w wynik PiS jest wy\u017cszy ni\u017c w wyborach do Sejmu w 2015 r.\",\"datePublished\":\"2019-02-17T00:01:05+00:00\",\"dateModified\":\"2019-04-19T12:06:15+00:00\",\"mainEntityOfPage\":{\"@id\":\"https:\/\/marekkuchcinski.pl\/cs\/wydarzenia\/trzech-latach-rzadow-wynik-pis-wyzszy-niz-wyborach-sejmu-2015-r\/\"},\"wordCount\":123,\"commentCount\":0,\"publisher\":{\"@id\":\"https:\/\/marekkuchcinski.pl\/#organization\"},\"image\":{\"@id\":\"https:\/\/marekkuchcinski.pl\/cs\/wydarzenia\/trzech-latach-rzadow-wynik-pis-wyzszy-niz-wyborach-sejmu-2015-r\/#primaryimage\"},\"thumbnailUrl\":\"https:\/\/marekkuchcinski.pl\/wp-content\/uploads\/2019\/02\/1-2.jpg\",\"articleSection\":[\"Prawo i Sprawiedliwo\u015b\u0107\",\"Wie\u015bci z Sejmu\",\"Wydarzenia\"],\"inLanguage\":\"ro-RO\",\"potentialAction\":[{\"@type\":\"CommentAction\",\"name\":\"Comment\",\"target\":[\"https:\/\/marekkuchcinski.pl\/cs\/wydarzenia\/trzech-latach-rzadow-wynik-pis-wyzszy-niz-wyborach-sejmu-2015-r\/#respond\"]}]},{\"@type\":\"WebPage\",\"@id\":\"https:\/\/marekkuchcinski.pl\/cs\/wydarzenia\/trzech-latach-rzadow-wynik-pis-wyzszy-niz-wyborach-sejmu-2015-r\/\",\"url\":\"https:\/\/marekkuchcinski.pl\/cs\/wydarzenia\/trzech-latach-rzadow-wynik-pis-wyzszy-niz-wyborach-sejmu-2015-r\/\",\"name\":\"Po trzech latach rz\u0105d\u00f3w wynik PiS jest wy\u017cszy ni\u017c w wyborach do Sejmu w 2015 r. &#8211; Marek Kuchci\u0144ski\",\"isPartOf\":{\"@id\":\"https:\/\/marekkuchcinski.pl\/#website\"},\"primaryImageOfPage\":{\"@id\":\"https:\/\/marekkuchcinski.pl\/cs\/wydarzenia\/trzech-latach-rzadow-wynik-pis-wyzszy-niz-wyborach-sejmu-2015-r\/#primaryimage\"},\"image\":{\"@id\":\"https:\/\/marekkuchcinski.pl\/cs\/wydarzenia\/trzech-latach-rzadow-wynik-pis-wyzszy-niz-wyborach-sejmu-2015-r\/#primaryimage\"},\"thumbnailUrl\":\"https:\/\/marekkuchcinski.pl\/wp-content\/uploads\/2019\/02\/1-2.jpg\",\"datePublished\":\"2019-02-17T00:01:05+00:00\",\"dateModified\":\"2019-04-19T12:06:15+00:00\",\"breadcrumb\":{\"@id\":\"https:\/\/marekkuchcinski.pl\/cs\/wydarzenia\/trzech-latach-rzadow-wynik-pis-wyzszy-niz-wyborach-sejmu-2015-r\/#breadcrumb\"},\"inLanguage\":\"ro-RO\",\"potentialAction\":[{\"@type\":\"ReadAction\",\"target\":[\"https:\/\/marekkuchcinski.pl\/cs\/wydarzenia\/trzech-latach-rzadow-wynik-pis-wyzszy-niz-wyborach-sejmu-2015-r\/\"]}]},{\"@type\":\"ImageObject\",\"inLanguage\":\"ro-RO\",\"@id\":\"https:\/\/marekkuchcinski.pl\/cs\/wydarzenia\/trzech-latach-rzadow-wynik-pis-wyzszy-niz-wyborach-sejmu-2015-r\/#primaryimage\",\"url\":\"https:\/\/marekkuchcinski.pl\/wp-content\/uploads\/2019\/02\/1-2.jpg\",\"contentUrl\":\"https:\/\/marekkuchcinski.pl\/wp-content\/uploads\/2019\/02\/1-2.jpg\",\"width\":891,\"height\":512},{\"@type\":\"BreadcrumbList\",\"@id\":\"https:\/\/marekkuchcinski.pl\/cs\/wydarzenia\/trzech-latach-rzadow-wynik-pis-wyzszy-niz-wyborach-sejmu-2015-r\/#breadcrumb\",\"itemListElement\":[{\"@type\":\"ListItem\",\"position\":1,\"name\":\"Strona g\u0142\u00f3wna\",\"item\":\"https:\/\/marekkuchcinski.pl\/\"},{\"@type\":\"ListItem\",\"position\":2,\"name\":\"Po trzech latach rz\u0105d\u00f3w wynik PiS jest wy\u017cszy ni\u017c w wyborach do Sejmu w 2015 r.\"}]},{\"@type\":\"WebSite\",\"@id\":\"https:\/\/marekkuchcinski.pl\/#website\",\"url\":\"https:\/\/marekkuchcinski.pl\/\",\"name\":\"Marek Kuchci\u0144ski\",\"description\":\"Pose\u0142 na sejm RP &ndash; okr\u0119g nr 22\",\"publisher\":{\"@id\":\"https:\/\/marekkuchcinski.pl\/#organization\"},\"potentialAction\":[{\"@type\":\"SearchAction\",\"target\":{\"@type\":\"EntryPoint\",\"urlTemplate\":\"https:\/\/marekkuchcinski.pl\/?s={search_term_string}\"},\"query-input\":{\"@type\":\"PropertyValueSpecification\",\"valueRequired\":true,\"valueName\":\"search_term_string\"}}],\"inLanguage\":\"ro-RO\"},{\"@type\":\"Organization\",\"@id\":\"https:\/\/marekkuchcinski.pl\/#organization\",\"name\":\"Marek Kuchci\u0144ski\",\"url\":\"https:\/\/marekkuchcinski.pl\/\",\"logo\":{\"@type\":\"ImageObject\",\"inLanguage\":\"ro-RO\",\"@id\":\"https:\/\/marekkuchcinski.pl\/#\/schema\/logo\/image\/\",\"url\":\"https:\/\/marekkuchcinski.pl\/wp-content\/uploads\/2022\/09\/Marek.jpg\",\"contentUrl\":\"https:\/\/marekkuchcinski.pl\/wp-content\/uploads\/2022\/09\/Marek.jpg\",\"width\":1600,\"height\":971,\"caption\":\"Marek Kuchci\u0144ski\"},\"image\":{\"@id\":\"https:\/\/marekkuchcinski.pl\/#\/schema\/logo\/image\/\"}},{\"@type\":\"Person\",\"@id\":\"https:\/\/marekkuchcinski.pl\/#\/schema\/person\/6f62700996b4d950b6ea2d1183b6c6be\",\"name\":\"admin\",\"image\":{\"@type\":\"ImageObject\",\"inLanguage\":\"ro-RO\",\"@id\":\"https:\/\/marekkuchcinski.pl\/#\/schema\/person\/image\/\",\"url\":\"https:\/\/secure.gravatar.com\/avatar\/4bab693b9d55c3d6b52c0296a8765085?s=96&d=mm&r=g\",\"contentUrl\":\"https:\/\/secure.gravatar.com\/avatar\/4bab693b9d55c3d6b52c0296a8765085?s=96&d=mm&r=g\",\"caption\":\"admin\"},\"url\":\"https:\/\/marekkuchcinski.pl\/ro\/author\/marta-olejnik\/\"}]}<\/script>\n<!-- \/ Yoast SEO plugin. -->","yoast_head_json":{"title":"Po trzech latach rz\u0105d\u00f3w wynik PiS jest wy\u017cszy ni\u017c w wyborach do Sejmu w 2015 r. &#8211; Marek Kuchci\u0144ski","robots":{"index":"index","follow":"follow","max-snippet":"max-snippet:-1","max-image-preview":"max-image-preview:large","max-video-preview":"max-video-preview:-1"},"canonical":"https:\/\/marekkuchcinski.pl\/ro\/wydarzenia\/trzech-latach-rzadow-wynik-pis-wyzszy-niz-wyborach-sejmu-2015-r\/","og_locale":"ro_RO","og_type":"article","og_title":"Po trzech latach rz\u0105d\u00f3w wynik PiS jest wy\u017cszy ni\u017c w wyborach do Sejmu w 2015 r. &#8211; Marek Kuchci\u0144ski","og_description":"Z przeprowadzonych w lutym br. bada\u0144&nbsp;CBOS i Kantar wynika, \u017ce po trzech latach rz\u0105d\u00f3w wynik Prawa i Sprawiedliwo\u015bci jest wy\u017cszy ni\u017c w wyborach z 2015 r.&nbsp;To&nbsp;da\u0142oby PiS wi\u0119kszo\u015b\u0107 w Sejmie. Ataki medialne na rz\u0105d i parti\u0119 rz\u0105dz\u0105c\u0105 okazuj\u0105 si\u0119 niewiarygodne dla wyborc\u00f3w i wywo\u0142uj\u0105 dobrze znany socjologom i psychologom&nbsp; efekt bumerangowy &#8211; spadek wiarygodno\u015bci strony [&hellip;]","og_url":"https:\/\/marekkuchcinski.pl\/ro\/wydarzenia\/trzech-latach-rzadow-wynik-pis-wyzszy-niz-wyborach-sejmu-2015-r\/","og_site_name":"Marek Kuchci\u0144ski","article_published_time":"2019-02-17T00:01:05+00:00","article_modified_time":"2019-04-19T12:06:15+00:00","og_image":[{"width":891,"height":512,"url":"https:\/\/marekkuchcinski.pl\/wp-content\/uploads\/2019\/02\/1-2.jpg","type":"image\/jpeg"}],"author":"admin","twitter_card":"summary_large_image","twitter_misc":{"Scris de":"admin","Timp estimat pentru citire":"1 minute"},"schema":{"@context":"https:\/\/schema.org","@graph":[{"@type":"Article","@id":"https:\/\/marekkuchcinski.pl\/cs\/wydarzenia\/trzech-latach-rzadow-wynik-pis-wyzszy-niz-wyborach-sejmu-2015-r\/#article","isPartOf":{"@id":"https:\/\/marekkuchcinski.pl\/cs\/wydarzenia\/trzech-latach-rzadow-wynik-pis-wyzszy-niz-wyborach-sejmu-2015-r\/"},"author":{"name":"admin","@id":"https:\/\/marekkuchcinski.pl\/#\/schema\/person\/6f62700996b4d950b6ea2d1183b6c6be"},"headline":"Po trzech latach rz\u0105d\u00f3w wynik PiS jest wy\u017cszy ni\u017c w wyborach do Sejmu w 2015 r.","datePublished":"2019-02-17T00:01:05+00:00","dateModified":"2019-04-19T12:06:15+00:00","mainEntityOfPage":{"@id":"https:\/\/marekkuchcinski.pl\/cs\/wydarzenia\/trzech-latach-rzadow-wynik-pis-wyzszy-niz-wyborach-sejmu-2015-r\/"},"wordCount":123,"commentCount":0,"publisher":{"@id":"https:\/\/marekkuchcinski.pl\/#organization"},"image":{"@id":"https:\/\/marekkuchcinski.pl\/cs\/wydarzenia\/trzech-latach-rzadow-wynik-pis-wyzszy-niz-wyborach-sejmu-2015-r\/#primaryimage"},"thumbnailUrl":"https:\/\/marekkuchcinski.pl\/wp-content\/uploads\/2019\/02\/1-2.jpg","articleSection":["Prawo i Sprawiedliwo\u015b\u0107","Wie\u015bci z Sejmu","Wydarzenia"],"inLanguage":"ro-RO","potentialAction":[{"@type":"CommentAction","name":"Comment","target":["https:\/\/marekkuchcinski.pl\/cs\/wydarzenia\/trzech-latach-rzadow-wynik-pis-wyzszy-niz-wyborach-sejmu-2015-r\/#respond"]}]},{"@type":"WebPage","@id":"https:\/\/marekkuchcinski.pl\/cs\/wydarzenia\/trzech-latach-rzadow-wynik-pis-wyzszy-niz-wyborach-sejmu-2015-r\/","url":"https:\/\/marekkuchcinski.pl\/cs\/wydarzenia\/trzech-latach-rzadow-wynik-pis-wyzszy-niz-wyborach-sejmu-2015-r\/","name":"Po trzech latach rz\u0105d\u00f3w wynik PiS jest wy\u017cszy ni\u017c w wyborach do Sejmu w 2015 r. &#8211; Marek Kuchci\u0144ski","isPartOf":{"@id":"https:\/\/marekkuchcinski.pl\/#website"},"primaryImageOfPage":{"@id":"https:\/\/marekkuchcinski.pl\/cs\/wydarzenia\/trzech-latach-rzadow-wynik-pis-wyzszy-niz-wyborach-sejmu-2015-r\/#primaryimage"},"image":{"@id":"https:\/\/marekkuchcinski.pl\/cs\/wydarzenia\/trzech-latach-rzadow-wynik-pis-wyzszy-niz-wyborach-sejmu-2015-r\/#primaryimage"},"thumbnailUrl":"https:\/\/marekkuchcinski.pl\/wp-content\/uploads\/2019\/02\/1-2.jpg","datePublished":"2019-02-17T00:01:05+00:00","dateModified":"2019-04-19T12:06:15+00:00","breadcrumb":{"@id":"https:\/\/marekkuchcinski.pl\/cs\/wydarzenia\/trzech-latach-rzadow-wynik-pis-wyzszy-niz-wyborach-sejmu-2015-r\/#breadcrumb"},"inLanguage":"ro-RO","potentialAction":[{"@type":"ReadAction","target":["https:\/\/marekkuchcinski.pl\/cs\/wydarzenia\/trzech-latach-rzadow-wynik-pis-wyzszy-niz-wyborach-sejmu-2015-r\/"]}]},{"@type":"ImageObject","inLanguage":"ro-RO","@id":"https:\/\/marekkuchcinski.pl\/cs\/wydarzenia\/trzech-latach-rzadow-wynik-pis-wyzszy-niz-wyborach-sejmu-2015-r\/#primaryimage","url":"https:\/\/marekkuchcinski.pl\/wp-content\/uploads\/2019\/02\/1-2.jpg","contentUrl":"https:\/\/marekkuchcinski.pl\/wp-content\/uploads\/2019\/02\/1-2.jpg","width":891,"height":512},{"@type":"BreadcrumbList","@id":"https:\/\/marekkuchcinski.pl\/cs\/wydarzenia\/trzech-latach-rzadow-wynik-pis-wyzszy-niz-wyborach-sejmu-2015-r\/#breadcrumb","itemListElement":[{"@type":"ListItem","position":1,"name":"Strona g\u0142\u00f3wna","item":"https:\/\/marekkuchcinski.pl\/"},{"@type":"ListItem","position":2,"name":"Po trzech latach rz\u0105d\u00f3w wynik PiS jest wy\u017cszy ni\u017c w wyborach do Sejmu w 2015 r."}]},{"@type":"WebSite","@id":"https:\/\/marekkuchcinski.pl\/#website","url":"https:\/\/marekkuchcinski.pl\/","name":"Marek Kuchci\u0144ski","description":"Pose\u0142 na sejm RP &ndash; okr\u0119g nr 22","publisher":{"@id":"https:\/\/marekkuchcinski.pl\/#organization"},"potentialAction":[{"@type":"SearchAction","target":{"@type":"EntryPoint","urlTemplate":"https:\/\/marekkuchcinski.pl\/?s={search_term_string}"},"query-input":{"@type":"PropertyValueSpecification","valueRequired":true,"valueName":"search_term_string"}}],"inLanguage":"ro-RO"},{"@type":"Organization","@id":"https:\/\/marekkuchcinski.pl\/#organization","name":"Marek Kuchci\u0144ski","url":"https:\/\/marekkuchcinski.pl\/","logo":{"@type":"ImageObject","inLanguage":"ro-RO","@id":"https:\/\/marekkuchcinski.pl\/#\/schema\/logo\/image\/","url":"https:\/\/marekkuchcinski.pl\/wp-content\/uploads\/2022\/09\/Marek.jpg","contentUrl":"https:\/\/marekkuchcinski.pl\/wp-content\/uploads\/2022\/09\/Marek.jpg","width":1600,"height":971,"caption":"Marek Kuchci\u0144ski"},"image":{"@id":"https:\/\/marekkuchcinski.pl\/#\/schema\/logo\/image\/"}},{"@type":"Person","@id":"https:\/\/marekkuchcinski.pl\/#\/schema\/person\/6f62700996b4d950b6ea2d1183b6c6be","name":"admin","image":{"@type":"ImageObject","inLanguage":"ro-RO","@id":"https:\/\/marekkuchcinski.pl\/#\/schema\/person\/image\/","url":"https:\/\/secure.gravatar.com\/avatar\/4bab693b9d55c3d6b52c0296a8765085?s=96&d=mm&r=g","contentUrl":"https:\/\/secure.gravatar.com\/avatar\/4bab693b9d55c3d6b52c0296a8765085?s=96&d=mm&r=g","caption":"admin"},"url":"https:\/\/marekkuchcinski.pl\/ro\/author\/marta-olejnik\/"}]}},"_links":{"self":[{"href":"https:\/\/marekkuchcinski.pl\/ro\/wp-json\/wp\/v2\/posts\/13145","targetHints":{"allow":["GET"]}}],"collection":[{"href":"https:\/\/marekkuchcinski.pl\/ro\/wp-json\/wp\/v2\/posts"}],"about":[{"href":"https:\/\/marekkuchcinski.pl\/ro\/wp-json\/wp\/v2\/types\/post"}],"author":[{"embeddable":true,"href":"https:\/\/marekkuchcinski.pl\/ro\/wp-json\/wp\/v2\/users\/6"}],"replies":[{"embeddable":true,"href":"https:\/\/marekkuchcinski.pl\/ro\/wp-json\/wp\/v2\/comments?post=13145"}],"version-history":[{"count":6,"href":"https:\/\/marekkuchcinski.pl\/ro\/wp-json\/wp\/v2\/posts\/13145\/revisions"}],"predecessor-version":[{"id":14978,"href":"https:\/\/marekkuchcinski.pl\/ro\/wp-json\/wp\/v2\/posts\/13145\/revisions\/14978"}],"wp:featuredmedia":[{"embeddable":true,"href":"https:\/\/marekkuchcinski.pl\/ro\/wp-json\/wp\/v2\/media\/13146"}],"wp:attachment":[{"href":"https:\/\/marekkuchcinski.pl\/ro\/wp-json\/wp\/v2\/media?parent=13145"}],"wp:term":[{"taxonomy":"category","embeddable":true,"href":"https:\/\/marekkuchcinski.pl\/ro\/wp-json\/wp\/v2\/categories?post=13145"},{"taxonomy":"post_tag","embeddable":true,"href":"https:\/\/marekkuchcinski.pl\/ro\/wp-json\/wp\/v2\/tags?post=13145"}],"curies":[{"name":"wp","href":"https:\/\/api.w.org\/{rel}","templated":true}]}}