{"id":13123,"date":"2019-02-16T23:22:46","date_gmt":"2019-02-16T22:22:46","guid":{"rendered":"https:\/\/marekkuchcinski.pl\/?p=13123"},"modified":"2019-02-16T23:32:27","modified_gmt":"2019-02-16T22:32:27","slug":"ostatnia-droga-sp-premiera-jana-olszewskiego","status":"publish","type":"post","link":"https:\/\/marekkuchcinski.pl\/ro\/wydarzenia\/ostatnia-droga-sp-premiera-jana-olszewskiego\/","title":{"rendered":"Ultima c\u0103l\u0103torie a regretatului prim-ministru Jan Olszewski"},"content":{"rendered":"<p><strong>Jan Olszewski, soldat al Regimentelor Gri, prim-ministru, deputat, avocat, ap\u0103r\u0103tor \u00een procese politice, publicist. Un om mare.<\/strong><\/p>\n<p>El a spus despre guvernul s\u0103u (1991-1992):<br \/>\n<em>Cred c\u0103 aceasta a fost prima \u00eencercare de a inversa cursul istoriei poloneze, care a fost determinat\u0103 de presupunerile unor oameni care erau pe deplin con\u0219tien\u021bi, \u00een anii 1980, c\u0103 sistemul comunist nu putea fi men\u021binut \u00een forma \u00een care existase p\u00e2n\u0103 atunci...<\/em><br \/>\n<em> \u00cen ceea ce ne prive\u0219te, aceasta a fost prima \u00eencercare de a inversa aceast\u0103 situa\u021bie. O \u00eencercare de a \u00eempiedica construirea unui stat oligarhic pe bazele Republicii Populare Poloneze. O \u00eencercare de a construi un stat civil democratic. \u00cen opinia mea, la acel moment, \u00eencercarea era deja cu cel pu\u021bin doi ani \u00eent\u00e2rziere. Ca atare, avea \u0219anse minime de a se realiza. Dar trebuia s\u0103 fie f\u0103cut\u0103. A doua oportunitate a venit abia 15 ani mai t\u00e2rziu (guvernul Lege \u0219i Justi\u021bie din 2005-2007), iar cea de-a treia oportunitate a venit acum (guvernul Lege \u0219i Justi\u021bie din 2015).<\/em><\/p>\n<p>Iubi\u021bii lui Jan Olszewski, pre\u0219edintele, pre\u0219edin\u021bii Sejm-ului \u0219i Senatului, premierul, parlamentari, veterani l-au \u00eenso\u021bit pe ultimul s\u0103u drum...<\/p>\n<p>A fost \u00eenmorm\u00e2ntat la Powazki Militar din Var\u0219ovia.<\/p>\n<p><a href=\"https:\/\/marekkuchcinski.pl\/wp-content\/uploads\/2019\/02\/46377380044_9bed857d27_o.view_.jpg\"><img fetchpriority=\"high\" decoding=\"async\" class=\"alignnone size-full wp-image-13125\" src=\"https:\/\/marekkuchcinski.pl\/wp-content\/uploads\/2019\/02\/46377380044_9bed857d27_o.view_.jpg\" alt=\"46377380044_9bed857d27_o.view\" width=\"800\" height=\"533\" srcset=\"https:\/\/marekkuchcinski.pl\/wp-content\/uploads\/2019\/02\/46377380044_9bed857d27_o.view_.jpg 800w, https:\/\/marekkuchcinski.pl\/wp-content\/uploads\/2019\/02\/46377380044_9bed857d27_o.view_-300x200.jpg 300w, https:\/\/marekkuchcinski.pl\/wp-content\/uploads\/2019\/02\/46377380044_9bed857d27_o.view_-768x512.jpg 768w\" sizes=\"(max-width: 800px) 100vw, 800px\" \/><\/a>KPRM: Vineri - omagiu adus lui Jan Olszewski de c\u0103tre pre\u0219edintele Sejm-ului, Marek Kuchci\u0144ski, <em>Foto: \u0141ukasz B\u0142asikiewicz<\/em><a href=\"https:\/\/marekkuchcinski.pl\/wp-content\/uploads\/2019\/02\/LB1_8611.view_.jpg\"><img decoding=\"async\" class=\"alignnone size-full wp-image-13124\" src=\"https:\/\/marekkuchcinski.pl\/wp-content\/uploads\/2019\/02\/LB1_8611.view_.jpg\" alt=\"LB1_8611.view\" width=\"800\" height=\"533\" srcset=\"https:\/\/marekkuchcinski.pl\/wp-content\/uploads\/2019\/02\/LB1_8611.view_.jpg 800w, https:\/\/marekkuchcinski.pl\/wp-content\/uploads\/2019\/02\/LB1_8611.view_-300x200.jpg 300w, https:\/\/marekkuchcinski.pl\/wp-content\/uploads\/2019\/02\/LB1_8611.view_-768x512.jpg 768w\" sizes=\"(max-width: 800px) 100vw, 800px\" \/><\/a><a href=\"https:\/\/marekkuchcinski.pl\/wp-content\/uploads\/2019\/02\/LB1_9376.view_.jpg\"><img decoding=\"async\" class=\"alignnone size-full wp-image-13131\" src=\"https:\/\/marekkuchcinski.pl\/wp-content\/uploads\/2019\/02\/LB1_9376.view_.jpg\" alt=\"LB1_9376.view\" width=\"800\" height=\"533\" srcset=\"https:\/\/marekkuchcinski.pl\/wp-content\/uploads\/2019\/02\/LB1_9376.view_.jpg 800w, https:\/\/marekkuchcinski.pl\/wp-content\/uploads\/2019\/02\/LB1_9376.view_-300x200.jpg 300w, https:\/\/marekkuchcinski.pl\/wp-content\/uploads\/2019\/02\/LB1_9376.view_-768x512.jpg 768w\" sizes=\"(max-width: 800px) 100vw, 800px\" \/><\/a> S\u00e2mb\u0103t\u0103 diminea\u021ba, sicriul lui Jan Olszewski a fost adus \u00een Bazilica Arhidiecatedral\u0103 Sf\u00e2ntul Ioan Botez\u0103torul, unde a fost oficiat\u0103 o slujb\u0103 de \u00eenmorm\u00e2ntare.<a href=\"https:\/\/marekkuchcinski.pl\/wp-content\/uploads\/2019\/02\/RZ__2195.view_.jpg\"><img loading=\"lazy\" decoding=\"async\" class=\"alignnone size-full wp-image-13126\" src=\"https:\/\/marekkuchcinski.pl\/wp-content\/uploads\/2019\/02\/RZ__2195.view_.jpg\" alt=\"RZ__2195.view\" width=\"800\" height=\"533\" srcset=\"https:\/\/marekkuchcinski.pl\/wp-content\/uploads\/2019\/02\/RZ__2195.view_.jpg 800w, https:\/\/marekkuchcinski.pl\/wp-content\/uploads\/2019\/02\/RZ__2195.view_-300x200.jpg 300w, https:\/\/marekkuchcinski.pl\/wp-content\/uploads\/2019\/02\/RZ__2195.view_-768x512.jpg 768w\" sizes=\"(max-width: 800px) 100vw, 800px\" \/><\/a>La Monumentul Revoltei din Var\u0219ovia, premierul Olszewski a fost salutat de solda\u021bii Armatei Na\u021bionale, insurgen\u021bii din Var\u0219ovia \u0219i activi\u0219tii opozi\u021biei anticomuniste<a href=\"https:\/\/marekkuchcinski.pl\/wp-content\/uploads\/2019\/02\/RZ__1998.view_.jpg\"><img loading=\"lazy\" decoding=\"async\" class=\"alignnone size-full wp-image-13128\" src=\"https:\/\/marekkuchcinski.pl\/wp-content\/uploads\/2019\/02\/RZ__1998.view_.jpg\" alt=\"RZ__1998.view\" width=\"800\" height=\"533\" srcset=\"https:\/\/marekkuchcinski.pl\/wp-content\/uploads\/2019\/02\/RZ__1998.view_.jpg 800w, https:\/\/marekkuchcinski.pl\/wp-content\/uploads\/2019\/02\/RZ__1998.view_-300x200.jpg 300w, https:\/\/marekkuchcinski.pl\/wp-content\/uploads\/2019\/02\/RZ__1998.view_-768x512.jpg 768w\" sizes=\"(max-width: 800px) 100vw, 800px\" \/><\/a><em>Foto: Rafa\u0142 Zambrzycki\/ Sejm<\/em><\/p>\n<p><em>O \u00eencercare de a construi un stat civic - Piotr Woyciechowski intervievat de Jan Olszewski<\/em><\/p>","protected":false},"excerpt":{"rendered":"<p>Jan Olszewski, \u017co\u0142nierz Szarych Szereg\u00f3w,\u00a0premier, pose\u0142, adwokat, obro\u0144ca w procesach politycznych, publicysta. Wielki cz\u0142owiek. O swoim rz\u0105dzie (1991\u20131992) m\u00f3wi\u0142: Uwa\u017cam, \u017ce by\u0142a to pierwsza pr\u00f3ba odwr\u00f3cenia biegu historii Polski, kt\u00f3ry zosta\u0142 zdeterminowany za\u0142o\u017ceniami ludzi maj\u0105cych w latach 80. ubieg\u0142ego wieku pe\u0142n\u0105 \u015bwiadomo\u015b\u0107, \u017ce ustroju komunistycznego nie da si\u0119 utrzyma\u0107 w takiej formie, w jakiej dotychczas [&hellip;]<\/p>\n","protected":false},"author":6,"featured_media":13125,"comment_status":"open","ping_status":"open","sticky":false,"template":"","format":"standard","meta":{"ngg_post_thumbnail":0,"footnotes":""},"categories":[3],"tags":[],"class_list":["post-13123","post","type-post","status-publish","format-standard","has-post-thumbnail","hentry","category-wydarzenia"],"_links":{"self":[{"href":"https:\/\/marekkuchcinski.pl\/ro\/wp-json\/wp\/v2\/posts\/13123","targetHints":{"allow":["GET"]}}],"collection":[{"href":"https:\/\/marekkuchcinski.pl\/ro\/wp-json\/wp\/v2\/posts"}],"about":[{"href":"https:\/\/marekkuchcinski.pl\/ro\/wp-json\/wp\/v2\/types\/post"}],"author":[{"embeddable":true,"href":"https:\/\/marekkuchcinski.pl\/ro\/wp-json\/wp\/v2\/users\/6"}],"replies":[{"embeddable":true,"href":"https:\/\/marekkuchcinski.pl\/ro\/wp-json\/wp\/v2\/comments?post=13123"}],"version-history":[{"count":12,"href":"https:\/\/marekkuchcinski.pl\/ro\/wp-json\/wp\/v2\/posts\/13123\/revisions"}],"predecessor-version":[{"id":13144,"href":"https:\/\/marekkuchcinski.pl\/ro\/wp-json\/wp\/v2\/posts\/13123\/revisions\/13144"}],"wp:featuredmedia":[{"embeddable":true,"href":"https:\/\/marekkuchcinski.pl\/ro\/wp-json\/wp\/v2\/media\/13125"}],"wp:attachment":[{"href":"https:\/\/marekkuchcinski.pl\/ro\/wp-json\/wp\/v2\/media?parent=13123"}],"wp:term":[{"taxonomy":"category","embeddable":true,"href":"https:\/\/marekkuchcinski.pl\/ro\/wp-json\/wp\/v2\/categories?post=13123"},{"taxonomy":"post_tag","embeddable":true,"href":"https:\/\/marekkuchcinski.pl\/ro\/wp-json\/wp\/v2\/tags?post=13123"}],"curies":[{"name":"wp","href":"https:\/\/api.w.org\/{rel}","templated":true}]}}