{"id":13098,"date":"2019-02-14T11:22:50","date_gmt":"2019-02-14T10:22:50","guid":{"rendered":"https:\/\/marekkuchcinski.pl\/?p=13098"},"modified":"2019-02-14T15:55:03","modified_gmt":"2019-02-14T14:55:03","slug":"marek-kuchcinski-77-rocznice-powolania-ak-skladam-wyrazy-czci-glebokiego-szacunku-kombatantom-armii-krajowej","status":"publish","type":"post","link":"https:\/\/marekkuchcinski.pl\/ro\/wydarzenia\/marek-kuchcinski-77-rocznice-powolania-ak-skladam-wyrazy-czci-glebokiego-szacunku-kombatantom-armii-krajowej\/","title":{"rendered":"Marek Kuchci\u0144ski la cea de-a 77-a aniversare a AK: Aduc omagiile \u0219i respectul meu profund veteranilor Armatei de Acas\u0103"},"content":{"rendered":"<p><strong>La 14 februarie 1942, prin ordinul comandantului-\u0219ef, generalul W\u0142adys\u0142aw Sikorski, a fost \u00eenfiin\u021bat\u0103 Armata Na\u021bional\u0103. Predecesorul s\u0103u a fost Uniunea de Lupt\u0103 Armat\u0103. Armata Na\u021bional\u0103 a func\u021bionat pe toat\u0103 durata celei de-a doua Republici. Glorie eroilor - a scris <a href=\"https:\/\/twitter.com\/MarekKuchcinski\/status\/1095943178153349122\">Twitter<\/a> Marek Kuchci\u0144ski.<\/strong><\/p>\n<p>\u00cen scrisorile adresate \u0219efului Oficiului pentru Veteranii de R\u0103zboi \u0219i Victimele Represiunii \u0219i directorului Institutului pentru Memoria Na\u021bional\u0103 (IPN Rzesz\u00f3w), pre\u0219edintele Sejm-ului a scris c\u0103 aduce un omagiu \u0219i un profund respect veteranilor Armatei Na\u021bionale, eroi ap\u0103r\u0103tori ai Patriei. El a reamintit c\u0103 \u00een urm\u0103 cu 77 de ani, din ordinul comandantului-\u0219ef al For\u021belor Armate poloneze, generalul W\u0142adys\u0142aw Sikorski, Uniunea de Lupt\u0103 Armat\u0103 conspirativ\u0103 a fost transformat\u0103 \u00een Armata Na\u021bional\u0103, a c\u0103rei activitate ocup\u0103 una dintre cele mai glorioase pagini din istoria Republicii Polone. Armata Na\u021bional\u0103 a fost m\u00e2ndria Poloniei clandestine, dep\u0103\u0219ind armatele clandestine din Europa ocupat\u0103 \u00een ceea ce prive\u0219te num\u0103rul \u0219i excelen\u021ba organizatoric\u0103.<\/p>\n<p>Marek Kuchci\u0144ski a subliniat c\u0103 \u00een istoria Armatei Na\u021bionale au existat multe exemple frumoase de disponibilitate de a face sacrificii pentru binele Poloniei. Printre cele mai notabile se num\u0103r\u0103 Opera\u021biunea Tempest \u0219i Revolta de la Var\u0219ovia, \u00een timpul c\u0103rora solda\u021bii din Armata Na\u021bional\u0103 au luptat \u00eempotriva unor for\u021be inamice regulate \u0219i superioare. Un rol deloc neglijabil \u00een construirea drumului nostru spre libertate l-au jucat ac\u021biunile de diversiune \u0219i sabotaj planificate de Direc\u021bia Diversiune a Comandamentului Armatei Na\u021bionale. Curajul \u0219i determinarea for\u021belor armate poloneze \u00een aceste vremuri dificile au ar\u0103tat c\u0103 fiecare act de sfidare \u00eempotriva r\u0103ului a fost de mare importan\u021b\u0103.<\/p>\n<p>Pre\u0219edintele Sejm-ului a amintit c\u0103 eroismul \u0219i curajul solda\u021bilor Armatei Na\u021bionale, precum \u0219i determinarea lor \u00een lupta pentru o Patrie liber\u0103 \u0219i independent\u0103, au f\u0103cut ca timp de mul\u021bi ani autorit\u0103\u021bile comuniste s\u0103 \u00eencerce s\u0103 le \u0219tearg\u0103 meritele din paginile istoriei. Vie\u021bile multora dintre eroii ceremoniei de ast\u0103zi au fost marcate de represiuni brutale \u0219i h\u0103r\u021buiri opresive. - Tocmai \u00een astfel de momente, c\u00e2nd ne g\u00e2ndim la acei oameni \u0219i la acele evenimente, dorim s\u0103 facem tot ce ne st\u0103 \u00een putin\u021b\u0103 pentru a ne asigura c\u0103 trecutul nu va fi niciodat\u0103 uitat \u0219i c\u0103 ideile care au fost cump\u0103rate cu suferin\u021b\u0103 \u0219i cu vie\u021bile a mii de oameni sunt permanent \u00eentip\u0103rite \u00een con\u0219tiin\u021ba genera\u021biilor prezente \u0219i viitoare. Pentru c\u0103 memoria este mo\u0219tenirea comun\u0103 \u0219i liantul identit\u0103\u021bii noastre na\u021bionale\", a scris mare\u0219alul Kuchci\u0144ski.<\/p>\n<p><em>\u00a0 \u00a0 \u00a0 \u00a0<\/em><em>\u00a0 \u00a0 \u00a0 \u00a0 \u00a0 \u00a0 \u00a0 \u00a0 \u00a0 \u00a0 \u00a0 \u00a0 \u00a0 \u00a0 \u00a0 \u00a0 \u00a0 \u00a0 \u00a0 \u00a0 \u00a0 \u00a0 \u00a0 \u00a0 \u00a0 \u00a0 \u00a0 \u00a0 \u00a0 \u00a0 \u00a0 \u00a0 \u00a0 \u00a0 \u00a0\u00a0<\/em><\/p>\n<p><a href=\"https:\/\/marekkuchcinski.pl\/wp-content\/uploads\/2019\/02\/DSCF4054.jpg\"><img fetchpriority=\"high\" decoding=\"async\" class=\"alignnone size-full wp-image-13099\" src=\"https:\/\/marekkuchcinski.pl\/wp-content\/uploads\/2019\/02\/DSCF4054.jpg\" alt=\"DSCF4054\" width=\"3894\" height=\"2592\" srcset=\"https:\/\/marekkuchcinski.pl\/wp-content\/uploads\/2019\/02\/DSCF4054.jpg 2048w, https:\/\/marekkuchcinski.pl\/wp-content\/uploads\/2019\/02\/DSCF4054-300x200.jpg 300w, https:\/\/marekkuchcinski.pl\/wp-content\/uploads\/2019\/02\/DSCF4054-768x511.jpg 768w, https:\/\/marekkuchcinski.pl\/wp-content\/uploads\/2019\/02\/DSCF4054-1024x682.jpg 1024w\" sizes=\"(max-width: 3894px) 100vw, 3894px\" \/><\/a><\/p>\n<p><em>Monumentul AK de l\u00e2ng\u0103 Sejm, foto: mo<\/em><\/p>","protected":false},"excerpt":{"rendered":"<p>14 lutego 1942, rozkazem Naczelnego Wodza gen. W\u0142adys\u0142awa Sikorskiego zosta\u0142a powo\u0142ana Armia Krajowa. Jej poprzednikiem by\u0142 Zwi\u0105zek Walki Zbrojnej. AK dzia\u0142a\u0142a na obszarze ca\u0142ej II RP. Chwa\u0142a Bohaterom\u00a0&#8211; napisa\u0142 na Twitterze Marek Kuchci\u0144ski. W listach skierowanych do szefa Urz\u0119du ds. Kombatant\u00f3w i Os\u00f3b Represjonowanych oraz dyrektora IPN Rzesz\u00f3w marsza\u0142ek Sejmu napisa\u0142, \u017ce\u00a0sk\u0142ada wyrazy\u00a0czci i g\u0142\u0119bokiego [&hellip;]<\/p>","protected":false},"author":6,"featured_media":13099,"comment_status":"open","ping_status":"open","sticky":false,"template":"","format":"standard","meta":{"ngg_post_thumbnail":0,"footnotes":""},"categories":[104,77,3],"tags":[],"class_list":["post-13098","post","type-post","status-publish","format-standard","has-post-thumbnail","hentry","category-lms","category-wazne-daty","category-wydarzenia"],"yoast_head":"<!-- This site is optimized with the Yoast SEO plugin v24.7 - https:\/\/yoast.com\/wordpress\/plugins\/seo\/ -->\n<title>Marek Kuchci\u0144ski w 77. rocznic\u0119 powo\u0142ania AK: Sk\u0142adam wyrazy czci i g\u0142\u0119bokiego szacunku Kombatantom Armii Krajowej &#8211; Marek Kuchci\u0144ski<\/title>\n<meta name=\"robots\" content=\"index, follow, max-snippet:-1, max-image-preview:large, max-video-preview:-1\" \/>\n<link rel=\"canonical\" href=\"https:\/\/marekkuchcinski.pl\/ro\/wydarzenia\/marek-kuchcinski-77-rocznice-powolania-ak-skladam-wyrazy-czci-glebokiego-szacunku-kombatantom-armii-krajowej\/\" \/>\n<meta property=\"og:locale\" content=\"ro_RO\" \/>\n<meta property=\"og:type\" content=\"article\" \/>\n<meta property=\"og:title\" content=\"Marek Kuchci\u0144ski w 77. rocznic\u0119 powo\u0142ania AK: Sk\u0142adam wyrazy czci i g\u0142\u0119bokiego szacunku Kombatantom Armii Krajowej &#8211; Marek Kuchci\u0144ski\" \/>\n<meta property=\"og:description\" content=\"14 lutego 1942, rozkazem Naczelnego Wodza gen. W\u0142adys\u0142awa Sikorskiego zosta\u0142a powo\u0142ana Armia Krajowa. Jej poprzednikiem by\u0142 Zwi\u0105zek Walki Zbrojnej. AK dzia\u0142a\u0142a na obszarze ca\u0142ej II RP. Chwa\u0142a Bohaterom\u00a0&#8211; napisa\u0142 na Twitterze Marek Kuchci\u0144ski. W listach skierowanych do szefa Urz\u0119du ds. Kombatant\u00f3w i Os\u00f3b Represjonowanych oraz dyrektora IPN Rzesz\u00f3w marsza\u0142ek Sejmu napisa\u0142, \u017ce\u00a0sk\u0142ada wyrazy\u00a0czci i g\u0142\u0119bokiego [&hellip;]\" \/>\n<meta property=\"og:url\" content=\"https:\/\/marekkuchcinski.pl\/ro\/wydarzenia\/marek-kuchcinski-77-rocznice-powolania-ak-skladam-wyrazy-czci-glebokiego-szacunku-kombatantom-armii-krajowej\/\" \/>\n<meta property=\"og:site_name\" content=\"Marek Kuchci\u0144ski\" \/>\n<meta property=\"article:published_time\" content=\"2019-02-14T10:22:50+00:00\" \/>\n<meta property=\"article:modified_time\" content=\"2019-02-14T14:55:03+00:00\" \/>\n<meta property=\"og:image\" content=\"https:\/\/marekkuchcinski.pl\/wp-content\/uploads\/2019\/02\/DSCF4054.jpg\" \/>\n\t<meta property=\"og:image:width\" content=\"2048\" \/>\n\t<meta property=\"og:image:height\" content=\"1363\" \/>\n\t<meta property=\"og:image:type\" content=\"image\/jpeg\" \/>\n<meta name=\"author\" content=\"admin\" \/>\n<meta name=\"twitter:card\" content=\"summary_large_image\" \/>\n<meta name=\"twitter:label1\" content=\"Scris de\" \/>\n\t<meta name=\"twitter:data1\" content=\"admin\" \/>\n\t<meta name=\"twitter:label2\" content=\"Timp estimat pentru citire\" \/>\n\t<meta name=\"twitter:data2\" content=\"2 minutes\" \/>\n<script type=\"application\/ld+json\" class=\"yoast-schema-graph\">{\"@context\":\"https:\/\/schema.org\",\"@graph\":[{\"@type\":\"Article\",\"@id\":\"https:\/\/marekkuchcinski.pl\/hu\/wydarzenia\/marek-kuchcinski-77-rocznice-powolania-ak-skladam-wyrazy-czci-glebokiego-szacunku-kombatantom-armii-krajowej\/#article\",\"isPartOf\":{\"@id\":\"https:\/\/marekkuchcinski.pl\/hu\/wydarzenia\/marek-kuchcinski-77-rocznice-powolania-ak-skladam-wyrazy-czci-glebokiego-szacunku-kombatantom-armii-krajowej\/\"},\"author\":{\"name\":\"admin\",\"@id\":\"https:\/\/marekkuchcinski.pl\/#\/schema\/person\/6f62700996b4d950b6ea2d1183b6c6be\"},\"headline\":\"Marek Kuchci\u0144ski w 77. rocznic\u0119 powo\u0142ania AK: Sk\u0142adam wyrazy czci i g\u0142\u0119bokiego szacunku Kombatantom Armii Krajowej\",\"datePublished\":\"2019-02-14T10:22:50+00:00\",\"dateModified\":\"2019-02-14T14:55:03+00:00\",\"mainEntityOfPage\":{\"@id\":\"https:\/\/marekkuchcinski.pl\/hu\/wydarzenia\/marek-kuchcinski-77-rocznice-powolania-ak-skladam-wyrazy-czci-glebokiego-szacunku-kombatantom-armii-krajowej\/\"},\"wordCount\":396,\"commentCount\":0,\"publisher\":{\"@id\":\"https:\/\/marekkuchcinski.pl\/#organization\"},\"image\":{\"@id\":\"https:\/\/marekkuchcinski.pl\/hu\/wydarzenia\/marek-kuchcinski-77-rocznice-powolania-ak-skladam-wyrazy-czci-glebokiego-szacunku-kombatantom-armii-krajowej\/#primaryimage\"},\"thumbnailUrl\":\"https:\/\/marekkuchcinski.pl\/wp-content\/uploads\/2019\/02\/DSCF4054.jpg\",\"articleSection\":[\"Listy Marsza\u0142ka Sejmu\",\"Wa\u017cne daty\",\"Wydarzenia\"],\"inLanguage\":\"ro-RO\",\"potentialAction\":[{\"@type\":\"CommentAction\",\"name\":\"Comment\",\"target\":[\"https:\/\/marekkuchcinski.pl\/hu\/wydarzenia\/marek-kuchcinski-77-rocznice-powolania-ak-skladam-wyrazy-czci-glebokiego-szacunku-kombatantom-armii-krajowej\/#respond\"]}]},{\"@type\":\"WebPage\",\"@id\":\"https:\/\/marekkuchcinski.pl\/hu\/wydarzenia\/marek-kuchcinski-77-rocznice-powolania-ak-skladam-wyrazy-czci-glebokiego-szacunku-kombatantom-armii-krajowej\/\",\"url\":\"https:\/\/marekkuchcinski.pl\/hu\/wydarzenia\/marek-kuchcinski-77-rocznice-powolania-ak-skladam-wyrazy-czci-glebokiego-szacunku-kombatantom-armii-krajowej\/\",\"name\":\"Marek Kuchci\u0144ski w 77. rocznic\u0119 powo\u0142ania AK: Sk\u0142adam wyrazy czci i g\u0142\u0119bokiego szacunku Kombatantom Armii Krajowej &#8211; Marek Kuchci\u0144ski\",\"isPartOf\":{\"@id\":\"https:\/\/marekkuchcinski.pl\/#website\"},\"primaryImageOfPage\":{\"@id\":\"https:\/\/marekkuchcinski.pl\/hu\/wydarzenia\/marek-kuchcinski-77-rocznice-powolania-ak-skladam-wyrazy-czci-glebokiego-szacunku-kombatantom-armii-krajowej\/#primaryimage\"},\"image\":{\"@id\":\"https:\/\/marekkuchcinski.pl\/hu\/wydarzenia\/marek-kuchcinski-77-rocznice-powolania-ak-skladam-wyrazy-czci-glebokiego-szacunku-kombatantom-armii-krajowej\/#primaryimage\"},\"thumbnailUrl\":\"https:\/\/marekkuchcinski.pl\/wp-content\/uploads\/2019\/02\/DSCF4054.jpg\",\"datePublished\":\"2019-02-14T10:22:50+00:00\",\"dateModified\":\"2019-02-14T14:55:03+00:00\",\"breadcrumb\":{\"@id\":\"https:\/\/marekkuchcinski.pl\/hu\/wydarzenia\/marek-kuchcinski-77-rocznice-powolania-ak-skladam-wyrazy-czci-glebokiego-szacunku-kombatantom-armii-krajowej\/#breadcrumb\"},\"inLanguage\":\"ro-RO\",\"potentialAction\":[{\"@type\":\"ReadAction\",\"target\":[\"https:\/\/marekkuchcinski.pl\/hu\/wydarzenia\/marek-kuchcinski-77-rocznice-powolania-ak-skladam-wyrazy-czci-glebokiego-szacunku-kombatantom-armii-krajowej\/\"]}]},{\"@type\":\"ImageObject\",\"inLanguage\":\"ro-RO\",\"@id\":\"https:\/\/marekkuchcinski.pl\/hu\/wydarzenia\/marek-kuchcinski-77-rocznice-powolania-ak-skladam-wyrazy-czci-glebokiego-szacunku-kombatantom-armii-krajowej\/#primaryimage\",\"url\":\"https:\/\/marekkuchcinski.pl\/wp-content\/uploads\/2019\/02\/DSCF4054.jpg\",\"contentUrl\":\"https:\/\/marekkuchcinski.pl\/wp-content\/uploads\/2019\/02\/DSCF4054.jpg\",\"width\":2048,\"height\":1363},{\"@type\":\"BreadcrumbList\",\"@id\":\"https:\/\/marekkuchcinski.pl\/hu\/wydarzenia\/marek-kuchcinski-77-rocznice-powolania-ak-skladam-wyrazy-czci-glebokiego-szacunku-kombatantom-armii-krajowej\/#breadcrumb\",\"itemListElement\":[{\"@type\":\"ListItem\",\"position\":1,\"name\":\"Strona g\u0142\u00f3wna\",\"item\":\"https:\/\/marekkuchcinski.pl\/\"},{\"@type\":\"ListItem\",\"position\":2,\"name\":\"Marek Kuchci\u0144ski w 77. rocznic\u0119 powo\u0142ania AK: Sk\u0142adam wyrazy czci i g\u0142\u0119bokiego szacunku Kombatantom Armii Krajowej\"}]},{\"@type\":\"WebSite\",\"@id\":\"https:\/\/marekkuchcinski.pl\/#website\",\"url\":\"https:\/\/marekkuchcinski.pl\/\",\"name\":\"Marek Kuchci\u0144ski\",\"description\":\"Pose\u0142 na sejm RP &ndash; okr\u0119g nr 22\",\"publisher\":{\"@id\":\"https:\/\/marekkuchcinski.pl\/#organization\"},\"potentialAction\":[{\"@type\":\"SearchAction\",\"target\":{\"@type\":\"EntryPoint\",\"urlTemplate\":\"https:\/\/marekkuchcinski.pl\/?s={search_term_string}\"},\"query-input\":{\"@type\":\"PropertyValueSpecification\",\"valueRequired\":true,\"valueName\":\"search_term_string\"}}],\"inLanguage\":\"ro-RO\"},{\"@type\":\"Organization\",\"@id\":\"https:\/\/marekkuchcinski.pl\/#organization\",\"name\":\"Marek Kuchci\u0144ski\",\"url\":\"https:\/\/marekkuchcinski.pl\/\",\"logo\":{\"@type\":\"ImageObject\",\"inLanguage\":\"ro-RO\",\"@id\":\"https:\/\/marekkuchcinski.pl\/#\/schema\/logo\/image\/\",\"url\":\"https:\/\/marekkuchcinski.pl\/wp-content\/uploads\/2022\/09\/Marek.jpg\",\"contentUrl\":\"https:\/\/marekkuchcinski.pl\/wp-content\/uploads\/2022\/09\/Marek.jpg\",\"width\":1600,\"height\":971,\"caption\":\"Marek Kuchci\u0144ski\"},\"image\":{\"@id\":\"https:\/\/marekkuchcinski.pl\/#\/schema\/logo\/image\/\"}},{\"@type\":\"Person\",\"@id\":\"https:\/\/marekkuchcinski.pl\/#\/schema\/person\/6f62700996b4d950b6ea2d1183b6c6be\",\"name\":\"admin\",\"image\":{\"@type\":\"ImageObject\",\"inLanguage\":\"ro-RO\",\"@id\":\"https:\/\/marekkuchcinski.pl\/#\/schema\/person\/image\/\",\"url\":\"https:\/\/secure.gravatar.com\/avatar\/4bab693b9d55c3d6b52c0296a8765085?s=96&d=mm&r=g\",\"contentUrl\":\"https:\/\/secure.gravatar.com\/avatar\/4bab693b9d55c3d6b52c0296a8765085?s=96&d=mm&r=g\",\"caption\":\"admin\"},\"url\":\"https:\/\/marekkuchcinski.pl\/ro\/author\/marta-olejnik\/\"}]}<\/script>\n<!-- \/ Yoast SEO plugin. -->","yoast_head_json":{"title":"Marek Kuchci\u0144ski w 77. rocznic\u0119 powo\u0142ania AK: Sk\u0142adam wyrazy czci i g\u0142\u0119bokiego szacunku Kombatantom Armii Krajowej &#8211; Marek Kuchci\u0144ski","robots":{"index":"index","follow":"follow","max-snippet":"max-snippet:-1","max-image-preview":"max-image-preview:large","max-video-preview":"max-video-preview:-1"},"canonical":"https:\/\/marekkuchcinski.pl\/ro\/wydarzenia\/marek-kuchcinski-77-rocznice-powolania-ak-skladam-wyrazy-czci-glebokiego-szacunku-kombatantom-armii-krajowej\/","og_locale":"ro_RO","og_type":"article","og_title":"Marek Kuchci\u0144ski w 77. rocznic\u0119 powo\u0142ania AK: Sk\u0142adam wyrazy czci i g\u0142\u0119bokiego szacunku Kombatantom Armii Krajowej &#8211; Marek Kuchci\u0144ski","og_description":"14 lutego 1942, rozkazem Naczelnego Wodza gen. W\u0142adys\u0142awa Sikorskiego zosta\u0142a powo\u0142ana Armia Krajowa. Jej poprzednikiem by\u0142 Zwi\u0105zek Walki Zbrojnej. AK dzia\u0142a\u0142a na obszarze ca\u0142ej II RP. Chwa\u0142a Bohaterom\u00a0&#8211; napisa\u0142 na Twitterze Marek Kuchci\u0144ski. W listach skierowanych do szefa Urz\u0119du ds. Kombatant\u00f3w i Os\u00f3b Represjonowanych oraz dyrektora IPN Rzesz\u00f3w marsza\u0142ek Sejmu napisa\u0142, \u017ce\u00a0sk\u0142ada wyrazy\u00a0czci i g\u0142\u0119bokiego [&hellip;]","og_url":"https:\/\/marekkuchcinski.pl\/ro\/wydarzenia\/marek-kuchcinski-77-rocznice-powolania-ak-skladam-wyrazy-czci-glebokiego-szacunku-kombatantom-armii-krajowej\/","og_site_name":"Marek Kuchci\u0144ski","article_published_time":"2019-02-14T10:22:50+00:00","article_modified_time":"2019-02-14T14:55:03+00:00","og_image":[{"width":2048,"height":1363,"url":"https:\/\/marekkuchcinski.pl\/wp-content\/uploads\/2019\/02\/DSCF4054.jpg","type":"image\/jpeg"}],"author":"admin","twitter_card":"summary_large_image","twitter_misc":{"Scris de":"admin","Timp estimat pentru citire":"2 minutes"},"schema":{"@context":"https:\/\/schema.org","@graph":[{"@type":"Article","@id":"https:\/\/marekkuchcinski.pl\/hu\/wydarzenia\/marek-kuchcinski-77-rocznice-powolania-ak-skladam-wyrazy-czci-glebokiego-szacunku-kombatantom-armii-krajowej\/#article","isPartOf":{"@id":"https:\/\/marekkuchcinski.pl\/hu\/wydarzenia\/marek-kuchcinski-77-rocznice-powolania-ak-skladam-wyrazy-czci-glebokiego-szacunku-kombatantom-armii-krajowej\/"},"author":{"name":"admin","@id":"https:\/\/marekkuchcinski.pl\/#\/schema\/person\/6f62700996b4d950b6ea2d1183b6c6be"},"headline":"Marek Kuchci\u0144ski w 77. rocznic\u0119 powo\u0142ania AK: Sk\u0142adam wyrazy czci i g\u0142\u0119bokiego szacunku Kombatantom Armii Krajowej","datePublished":"2019-02-14T10:22:50+00:00","dateModified":"2019-02-14T14:55:03+00:00","mainEntityOfPage":{"@id":"https:\/\/marekkuchcinski.pl\/hu\/wydarzenia\/marek-kuchcinski-77-rocznice-powolania-ak-skladam-wyrazy-czci-glebokiego-szacunku-kombatantom-armii-krajowej\/"},"wordCount":396,"commentCount":0,"publisher":{"@id":"https:\/\/marekkuchcinski.pl\/#organization"},"image":{"@id":"https:\/\/marekkuchcinski.pl\/hu\/wydarzenia\/marek-kuchcinski-77-rocznice-powolania-ak-skladam-wyrazy-czci-glebokiego-szacunku-kombatantom-armii-krajowej\/#primaryimage"},"thumbnailUrl":"https:\/\/marekkuchcinski.pl\/wp-content\/uploads\/2019\/02\/DSCF4054.jpg","articleSection":["Listy Marsza\u0142ka Sejmu","Wa\u017cne daty","Wydarzenia"],"inLanguage":"ro-RO","potentialAction":[{"@type":"CommentAction","name":"Comment","target":["https:\/\/marekkuchcinski.pl\/hu\/wydarzenia\/marek-kuchcinski-77-rocznice-powolania-ak-skladam-wyrazy-czci-glebokiego-szacunku-kombatantom-armii-krajowej\/#respond"]}]},{"@type":"WebPage","@id":"https:\/\/marekkuchcinski.pl\/hu\/wydarzenia\/marek-kuchcinski-77-rocznice-powolania-ak-skladam-wyrazy-czci-glebokiego-szacunku-kombatantom-armii-krajowej\/","url":"https:\/\/marekkuchcinski.pl\/hu\/wydarzenia\/marek-kuchcinski-77-rocznice-powolania-ak-skladam-wyrazy-czci-glebokiego-szacunku-kombatantom-armii-krajowej\/","name":"Marek Kuchci\u0144ski w 77. rocznic\u0119 powo\u0142ania AK: Sk\u0142adam wyrazy czci i g\u0142\u0119bokiego szacunku Kombatantom Armii Krajowej &#8211; Marek Kuchci\u0144ski","isPartOf":{"@id":"https:\/\/marekkuchcinski.pl\/#website"},"primaryImageOfPage":{"@id":"https:\/\/marekkuchcinski.pl\/hu\/wydarzenia\/marek-kuchcinski-77-rocznice-powolania-ak-skladam-wyrazy-czci-glebokiego-szacunku-kombatantom-armii-krajowej\/#primaryimage"},"image":{"@id":"https:\/\/marekkuchcinski.pl\/hu\/wydarzenia\/marek-kuchcinski-77-rocznice-powolania-ak-skladam-wyrazy-czci-glebokiego-szacunku-kombatantom-armii-krajowej\/#primaryimage"},"thumbnailUrl":"https:\/\/marekkuchcinski.pl\/wp-content\/uploads\/2019\/02\/DSCF4054.jpg","datePublished":"2019-02-14T10:22:50+00:00","dateModified":"2019-02-14T14:55:03+00:00","breadcrumb":{"@id":"https:\/\/marekkuchcinski.pl\/hu\/wydarzenia\/marek-kuchcinski-77-rocznice-powolania-ak-skladam-wyrazy-czci-glebokiego-szacunku-kombatantom-armii-krajowej\/#breadcrumb"},"inLanguage":"ro-RO","potentialAction":[{"@type":"ReadAction","target":["https:\/\/marekkuchcinski.pl\/hu\/wydarzenia\/marek-kuchcinski-77-rocznice-powolania-ak-skladam-wyrazy-czci-glebokiego-szacunku-kombatantom-armii-krajowej\/"]}]},{"@type":"ImageObject","inLanguage":"ro-RO","@id":"https:\/\/marekkuchcinski.pl\/hu\/wydarzenia\/marek-kuchcinski-77-rocznice-powolania-ak-skladam-wyrazy-czci-glebokiego-szacunku-kombatantom-armii-krajowej\/#primaryimage","url":"https:\/\/marekkuchcinski.pl\/wp-content\/uploads\/2019\/02\/DSCF4054.jpg","contentUrl":"https:\/\/marekkuchcinski.pl\/wp-content\/uploads\/2019\/02\/DSCF4054.jpg","width":2048,"height":1363},{"@type":"BreadcrumbList","@id":"https:\/\/marekkuchcinski.pl\/hu\/wydarzenia\/marek-kuchcinski-77-rocznice-powolania-ak-skladam-wyrazy-czci-glebokiego-szacunku-kombatantom-armii-krajowej\/#breadcrumb","itemListElement":[{"@type":"ListItem","position":1,"name":"Strona g\u0142\u00f3wna","item":"https:\/\/marekkuchcinski.pl\/"},{"@type":"ListItem","position":2,"name":"Marek Kuchci\u0144ski w 77. rocznic\u0119 powo\u0142ania AK: Sk\u0142adam wyrazy czci i g\u0142\u0119bokiego szacunku Kombatantom Armii Krajowej"}]},{"@type":"WebSite","@id":"https:\/\/marekkuchcinski.pl\/#website","url":"https:\/\/marekkuchcinski.pl\/","name":"Marek Kuchci\u0144ski","description":"Pose\u0142 na sejm RP &ndash; okr\u0119g nr 22","publisher":{"@id":"https:\/\/marekkuchcinski.pl\/#organization"},"potentialAction":[{"@type":"SearchAction","target":{"@type":"EntryPoint","urlTemplate":"https:\/\/marekkuchcinski.pl\/?s={search_term_string}"},"query-input":{"@type":"PropertyValueSpecification","valueRequired":true,"valueName":"search_term_string"}}],"inLanguage":"ro-RO"},{"@type":"Organization","@id":"https:\/\/marekkuchcinski.pl\/#organization","name":"Marek Kuchci\u0144ski","url":"https:\/\/marekkuchcinski.pl\/","logo":{"@type":"ImageObject","inLanguage":"ro-RO","@id":"https:\/\/marekkuchcinski.pl\/#\/schema\/logo\/image\/","url":"https:\/\/marekkuchcinski.pl\/wp-content\/uploads\/2022\/09\/Marek.jpg","contentUrl":"https:\/\/marekkuchcinski.pl\/wp-content\/uploads\/2022\/09\/Marek.jpg","width":1600,"height":971,"caption":"Marek Kuchci\u0144ski"},"image":{"@id":"https:\/\/marekkuchcinski.pl\/#\/schema\/logo\/image\/"}},{"@type":"Person","@id":"https:\/\/marekkuchcinski.pl\/#\/schema\/person\/6f62700996b4d950b6ea2d1183b6c6be","name":"admin","image":{"@type":"ImageObject","inLanguage":"ro-RO","@id":"https:\/\/marekkuchcinski.pl\/#\/schema\/person\/image\/","url":"https:\/\/secure.gravatar.com\/avatar\/4bab693b9d55c3d6b52c0296a8765085?s=96&d=mm&r=g","contentUrl":"https:\/\/secure.gravatar.com\/avatar\/4bab693b9d55c3d6b52c0296a8765085?s=96&d=mm&r=g","caption":"admin"},"url":"https:\/\/marekkuchcinski.pl\/ro\/author\/marta-olejnik\/"}]}},"_links":{"self":[{"href":"https:\/\/marekkuchcinski.pl\/ro\/wp-json\/wp\/v2\/posts\/13098","targetHints":{"allow":["GET"]}}],"collection":[{"href":"https:\/\/marekkuchcinski.pl\/ro\/wp-json\/wp\/v2\/posts"}],"about":[{"href":"https:\/\/marekkuchcinski.pl\/ro\/wp-json\/wp\/v2\/types\/post"}],"author":[{"embeddable":true,"href":"https:\/\/marekkuchcinski.pl\/ro\/wp-json\/wp\/v2\/users\/6"}],"replies":[{"embeddable":true,"href":"https:\/\/marekkuchcinski.pl\/ro\/wp-json\/wp\/v2\/comments?post=13098"}],"version-history":[{"count":7,"href":"https:\/\/marekkuchcinski.pl\/ro\/wp-json\/wp\/v2\/posts\/13098\/revisions"}],"predecessor-version":[{"id":13122,"href":"https:\/\/marekkuchcinski.pl\/ro\/wp-json\/wp\/v2\/posts\/13098\/revisions\/13122"}],"wp:featuredmedia":[{"embeddable":true,"href":"https:\/\/marekkuchcinski.pl\/ro\/wp-json\/wp\/v2\/media\/13099"}],"wp:attachment":[{"href":"https:\/\/marekkuchcinski.pl\/ro\/wp-json\/wp\/v2\/media?parent=13098"}],"wp:term":[{"taxonomy":"category","embeddable":true,"href":"https:\/\/marekkuchcinski.pl\/ro\/wp-json\/wp\/v2\/categories?post=13098"},{"taxonomy":"post_tag","embeddable":true,"href":"https:\/\/marekkuchcinski.pl\/ro\/wp-json\/wp\/v2\/tags?post=13098"}],"curies":[{"name":"wp","href":"https:\/\/api.w.org\/{rel}","templated":true}]}}