{"id":13026,"date":"2019-02-04T14:23:03","date_gmt":"2019-02-04T13:23:03","guid":{"rendered":"https:\/\/marekkuchcinski.pl\/?p=13026"},"modified":"2019-02-04T18:35:01","modified_gmt":"2019-02-04T17:35:01","slug":"memorial-olka-ostrowskiego-zostalo-rodzinie","status":"publish","type":"post","link":"https:\/\/marekkuchcinski.pl\/ro\/wydarzenia\/memorial-olka-ostrowskiego-zostalo-rodzinie\/","title":{"rendered":"Memorialul Olek Ostrowski. Totul a r\u0103mas \u00een familie"},"content":{"rendered":"<p><strong>Mun\u021bii \u0219i schiul au fost adev\u0103rata pasiune a lui Olek Ostrowski. \u0218i-a realizat cu curaj dorin\u021bele vie\u021bii\", a declarat Marek Kuchci\u0144ski, Mare\u0219alul, \u00een timp ce \u00eenm\u00e2na premiile celor mai buni concuren\u021bi ai p\u00e2rtiei de schi din Mun\u021bii Bieszczady.<\/strong><\/p>\n<p>Memorialul Olek Ostrowski, a\u0219a cum a fost numit evenimentul, a fost organizat pentru a treia oar\u0103. Competi\u021bia \u00eel comemoreaz\u0103 pe operatorul GOPR, schior-alpinistul care a murit \u00een 2015 \u00een Karakorum.<\/p>\n<p>Nu este de mirare c\u0103 la linia de start au venit salvatori din aproape toate grupurile GOPR din \u021bar\u0103, precum \u0219i reprezentan\u021bi ai poli\u021biei de frontier\u0103. \u00cen total, 54 de skitteri au pornit pe traseu, care au trebuit s\u0103 dep\u0103\u0219easc\u0103 traseul dificil din Wetlina, unde s-a n\u0103scut Olek. Competi\u021bia ar fi trebuit s\u0103 se \u00eencheie la Ustrzyki G\u00f3rne, dar rafalele de v\u00e2nt care atingeau 80 km\/or\u0103 \u00een mun\u021bi au reprezentat o amenin\u021bare prea mare. \u00cen cele din urm\u0103, fratele lui Olek, Tomasz, \u0219i Jan Koza \u0219i-au croit drum prin Po\u0142onina Wetli\u0144ska p\u00e2n\u0103 la Brzegi G\u00f3rne. Traseul, pe care drume\u021bii \u00eel parcurg vara \u00een aproximativ 5 ore, a fost parcurs \u00eentr-o or\u0103 \u0219i un sfert.<\/p>\n<p>Aleksander Ostrowski, care a fost men\u021bionat de Marek Kuchci\u0144ski, a fost un om extraordinar. A \u00eembinat dragostea pentru munte cu pasiunea pentru sport. Cu toate acestea, i-a p\u0103sat \u00eentotdeauna de ceilal\u021bi. Acesta este unul dintre motivele pentru care a devenit un salvator al Grupului GOPR Bieszczady.<\/p>\n<p>A fost distins cu prestigiosul premiu \"Colossus\" pentru cobor\u00e2rea cu schiurile de pe Cho Oyu (a f\u0103cut-o ca prim polonez \u00een 2014). Revista lunar\u0103 \"National Geographic\" a recunoscut-o drept \"performan\u021ba anului\". Din p\u0103cate, un an mai t\u00e2rziu, la 25 iulie 2015, atacul s\u0103u pe v\u00e2rful Gasherbrum II (8035 m) a e\u0219uat. \u00cen timpul cobor\u00e2rii, cel mai probabil a fost luat de o avalan\u0219\u0103. Mun\u021bii l-au luat cu ei pentru totdeauna.<\/p>\n<p><em>Text de M. Olejnik<\/em><\/p>\n<p><em>Foto \u0141. B\u0142asikiewicz<\/em><\/p>\n<p><a href=\"https:\/\/marekkuchcinski.pl\/wp-content\/uploads\/2019\/02\/LB1_3274.jpg\"><img fetchpriority=\"high\" decoding=\"async\" class=\"alignnone size-full wp-image-13027\" src=\"https:\/\/marekkuchcinski.pl\/wp-content\/uploads\/2019\/02\/LB1_3274.jpg\" alt=\"LB1_3274\" width=\"2088\" height=\"1392\" srcset=\"https:\/\/marekkuchcinski.pl\/wp-content\/uploads\/2019\/02\/LB1_3274.jpg 2048w, https:\/\/marekkuchcinski.pl\/wp-content\/uploads\/2019\/02\/LB1_3274-300x200.jpg 300w, https:\/\/marekkuchcinski.pl\/wp-content\/uploads\/2019\/02\/LB1_3274-768x512.jpg 768w, https:\/\/marekkuchcinski.pl\/wp-content\/uploads\/2019\/02\/LB1_3274-1024x683.jpg 1024w\" sizes=\"(max-width: 2088px) 100vw, 2088px\" \/><\/a><\/p>\n<p>&nbsp;<\/p>\n<p>&nbsp;<\/p>\n<p>&nbsp;<\/p>","protected":false},"excerpt":{"rendered":"<p>G\u00f3ry i narciarstwo by\u0142o prawdziw\u0105 pasj\u0105 Olka Ostrowskiego. Z odwag\u0105 realizowa\u0142 swoje \u017cyciowe pragnienia &#8211; powiedzia\u0142 marsza\u0142ek Marek Kuchci\u0144ski, wr\u0119czaj\u0105c nagrody najlepszym zawodnikom biegu narciarskiego w Bieszczadach. Memoria\u0142 Olka Ostrowskiego, bo tak nazywa\u0142a si\u0119 impreza, zosta\u0142 zorganizowany po raz trzeci. Zawody upami\u0119tniaj\u0105 GOPR-owca, skialpinist\u0119, kt\u00f3ry zgin\u0105\u0142 w 2015 r. w Karakorum. Nic wi\u0119c dziwnego, \u017ce [&hellip;]<\/p>","protected":false},"author":6,"featured_media":13041,"comment_status":"open","ping_status":"open","sticky":false,"template":"","format":"standard","meta":{"ngg_post_thumbnail":0,"footnotes":""},"categories":[49,3],"tags":[136,139,88,137,138],"class_list":["post-13026","post","type-post","status-publish","format-standard","has-post-thumbnail","hentry","category-podkarpacie","category-wydarzenia","tag-bieszczady","tag-gopr","tag-marszalek-sejmu","tag-olek-ostrowski","tag-skitury"],"yoast_head":"<!-- This site is optimized with the Yoast SEO plugin v24.7 - https:\/\/yoast.com\/wordpress\/plugins\/seo\/ -->\n<title>Memoria\u0142 Olka Ostrowskiego. Wszystko zosta\u0142o w rodzinie &#8211; Marek Kuchci\u0144ski<\/title>\n<meta name=\"robots\" content=\"index, follow, max-snippet:-1, max-image-preview:large, max-video-preview:-1\" \/>\n<link rel=\"canonical\" href=\"https:\/\/marekkuchcinski.pl\/ro\/wydarzenia\/memorial-olka-ostrowskiego-zostalo-rodzinie\/\" \/>\n<meta property=\"og:locale\" content=\"ro_RO\" \/>\n<meta property=\"og:type\" content=\"article\" \/>\n<meta property=\"og:title\" content=\"Memoria\u0142 Olka Ostrowskiego. Wszystko zosta\u0142o w rodzinie &#8211; Marek Kuchci\u0144ski\" \/>\n<meta property=\"og:description\" content=\"G\u00f3ry i narciarstwo by\u0142o prawdziw\u0105 pasj\u0105 Olka Ostrowskiego. Z odwag\u0105 realizowa\u0142 swoje \u017cyciowe pragnienia &#8211; powiedzia\u0142 marsza\u0142ek Marek Kuchci\u0144ski, wr\u0119czaj\u0105c nagrody najlepszym zawodnikom biegu narciarskiego w Bieszczadach. Memoria\u0142 Olka Ostrowskiego, bo tak nazywa\u0142a si\u0119 impreza, zosta\u0142 zorganizowany po raz trzeci. Zawody upami\u0119tniaj\u0105 GOPR-owca, skialpinist\u0119, kt\u00f3ry zgin\u0105\u0142 w 2015 r. w Karakorum. Nic wi\u0119c dziwnego, \u017ce [&hellip;]\" \/>\n<meta property=\"og:url\" content=\"https:\/\/marekkuchcinski.pl\/ro\/wydarzenia\/memorial-olka-ostrowskiego-zostalo-rodzinie\/\" \/>\n<meta property=\"og:site_name\" content=\"Marek Kuchci\u0144ski\" \/>\n<meta property=\"article:published_time\" content=\"2019-02-04T13:23:03+00:00\" \/>\n<meta property=\"article:modified_time\" content=\"2019-02-04T17:35:01+00:00\" \/>\n<meta property=\"og:image\" content=\"https:\/\/marekkuchcinski.pl\/wp-content\/uploads\/2019\/02\/LB1_3274-2.jpg\" \/>\n\t<meta property=\"og:image:width\" content=\"1638\" \/>\n\t<meta property=\"og:image:height\" content=\"1098\" \/>\n\t<meta property=\"og:image:type\" content=\"image\/jpeg\" \/>\n<meta name=\"author\" content=\"admin\" \/>\n<meta name=\"twitter:card\" content=\"summary_large_image\" \/>\n<meta name=\"twitter:label1\" content=\"Scris de\" \/>\n\t<meta name=\"twitter:data1\" content=\"admin\" \/>\n\t<meta name=\"twitter:label2\" content=\"Timp estimat pentru citire\" \/>\n\t<meta name=\"twitter:data2\" content=\"1 minute\" \/>\n<script type=\"application\/ld+json\" class=\"yoast-schema-graph\">{\"@context\":\"https:\/\/schema.org\",\"@graph\":[{\"@type\":\"Article\",\"@id\":\"https:\/\/marekkuchcinski.pl\/cs\/wydarzenia\/memorial-olka-ostrowskiego-zostalo-rodzinie\/#article\",\"isPartOf\":{\"@id\":\"https:\/\/marekkuchcinski.pl\/cs\/wydarzenia\/memorial-olka-ostrowskiego-zostalo-rodzinie\/\"},\"author\":{\"name\":\"admin\",\"@id\":\"https:\/\/marekkuchcinski.pl\/#\/schema\/person\/6f62700996b4d950b6ea2d1183b6c6be\"},\"headline\":\"Memoria\u0142 Olka Ostrowskiego. Wszystko zosta\u0142o w rodzinie\",\"datePublished\":\"2019-02-04T13:23:03+00:00\",\"dateModified\":\"2019-02-04T17:35:01+00:00\",\"mainEntityOfPage\":{\"@id\":\"https:\/\/marekkuchcinski.pl\/cs\/wydarzenia\/memorial-olka-ostrowskiego-zostalo-rodzinie\/\"},\"wordCount\":288,\"commentCount\":0,\"publisher\":{\"@id\":\"https:\/\/marekkuchcinski.pl\/#organization\"},\"image\":{\"@id\":\"https:\/\/marekkuchcinski.pl\/cs\/wydarzenia\/memorial-olka-ostrowskiego-zostalo-rodzinie\/#primaryimage\"},\"thumbnailUrl\":\"https:\/\/marekkuchcinski.pl\/wp-content\/uploads\/2019\/02\/LB1_3274-2.jpg\",\"keywords\":[\"Bieszczady\",\"GOPR\",\"marsza\u0142ek Sejmu\",\"Olek Ostrowski\",\"skitury\"],\"articleSection\":[\"Podkarpacie\",\"Wydarzenia\"],\"inLanguage\":\"ro-RO\",\"potentialAction\":[{\"@type\":\"CommentAction\",\"name\":\"Comment\",\"target\":[\"https:\/\/marekkuchcinski.pl\/cs\/wydarzenia\/memorial-olka-ostrowskiego-zostalo-rodzinie\/#respond\"]}]},{\"@type\":\"WebPage\",\"@id\":\"https:\/\/marekkuchcinski.pl\/cs\/wydarzenia\/memorial-olka-ostrowskiego-zostalo-rodzinie\/\",\"url\":\"https:\/\/marekkuchcinski.pl\/cs\/wydarzenia\/memorial-olka-ostrowskiego-zostalo-rodzinie\/\",\"name\":\"Memoria\u0142 Olka Ostrowskiego. Wszystko zosta\u0142o w rodzinie &#8211; Marek Kuchci\u0144ski\",\"isPartOf\":{\"@id\":\"https:\/\/marekkuchcinski.pl\/#website\"},\"primaryImageOfPage\":{\"@id\":\"https:\/\/marekkuchcinski.pl\/cs\/wydarzenia\/memorial-olka-ostrowskiego-zostalo-rodzinie\/#primaryimage\"},\"image\":{\"@id\":\"https:\/\/marekkuchcinski.pl\/cs\/wydarzenia\/memorial-olka-ostrowskiego-zostalo-rodzinie\/#primaryimage\"},\"thumbnailUrl\":\"https:\/\/marekkuchcinski.pl\/wp-content\/uploads\/2019\/02\/LB1_3274-2.jpg\",\"datePublished\":\"2019-02-04T13:23:03+00:00\",\"dateModified\":\"2019-02-04T17:35:01+00:00\",\"breadcrumb\":{\"@id\":\"https:\/\/marekkuchcinski.pl\/cs\/wydarzenia\/memorial-olka-ostrowskiego-zostalo-rodzinie\/#breadcrumb\"},\"inLanguage\":\"ro-RO\",\"potentialAction\":[{\"@type\":\"ReadAction\",\"target\":[\"https:\/\/marekkuchcinski.pl\/cs\/wydarzenia\/memorial-olka-ostrowskiego-zostalo-rodzinie\/\"]}]},{\"@type\":\"ImageObject\",\"inLanguage\":\"ro-RO\",\"@id\":\"https:\/\/marekkuchcinski.pl\/cs\/wydarzenia\/memorial-olka-ostrowskiego-zostalo-rodzinie\/#primaryimage\",\"url\":\"https:\/\/marekkuchcinski.pl\/wp-content\/uploads\/2019\/02\/LB1_3274-2.jpg\",\"contentUrl\":\"https:\/\/marekkuchcinski.pl\/wp-content\/uploads\/2019\/02\/LB1_3274-2.jpg\",\"width\":1638,\"height\":1098},{\"@type\":\"BreadcrumbList\",\"@id\":\"https:\/\/marekkuchcinski.pl\/cs\/wydarzenia\/memorial-olka-ostrowskiego-zostalo-rodzinie\/#breadcrumb\",\"itemListElement\":[{\"@type\":\"ListItem\",\"position\":1,\"name\":\"Strona g\u0142\u00f3wna\",\"item\":\"https:\/\/marekkuchcinski.pl\/\"},{\"@type\":\"ListItem\",\"position\":2,\"name\":\"Memoria\u0142 Olka Ostrowskiego. Wszystko zosta\u0142o w rodzinie\"}]},{\"@type\":\"WebSite\",\"@id\":\"https:\/\/marekkuchcinski.pl\/#website\",\"url\":\"https:\/\/marekkuchcinski.pl\/\",\"name\":\"Marek Kuchci\u0144ski\",\"description\":\"Pose\u0142 na sejm RP &ndash; okr\u0119g nr 22\",\"publisher\":{\"@id\":\"https:\/\/marekkuchcinski.pl\/#organization\"},\"potentialAction\":[{\"@type\":\"SearchAction\",\"target\":{\"@type\":\"EntryPoint\",\"urlTemplate\":\"https:\/\/marekkuchcinski.pl\/?s={search_term_string}\"},\"query-input\":{\"@type\":\"PropertyValueSpecification\",\"valueRequired\":true,\"valueName\":\"search_term_string\"}}],\"inLanguage\":\"ro-RO\"},{\"@type\":\"Organization\",\"@id\":\"https:\/\/marekkuchcinski.pl\/#organization\",\"name\":\"Marek Kuchci\u0144ski\",\"url\":\"https:\/\/marekkuchcinski.pl\/\",\"logo\":{\"@type\":\"ImageObject\",\"inLanguage\":\"ro-RO\",\"@id\":\"https:\/\/marekkuchcinski.pl\/#\/schema\/logo\/image\/\",\"url\":\"https:\/\/marekkuchcinski.pl\/wp-content\/uploads\/2022\/09\/Marek.jpg\",\"contentUrl\":\"https:\/\/marekkuchcinski.pl\/wp-content\/uploads\/2022\/09\/Marek.jpg\",\"width\":1600,\"height\":971,\"caption\":\"Marek Kuchci\u0144ski\"},\"image\":{\"@id\":\"https:\/\/marekkuchcinski.pl\/#\/schema\/logo\/image\/\"}},{\"@type\":\"Person\",\"@id\":\"https:\/\/marekkuchcinski.pl\/#\/schema\/person\/6f62700996b4d950b6ea2d1183b6c6be\",\"name\":\"admin\",\"image\":{\"@type\":\"ImageObject\",\"inLanguage\":\"ro-RO\",\"@id\":\"https:\/\/marekkuchcinski.pl\/#\/schema\/person\/image\/\",\"url\":\"https:\/\/secure.gravatar.com\/avatar\/4bab693b9d55c3d6b52c0296a8765085?s=96&d=mm&r=g\",\"contentUrl\":\"https:\/\/secure.gravatar.com\/avatar\/4bab693b9d55c3d6b52c0296a8765085?s=96&d=mm&r=g\",\"caption\":\"admin\"},\"url\":\"https:\/\/marekkuchcinski.pl\/ro\/author\/marta-olejnik\/\"}]}<\/script>\n<!-- \/ Yoast SEO plugin. -->","yoast_head_json":{"title":"Memoria\u0142 Olka Ostrowskiego. Wszystko zosta\u0142o w rodzinie &#8211; Marek Kuchci\u0144ski","robots":{"index":"index","follow":"follow","max-snippet":"max-snippet:-1","max-image-preview":"max-image-preview:large","max-video-preview":"max-video-preview:-1"},"canonical":"https:\/\/marekkuchcinski.pl\/ro\/wydarzenia\/memorial-olka-ostrowskiego-zostalo-rodzinie\/","og_locale":"ro_RO","og_type":"article","og_title":"Memoria\u0142 Olka Ostrowskiego. Wszystko zosta\u0142o w rodzinie &#8211; Marek Kuchci\u0144ski","og_description":"G\u00f3ry i narciarstwo by\u0142o prawdziw\u0105 pasj\u0105 Olka Ostrowskiego. Z odwag\u0105 realizowa\u0142 swoje \u017cyciowe pragnienia &#8211; powiedzia\u0142 marsza\u0142ek Marek Kuchci\u0144ski, wr\u0119czaj\u0105c nagrody najlepszym zawodnikom biegu narciarskiego w Bieszczadach. Memoria\u0142 Olka Ostrowskiego, bo tak nazywa\u0142a si\u0119 impreza, zosta\u0142 zorganizowany po raz trzeci. Zawody upami\u0119tniaj\u0105 GOPR-owca, skialpinist\u0119, kt\u00f3ry zgin\u0105\u0142 w 2015 r. w Karakorum. Nic wi\u0119c dziwnego, \u017ce [&hellip;]","og_url":"https:\/\/marekkuchcinski.pl\/ro\/wydarzenia\/memorial-olka-ostrowskiego-zostalo-rodzinie\/","og_site_name":"Marek Kuchci\u0144ski","article_published_time":"2019-02-04T13:23:03+00:00","article_modified_time":"2019-02-04T17:35:01+00:00","og_image":[{"width":1638,"height":1098,"url":"https:\/\/marekkuchcinski.pl\/wp-content\/uploads\/2019\/02\/LB1_3274-2.jpg","type":"image\/jpeg"}],"author":"admin","twitter_card":"summary_large_image","twitter_misc":{"Scris de":"admin","Timp estimat pentru citire":"1 minute"},"schema":{"@context":"https:\/\/schema.org","@graph":[{"@type":"Article","@id":"https:\/\/marekkuchcinski.pl\/cs\/wydarzenia\/memorial-olka-ostrowskiego-zostalo-rodzinie\/#article","isPartOf":{"@id":"https:\/\/marekkuchcinski.pl\/cs\/wydarzenia\/memorial-olka-ostrowskiego-zostalo-rodzinie\/"},"author":{"name":"admin","@id":"https:\/\/marekkuchcinski.pl\/#\/schema\/person\/6f62700996b4d950b6ea2d1183b6c6be"},"headline":"Memoria\u0142 Olka Ostrowskiego. Wszystko zosta\u0142o w rodzinie","datePublished":"2019-02-04T13:23:03+00:00","dateModified":"2019-02-04T17:35:01+00:00","mainEntityOfPage":{"@id":"https:\/\/marekkuchcinski.pl\/cs\/wydarzenia\/memorial-olka-ostrowskiego-zostalo-rodzinie\/"},"wordCount":288,"commentCount":0,"publisher":{"@id":"https:\/\/marekkuchcinski.pl\/#organization"},"image":{"@id":"https:\/\/marekkuchcinski.pl\/cs\/wydarzenia\/memorial-olka-ostrowskiego-zostalo-rodzinie\/#primaryimage"},"thumbnailUrl":"https:\/\/marekkuchcinski.pl\/wp-content\/uploads\/2019\/02\/LB1_3274-2.jpg","keywords":["Bieszczady","GOPR","marsza\u0142ek Sejmu","Olek Ostrowski","skitury"],"articleSection":["Podkarpacie","Wydarzenia"],"inLanguage":"ro-RO","potentialAction":[{"@type":"CommentAction","name":"Comment","target":["https:\/\/marekkuchcinski.pl\/cs\/wydarzenia\/memorial-olka-ostrowskiego-zostalo-rodzinie\/#respond"]}]},{"@type":"WebPage","@id":"https:\/\/marekkuchcinski.pl\/cs\/wydarzenia\/memorial-olka-ostrowskiego-zostalo-rodzinie\/","url":"https:\/\/marekkuchcinski.pl\/cs\/wydarzenia\/memorial-olka-ostrowskiego-zostalo-rodzinie\/","name":"Memoria\u0142 Olka Ostrowskiego. Wszystko zosta\u0142o w rodzinie &#8211; Marek Kuchci\u0144ski","isPartOf":{"@id":"https:\/\/marekkuchcinski.pl\/#website"},"primaryImageOfPage":{"@id":"https:\/\/marekkuchcinski.pl\/cs\/wydarzenia\/memorial-olka-ostrowskiego-zostalo-rodzinie\/#primaryimage"},"image":{"@id":"https:\/\/marekkuchcinski.pl\/cs\/wydarzenia\/memorial-olka-ostrowskiego-zostalo-rodzinie\/#primaryimage"},"thumbnailUrl":"https:\/\/marekkuchcinski.pl\/wp-content\/uploads\/2019\/02\/LB1_3274-2.jpg","datePublished":"2019-02-04T13:23:03+00:00","dateModified":"2019-02-04T17:35:01+00:00","breadcrumb":{"@id":"https:\/\/marekkuchcinski.pl\/cs\/wydarzenia\/memorial-olka-ostrowskiego-zostalo-rodzinie\/#breadcrumb"},"inLanguage":"ro-RO","potentialAction":[{"@type":"ReadAction","target":["https:\/\/marekkuchcinski.pl\/cs\/wydarzenia\/memorial-olka-ostrowskiego-zostalo-rodzinie\/"]}]},{"@type":"ImageObject","inLanguage":"ro-RO","@id":"https:\/\/marekkuchcinski.pl\/cs\/wydarzenia\/memorial-olka-ostrowskiego-zostalo-rodzinie\/#primaryimage","url":"https:\/\/marekkuchcinski.pl\/wp-content\/uploads\/2019\/02\/LB1_3274-2.jpg","contentUrl":"https:\/\/marekkuchcinski.pl\/wp-content\/uploads\/2019\/02\/LB1_3274-2.jpg","width":1638,"height":1098},{"@type":"BreadcrumbList","@id":"https:\/\/marekkuchcinski.pl\/cs\/wydarzenia\/memorial-olka-ostrowskiego-zostalo-rodzinie\/#breadcrumb","itemListElement":[{"@type":"ListItem","position":1,"name":"Strona g\u0142\u00f3wna","item":"https:\/\/marekkuchcinski.pl\/"},{"@type":"ListItem","position":2,"name":"Memoria\u0142 Olka Ostrowskiego. Wszystko zosta\u0142o w rodzinie"}]},{"@type":"WebSite","@id":"https:\/\/marekkuchcinski.pl\/#website","url":"https:\/\/marekkuchcinski.pl\/","name":"Marek Kuchci\u0144ski","description":"Pose\u0142 na sejm RP &ndash; okr\u0119g nr 22","publisher":{"@id":"https:\/\/marekkuchcinski.pl\/#organization"},"potentialAction":[{"@type":"SearchAction","target":{"@type":"EntryPoint","urlTemplate":"https:\/\/marekkuchcinski.pl\/?s={search_term_string}"},"query-input":{"@type":"PropertyValueSpecification","valueRequired":true,"valueName":"search_term_string"}}],"inLanguage":"ro-RO"},{"@type":"Organization","@id":"https:\/\/marekkuchcinski.pl\/#organization","name":"Marek Kuchci\u0144ski","url":"https:\/\/marekkuchcinski.pl\/","logo":{"@type":"ImageObject","inLanguage":"ro-RO","@id":"https:\/\/marekkuchcinski.pl\/#\/schema\/logo\/image\/","url":"https:\/\/marekkuchcinski.pl\/wp-content\/uploads\/2022\/09\/Marek.jpg","contentUrl":"https:\/\/marekkuchcinski.pl\/wp-content\/uploads\/2022\/09\/Marek.jpg","width":1600,"height":971,"caption":"Marek Kuchci\u0144ski"},"image":{"@id":"https:\/\/marekkuchcinski.pl\/#\/schema\/logo\/image\/"}},{"@type":"Person","@id":"https:\/\/marekkuchcinski.pl\/#\/schema\/person\/6f62700996b4d950b6ea2d1183b6c6be","name":"admin","image":{"@type":"ImageObject","inLanguage":"ro-RO","@id":"https:\/\/marekkuchcinski.pl\/#\/schema\/person\/image\/","url":"https:\/\/secure.gravatar.com\/avatar\/4bab693b9d55c3d6b52c0296a8765085?s=96&d=mm&r=g","contentUrl":"https:\/\/secure.gravatar.com\/avatar\/4bab693b9d55c3d6b52c0296a8765085?s=96&d=mm&r=g","caption":"admin"},"url":"https:\/\/marekkuchcinski.pl\/ro\/author\/marta-olejnik\/"}]}},"_links":{"self":[{"href":"https:\/\/marekkuchcinski.pl\/ro\/wp-json\/wp\/v2\/posts\/13026","targetHints":{"allow":["GET"]}}],"collection":[{"href":"https:\/\/marekkuchcinski.pl\/ro\/wp-json\/wp\/v2\/posts"}],"about":[{"href":"https:\/\/marekkuchcinski.pl\/ro\/wp-json\/wp\/v2\/types\/post"}],"author":[{"embeddable":true,"href":"https:\/\/marekkuchcinski.pl\/ro\/wp-json\/wp\/v2\/users\/6"}],"replies":[{"embeddable":true,"href":"https:\/\/marekkuchcinski.pl\/ro\/wp-json\/wp\/v2\/comments?post=13026"}],"version-history":[{"count":15,"href":"https:\/\/marekkuchcinski.pl\/ro\/wp-json\/wp\/v2\/posts\/13026\/revisions"}],"predecessor-version":[{"id":13044,"href":"https:\/\/marekkuchcinski.pl\/ro\/wp-json\/wp\/v2\/posts\/13026\/revisions\/13044"}],"wp:featuredmedia":[{"embeddable":true,"href":"https:\/\/marekkuchcinski.pl\/ro\/wp-json\/wp\/v2\/media\/13041"}],"wp:attachment":[{"href":"https:\/\/marekkuchcinski.pl\/ro\/wp-json\/wp\/v2\/media?parent=13026"}],"wp:term":[{"taxonomy":"category","embeddable":true,"href":"https:\/\/marekkuchcinski.pl\/ro\/wp-json\/wp\/v2\/categories?post=13026"},{"taxonomy":"post_tag","embeddable":true,"href":"https:\/\/marekkuchcinski.pl\/ro\/wp-json\/wp\/v2\/tags?post=13026"}],"curies":[{"name":"wp","href":"https:\/\/api.w.org\/{rel}","templated":true}]}}