{"id":12767,"date":"2019-01-25T17:00:08","date_gmt":"2019-01-25T16:00:08","guid":{"rendered":"https:\/\/marekkuchcinski.pl\/?p=12767"},"modified":"2019-01-28T10:01:54","modified_gmt":"2019-01-28T09:01:54","slug":"90-temu-urodzil-sie-zbigniew-kuchcinski-patriota-filantrop-prezes-towarzystwa-milosnikow-lwowa-kresow-poludniowo-wschodnich","status":"publish","type":"post","link":"https:\/\/marekkuchcinski.pl\/ro\/wydarzenia\/90-temu-urodzil-sie-zbigniew-kuchcinski-patriota-filantrop-prezes-towarzystwa-milosnikow-lwowa-kresow-poludniowo-wschodnich\/","title":{"rendered":"Acum 90 de ani s-a n\u0103scut Zbigniew Kuchcinski - patriot \u0219i filantrop, pre\u0219edinte al Societ\u0103\u021bii Iubitorilor de Lviv \u0219i de la grani\u021ba de sud-est."},"content":{"rendered":"<div>\n<div>Tat\u0103l actualului pre\u0219edinte al Sejm-ului s-a n\u0103scut la 25 ianuarie 1929 \u00een Novosiolki, provincia Lviv. Din p\u0103cate, copil\u0103ria sa a fost marcat\u0103 de tragedia r\u0103zboiului, de invazia armatei sovietice, de co\u0219marul ocupa\u021biei germane \u0219i apoi de teroarea armatei insurgente ucrainene. Astfel, atunci c\u00e2nd, \u00een anii 1943-1944, Armata insurgent\u0103 ucrainean\u0103 a atacat popula\u021bia polonez\u0103, Zbigniew Kuchci\u0144ski \u0219i familia sa au fost nevoi\u021bi s\u0103 caute salvare \u00een col\u021buri mai sigure ale \u021b\u0103rii. (Familia a fost avertizat\u0103 de pericol de un preot greco-catolic!).<\/div>\n<div style=\"text-align: left;\">\n<div><\/div>\n<div>Polonezii din provinciile celei de-a doua Republici Poloneze (Lvov, Stanislawow, Ternopil) veneau cu trenul la Przemy\u015bl, unde exista o filial\u0103 mare a Biroului de Repatriere de Stat. Dup\u0103 ce au primit documentele, unii au c\u0103l\u0103torit mai departe, \u00een timp ce al\u021bii s-au refugiat \u00een Przemy\u015bl. Familia Kuchcinski a \u00eenceput acolo un nou capitol al vie\u021bii lor. Datorit\u0103 documentelor falsificate, Zbigniew, cu c\u00e2\u021biva ani mai t\u00e2n\u0103r, nu a \u00eemp\u0103rt\u0103\u0219it soarta fratelui s\u0103u mai mare - Mieczys\u0142aw - care, \u00een adolescen\u021b\u0103, a fost deportat pentru a munci \u00een Germania. Unchiul s\u0103u a fugit de acolo \u00een Elve\u021bia \u0219i apoi \u00een Italia, unde s-a \u00eenrolat \u00een armata generalului Anders. A servit acolo p\u00e2n\u0103 la sf\u00e2r\u0219itul r\u0103zboiului. Interesant este faptul c\u0103 cel\u0103lalt frate vitreg al lui Zbigniew, Marian Milewski (\"Czarny\"), a evadat \u0219i el dintr-un oflag dup\u0103 c\u0103derea R\u0103scoalei din Var\u0219ovia \u0219i a ajuns la Anders prin Elve\u021bia. Ambii fra\u021bi nu \u0219tiau c\u0103 servesc \u00eempreun\u0103 \u00een Corpul II de armat\u0103.<\/div>\n<div><\/div>\n<\/div>\n<div style=\"text-align: left;\">Zbigniew Kuchci\u0144ski a fost membru fondator al Asocia\u021biei pentru comemorarea vulturilor din Przemysl, \u00eenfiin\u021bat\u0103 \u00een ianuarie 1989, membru fondator al Societ\u0103\u021bii iubitorilor de Lvov \u0219i de la grani\u021ba de sud-est din 4 martie 1989, iar de la jum\u0103tatea anului 1989 - pre\u0219edinte al consiliului de administra\u021bie al TMLiKPW. A organizat ajutoare pentru polonezii din Est, dona\u021bii de alimente, colecte pentru achizi\u021bionarea de lum\u00e2n\u0103ri pentru mormintele eroilor polonezi din Cimitirul Orl\u0105t, ap\u0103r\u0103tori ai ora\u0219ului Lw\u00f3w. A ini\u021biat schimburi de tineri \u00eentre \u0219colile din Lw\u00f3w, av\u00e2nd ca limb\u0103 de predare poloneza.<\/div>\n<\/div>\n<div style=\"text-align: left;\"><\/div>\n<div style=\"text-align: left;\">A fost un pre\u0219edinte foarte activ. El s-a str\u0103duit s\u0103 cultive \u0219i s\u0103 protejeze de uitare patrimoniul istoric, cultural \u0219i \u0219tiin\u021bific din Kresy, iar Societatea Przemy\u015bl a fost a doua, dup\u0103 Societatea Wroc\u0142aw, care a fost at\u00e2t de activ\u0103. Sute de kresoveni au venit la \u00eent\u00e2lniri.<\/div>\n<div>\n<div style=\"text-align: left;\"><\/div>\n<div style=\"text-align: left;\">A murit la 17 martie 1994 \u00een Przemy\u015bl.<\/div>\n<\/div>\n<div style=\"text-align: left;\"><em>mo<\/em><\/div>\n<p style=\"text-align: left;\"><a href=\"https:\/\/marekkuchcinski.pl\/wp-content\/uploads\/2019\/01\/3.jpg\"><img fetchpriority=\"high\" decoding=\"async\" class=\"alignnone size-full wp-image-12768\" src=\"https:\/\/marekkuchcinski.pl\/wp-content\/uploads\/2019\/01\/3.jpg\" alt=\"3\" width=\"1448\" height=\"1004\" srcset=\"https:\/\/marekkuchcinski.pl\/wp-content\/uploads\/2019\/01\/3.jpg 1448w, https:\/\/marekkuchcinski.pl\/wp-content\/uploads\/2019\/01\/3-300x208.jpg 300w, https:\/\/marekkuchcinski.pl\/wp-content\/uploads\/2019\/01\/3-768x533.jpg 768w, https:\/\/marekkuchcinski.pl\/wp-content\/uploads\/2019\/01\/3-1024x710.jpg 1024w\" sizes=\"(max-width: 1448px) 100vw, 1448px\" \/><\/a>Conducerea Societ\u0103\u021bii iubitorilor din Lviv \u0219i din zonele de frontier\u0103 de sud-est. Zbigniew Kuchci\u0144ski, primul din st\u00e2nga<\/p>\n<p>&nbsp;<\/p>","protected":false},"excerpt":{"rendered":"<p>Ojciec obecnego marsza\u0142ka Sejmu urodzi\u0142 si\u0119 25 stycznia 1929 roku w Nowosi\u00f3\u0142kach w woj. lwowskim. Niestety jego dzieci\u0144stwo zosta\u0142o naznaczone przez tragedi\u0119 wojny, inwazj\u0119 Armii sowieckiej, koszmar niemieckiej okupacji, a potem terror Ukrai\u0144skiej Powsta\u0144czej Armii. Gdy wi\u0119c w latach 1943-1944 UPA napada\u0142a na polsk\u0105 ludno\u015b\u0107, Zbigniew Kuchci\u0144ski wraz z rodzin\u0105 zmuszony by\u0142 do szukania ratunku [&hellip;]<\/p>\n","protected":false},"author":6,"featured_media":12768,"comment_status":"open","ping_status":"open","sticky":false,"template":"","format":"standard","meta":{"ngg_post_thumbnail":0,"footnotes":""},"categories":[49,77,3],"tags":[],"class_list":["post-12767","post","type-post","status-publish","format-standard","has-post-thumbnail","hentry","category-podkarpacie","category-wazne-daty","category-wydarzenia"],"_links":{"self":[{"href":"https:\/\/marekkuchcinski.pl\/ro\/wp-json\/wp\/v2\/posts\/12767","targetHints":{"allow":["GET"]}}],"collection":[{"href":"https:\/\/marekkuchcinski.pl\/ro\/wp-json\/wp\/v2\/posts"}],"about":[{"href":"https:\/\/marekkuchcinski.pl\/ro\/wp-json\/wp\/v2\/types\/post"}],"author":[{"embeddable":true,"href":"https:\/\/marekkuchcinski.pl\/ro\/wp-json\/wp\/v2\/users\/6"}],"replies":[{"embeddable":true,"href":"https:\/\/marekkuchcinski.pl\/ro\/wp-json\/wp\/v2\/comments?post=12767"}],"version-history":[{"count":31,"href":"https:\/\/marekkuchcinski.pl\/ro\/wp-json\/wp\/v2\/posts\/12767\/revisions"}],"predecessor-version":[{"id":12949,"href":"https:\/\/marekkuchcinski.pl\/ro\/wp-json\/wp\/v2\/posts\/12767\/revisions\/12949"}],"wp:featuredmedia":[{"embeddable":true,"href":"https:\/\/marekkuchcinski.pl\/ro\/wp-json\/wp\/v2\/media\/12768"}],"wp:attachment":[{"href":"https:\/\/marekkuchcinski.pl\/ro\/wp-json\/wp\/v2\/media?parent=12767"}],"wp:term":[{"taxonomy":"category","embeddable":true,"href":"https:\/\/marekkuchcinski.pl\/ro\/wp-json\/wp\/v2\/categories?post=12767"},{"taxonomy":"post_tag","embeddable":true,"href":"https:\/\/marekkuchcinski.pl\/ro\/wp-json\/wp\/v2\/tags?post=12767"}],"curies":[{"name":"wp","href":"https:\/\/api.w.org\/{rel}","templated":true}]}}