{"id":12734,"date":"2019-01-22T14:30:57","date_gmt":"2019-01-22T13:30:57","guid":{"rendered":"https:\/\/marekkuchcinski.pl\/?p=12734"},"modified":"2019-01-22T14:35:05","modified_gmt":"2019-01-22T13:35:05","slug":"zapraszamy-przemysla-konferencje-polacy-wschodzie","status":"publish","type":"post","link":"https:\/\/marekkuchcinski.pl\/ro\/wydarzenia\/zapraszamy-przemysla-konferencje-polacy-wschodzie\/","title":{"rendered":"V\u0103 invit\u0103m la Przemy\u015bl pentru conferin\u021ba \"Polonezii \u00een Est\""},"content":{"rendered":"<p style=\"text-align: center;\"><strong>Muzeul Na\u021bional al Regiunii Przemysl \u0219i Institutul Filialei de Memorie Na\u021bional\u0103 din Rzesz\u00f3w v\u0103 invit\u0103 la conferin\u021ba intitulat\u0103 \"Polonezii din Est.<\/strong><\/p>\n<p style=\"text-align: center;\"><span style=\"color: #800000;\"><strong>Conferin\u021ba s-a desf\u0103\u0219urat sub patronajul onorific al Pre\u0219edintelui Republicii Poloneze, Marek Kuchci\u0144ski.\u00a0<\/strong><\/span><\/p>\n<p style=\"text-align: center;\"><span style=\"color: #000000;\"><strong>Program:<\/strong><\/span><\/p>\n<p style=\"text-align: center;\"><strong>10.00 - Sf\u00e2nta Liturghie \u00een Bazilica Arhiepiscopal\u0103 din Przemy\u015bl cu ocazia \u00eemplinirii a 90 de ani de la na\u0219terea lui Zbigniew Kuchci\u0144ski<\/strong><\/p>\n<p style=\"text-align: center;\"><strong>11.30 - Conferin\u021b\u0103:<\/strong><\/p>\n<p style=\"text-align: center;\"><strong>Cuv\u00e2nt de bun venit din partea lui Jan Jarosz, directorul MNZP<\/strong><\/p>\n<p style=\"text-align: center;\"><span style=\"color: #800000;\"><strong>Discursul pre\u0219edintelui Sejm Marek Kuchci\u0144ski<\/strong><\/span><\/p>\n<p style=\"text-align: center;\"><strong>Deport\u0103rile sovietice de pe r\u00e2ul San \u00een 1940. - Tomasz Bereza, Filiala Institutului de Memorie Na\u021bional\u0103 din Rzesz\u00f3w.<\/strong><\/p>\n<p style=\"text-align: center;\"><strong>Contacte \u0219i asisten\u021b\u0103 dup\u0103 1989. Jan Jarosz, director al Muzeului Na\u021bional al Regiunii Przemysl din Przemy\u015bl.<\/strong><\/p>\n<p style=\"text-align: center;\"><strong>Politica statului polonez fa\u021b\u0103 de polonezii din fostele zone de frontier\u0103 poloneze - Maria Koc, vicepre\u0219edinte al Senatului Republicii Polone.<\/strong><\/p>\n<p style=\"text-align: center;\"><strong>Evenimentul va avea loc pe 27 ianuarie 2019 \u00een cl\u0103direa principal\u0103 a Muzeului Na\u021bional al \u021ainutului Przemysl, pl. Berka Joselewicza 1.<\/strong><\/p>\n<p style=\"text-align: center;\">\n<p style=\"text-align: center;\"><a href=\"https:\/\/marekkuchcinski.pl\/wp-content\/uploads\/2019\/01\/plakatmaly_1.jpg\"><img fetchpriority=\"high\" decoding=\"async\" class=\"size-full wp-image-12737 aligncenter\" src=\"https:\/\/marekkuchcinski.pl\/wp-content\/uploads\/2019\/01\/plakatmaly_1.jpg\" alt=\"plakatmaly_1\" width=\"800\" height=\"1067\" srcset=\"https:\/\/marekkuchcinski.pl\/wp-content\/uploads\/2019\/01\/plakatmaly_1.jpg 800w, https:\/\/marekkuchcinski.pl\/wp-content\/uploads\/2019\/01\/plakatmaly_1-225x300.jpg 225w, https:\/\/marekkuchcinski.pl\/wp-content\/uploads\/2019\/01\/plakatmaly_1-768x1024.jpg 768w\" sizes=\"(max-width: 800px) 100vw, 800px\" \/><\/a><\/p>","protected":false},"excerpt":{"rendered":"<p>Muzeum Narodowe Ziemi Przemyskiej oraz Instytut Pami\u0119ci Narodowej Oddzia\u0142 w Rzeszowie serdecznie zapraszaj\u0105 na konferencj\u0119 pod tytu\u0142em &#8222;Polacy na wschodzie&#8221;. Konferencja obj\u0119ta zosta\u0142a honorowym patronatem Marsza\u0142ka Rzeczypospolitej Polskiej Marka Kuchci\u0144skiego.\u00a0 Program: 10.00 &#8211; Msza \u015awi\u0119ta w Bazylice Archikatedralnej w Przemy\u015blu w 90. rocznic\u0119 urodzin Zbigniewa Kuchci\u0144skiego 11.30 &#8211; Konferencja: Powitanie go\u015bci przez dyrektora MNZP\u00a0 Jana [&hellip;]<\/p>\n","protected":false},"author":6,"featured_media":12735,"comment_status":"open","ping_status":"open","sticky":false,"template":"","format":"standard","meta":{"ngg_post_thumbnail":0,"footnotes":""},"categories":[49,3],"tags":[],"class_list":["post-12734","post","type-post","status-publish","format-standard","has-post-thumbnail","hentry","category-podkarpacie","category-wydarzenia"],"_links":{"self":[{"href":"https:\/\/marekkuchcinski.pl\/ro\/wp-json\/wp\/v2\/posts\/12734","targetHints":{"allow":["GET"]}}],"collection":[{"href":"https:\/\/marekkuchcinski.pl\/ro\/wp-json\/wp\/v2\/posts"}],"about":[{"href":"https:\/\/marekkuchcinski.pl\/ro\/wp-json\/wp\/v2\/types\/post"}],"author":[{"embeddable":true,"href":"https:\/\/marekkuchcinski.pl\/ro\/wp-json\/wp\/v2\/users\/6"}],"replies":[{"embeddable":true,"href":"https:\/\/marekkuchcinski.pl\/ro\/wp-json\/wp\/v2\/comments?post=12734"}],"version-history":[{"count":2,"href":"https:\/\/marekkuchcinski.pl\/ro\/wp-json\/wp\/v2\/posts\/12734\/revisions"}],"predecessor-version":[{"id":12738,"href":"https:\/\/marekkuchcinski.pl\/ro\/wp-json\/wp\/v2\/posts\/12734\/revisions\/12738"}],"wp:featuredmedia":[{"embeddable":true,"href":"https:\/\/marekkuchcinski.pl\/ro\/wp-json\/wp\/v2\/media\/12735"}],"wp:attachment":[{"href":"https:\/\/marekkuchcinski.pl\/ro\/wp-json\/wp\/v2\/media?parent=12734"}],"wp:term":[{"taxonomy":"category","embeddable":true,"href":"https:\/\/marekkuchcinski.pl\/ro\/wp-json\/wp\/v2\/categories?post=12734"},{"taxonomy":"post_tag","embeddable":true,"href":"https:\/\/marekkuchcinski.pl\/ro\/wp-json\/wp\/v2\/tags?post=12734"}],"curies":[{"name":"wp","href":"https:\/\/api.w.org\/{rel}","templated":true}]}}