{"id":12405,"date":"2019-01-09T16:00:04","date_gmt":"2019-01-09T15:00:04","guid":{"rendered":"https:\/\/marekkuchcinski.pl\/?p=12405"},"modified":"2019-01-09T16:00:04","modified_gmt":"2019-01-09T15:00:04","slug":"450-temu-rozpoczely-sie-obrady-sejmu-poprzedzajace-zawarcie-unii-polsko-litewskiej","status":"publish","type":"post","link":"https:\/\/marekkuchcinski.pl\/ro\/wydarzenia\/450-temu-rozpoczely-sie-obrady-sejmu-poprzedzajace-zawarcie-unii-polsko-litewskiej\/","title":{"rendered":"\u00cen urm\u0103 cu 450 de ani \u00eencepeau deliber\u0103rile Sejm-ului care au precedat \u00eencheierea Uniunii Polono-Lituaniene"},"content":{"rendered":"<p><strong>La 10 ianuarie 1569, la castelul din Lublin, Sejm-ul \u0219i-a \u00eenceput sesiunile care au precedat \u00eencheierea Uniunii polono-lituaniene, care a creat o superputere geopolitic\u0103.<\/strong><\/p>\n<p>Scopul Seimas-ului men\u021bionat mai sus a fost de a unifica permanent Coroana \u0219i Marele Ducat al Lituaniei. A fost creat un nou stat, care a durat p\u00e2n\u0103 \u00een secolul al XVIII-lea. - Comunitatea polono-lituanian\u0103.<\/p>\n<p>- Trecutul ne \u00eenva\u021b\u0103 c\u0103, atunci c\u00e2nd eram \u00eempreun\u0103, eram mari \u0219i puternici\", a declarat Mare\u0219alul Seimasului Marek Kuchcinski la Seimas-ul lituanian de anul trecut. - 'Dorim s\u0103 restabilim activitatea Adun\u0103rii parlamentare a Poloniei \u0219i Lituaniei; ast\u0103zi este un signum temporis pentru diploma\u021bia parlamentar\u0103, mai ales \u00een partea noastr\u0103 de Europ\u0103', a declarat pre\u0219edintele Parlamentului.<\/p>\n<p><a href=\"https:\/\/marekkuchcinski.pl\/wp-content\/uploads\/2019\/01\/J._Matejko_unia_lubelska.png\"><img fetchpriority=\"high\" decoding=\"async\" class=\"alignnone size-full wp-image-12406\" src=\"https:\/\/marekkuchcinski.pl\/wp-content\/uploads\/2019\/01\/J._Matejko_unia_lubelska.png\" alt=\"J._Matejko_unia_lubelska\" width=\"1280\" height=\"743\" srcset=\"https:\/\/marekkuchcinski.pl\/wp-content\/uploads\/2019\/01\/J._Matejko_unia_lubelska.png 1280w, https:\/\/marekkuchcinski.pl\/wp-content\/uploads\/2019\/01\/J._Matejko_unia_lubelska-300x174.png 300w, https:\/\/marekkuchcinski.pl\/wp-content\/uploads\/2019\/01\/J._Matejko_unia_lubelska-768x446.png 768w, https:\/\/marekkuchcinski.pl\/wp-content\/uploads\/2019\/01\/J._Matejko_unia_lubelska-1024x594.png 1024w\" sizes=\"(max-width: 1280px) 100vw, 1280px\" \/><\/a><em>pictur\u0103: Jan Matejko \"Union of Lubesa\"<\/em><a href=\"https:\/\/marekkuchcinski.pl\/wp-content\/uploads\/2019\/01\/550-wyb-6.jpg\"><img decoding=\"async\" class=\"alignnone size-full wp-image-12407\" src=\"https:\/\/marekkuchcinski.pl\/wp-content\/uploads\/2019\/01\/550-wyb-6.jpg\" alt=\"550 wyb 6\" width=\"2895\" height=\"2008\" srcset=\"https:\/\/marekkuchcinski.pl\/wp-content\/uploads\/2019\/01\/550-wyb-6.jpg 2048w, https:\/\/marekkuchcinski.pl\/wp-content\/uploads\/2019\/01\/550-wyb-6-300x208.jpg 300w, https:\/\/marekkuchcinski.pl\/wp-content\/uploads\/2019\/01\/550-wyb-6-768x533.jpg 768w, https:\/\/marekkuchcinski.pl\/wp-content\/uploads\/2019\/01\/550-wyb-6-1024x710.jpg 1024w\" sizes=\"(max-width: 2895px) 100vw, 2895px\" \/><\/a>Pre\u0219edintele Sejm-ului, Marek Kuchci\u0144ski, \u00eempreun\u0103 cu pre\u0219edintele Seimas, Viktoras Pranckietis, la Var\u0219ovia, \u00een timpul s\u0103rb\u0103toririi celei de-a 550-a anivers\u0103ri a parlamentarismului polonez<\/p>","protected":false},"excerpt":{"rendered":"<p>10 I 1569 roku na zamku w Lublinie rozpocz\u0119\u0142y si\u0119 obrady Sejmu poprzedzaj\u0105ce zawarcie unii polsko-litewskiej, kt\u00f3ra stworzy\u0142a geopolityczne mocarstwo. Celem wspomnianego Sejmu mia\u0142o by\u0107 trwa\u0142e po\u0142\u0105czenie Korony i Wielkiego Ksi\u0119stwa Litewskiego. Powsta\u0142o nowe pa\u0144stwo, kt\u00f3re przetrwa\u0142o do XVIII w. &#8211; Rzeczpospolita Obojga Narod\u00f3w. &#8211; Przesz\u0142o\u015b\u0107 uczy nas, \u017ce wtedy, gdy byli\u015bmy razem, byli\u015bmy wielcy [&hellip;]<\/p>\n","protected":false},"author":6,"featured_media":12406,"comment_status":"open","ping_status":"open","sticky":false,"template":"","format":"standard","meta":{"ngg_post_thumbnail":0,"footnotes":""},"categories":[77,81,3],"tags":[],"class_list":["post-12405","post","type-post","status-publish","format-standard","has-post-thumbnail","hentry","category-wazne-daty","category-wiesci-z-sejmu","category-wydarzenia"],"_links":{"self":[{"href":"https:\/\/marekkuchcinski.pl\/ro\/wp-json\/wp\/v2\/posts\/12405","targetHints":{"allow":["GET"]}}],"collection":[{"href":"https:\/\/marekkuchcinski.pl\/ro\/wp-json\/wp\/v2\/posts"}],"about":[{"href":"https:\/\/marekkuchcinski.pl\/ro\/wp-json\/wp\/v2\/types\/post"}],"author":[{"embeddable":true,"href":"https:\/\/marekkuchcinski.pl\/ro\/wp-json\/wp\/v2\/users\/6"}],"replies":[{"embeddable":true,"href":"https:\/\/marekkuchcinski.pl\/ro\/wp-json\/wp\/v2\/comments?post=12405"}],"version-history":[{"count":1,"href":"https:\/\/marekkuchcinski.pl\/ro\/wp-json\/wp\/v2\/posts\/12405\/revisions"}],"predecessor-version":[{"id":12408,"href":"https:\/\/marekkuchcinski.pl\/ro\/wp-json\/wp\/v2\/posts\/12405\/revisions\/12408"}],"wp:featuredmedia":[{"embeddable":true,"href":"https:\/\/marekkuchcinski.pl\/ro\/wp-json\/wp\/v2\/media\/12406"}],"wp:attachment":[{"href":"https:\/\/marekkuchcinski.pl\/ro\/wp-json\/wp\/v2\/media?parent=12405"}],"wp:term":[{"taxonomy":"category","embeddable":true,"href":"https:\/\/marekkuchcinski.pl\/ro\/wp-json\/wp\/v2\/categories?post=12405"},{"taxonomy":"post_tag","embeddable":true,"href":"https:\/\/marekkuchcinski.pl\/ro\/wp-json\/wp\/v2\/tags?post=12405"}],"curies":[{"name":"wp","href":"https:\/\/api.w.org\/{rel}","templated":true}]}}