{"id":12357,"date":"2019-01-06T13:40:33","date_gmt":"2019-01-06T12:40:33","guid":{"rendered":"https:\/\/marekkuchcinski.pl\/?p=12357"},"modified":"2019-04-01T13:51:25","modified_gmt":"2019-04-01T11:51:25","slug":"marek-kuchcinski-przemyslu-cel-jeden-polska-jako-dom-ktorym-zapewnione-godne-sprawiedliwe-zycie","status":"publish","type":"post","link":"https:\/\/marekkuchcinski.pl\/ro\/wydarzenia\/marek-kuchcinski-przemyslu-cel-jeden-polska-jako-dom-ktorym-zapewnione-godne-sprawiedliwe-zycie\/","title":{"rendered":"Marek Kuchci\u0144ski \u00een Przemy\u015bl: Exist\u0103 un singur scop - Polonia ca un c\u0103min \u00een care s\u0103 ni se garanteze o via\u021b\u0103 demn\u0103 \u0219i dreapt\u0103."},"content":{"rendered":"<hr><hr>\n<p><strong>Politicieni, activi\u0219ti \u0219i sus\u021bin\u0103tori ai Legii \u0219i Justi\u021biei din Przemy\u015bl s-au \u00eent\u00e2lnit pentru a colinda \u00eempreun\u0103, a \u00eemp\u0103r\u021bi o napolitan\u0103 \u0219i a face bilan\u021bul anului trecut.&nbsp;<\/strong><\/p>\n<p>Pre\u0219edintele Sejm-ului, Marek Kuchci\u0144ski, a subliniat c\u0103 anul 2018 este evaluat de polonezi ca fiind unul dintre cei mai buni de dup\u0103 1989 - Multe decizii luate la nivel local, regional pot fi num\u0103rate printre promisiunile \u00eendeplinite pe care PiS le-a f\u0103cut \u00een 2015. Printre acestea se num\u0103r\u0103 suma neimpozabil\u0103, cre\u0219teri ale celor mai mici salarii, m\u0103suri pentru a facilita dezvoltarea antreprenoriatului, investi\u021bii care s\u0103 aduc\u0103 o mai bun\u0103 dezvoltare \u0219i bani pentru cet\u0103\u021beni, Fondul de drumuri pentru administra\u021bia local\u0103\", a enumerat pre\u0219edintele Parlamentului.<\/p>\n<p>2018 a fost un an deosebit de fructuos pentru Przemy\u015bl. Dup\u0103 cum a subliniat mare\u0219alul, visele multor genera\u021bii de locuitori, indiferent de op\u021biunea politic\u0103, au fost realizate. At\u00e2t ora\u0219ul, c\u00e2t \u0219i Cetatea Przemy\u015bl au fost incluse pe lista monumentelor istorice, iar Muzeul Na\u021bional al Regiunii Przemysl este co-gestionat de Ministerul Culturii din decembrie. Exist\u0103 planuri de restaurare a trenului istoric, care trece prin Przemy\u015bl, Chyr\u00f3w, Kro\u015bcienko, Ustrzyki Dolne, care, conform asigur\u0103rilor lui Marek Kuchci\u0144ski, vor fi cu siguran\u021b\u0103 realizate. Mare\u0219alul a reamintit c\u0103 anul trecut vom vedea \u0219i alte ini\u021biative - interna\u021bionale - legate nu numai de Europa Carpa\u021bilor, ci \u0219i de c\u0103i ferate \u0219i drumuri, cum ar fi Via Carpatia, care vor avea ca rezultat cre\u0219terea profilului zonei Przemy\u015bl \u0219i a \u00eentregului voievodat Podkarpackie, precum \u0219i a locurilor de munc\u0103. - Activit\u0103\u021bile noastre au ca scop consolidarea statului polonez, asigur\u00e2nd un sentiment de securitate pentru to\u021bi cet\u0103\u021benii. Ei ne percep ca pe cei care lupt\u0103 prea energic pentru ale lor, dar \u00een Uniunea European\u0103 a\u0219a ar trebui s\u0103 fie. Vrem ca Polonia s\u0103 fie tratat\u0103 ca un stat suveran \u00eentr-o Europ\u0103 a statelor libere, astfel \u00eenc\u00e2t s\u0103 fim trata\u021bi la fel ca italienii sau germanii\", a declarat pre\u0219edintele Parlamentului. Kuchci\u0144ski a amintit, de asemenea, de conferin\u021ba organizat\u0103 la Przemy\u015bl pentru a marca cea de-a 550-a aniversare a parlamentarismului polonez \u0219i de faptul c\u0103 unul dintre cei mai eminen\u021bi \u0219i distin\u0219i pre\u0219edin\u021bi ai Sejm-ului, Andrzej Maksymilian Fredro, provine din Przemy\u015bl. Mare\u0219alul i-a \u00eencurajat pe oameni s\u0103 se ghideze \u00een via\u021ba lor public\u0103 dup\u0103 virtu\u021bile pe care Fredro le-a \u00eembr\u0103\u021bi\u0219at, precum \u0219i dup\u0103 binele comun. - Ne-am consolidat puterea \u00een regiunea Podkarpacie prin evitarea ne\u00een\u021belegerilor sau a diviziunilor interne \u0219i prin \u00eencurajarea cooper\u0103rii \u00eentre cei din alte grup\u0103ri. Exist\u0103 un singur obiectiv - Polonia ca un c\u0103min \u00een care s\u0103 ne asigur\u0103m o via\u021b\u0103 demn\u0103 \u0219i dreapt\u0103\", a declarat Marek Kuchci\u0144ski.<\/p>\n<p>Voievodul de Podkarpackie, Ewa Leniart, f\u0103c\u00e2nd un rezumat al anului trecut, a men\u021bionat ini\u021biative importante \u0219i de succes, cum ar fi sprijinul pentru familii \u0219i investi\u021biile, \u00een special \u00een drumuri. \u00cen voievodatul Podkarpackie, aproape 2,7 miliarde de zlo\u021bi au fost alocate pentru politica social\u0103, 1,4 miliarde de zlo\u021bi pentru familiile din Podkarpackie pentru punerea \u00een aplicare a programului 500 plus. Ewa Leniart a men\u021bionat, de asemenea, o cre\u0219tere a num\u0103rului de locuri \u00een cre\u0219e, programe pentru persoanele \u00een v\u00e2rst\u0103 \u0219i fonduri substan\u021biale pentru a face fa\u021b\u0103 dezastrelor naturale. Aceasta a subliniat c\u0103 s-a f\u0103cut un pas \u00een ceea ce prive\u0219te reforma sistemului de s\u0103n\u0103tate.<\/p>\n<p>La \u00eent\u00e2lnire au participat, de asemenea, Anna Schmidt-Rodziewicz, deputat, Lucyna Podhalicz, viceguvernator al Voievodatului Podkarpackie, \u0219i Piotr Pilch, mare\u0219al adjunct al Voievodatului Podkarpackie.<\/p>\n<p><em>Foto: Marta Olejnik<\/em><\/p>\n<p><a href=\"https:\/\/marekkuchcinski.pl\/wp-content\/uploads\/2019\/01\/DSCF2950-1.jpg\"><img fetchpriority=\"high\" decoding=\"async\" class=\"alignnone size-full wp-image-12360\" src=\"https:\/\/marekkuchcinski.pl\/wp-content\/uploads\/2019\/01\/DSCF2950-1.jpg\" alt=\"DSCF2950 (1)\" width=\"3368\" height=\"2058\" srcset=\"https:\/\/marekkuchcinski.pl\/wp-content\/uploads\/2019\/01\/DSCF2950-1.jpg 2048w, https:\/\/marekkuchcinski.pl\/wp-content\/uploads\/2019\/01\/DSCF2950-1-300x183.jpg 300w, https:\/\/marekkuchcinski.pl\/wp-content\/uploads\/2019\/01\/DSCF2950-1-768x469.jpg 768w, https:\/\/marekkuchcinski.pl\/wp-content\/uploads\/2019\/01\/DSCF2950-1-1024x626.jpg 1024w\" sizes=\"(max-width: 3368px) 100vw, 3368px\" \/><\/a> <a href=\"https:\/\/marekkuchcinski.pl\/wp-content\/uploads\/2019\/01\/IMG_2430-1.jpg\"><img decoding=\"async\" class=\"alignnone size-full wp-image-12363\" src=\"https:\/\/marekkuchcinski.pl\/wp-content\/uploads\/2019\/01\/IMG_2430-1.jpg\" alt=\"IMG_2430 (1)\" width=\"3998\" height=\"3005\" srcset=\"https:\/\/marekkuchcinski.pl\/wp-content\/uploads\/2019\/01\/IMG_2430-1.jpg 2048w, https:\/\/marekkuchcinski.pl\/wp-content\/uploads\/2019\/01\/IMG_2430-1-300x225.jpg 300w, https:\/\/marekkuchcinski.pl\/wp-content\/uploads\/2019\/01\/IMG_2430-1-768x577.jpg 768w, https:\/\/marekkuchcinski.pl\/wp-content\/uploads\/2019\/01\/IMG_2430-1-1024x770.jpg 1024w\" sizes=\"(max-width: 3998px) 100vw, 3998px\" \/><\/a> <a href=\"https:\/\/marekkuchcinski.pl\/wp-content\/uploads\/2019\/01\/IMG_2426-1.jpg\"><img decoding=\"async\" class=\"alignnone size-full wp-image-12380\" src=\"https:\/\/marekkuchcinski.pl\/wp-content\/uploads\/2019\/01\/IMG_2426-1.jpg\" alt=\"IMG_2426 (1)\" width=\"4420\" height=\"2914\" srcset=\"https:\/\/marekkuchcinski.pl\/wp-content\/uploads\/2019\/01\/IMG_2426-1.jpg 2048w, https:\/\/marekkuchcinski.pl\/wp-content\/uploads\/2019\/01\/IMG_2426-1-300x198.jpg 300w, https:\/\/marekkuchcinski.pl\/wp-content\/uploads\/2019\/01\/IMG_2426-1-768x506.jpg 768w, https:\/\/marekkuchcinski.pl\/wp-content\/uploads\/2019\/01\/IMG_2426-1-1024x675.jpg 1024w\" sizes=\"(max-width: 4420px) 100vw, 4420px\" \/><\/a><a href=\"https:\/\/marekkuchcinski.pl\/wp-content\/uploads\/2019\/01\/IMG_2392.jpg\"><img loading=\"lazy\" decoding=\"async\" class=\"alignnone size-full wp-image-12378\" src=\"https:\/\/marekkuchcinski.pl\/wp-content\/uploads\/2019\/01\/IMG_2392.jpg\" alt=\"IMG_2392\" width=\"4752\" height=\"3168\" srcset=\"https:\/\/marekkuchcinski.pl\/wp-content\/uploads\/2019\/01\/IMG_2392.jpg 2048w, https:\/\/marekkuchcinski.pl\/wp-content\/uploads\/2019\/01\/IMG_2392-300x200.jpg 300w, https:\/\/marekkuchcinski.pl\/wp-content\/uploads\/2019\/01\/IMG_2392-768x512.jpg 768w, https:\/\/marekkuchcinski.pl\/wp-content\/uploads\/2019\/01\/IMG_2392-1024x683.jpg 1024w\" sizes=\"(max-width: 4752px) 100vw, 4752px\" \/><\/a><a href=\"https:\/\/marekkuchcinski.pl\/wp-content\/uploads\/2019\/01\/IMG_2395-1.jpg\"><img loading=\"lazy\" decoding=\"async\" class=\"alignnone size-full wp-image-12385\" src=\"https:\/\/marekkuchcinski.pl\/wp-content\/uploads\/2019\/01\/IMG_2395-1.jpg\" alt=\"IMG_2395 (1)\" width=\"4367\" height=\"3019\" srcset=\"https:\/\/marekkuchcinski.pl\/wp-content\/uploads\/2019\/01\/IMG_2395-1.jpg 2048w, https:\/\/marekkuchcinski.pl\/wp-content\/uploads\/2019\/01\/IMG_2395-1-300x207.jpg 300w, https:\/\/marekkuchcinski.pl\/wp-content\/uploads\/2019\/01\/IMG_2395-1-768x531.jpg 768w, https:\/\/marekkuchcinski.pl\/wp-content\/uploads\/2019\/01\/IMG_2395-1-1024x708.jpg 1024w\" sizes=\"(max-width: 4367px) 100vw, 4367px\" \/><\/a><a href=\"https:\/\/marekkuchcinski.pl\/wp-content\/uploads\/2019\/01\/DSCF2787-2.jpg\"><img loading=\"lazy\" decoding=\"async\" class=\"alignnone size-full wp-image-12368\" src=\"https:\/\/marekkuchcinski.pl\/wp-content\/uploads\/2019\/01\/DSCF2787-2.jpg\" alt=\"DSCF2787 2\" width=\"4896\" height=\"3264\" srcset=\"https:\/\/marekkuchcinski.pl\/wp-content\/uploads\/2019\/01\/DSCF2787-2.jpg 2048w, https:\/\/marekkuchcinski.pl\/wp-content\/uploads\/2019\/01\/DSCF2787-2-300x200.jpg 300w, https:\/\/marekkuchcinski.pl\/wp-content\/uploads\/2019\/01\/DSCF2787-2-768x512.jpg 768w, https:\/\/marekkuchcinski.pl\/wp-content\/uploads\/2019\/01\/DSCF2787-2-1024x683.jpg 1024w\" sizes=\"(max-width: 4896px) 100vw, 4896px\" \/><\/a> <a href=\"https:\/\/marekkuchcinski.pl\/wp-content\/uploads\/2019\/01\/IMG_2429.jpg\"><img loading=\"lazy\" decoding=\"async\" class=\"alignnone size-full wp-image-12370\" src=\"https:\/\/marekkuchcinski.pl\/wp-content\/uploads\/2019\/01\/IMG_2429.jpg\" alt=\"IMG_2429\" width=\"4752\" height=\"3168\" srcset=\"https:\/\/marekkuchcinski.pl\/wp-content\/uploads\/2019\/01\/IMG_2429.jpg 2048w, https:\/\/marekkuchcinski.pl\/wp-content\/uploads\/2019\/01\/IMG_2429-300x200.jpg 300w, https:\/\/marekkuchcinski.pl\/wp-content\/uploads\/2019\/01\/IMG_2429-768x512.jpg 768w, https:\/\/marekkuchcinski.pl\/wp-content\/uploads\/2019\/01\/IMG_2429-1024x683.jpg 1024w\" sizes=\"(max-width: 4752px) 100vw, 4752px\" \/><\/a><a href=\"https:\/\/marekkuchcinski.pl\/wp-content\/uploads\/2019\/01\/prz-n-www.jpg\"><img loading=\"lazy\" decoding=\"async\" class=\"alignnone size-full wp-image-12375\" src=\"https:\/\/marekkuchcinski.pl\/wp-content\/uploads\/2019\/01\/prz-n-www.jpg\" alt=\"prz n www\" width=\"3858\" height=\"2737\" srcset=\"https:\/\/marekkuchcinski.pl\/wp-content\/uploads\/2019\/01\/prz-n-www.jpg 2048w, https:\/\/marekkuchcinski.pl\/wp-content\/uploads\/2019\/01\/prz-n-www-300x213.jpg 300w, https:\/\/marekkuchcinski.pl\/wp-content\/uploads\/2019\/01\/prz-n-www-768x545.jpg 768w, https:\/\/marekkuchcinski.pl\/wp-content\/uploads\/2019\/01\/prz-n-www-1024x726.jpg 1024w\" sizes=\"(max-width: 3858px) 100vw, 3858px\" \/><\/a><a href=\"https:\/\/marekkuchcinski.pl\/wp-content\/uploads\/2019\/01\/49539511_350764142377069_8085356692990066688_n.jpg\"><img loading=\"lazy\" decoding=\"async\" class=\"alignnone size-full wp-image-12376\" src=\"https:\/\/marekkuchcinski.pl\/wp-content\/uploads\/2019\/01\/49539511_350764142377069_8085356692990066688_n.jpg\" alt=\"49539511_350764142377069_8085356692990066688_n\" width=\"1749\" height=\"1158\" srcset=\"https:\/\/marekkuchcinski.pl\/wp-content\/uploads\/2019\/01\/49539511_350764142377069_8085356692990066688_n.jpg 1749w, https:\/\/marekkuchcinski.pl\/wp-content\/uploads\/2019\/01\/49539511_350764142377069_8085356692990066688_n-300x199.jpg 300w, https:\/\/marekkuchcinski.pl\/wp-content\/uploads\/2019\/01\/49539511_350764142377069_8085356692990066688_n-768x508.jpg 768w, https:\/\/marekkuchcinski.pl\/wp-content\/uploads\/2019\/01\/49539511_350764142377069_8085356692990066688_n-1024x678.jpg 1024w\" sizes=\"(max-width: 1749px) 100vw, 1749px\" \/><\/a><a href=\"https:\/\/marekkuchcinski.pl\/wp-content\/uploads\/2019\/01\/DSCF2999-1.jpg\"><img loading=\"lazy\" decoding=\"async\" class=\"alignnone size-full wp-image-12362\" src=\"https:\/\/marekkuchcinski.pl\/wp-content\/uploads\/2019\/01\/DSCF2999-1.jpg\" alt=\"DSCF2999 (1)\" width=\"4758\" height=\"3081\" srcset=\"https:\/\/marekkuchcinski.pl\/wp-content\/uploads\/2019\/01\/DSCF2999-1.jpg 2048w, https:\/\/marekkuchcinski.pl\/wp-content\/uploads\/2019\/01\/DSCF2999-1-300x194.jpg 300w, https:\/\/marekkuchcinski.pl\/wp-content\/uploads\/2019\/01\/DSCF2999-1-768x497.jpg 768w, https:\/\/marekkuchcinski.pl\/wp-content\/uploads\/2019\/01\/DSCF2999-1-1024x663.jpg 1024w\" sizes=\"(max-width: 4758px) 100vw, 4758px\" \/><\/a><\/p>\n\n\n<figure class=\"wp-block-image\"><img loading=\"lazy\" decoding=\"async\" width=\"1024\" height=\"684\" src=\"https:\/\/marekkuchcinski.pl\/wp-content\/uploads\/2019\/04\/PSX_20190401_134844-1024x684.jpg\" alt=\"\" class=\"wp-image-14396\" srcset=\"https:\/\/marekkuchcinski.pl\/wp-content\/uploads\/2019\/04\/PSX_20190401_134844-1024x684.jpg 1024w, https:\/\/marekkuchcinski.pl\/wp-content\/uploads\/2019\/04\/PSX_20190401_134844-300x200.jpg 300w, https:\/\/marekkuchcinski.pl\/wp-content\/uploads\/2019\/04\/PSX_20190401_134844-768x513.jpg 768w, https:\/\/marekkuchcinski.pl\/wp-content\/uploads\/2019\/04\/PSX_20190401_134844.jpg 2048w\" sizes=\"(max-width: 1024px) 100vw, 1024px\" \/><\/figure>","protected":false},"excerpt":{"rendered":"<p>Politycy, dzia\u0142acze i sympatycy Prawa i Sprawiedliwo\u015bci z Przemy\u015bla spotkali si\u0119, by wsp\u00f3lnie kol\u0119dowa\u0107, podzieli\u0107 si\u0119 op\u0142atkiem i podsumowa\u0107 miniony rok.&nbsp; Marsza\u0142ek Sejmu Marek Kuchci\u0144ski podkre\u015bli\u0142, \u017ce rok 2018 Polacy oceniaj\u0105 jako jeden z najlepszych po 1989. &#8212; Wiele decyzji podejmowanych na poziomie lokalnym, regionalnym mo\u017cna zaliczy\u0107 do zrealizowanych obietnic, kt\u00f3re PiS z\u0142o\u017cy\u0142 w 2015 [&hellip;]<\/p>","protected":false},"author":6,"featured_media":14395,"comment_status":"open","ping_status":"open","sticky":false,"template":"","format":"standard","meta":{"ngg_post_thumbnail":0,"footnotes":""},"categories":[49,82,3],"tags":[87,133,88,135,134,128],"class_list":["post-12357","post","type-post","status-publish","format-standard","has-post-thumbnail","hentry","category-podkarpacie","category-prawo-i-sprawiedliwosc","category-wydarzenia","tag-marek-kuchcinski","tag-marszalek","tag-marszalek-sejmu","tag-pis","tag-podkarpacie","tag-przemysl"],"yoast_head":"<!-- This site is optimized with the Yoast SEO plugin v24.7 - https:\/\/yoast.com\/wordpress\/plugins\/seo\/ -->\n<title>Marek Kuchci\u0144ski w Przemy\u015blu: Cel jest jeden \u2013 Polska jako dom, w kt\u00f3rym mamy zapewnione godne i sprawiedliwe \u017cycie &#8211; Marek Kuchci\u0144ski<\/title>\n<meta name=\"robots\" content=\"index, follow, max-snippet:-1, max-image-preview:large, max-video-preview:-1\" \/>\n<link rel=\"canonical\" href=\"https:\/\/marekkuchcinski.pl\/ro\/wydarzenia\/marek-kuchcinski-przemyslu-cel-jeden-polska-jako-dom-ktorym-zapewnione-godne-sprawiedliwe-zycie\/\" \/>\n<meta property=\"og:locale\" content=\"ro_RO\" \/>\n<meta property=\"og:type\" content=\"article\" \/>\n<meta property=\"og:title\" content=\"Marek Kuchci\u0144ski w Przemy\u015blu: Cel jest jeden \u2013 Polska jako dom, w kt\u00f3rym mamy zapewnione godne i sprawiedliwe \u017cycie &#8211; Marek Kuchci\u0144ski\" \/>\n<meta property=\"og:description\" content=\"Politycy, dzia\u0142acze i sympatycy Prawa i Sprawiedliwo\u015bci z Przemy\u015bla spotkali si\u0119, by wsp\u00f3lnie kol\u0119dowa\u0107, podzieli\u0107 si\u0119 op\u0142atkiem i podsumowa\u0107 miniony rok.&nbsp; Marsza\u0142ek Sejmu Marek Kuchci\u0144ski podkre\u015bli\u0142, \u017ce rok 2018 Polacy oceniaj\u0105 jako jeden z najlepszych po 1989. &#8212; Wiele decyzji podejmowanych na poziomie lokalnym, regionalnym mo\u017cna zaliczy\u0107 do zrealizowanych obietnic, kt\u00f3re PiS z\u0142o\u017cy\u0142 w 2015 [&hellip;]\" \/>\n<meta property=\"og:url\" content=\"https:\/\/marekkuchcinski.pl\/ro\/wydarzenia\/marek-kuchcinski-przemyslu-cel-jeden-polska-jako-dom-ktorym-zapewnione-godne-sprawiedliwe-zycie\/\" \/>\n<meta property=\"og:site_name\" content=\"Marek Kuchci\u0144ski\" \/>\n<meta property=\"article:published_time\" content=\"2019-01-06T12:40:33+00:00\" \/>\n<meta property=\"article:modified_time\" content=\"2019-04-01T11:51:25+00:00\" \/>\n<meta property=\"og:image\" content=\"https:\/\/marekkuchcinski.pl\/wp-content\/uploads\/2019\/01\/PSX_20190401_134844.jpg\" \/>\n\t<meta property=\"og:image:width\" content=\"2048\" \/>\n\t<meta property=\"og:image:height\" content=\"1368\" \/>\n\t<meta property=\"og:image:type\" content=\"image\/jpeg\" \/>\n<meta name=\"author\" content=\"admin\" \/>\n<meta name=\"twitter:card\" content=\"summary_large_image\" \/>\n<meta name=\"twitter:label1\" content=\"Scris de\" \/>\n\t<meta name=\"twitter:data1\" content=\"admin\" \/>\n\t<meta name=\"twitter:label2\" content=\"Timp estimat pentru citire\" \/>\n\t<meta name=\"twitter:data2\" content=\"3 minutes\" \/>\n<script type=\"application\/ld+json\" class=\"yoast-schema-graph\">{\"@context\":\"https:\/\/schema.org\",\"@graph\":[{\"@type\":\"Article\",\"@id\":\"https:\/\/marekkuchcinski.pl\/sk\/wydarzenia\/marek-kuchcinski-przemyslu-cel-jeden-polska-jako-dom-ktorym-zapewnione-godne-sprawiedliwe-zycie\/#article\",\"isPartOf\":{\"@id\":\"https:\/\/marekkuchcinski.pl\/sk\/wydarzenia\/marek-kuchcinski-przemyslu-cel-jeden-polska-jako-dom-ktorym-zapewnione-godne-sprawiedliwe-zycie\/\"},\"author\":{\"name\":\"admin\",\"@id\":\"https:\/\/marekkuchcinski.pl\/#\/schema\/person\/6f62700996b4d950b6ea2d1183b6c6be\"},\"headline\":\"Marek Kuchci\u0144ski w Przemy\u015blu: Cel jest jeden \u2013 Polska jako dom, w kt\u00f3rym mamy zapewnione godne i sprawiedliwe \u017cycie\",\"datePublished\":\"2019-01-06T12:40:33+00:00\",\"dateModified\":\"2019-04-01T11:51:25+00:00\",\"mainEntityOfPage\":{\"@id\":\"https:\/\/marekkuchcinski.pl\/sk\/wydarzenia\/marek-kuchcinski-przemyslu-cel-jeden-polska-jako-dom-ktorym-zapewnione-godne-sprawiedliwe-zycie\/\"},\"wordCount\":553,\"commentCount\":0,\"publisher\":{\"@id\":\"https:\/\/marekkuchcinski.pl\/#organization\"},\"image\":{\"@id\":\"https:\/\/marekkuchcinski.pl\/sk\/wydarzenia\/marek-kuchcinski-przemyslu-cel-jeden-polska-jako-dom-ktorym-zapewnione-godne-sprawiedliwe-zycie\/#primaryimage\"},\"thumbnailUrl\":\"https:\/\/marekkuchcinski.pl\/wp-content\/uploads\/2019\/01\/PSX_20190401_134844.jpg\",\"keywords\":[\"Marek Kuchci\u0144ski\",\"marsza\u0142ek\",\"marsza\u0142ek Sejmu\",\"PiS\",\"Podkarpacie\",\"Przemy\u015bl\"],\"articleSection\":[\"Podkarpacie\",\"Prawo i Sprawiedliwo\u015b\u0107\",\"Wydarzenia\"],\"inLanguage\":\"ro-RO\",\"potentialAction\":[{\"@type\":\"CommentAction\",\"name\":\"Comment\",\"target\":[\"https:\/\/marekkuchcinski.pl\/sk\/wydarzenia\/marek-kuchcinski-przemyslu-cel-jeden-polska-jako-dom-ktorym-zapewnione-godne-sprawiedliwe-zycie\/#respond\"]}]},{\"@type\":\"WebPage\",\"@id\":\"https:\/\/marekkuchcinski.pl\/sk\/wydarzenia\/marek-kuchcinski-przemyslu-cel-jeden-polska-jako-dom-ktorym-zapewnione-godne-sprawiedliwe-zycie\/\",\"url\":\"https:\/\/marekkuchcinski.pl\/sk\/wydarzenia\/marek-kuchcinski-przemyslu-cel-jeden-polska-jako-dom-ktorym-zapewnione-godne-sprawiedliwe-zycie\/\",\"name\":\"Marek Kuchci\u0144ski w Przemy\u015blu: Cel jest jeden \u2013 Polska jako dom, w kt\u00f3rym mamy zapewnione godne i sprawiedliwe \u017cycie &#8211; Marek Kuchci\u0144ski\",\"isPartOf\":{\"@id\":\"https:\/\/marekkuchcinski.pl\/#website\"},\"primaryImageOfPage\":{\"@id\":\"https:\/\/marekkuchcinski.pl\/sk\/wydarzenia\/marek-kuchcinski-przemyslu-cel-jeden-polska-jako-dom-ktorym-zapewnione-godne-sprawiedliwe-zycie\/#primaryimage\"},\"image\":{\"@id\":\"https:\/\/marekkuchcinski.pl\/sk\/wydarzenia\/marek-kuchcinski-przemyslu-cel-jeden-polska-jako-dom-ktorym-zapewnione-godne-sprawiedliwe-zycie\/#primaryimage\"},\"thumbnailUrl\":\"https:\/\/marekkuchcinski.pl\/wp-content\/uploads\/2019\/01\/PSX_20190401_134844.jpg\",\"datePublished\":\"2019-01-06T12:40:33+00:00\",\"dateModified\":\"2019-04-01T11:51:25+00:00\",\"breadcrumb\":{\"@id\":\"https:\/\/marekkuchcinski.pl\/sk\/wydarzenia\/marek-kuchcinski-przemyslu-cel-jeden-polska-jako-dom-ktorym-zapewnione-godne-sprawiedliwe-zycie\/#breadcrumb\"},\"inLanguage\":\"ro-RO\",\"potentialAction\":[{\"@type\":\"ReadAction\",\"target\":[\"https:\/\/marekkuchcinski.pl\/sk\/wydarzenia\/marek-kuchcinski-przemyslu-cel-jeden-polska-jako-dom-ktorym-zapewnione-godne-sprawiedliwe-zycie\/\"]}]},{\"@type\":\"ImageObject\",\"inLanguage\":\"ro-RO\",\"@id\":\"https:\/\/marekkuchcinski.pl\/sk\/wydarzenia\/marek-kuchcinski-przemyslu-cel-jeden-polska-jako-dom-ktorym-zapewnione-godne-sprawiedliwe-zycie\/#primaryimage\",\"url\":\"https:\/\/marekkuchcinski.pl\/wp-content\/uploads\/2019\/01\/PSX_20190401_134844.jpg\",\"contentUrl\":\"https:\/\/marekkuchcinski.pl\/wp-content\/uploads\/2019\/01\/PSX_20190401_134844.jpg\",\"width\":2048,\"height\":1368},{\"@type\":\"BreadcrumbList\",\"@id\":\"https:\/\/marekkuchcinski.pl\/sk\/wydarzenia\/marek-kuchcinski-przemyslu-cel-jeden-polska-jako-dom-ktorym-zapewnione-godne-sprawiedliwe-zycie\/#breadcrumb\",\"itemListElement\":[{\"@type\":\"ListItem\",\"position\":1,\"name\":\"Strona g\u0142\u00f3wna\",\"item\":\"https:\/\/marekkuchcinski.pl\/\"},{\"@type\":\"ListItem\",\"position\":2,\"name\":\"Marek Kuchci\u0144ski w Przemy\u015blu: Cel jest jeden \u2013 Polska jako dom, w kt\u00f3rym mamy zapewnione godne i sprawiedliwe \u017cycie\"}]},{\"@type\":\"WebSite\",\"@id\":\"https:\/\/marekkuchcinski.pl\/#website\",\"url\":\"https:\/\/marekkuchcinski.pl\/\",\"name\":\"Marek Kuchci\u0144ski\",\"description\":\"Pose\u0142 na sejm RP &ndash; okr\u0119g nr 22\",\"publisher\":{\"@id\":\"https:\/\/marekkuchcinski.pl\/#organization\"},\"potentialAction\":[{\"@type\":\"SearchAction\",\"target\":{\"@type\":\"EntryPoint\",\"urlTemplate\":\"https:\/\/marekkuchcinski.pl\/?s={search_term_string}\"},\"query-input\":{\"@type\":\"PropertyValueSpecification\",\"valueRequired\":true,\"valueName\":\"search_term_string\"}}],\"inLanguage\":\"ro-RO\"},{\"@type\":\"Organization\",\"@id\":\"https:\/\/marekkuchcinski.pl\/#organization\",\"name\":\"Marek Kuchci\u0144ski\",\"url\":\"https:\/\/marekkuchcinski.pl\/\",\"logo\":{\"@type\":\"ImageObject\",\"inLanguage\":\"ro-RO\",\"@id\":\"https:\/\/marekkuchcinski.pl\/#\/schema\/logo\/image\/\",\"url\":\"https:\/\/marekkuchcinski.pl\/wp-content\/uploads\/2022\/09\/Marek.jpg\",\"contentUrl\":\"https:\/\/marekkuchcinski.pl\/wp-content\/uploads\/2022\/09\/Marek.jpg\",\"width\":1600,\"height\":971,\"caption\":\"Marek Kuchci\u0144ski\"},\"image\":{\"@id\":\"https:\/\/marekkuchcinski.pl\/#\/schema\/logo\/image\/\"}},{\"@type\":\"Person\",\"@id\":\"https:\/\/marekkuchcinski.pl\/#\/schema\/person\/6f62700996b4d950b6ea2d1183b6c6be\",\"name\":\"admin\",\"image\":{\"@type\":\"ImageObject\",\"inLanguage\":\"ro-RO\",\"@id\":\"https:\/\/marekkuchcinski.pl\/#\/schema\/person\/image\/\",\"url\":\"https:\/\/secure.gravatar.com\/avatar\/4bab693b9d55c3d6b52c0296a8765085?s=96&d=mm&r=g\",\"contentUrl\":\"https:\/\/secure.gravatar.com\/avatar\/4bab693b9d55c3d6b52c0296a8765085?s=96&d=mm&r=g\",\"caption\":\"admin\"},\"url\":\"https:\/\/marekkuchcinski.pl\/ro\/author\/marta-olejnik\/\"}]}<\/script>\n<!-- \/ Yoast SEO plugin. -->","yoast_head_json":{"title":"Marek Kuchci\u0144ski w Przemy\u015blu: Cel jest jeden \u2013 Polska jako dom, w kt\u00f3rym mamy zapewnione godne i sprawiedliwe \u017cycie &#8211; Marek Kuchci\u0144ski","robots":{"index":"index","follow":"follow","max-snippet":"max-snippet:-1","max-image-preview":"max-image-preview:large","max-video-preview":"max-video-preview:-1"},"canonical":"https:\/\/marekkuchcinski.pl\/ro\/wydarzenia\/marek-kuchcinski-przemyslu-cel-jeden-polska-jako-dom-ktorym-zapewnione-godne-sprawiedliwe-zycie\/","og_locale":"ro_RO","og_type":"article","og_title":"Marek Kuchci\u0144ski w Przemy\u015blu: Cel jest jeden \u2013 Polska jako dom, w kt\u00f3rym mamy zapewnione godne i sprawiedliwe \u017cycie &#8211; Marek Kuchci\u0144ski","og_description":"Politycy, dzia\u0142acze i sympatycy Prawa i Sprawiedliwo\u015bci z Przemy\u015bla spotkali si\u0119, by wsp\u00f3lnie kol\u0119dowa\u0107, podzieli\u0107 si\u0119 op\u0142atkiem i podsumowa\u0107 miniony rok.&nbsp; Marsza\u0142ek Sejmu Marek Kuchci\u0144ski podkre\u015bli\u0142, \u017ce rok 2018 Polacy oceniaj\u0105 jako jeden z najlepszych po 1989. &#8212; Wiele decyzji podejmowanych na poziomie lokalnym, regionalnym mo\u017cna zaliczy\u0107 do zrealizowanych obietnic, kt\u00f3re PiS z\u0142o\u017cy\u0142 w 2015 [&hellip;]","og_url":"https:\/\/marekkuchcinski.pl\/ro\/wydarzenia\/marek-kuchcinski-przemyslu-cel-jeden-polska-jako-dom-ktorym-zapewnione-godne-sprawiedliwe-zycie\/","og_site_name":"Marek Kuchci\u0144ski","article_published_time":"2019-01-06T12:40:33+00:00","article_modified_time":"2019-04-01T11:51:25+00:00","og_image":[{"width":2048,"height":1368,"url":"https:\/\/marekkuchcinski.pl\/wp-content\/uploads\/2019\/01\/PSX_20190401_134844.jpg","type":"image\/jpeg"}],"author":"admin","twitter_card":"summary_large_image","twitter_misc":{"Scris de":"admin","Timp estimat pentru citire":"3 minutes"},"schema":{"@context":"https:\/\/schema.org","@graph":[{"@type":"Article","@id":"https:\/\/marekkuchcinski.pl\/sk\/wydarzenia\/marek-kuchcinski-przemyslu-cel-jeden-polska-jako-dom-ktorym-zapewnione-godne-sprawiedliwe-zycie\/#article","isPartOf":{"@id":"https:\/\/marekkuchcinski.pl\/sk\/wydarzenia\/marek-kuchcinski-przemyslu-cel-jeden-polska-jako-dom-ktorym-zapewnione-godne-sprawiedliwe-zycie\/"},"author":{"name":"admin","@id":"https:\/\/marekkuchcinski.pl\/#\/schema\/person\/6f62700996b4d950b6ea2d1183b6c6be"},"headline":"Marek Kuchci\u0144ski w Przemy\u015blu: Cel jest jeden \u2013 Polska jako dom, w kt\u00f3rym mamy zapewnione godne i sprawiedliwe \u017cycie","datePublished":"2019-01-06T12:40:33+00:00","dateModified":"2019-04-01T11:51:25+00:00","mainEntityOfPage":{"@id":"https:\/\/marekkuchcinski.pl\/sk\/wydarzenia\/marek-kuchcinski-przemyslu-cel-jeden-polska-jako-dom-ktorym-zapewnione-godne-sprawiedliwe-zycie\/"},"wordCount":553,"commentCount":0,"publisher":{"@id":"https:\/\/marekkuchcinski.pl\/#organization"},"image":{"@id":"https:\/\/marekkuchcinski.pl\/sk\/wydarzenia\/marek-kuchcinski-przemyslu-cel-jeden-polska-jako-dom-ktorym-zapewnione-godne-sprawiedliwe-zycie\/#primaryimage"},"thumbnailUrl":"https:\/\/marekkuchcinski.pl\/wp-content\/uploads\/2019\/01\/PSX_20190401_134844.jpg","keywords":["Marek Kuchci\u0144ski","marsza\u0142ek","marsza\u0142ek Sejmu","PiS","Podkarpacie","Przemy\u015bl"],"articleSection":["Podkarpacie","Prawo i Sprawiedliwo\u015b\u0107","Wydarzenia"],"inLanguage":"ro-RO","potentialAction":[{"@type":"CommentAction","name":"Comment","target":["https:\/\/marekkuchcinski.pl\/sk\/wydarzenia\/marek-kuchcinski-przemyslu-cel-jeden-polska-jako-dom-ktorym-zapewnione-godne-sprawiedliwe-zycie\/#respond"]}]},{"@type":"WebPage","@id":"https:\/\/marekkuchcinski.pl\/sk\/wydarzenia\/marek-kuchcinski-przemyslu-cel-jeden-polska-jako-dom-ktorym-zapewnione-godne-sprawiedliwe-zycie\/","url":"https:\/\/marekkuchcinski.pl\/sk\/wydarzenia\/marek-kuchcinski-przemyslu-cel-jeden-polska-jako-dom-ktorym-zapewnione-godne-sprawiedliwe-zycie\/","name":"Marek Kuchci\u0144ski w Przemy\u015blu: Cel jest jeden \u2013 Polska jako dom, w kt\u00f3rym mamy zapewnione godne i sprawiedliwe \u017cycie &#8211; Marek Kuchci\u0144ski","isPartOf":{"@id":"https:\/\/marekkuchcinski.pl\/#website"},"primaryImageOfPage":{"@id":"https:\/\/marekkuchcinski.pl\/sk\/wydarzenia\/marek-kuchcinski-przemyslu-cel-jeden-polska-jako-dom-ktorym-zapewnione-godne-sprawiedliwe-zycie\/#primaryimage"},"image":{"@id":"https:\/\/marekkuchcinski.pl\/sk\/wydarzenia\/marek-kuchcinski-przemyslu-cel-jeden-polska-jako-dom-ktorym-zapewnione-godne-sprawiedliwe-zycie\/#primaryimage"},"thumbnailUrl":"https:\/\/marekkuchcinski.pl\/wp-content\/uploads\/2019\/01\/PSX_20190401_134844.jpg","datePublished":"2019-01-06T12:40:33+00:00","dateModified":"2019-04-01T11:51:25+00:00","breadcrumb":{"@id":"https:\/\/marekkuchcinski.pl\/sk\/wydarzenia\/marek-kuchcinski-przemyslu-cel-jeden-polska-jako-dom-ktorym-zapewnione-godne-sprawiedliwe-zycie\/#breadcrumb"},"inLanguage":"ro-RO","potentialAction":[{"@type":"ReadAction","target":["https:\/\/marekkuchcinski.pl\/sk\/wydarzenia\/marek-kuchcinski-przemyslu-cel-jeden-polska-jako-dom-ktorym-zapewnione-godne-sprawiedliwe-zycie\/"]}]},{"@type":"ImageObject","inLanguage":"ro-RO","@id":"https:\/\/marekkuchcinski.pl\/sk\/wydarzenia\/marek-kuchcinski-przemyslu-cel-jeden-polska-jako-dom-ktorym-zapewnione-godne-sprawiedliwe-zycie\/#primaryimage","url":"https:\/\/marekkuchcinski.pl\/wp-content\/uploads\/2019\/01\/PSX_20190401_134844.jpg","contentUrl":"https:\/\/marekkuchcinski.pl\/wp-content\/uploads\/2019\/01\/PSX_20190401_134844.jpg","width":2048,"height":1368},{"@type":"BreadcrumbList","@id":"https:\/\/marekkuchcinski.pl\/sk\/wydarzenia\/marek-kuchcinski-przemyslu-cel-jeden-polska-jako-dom-ktorym-zapewnione-godne-sprawiedliwe-zycie\/#breadcrumb","itemListElement":[{"@type":"ListItem","position":1,"name":"Strona g\u0142\u00f3wna","item":"https:\/\/marekkuchcinski.pl\/"},{"@type":"ListItem","position":2,"name":"Marek Kuchci\u0144ski w Przemy\u015blu: Cel jest jeden \u2013 Polska jako dom, w kt\u00f3rym mamy zapewnione godne i sprawiedliwe \u017cycie"}]},{"@type":"WebSite","@id":"https:\/\/marekkuchcinski.pl\/#website","url":"https:\/\/marekkuchcinski.pl\/","name":"Marek Kuchci\u0144ski","description":"Pose\u0142 na sejm RP &ndash; okr\u0119g nr 22","publisher":{"@id":"https:\/\/marekkuchcinski.pl\/#organization"},"potentialAction":[{"@type":"SearchAction","target":{"@type":"EntryPoint","urlTemplate":"https:\/\/marekkuchcinski.pl\/?s={search_term_string}"},"query-input":{"@type":"PropertyValueSpecification","valueRequired":true,"valueName":"search_term_string"}}],"inLanguage":"ro-RO"},{"@type":"Organization","@id":"https:\/\/marekkuchcinski.pl\/#organization","name":"Marek Kuchci\u0144ski","url":"https:\/\/marekkuchcinski.pl\/","logo":{"@type":"ImageObject","inLanguage":"ro-RO","@id":"https:\/\/marekkuchcinski.pl\/#\/schema\/logo\/image\/","url":"https:\/\/marekkuchcinski.pl\/wp-content\/uploads\/2022\/09\/Marek.jpg","contentUrl":"https:\/\/marekkuchcinski.pl\/wp-content\/uploads\/2022\/09\/Marek.jpg","width":1600,"height":971,"caption":"Marek Kuchci\u0144ski"},"image":{"@id":"https:\/\/marekkuchcinski.pl\/#\/schema\/logo\/image\/"}},{"@type":"Person","@id":"https:\/\/marekkuchcinski.pl\/#\/schema\/person\/6f62700996b4d950b6ea2d1183b6c6be","name":"admin","image":{"@type":"ImageObject","inLanguage":"ro-RO","@id":"https:\/\/marekkuchcinski.pl\/#\/schema\/person\/image\/","url":"https:\/\/secure.gravatar.com\/avatar\/4bab693b9d55c3d6b52c0296a8765085?s=96&d=mm&r=g","contentUrl":"https:\/\/secure.gravatar.com\/avatar\/4bab693b9d55c3d6b52c0296a8765085?s=96&d=mm&r=g","caption":"admin"},"url":"https:\/\/marekkuchcinski.pl\/ro\/author\/marta-olejnik\/"}]}},"_links":{"self":[{"href":"https:\/\/marekkuchcinski.pl\/ro\/wp-json\/wp\/v2\/posts\/12357","targetHints":{"allow":["GET"]}}],"collection":[{"href":"https:\/\/marekkuchcinski.pl\/ro\/wp-json\/wp\/v2\/posts"}],"about":[{"href":"https:\/\/marekkuchcinski.pl\/ro\/wp-json\/wp\/v2\/types\/post"}],"author":[{"embeddable":true,"href":"https:\/\/marekkuchcinski.pl\/ro\/wp-json\/wp\/v2\/users\/6"}],"replies":[{"embeddable":true,"href":"https:\/\/marekkuchcinski.pl\/ro\/wp-json\/wp\/v2\/comments?post=12357"}],"version-history":[{"count":22,"href":"https:\/\/marekkuchcinski.pl\/ro\/wp-json\/wp\/v2\/posts\/12357\/revisions"}],"predecessor-version":[{"id":14397,"href":"https:\/\/marekkuchcinski.pl\/ro\/wp-json\/wp\/v2\/posts\/12357\/revisions\/14397"}],"wp:featuredmedia":[{"embeddable":true,"href":"https:\/\/marekkuchcinski.pl\/ro\/wp-json\/wp\/v2\/media\/14395"}],"wp:attachment":[{"href":"https:\/\/marekkuchcinski.pl\/ro\/wp-json\/wp\/v2\/media?parent=12357"}],"wp:term":[{"taxonomy":"category","embeddable":true,"href":"https:\/\/marekkuchcinski.pl\/ro\/wp-json\/wp\/v2\/categories?post=12357"},{"taxonomy":"post_tag","embeddable":true,"href":"https:\/\/marekkuchcinski.pl\/ro\/wp-json\/wp\/v2\/tags?post=12357"}],"curies":[{"name":"wp","href":"https:\/\/api.w.org\/{rel}","templated":true}]}}