{"id":12342,"date":"2019-01-03T12:06:36","date_gmt":"2019-01-03T11:06:36","guid":{"rendered":"https:\/\/marekkuchcinski.pl\/?p=12342"},"modified":"2019-01-03T12:19:39","modified_gmt":"2019-01-03T11:19:39","slug":"podziemna-trasa-turystyczna-przemyslu-stanie-sie-turystycznym-fenomenem","status":"publish","type":"post","link":"https:\/\/marekkuchcinski.pl\/ro\/wydarzenia\/podziemna-trasa-turystyczna-przemyslu-stanie-sie-turystycznym-fenomenem\/","title":{"rendered":"Traseul subteran din Przemy\u015bl va fi un magnet turistic"},"content":{"rendered":"<p><strong>Traseul turistic subteran din Przemy\u015bl este o adev\u0103rat\u0103 perl\u0103. Zidurile vechi, medievale, criptele \u0219i 400 m de coridoare subterane sunt un loc care \u00eenc\u00e2nt\u0103 prin mister, farmecul unic \u0219i istoria comercian\u021bilor din Przemysl. Acum va fi extins\u0103 \u0219i dotat\u0103 cu mobilier, dispozitive multimedia, grafic\u0103, filme, sunete \u0219i lumini, care ne vor oferi o c\u0103l\u0103torie \u00een epoca de aur a ora\u0219ului. Acesta promite s\u0103 fie o atrac\u021bie turistic\u0103 remarcabil\u0103.<\/strong><\/p>\n<p><strong>Proiectul \"Traseu turistic subteran \u00een Przemysl\"\u00a0<\/strong>Acesta presupune dezvoltarea subsolului cl\u0103dirii din Rynek 1 \u0219i a subsolului \u0219i a \u00eenc\u0103perilor din cl\u0103direa din Rynek 9 \u0219i Serbansk\u00e1 7, conect\u00e2ndu-le prin intermediul unui conector subteran, renov\u00e2nd cl\u0103direa istoric\u0103 a colectorului subteran.<\/p>\n<p>\u00cen plus, se are \u00een vedere reconstruc\u021bia p\u0103r\u021bii nord-estice a Pie\u021bei istorice a ora\u0219ului vechi, precum \u0219i renovarea a trei case istorice - Rynek 1, Rynek 9, Serba\u0144ska 7 (renovarea fa\u021badelor cl\u0103dirilor Rynek 9 \u0219i Serba\u0144ska 7, \u00eenlocuirea acoperi\u0219ului de pe versantul din fa\u021b\u0103 al cl\u0103dirii Rynek 9, lucr\u0103ri interioare). \u00cen cadrul proiectului, se inten\u021bioneaz\u0103, de asemenea, crearea de spa\u021bii pentru activit\u0103\u021bi de afaceri \u00een cl\u0103direa Muzeului Na\u021bional din Przemysl Land \u0219i achizi\u021bionarea de echipamente pentru primul \u0219i al doilea etaj al muzeului. Eficien\u021ba energetic\u0103 a cl\u0103dirii Serba\u0144ska 7 va fi, de asemenea, \u00eembun\u0103t\u0103\u021bit\u0103.<br \/>\n\u00cen cadrul proiectului, se vor efectua cercet\u0103ri arheologice.<\/p>\n<p>Concurs dedicat zonelor func\u021bionale urbane din Voievodatul Podkarpackie POR<\/p>\n<p>Solicitant: Municipalitatea din Przemysl, Partener: Muzeul Na\u021bional din Przemysl.<\/p>\n<p>Valoarea proiectului: 13 052 469,76 PLN,<\/p>\n<p>Cheltuieli eligibile: 11 635 084,63 PLN,<\/p>\n<p>Cofinan\u021bare FEDR: 8 726 313.37 PLN (75 %)<\/p>\n<p><strong><a href=\"https:\/\/marekkuchcinski.pl\/wp-content\/uploads\/2019\/01\/49196622_2204440749606744_1985265323095359488_n.jpg\"><img fetchpriority=\"high\" decoding=\"async\" class=\"alignnone size-full wp-image-12343\" src=\"https:\/\/marekkuchcinski.pl\/wp-content\/uploads\/2019\/01\/49196622_2204440749606744_1985265323095359488_n.jpg\" alt=\"49196622_2204440749606744_1985265323095359488_n\" width=\"2730\" height=\"4096\" srcset=\"https:\/\/marekkuchcinski.pl\/wp-content\/uploads\/2019\/01\/49196622_2204440749606744_1985265323095359488_n.jpg 1365w, https:\/\/marekkuchcinski.pl\/wp-content\/uploads\/2019\/01\/49196622_2204440749606744_1985265323095359488_n-200x300.jpg 200w, https:\/\/marekkuchcinski.pl\/wp-content\/uploads\/2019\/01\/49196622_2204440749606744_1985265323095359488_n-768x1152.jpg 768w, https:\/\/marekkuchcinski.pl\/wp-content\/uploads\/2019\/01\/49196622_2204440749606744_1985265323095359488_n-683x1024.jpg 683w\" sizes=\"(max-width: 2730px) 100vw, 2730px\" \/><\/a> <a href=\"https:\/\/marekkuchcinski.pl\/wp-content\/uploads\/2019\/01\/49411243_350854375468503_256375999581650944_n.jpg\"><img decoding=\"async\" class=\"alignnone size-full wp-image-12344\" src=\"https:\/\/marekkuchcinski.pl\/wp-content\/uploads\/2019\/01\/49411243_350854375468503_256375999581650944_n.jpg\" alt=\"49411243_350854375468503_256375999581650944_n\" width=\"2730\" height=\"4096\" srcset=\"https:\/\/marekkuchcinski.pl\/wp-content\/uploads\/2019\/01\/49411243_350854375468503_256375999581650944_n.jpg 1365w, https:\/\/marekkuchcinski.pl\/wp-content\/uploads\/2019\/01\/49411243_350854375468503_256375999581650944_n-200x300.jpg 200w, https:\/\/marekkuchcinski.pl\/wp-content\/uploads\/2019\/01\/49411243_350854375468503_256375999581650944_n-768x1152.jpg 768w, https:\/\/marekkuchcinski.pl\/wp-content\/uploads\/2019\/01\/49411243_350854375468503_256375999581650944_n-683x1024.jpg 683w\" sizes=\"(max-width: 2730px) 100vw, 2730px\" \/><\/a> <a href=\"https:\/\/marekkuchcinski.pl\/wp-content\/uploads\/2019\/01\/49438986_328376994556821_6907580521878913024_n.jpg\"><img decoding=\"async\" class=\"alignnone size-full wp-image-12345\" src=\"https:\/\/marekkuchcinski.pl\/wp-content\/uploads\/2019\/01\/49438986_328376994556821_6907580521878913024_n.jpg\" alt=\"49438986_328376994556821_6907580521878913024_n\" width=\"2730\" height=\"4096\" srcset=\"https:\/\/marekkuchcinski.pl\/wp-content\/uploads\/2019\/01\/49438986_328376994556821_6907580521878913024_n.jpg 1365w, https:\/\/marekkuchcinski.pl\/wp-content\/uploads\/2019\/01\/49438986_328376994556821_6907580521878913024_n-200x300.jpg 200w, https:\/\/marekkuchcinski.pl\/wp-content\/uploads\/2019\/01\/49438986_328376994556821_6907580521878913024_n-768x1152.jpg 768w, https:\/\/marekkuchcinski.pl\/wp-content\/uploads\/2019\/01\/49438986_328376994556821_6907580521878913024_n-683x1024.jpg 683w\" sizes=\"(max-width: 2730px) 100vw, 2730px\" \/><\/a> <a href=\"https:\/\/marekkuchcinski.pl\/wp-content\/uploads\/2019\/01\/49616253_1870919639703987_8781254554445414400_n.jpg\"><img loading=\"lazy\" decoding=\"async\" class=\"alignnone size-full wp-image-12346\" src=\"https:\/\/marekkuchcinski.pl\/wp-content\/uploads\/2019\/01\/49616253_1870919639703987_8781254554445414400_n.jpg\" alt=\"49616253_1870919639703987_8781254554445414400_n\" width=\"2730\" height=\"4096\" srcset=\"https:\/\/marekkuchcinski.pl\/wp-content\/uploads\/2019\/01\/49616253_1870919639703987_8781254554445414400_n.jpg 1365w, https:\/\/marekkuchcinski.pl\/wp-content\/uploads\/2019\/01\/49616253_1870919639703987_8781254554445414400_n-200x300.jpg 200w, https:\/\/marekkuchcinski.pl\/wp-content\/uploads\/2019\/01\/49616253_1870919639703987_8781254554445414400_n-768x1152.jpg 768w, https:\/\/marekkuchcinski.pl\/wp-content\/uploads\/2019\/01\/49616253_1870919639703987_8781254554445414400_n-683x1024.jpg 683w\" sizes=\"(max-width: 2730px) 100vw, 2730px\" \/><\/a> <a href=\"https:\/\/marekkuchcinski.pl\/wp-content\/uploads\/2019\/01\/49755973_2061237533959755_8700671811102179328_n.jpg\"><img loading=\"lazy\" decoding=\"async\" class=\"alignnone size-full wp-image-12347\" src=\"https:\/\/marekkuchcinski.pl\/wp-content\/uploads\/2019\/01\/49755973_2061237533959755_8700671811102179328_n.jpg\" alt=\"49755973_2061237533959755_8700671811102179328_n\" width=\"2730\" height=\"4096\" srcset=\"https:\/\/marekkuchcinski.pl\/wp-content\/uploads\/2019\/01\/49755973_2061237533959755_8700671811102179328_n.jpg 1365w, https:\/\/marekkuchcinski.pl\/wp-content\/uploads\/2019\/01\/49755973_2061237533959755_8700671811102179328_n-200x300.jpg 200w, https:\/\/marekkuchcinski.pl\/wp-content\/uploads\/2019\/01\/49755973_2061237533959755_8700671811102179328_n-768x1152.jpg 768w, https:\/\/marekkuchcinski.pl\/wp-content\/uploads\/2019\/01\/49755973_2061237533959755_8700671811102179328_n-683x1024.jpg 683w\" sizes=\"(max-width: 2730px) 100vw, 2730px\" \/><\/a> <a href=\"https:\/\/marekkuchcinski.pl\/wp-content\/uploads\/2019\/01\/50129045_352215408692402_1635849504269795328_n.jpg\"><img loading=\"lazy\" decoding=\"async\" class=\"alignnone size-full wp-image-12348\" src=\"https:\/\/marekkuchcinski.pl\/wp-content\/uploads\/2019\/01\/50129045_352215408692402_1635849504269795328_n.jpg\" alt=\"50129045_352215408692402_1635849504269795328_n\" width=\"2730\" height=\"4096\" srcset=\"https:\/\/marekkuchcinski.pl\/wp-content\/uploads\/2019\/01\/50129045_352215408692402_1635849504269795328_n.jpg 1365w, https:\/\/marekkuchcinski.pl\/wp-content\/uploads\/2019\/01\/50129045_352215408692402_1635849504269795328_n-200x300.jpg 200w, https:\/\/marekkuchcinski.pl\/wp-content\/uploads\/2019\/01\/50129045_352215408692402_1635849504269795328_n-768x1152.jpg 768w, https:\/\/marekkuchcinski.pl\/wp-content\/uploads\/2019\/01\/50129045_352215408692402_1635849504269795328_n-683x1024.jpg 683w\" sizes=\"(max-width: 2730px) 100vw, 2730px\" \/><\/a><\/strong><em>\u00a0 Foto: Piotr Michalski<\/em><\/p>","protected":false},"excerpt":{"rendered":"<p>Podziemna Trasa Turystyczna w Przemy\u015blu to prawdziwa per\u0142a. Stare, \u015bredniowieczne mury, krypty i 400 m podziemnych korytarzy to miejsce czaruj\u0105ce tajemnic\u0105, niepowtarzalnym urokiem i histori\u0105 przemyskich kupc\u00f3w. Teraz zostanie rozbudowana i wyposa\u017cona w meble, urz\u0105dzenia multimedialne, grafiki, filmy, d\u017awi\u0119ki, \u015bwiat\u0142a, maj\u0105ce zapewni\u0107 nam podr\u00f3\u017c w z\u0142oty wiek miasta. Zapowiada si\u0119\u00a0niebanalna atrakcja turystyczna. Projekt \u201ePodziemna Trasa [&hellip;]<\/p>","protected":false},"author":6,"featured_media":12346,"comment_status":"open","ping_status":"open","sticky":false,"template":"","format":"standard","meta":{"ngg_post_thumbnail":0,"footnotes":""},"categories":[49,3],"tags":[],"class_list":["post-12342","post","type-post","status-publish","format-standard","has-post-thumbnail","hentry","category-podkarpacie","category-wydarzenia"],"yoast_head":"<!-- This site is optimized with the Yoast SEO plugin v24.7 - https:\/\/yoast.com\/wordpress\/plugins\/seo\/ -->\n<title>Podziemna trasa w Przemy\u015blu b\u0119dzie turystycznym magnesem &#8211; Marek Kuchci\u0144ski<\/title>\n<meta name=\"robots\" content=\"index, follow, max-snippet:-1, max-image-preview:large, max-video-preview:-1\" \/>\n<link rel=\"canonical\" href=\"https:\/\/marekkuchcinski.pl\/ro\/wydarzenia\/podziemna-trasa-turystyczna-przemyslu-stanie-sie-turystycznym-fenomenem\/\" \/>\n<meta property=\"og:locale\" content=\"ro_RO\" \/>\n<meta property=\"og:type\" content=\"article\" \/>\n<meta property=\"og:title\" content=\"Podziemna trasa w Przemy\u015blu b\u0119dzie turystycznym magnesem &#8211; Marek Kuchci\u0144ski\" \/>\n<meta property=\"og:description\" content=\"Podziemna Trasa Turystyczna w Przemy\u015blu to prawdziwa per\u0142a. Stare, \u015bredniowieczne mury, krypty i 400 m podziemnych korytarzy to miejsce czaruj\u0105ce tajemnic\u0105, niepowtarzalnym urokiem i histori\u0105 przemyskich kupc\u00f3w. Teraz zostanie rozbudowana i wyposa\u017cona w meble, urz\u0105dzenia multimedialne, grafiki, filmy, d\u017awi\u0119ki, \u015bwiat\u0142a, maj\u0105ce zapewni\u0107 nam podr\u00f3\u017c w z\u0142oty wiek miasta. Zapowiada si\u0119\u00a0niebanalna atrakcja turystyczna. Projekt \u201ePodziemna Trasa [&hellip;]\" \/>\n<meta property=\"og:url\" content=\"https:\/\/marekkuchcinski.pl\/ro\/wydarzenia\/podziemna-trasa-turystyczna-przemyslu-stanie-sie-turystycznym-fenomenem\/\" \/>\n<meta property=\"og:site_name\" content=\"Marek Kuchci\u0144ski\" \/>\n<meta property=\"article:published_time\" content=\"2019-01-03T11:06:36+00:00\" \/>\n<meta property=\"article:modified_time\" content=\"2019-01-03T11:19:39+00:00\" \/>\n<meta property=\"og:image\" content=\"https:\/\/marekkuchcinski.pl\/wp-content\/uploads\/2019\/01\/49616253_1870919639703987_8781254554445414400_n.jpg\" \/>\n\t<meta property=\"og:image:width\" content=\"1365\" \/>\n\t<meta property=\"og:image:height\" content=\"2048\" \/>\n\t<meta property=\"og:image:type\" content=\"image\/jpeg\" \/>\n<meta name=\"author\" content=\"admin\" \/>\n<meta name=\"twitter:card\" content=\"summary_large_image\" \/>\n<meta name=\"twitter:label1\" content=\"Scris de\" \/>\n\t<meta name=\"twitter:data1\" content=\"admin\" \/>\n\t<meta name=\"twitter:label2\" content=\"Timp estimat pentru citire\" \/>\n\t<meta name=\"twitter:data2\" content=\"1 minute\" \/>\n<script type=\"application\/ld+json\" class=\"yoast-schema-graph\">{\"@context\":\"https:\/\/schema.org\",\"@graph\":[{\"@type\":\"Article\",\"@id\":\"https:\/\/marekkuchcinski.pl\/wydarzenia\/podziemna-trasa-turystyczna-przemyslu-stanie-sie-turystycznym-fenomenem\/#article\",\"isPartOf\":{\"@id\":\"https:\/\/marekkuchcinski.pl\/wydarzenia\/podziemna-trasa-turystyczna-przemyslu-stanie-sie-turystycznym-fenomenem\/\"},\"author\":{\"name\":\"admin\",\"@id\":\"https:\/\/marekkuchcinski.pl\/#\/schema\/person\/6f62700996b4d950b6ea2d1183b6c6be\"},\"headline\":\"Podziemna trasa w Przemy\u015blu b\u0119dzie turystycznym magnesem\",\"datePublished\":\"2019-01-03T11:06:36+00:00\",\"dateModified\":\"2019-01-03T11:19:39+00:00\",\"mainEntityOfPage\":{\"@id\":\"https:\/\/marekkuchcinski.pl\/wydarzenia\/podziemna-trasa-turystyczna-przemyslu-stanie-sie-turystycznym-fenomenem\/\"},\"wordCount\":228,\"commentCount\":0,\"publisher\":{\"@id\":\"https:\/\/marekkuchcinski.pl\/#organization\"},\"image\":{\"@id\":\"https:\/\/marekkuchcinski.pl\/wydarzenia\/podziemna-trasa-turystyczna-przemyslu-stanie-sie-turystycznym-fenomenem\/#primaryimage\"},\"thumbnailUrl\":\"https:\/\/marekkuchcinski.pl\/wp-content\/uploads\/2019\/01\/49616253_1870919639703987_8781254554445414400_n.jpg\",\"articleSection\":[\"Podkarpacie\",\"Wydarzenia\"],\"inLanguage\":\"ro-RO\",\"potentialAction\":[{\"@type\":\"CommentAction\",\"name\":\"Comment\",\"target\":[\"https:\/\/marekkuchcinski.pl\/wydarzenia\/podziemna-trasa-turystyczna-przemyslu-stanie-sie-turystycznym-fenomenem\/#respond\"]}]},{\"@type\":\"WebPage\",\"@id\":\"https:\/\/marekkuchcinski.pl\/wydarzenia\/podziemna-trasa-turystyczna-przemyslu-stanie-sie-turystycznym-fenomenem\/\",\"url\":\"https:\/\/marekkuchcinski.pl\/wydarzenia\/podziemna-trasa-turystyczna-przemyslu-stanie-sie-turystycznym-fenomenem\/\",\"name\":\"Podziemna trasa w Przemy\u015blu b\u0119dzie turystycznym magnesem &#8211; Marek Kuchci\u0144ski\",\"isPartOf\":{\"@id\":\"https:\/\/marekkuchcinski.pl\/#website\"},\"primaryImageOfPage\":{\"@id\":\"https:\/\/marekkuchcinski.pl\/wydarzenia\/podziemna-trasa-turystyczna-przemyslu-stanie-sie-turystycznym-fenomenem\/#primaryimage\"},\"image\":{\"@id\":\"https:\/\/marekkuchcinski.pl\/wydarzenia\/podziemna-trasa-turystyczna-przemyslu-stanie-sie-turystycznym-fenomenem\/#primaryimage\"},\"thumbnailUrl\":\"https:\/\/marekkuchcinski.pl\/wp-content\/uploads\/2019\/01\/49616253_1870919639703987_8781254554445414400_n.jpg\",\"datePublished\":\"2019-01-03T11:06:36+00:00\",\"dateModified\":\"2019-01-03T11:19:39+00:00\",\"breadcrumb\":{\"@id\":\"https:\/\/marekkuchcinski.pl\/wydarzenia\/podziemna-trasa-turystyczna-przemyslu-stanie-sie-turystycznym-fenomenem\/#breadcrumb\"},\"inLanguage\":\"ro-RO\",\"potentialAction\":[{\"@type\":\"ReadAction\",\"target\":[\"https:\/\/marekkuchcinski.pl\/wydarzenia\/podziemna-trasa-turystyczna-przemyslu-stanie-sie-turystycznym-fenomenem\/\"]}]},{\"@type\":\"ImageObject\",\"inLanguage\":\"ro-RO\",\"@id\":\"https:\/\/marekkuchcinski.pl\/wydarzenia\/podziemna-trasa-turystyczna-przemyslu-stanie-sie-turystycznym-fenomenem\/#primaryimage\",\"url\":\"https:\/\/marekkuchcinski.pl\/wp-content\/uploads\/2019\/01\/49616253_1870919639703987_8781254554445414400_n.jpg\",\"contentUrl\":\"https:\/\/marekkuchcinski.pl\/wp-content\/uploads\/2019\/01\/49616253_1870919639703987_8781254554445414400_n.jpg\",\"width\":1365,\"height\":2048},{\"@type\":\"BreadcrumbList\",\"@id\":\"https:\/\/marekkuchcinski.pl\/wydarzenia\/podziemna-trasa-turystyczna-przemyslu-stanie-sie-turystycznym-fenomenem\/#breadcrumb\",\"itemListElement\":[{\"@type\":\"ListItem\",\"position\":1,\"name\":\"Strona g\u0142\u00f3wna\",\"item\":\"https:\/\/marekkuchcinski.pl\/\"},{\"@type\":\"ListItem\",\"position\":2,\"name\":\"Podziemna trasa w Przemy\u015blu b\u0119dzie turystycznym magnesem\"}]},{\"@type\":\"WebSite\",\"@id\":\"https:\/\/marekkuchcinski.pl\/#website\",\"url\":\"https:\/\/marekkuchcinski.pl\/\",\"name\":\"Marek Kuchci\u0144ski\",\"description\":\"Pose\u0142 na sejm RP &ndash; okr\u0119g nr 22\",\"publisher\":{\"@id\":\"https:\/\/marekkuchcinski.pl\/#organization\"},\"potentialAction\":[{\"@type\":\"SearchAction\",\"target\":{\"@type\":\"EntryPoint\",\"urlTemplate\":\"https:\/\/marekkuchcinski.pl\/?s={search_term_string}\"},\"query-input\":{\"@type\":\"PropertyValueSpecification\",\"valueRequired\":true,\"valueName\":\"search_term_string\"}}],\"inLanguage\":\"ro-RO\"},{\"@type\":\"Organization\",\"@id\":\"https:\/\/marekkuchcinski.pl\/#organization\",\"name\":\"Marek Kuchci\u0144ski\",\"url\":\"https:\/\/marekkuchcinski.pl\/\",\"logo\":{\"@type\":\"ImageObject\",\"inLanguage\":\"ro-RO\",\"@id\":\"https:\/\/marekkuchcinski.pl\/#\/schema\/logo\/image\/\",\"url\":\"https:\/\/marekkuchcinski.pl\/wp-content\/uploads\/2022\/09\/Marek.jpg\",\"contentUrl\":\"https:\/\/marekkuchcinski.pl\/wp-content\/uploads\/2022\/09\/Marek.jpg\",\"width\":1600,\"height\":971,\"caption\":\"Marek Kuchci\u0144ski\"},\"image\":{\"@id\":\"https:\/\/marekkuchcinski.pl\/#\/schema\/logo\/image\/\"}},{\"@type\":\"Person\",\"@id\":\"https:\/\/marekkuchcinski.pl\/#\/schema\/person\/6f62700996b4d950b6ea2d1183b6c6be\",\"name\":\"admin\",\"image\":{\"@type\":\"ImageObject\",\"inLanguage\":\"ro-RO\",\"@id\":\"https:\/\/marekkuchcinski.pl\/#\/schema\/person\/image\/\",\"url\":\"https:\/\/secure.gravatar.com\/avatar\/4bab693b9d55c3d6b52c0296a8765085?s=96&d=mm&r=g\",\"contentUrl\":\"https:\/\/secure.gravatar.com\/avatar\/4bab693b9d55c3d6b52c0296a8765085?s=96&d=mm&r=g\",\"caption\":\"admin\"},\"url\":\"https:\/\/marekkuchcinski.pl\/ro\/author\/marta-olejnik\/\"}]}<\/script>\n<!-- \/ Yoast SEO plugin. -->","yoast_head_json":{"title":"Podziemna trasa w Przemy\u015blu b\u0119dzie turystycznym magnesem &#8211; Marek Kuchci\u0144ski","robots":{"index":"index","follow":"follow","max-snippet":"max-snippet:-1","max-image-preview":"max-image-preview:large","max-video-preview":"max-video-preview:-1"},"canonical":"https:\/\/marekkuchcinski.pl\/ro\/wydarzenia\/podziemna-trasa-turystyczna-przemyslu-stanie-sie-turystycznym-fenomenem\/","og_locale":"ro_RO","og_type":"article","og_title":"Podziemna trasa w Przemy\u015blu b\u0119dzie turystycznym magnesem &#8211; Marek Kuchci\u0144ski","og_description":"Podziemna Trasa Turystyczna w Przemy\u015blu to prawdziwa per\u0142a. Stare, \u015bredniowieczne mury, krypty i 400 m podziemnych korytarzy to miejsce czaruj\u0105ce tajemnic\u0105, niepowtarzalnym urokiem i histori\u0105 przemyskich kupc\u00f3w. Teraz zostanie rozbudowana i wyposa\u017cona w meble, urz\u0105dzenia multimedialne, grafiki, filmy, d\u017awi\u0119ki, \u015bwiat\u0142a, maj\u0105ce zapewni\u0107 nam podr\u00f3\u017c w z\u0142oty wiek miasta. Zapowiada si\u0119\u00a0niebanalna atrakcja turystyczna. Projekt \u201ePodziemna Trasa [&hellip;]","og_url":"https:\/\/marekkuchcinski.pl\/ro\/wydarzenia\/podziemna-trasa-turystyczna-przemyslu-stanie-sie-turystycznym-fenomenem\/","og_site_name":"Marek Kuchci\u0144ski","article_published_time":"2019-01-03T11:06:36+00:00","article_modified_time":"2019-01-03T11:19:39+00:00","og_image":[{"width":1365,"height":2048,"url":"https:\/\/marekkuchcinski.pl\/wp-content\/uploads\/2019\/01\/49616253_1870919639703987_8781254554445414400_n.jpg","type":"image\/jpeg"}],"author":"admin","twitter_card":"summary_large_image","twitter_misc":{"Scris de":"admin","Timp estimat pentru citire":"1 minute"},"schema":{"@context":"https:\/\/schema.org","@graph":[{"@type":"Article","@id":"https:\/\/marekkuchcinski.pl\/wydarzenia\/podziemna-trasa-turystyczna-przemyslu-stanie-sie-turystycznym-fenomenem\/#article","isPartOf":{"@id":"https:\/\/marekkuchcinski.pl\/wydarzenia\/podziemna-trasa-turystyczna-przemyslu-stanie-sie-turystycznym-fenomenem\/"},"author":{"name":"admin","@id":"https:\/\/marekkuchcinski.pl\/#\/schema\/person\/6f62700996b4d950b6ea2d1183b6c6be"},"headline":"Podziemna trasa w Przemy\u015blu b\u0119dzie turystycznym magnesem","datePublished":"2019-01-03T11:06:36+00:00","dateModified":"2019-01-03T11:19:39+00:00","mainEntityOfPage":{"@id":"https:\/\/marekkuchcinski.pl\/wydarzenia\/podziemna-trasa-turystyczna-przemyslu-stanie-sie-turystycznym-fenomenem\/"},"wordCount":228,"commentCount":0,"publisher":{"@id":"https:\/\/marekkuchcinski.pl\/#organization"},"image":{"@id":"https:\/\/marekkuchcinski.pl\/wydarzenia\/podziemna-trasa-turystyczna-przemyslu-stanie-sie-turystycznym-fenomenem\/#primaryimage"},"thumbnailUrl":"https:\/\/marekkuchcinski.pl\/wp-content\/uploads\/2019\/01\/49616253_1870919639703987_8781254554445414400_n.jpg","articleSection":["Podkarpacie","Wydarzenia"],"inLanguage":"ro-RO","potentialAction":[{"@type":"CommentAction","name":"Comment","target":["https:\/\/marekkuchcinski.pl\/wydarzenia\/podziemna-trasa-turystyczna-przemyslu-stanie-sie-turystycznym-fenomenem\/#respond"]}]},{"@type":"WebPage","@id":"https:\/\/marekkuchcinski.pl\/wydarzenia\/podziemna-trasa-turystyczna-przemyslu-stanie-sie-turystycznym-fenomenem\/","url":"https:\/\/marekkuchcinski.pl\/wydarzenia\/podziemna-trasa-turystyczna-przemyslu-stanie-sie-turystycznym-fenomenem\/","name":"Podziemna trasa w Przemy\u015blu b\u0119dzie turystycznym magnesem &#8211; Marek Kuchci\u0144ski","isPartOf":{"@id":"https:\/\/marekkuchcinski.pl\/#website"},"primaryImageOfPage":{"@id":"https:\/\/marekkuchcinski.pl\/wydarzenia\/podziemna-trasa-turystyczna-przemyslu-stanie-sie-turystycznym-fenomenem\/#primaryimage"},"image":{"@id":"https:\/\/marekkuchcinski.pl\/wydarzenia\/podziemna-trasa-turystyczna-przemyslu-stanie-sie-turystycznym-fenomenem\/#primaryimage"},"thumbnailUrl":"https:\/\/marekkuchcinski.pl\/wp-content\/uploads\/2019\/01\/49616253_1870919639703987_8781254554445414400_n.jpg","datePublished":"2019-01-03T11:06:36+00:00","dateModified":"2019-01-03T11:19:39+00:00","breadcrumb":{"@id":"https:\/\/marekkuchcinski.pl\/wydarzenia\/podziemna-trasa-turystyczna-przemyslu-stanie-sie-turystycznym-fenomenem\/#breadcrumb"},"inLanguage":"ro-RO","potentialAction":[{"@type":"ReadAction","target":["https:\/\/marekkuchcinski.pl\/wydarzenia\/podziemna-trasa-turystyczna-przemyslu-stanie-sie-turystycznym-fenomenem\/"]}]},{"@type":"ImageObject","inLanguage":"ro-RO","@id":"https:\/\/marekkuchcinski.pl\/wydarzenia\/podziemna-trasa-turystyczna-przemyslu-stanie-sie-turystycznym-fenomenem\/#primaryimage","url":"https:\/\/marekkuchcinski.pl\/wp-content\/uploads\/2019\/01\/49616253_1870919639703987_8781254554445414400_n.jpg","contentUrl":"https:\/\/marekkuchcinski.pl\/wp-content\/uploads\/2019\/01\/49616253_1870919639703987_8781254554445414400_n.jpg","width":1365,"height":2048},{"@type":"BreadcrumbList","@id":"https:\/\/marekkuchcinski.pl\/wydarzenia\/podziemna-trasa-turystyczna-przemyslu-stanie-sie-turystycznym-fenomenem\/#breadcrumb","itemListElement":[{"@type":"ListItem","position":1,"name":"Strona g\u0142\u00f3wna","item":"https:\/\/marekkuchcinski.pl\/"},{"@type":"ListItem","position":2,"name":"Podziemna trasa w Przemy\u015blu b\u0119dzie turystycznym magnesem"}]},{"@type":"WebSite","@id":"https:\/\/marekkuchcinski.pl\/#website","url":"https:\/\/marekkuchcinski.pl\/","name":"Marek Kuchci\u0144ski","description":"Pose\u0142 na sejm RP &ndash; okr\u0119g nr 22","publisher":{"@id":"https:\/\/marekkuchcinski.pl\/#organization"},"potentialAction":[{"@type":"SearchAction","target":{"@type":"EntryPoint","urlTemplate":"https:\/\/marekkuchcinski.pl\/?s={search_term_string}"},"query-input":{"@type":"PropertyValueSpecification","valueRequired":true,"valueName":"search_term_string"}}],"inLanguage":"ro-RO"},{"@type":"Organization","@id":"https:\/\/marekkuchcinski.pl\/#organization","name":"Marek Kuchci\u0144ski","url":"https:\/\/marekkuchcinski.pl\/","logo":{"@type":"ImageObject","inLanguage":"ro-RO","@id":"https:\/\/marekkuchcinski.pl\/#\/schema\/logo\/image\/","url":"https:\/\/marekkuchcinski.pl\/wp-content\/uploads\/2022\/09\/Marek.jpg","contentUrl":"https:\/\/marekkuchcinski.pl\/wp-content\/uploads\/2022\/09\/Marek.jpg","width":1600,"height":971,"caption":"Marek Kuchci\u0144ski"},"image":{"@id":"https:\/\/marekkuchcinski.pl\/#\/schema\/logo\/image\/"}},{"@type":"Person","@id":"https:\/\/marekkuchcinski.pl\/#\/schema\/person\/6f62700996b4d950b6ea2d1183b6c6be","name":"admin","image":{"@type":"ImageObject","inLanguage":"ro-RO","@id":"https:\/\/marekkuchcinski.pl\/#\/schema\/person\/image\/","url":"https:\/\/secure.gravatar.com\/avatar\/4bab693b9d55c3d6b52c0296a8765085?s=96&d=mm&r=g","contentUrl":"https:\/\/secure.gravatar.com\/avatar\/4bab693b9d55c3d6b52c0296a8765085?s=96&d=mm&r=g","caption":"admin"},"url":"https:\/\/marekkuchcinski.pl\/ro\/author\/marta-olejnik\/"}]}},"_links":{"self":[{"href":"https:\/\/marekkuchcinski.pl\/ro\/wp-json\/wp\/v2\/posts\/12342","targetHints":{"allow":["GET"]}}],"collection":[{"href":"https:\/\/marekkuchcinski.pl\/ro\/wp-json\/wp\/v2\/posts"}],"about":[{"href":"https:\/\/marekkuchcinski.pl\/ro\/wp-json\/wp\/v2\/types\/post"}],"author":[{"embeddable":true,"href":"https:\/\/marekkuchcinski.pl\/ro\/wp-json\/wp\/v2\/users\/6"}],"replies":[{"embeddable":true,"href":"https:\/\/marekkuchcinski.pl\/ro\/wp-json\/wp\/v2\/comments?post=12342"}],"version-history":[{"count":7,"href":"https:\/\/marekkuchcinski.pl\/ro\/wp-json\/wp\/v2\/posts\/12342\/revisions"}],"predecessor-version":[{"id":12356,"href":"https:\/\/marekkuchcinski.pl\/ro\/wp-json\/wp\/v2\/posts\/12342\/revisions\/12356"}],"wp:featuredmedia":[{"embeddable":true,"href":"https:\/\/marekkuchcinski.pl\/ro\/wp-json\/wp\/v2\/media\/12346"}],"wp:attachment":[{"href":"https:\/\/marekkuchcinski.pl\/ro\/wp-json\/wp\/v2\/media?parent=12342"}],"wp:term":[{"taxonomy":"category","embeddable":true,"href":"https:\/\/marekkuchcinski.pl\/ro\/wp-json\/wp\/v2\/categories?post=12342"},{"taxonomy":"post_tag","embeddable":true,"href":"https:\/\/marekkuchcinski.pl\/ro\/wp-json\/wp\/v2\/tags?post=12342"}],"curies":[{"name":"wp","href":"https:\/\/api.w.org\/{rel}","templated":true}]}}