{"id":12319,"date":"2019-01-02T12:11:43","date_gmt":"2019-01-02T11:11:43","guid":{"rendered":"https:\/\/marekkuchcinski.pl\/?p=12319"},"modified":"2019-01-02T13:48:50","modified_gmt":"2019-01-02T12:48:50","slug":"dobre-zmiany-podkarpaciu-2018-roku","status":"publish","type":"post","link":"https:\/\/marekkuchcinski.pl\/ro\/wydarzenia\/dobre-zmiany-podkarpaciu-2018-roku\/","title":{"rendered":"Schimb\u0103ri bune \u00een Podkarpacie \u00een 2018"},"content":{"rendered":"<p>\u00cen 2018, \u00een Podkarpacie au fost implementate programe de infrastructur\u0103, de s\u0103n\u0103tate \u0219i sociale. Pentru program <strong>\"Familia 500 plus\" <\/strong>peste 1,4 miliarde de euro au fost alocate din bugetul guvernatorului pentru acest program <strong>\"Senior plus\"<\/strong> - 5 milioane de euro, pentru <strong>\"Bun \u00eenceput\"<\/strong> - peste 80 de milioane PLN.<\/p>\n<p>Mul\u021bumit\u0103 banilor din Programul Opera\u021bional Regional Podkarpackie 2014-2020, p\u00e2n\u0103 la 5 mii. <strong>a crescut num\u0103rul de locuri \u00een gr\u0103dini\u021be<\/strong>. Au fost implementate peste 150 de proiecte, cu o valoare total\u0103 de peste 100 de milioane de zlo\u021bi. De asemenea, au fost alocate fonduri pentru sus\u021binerea gr\u0103dini\u021belor speciale \u0219i integrate \u0219i a copiilor cu dizabilit\u0103\u021bi.<\/p>\n<p>Peste 11,5 milioane de zlo\u021bi din sprijinul ministerial au fost alocate spitalelor din Podkarpacie pentru <strong>modernizarea sau construirea de sec\u021bii de urgen\u021b\u0103 ale spitalelor<\/strong>. Au fost furnizate echipamente medicale noi unit\u0103\u021bilor din Tarnobrzeg, Stalowa Wola, Krosno, Rzesz\u00f3w \u0219i Przemy\u015bl. Datorit\u0103 unui grant de un milion de zlo\u021bi, spitalul districtual din Ustrzyki a putut achizi\u021biona un ecograf modern.<\/p>\n<p>Din 2016 p\u00e2n\u0103 \u00een 2018, au fost pl\u0103tite fonduri \u0219i pentru <strong>gestionarea consecin\u021belor dezastrelor naturale \u0219i ale alunec\u0103rilor de teren<\/strong> - Arieratele create \u00een timpul guvern\u0103rii PO-PSL dateaz\u0103 din 2007. \u00cen 2018, aproximativ 124 de milioane PLN au fost alocate pentru punerea \u00een aplicare a 430 de sarcini.<\/p>\n<p><strong>Renovat, reconstruit\u00a0<\/strong><strong>sau reconstruit peste 260 km de drumuri comunale \u0219i districtuale, 53 de poduri \u0219i canale de scurgere pe drumuri comunale \u0219i districtuale.<\/strong><\/p>\n<p>Aproape 5 milioane de zlo\u021bi polonezi au fost dona\u021bi pentru reconstruc\u021bia complet\u0103 a unui pod din satul Terka din districtul Lesko, care nu a mai fost reconstruit de c\u00e2teva decenii. Era \u00eengust\u0103, din lemn \u0219i cu o capacitate de transport redus\u0103. Turi\u0219tii care mergeau la Bieszczady trebuiau s\u0103 traverseze pe jos, deoarece era prea periculos. Acum podul este din c\u0103r\u0103mid\u0103, este lat \u0219i are o capacitate portant\u0103 mare. Excursiile cu autocarul pot acum s\u0103 o traverseze \u00een siguran\u021b\u0103.<\/p>\n<p>\u00cen 2018, pentru repararea \u0219i reconstruc\u021bia drumurilor \u0219i podurilor locale au fost acordate fonduri din dou\u0103 programe:<\/p>\n<p>1) Programul de Dezvoltare a Infrastructurii Rutiere Municipale \u0219i Raionale 2016-2018, din care au fost alocate \u00een 2018, prin intermediul guvernatorului, peste 50 de milioane 200 de mii pentru peste 92 km de drumuri.<\/p>\n<p>2) Programul guvernamental pentru dezvoltarea \u0219i competitivitatea regiunilor prin sprijinirea infrastructurii rutiere locale \u00een 2018, pentru care au fost alocate peste 81 de milioane PLN (50 de milioane 200 de mii PLN de la guvern \u0219i 31 de milioane PLN de la guvernator) pentru aproximativ 150 km de drumuri.<\/p>\n<p>Ca parte a ultimului program, a fost asigurat\u0103 finan\u021barea, printre altele, a drumului de pe strada J\u00f3zef Wysocki din Przemy\u015bl, care a fost reparat doar temporar timp de 40 de ani.<\/p>\n<p>Proiectul emblematic de transport al guvernului PiS, ruta <strong>Via Carpatia<\/strong>. Acesta trebuie s\u0103 fie motorul de dezvoltare a regiunii, s\u0103 stimuleze economia, s\u0103 atrag\u0103 investi\u021bii \u0219i s\u0103 creasc\u0103 num\u0103rul de locuri de munc\u0103. \u00cen regiunea Podkarpacie, tronsonul de drum S-19 va avea \u00een cele din urm\u0103 o lungime de 174 km - de la Barwinek p\u00e2n\u0103 la grani\u021ba cu voivodatul Lubelskie.<\/p>\n<p>&nbsp;<\/p>\n<p>&nbsp;<\/p>\n<p>&nbsp;<\/p>\n<p>&nbsp;<\/p>\n<p>&nbsp;<\/p>\n<p>&nbsp;<\/p>\n<p>&nbsp;<\/p>","protected":false},"excerpt":{"rendered":"<p>W 2018 roku na Podkarpaciu wdro\u017cono programy infrastrukturalne, zdrowotne i spo\u0142eczne. Na program \u201eRodzina 500 plus\u201d z bud\u017cetu wojewody przeznaczono ponad 1,4 mld, na program \u201eSenior plus\u201d \u2013 5 mln, na \u201eDobry start\u201d \u2013 ponad 80 mln z\u0142. Dzi\u0119ki pieni\u0105dzom z regionalnego programu operacyjnego woj. podkarpackiego na lata 2014-2020 do 5 tys. zwi\u0119kszy\u0142a si\u0119 liczba [&hellip;]<\/p>","protected":false},"author":6,"featured_media":12327,"comment_status":"open","ping_status":"open","sticky":false,"template":"","format":"standard","meta":{"ngg_post_thumbnail":0,"footnotes":""},"categories":[49,82,3],"tags":[],"class_list":["post-12319","post","type-post","status-publish","format-standard","has-post-thumbnail","hentry","category-podkarpacie","category-prawo-i-sprawiedliwosc","category-wydarzenia"],"yoast_head":"<!-- This site is optimized with the Yoast SEO plugin v24.7 - https:\/\/yoast.com\/wordpress\/plugins\/seo\/ -->\n<title>Dobre zmiany na Podkarpaciu w 2018 roku &#8211; Marek Kuchci\u0144ski<\/title>\n<meta name=\"robots\" content=\"index, follow, max-snippet:-1, max-image-preview:large, max-video-preview:-1\" \/>\n<link rel=\"canonical\" href=\"https:\/\/marekkuchcinski.pl\/ro\/wydarzenia\/dobre-zmiany-podkarpaciu-2018-roku\/\" \/>\n<meta property=\"og:locale\" content=\"ro_RO\" \/>\n<meta property=\"og:type\" content=\"article\" \/>\n<meta property=\"og:title\" content=\"Dobre zmiany na Podkarpaciu w 2018 roku &#8211; Marek Kuchci\u0144ski\" \/>\n<meta property=\"og:description\" content=\"W 2018 roku na Podkarpaciu wdro\u017cono programy infrastrukturalne, zdrowotne i spo\u0142eczne. Na program \u201eRodzina 500 plus\u201d z bud\u017cetu wojewody przeznaczono ponad 1,4 mld, na program \u201eSenior plus\u201d \u2013 5 mln, na \u201eDobry start\u201d \u2013 ponad 80 mln z\u0142. Dzi\u0119ki pieni\u0105dzom z regionalnego programu operacyjnego woj. podkarpackiego na lata 2014-2020 do 5 tys. zwi\u0119kszy\u0142a si\u0119 liczba [&hellip;]\" \/>\n<meta property=\"og:url\" content=\"https:\/\/marekkuchcinski.pl\/ro\/wydarzenia\/dobre-zmiany-podkarpaciu-2018-roku\/\" \/>\n<meta property=\"og:site_name\" content=\"Marek Kuchci\u0144ski\" \/>\n<meta property=\"article:published_time\" content=\"2019-01-02T11:11:43+00:00\" \/>\n<meta property=\"article:modified_time\" content=\"2019-01-02T12:48:50+00:00\" \/>\n<meta property=\"og:image\" content=\"https:\/\/marekkuchcinski.pl\/wp-content\/uploads\/2019\/01\/dzp.jpg\" \/>\n\t<meta property=\"og:image:width\" content=\"529\" \/>\n\t<meta property=\"og:image:height\" content=\"362\" \/>\n\t<meta property=\"og:image:type\" content=\"image\/jpeg\" \/>\n<meta name=\"author\" content=\"admin\" \/>\n<meta name=\"twitter:card\" content=\"summary_large_image\" \/>\n<meta name=\"twitter:label1\" content=\"Scris de\" \/>\n\t<meta name=\"twitter:data1\" content=\"admin\" \/>\n\t<meta name=\"twitter:label2\" content=\"Timp estimat pentru citire\" \/>\n\t<meta name=\"twitter:data2\" content=\"2 minutes\" \/>\n<script type=\"application\/ld+json\" class=\"yoast-schema-graph\">{\"@context\":\"https:\/\/schema.org\",\"@graph\":[{\"@type\":\"Article\",\"@id\":\"https:\/\/marekkuchcinski.pl\/sk\/wydarzenia\/dobre-zmiany-podkarpaciu-2018-roku\/#article\",\"isPartOf\":{\"@id\":\"https:\/\/marekkuchcinski.pl\/sk\/wydarzenia\/dobre-zmiany-podkarpaciu-2018-roku\/\"},\"author\":{\"name\":\"admin\",\"@id\":\"https:\/\/marekkuchcinski.pl\/#\/schema\/person\/6f62700996b4d950b6ea2d1183b6c6be\"},\"headline\":\"Dobre zmiany na Podkarpaciu w 2018 roku\",\"datePublished\":\"2019-01-02T11:11:43+00:00\",\"dateModified\":\"2019-01-02T12:48:50+00:00\",\"mainEntityOfPage\":{\"@id\":\"https:\/\/marekkuchcinski.pl\/sk\/wydarzenia\/dobre-zmiany-podkarpaciu-2018-roku\/\"},\"wordCount\":453,\"commentCount\":0,\"publisher\":{\"@id\":\"https:\/\/marekkuchcinski.pl\/#organization\"},\"image\":{\"@id\":\"https:\/\/marekkuchcinski.pl\/sk\/wydarzenia\/dobre-zmiany-podkarpaciu-2018-roku\/#primaryimage\"},\"thumbnailUrl\":\"https:\/\/marekkuchcinski.pl\/wp-content\/uploads\/2019\/01\/dzp.jpg\",\"articleSection\":[\"Podkarpacie\",\"Prawo i Sprawiedliwo\u015b\u0107\",\"Wydarzenia\"],\"inLanguage\":\"ro-RO\",\"potentialAction\":[{\"@type\":\"CommentAction\",\"name\":\"Comment\",\"target\":[\"https:\/\/marekkuchcinski.pl\/sk\/wydarzenia\/dobre-zmiany-podkarpaciu-2018-roku\/#respond\"]}]},{\"@type\":\"WebPage\",\"@id\":\"https:\/\/marekkuchcinski.pl\/sk\/wydarzenia\/dobre-zmiany-podkarpaciu-2018-roku\/\",\"url\":\"https:\/\/marekkuchcinski.pl\/sk\/wydarzenia\/dobre-zmiany-podkarpaciu-2018-roku\/\",\"name\":\"Dobre zmiany na Podkarpaciu w 2018 roku &#8211; Marek Kuchci\u0144ski\",\"isPartOf\":{\"@id\":\"https:\/\/marekkuchcinski.pl\/#website\"},\"primaryImageOfPage\":{\"@id\":\"https:\/\/marekkuchcinski.pl\/sk\/wydarzenia\/dobre-zmiany-podkarpaciu-2018-roku\/#primaryimage\"},\"image\":{\"@id\":\"https:\/\/marekkuchcinski.pl\/sk\/wydarzenia\/dobre-zmiany-podkarpaciu-2018-roku\/#primaryimage\"},\"thumbnailUrl\":\"https:\/\/marekkuchcinski.pl\/wp-content\/uploads\/2019\/01\/dzp.jpg\",\"datePublished\":\"2019-01-02T11:11:43+00:00\",\"dateModified\":\"2019-01-02T12:48:50+00:00\",\"breadcrumb\":{\"@id\":\"https:\/\/marekkuchcinski.pl\/sk\/wydarzenia\/dobre-zmiany-podkarpaciu-2018-roku\/#breadcrumb\"},\"inLanguage\":\"ro-RO\",\"potentialAction\":[{\"@type\":\"ReadAction\",\"target\":[\"https:\/\/marekkuchcinski.pl\/sk\/wydarzenia\/dobre-zmiany-podkarpaciu-2018-roku\/\"]}]},{\"@type\":\"ImageObject\",\"inLanguage\":\"ro-RO\",\"@id\":\"https:\/\/marekkuchcinski.pl\/sk\/wydarzenia\/dobre-zmiany-podkarpaciu-2018-roku\/#primaryimage\",\"url\":\"https:\/\/marekkuchcinski.pl\/wp-content\/uploads\/2019\/01\/dzp.jpg\",\"contentUrl\":\"https:\/\/marekkuchcinski.pl\/wp-content\/uploads\/2019\/01\/dzp.jpg\",\"width\":529,\"height\":362},{\"@type\":\"BreadcrumbList\",\"@id\":\"https:\/\/marekkuchcinski.pl\/sk\/wydarzenia\/dobre-zmiany-podkarpaciu-2018-roku\/#breadcrumb\",\"itemListElement\":[{\"@type\":\"ListItem\",\"position\":1,\"name\":\"Strona g\u0142\u00f3wna\",\"item\":\"https:\/\/marekkuchcinski.pl\/\"},{\"@type\":\"ListItem\",\"position\":2,\"name\":\"Dobre zmiany na Podkarpaciu w 2018 roku\"}]},{\"@type\":\"WebSite\",\"@id\":\"https:\/\/marekkuchcinski.pl\/#website\",\"url\":\"https:\/\/marekkuchcinski.pl\/\",\"name\":\"Marek Kuchci\u0144ski\",\"description\":\"Pose\u0142 na sejm RP &ndash; okr\u0119g nr 22\",\"publisher\":{\"@id\":\"https:\/\/marekkuchcinski.pl\/#organization\"},\"potentialAction\":[{\"@type\":\"SearchAction\",\"target\":{\"@type\":\"EntryPoint\",\"urlTemplate\":\"https:\/\/marekkuchcinski.pl\/?s={search_term_string}\"},\"query-input\":{\"@type\":\"PropertyValueSpecification\",\"valueRequired\":true,\"valueName\":\"search_term_string\"}}],\"inLanguage\":\"ro-RO\"},{\"@type\":\"Organization\",\"@id\":\"https:\/\/marekkuchcinski.pl\/#organization\",\"name\":\"Marek Kuchci\u0144ski\",\"url\":\"https:\/\/marekkuchcinski.pl\/\",\"logo\":{\"@type\":\"ImageObject\",\"inLanguage\":\"ro-RO\",\"@id\":\"https:\/\/marekkuchcinski.pl\/#\/schema\/logo\/image\/\",\"url\":\"https:\/\/marekkuchcinski.pl\/wp-content\/uploads\/2022\/09\/Marek.jpg\",\"contentUrl\":\"https:\/\/marekkuchcinski.pl\/wp-content\/uploads\/2022\/09\/Marek.jpg\",\"width\":1600,\"height\":971,\"caption\":\"Marek Kuchci\u0144ski\"},\"image\":{\"@id\":\"https:\/\/marekkuchcinski.pl\/#\/schema\/logo\/image\/\"}},{\"@type\":\"Person\",\"@id\":\"https:\/\/marekkuchcinski.pl\/#\/schema\/person\/6f62700996b4d950b6ea2d1183b6c6be\",\"name\":\"admin\",\"image\":{\"@type\":\"ImageObject\",\"inLanguage\":\"ro-RO\",\"@id\":\"https:\/\/marekkuchcinski.pl\/#\/schema\/person\/image\/\",\"url\":\"https:\/\/secure.gravatar.com\/avatar\/4bab693b9d55c3d6b52c0296a8765085?s=96&d=mm&r=g\",\"contentUrl\":\"https:\/\/secure.gravatar.com\/avatar\/4bab693b9d55c3d6b52c0296a8765085?s=96&d=mm&r=g\",\"caption\":\"admin\"},\"url\":\"https:\/\/marekkuchcinski.pl\/ro\/author\/marta-olejnik\/\"}]}<\/script>\n<!-- \/ Yoast SEO plugin. -->","yoast_head_json":{"title":"Dobre zmiany na Podkarpaciu w 2018 roku &#8211; Marek Kuchci\u0144ski","robots":{"index":"index","follow":"follow","max-snippet":"max-snippet:-1","max-image-preview":"max-image-preview:large","max-video-preview":"max-video-preview:-1"},"canonical":"https:\/\/marekkuchcinski.pl\/ro\/wydarzenia\/dobre-zmiany-podkarpaciu-2018-roku\/","og_locale":"ro_RO","og_type":"article","og_title":"Dobre zmiany na Podkarpaciu w 2018 roku &#8211; Marek Kuchci\u0144ski","og_description":"W 2018 roku na Podkarpaciu wdro\u017cono programy infrastrukturalne, zdrowotne i spo\u0142eczne. Na program \u201eRodzina 500 plus\u201d z bud\u017cetu wojewody przeznaczono ponad 1,4 mld, na program \u201eSenior plus\u201d \u2013 5 mln, na \u201eDobry start\u201d \u2013 ponad 80 mln z\u0142. Dzi\u0119ki pieni\u0105dzom z regionalnego programu operacyjnego woj. podkarpackiego na lata 2014-2020 do 5 tys. zwi\u0119kszy\u0142a si\u0119 liczba [&hellip;]","og_url":"https:\/\/marekkuchcinski.pl\/ro\/wydarzenia\/dobre-zmiany-podkarpaciu-2018-roku\/","og_site_name":"Marek Kuchci\u0144ski","article_published_time":"2019-01-02T11:11:43+00:00","article_modified_time":"2019-01-02T12:48:50+00:00","og_image":[{"width":529,"height":362,"url":"https:\/\/marekkuchcinski.pl\/wp-content\/uploads\/2019\/01\/dzp.jpg","type":"image\/jpeg"}],"author":"admin","twitter_card":"summary_large_image","twitter_misc":{"Scris de":"admin","Timp estimat pentru citire":"2 minutes"},"schema":{"@context":"https:\/\/schema.org","@graph":[{"@type":"Article","@id":"https:\/\/marekkuchcinski.pl\/sk\/wydarzenia\/dobre-zmiany-podkarpaciu-2018-roku\/#article","isPartOf":{"@id":"https:\/\/marekkuchcinski.pl\/sk\/wydarzenia\/dobre-zmiany-podkarpaciu-2018-roku\/"},"author":{"name":"admin","@id":"https:\/\/marekkuchcinski.pl\/#\/schema\/person\/6f62700996b4d950b6ea2d1183b6c6be"},"headline":"Dobre zmiany na Podkarpaciu w 2018 roku","datePublished":"2019-01-02T11:11:43+00:00","dateModified":"2019-01-02T12:48:50+00:00","mainEntityOfPage":{"@id":"https:\/\/marekkuchcinski.pl\/sk\/wydarzenia\/dobre-zmiany-podkarpaciu-2018-roku\/"},"wordCount":453,"commentCount":0,"publisher":{"@id":"https:\/\/marekkuchcinski.pl\/#organization"},"image":{"@id":"https:\/\/marekkuchcinski.pl\/sk\/wydarzenia\/dobre-zmiany-podkarpaciu-2018-roku\/#primaryimage"},"thumbnailUrl":"https:\/\/marekkuchcinski.pl\/wp-content\/uploads\/2019\/01\/dzp.jpg","articleSection":["Podkarpacie","Prawo i Sprawiedliwo\u015b\u0107","Wydarzenia"],"inLanguage":"ro-RO","potentialAction":[{"@type":"CommentAction","name":"Comment","target":["https:\/\/marekkuchcinski.pl\/sk\/wydarzenia\/dobre-zmiany-podkarpaciu-2018-roku\/#respond"]}]},{"@type":"WebPage","@id":"https:\/\/marekkuchcinski.pl\/sk\/wydarzenia\/dobre-zmiany-podkarpaciu-2018-roku\/","url":"https:\/\/marekkuchcinski.pl\/sk\/wydarzenia\/dobre-zmiany-podkarpaciu-2018-roku\/","name":"Dobre zmiany na Podkarpaciu w 2018 roku &#8211; Marek Kuchci\u0144ski","isPartOf":{"@id":"https:\/\/marekkuchcinski.pl\/#website"},"primaryImageOfPage":{"@id":"https:\/\/marekkuchcinski.pl\/sk\/wydarzenia\/dobre-zmiany-podkarpaciu-2018-roku\/#primaryimage"},"image":{"@id":"https:\/\/marekkuchcinski.pl\/sk\/wydarzenia\/dobre-zmiany-podkarpaciu-2018-roku\/#primaryimage"},"thumbnailUrl":"https:\/\/marekkuchcinski.pl\/wp-content\/uploads\/2019\/01\/dzp.jpg","datePublished":"2019-01-02T11:11:43+00:00","dateModified":"2019-01-02T12:48:50+00:00","breadcrumb":{"@id":"https:\/\/marekkuchcinski.pl\/sk\/wydarzenia\/dobre-zmiany-podkarpaciu-2018-roku\/#breadcrumb"},"inLanguage":"ro-RO","potentialAction":[{"@type":"ReadAction","target":["https:\/\/marekkuchcinski.pl\/sk\/wydarzenia\/dobre-zmiany-podkarpaciu-2018-roku\/"]}]},{"@type":"ImageObject","inLanguage":"ro-RO","@id":"https:\/\/marekkuchcinski.pl\/sk\/wydarzenia\/dobre-zmiany-podkarpaciu-2018-roku\/#primaryimage","url":"https:\/\/marekkuchcinski.pl\/wp-content\/uploads\/2019\/01\/dzp.jpg","contentUrl":"https:\/\/marekkuchcinski.pl\/wp-content\/uploads\/2019\/01\/dzp.jpg","width":529,"height":362},{"@type":"BreadcrumbList","@id":"https:\/\/marekkuchcinski.pl\/sk\/wydarzenia\/dobre-zmiany-podkarpaciu-2018-roku\/#breadcrumb","itemListElement":[{"@type":"ListItem","position":1,"name":"Strona g\u0142\u00f3wna","item":"https:\/\/marekkuchcinski.pl\/"},{"@type":"ListItem","position":2,"name":"Dobre zmiany na Podkarpaciu w 2018 roku"}]},{"@type":"WebSite","@id":"https:\/\/marekkuchcinski.pl\/#website","url":"https:\/\/marekkuchcinski.pl\/","name":"Marek Kuchci\u0144ski","description":"Pose\u0142 na sejm RP &ndash; okr\u0119g nr 22","publisher":{"@id":"https:\/\/marekkuchcinski.pl\/#organization"},"potentialAction":[{"@type":"SearchAction","target":{"@type":"EntryPoint","urlTemplate":"https:\/\/marekkuchcinski.pl\/?s={search_term_string}"},"query-input":{"@type":"PropertyValueSpecification","valueRequired":true,"valueName":"search_term_string"}}],"inLanguage":"ro-RO"},{"@type":"Organization","@id":"https:\/\/marekkuchcinski.pl\/#organization","name":"Marek Kuchci\u0144ski","url":"https:\/\/marekkuchcinski.pl\/","logo":{"@type":"ImageObject","inLanguage":"ro-RO","@id":"https:\/\/marekkuchcinski.pl\/#\/schema\/logo\/image\/","url":"https:\/\/marekkuchcinski.pl\/wp-content\/uploads\/2022\/09\/Marek.jpg","contentUrl":"https:\/\/marekkuchcinski.pl\/wp-content\/uploads\/2022\/09\/Marek.jpg","width":1600,"height":971,"caption":"Marek Kuchci\u0144ski"},"image":{"@id":"https:\/\/marekkuchcinski.pl\/#\/schema\/logo\/image\/"}},{"@type":"Person","@id":"https:\/\/marekkuchcinski.pl\/#\/schema\/person\/6f62700996b4d950b6ea2d1183b6c6be","name":"admin","image":{"@type":"ImageObject","inLanguage":"ro-RO","@id":"https:\/\/marekkuchcinski.pl\/#\/schema\/person\/image\/","url":"https:\/\/secure.gravatar.com\/avatar\/4bab693b9d55c3d6b52c0296a8765085?s=96&d=mm&r=g","contentUrl":"https:\/\/secure.gravatar.com\/avatar\/4bab693b9d55c3d6b52c0296a8765085?s=96&d=mm&r=g","caption":"admin"},"url":"https:\/\/marekkuchcinski.pl\/ro\/author\/marta-olejnik\/"}]}},"_links":{"self":[{"href":"https:\/\/marekkuchcinski.pl\/ro\/wp-json\/wp\/v2\/posts\/12319","targetHints":{"allow":["GET"]}}],"collection":[{"href":"https:\/\/marekkuchcinski.pl\/ro\/wp-json\/wp\/v2\/posts"}],"about":[{"href":"https:\/\/marekkuchcinski.pl\/ro\/wp-json\/wp\/v2\/types\/post"}],"author":[{"embeddable":true,"href":"https:\/\/marekkuchcinski.pl\/ro\/wp-json\/wp\/v2\/users\/6"}],"replies":[{"embeddable":true,"href":"https:\/\/marekkuchcinski.pl\/ro\/wp-json\/wp\/v2\/comments?post=12319"}],"version-history":[{"count":14,"href":"https:\/\/marekkuchcinski.pl\/ro\/wp-json\/wp\/v2\/posts\/12319\/revisions"}],"predecessor-version":[{"id":12338,"href":"https:\/\/marekkuchcinski.pl\/ro\/wp-json\/wp\/v2\/posts\/12319\/revisions\/12338"}],"wp:featuredmedia":[{"embeddable":true,"href":"https:\/\/marekkuchcinski.pl\/ro\/wp-json\/wp\/v2\/media\/12327"}],"wp:attachment":[{"href":"https:\/\/marekkuchcinski.pl\/ro\/wp-json\/wp\/v2\/media?parent=12319"}],"wp:term":[{"taxonomy":"category","embeddable":true,"href":"https:\/\/marekkuchcinski.pl\/ro\/wp-json\/wp\/v2\/categories?post=12319"},{"taxonomy":"post_tag","embeddable":true,"href":"https:\/\/marekkuchcinski.pl\/ro\/wp-json\/wp\/v2\/tags?post=12319"}],"curies":[{"name":"wp","href":"https:\/\/api.w.org\/{rel}","templated":true}]}}