{"id":12285,"date":"2018-12-29T13:14:58","date_gmt":"2018-12-29T12:14:58","guid":{"rendered":"https:\/\/marekkuchcinski.pl\/?p=12285"},"modified":"2018-12-29T13:16:43","modified_gmt":"2018-12-29T12:16:43","slug":"sejm-zdecydowal-by-podwyzszac-cen-pradu","status":"publish","type":"post","link":"https:\/\/marekkuchcinski.pl\/ro\/bez-kategorii\/sejm-zdecydowal-by-podwyzszac-cen-pradu\/","title":{"rendered":"Sejm a decis s\u0103 nu majoreze pre\u021bul energiei electrice"},"content":{"rendered":"<p><strong>\u00cen cadrul celei de-a 75-a sesiuni extraordinare, Sejm a adoptat o lege care prevede, printre altele, o reducere de patru ori a accizei la energie \u0219i o reducere de 95 % a taxei tranzitorii.<\/strong><\/p>\n<p>Modific\u0103rile vor reduce facturile consumatorilor individuali, precum \u0219i ale \u00eentreprinderilor \u0219i administra\u021biilor locale cu peste 3,5 miliarde de zlo\u021bi, iar pre\u021burile energiei vor r\u0103m\u00e2ne la nivelul din prima jum\u0103tate a anului 2018.<\/p>\n<p>Aceast\u0103 solu\u021bie va face \u00een 2019 Polonezii, antreprenorii \u0219i administra\u021biile locale vor pl\u0103ti cu aproape 8 miliarde de zlo\u021bi mai pu\u021bin.<\/p>\n<p>Cu aprobarea CE, guvernul va putea vinde \u00een 2019.<br \/>\ncertificatele de emisii de CO2 neutilizate, ceea ce ar trebui s\u0103 genereze 5 miliarde PLN.<\/p>\n<p>Potrivit legii, v\u00e2nz\u0103torii care cump\u0103r\u0103 energie pe pia\u021b\u0103 \u00een 2019 mai scump\u0103 dec\u00e2t pre\u021bul de v\u00e2nzare stabilit vor fi desp\u0103gubi\u021bi direct pentru veniturile pierdute din Fondul de plat\u0103 a diferen\u021bei de pre\u021b creat prin lege.<\/p>\n<p>Premierul Mateusz Morawiecki a reamintit c\u0103, \u00een prezent, pre\u021burile la electricitate \u00een Polonia sunt printre cele mai mici pentru consumatorii casnici din Europa.<\/p>\n<p>Din fondurile economisite, un miliard de zlo\u021bi va fi alocat pentru<br \/>\ninvesti\u021bii ecologice.<\/p>\n<p><a href=\"https:\/\/marekkuchcinski.pl\/wp-content\/uploads\/2018\/12\/75-ps.jpg\"><img fetchpriority=\"high\" decoding=\"async\" class=\"alignnone size-full wp-image-12287\" src=\"https:\/\/marekkuchcinski.pl\/wp-content\/uploads\/2018\/12\/75-ps.jpg\" alt=\"75 ps\" width=\"1620\" height=\"1080\" srcset=\"https:\/\/marekkuchcinski.pl\/wp-content\/uploads\/2018\/12\/75-ps.jpg 1620w, https:\/\/marekkuchcinski.pl\/wp-content\/uploads\/2018\/12\/75-ps-300x200.jpg 300w, https:\/\/marekkuchcinski.pl\/wp-content\/uploads\/2018\/12\/75-ps-768x512.jpg 768w, https:\/\/marekkuchcinski.pl\/wp-content\/uploads\/2018\/12\/75-ps-1024x683.jpg 1024w\" sizes=\"(max-width: 1620px) 100vw, 1620px\" \/><\/a><\/p>","protected":false},"excerpt":{"rendered":"<p>Na 75., nadzwyczajnym posiedzeniu\u00a0Sejm\u00a0przyj\u0105\u0142 ustaw\u0119 zak\u0142adaj\u0105c\u0105 m.in. czterokrotne obni\u017cenie stawki akcyzy na energi\u0119 oraz zredukowanie o 95 proc. op\u0142aty przej\u015bciowej. Dzi\u0119ki zmianom nast\u0105pi obni\u017cenie rachunk\u00f3w odbiorc\u00f3w indywidualnych oraz przedsi\u0119biorstw i samorz\u0105d\u00f3w o ponad 3,5 miliarda z\u0142otych, a ceny energii utrzymaj\u0105 si\u0119 na poziomie z pierwszej po\u0142owy 2018 roku. Rozwi\u0105zanie to sprawi, \u017ce w\u00a02019 r. Polacy, [&hellip;]<\/p>\n","protected":false},"author":6,"featured_media":12287,"comment_status":"open","ping_status":"open","sticky":false,"template":"","format":"standard","meta":{"ngg_post_thumbnail":0,"footnotes":""},"categories":[1,81,3],"tags":[],"class_list":["post-12285","post","type-post","status-publish","format-standard","has-post-thumbnail","hentry","category-bez-kategorii","category-wiesci-z-sejmu","category-wydarzenia"],"_links":{"self":[{"href":"https:\/\/marekkuchcinski.pl\/ro\/wp-json\/wp\/v2\/posts\/12285","targetHints":{"allow":["GET"]}}],"collection":[{"href":"https:\/\/marekkuchcinski.pl\/ro\/wp-json\/wp\/v2\/posts"}],"about":[{"href":"https:\/\/marekkuchcinski.pl\/ro\/wp-json\/wp\/v2\/types\/post"}],"author":[{"embeddable":true,"href":"https:\/\/marekkuchcinski.pl\/ro\/wp-json\/wp\/v2\/users\/6"}],"replies":[{"embeddable":true,"href":"https:\/\/marekkuchcinski.pl\/ro\/wp-json\/wp\/v2\/comments?post=12285"}],"version-history":[{"count":2,"href":"https:\/\/marekkuchcinski.pl\/ro\/wp-json\/wp\/v2\/posts\/12285\/revisions"}],"predecessor-version":[{"id":12288,"href":"https:\/\/marekkuchcinski.pl\/ro\/wp-json\/wp\/v2\/posts\/12285\/revisions\/12288"}],"wp:featuredmedia":[{"embeddable":true,"href":"https:\/\/marekkuchcinski.pl\/ro\/wp-json\/wp\/v2\/media\/12287"}],"wp:attachment":[{"href":"https:\/\/marekkuchcinski.pl\/ro\/wp-json\/wp\/v2\/media?parent=12285"}],"wp:term":[{"taxonomy":"category","embeddable":true,"href":"https:\/\/marekkuchcinski.pl\/ro\/wp-json\/wp\/v2\/categories?post=12285"},{"taxonomy":"post_tag","embeddable":true,"href":"https:\/\/marekkuchcinski.pl\/ro\/wp-json\/wp\/v2\/tags?post=12285"}],"curies":[{"name":"wp","href":"https:\/\/api.w.org\/{rel}","templated":true}]}}