{"id":12122,"date":"2018-12-20T11:51:15","date_gmt":"2018-12-20T10:51:15","guid":{"rendered":"https:\/\/marekkuchcinski.pl\/?p=12122"},"modified":"2018-12-22T12:28:05","modified_gmt":"2018-12-22T11:28:05","slug":"marek-kuchcinski-zycze-panstwu-oraz-panstwa-najblizszym-spokoju-wytchnienia-trosk-codziennego-kazdy-dzien-nowego-roku-bedzie-pelen-pomyslnosci-zyciu-zawodowym-osobistym-a","status":"publish","type":"post","link":"https:\/\/marekkuchcinski.pl\/ro\/wydarzenia\/marek-kuchcinski-zycze-panstwu-oraz-panstwa-najblizszym-spokoju-wytchnienia-trosk-codziennego-kazdy-dzien-nowego-roku-bedzie-pelen-pomyslnosci-zyciu-zawodowym-osobistym-a\/","title":{"rendered":"Marek Kuchci\u0144ski: \u00ce\u021bi doresc \u021bie \u0219i celor dragi mult\u0103 lini\u0219te \u0219i r\u0103gaz de la grijile vie\u021bii de zi cu zi. Fie ca fiecare zi a noului an s\u0103 fie plin\u0103 de prosperitate \u00een via\u021ba profesional\u0103 \u0219i personal\u0103 \u0219i s\u0103 tr\u0103i\u021bi cu s\u0103n\u0103tate."},"content":{"rendered":"<p><strong>Pre\u0219edintele Sejm-ului, Marek Kuchci\u0144ski, a adresat ur\u0103ri de Cr\u0103ciun primarului din Przemy\u015bl, starostelui \u0219i locuitorilor din ora\u0219ul s\u0103u natal.<\/strong><\/p>\n<p><em>Cr\u0103ciunul este o perioad\u0103 special\u0103.  O perioad\u0103 plin\u0103 de bucurie, c\u0103ldur\u0103 \u0219i \u00een\u021belegere reciproc\u0103. Adun\u0103rile de napolitane au devenit o tradi\u021bie, \u00een cadrul c\u0103reia, \u00een compania prietenilor \u0219i a cunoscu\u021bilor, tr\u0103im bucuria apropierii Cr\u0103ciunului. Facem o pauz\u0103 de reflec\u021bie, fr\u00e2ngem p\u00e2inea simbolic\u0103 \u0219i ne ur\u0103m binele reciproc, plini de speran\u021b\u0103 pentru viitor.<\/em><\/p>\n<p><em>Profit de aceast\u0103 ocazie special\u0103 pentru a v\u0103 ura vou\u0103 \u0219i celor dragi mult\u0103 pace \u0219i r\u0103gaz de grijile vie\u021bii de zi cu zi. Fie ca fiecare zi a noului an s\u0103 fie plin\u0103 de prosperitate \u00een via\u021ba profesional\u0103 \u0219i personal\u0103 \u0219i s\u0103 v\u0103 bucura\u021bi de s\u0103n\u0103tate.<\/em><\/p>\n<p><em>\u00cenc\u0103 o dat\u0103, v\u0103 adresez cele mai sincere salut\u0103ri \u0219i cele mai bune g\u00e2nduri.<\/em><\/p>\n<p><em>Marek Kuchci\u0144ski<\/em><\/p>\n<p><span style=\"color: #000000;\"><strong><a style=\"color: #000000;\" href=\"https:\/\/marekkuchcinski.pl\/wp-content\/uploads\/2018\/12\/Przemy\u015bl.pdf\">LISTA<\/a><\/strong><\/span><\/p>\n<p><a href=\"https:\/\/marekkuchcinski.pl\/wp-content\/uploads\/2018\/12\/m-cho.jpg\"><img fetchpriority=\"high\" decoding=\"async\" class=\"alignnone size-full wp-image-12126\" src=\"https:\/\/marekkuchcinski.pl\/wp-content\/uploads\/2018\/12\/m-cho.jpg\" alt=\"m cho\" width=\"4896\" height=\"3264\" srcset=\"https:\/\/marekkuchcinski.pl\/wp-content\/uploads\/2018\/12\/m-cho.jpg 2048w, https:\/\/marekkuchcinski.pl\/wp-content\/uploads\/2018\/12\/m-cho-300x200.jpg 300w, https:\/\/marekkuchcinski.pl\/wp-content\/uploads\/2018\/12\/m-cho-768x512.jpg 768w, https:\/\/marekkuchcinski.pl\/wp-content\/uploads\/2018\/12\/m-cho-1024x683.jpg 1024w\" sizes=\"(max-width: 4896px) 100vw, 4896px\" \/><\/a><\/p>","protected":false},"excerpt":{"rendered":"<p>Marsza\u0142ek Sejmu Marek Kuchci\u0144ski przekaza\u0142 \u015bwi\u0105teczne \u017cyczenia Prezydentowi Przemy\u015bla, Staro\u015bcie oraz mieszka\u0144com swojego rodzinnego miasta. \u015awi\u0119ta\u00a0 Bo\u017cego\u00a0 Narodzenia\u00a0 to czas\u00a0 wyj\u0105tkowy.\u00a0 Czas\u00a0 pe\u0142en\u00a0 rado\u015bci,\u00a0 ciep\u0142a i wzajemnego zrozumienia. Dobr\u0105 tradycj\u0105 sta\u0142y si\u0119 spotkania op\u0142atkowe, podczas kt\u00f3rych w gronie przyjaci\u00f3\u0142 i znajomych prze\u017cywamy rado\u015b\u0107 z okazji zbli\u017caj\u0105cych si\u0119 \u015awi\u0105t. Zatrzymujemy si\u0119 na chwil\u0119 refleksji, prze\u0142amujemy symboliczny [&hellip;]<\/p>\n","protected":false},"author":6,"featured_media":12143,"comment_status":"open","ping_status":"open","sticky":false,"template":"","format":"standard","meta":{"ngg_post_thumbnail":0,"footnotes":""},"categories":[104,49,3],"tags":[],"class_list":["post-12122","post","type-post","status-publish","format-standard","has-post-thumbnail","hentry","category-lms","category-podkarpacie","category-wydarzenia"],"_links":{"self":[{"href":"https:\/\/marekkuchcinski.pl\/ro\/wp-json\/wp\/v2\/posts\/12122","targetHints":{"allow":["GET"]}}],"collection":[{"href":"https:\/\/marekkuchcinski.pl\/ro\/wp-json\/wp\/v2\/posts"}],"about":[{"href":"https:\/\/marekkuchcinski.pl\/ro\/wp-json\/wp\/v2\/types\/post"}],"author":[{"embeddable":true,"href":"https:\/\/marekkuchcinski.pl\/ro\/wp-json\/wp\/v2\/users\/6"}],"replies":[{"embeddable":true,"href":"https:\/\/marekkuchcinski.pl\/ro\/wp-json\/wp\/v2\/comments?post=12122"}],"version-history":[{"count":5,"href":"https:\/\/marekkuchcinski.pl\/ro\/wp-json\/wp\/v2\/posts\/12122\/revisions"}],"predecessor-version":[{"id":12131,"href":"https:\/\/marekkuchcinski.pl\/ro\/wp-json\/wp\/v2\/posts\/12122\/revisions\/12131"}],"wp:featuredmedia":[{"embeddable":true,"href":"https:\/\/marekkuchcinski.pl\/ro\/wp-json\/wp\/v2\/media\/12143"}],"wp:attachment":[{"href":"https:\/\/marekkuchcinski.pl\/ro\/wp-json\/wp\/v2\/media?parent=12122"}],"wp:term":[{"taxonomy":"category","embeddable":true,"href":"https:\/\/marekkuchcinski.pl\/ro\/wp-json\/wp\/v2\/categories?post=12122"},{"taxonomy":"post_tag","embeddable":true,"href":"https:\/\/marekkuchcinski.pl\/ro\/wp-json\/wp\/v2\/tags?post=12122"}],"curies":[{"name":"wp","href":"https:\/\/api.w.org\/{rel}","templated":true}]}}