{"id":12099,"date":"2018-12-19T16:11:09","date_gmt":"2018-12-19T15:11:09","guid":{"rendered":"https:\/\/marekkuchcinski.pl\/?p=12099"},"modified":"2018-12-19T16:13:09","modified_gmt":"2018-12-19T15:13:09","slug":"spotkanie-oplatkowe-kancelarii-sejmu-nami-waznych-wydarzen","status":"publish","type":"post","link":"https:\/\/marekkuchcinski.pl\/ro\/wiesci-z-sejmu\/spotkanie-oplatkowe-kancelarii-sejmu-nami-waznych-wydarzen\/","title":{"rendered":"\u0218edin\u021ba de oblojire a Cancelariei Sejm-ului. \"Un an de evenimente importante a trecut\"."},"content":{"rendered":"<p dir=\"ltr\">Mar\u021bi, la Sejm a avut loc o \u00eent\u00e2lnire cu napolitane de Cr\u0103ciun \u00eentre pre\u0219edintele Sejm-ului, Marek Kuchci\u0144ski, \u0219i angaja\u021bii Cancelariei. Pre\u0219edintele Sejm-ului \u0219i-a exprimat recuno\u0219tin\u021ba pentru munca \u0219i eforturile depuse de to\u021bi angaja\u021bii \u00een ultimul an. - Este vorba de munca \u00een cea mai important\u0103 institu\u021bie a statului polonez, care deserve\u0219te parlamentarii care reprezint\u0103 \u00eentreaga na\u021biune\", a declarat Marek Kuchci\u0144ski, ur\u00e2ndu-le \u00een acela\u0219i timp tuturor celor aduna\u021bi cele mai bune s\u0103rb\u0103tori de Cr\u0103ciun \u0219i succes \u00een noul an. La reuniune au participat, de asemenea, vicepre\u0219edintele Sejm-ului, Ryszard Terlecki, \u0219i \u0219efa Cancelariei Sejm-ului, Agnieszka Kaczmarska, \u00eempreun\u0103 cu adjunc\u021bii s\u0103i.<\/p>\n<p dir=\"ltr\">Ministrul Kaczmarska a subliniat faptul c\u0103 tradi\u021bionala \u00eent\u00e2lnire a Cancelariei cu napolitanele de Cr\u0103ciun este un moment important de r\u0103gaz, reflec\u021bie \u0219i conversa\u021bie. - Anul 2018 a fost plin de evenimente importante: s\u0103rb\u0103torirea a 550 de ani de la \u00eenfiin\u021barea Parlamentului Republicii \u0219i a Adun\u0103rii Na\u021bionale la Castelul Regal, sesiunea parlamentar\u0103 NATO \u0219i s\u0103rb\u0103torirea a 100 de ani de independen\u021b\u0103. Toate acestea au necesitat un angajament suplimentar din partea personalului Cancelariei. V\u0103 mul\u021bumesc \u0219i v\u0103 doresc ca anul care vine s\u0103 fie unul fericit pentru noi to\u021bi, iar Cr\u0103ciunul s\u0103 fie s\u0103rb\u0103torit \u00eentr-o atmosfer\u0103 vesel\u0103, pa\u0219nic\u0103 \u0219i plin\u0103 de c\u0103ldur\u0103 familial\u0103', a declarat Agnieszka Kaczmarska.<\/p>\n<p dir=\"ltr\">Capelanul parlamentarilor, p\u0103rintele Piotr Burgo\u0144ski, a citit un pasaj din Sf\u00e2nta Scriptur\u0103 despre Na\u0219terea lui Hristos \u0219i a binecuv\u00e2ntat osemintele, care au fost \u00eemp\u0103r\u021bite ulterior de participan\u021bi. Capelanul le-a urat celor aduna\u021bi s\u0103 nu uite, \u00een timp ce s\u0103rb\u0103toresc Na\u0219terea lui Hristos, c\u0103 Dumnezeu ne iube\u0219te \u0219i ne vrea ferici\u021bi. - Dumnezeu este iubire, iubirea se na\u0219te\", a spus p\u0103rintele Piotr Burgo\u0144ski.<\/p>\n<p dir=\"ltr\"><em>Text CIS\/ sejm.gov.pl<\/em><\/p>\n<p><a href=\"https:\/\/marekkuchcinski.pl\/wp-content\/uploads\/2018\/12\/M.Marchlewska_0715.jpg\"><img fetchpriority=\"high\" decoding=\"async\" class=\"alignnone size-full wp-image-12104\" src=\"https:\/\/marekkuchcinski.pl\/wp-content\/uploads\/2018\/12\/M.Marchlewska_0715.jpg\" alt=\"M.Marchlewska_0715\" width=\"4808\" height=\"3205\" srcset=\"https:\/\/marekkuchcinski.pl\/wp-content\/uploads\/2018\/12\/M.Marchlewska_0715.jpg 2048w, https:\/\/marekkuchcinski.pl\/wp-content\/uploads\/2018\/12\/M.Marchlewska_0715-300x200.jpg 300w, https:\/\/marekkuchcinski.pl\/wp-content\/uploads\/2018\/12\/M.Marchlewska_0715-768x512.jpg 768w, https:\/\/marekkuchcinski.pl\/wp-content\/uploads\/2018\/12\/M.Marchlewska_0715-1024x683.jpg 1024w\" sizes=\"(max-width: 4808px) 100vw, 4808px\" \/><\/a><\/p>\n<p dir=\"ltr\">\n<p dir=\"ltr\">","protected":false},"excerpt":{"rendered":"<p>We wtorek w Sejmie odby\u0142o si\u0119 spotkanie op\u0142atkowe marsza\u0142ka Sejmu Marka Kuchci\u0144skiego z pracownikami Kancelarii. Marsza\u0142ek Sejmu wyrazi\u0142 wdzi\u0119czno\u015b\u0107 za prac\u0119 i wysi\u0142ek wszystkich pracownik\u00f3w w mijaj\u0105cym roku. &#8211; To praca w najwa\u017cniejszej z instytucji pa\u0144stwa polskiego, kt\u00f3ra obs\u0142uguje pos\u0142\u00f3w reprezentuj\u0105cych ca\u0142y nar\u00f3d &#8211; powiedzia\u0142 Marek Kuchci\u0144ski, \u017cycz\u0105c jednocze\u015bnie wszystkim zebranym wszystkiego najlepszego na \u015awi\u0119ta [&hellip;]<\/p>","protected":false},"author":6,"featured_media":12101,"comment_status":"open","ping_status":"open","sticky":false,"template":"","format":"standard","meta":{"ngg_post_thumbnail":0,"footnotes":""},"categories":[81],"tags":[87,88],"class_list":["post-12099","post","type-post","status-publish","format-standard","has-post-thumbnail","hentry","category-wiesci-z-sejmu","tag-marek-kuchcinski","tag-marszalek-sejmu"],"yoast_head":"<!-- This site is optimized with the Yoast SEO plugin v24.7 - https:\/\/yoast.com\/wordpress\/plugins\/seo\/ -->\n<title>Spotkanie op\u0142atkowe Kancelarii Sejmu. &quot;Za nami rok wa\u017cnych wydarze\u0144&quot; &#8211; Marek Kuchci\u0144ski<\/title>\n<meta name=\"robots\" content=\"index, follow, max-snippet:-1, max-image-preview:large, max-video-preview:-1\" \/>\n<link rel=\"canonical\" href=\"https:\/\/marekkuchcinski.pl\/ro\/wiesci-z-sejmu\/spotkanie-oplatkowe-kancelarii-sejmu-nami-waznych-wydarzen\/\" \/>\n<meta property=\"og:locale\" content=\"ro_RO\" \/>\n<meta property=\"og:type\" content=\"article\" \/>\n<meta property=\"og:title\" content=\"Spotkanie op\u0142atkowe Kancelarii Sejmu. &quot;Za nami rok wa\u017cnych wydarze\u0144&quot; &#8211; Marek Kuchci\u0144ski\" \/>\n<meta property=\"og:description\" content=\"We wtorek w Sejmie odby\u0142o si\u0119 spotkanie op\u0142atkowe marsza\u0142ka Sejmu Marka Kuchci\u0144skiego z pracownikami Kancelarii. Marsza\u0142ek Sejmu wyrazi\u0142 wdzi\u0119czno\u015b\u0107 za prac\u0119 i wysi\u0142ek wszystkich pracownik\u00f3w w mijaj\u0105cym roku. &#8211; To praca w najwa\u017cniejszej z instytucji pa\u0144stwa polskiego, kt\u00f3ra obs\u0142uguje pos\u0142\u00f3w reprezentuj\u0105cych ca\u0142y nar\u00f3d &#8211; powiedzia\u0142 Marek Kuchci\u0144ski, \u017cycz\u0105c jednocze\u015bnie wszystkim zebranym wszystkiego najlepszego na \u015awi\u0119ta [&hellip;]\" \/>\n<meta property=\"og:url\" content=\"https:\/\/marekkuchcinski.pl\/ro\/wiesci-z-sejmu\/spotkanie-oplatkowe-kancelarii-sejmu-nami-waznych-wydarzen\/\" \/>\n<meta property=\"og:site_name\" content=\"Marek Kuchci\u0144ski\" \/>\n<meta property=\"article:published_time\" content=\"2018-12-19T15:11:09+00:00\" \/>\n<meta property=\"article:modified_time\" content=\"2018-12-19T15:13:09+00:00\" \/>\n<meta property=\"og:image\" content=\"https:\/\/marekkuchcinski.pl\/wp-content\/uploads\/2018\/12\/M.Marchlewska_0686.jpg\" \/>\n\t<meta property=\"og:image:width\" content=\"2048\" \/>\n\t<meta property=\"og:image:height\" content=\"1367\" \/>\n\t<meta property=\"og:image:type\" content=\"image\/jpeg\" \/>\n<meta name=\"author\" content=\"admin\" \/>\n<meta name=\"twitter:card\" content=\"summary_large_image\" \/>\n<meta name=\"twitter:label1\" content=\"Scris de\" \/>\n\t<meta name=\"twitter:data1\" content=\"admin\" \/>\n\t<meta name=\"twitter:label2\" content=\"Timp estimat pentru citire\" \/>\n\t<meta name=\"twitter:data2\" content=\"1 minute\" \/>\n<script type=\"application\/ld+json\" class=\"yoast-schema-graph\">{\"@context\":\"https:\/\/schema.org\",\"@graph\":[{\"@type\":\"Article\",\"@id\":\"https:\/\/marekkuchcinski.pl\/hu\/wiesci-z-sejmu\/spotkanie-oplatkowe-kancelarii-sejmu-nami-waznych-wydarzen\/#article\",\"isPartOf\":{\"@id\":\"https:\/\/marekkuchcinski.pl\/hu\/wiesci-z-sejmu\/spotkanie-oplatkowe-kancelarii-sejmu-nami-waznych-wydarzen\/\"},\"author\":{\"name\":\"admin\",\"@id\":\"https:\/\/marekkuchcinski.pl\/#\/schema\/person\/6f62700996b4d950b6ea2d1183b6c6be\"},\"headline\":\"Spotkanie op\u0142atkowe Kancelarii Sejmu. &#8222;Za nami rok wa\u017cnych wydarze\u0144&#8221;\",\"datePublished\":\"2018-12-19T15:11:09+00:00\",\"dateModified\":\"2018-12-19T15:13:09+00:00\",\"mainEntityOfPage\":{\"@id\":\"https:\/\/marekkuchcinski.pl\/hu\/wiesci-z-sejmu\/spotkanie-oplatkowe-kancelarii-sejmu-nami-waznych-wydarzen\/\"},\"wordCount\":290,\"commentCount\":0,\"publisher\":{\"@id\":\"https:\/\/marekkuchcinski.pl\/#organization\"},\"image\":{\"@id\":\"https:\/\/marekkuchcinski.pl\/hu\/wiesci-z-sejmu\/spotkanie-oplatkowe-kancelarii-sejmu-nami-waznych-wydarzen\/#primaryimage\"},\"thumbnailUrl\":\"https:\/\/marekkuchcinski.pl\/wp-content\/uploads\/2018\/12\/M.Marchlewska_0686.jpg\",\"keywords\":[\"Marek Kuchci\u0144ski\",\"marsza\u0142ek Sejmu\"],\"articleSection\":[\"Wie\u015bci z Sejmu\"],\"inLanguage\":\"ro-RO\",\"potentialAction\":[{\"@type\":\"CommentAction\",\"name\":\"Comment\",\"target\":[\"https:\/\/marekkuchcinski.pl\/hu\/wiesci-z-sejmu\/spotkanie-oplatkowe-kancelarii-sejmu-nami-waznych-wydarzen\/#respond\"]}]},{\"@type\":\"WebPage\",\"@id\":\"https:\/\/marekkuchcinski.pl\/hu\/wiesci-z-sejmu\/spotkanie-oplatkowe-kancelarii-sejmu-nami-waznych-wydarzen\/\",\"url\":\"https:\/\/marekkuchcinski.pl\/hu\/wiesci-z-sejmu\/spotkanie-oplatkowe-kancelarii-sejmu-nami-waznych-wydarzen\/\",\"name\":\"Spotkanie op\u0142atkowe Kancelarii Sejmu. \\\"Za nami rok wa\u017cnych wydarze\u0144\\\" &#8211; Marek Kuchci\u0144ski\",\"isPartOf\":{\"@id\":\"https:\/\/marekkuchcinski.pl\/#website\"},\"primaryImageOfPage\":{\"@id\":\"https:\/\/marekkuchcinski.pl\/hu\/wiesci-z-sejmu\/spotkanie-oplatkowe-kancelarii-sejmu-nami-waznych-wydarzen\/#primaryimage\"},\"image\":{\"@id\":\"https:\/\/marekkuchcinski.pl\/hu\/wiesci-z-sejmu\/spotkanie-oplatkowe-kancelarii-sejmu-nami-waznych-wydarzen\/#primaryimage\"},\"thumbnailUrl\":\"https:\/\/marekkuchcinski.pl\/wp-content\/uploads\/2018\/12\/M.Marchlewska_0686.jpg\",\"datePublished\":\"2018-12-19T15:11:09+00:00\",\"dateModified\":\"2018-12-19T15:13:09+00:00\",\"breadcrumb\":{\"@id\":\"https:\/\/marekkuchcinski.pl\/hu\/wiesci-z-sejmu\/spotkanie-oplatkowe-kancelarii-sejmu-nami-waznych-wydarzen\/#breadcrumb\"},\"inLanguage\":\"ro-RO\",\"potentialAction\":[{\"@type\":\"ReadAction\",\"target\":[\"https:\/\/marekkuchcinski.pl\/hu\/wiesci-z-sejmu\/spotkanie-oplatkowe-kancelarii-sejmu-nami-waznych-wydarzen\/\"]}]},{\"@type\":\"ImageObject\",\"inLanguage\":\"ro-RO\",\"@id\":\"https:\/\/marekkuchcinski.pl\/hu\/wiesci-z-sejmu\/spotkanie-oplatkowe-kancelarii-sejmu-nami-waznych-wydarzen\/#primaryimage\",\"url\":\"https:\/\/marekkuchcinski.pl\/wp-content\/uploads\/2018\/12\/M.Marchlewska_0686.jpg\",\"contentUrl\":\"https:\/\/marekkuchcinski.pl\/wp-content\/uploads\/2018\/12\/M.Marchlewska_0686.jpg\",\"width\":2048,\"height\":1367},{\"@type\":\"BreadcrumbList\",\"@id\":\"https:\/\/marekkuchcinski.pl\/hu\/wiesci-z-sejmu\/spotkanie-oplatkowe-kancelarii-sejmu-nami-waznych-wydarzen\/#breadcrumb\",\"itemListElement\":[{\"@type\":\"ListItem\",\"position\":1,\"name\":\"Strona g\u0142\u00f3wna\",\"item\":\"https:\/\/marekkuchcinski.pl\/\"},{\"@type\":\"ListItem\",\"position\":2,\"name\":\"Spotkanie op\u0142atkowe Kancelarii Sejmu. &#8220;Za nami rok wa\u017cnych wydarze\u0144&#8221;\"}]},{\"@type\":\"WebSite\",\"@id\":\"https:\/\/marekkuchcinski.pl\/#website\",\"url\":\"https:\/\/marekkuchcinski.pl\/\",\"name\":\"Marek Kuchci\u0144ski\",\"description\":\"Pose\u0142 na sejm RP &ndash; okr\u0119g nr 22\",\"publisher\":{\"@id\":\"https:\/\/marekkuchcinski.pl\/#organization\"},\"potentialAction\":[{\"@type\":\"SearchAction\",\"target\":{\"@type\":\"EntryPoint\",\"urlTemplate\":\"https:\/\/marekkuchcinski.pl\/?s={search_term_string}\"},\"query-input\":{\"@type\":\"PropertyValueSpecification\",\"valueRequired\":true,\"valueName\":\"search_term_string\"}}],\"inLanguage\":\"ro-RO\"},{\"@type\":\"Organization\",\"@id\":\"https:\/\/marekkuchcinski.pl\/#organization\",\"name\":\"Marek Kuchci\u0144ski\",\"url\":\"https:\/\/marekkuchcinski.pl\/\",\"logo\":{\"@type\":\"ImageObject\",\"inLanguage\":\"ro-RO\",\"@id\":\"https:\/\/marekkuchcinski.pl\/#\/schema\/logo\/image\/\",\"url\":\"https:\/\/marekkuchcinski.pl\/wp-content\/uploads\/2022\/09\/Marek.jpg\",\"contentUrl\":\"https:\/\/marekkuchcinski.pl\/wp-content\/uploads\/2022\/09\/Marek.jpg\",\"width\":1600,\"height\":971,\"caption\":\"Marek Kuchci\u0144ski\"},\"image\":{\"@id\":\"https:\/\/marekkuchcinski.pl\/#\/schema\/logo\/image\/\"}},{\"@type\":\"Person\",\"@id\":\"https:\/\/marekkuchcinski.pl\/#\/schema\/person\/6f62700996b4d950b6ea2d1183b6c6be\",\"name\":\"admin\",\"image\":{\"@type\":\"ImageObject\",\"inLanguage\":\"ro-RO\",\"@id\":\"https:\/\/marekkuchcinski.pl\/#\/schema\/person\/image\/\",\"url\":\"https:\/\/secure.gravatar.com\/avatar\/4bab693b9d55c3d6b52c0296a8765085?s=96&d=mm&r=g\",\"contentUrl\":\"https:\/\/secure.gravatar.com\/avatar\/4bab693b9d55c3d6b52c0296a8765085?s=96&d=mm&r=g\",\"caption\":\"admin\"},\"url\":\"https:\/\/marekkuchcinski.pl\/ro\/author\/marta-olejnik\/\"}]}<\/script>\n<!-- \/ Yoast SEO plugin. -->","yoast_head_json":{"title":"Spotkanie op\u0142atkowe Kancelarii Sejmu. \"Za nami rok wa\u017cnych wydarze\u0144\" &#8211; Marek Kuchci\u0144ski","robots":{"index":"index","follow":"follow","max-snippet":"max-snippet:-1","max-image-preview":"max-image-preview:large","max-video-preview":"max-video-preview:-1"},"canonical":"https:\/\/marekkuchcinski.pl\/ro\/wiesci-z-sejmu\/spotkanie-oplatkowe-kancelarii-sejmu-nami-waznych-wydarzen\/","og_locale":"ro_RO","og_type":"article","og_title":"Spotkanie op\u0142atkowe Kancelarii Sejmu. \"Za nami rok wa\u017cnych wydarze\u0144\" &#8211; Marek Kuchci\u0144ski","og_description":"We wtorek w Sejmie odby\u0142o si\u0119 spotkanie op\u0142atkowe marsza\u0142ka Sejmu Marka Kuchci\u0144skiego z pracownikami Kancelarii. Marsza\u0142ek Sejmu wyrazi\u0142 wdzi\u0119czno\u015b\u0107 za prac\u0119 i wysi\u0142ek wszystkich pracownik\u00f3w w mijaj\u0105cym roku. &#8211; To praca w najwa\u017cniejszej z instytucji pa\u0144stwa polskiego, kt\u00f3ra obs\u0142uguje pos\u0142\u00f3w reprezentuj\u0105cych ca\u0142y nar\u00f3d &#8211; powiedzia\u0142 Marek Kuchci\u0144ski, \u017cycz\u0105c jednocze\u015bnie wszystkim zebranym wszystkiego najlepszego na \u015awi\u0119ta [&hellip;]","og_url":"https:\/\/marekkuchcinski.pl\/ro\/wiesci-z-sejmu\/spotkanie-oplatkowe-kancelarii-sejmu-nami-waznych-wydarzen\/","og_site_name":"Marek Kuchci\u0144ski","article_published_time":"2018-12-19T15:11:09+00:00","article_modified_time":"2018-12-19T15:13:09+00:00","og_image":[{"width":2048,"height":1367,"url":"https:\/\/marekkuchcinski.pl\/wp-content\/uploads\/2018\/12\/M.Marchlewska_0686.jpg","type":"image\/jpeg"}],"author":"admin","twitter_card":"summary_large_image","twitter_misc":{"Scris de":"admin","Timp estimat pentru citire":"1 minute"},"schema":{"@context":"https:\/\/schema.org","@graph":[{"@type":"Article","@id":"https:\/\/marekkuchcinski.pl\/hu\/wiesci-z-sejmu\/spotkanie-oplatkowe-kancelarii-sejmu-nami-waznych-wydarzen\/#article","isPartOf":{"@id":"https:\/\/marekkuchcinski.pl\/hu\/wiesci-z-sejmu\/spotkanie-oplatkowe-kancelarii-sejmu-nami-waznych-wydarzen\/"},"author":{"name":"admin","@id":"https:\/\/marekkuchcinski.pl\/#\/schema\/person\/6f62700996b4d950b6ea2d1183b6c6be"},"headline":"Spotkanie op\u0142atkowe Kancelarii Sejmu. &#8222;Za nami rok wa\u017cnych wydarze\u0144&#8221;","datePublished":"2018-12-19T15:11:09+00:00","dateModified":"2018-12-19T15:13:09+00:00","mainEntityOfPage":{"@id":"https:\/\/marekkuchcinski.pl\/hu\/wiesci-z-sejmu\/spotkanie-oplatkowe-kancelarii-sejmu-nami-waznych-wydarzen\/"},"wordCount":290,"commentCount":0,"publisher":{"@id":"https:\/\/marekkuchcinski.pl\/#organization"},"image":{"@id":"https:\/\/marekkuchcinski.pl\/hu\/wiesci-z-sejmu\/spotkanie-oplatkowe-kancelarii-sejmu-nami-waznych-wydarzen\/#primaryimage"},"thumbnailUrl":"https:\/\/marekkuchcinski.pl\/wp-content\/uploads\/2018\/12\/M.Marchlewska_0686.jpg","keywords":["Marek Kuchci\u0144ski","marsza\u0142ek Sejmu"],"articleSection":["Wie\u015bci z Sejmu"],"inLanguage":"ro-RO","potentialAction":[{"@type":"CommentAction","name":"Comment","target":["https:\/\/marekkuchcinski.pl\/hu\/wiesci-z-sejmu\/spotkanie-oplatkowe-kancelarii-sejmu-nami-waznych-wydarzen\/#respond"]}]},{"@type":"WebPage","@id":"https:\/\/marekkuchcinski.pl\/hu\/wiesci-z-sejmu\/spotkanie-oplatkowe-kancelarii-sejmu-nami-waznych-wydarzen\/","url":"https:\/\/marekkuchcinski.pl\/hu\/wiesci-z-sejmu\/spotkanie-oplatkowe-kancelarii-sejmu-nami-waznych-wydarzen\/","name":"Spotkanie op\u0142atkowe Kancelarii Sejmu. \"Za nami rok wa\u017cnych wydarze\u0144\" &#8211; Marek Kuchci\u0144ski","isPartOf":{"@id":"https:\/\/marekkuchcinski.pl\/#website"},"primaryImageOfPage":{"@id":"https:\/\/marekkuchcinski.pl\/hu\/wiesci-z-sejmu\/spotkanie-oplatkowe-kancelarii-sejmu-nami-waznych-wydarzen\/#primaryimage"},"image":{"@id":"https:\/\/marekkuchcinski.pl\/hu\/wiesci-z-sejmu\/spotkanie-oplatkowe-kancelarii-sejmu-nami-waznych-wydarzen\/#primaryimage"},"thumbnailUrl":"https:\/\/marekkuchcinski.pl\/wp-content\/uploads\/2018\/12\/M.Marchlewska_0686.jpg","datePublished":"2018-12-19T15:11:09+00:00","dateModified":"2018-12-19T15:13:09+00:00","breadcrumb":{"@id":"https:\/\/marekkuchcinski.pl\/hu\/wiesci-z-sejmu\/spotkanie-oplatkowe-kancelarii-sejmu-nami-waznych-wydarzen\/#breadcrumb"},"inLanguage":"ro-RO","potentialAction":[{"@type":"ReadAction","target":["https:\/\/marekkuchcinski.pl\/hu\/wiesci-z-sejmu\/spotkanie-oplatkowe-kancelarii-sejmu-nami-waznych-wydarzen\/"]}]},{"@type":"ImageObject","inLanguage":"ro-RO","@id":"https:\/\/marekkuchcinski.pl\/hu\/wiesci-z-sejmu\/spotkanie-oplatkowe-kancelarii-sejmu-nami-waznych-wydarzen\/#primaryimage","url":"https:\/\/marekkuchcinski.pl\/wp-content\/uploads\/2018\/12\/M.Marchlewska_0686.jpg","contentUrl":"https:\/\/marekkuchcinski.pl\/wp-content\/uploads\/2018\/12\/M.Marchlewska_0686.jpg","width":2048,"height":1367},{"@type":"BreadcrumbList","@id":"https:\/\/marekkuchcinski.pl\/hu\/wiesci-z-sejmu\/spotkanie-oplatkowe-kancelarii-sejmu-nami-waznych-wydarzen\/#breadcrumb","itemListElement":[{"@type":"ListItem","position":1,"name":"Strona g\u0142\u00f3wna","item":"https:\/\/marekkuchcinski.pl\/"},{"@type":"ListItem","position":2,"name":"Spotkanie op\u0142atkowe Kancelarii Sejmu. &#8220;Za nami rok wa\u017cnych wydarze\u0144&#8221;"}]},{"@type":"WebSite","@id":"https:\/\/marekkuchcinski.pl\/#website","url":"https:\/\/marekkuchcinski.pl\/","name":"Marek Kuchci\u0144ski","description":"Pose\u0142 na sejm RP &ndash; okr\u0119g nr 22","publisher":{"@id":"https:\/\/marekkuchcinski.pl\/#organization"},"potentialAction":[{"@type":"SearchAction","target":{"@type":"EntryPoint","urlTemplate":"https:\/\/marekkuchcinski.pl\/?s={search_term_string}"},"query-input":{"@type":"PropertyValueSpecification","valueRequired":true,"valueName":"search_term_string"}}],"inLanguage":"ro-RO"},{"@type":"Organization","@id":"https:\/\/marekkuchcinski.pl\/#organization","name":"Marek Kuchci\u0144ski","url":"https:\/\/marekkuchcinski.pl\/","logo":{"@type":"ImageObject","inLanguage":"ro-RO","@id":"https:\/\/marekkuchcinski.pl\/#\/schema\/logo\/image\/","url":"https:\/\/marekkuchcinski.pl\/wp-content\/uploads\/2022\/09\/Marek.jpg","contentUrl":"https:\/\/marekkuchcinski.pl\/wp-content\/uploads\/2022\/09\/Marek.jpg","width":1600,"height":971,"caption":"Marek Kuchci\u0144ski"},"image":{"@id":"https:\/\/marekkuchcinski.pl\/#\/schema\/logo\/image\/"}},{"@type":"Person","@id":"https:\/\/marekkuchcinski.pl\/#\/schema\/person\/6f62700996b4d950b6ea2d1183b6c6be","name":"admin","image":{"@type":"ImageObject","inLanguage":"ro-RO","@id":"https:\/\/marekkuchcinski.pl\/#\/schema\/person\/image\/","url":"https:\/\/secure.gravatar.com\/avatar\/4bab693b9d55c3d6b52c0296a8765085?s=96&d=mm&r=g","contentUrl":"https:\/\/secure.gravatar.com\/avatar\/4bab693b9d55c3d6b52c0296a8765085?s=96&d=mm&r=g","caption":"admin"},"url":"https:\/\/marekkuchcinski.pl\/ro\/author\/marta-olejnik\/"}]}},"_links":{"self":[{"href":"https:\/\/marekkuchcinski.pl\/ro\/wp-json\/wp\/v2\/posts\/12099","targetHints":{"allow":["GET"]}}],"collection":[{"href":"https:\/\/marekkuchcinski.pl\/ro\/wp-json\/wp\/v2\/posts"}],"about":[{"href":"https:\/\/marekkuchcinski.pl\/ro\/wp-json\/wp\/v2\/types\/post"}],"author":[{"embeddable":true,"href":"https:\/\/marekkuchcinski.pl\/ro\/wp-json\/wp\/v2\/users\/6"}],"replies":[{"embeddable":true,"href":"https:\/\/marekkuchcinski.pl\/ro\/wp-json\/wp\/v2\/comments?post=12099"}],"version-history":[{"count":4,"href":"https:\/\/marekkuchcinski.pl\/ro\/wp-json\/wp\/v2\/posts\/12099\/revisions"}],"predecessor-version":[{"id":12105,"href":"https:\/\/marekkuchcinski.pl\/ro\/wp-json\/wp\/v2\/posts\/12099\/revisions\/12105"}],"wp:featuredmedia":[{"embeddable":true,"href":"https:\/\/marekkuchcinski.pl\/ro\/wp-json\/wp\/v2\/media\/12101"}],"wp:attachment":[{"href":"https:\/\/marekkuchcinski.pl\/ro\/wp-json\/wp\/v2\/media?parent=12099"}],"wp:term":[{"taxonomy":"category","embeddable":true,"href":"https:\/\/marekkuchcinski.pl\/ro\/wp-json\/wp\/v2\/categories?post=12099"},{"taxonomy":"post_tag","embeddable":true,"href":"https:\/\/marekkuchcinski.pl\/ro\/wp-json\/wp\/v2\/tags?post=12099"}],"curies":[{"name":"wp","href":"https:\/\/api.w.org\/{rel}","templated":true}]}}