{"id":12006,"date":"2018-12-19T15:01:17","date_gmt":"2018-12-19T14:01:17","guid":{"rendered":"https:\/\/marekkuchcinski.pl\/?p=12006"},"modified":"2018-12-19T22:37:17","modified_gmt":"2018-12-19T21:37:17","slug":"niepodleglosciowi-dzialacze-uczcili-80-urodziny-ks-sadlowskiego-duszpasterza-wobec-ktorego-esbecja-byla-bezsilna","status":"publish","type":"post","link":"https:\/\/marekkuchcinski.pl\/ro\/wydarzenia\/niepodleglosciowi-dzialacze-uczcili-80-urodziny-ks-sadlowskiego-duszpasterza-wobec-ktorego-esbecja-byla-bezsilna\/","title":{"rendered":"Militan\u021bii pentru independen\u021b\u0103 au s\u0103rb\u0103torit \u00eemplinirea a 80 de ani de la na\u0219terea p\u0103rintelui Sad\u0142owski - un preot \u00eempotriva c\u0103ruia poli\u021bia secret\u0103 a fost neputincioas\u0103"},"content":{"rendered":"<p>Vechi cuno\u0219tin\u021be, prieteni din vremea opozi\u021biei anticomuniste, oameni cu istorii remarcabile \u0219i pove\u0219ti de via\u021b\u0103 frumoase s-au \u00eent\u00e2lnit la Sejm pentru a s\u0103rb\u0103tori cea de-a 80-a aniversare a unuia dintre ei, p\u0103rintele Czes\u0142aw Sad\u0142owski.<\/p>\n<div dir=\"auto\">\n<p>Acest b\u0103tr\u00e2n, cu o \u00eenf\u0103\u021bi\u0219are discret\u0103, era fermec\u0103tor prin modestia \u0219i bun\u0103tatea sa. \u00cen anii '70 \u0219i '80, ca preot paroh \u00een Zbrocza Du\u017ca, a dat dovad\u0103 de o mare for\u021b\u0103 \u0219i carism\u0103. A organizat via\u021ba opozi\u021biei; adun\u0103ri ilegale, mase, proiec\u021bii de filme \u0219i a condus o tipografie secret\u0103. Preotul era deschis la ajutorarea fermierilor \u0219i a devenit un simbol pentru mediul rural polonez. \u00cen ciuda represiunilor din partea serviciilor comuniste, a \u00eencerc\u0103rilor de incendiere a rectoratului, a blocajelor totale ale Zbroczei de c\u0103tre ZOMO, a fost hot\u0103r\u00e2t s\u0103 lupte pentru libertate \u0219i s\u0103 aduc\u0103 ajutor celor care aveau nevoie de el.<\/p>\n<p>Cei aduna\u021bi i-au mul\u021bumit preotului pentru anii de munc\u0103 asidu\u0103 \u0219i au subliniat marile sale merite \u00een lupta pentru demnitatea spa\u021biului rural \u0219i independen\u021ba Poloniei. Marek Kuchci\u0144ski, ale c\u0103rui drumuri de opozi\u021bie s-au \u00eempletit de mai multe ori cu cel urmat de p\u0103rintele Sad\u0142owski, a amintit de lupta lor comun\u0103 pentru libertatea de exprimare. - \u00cen 1982, eu, un om care nu credeam c\u0103 va fi ast\u0103zi un umil func\u021bionar public, am fost convins de p\u0103rintele Sad\u0142owski c\u0103, \u00een loc s\u0103 citesc c\u0103r\u021bi \u0219i s\u0103 meditez asupra sensului vie\u021bii umane, ar trebui s\u0103 ac\u021bionez\", \u0219i-a amintit pre\u0219edintele Parlamentului. El a subliniat c\u0103 trebuie amintit c\u0103 p\u0103rintele Sad\u0142owski, \u00eempreun\u0103 cu p\u0103rintele Bartmi\u0144ski, a inspirat ac\u021biuni pastorale pentru agricultori.<\/p>\n<p>- Am parcurs un drum dificil\", a spus prelatul. - Totu\u0219i, pe acest drum am fost sus\u021binu\u021bi de Dumnezeu. El ne-a ar\u0103tat ce s\u0103 facem, ne-a dat putere \u0219i curaj. Este important ca \u00een situa\u021bii dificile s\u0103 ne amintim c\u0103 exist\u0103 cineva care ne sprijin\u0103\", a spus el.<\/p>\n<p>&nbsp;<\/p>\n<\/div>\n<blockquote class=\"wp-embedded-content\" data-secret=\"SDOwIcaOMe\"><p><a href=\"https:\/\/marekkuchcinski.pl\/ro\/wydarzenia\/ksiadz-czeslaw-sadlowski-warto-pamietac-o-tych-ktorzy-walczyli-o-wartosci\/\">P\u0103rintele Czes\u0142aw Sad\u0142owski. Merit\u0103 s\u0103 ne amintim de cei care au luptat pentru valorile<\/a><\/p><\/blockquote>\n<p><iframe class=\"wp-embedded-content\" sandbox=\"allow-scripts\" security=\"restricted\" style=\"position: absolute; clip: rect(1px, 1px, 1px, 1px);\" title=\"&quot;Preotul Czeslaw Sadlowski. Merit\u0103 s\u0103 ne amintim de cei care au luptat pentru valori&quot; - Marek Kuchci\u0144ski\" src=\"https:\/\/marekkuchcinski.pl\/wydarzenia\/ksiadz-czeslaw-sadlowski-warto-pamietac-o-tych-ktorzy-walczyli-o-wartosci\/embed\/#?secret=SDOwIcaOMe\" data-secret=\"SDOwIcaOMe\" width=\"600\" height=\"338\" frameborder=\"0\" marginwidth=\"0\" marginheight=\"0\" scrolling=\"no\"><\/iframe><\/p>\n<div dir=\"auto\"><a href=\"https:\/\/marekkuchcinski.pl\/wp-content\/uploads\/2018\/12\/DSCF2582-1.jpg\"><img fetchpriority=\"high\" decoding=\"async\" class=\"alignnone size-full wp-image-12037\" src=\"https:\/\/marekkuchcinski.pl\/wp-content\/uploads\/2018\/12\/DSCF2582-1.jpg\" alt=\"DSCF2582\" width=\"4476\" height=\"2981\" srcset=\"https:\/\/marekkuchcinski.pl\/wp-content\/uploads\/2018\/12\/DSCF2582-1.jpg 2048w, https:\/\/marekkuchcinski.pl\/wp-content\/uploads\/2018\/12\/DSCF2582-1-300x200.jpg 300w, https:\/\/marekkuchcinski.pl\/wp-content\/uploads\/2018\/12\/DSCF2582-1-768x511.jpg 768w, https:\/\/marekkuchcinski.pl\/wp-content\/uploads\/2018\/12\/DSCF2582-1-1024x682.jpg 1024w\" sizes=\"(max-width: 4476px) 100vw, 4476px\" \/><\/a> <a href=\"https:\/\/marekkuchcinski.pl\/wp-content\/uploads\/2018\/12\/DSCF2636-1.jpg\"><img decoding=\"async\" class=\"alignnone size-full wp-image-12041\" src=\"https:\/\/marekkuchcinski.pl\/wp-content\/uploads\/2018\/12\/DSCF2636-1.jpg\" alt=\"DSCF2636\" width=\"4192\" height=\"2478\" srcset=\"https:\/\/marekkuchcinski.pl\/wp-content\/uploads\/2018\/12\/DSCF2636-1.jpg 2048w, https:\/\/marekkuchcinski.pl\/wp-content\/uploads\/2018\/12\/DSCF2636-1-300x177.jpg 300w, https:\/\/marekkuchcinski.pl\/wp-content\/uploads\/2018\/12\/DSCF2636-1-768x454.jpg 768w, https:\/\/marekkuchcinski.pl\/wp-content\/uploads\/2018\/12\/DSCF2636-1-1024x605.jpg 1024w\" sizes=\"(max-width: 4192px) 100vw, 4192px\" \/><\/a> <a href=\"https:\/\/marekkuchcinski.pl\/wp-content\/uploads\/2018\/12\/DSCF2650-1.jpg\"><img decoding=\"async\" class=\"alignnone size-full wp-image-12043\" src=\"https:\/\/marekkuchcinski.pl\/wp-content\/uploads\/2018\/12\/DSCF2650-1.jpg\" alt=\"DSCF2650\" width=\"3087\" height=\"2496\" srcset=\"https:\/\/marekkuchcinski.pl\/wp-content\/uploads\/2018\/12\/DSCF2650-1.jpg 2048w, https:\/\/marekkuchcinski.pl\/wp-content\/uploads\/2018\/12\/DSCF2650-1-300x243.jpg 300w, https:\/\/marekkuchcinski.pl\/wp-content\/uploads\/2018\/12\/DSCF2650-1-768x621.jpg 768w, https:\/\/marekkuchcinski.pl\/wp-content\/uploads\/2018\/12\/DSCF2650-1-1024x828.jpg 1024w\" sizes=\"(max-width: 3087px) 100vw, 3087px\" \/><\/a> <a href=\"https:\/\/marekkuchcinski.pl\/wp-content\/uploads\/2018\/12\/DSCF2661-1.jpg\"><img loading=\"lazy\" decoding=\"async\" class=\"alignnone size-full wp-image-12044\" src=\"https:\/\/marekkuchcinski.pl\/wp-content\/uploads\/2018\/12\/DSCF2661-1.jpg\" alt=\"DSCF2661\" width=\"4266\" height=\"2826\" srcset=\"https:\/\/marekkuchcinski.pl\/wp-content\/uploads\/2018\/12\/DSCF2661-1.jpg 2048w, https:\/\/marekkuchcinski.pl\/wp-content\/uploads\/2018\/12\/DSCF2661-1-300x199.jpg 300w, https:\/\/marekkuchcinski.pl\/wp-content\/uploads\/2018\/12\/DSCF2661-1-768x509.jpg 768w, https:\/\/marekkuchcinski.pl\/wp-content\/uploads\/2018\/12\/DSCF2661-1-1024x678.jpg 1024w\" sizes=\"(max-width: 4266px) 100vw, 4266px\" \/><\/a> <a href=\"https:\/\/marekkuchcinski.pl\/wp-content\/uploads\/2018\/12\/DSCF2675-1.jpg\"><img loading=\"lazy\" decoding=\"async\" class=\"alignnone size-full wp-image-12045\" src=\"https:\/\/marekkuchcinski.pl\/wp-content\/uploads\/2018\/12\/DSCF2675-1.jpg\" alt=\"DSCF2675\" width=\"2855\" height=\"1853\" srcset=\"https:\/\/marekkuchcinski.pl\/wp-content\/uploads\/2018\/12\/DSCF2675-1.jpg 2048w, https:\/\/marekkuchcinski.pl\/wp-content\/uploads\/2018\/12\/DSCF2675-1-300x195.jpg 300w, https:\/\/marekkuchcinski.pl\/wp-content\/uploads\/2018\/12\/DSCF2675-1-768x498.jpg 768w, https:\/\/marekkuchcinski.pl\/wp-content\/uploads\/2018\/12\/DSCF2675-1-1024x665.jpg 1024w\" sizes=\"(max-width: 2855px) 100vw, 2855px\" \/><\/a><\/div>\n<div dir=\"auto\"><a href=\"https:\/\/marekkuchcinski.pl\/wp-content\/uploads\/2018\/12\/DSCF2707-2.jpg\"><img loading=\"lazy\" decoding=\"async\" class=\"alignnone size-full wp-image-12050\" src=\"https:\/\/marekkuchcinski.pl\/wp-content\/uploads\/2018\/12\/DSCF2707-2.jpg\" alt=\"DSCF2707\" width=\"4262\" height=\"2687\" srcset=\"https:\/\/marekkuchcinski.pl\/wp-content\/uploads\/2018\/12\/DSCF2707-2.jpg 2048w, https:\/\/marekkuchcinski.pl\/wp-content\/uploads\/2018\/12\/DSCF2707-2-300x189.jpg 300w, https:\/\/marekkuchcinski.pl\/wp-content\/uploads\/2018\/12\/DSCF2707-2-768x484.jpg 768w, https:\/\/marekkuchcinski.pl\/wp-content\/uploads\/2018\/12\/DSCF2707-2-1024x646.jpg 1024w\" sizes=\"(max-width: 4262px) 100vw, 4262px\" \/><\/a> <a href=\"https:\/\/marekkuchcinski.pl\/wp-content\/uploads\/2018\/12\/DSCF2718-1.jpg\"><img loading=\"lazy\" decoding=\"async\" class=\"alignnone size-full wp-image-12048\" src=\"https:\/\/marekkuchcinski.pl\/wp-content\/uploads\/2018\/12\/DSCF2718-1.jpg\" alt=\"DSCF2718\" width=\"4812\" height=\"3091\" srcset=\"https:\/\/marekkuchcinski.pl\/wp-content\/uploads\/2018\/12\/DSCF2718-1.jpg 2048w, https:\/\/marekkuchcinski.pl\/wp-content\/uploads\/2018\/12\/DSCF2718-1-300x193.jpg 300w, https:\/\/marekkuchcinski.pl\/wp-content\/uploads\/2018\/12\/DSCF2718-1-768x493.jpg 768w, https:\/\/marekkuchcinski.pl\/wp-content\/uploads\/2018\/12\/DSCF2718-1-1024x658.jpg 1024w\" sizes=\"(max-width: 4812px) 100vw, 4812px\" \/><\/a> <a href=\"https:\/\/marekkuchcinski.pl\/wp-content\/uploads\/2018\/12\/DSCF2748-1.jpg\"><img loading=\"lazy\" decoding=\"async\" class=\"alignnone size-full wp-image-12049\" src=\"https:\/\/marekkuchcinski.pl\/wp-content\/uploads\/2018\/12\/DSCF2748-1.jpg\" alt=\"DSCF2748\" width=\"4000\" height=\"2787\" srcset=\"https:\/\/marekkuchcinski.pl\/wp-content\/uploads\/2018\/12\/DSCF2748-1.jpg 2048w, https:\/\/marekkuchcinski.pl\/wp-content\/uploads\/2018\/12\/DSCF2748-1-300x209.jpg 300w, https:\/\/marekkuchcinski.pl\/wp-content\/uploads\/2018\/12\/DSCF2748-1-768x535.jpg 768w, https:\/\/marekkuchcinski.pl\/wp-content\/uploads\/2018\/12\/DSCF2748-1-1024x713.jpg 1024w\" sizes=\"(max-width: 4000px) 100vw, 4000px\" \/><\/a>\u00a0<em>Foto: Marta Olejnik<\/em><\/div>\n<div dir=\"auto\"><a href=\"https:\/\/marekkuchcinski.pl\/wp-content\/uploads\/2018\/12\/MMA_0942.jpg\"><img loading=\"lazy\" decoding=\"async\" class=\"alignnone size-full wp-image-12077\" src=\"https:\/\/marekkuchcinski.pl\/wp-content\/uploads\/2018\/12\/MMA_0942.jpg\" alt=\"MMA_0942\" width=\"5117\" height=\"3379\" srcset=\"https:\/\/marekkuchcinski.pl\/wp-content\/uploads\/2018\/12\/MMA_0942.jpg 2048w, https:\/\/marekkuchcinski.pl\/wp-content\/uploads\/2018\/12\/MMA_0942-300x198.jpg 300w, https:\/\/marekkuchcinski.pl\/wp-content\/uploads\/2018\/12\/MMA_0942-768x507.jpg 768w, https:\/\/marekkuchcinski.pl\/wp-content\/uploads\/2018\/12\/MMA_0942-1024x676.jpg 1024w\" sizes=\"(max-width: 5117px) 100vw, 5117px\" \/><\/a><\/div>\n<div dir=\"auto\"><a href=\"https:\/\/marekkuchcinski.pl\/wp-content\/uploads\/2018\/12\/MMA_0903.jpg\"><img loading=\"lazy\" decoding=\"async\" class=\"alignnone size-full wp-image-12074\" src=\"https:\/\/marekkuchcinski.pl\/wp-content\/uploads\/2018\/12\/MMA_0903.jpg\" alt=\"MMA_0903\" width=\"6016\" height=\"4016\" srcset=\"https:\/\/marekkuchcinski.pl\/wp-content\/uploads\/2018\/12\/MMA_0903.jpg 2048w, https:\/\/marekkuchcinski.pl\/wp-content\/uploads\/2018\/12\/MMA_0903-300x200.jpg 300w, https:\/\/marekkuchcinski.pl\/wp-content\/uploads\/2018\/12\/MMA_0903-768x513.jpg 768w, https:\/\/marekkuchcinski.pl\/wp-content\/uploads\/2018\/12\/MMA_0903-1024x684.jpg 1024w\" sizes=\"(max-width: 6016px) 100vw, 6016px\" \/><\/a> <a href=\"https:\/\/marekkuchcinski.pl\/wp-content\/uploads\/2018\/12\/MMA_0901.jpg\"><img loading=\"lazy\" decoding=\"async\" class=\"alignnone size-full wp-image-12075\" src=\"https:\/\/marekkuchcinski.pl\/wp-content\/uploads\/2018\/12\/MMA_0901.jpg\" alt=\"MMA_0901\" width=\"6016\" height=\"4016\" srcset=\"https:\/\/marekkuchcinski.pl\/wp-content\/uploads\/2018\/12\/MMA_0901.jpg 2048w, https:\/\/marekkuchcinski.pl\/wp-content\/uploads\/2018\/12\/MMA_0901-300x200.jpg 300w, https:\/\/marekkuchcinski.pl\/wp-content\/uploads\/2018\/12\/MMA_0901-768x513.jpg 768w, https:\/\/marekkuchcinski.pl\/wp-content\/uploads\/2018\/12\/MMA_0901-1024x684.jpg 1024w\" sizes=\"(max-width: 6016px) 100vw, 6016px\" \/><\/a> <a href=\"https:\/\/marekkuchcinski.pl\/wp-content\/uploads\/2018\/12\/MMA_0827.jpg\"><img loading=\"lazy\" decoding=\"async\" class=\"alignnone size-full wp-image-12076\" src=\"https:\/\/marekkuchcinski.pl\/wp-content\/uploads\/2018\/12\/MMA_0827.jpg\" alt=\"MMA_0827\" width=\"6016\" height=\"4016\" srcset=\"https:\/\/marekkuchcinski.pl\/wp-content\/uploads\/2018\/12\/MMA_0827.jpg 2048w, https:\/\/marekkuchcinski.pl\/wp-content\/uploads\/2018\/12\/MMA_0827-300x200.jpg 300w, https:\/\/marekkuchcinski.pl\/wp-content\/uploads\/2018\/12\/MMA_0827-768x513.jpg 768w, https:\/\/marekkuchcinski.pl\/wp-content\/uploads\/2018\/12\/MMA_0827-1024x684.jpg 1024w\" sizes=\"(max-width: 6016px) 100vw, 6016px\" \/><\/a><\/div>\n<div dir=\"auto\"><em>Foto: Marta Marchlewska<\/em><\/div>\n<div dir=\"auto\"><a href=\"https:\/\/marekkuchcinski.pl\/wp-content\/uploads\/2018\/12\/LB1_6313.jpg\"><img loading=\"lazy\" decoding=\"async\" class=\"alignnone size-full wp-image-12031\" src=\"https:\/\/marekkuchcinski.pl\/wp-content\/uploads\/2018\/12\/LB1_6313.jpg\" alt=\"LB1_6313\" width=\"5237\" height=\"3492\" srcset=\"https:\/\/marekkuchcinski.pl\/wp-content\/uploads\/2018\/12\/LB1_6313.jpg 2048w, https:\/\/marekkuchcinski.pl\/wp-content\/uploads\/2018\/12\/LB1_6313-300x200.jpg 300w, https:\/\/marekkuchcinski.pl\/wp-content\/uploads\/2018\/12\/LB1_6313-768x512.jpg 768w, https:\/\/marekkuchcinski.pl\/wp-content\/uploads\/2018\/12\/LB1_6313-1024x683.jpg 1024w\" sizes=\"(max-width: 5237px) 100vw, 5237px\" \/><\/a><\/div>\n<div dir=\"auto\">\u00a0<em>Foto: \u0141ukasz B\u0142asikiewicz<\/em><\/div>\n<div dir=\"auto\">Au fost prezen\u021bi: Rev. Czes\u0142aw Sad\u0142owski, Marek Kuchci\u0144ski, Bogus\u0142aw Bek, Jerzy Leszek Batko, Leszek Batko, Marek Baran, J\u00f3zef Baran, Stanis\u0142aw Binkiewicz, Miros\u0142aw Aleksandrowicz, Krzysztof Rogalski, Wies\u0142aw K\u0119cik, Miros\u0142aw B\u0142o\u0144ski, Dariusz B\u0105k, Grzegorz \u0141eszczy\u0144ski, Marcin Krzysztofik, Wie\u0144czys\u0142aw Nowacki, Jan Karu\u015b, Henryk Cz\u0105stka, Jan Baster, Andrzej Kaczorowski, Edward Koleja, Marek Dziubek, J\u00f3zef Perlak, Teresa Ha\u0142as MP, S\u0142awomir Siwek, Jerzy Chr\u00f3\u015bcikowski, Andrzej Melak, J\u00f3zefa Hrynkiewicz, Sebastian B\u0119czkowski, Marta Wierzbieniec, Robert Telus<\/div>\n<div dir=\"auto\"><\/div>\n<div dir=\"auto\"><\/div>\n<div dir=\"auto\"><\/div>\n<div dir=\"auto\"><\/div>\n<div dir=\"auto\"><\/div>\n<div dir=\"auto\"><\/div>\n<div dir=\"auto\"><\/div>","protected":false},"excerpt":{"rendered":"<p>Starzy znajomi, przyjaciele z czas\u00f3w antykomunistycznej opozycji, ludzie o niebanalnej historii i pi\u0119knych \u017cyciorysach spotkali si\u0119 w Sejmie, by uczci\u0107 80. urodziny jednego z nich \u2013 ksi\u0119dza Czes\u0142awa Sad\u0142owskiego. Ten niepozorny z wygl\u0105du staruszek, urzekaj\u0105cy sw\u0105 skromno\u015bci\u0105 i dobroci\u0105. w latach 70. i 80. jako proboszcz w Zbroszy Du\u017cej wykazywa\u0142 si\u0119 ogromn\u0105 si\u0142\u0105 i charyzm\u0105. [&hellip;]<\/p>","protected":false},"author":6,"featured_media":12054,"comment_status":"open","ping_status":"open","sticky":false,"template":"","format":"standard","meta":{"ngg_post_thumbnail":0,"footnotes":""},"categories":[49,3],"tags":[],"class_list":["post-12006","post","type-post","status-publish","format-standard","has-post-thumbnail","hentry","category-podkarpacie","category-wydarzenia"],"yoast_head":"<!-- This site is optimized with the Yoast SEO plugin v24.7 - https:\/\/yoast.com\/wordpress\/plugins\/seo\/ -->\n<title>Niepodleg\u0142o\u015bciowi dzia\u0142acze uczcili 80. urodziny ks. Sad\u0142owskiego - duszpasterza, wobec kt\u00f3rego esbecja by\u0142a bezsilna &#8211; Marek Kuchci\u0144ski<\/title>\n<meta name=\"robots\" content=\"index, follow, max-snippet:-1, max-image-preview:large, max-video-preview:-1\" \/>\n<link rel=\"canonical\" href=\"https:\/\/marekkuchcinski.pl\/ro\/wydarzenia\/niepodleglosciowi-dzialacze-uczcili-80-urodziny-ks-sadlowskiego-duszpasterza-wobec-ktorego-esbecja-byla-bezsilna\/\" \/>\n<meta property=\"og:locale\" content=\"ro_RO\" \/>\n<meta property=\"og:type\" content=\"article\" \/>\n<meta property=\"og:title\" content=\"Niepodleg\u0142o\u015bciowi dzia\u0142acze uczcili 80. urodziny ks. Sad\u0142owskiego - duszpasterza, wobec kt\u00f3rego esbecja by\u0142a bezsilna &#8211; Marek Kuchci\u0144ski\" \/>\n<meta property=\"og:description\" content=\"Starzy znajomi, przyjaciele z czas\u00f3w antykomunistycznej opozycji, ludzie o niebanalnej historii i pi\u0119knych \u017cyciorysach spotkali si\u0119 w Sejmie, by uczci\u0107 80. urodziny jednego z nich \u2013 ksi\u0119dza Czes\u0142awa Sad\u0142owskiego. Ten niepozorny z wygl\u0105du staruszek, urzekaj\u0105cy sw\u0105 skromno\u015bci\u0105 i dobroci\u0105. w latach 70. i 80. jako proboszcz w Zbroszy Du\u017cej wykazywa\u0142 si\u0119 ogromn\u0105 si\u0142\u0105 i charyzm\u0105. [&hellip;]\" \/>\n<meta property=\"og:url\" content=\"https:\/\/marekkuchcinski.pl\/ro\/wydarzenia\/niepodleglosciowi-dzialacze-uczcili-80-urodziny-ks-sadlowskiego-duszpasterza-wobec-ktorego-esbecja-byla-bezsilna\/\" \/>\n<meta property=\"og:site_name\" content=\"Marek Kuchci\u0144ski\" \/>\n<meta property=\"article:published_time\" content=\"2018-12-19T14:01:17+00:00\" \/>\n<meta property=\"article:modified_time\" content=\"2018-12-19T21:37:17+00:00\" \/>\n<meta property=\"og:image\" content=\"https:\/\/marekkuchcinski.pl\/wp-content\/uploads\/2018\/12\/DSCF2661-2.jpg\" \/>\n\t<meta property=\"og:image:width\" content=\"2048\" \/>\n\t<meta property=\"og:image:height\" content=\"1357\" \/>\n\t<meta property=\"og:image:type\" content=\"image\/jpeg\" \/>\n<meta name=\"author\" content=\"admin\" \/>\n<meta name=\"twitter:card\" content=\"summary_large_image\" \/>\n<meta name=\"twitter:label1\" content=\"Scris de\" \/>\n\t<meta name=\"twitter:data1\" content=\"admin\" \/>\n\t<meta name=\"twitter:label2\" content=\"Timp estimat pentru citire\" \/>\n\t<meta name=\"twitter:data2\" content=\"2 minutes\" \/>\n<script type=\"application\/ld+json\" class=\"yoast-schema-graph\">{\"@context\":\"https:\/\/schema.org\",\"@graph\":[{\"@type\":\"Article\",\"@id\":\"https:\/\/marekkuchcinski.pl\/wydarzenia\/niepodleglosciowi-dzialacze-uczcili-80-urodziny-ks-sadlowskiego-duszpasterza-wobec-ktorego-esbecja-byla-bezsilna\/#article\",\"isPartOf\":{\"@id\":\"https:\/\/marekkuchcinski.pl\/wydarzenia\/niepodleglosciowi-dzialacze-uczcili-80-urodziny-ks-sadlowskiego-duszpasterza-wobec-ktorego-esbecja-byla-bezsilna\/\"},\"author\":{\"name\":\"admin\",\"@id\":\"https:\/\/marekkuchcinski.pl\/#\/schema\/person\/6f62700996b4d950b6ea2d1183b6c6be\"},\"headline\":\"Niepodleg\u0142o\u015bciowi dzia\u0142acze uczcili 80. urodziny ks. Sad\u0142owskiego &#8211; duszpasterza, wobec kt\u00f3rego esbecja by\u0142a bezsilna\",\"datePublished\":\"2018-12-19T14:01:17+00:00\",\"dateModified\":\"2018-12-19T21:37:17+00:00\",\"mainEntityOfPage\":{\"@id\":\"https:\/\/marekkuchcinski.pl\/wydarzenia\/niepodleglosciowi-dzialacze-uczcili-80-urodziny-ks-sadlowskiego-duszpasterza-wobec-ktorego-esbecja-byla-bezsilna\/\"},\"wordCount\":422,\"commentCount\":0,\"publisher\":{\"@id\":\"https:\/\/marekkuchcinski.pl\/#organization\"},\"image\":{\"@id\":\"https:\/\/marekkuchcinski.pl\/wydarzenia\/niepodleglosciowi-dzialacze-uczcili-80-urodziny-ks-sadlowskiego-duszpasterza-wobec-ktorego-esbecja-byla-bezsilna\/#primaryimage\"},\"thumbnailUrl\":\"https:\/\/marekkuchcinski.pl\/wp-content\/uploads\/2018\/12\/DSCF2661-2.jpg\",\"articleSection\":[\"Podkarpacie\",\"Wydarzenia\"],\"inLanguage\":\"ro-RO\",\"potentialAction\":[{\"@type\":\"CommentAction\",\"name\":\"Comment\",\"target\":[\"https:\/\/marekkuchcinski.pl\/wydarzenia\/niepodleglosciowi-dzialacze-uczcili-80-urodziny-ks-sadlowskiego-duszpasterza-wobec-ktorego-esbecja-byla-bezsilna\/#respond\"]}]},{\"@type\":\"WebPage\",\"@id\":\"https:\/\/marekkuchcinski.pl\/wydarzenia\/niepodleglosciowi-dzialacze-uczcili-80-urodziny-ks-sadlowskiego-duszpasterza-wobec-ktorego-esbecja-byla-bezsilna\/\",\"url\":\"https:\/\/marekkuchcinski.pl\/wydarzenia\/niepodleglosciowi-dzialacze-uczcili-80-urodziny-ks-sadlowskiego-duszpasterza-wobec-ktorego-esbecja-byla-bezsilna\/\",\"name\":\"Niepodleg\u0142o\u015bciowi dzia\u0142acze uczcili 80. urodziny ks. Sad\u0142owskiego - duszpasterza, wobec kt\u00f3rego esbecja by\u0142a bezsilna &#8211; Marek Kuchci\u0144ski\",\"isPartOf\":{\"@id\":\"https:\/\/marekkuchcinski.pl\/#website\"},\"primaryImageOfPage\":{\"@id\":\"https:\/\/marekkuchcinski.pl\/wydarzenia\/niepodleglosciowi-dzialacze-uczcili-80-urodziny-ks-sadlowskiego-duszpasterza-wobec-ktorego-esbecja-byla-bezsilna\/#primaryimage\"},\"image\":{\"@id\":\"https:\/\/marekkuchcinski.pl\/wydarzenia\/niepodleglosciowi-dzialacze-uczcili-80-urodziny-ks-sadlowskiego-duszpasterza-wobec-ktorego-esbecja-byla-bezsilna\/#primaryimage\"},\"thumbnailUrl\":\"https:\/\/marekkuchcinski.pl\/wp-content\/uploads\/2018\/12\/DSCF2661-2.jpg\",\"datePublished\":\"2018-12-19T14:01:17+00:00\",\"dateModified\":\"2018-12-19T21:37:17+00:00\",\"breadcrumb\":{\"@id\":\"https:\/\/marekkuchcinski.pl\/wydarzenia\/niepodleglosciowi-dzialacze-uczcili-80-urodziny-ks-sadlowskiego-duszpasterza-wobec-ktorego-esbecja-byla-bezsilna\/#breadcrumb\"},\"inLanguage\":\"ro-RO\",\"potentialAction\":[{\"@type\":\"ReadAction\",\"target\":[\"https:\/\/marekkuchcinski.pl\/wydarzenia\/niepodleglosciowi-dzialacze-uczcili-80-urodziny-ks-sadlowskiego-duszpasterza-wobec-ktorego-esbecja-byla-bezsilna\/\"]}]},{\"@type\":\"ImageObject\",\"inLanguage\":\"ro-RO\",\"@id\":\"https:\/\/marekkuchcinski.pl\/wydarzenia\/niepodleglosciowi-dzialacze-uczcili-80-urodziny-ks-sadlowskiego-duszpasterza-wobec-ktorego-esbecja-byla-bezsilna\/#primaryimage\",\"url\":\"https:\/\/marekkuchcinski.pl\/wp-content\/uploads\/2018\/12\/DSCF2661-2.jpg\",\"contentUrl\":\"https:\/\/marekkuchcinski.pl\/wp-content\/uploads\/2018\/12\/DSCF2661-2.jpg\",\"width\":2048,\"height\":1357},{\"@type\":\"BreadcrumbList\",\"@id\":\"https:\/\/marekkuchcinski.pl\/wydarzenia\/niepodleglosciowi-dzialacze-uczcili-80-urodziny-ks-sadlowskiego-duszpasterza-wobec-ktorego-esbecja-byla-bezsilna\/#breadcrumb\",\"itemListElement\":[{\"@type\":\"ListItem\",\"position\":1,\"name\":\"Strona g\u0142\u00f3wna\",\"item\":\"https:\/\/marekkuchcinski.pl\/\"},{\"@type\":\"ListItem\",\"position\":2,\"name\":\"Niepodleg\u0142o\u015bciowi dzia\u0142acze uczcili 80. urodziny ks. Sad\u0142owskiego &#8211; duszpasterza, wobec kt\u00f3rego esbecja by\u0142a bezsilna\"}]},{\"@type\":\"WebSite\",\"@id\":\"https:\/\/marekkuchcinski.pl\/#website\",\"url\":\"https:\/\/marekkuchcinski.pl\/\",\"name\":\"Marek Kuchci\u0144ski\",\"description\":\"Pose\u0142 na sejm RP &ndash; okr\u0119g nr 22\",\"publisher\":{\"@id\":\"https:\/\/marekkuchcinski.pl\/#organization\"},\"potentialAction\":[{\"@type\":\"SearchAction\",\"target\":{\"@type\":\"EntryPoint\",\"urlTemplate\":\"https:\/\/marekkuchcinski.pl\/?s={search_term_string}\"},\"query-input\":{\"@type\":\"PropertyValueSpecification\",\"valueRequired\":true,\"valueName\":\"search_term_string\"}}],\"inLanguage\":\"ro-RO\"},{\"@type\":\"Organization\",\"@id\":\"https:\/\/marekkuchcinski.pl\/#organization\",\"name\":\"Marek Kuchci\u0144ski\",\"url\":\"https:\/\/marekkuchcinski.pl\/\",\"logo\":{\"@type\":\"ImageObject\",\"inLanguage\":\"ro-RO\",\"@id\":\"https:\/\/marekkuchcinski.pl\/#\/schema\/logo\/image\/\",\"url\":\"https:\/\/marekkuchcinski.pl\/wp-content\/uploads\/2022\/09\/Marek.jpg\",\"contentUrl\":\"https:\/\/marekkuchcinski.pl\/wp-content\/uploads\/2022\/09\/Marek.jpg\",\"width\":1600,\"height\":971,\"caption\":\"Marek Kuchci\u0144ski\"},\"image\":{\"@id\":\"https:\/\/marekkuchcinski.pl\/#\/schema\/logo\/image\/\"}},{\"@type\":\"Person\",\"@id\":\"https:\/\/marekkuchcinski.pl\/#\/schema\/person\/6f62700996b4d950b6ea2d1183b6c6be\",\"name\":\"admin\",\"image\":{\"@type\":\"ImageObject\",\"inLanguage\":\"ro-RO\",\"@id\":\"https:\/\/marekkuchcinski.pl\/#\/schema\/person\/image\/\",\"url\":\"https:\/\/secure.gravatar.com\/avatar\/4bab693b9d55c3d6b52c0296a8765085?s=96&d=mm&r=g\",\"contentUrl\":\"https:\/\/secure.gravatar.com\/avatar\/4bab693b9d55c3d6b52c0296a8765085?s=96&d=mm&r=g\",\"caption\":\"admin\"},\"url\":\"https:\/\/marekkuchcinski.pl\/ro\/author\/marta-olejnik\/\"}]}<\/script>\n<!-- \/ Yoast SEO plugin. -->","yoast_head_json":{"title":"Niepodleg\u0142o\u015bciowi dzia\u0142acze uczcili 80. urodziny ks. Sad\u0142owskiego - duszpasterza, wobec kt\u00f3rego esbecja by\u0142a bezsilna &#8211; Marek Kuchci\u0144ski","robots":{"index":"index","follow":"follow","max-snippet":"max-snippet:-1","max-image-preview":"max-image-preview:large","max-video-preview":"max-video-preview:-1"},"canonical":"https:\/\/marekkuchcinski.pl\/ro\/wydarzenia\/niepodleglosciowi-dzialacze-uczcili-80-urodziny-ks-sadlowskiego-duszpasterza-wobec-ktorego-esbecja-byla-bezsilna\/","og_locale":"ro_RO","og_type":"article","og_title":"Niepodleg\u0142o\u015bciowi dzia\u0142acze uczcili 80. urodziny ks. Sad\u0142owskiego - duszpasterza, wobec kt\u00f3rego esbecja by\u0142a bezsilna &#8211; Marek Kuchci\u0144ski","og_description":"Starzy znajomi, przyjaciele z czas\u00f3w antykomunistycznej opozycji, ludzie o niebanalnej historii i pi\u0119knych \u017cyciorysach spotkali si\u0119 w Sejmie, by uczci\u0107 80. urodziny jednego z nich \u2013 ksi\u0119dza Czes\u0142awa Sad\u0142owskiego. Ten niepozorny z wygl\u0105du staruszek, urzekaj\u0105cy sw\u0105 skromno\u015bci\u0105 i dobroci\u0105. w latach 70. i 80. jako proboszcz w Zbroszy Du\u017cej wykazywa\u0142 si\u0119 ogromn\u0105 si\u0142\u0105 i charyzm\u0105. [&hellip;]","og_url":"https:\/\/marekkuchcinski.pl\/ro\/wydarzenia\/niepodleglosciowi-dzialacze-uczcili-80-urodziny-ks-sadlowskiego-duszpasterza-wobec-ktorego-esbecja-byla-bezsilna\/","og_site_name":"Marek Kuchci\u0144ski","article_published_time":"2018-12-19T14:01:17+00:00","article_modified_time":"2018-12-19T21:37:17+00:00","og_image":[{"width":2048,"height":1357,"url":"https:\/\/marekkuchcinski.pl\/wp-content\/uploads\/2018\/12\/DSCF2661-2.jpg","type":"image\/jpeg"}],"author":"admin","twitter_card":"summary_large_image","twitter_misc":{"Scris de":"admin","Timp estimat pentru citire":"2 minutes"},"schema":{"@context":"https:\/\/schema.org","@graph":[{"@type":"Article","@id":"https:\/\/marekkuchcinski.pl\/wydarzenia\/niepodleglosciowi-dzialacze-uczcili-80-urodziny-ks-sadlowskiego-duszpasterza-wobec-ktorego-esbecja-byla-bezsilna\/#article","isPartOf":{"@id":"https:\/\/marekkuchcinski.pl\/wydarzenia\/niepodleglosciowi-dzialacze-uczcili-80-urodziny-ks-sadlowskiego-duszpasterza-wobec-ktorego-esbecja-byla-bezsilna\/"},"author":{"name":"admin","@id":"https:\/\/marekkuchcinski.pl\/#\/schema\/person\/6f62700996b4d950b6ea2d1183b6c6be"},"headline":"Niepodleg\u0142o\u015bciowi dzia\u0142acze uczcili 80. urodziny ks. Sad\u0142owskiego &#8211; duszpasterza, wobec kt\u00f3rego esbecja by\u0142a bezsilna","datePublished":"2018-12-19T14:01:17+00:00","dateModified":"2018-12-19T21:37:17+00:00","mainEntityOfPage":{"@id":"https:\/\/marekkuchcinski.pl\/wydarzenia\/niepodleglosciowi-dzialacze-uczcili-80-urodziny-ks-sadlowskiego-duszpasterza-wobec-ktorego-esbecja-byla-bezsilna\/"},"wordCount":422,"commentCount":0,"publisher":{"@id":"https:\/\/marekkuchcinski.pl\/#organization"},"image":{"@id":"https:\/\/marekkuchcinski.pl\/wydarzenia\/niepodleglosciowi-dzialacze-uczcili-80-urodziny-ks-sadlowskiego-duszpasterza-wobec-ktorego-esbecja-byla-bezsilna\/#primaryimage"},"thumbnailUrl":"https:\/\/marekkuchcinski.pl\/wp-content\/uploads\/2018\/12\/DSCF2661-2.jpg","articleSection":["Podkarpacie","Wydarzenia"],"inLanguage":"ro-RO","potentialAction":[{"@type":"CommentAction","name":"Comment","target":["https:\/\/marekkuchcinski.pl\/wydarzenia\/niepodleglosciowi-dzialacze-uczcili-80-urodziny-ks-sadlowskiego-duszpasterza-wobec-ktorego-esbecja-byla-bezsilna\/#respond"]}]},{"@type":"WebPage","@id":"https:\/\/marekkuchcinski.pl\/wydarzenia\/niepodleglosciowi-dzialacze-uczcili-80-urodziny-ks-sadlowskiego-duszpasterza-wobec-ktorego-esbecja-byla-bezsilna\/","url":"https:\/\/marekkuchcinski.pl\/wydarzenia\/niepodleglosciowi-dzialacze-uczcili-80-urodziny-ks-sadlowskiego-duszpasterza-wobec-ktorego-esbecja-byla-bezsilna\/","name":"Niepodleg\u0142o\u015bciowi dzia\u0142acze uczcili 80. urodziny ks. Sad\u0142owskiego - duszpasterza, wobec kt\u00f3rego esbecja by\u0142a bezsilna &#8211; Marek Kuchci\u0144ski","isPartOf":{"@id":"https:\/\/marekkuchcinski.pl\/#website"},"primaryImageOfPage":{"@id":"https:\/\/marekkuchcinski.pl\/wydarzenia\/niepodleglosciowi-dzialacze-uczcili-80-urodziny-ks-sadlowskiego-duszpasterza-wobec-ktorego-esbecja-byla-bezsilna\/#primaryimage"},"image":{"@id":"https:\/\/marekkuchcinski.pl\/wydarzenia\/niepodleglosciowi-dzialacze-uczcili-80-urodziny-ks-sadlowskiego-duszpasterza-wobec-ktorego-esbecja-byla-bezsilna\/#primaryimage"},"thumbnailUrl":"https:\/\/marekkuchcinski.pl\/wp-content\/uploads\/2018\/12\/DSCF2661-2.jpg","datePublished":"2018-12-19T14:01:17+00:00","dateModified":"2018-12-19T21:37:17+00:00","breadcrumb":{"@id":"https:\/\/marekkuchcinski.pl\/wydarzenia\/niepodleglosciowi-dzialacze-uczcili-80-urodziny-ks-sadlowskiego-duszpasterza-wobec-ktorego-esbecja-byla-bezsilna\/#breadcrumb"},"inLanguage":"ro-RO","potentialAction":[{"@type":"ReadAction","target":["https:\/\/marekkuchcinski.pl\/wydarzenia\/niepodleglosciowi-dzialacze-uczcili-80-urodziny-ks-sadlowskiego-duszpasterza-wobec-ktorego-esbecja-byla-bezsilna\/"]}]},{"@type":"ImageObject","inLanguage":"ro-RO","@id":"https:\/\/marekkuchcinski.pl\/wydarzenia\/niepodleglosciowi-dzialacze-uczcili-80-urodziny-ks-sadlowskiego-duszpasterza-wobec-ktorego-esbecja-byla-bezsilna\/#primaryimage","url":"https:\/\/marekkuchcinski.pl\/wp-content\/uploads\/2018\/12\/DSCF2661-2.jpg","contentUrl":"https:\/\/marekkuchcinski.pl\/wp-content\/uploads\/2018\/12\/DSCF2661-2.jpg","width":2048,"height":1357},{"@type":"BreadcrumbList","@id":"https:\/\/marekkuchcinski.pl\/wydarzenia\/niepodleglosciowi-dzialacze-uczcili-80-urodziny-ks-sadlowskiego-duszpasterza-wobec-ktorego-esbecja-byla-bezsilna\/#breadcrumb","itemListElement":[{"@type":"ListItem","position":1,"name":"Strona g\u0142\u00f3wna","item":"https:\/\/marekkuchcinski.pl\/"},{"@type":"ListItem","position":2,"name":"Niepodleg\u0142o\u015bciowi dzia\u0142acze uczcili 80. urodziny ks. Sad\u0142owskiego &#8211; duszpasterza, wobec kt\u00f3rego esbecja by\u0142a bezsilna"}]},{"@type":"WebSite","@id":"https:\/\/marekkuchcinski.pl\/#website","url":"https:\/\/marekkuchcinski.pl\/","name":"Marek Kuchci\u0144ski","description":"Pose\u0142 na sejm RP &ndash; okr\u0119g nr 22","publisher":{"@id":"https:\/\/marekkuchcinski.pl\/#organization"},"potentialAction":[{"@type":"SearchAction","target":{"@type":"EntryPoint","urlTemplate":"https:\/\/marekkuchcinski.pl\/?s={search_term_string}"},"query-input":{"@type":"PropertyValueSpecification","valueRequired":true,"valueName":"search_term_string"}}],"inLanguage":"ro-RO"},{"@type":"Organization","@id":"https:\/\/marekkuchcinski.pl\/#organization","name":"Marek Kuchci\u0144ski","url":"https:\/\/marekkuchcinski.pl\/","logo":{"@type":"ImageObject","inLanguage":"ro-RO","@id":"https:\/\/marekkuchcinski.pl\/#\/schema\/logo\/image\/","url":"https:\/\/marekkuchcinski.pl\/wp-content\/uploads\/2022\/09\/Marek.jpg","contentUrl":"https:\/\/marekkuchcinski.pl\/wp-content\/uploads\/2022\/09\/Marek.jpg","width":1600,"height":971,"caption":"Marek Kuchci\u0144ski"},"image":{"@id":"https:\/\/marekkuchcinski.pl\/#\/schema\/logo\/image\/"}},{"@type":"Person","@id":"https:\/\/marekkuchcinski.pl\/#\/schema\/person\/6f62700996b4d950b6ea2d1183b6c6be","name":"admin","image":{"@type":"ImageObject","inLanguage":"ro-RO","@id":"https:\/\/marekkuchcinski.pl\/#\/schema\/person\/image\/","url":"https:\/\/secure.gravatar.com\/avatar\/4bab693b9d55c3d6b52c0296a8765085?s=96&d=mm&r=g","contentUrl":"https:\/\/secure.gravatar.com\/avatar\/4bab693b9d55c3d6b52c0296a8765085?s=96&d=mm&r=g","caption":"admin"},"url":"https:\/\/marekkuchcinski.pl\/ro\/author\/marta-olejnik\/"}]}},"_links":{"self":[{"href":"https:\/\/marekkuchcinski.pl\/ro\/wp-json\/wp\/v2\/posts\/12006","targetHints":{"allow":["GET"]}}],"collection":[{"href":"https:\/\/marekkuchcinski.pl\/ro\/wp-json\/wp\/v2\/posts"}],"about":[{"href":"https:\/\/marekkuchcinski.pl\/ro\/wp-json\/wp\/v2\/types\/post"}],"author":[{"embeddable":true,"href":"https:\/\/marekkuchcinski.pl\/ro\/wp-json\/wp\/v2\/users\/6"}],"replies":[{"embeddable":true,"href":"https:\/\/marekkuchcinski.pl\/ro\/wp-json\/wp\/v2\/comments?post=12006"}],"version-history":[{"count":32,"href":"https:\/\/marekkuchcinski.pl\/ro\/wp-json\/wp\/v2\/posts\/12006\/revisions"}],"predecessor-version":[{"id":12119,"href":"https:\/\/marekkuchcinski.pl\/ro\/wp-json\/wp\/v2\/posts\/12006\/revisions\/12119"}],"wp:featuredmedia":[{"embeddable":true,"href":"https:\/\/marekkuchcinski.pl\/ro\/wp-json\/wp\/v2\/media\/12054"}],"wp:attachment":[{"href":"https:\/\/marekkuchcinski.pl\/ro\/wp-json\/wp\/v2\/media?parent=12006"}],"wp:term":[{"taxonomy":"category","embeddable":true,"href":"https:\/\/marekkuchcinski.pl\/ro\/wp-json\/wp\/v2\/categories?post=12006"},{"taxonomy":"post_tag","embeddable":true,"href":"https:\/\/marekkuchcinski.pl\/ro\/wp-json\/wp\/v2\/tags?post=12006"}],"curies":[{"name":"wp","href":"https:\/\/api.w.org\/{rel}","templated":true}]}}