{"id":11908,"date":"2018-12-17T10:10:42","date_gmt":"2018-12-17T09:10:42","guid":{"rendered":"https:\/\/marekkuchcinski.pl\/?p=11908"},"modified":"2018-12-17T19:15:49","modified_gmt":"2018-12-17T18:15:49","slug":"11908","status":"publish","type":"post","link":"https:\/\/marekkuchcinski.pl\/ro\/wydarzenia\/11908\/","title":{"rendered":"Kuchci\u0144ski despre decembrie '70: \u00cen acele zile s\u00e2ngeroase s-a n\u0103scut credin\u021ba \u00een for\u021bele noastre \u0219i \u00een posibilit\u0103\u021bile noastre comune. A existat, de asemenea, o sc\u00e2nteie de speran\u021b\u0103 c\u0103 comunismul poate fi \u00eenvins"},"content":{"rendered":"<p dir=\"ltr\">La 17 decembrie 1970, armata \u0219i poli\u021bia au deschis focul asupra muncitorilor care se \u00eendreptau spre \u0219antierul naval din Gdynia.<\/p>\n<p dir=\"ltr\">Aproximativ 5.000 de persoane au participat la ciocnirile de strad\u0103, sute de persoane au fost r\u0103nite \u0219i 18 au fost ucise. Simbolul acestor evenimente este Zbyszek Godlewski, \u00een v\u00e2rst\u0103 de 18 ani, care a fost \u00eempu\u0219cat mortal pe un viaduct de cale ferat\u0103 din Gdynia. Trupul b\u0103iatului a fost a\u0219ezat pe o u\u0219\u0103 \u0219i a m\u0103r\u0219\u0103luit cu el pe str\u0103zile ora\u0219ului p\u00e2n\u0103 la casa de partid, purt\u00e2nd \u00een fa\u021b\u0103 un steag alb \u0219i ro\u0219u p\u0103tat de s\u00e2nge.<\/p>\n<p dir=\"ltr\">Joia neagr\u0103 a fost urmarea grevelor anterioare din 14 decembrie din Gdansk, care au fost declan\u0219ate de \u0219tirile privind cre\u0219terea pre\u021burilor la produsele alimentare. Dou\u0103 zile mai t\u00e2rziu, armata a intrat \u00een Tricity, iar pe str\u0103zi au ap\u0103rut tancuri \u0219i vehicule blindate de transport de trupe. \u00cen fruntea ac\u021biunii de pacificare a Coastei, un membru al Biroului Politic al Comitetului Central al PZPR, Zenon Kliszko, a declarat directorului \u0219i membrilor de partid din \u0219antierul naval din Gdansk: \"Avem de-a face cu o contrarevolu\u021bie \u0219i nu conteaz\u0103 c\u0103 vor muri 200 sau mai mul\u021bi muncitori de pe \u0219antierele navale. \u0218antierul naval va fi demolat \u0219i vom construi unul nou pe ruinele celui vechi\".<\/p>\n<p>Pre\u0219edintele Sejm-ului, Marek Kuchci\u0144ski, a reamintit c\u0103 <em>Cauza acestor evenimente a fost un sentiment de nedreptate \u0219i o opozi\u021bie de lung\u0103 durat\u0103 fa\u021b\u0103 de dictatura comunist\u0103.<\/em><\/p>\n<p><em>Tem\u00e2ndu-se de cre\u0219terea sentimentului anticomunist, cei de la putere nu au permis ca amintirea marii revolte s\u0103 fie pre\u021buit\u0103. \u00cenc\u0103 o dat\u0103, libertatea \u0219i demnitatea uman\u0103 au fost c\u0103lcate \u00een picioare.<\/em><\/p>\n<p dir=\"ltr\"><em>Cu toate acestea, \u00een timpul acelor zile s\u00e2ngeroase, s-a n\u0103scut o credin\u021b\u0103 \u00een for\u021ba noastr\u0103 \u0219i \u00een capacit\u0103\u021bile noastre comune. A existat, de asemenea, o sc\u00e2nteie de speran\u021b\u0103 c\u0103 comunismul ar putea fi \u00eenvins. Tradi\u021bia zilei de 1970 a devenit un element important al identit\u0103\u021bii noastre. F\u0103r\u0103 evenimentele de pe Coast\u0103, ast\u0103zi nu ar exista o Polonie liber\u0103 \u0219i independent\u0103.<\/em><\/p>\n<p dir=\"ltr\"><strong><span style=\"color: #000000;\"><a style=\"color: #000000;\" href=\"https:\/\/marekkuchcinski.pl\/wp-content\/uploads\/2018\/12\/Grudzien\u0301-70.pdf\">LISTA<\/a><\/span><\/strong><\/p>\n<p dir=\"ltr\">Zbyszek Godlewski este eroul din \"Balada lui Janek Wisniewski\".<\/p>\n<p dir=\"ltr\" style=\"text-align: center;\">B\u0103ie\u021bi din Grab\u00f3wka, b\u0103ie\u021bi din Chylonia<\/p>\n<p dir=\"ltr\" style=\"text-align: center;\">Ast\u0103zi, mili\u021bia a folosit arme,<\/p>\n<p dir=\"ltr\" style=\"text-align: center;\">Am stat cu curaj, am aruncat cu precizie<\/p>\n<p dir=\"ltr\" style=\"text-align: center;\">Janek Wisniewski a c\u0103zut.<\/p>\n<p dir=\"ltr\" style=\"text-align: center;\">Nu pl\u00e2nge\u021bi, mame, nu e degeaba.<\/p>\n<p dir=\"ltr\" style=\"text-align: center;\">Deasupra \u0219antierului naval, un steag cu un arc negru<\/p>\n<p dir=\"ltr\" style=\"text-align: center;\">Pentru p\u00e2ine \u0219i libertate, \u0219i o nou\u0103 Polonie<\/p>\n<p dir=\"ltr\" style=\"text-align: center;\">Janek Wisniewski a c\u0103zut.<\/p>\n<p dir=\"ltr\"><a href=\"https:\/\/marekkuchcinski.pl\/wp-content\/uploads\/2018\/12\/ZG-70.jpg\"><img fetchpriority=\"high\" decoding=\"async\" class=\"alignnone size-full wp-image-11913\" src=\"https:\/\/marekkuchcinski.pl\/wp-content\/uploads\/2018\/12\/ZG-70.jpg\" alt=\"ZG 70\" width=\"578\" height=\"302\" srcset=\"https:\/\/marekkuchcinski.pl\/wp-content\/uploads\/2018\/12\/ZG-70.jpg 578w, https:\/\/marekkuchcinski.pl\/wp-content\/uploads\/2018\/12\/ZG-70-300x157.jpg 300w\" sizes=\"(max-width: 578px) 100vw, 578px\" \/><\/a><\/p>\n<p dir=\"ltr\">","protected":false},"excerpt":{"rendered":"<p>17 grudnia 1970 roku wojsko i milicja otworzy\u0142y ogie\u0144 do robotnik\u00f3w id\u0105cych do pracy do gdy\u0144skiej stoczni. W starciach ulicznych wzi\u0119\u0142o udzia\u0142 oko\u0142o 5 tysi\u0119cy os\u00f3b, by\u0142y setki rannych, zgin\u0119\u0142o 18. Symbolem tamtych wydarze\u0144 jest 18-letni Zbyszek Godlewski, kt\u00f3ry\u00a0zosta\u0142 zastrzelony na wiadukcie kolejowym w Gdyni. Cia\u0142o\u00a0ch\u0142opca u\u0142o\u017cono na drzwiach i maszerowano z nim ulicami miasta [&hellip;]<\/p>","protected":false},"author":6,"featured_media":11913,"comment_status":"open","ping_status":"open","sticky":false,"template":"","format":"standard","meta":{"ngg_post_thumbnail":0,"footnotes":""},"categories":[104,77,3],"tags":[],"class_list":["post-11908","post","type-post","status-publish","format-standard","has-post-thumbnail","hentry","category-lms","category-wazne-daty","category-wydarzenia"],"yoast_head":"<!-- This site is optimized with the Yoast SEO plugin v24.7 - https:\/\/yoast.com\/wordpress\/plugins\/seo\/ -->\n<title>Kuchci\u0144ski o grudniu &#039;70: W czasie tamtych krwawych dni zrodzi\u0142a si\u0119 wiara we w\u0142asne si\u0142y i wsp\u00f3lne mo\u017cliwo\u015bci. Pojawi\u0142a si\u0119 r\u00f3wnie\u017c iskra nadziei, \u017ce komunizm mo\u017cna pokona\u0107 &#8211; Marek Kuchci\u0144ski<\/title>\n<meta name=\"robots\" content=\"index, follow, max-snippet:-1, max-image-preview:large, max-video-preview:-1\" \/>\n<link rel=\"canonical\" href=\"https:\/\/marekkuchcinski.pl\/ro\/wydarzenia\/11908\/\" \/>\n<meta property=\"og:locale\" content=\"ro_RO\" \/>\n<meta property=\"og:type\" content=\"article\" \/>\n<meta property=\"og:title\" content=\"Kuchci\u0144ski o grudniu &#039;70: W czasie tamtych krwawych dni zrodzi\u0142a si\u0119 wiara we w\u0142asne si\u0142y i wsp\u00f3lne mo\u017cliwo\u015bci. Pojawi\u0142a si\u0119 r\u00f3wnie\u017c iskra nadziei, \u017ce komunizm mo\u017cna pokona\u0107 &#8211; Marek Kuchci\u0144ski\" \/>\n<meta property=\"og:description\" content=\"17 grudnia 1970 roku wojsko i milicja otworzy\u0142y ogie\u0144 do robotnik\u00f3w id\u0105cych do pracy do gdy\u0144skiej stoczni. W starciach ulicznych wzi\u0119\u0142o udzia\u0142 oko\u0142o 5 tysi\u0119cy os\u00f3b, by\u0142y setki rannych, zgin\u0119\u0142o 18. Symbolem tamtych wydarze\u0144 jest 18-letni Zbyszek Godlewski, kt\u00f3ry\u00a0zosta\u0142 zastrzelony na wiadukcie kolejowym w Gdyni. Cia\u0142o\u00a0ch\u0142opca u\u0142o\u017cono na drzwiach i maszerowano z nim ulicami miasta [&hellip;]\" \/>\n<meta property=\"og:url\" content=\"https:\/\/marekkuchcinski.pl\/ro\/wydarzenia\/11908\/\" \/>\n<meta property=\"og:site_name\" content=\"Marek Kuchci\u0144ski\" \/>\n<meta property=\"article:published_time\" content=\"2018-12-17T09:10:42+00:00\" \/>\n<meta property=\"article:modified_time\" content=\"2018-12-17T18:15:49+00:00\" \/>\n<meta property=\"og:image\" content=\"https:\/\/marekkuchcinski.pl\/wp-content\/uploads\/2018\/12\/ZG-70.jpg\" \/>\n\t<meta property=\"og:image:width\" content=\"578\" \/>\n\t<meta property=\"og:image:height\" content=\"302\" \/>\n\t<meta property=\"og:image:type\" content=\"image\/jpeg\" \/>\n<meta name=\"author\" content=\"admin\" \/>\n<meta name=\"twitter:card\" content=\"summary_large_image\" \/>\n<meta name=\"twitter:label1\" content=\"Scris de\" \/>\n\t<meta name=\"twitter:data1\" content=\"admin\" \/>\n\t<meta name=\"twitter:label2\" content=\"Timp estimat pentru citire\" \/>\n\t<meta name=\"twitter:data2\" content=\"2 minutes\" \/>\n<script type=\"application\/ld+json\" class=\"yoast-schema-graph\">{\"@context\":\"https:\/\/schema.org\",\"@graph\":[{\"@type\":\"Article\",\"@id\":\"https:\/\/marekkuchcinski.pl\/en\/wydarzenia\/11908\/#article\",\"isPartOf\":{\"@id\":\"https:\/\/marekkuchcinski.pl\/en\/wydarzenia\/11908\/\"},\"author\":{\"name\":\"admin\",\"@id\":\"https:\/\/marekkuchcinski.pl\/#\/schema\/person\/6f62700996b4d950b6ea2d1183b6c6be\"},\"headline\":\"Kuchci\u0144ski o grudniu &#8217;70: W czasie tamtych krwawych dni zrodzi\u0142a si\u0119 wiara we w\u0142asne si\u0142y i wsp\u00f3lne mo\u017cliwo\u015bci. Pojawi\u0142a si\u0119 r\u00f3wnie\u017c iskra nadziei, \u017ce komunizm mo\u017cna pokona\u0107\",\"datePublished\":\"2018-12-17T09:10:42+00:00\",\"dateModified\":\"2018-12-17T18:15:49+00:00\",\"mainEntityOfPage\":{\"@id\":\"https:\/\/marekkuchcinski.pl\/en\/wydarzenia\/11908\/\"},\"wordCount\":388,\"commentCount\":0,\"publisher\":{\"@id\":\"https:\/\/marekkuchcinski.pl\/#organization\"},\"image\":{\"@id\":\"https:\/\/marekkuchcinski.pl\/en\/wydarzenia\/11908\/#primaryimage\"},\"thumbnailUrl\":\"https:\/\/marekkuchcinski.pl\/wp-content\/uploads\/2018\/12\/ZG-70.jpg\",\"articleSection\":[\"Listy Marsza\u0142ka Sejmu\",\"Wa\u017cne daty\",\"Wydarzenia\"],\"inLanguage\":\"ro-RO\",\"potentialAction\":[{\"@type\":\"CommentAction\",\"name\":\"Comment\",\"target\":[\"https:\/\/marekkuchcinski.pl\/en\/wydarzenia\/11908\/#respond\"]}]},{\"@type\":\"WebPage\",\"@id\":\"https:\/\/marekkuchcinski.pl\/en\/wydarzenia\/11908\/\",\"url\":\"https:\/\/marekkuchcinski.pl\/en\/wydarzenia\/11908\/\",\"name\":\"Kuchci\u0144ski o grudniu '70: W czasie tamtych krwawych dni zrodzi\u0142a si\u0119 wiara we w\u0142asne si\u0142y i wsp\u00f3lne mo\u017cliwo\u015bci. Pojawi\u0142a si\u0119 r\u00f3wnie\u017c iskra nadziei, \u017ce komunizm mo\u017cna pokona\u0107 &#8211; Marek Kuchci\u0144ski\",\"isPartOf\":{\"@id\":\"https:\/\/marekkuchcinski.pl\/#website\"},\"primaryImageOfPage\":{\"@id\":\"https:\/\/marekkuchcinski.pl\/en\/wydarzenia\/11908\/#primaryimage\"},\"image\":{\"@id\":\"https:\/\/marekkuchcinski.pl\/en\/wydarzenia\/11908\/#primaryimage\"},\"thumbnailUrl\":\"https:\/\/marekkuchcinski.pl\/wp-content\/uploads\/2018\/12\/ZG-70.jpg\",\"datePublished\":\"2018-12-17T09:10:42+00:00\",\"dateModified\":\"2018-12-17T18:15:49+00:00\",\"breadcrumb\":{\"@id\":\"https:\/\/marekkuchcinski.pl\/en\/wydarzenia\/11908\/#breadcrumb\"},\"inLanguage\":\"ro-RO\",\"potentialAction\":[{\"@type\":\"ReadAction\",\"target\":[\"https:\/\/marekkuchcinski.pl\/en\/wydarzenia\/11908\/\"]}]},{\"@type\":\"ImageObject\",\"inLanguage\":\"ro-RO\",\"@id\":\"https:\/\/marekkuchcinski.pl\/en\/wydarzenia\/11908\/#primaryimage\",\"url\":\"https:\/\/marekkuchcinski.pl\/wp-content\/uploads\/2018\/12\/ZG-70.jpg\",\"contentUrl\":\"https:\/\/marekkuchcinski.pl\/wp-content\/uploads\/2018\/12\/ZG-70.jpg\",\"width\":578,\"height\":302},{\"@type\":\"BreadcrumbList\",\"@id\":\"https:\/\/marekkuchcinski.pl\/en\/wydarzenia\/11908\/#breadcrumb\",\"itemListElement\":[{\"@type\":\"ListItem\",\"position\":1,\"name\":\"Strona g\u0142\u00f3wna\",\"item\":\"https:\/\/marekkuchcinski.pl\/\"},{\"@type\":\"ListItem\",\"position\":2,\"name\":\"Kuchci\u0144ski o grudniu &#8217;70: W czasie tamtych krwawych dni zrodzi\u0142a si\u0119 wiara we w\u0142asne si\u0142y i wsp\u00f3lne mo\u017cliwo\u015bci. Pojawi\u0142a si\u0119 r\u00f3wnie\u017c iskra nadziei, \u017ce komunizm mo\u017cna pokona\u0107\"}]},{\"@type\":\"WebSite\",\"@id\":\"https:\/\/marekkuchcinski.pl\/#website\",\"url\":\"https:\/\/marekkuchcinski.pl\/\",\"name\":\"Marek Kuchci\u0144ski\",\"description\":\"Pose\u0142 na sejm RP &ndash; okr\u0119g nr 22\",\"publisher\":{\"@id\":\"https:\/\/marekkuchcinski.pl\/#organization\"},\"potentialAction\":[{\"@type\":\"SearchAction\",\"target\":{\"@type\":\"EntryPoint\",\"urlTemplate\":\"https:\/\/marekkuchcinski.pl\/?s={search_term_string}\"},\"query-input\":{\"@type\":\"PropertyValueSpecification\",\"valueRequired\":true,\"valueName\":\"search_term_string\"}}],\"inLanguage\":\"ro-RO\"},{\"@type\":\"Organization\",\"@id\":\"https:\/\/marekkuchcinski.pl\/#organization\",\"name\":\"Marek Kuchci\u0144ski\",\"url\":\"https:\/\/marekkuchcinski.pl\/\",\"logo\":{\"@type\":\"ImageObject\",\"inLanguage\":\"ro-RO\",\"@id\":\"https:\/\/marekkuchcinski.pl\/#\/schema\/logo\/image\/\",\"url\":\"https:\/\/marekkuchcinski.pl\/wp-content\/uploads\/2022\/09\/Marek.jpg\",\"contentUrl\":\"https:\/\/marekkuchcinski.pl\/wp-content\/uploads\/2022\/09\/Marek.jpg\",\"width\":1600,\"height\":971,\"caption\":\"Marek Kuchci\u0144ski\"},\"image\":{\"@id\":\"https:\/\/marekkuchcinski.pl\/#\/schema\/logo\/image\/\"}},{\"@type\":\"Person\",\"@id\":\"https:\/\/marekkuchcinski.pl\/#\/schema\/person\/6f62700996b4d950b6ea2d1183b6c6be\",\"name\":\"admin\",\"image\":{\"@type\":\"ImageObject\",\"inLanguage\":\"ro-RO\",\"@id\":\"https:\/\/marekkuchcinski.pl\/#\/schema\/person\/image\/\",\"url\":\"https:\/\/secure.gravatar.com\/avatar\/4bab693b9d55c3d6b52c0296a8765085?s=96&d=mm&r=g\",\"contentUrl\":\"https:\/\/secure.gravatar.com\/avatar\/4bab693b9d55c3d6b52c0296a8765085?s=96&d=mm&r=g\",\"caption\":\"admin\"},\"url\":\"https:\/\/marekkuchcinski.pl\/ro\/author\/marta-olejnik\/\"}]}<\/script>\n<!-- \/ Yoast SEO plugin. -->","yoast_head_json":{"title":"Kuchci\u0144ski o grudniu '70: W czasie tamtych krwawych dni zrodzi\u0142a si\u0119 wiara we w\u0142asne si\u0142y i wsp\u00f3lne mo\u017cliwo\u015bci. Pojawi\u0142a si\u0119 r\u00f3wnie\u017c iskra nadziei, \u017ce komunizm mo\u017cna pokona\u0107 &#8211; Marek Kuchci\u0144ski","robots":{"index":"index","follow":"follow","max-snippet":"max-snippet:-1","max-image-preview":"max-image-preview:large","max-video-preview":"max-video-preview:-1"},"canonical":"https:\/\/marekkuchcinski.pl\/ro\/wydarzenia\/11908\/","og_locale":"ro_RO","og_type":"article","og_title":"Kuchci\u0144ski o grudniu '70: W czasie tamtych krwawych dni zrodzi\u0142a si\u0119 wiara we w\u0142asne si\u0142y i wsp\u00f3lne mo\u017cliwo\u015bci. Pojawi\u0142a si\u0119 r\u00f3wnie\u017c iskra nadziei, \u017ce komunizm mo\u017cna pokona\u0107 &#8211; Marek Kuchci\u0144ski","og_description":"17 grudnia 1970 roku wojsko i milicja otworzy\u0142y ogie\u0144 do robotnik\u00f3w id\u0105cych do pracy do gdy\u0144skiej stoczni. W starciach ulicznych wzi\u0119\u0142o udzia\u0142 oko\u0142o 5 tysi\u0119cy os\u00f3b, by\u0142y setki rannych, zgin\u0119\u0142o 18. Symbolem tamtych wydarze\u0144 jest 18-letni Zbyszek Godlewski, kt\u00f3ry\u00a0zosta\u0142 zastrzelony na wiadukcie kolejowym w Gdyni. Cia\u0142o\u00a0ch\u0142opca u\u0142o\u017cono na drzwiach i maszerowano z nim ulicami miasta [&hellip;]","og_url":"https:\/\/marekkuchcinski.pl\/ro\/wydarzenia\/11908\/","og_site_name":"Marek Kuchci\u0144ski","article_published_time":"2018-12-17T09:10:42+00:00","article_modified_time":"2018-12-17T18:15:49+00:00","og_image":[{"width":578,"height":302,"url":"https:\/\/marekkuchcinski.pl\/wp-content\/uploads\/2018\/12\/ZG-70.jpg","type":"image\/jpeg"}],"author":"admin","twitter_card":"summary_large_image","twitter_misc":{"Scris de":"admin","Timp estimat pentru citire":"2 minutes"},"schema":{"@context":"https:\/\/schema.org","@graph":[{"@type":"Article","@id":"https:\/\/marekkuchcinski.pl\/en\/wydarzenia\/11908\/#article","isPartOf":{"@id":"https:\/\/marekkuchcinski.pl\/en\/wydarzenia\/11908\/"},"author":{"name":"admin","@id":"https:\/\/marekkuchcinski.pl\/#\/schema\/person\/6f62700996b4d950b6ea2d1183b6c6be"},"headline":"Kuchci\u0144ski o grudniu &#8217;70: W czasie tamtych krwawych dni zrodzi\u0142a si\u0119 wiara we w\u0142asne si\u0142y i wsp\u00f3lne mo\u017cliwo\u015bci. Pojawi\u0142a si\u0119 r\u00f3wnie\u017c iskra nadziei, \u017ce komunizm mo\u017cna pokona\u0107","datePublished":"2018-12-17T09:10:42+00:00","dateModified":"2018-12-17T18:15:49+00:00","mainEntityOfPage":{"@id":"https:\/\/marekkuchcinski.pl\/en\/wydarzenia\/11908\/"},"wordCount":388,"commentCount":0,"publisher":{"@id":"https:\/\/marekkuchcinski.pl\/#organization"},"image":{"@id":"https:\/\/marekkuchcinski.pl\/en\/wydarzenia\/11908\/#primaryimage"},"thumbnailUrl":"https:\/\/marekkuchcinski.pl\/wp-content\/uploads\/2018\/12\/ZG-70.jpg","articleSection":["Listy Marsza\u0142ka Sejmu","Wa\u017cne daty","Wydarzenia"],"inLanguage":"ro-RO","potentialAction":[{"@type":"CommentAction","name":"Comment","target":["https:\/\/marekkuchcinski.pl\/en\/wydarzenia\/11908\/#respond"]}]},{"@type":"WebPage","@id":"https:\/\/marekkuchcinski.pl\/en\/wydarzenia\/11908\/","url":"https:\/\/marekkuchcinski.pl\/en\/wydarzenia\/11908\/","name":"Kuchci\u0144ski o grudniu '70: W czasie tamtych krwawych dni zrodzi\u0142a si\u0119 wiara we w\u0142asne si\u0142y i wsp\u00f3lne mo\u017cliwo\u015bci. Pojawi\u0142a si\u0119 r\u00f3wnie\u017c iskra nadziei, \u017ce komunizm mo\u017cna pokona\u0107 &#8211; Marek Kuchci\u0144ski","isPartOf":{"@id":"https:\/\/marekkuchcinski.pl\/#website"},"primaryImageOfPage":{"@id":"https:\/\/marekkuchcinski.pl\/en\/wydarzenia\/11908\/#primaryimage"},"image":{"@id":"https:\/\/marekkuchcinski.pl\/en\/wydarzenia\/11908\/#primaryimage"},"thumbnailUrl":"https:\/\/marekkuchcinski.pl\/wp-content\/uploads\/2018\/12\/ZG-70.jpg","datePublished":"2018-12-17T09:10:42+00:00","dateModified":"2018-12-17T18:15:49+00:00","breadcrumb":{"@id":"https:\/\/marekkuchcinski.pl\/en\/wydarzenia\/11908\/#breadcrumb"},"inLanguage":"ro-RO","potentialAction":[{"@type":"ReadAction","target":["https:\/\/marekkuchcinski.pl\/en\/wydarzenia\/11908\/"]}]},{"@type":"ImageObject","inLanguage":"ro-RO","@id":"https:\/\/marekkuchcinski.pl\/en\/wydarzenia\/11908\/#primaryimage","url":"https:\/\/marekkuchcinski.pl\/wp-content\/uploads\/2018\/12\/ZG-70.jpg","contentUrl":"https:\/\/marekkuchcinski.pl\/wp-content\/uploads\/2018\/12\/ZG-70.jpg","width":578,"height":302},{"@type":"BreadcrumbList","@id":"https:\/\/marekkuchcinski.pl\/en\/wydarzenia\/11908\/#breadcrumb","itemListElement":[{"@type":"ListItem","position":1,"name":"Strona g\u0142\u00f3wna","item":"https:\/\/marekkuchcinski.pl\/"},{"@type":"ListItem","position":2,"name":"Kuchci\u0144ski o grudniu &#8217;70: W czasie tamtych krwawych dni zrodzi\u0142a si\u0119 wiara we w\u0142asne si\u0142y i wsp\u00f3lne mo\u017cliwo\u015bci. Pojawi\u0142a si\u0119 r\u00f3wnie\u017c iskra nadziei, \u017ce komunizm mo\u017cna pokona\u0107"}]},{"@type":"WebSite","@id":"https:\/\/marekkuchcinski.pl\/#website","url":"https:\/\/marekkuchcinski.pl\/","name":"Marek Kuchci\u0144ski","description":"Pose\u0142 na sejm RP &ndash; okr\u0119g nr 22","publisher":{"@id":"https:\/\/marekkuchcinski.pl\/#organization"},"potentialAction":[{"@type":"SearchAction","target":{"@type":"EntryPoint","urlTemplate":"https:\/\/marekkuchcinski.pl\/?s={search_term_string}"},"query-input":{"@type":"PropertyValueSpecification","valueRequired":true,"valueName":"search_term_string"}}],"inLanguage":"ro-RO"},{"@type":"Organization","@id":"https:\/\/marekkuchcinski.pl\/#organization","name":"Marek Kuchci\u0144ski","url":"https:\/\/marekkuchcinski.pl\/","logo":{"@type":"ImageObject","inLanguage":"ro-RO","@id":"https:\/\/marekkuchcinski.pl\/#\/schema\/logo\/image\/","url":"https:\/\/marekkuchcinski.pl\/wp-content\/uploads\/2022\/09\/Marek.jpg","contentUrl":"https:\/\/marekkuchcinski.pl\/wp-content\/uploads\/2022\/09\/Marek.jpg","width":1600,"height":971,"caption":"Marek Kuchci\u0144ski"},"image":{"@id":"https:\/\/marekkuchcinski.pl\/#\/schema\/logo\/image\/"}},{"@type":"Person","@id":"https:\/\/marekkuchcinski.pl\/#\/schema\/person\/6f62700996b4d950b6ea2d1183b6c6be","name":"admin","image":{"@type":"ImageObject","inLanguage":"ro-RO","@id":"https:\/\/marekkuchcinski.pl\/#\/schema\/person\/image\/","url":"https:\/\/secure.gravatar.com\/avatar\/4bab693b9d55c3d6b52c0296a8765085?s=96&d=mm&r=g","contentUrl":"https:\/\/secure.gravatar.com\/avatar\/4bab693b9d55c3d6b52c0296a8765085?s=96&d=mm&r=g","caption":"admin"},"url":"https:\/\/marekkuchcinski.pl\/ro\/author\/marta-olejnik\/"}]}},"_links":{"self":[{"href":"https:\/\/marekkuchcinski.pl\/ro\/wp-json\/wp\/v2\/posts\/11908","targetHints":{"allow":["GET"]}}],"collection":[{"href":"https:\/\/marekkuchcinski.pl\/ro\/wp-json\/wp\/v2\/posts"}],"about":[{"href":"https:\/\/marekkuchcinski.pl\/ro\/wp-json\/wp\/v2\/types\/post"}],"author":[{"embeddable":true,"href":"https:\/\/marekkuchcinski.pl\/ro\/wp-json\/wp\/v2\/users\/6"}],"replies":[{"embeddable":true,"href":"https:\/\/marekkuchcinski.pl\/ro\/wp-json\/wp\/v2\/comments?post=11908"}],"version-history":[{"count":25,"href":"https:\/\/marekkuchcinski.pl\/ro\/wp-json\/wp\/v2\/posts\/11908\/revisions"}],"predecessor-version":[{"id":11972,"href":"https:\/\/marekkuchcinski.pl\/ro\/wp-json\/wp\/v2\/posts\/11908\/revisions\/11972"}],"wp:featuredmedia":[{"embeddable":true,"href":"https:\/\/marekkuchcinski.pl\/ro\/wp-json\/wp\/v2\/media\/11913"}],"wp:attachment":[{"href":"https:\/\/marekkuchcinski.pl\/ro\/wp-json\/wp\/v2\/media?parent=11908"}],"wp:term":[{"taxonomy":"category","embeddable":true,"href":"https:\/\/marekkuchcinski.pl\/ro\/wp-json\/wp\/v2\/categories?post=11908"},{"taxonomy":"post_tag","embeddable":true,"href":"https:\/\/marekkuchcinski.pl\/ro\/wp-json\/wp\/v2\/tags?post=11908"}],"curies":[{"name":"wp","href":"https:\/\/api.w.org\/{rel}","templated":true}]}}