{"id":11897,"date":"2018-12-16T10:16:52","date_gmt":"2018-12-16T09:16:52","guid":{"rendered":"https:\/\/marekkuchcinski.pl\/?p=11897"},"modified":"2018-12-16T11:00:15","modified_gmt":"2018-12-16T10:00:15","slug":"konwencja-prawa-sprawiedliwosci-wiarygodnosc-uczciwosc-sprawiedliwosc-nowoczesnosc","status":"publish","type":"post","link":"https:\/\/marekkuchcinski.pl\/ro\/wydarzenia\/konwencja-prawa-sprawiedliwosci-wiarygodnosc-uczciwosc-sprawiedliwosc-nowoczesnosc\/","title":{"rendered":"Conven\u021bia privind dreptul \u0219i justi\u021bia: Credibilitate, onestitate, justi\u021bie, modernitate"},"content":{"rendered":"<p>- Lege \u0219i Justi\u021bie a dovedit c\u0103 poate guverna \u00een mod onest, c\u0103 poate fi credibil \u0219i poate face ceea ce a fost anun\u021bat, a declarat pre\u0219edintele Lege \u0219i Justi\u021bie, Jaros\u0142aw Kaczy\u0144ski, \u00een timpul Conven\u021biei Lege \u0219i Justi\u021bie din 15 decembrie.<\/p>\n<p>El a ad\u0103ugat c\u0103 scopul reuniunii a fost acela de a reflecta asupra punctului de plecare de la care Lege \u0219i Justi\u021bie va \u00eencepe \u00een cur\u00e2nd ultima linie dreapt\u0103 c\u0103tre alegerile europene \u0219i parlamentare.<\/p>\n<p>- Este vorba de a indica direc\u021biile pe care trebuie s\u0103 le urm\u0103m. Partidul nostru trebuie s\u0103 devin\u0103 p\u00e2n\u0103 la cap\u0103t partidul visurilor polonezilor\", a declarat pre\u0219edintele.<\/p>\n<p>Prim-ministrul Mateusz Morawiecki a subliniat c\u0103 Polonia este ast\u0103zi inima care bate \u00een Europa.<\/p>\n<p>- Ast\u0103zi inspir\u0103m Europa. Succesele noastre de ast\u0103zi inspir\u0103 Europa! Polonezii trebuie s\u0103 se simt\u0103 europeni din toate punctele de vedere. Pentru asta ne str\u0103duim! Aceasta este adev\u0103rata europenizare, nu experimentarea obiceiurilor, ci recuperarea nivelului de trai din Vestul mai bogat. Este posibil \u0219i \u00eempreun\u0103 vom reu\u0219i. Noi suntem singurii care putem garanta acest lucru\", a spus el.<\/p>\n<p>El a reamintit c\u0103 legea \u0219i justi\u021bia au trei piloni de baz\u0103.<\/p>\n<p>- Cel mai important lucru este credibilitatea. O avem, confirmat\u0103 de multe dintre ac\u021biunile noastre. Propunerile noastre din aprilie sunt fie implementate, fie \u00een curs de implementare. C\u00e2nd promitem, ne \u021binem de cuv\u00e2nt. Promisiunile \u00eenc\u0103lcate ale adversarilor no\u0219tri pot fi v\u0103zute peste tot. Vrem s\u0103 facem presiuni pentru salarii mai mari \u0219i s\u0103 moderniz\u0103m Polonia\", a anun\u021bat el.<\/p>\n<p>Viceprim-ministrul Beata Szyd\u0142o a subliniat c\u0103 Polonia a fost, este \u0219i va fi \u00een Europa.<\/p>\n<p>- Nimeni \u0219i nimic nu va schimba acest lucru. Chiar \u0219i pe acei politicieni care mint despre Polexit. S\u0103-i invit\u0103m pe to\u021bi polonezii, pe to\u021bi europenii, la masa la care discut\u0103m despre viitor, pentru c\u0103 este treaba noastr\u0103 \u00eempreun\u0103\", a spus ea.<\/p>\n<p>\u0218eful Cancelariei premierului, Micha\u0142 Dworczyk, a anun\u021bat c\u0103 partidul Lege \u0219i Justi\u021bie va avea ca obiectiv cre\u0219terea nivelului de trai al polonezilor la nivel european, urm\u00e2nd ca imediat dup\u0103 Anul Nou s\u0103 fie prezentate \u0219i alte programe.<\/p>\n<p><em>fot. pis.org.pl<\/em><a href=\"https:\/\/marekkuchcinski.pl\/wp-content\/uploads\/2018\/12\/PiS-konwencja-15-grudnia.jpg\"><img fetchpriority=\"high\" decoding=\"async\" class=\"alignnone size-full wp-image-11898\" src=\"https:\/\/marekkuchcinski.pl\/wp-content\/uploads\/2018\/12\/PiS-konwencja-15-grudnia.jpg\" alt=\"PiS konwencja 15 grudnia\" width=\"1000\" height=\"667\" srcset=\"https:\/\/marekkuchcinski.pl\/wp-content\/uploads\/2018\/12\/PiS-konwencja-15-grudnia.jpg 1000w, https:\/\/marekkuchcinski.pl\/wp-content\/uploads\/2018\/12\/PiS-konwencja-15-grudnia-300x200.jpg 300w, https:\/\/marekkuchcinski.pl\/wp-content\/uploads\/2018\/12\/PiS-konwencja-15-grudnia-768x512.jpg 768w\" sizes=\"(max-width: 1000px) 100vw, 1000px\" \/><\/a><\/p>","protected":false},"excerpt":{"rendered":"<p>&#8211; Prawo i Sprawiedliwo\u015b\u0107 udowodni\u0142o, \u017ce potrafi rz\u0105dzi\u0107 uczciwie, potrafi by\u0107 wiarygodne i robi\u0107 to, co zosta\u0142o zapowiedziane &#8211; powiedzia\u0142 Prezes PiS Jaros\u0142aw Kaczy\u0144ski podczas Konwencji Prawa i Sprawiedliwo\u015bci 15 grudnia. Doda\u0142, \u017ce celem spotkania jest zastanowienie si\u0119 nad punktem wyj\u015bcia, z kt\u00f3rego Prawo i Sprawiedliwo\u015b\u0107 rozpocznie niebawem ostatni etap do wybor\u00f3w europejskich i parlamentarnych. [&hellip;]<\/p>","protected":false},"author":6,"featured_media":11898,"comment_status":"open","ping_status":"open","sticky":false,"template":"","format":"standard","meta":{"ngg_post_thumbnail":0,"footnotes":""},"categories":[82,3],"tags":[],"class_list":["post-11897","post","type-post","status-publish","format-standard","has-post-thumbnail","hentry","category-prawo-i-sprawiedliwosc","category-wydarzenia"],"yoast_head":"<!-- This site is optimized with the Yoast SEO plugin v24.7 - https:\/\/yoast.com\/wordpress\/plugins\/seo\/ -->\n<title>Konwencja PiS: Wiarygodno\u015b\u0107, uczciwo\u015b\u0107, sprawiedliwo\u015b\u0107, nowoczesno\u015b\u0107 &#8211; Marek Kuchci\u0144ski<\/title>\n<meta name=\"robots\" content=\"index, follow, max-snippet:-1, max-image-preview:large, max-video-preview:-1\" \/>\n<link rel=\"canonical\" href=\"https:\/\/marekkuchcinski.pl\/ro\/wydarzenia\/konwencja-prawa-sprawiedliwosci-wiarygodnosc-uczciwosc-sprawiedliwosc-nowoczesnosc\/\" \/>\n<meta property=\"og:locale\" content=\"ro_RO\" \/>\n<meta property=\"og:type\" content=\"article\" \/>\n<meta property=\"og:title\" content=\"Konwencja PiS: Wiarygodno\u015b\u0107, uczciwo\u015b\u0107, sprawiedliwo\u015b\u0107, nowoczesno\u015b\u0107 &#8211; Marek Kuchci\u0144ski\" \/>\n<meta property=\"og:description\" content=\"&#8211; Prawo i Sprawiedliwo\u015b\u0107 udowodni\u0142o, \u017ce potrafi rz\u0105dzi\u0107 uczciwie, potrafi by\u0107 wiarygodne i robi\u0107 to, co zosta\u0142o zapowiedziane &#8211; powiedzia\u0142 Prezes PiS Jaros\u0142aw Kaczy\u0144ski podczas Konwencji Prawa i Sprawiedliwo\u015bci 15 grudnia. Doda\u0142, \u017ce celem spotkania jest zastanowienie si\u0119 nad punktem wyj\u015bcia, z kt\u00f3rego Prawo i Sprawiedliwo\u015b\u0107 rozpocznie niebawem ostatni etap do wybor\u00f3w europejskich i parlamentarnych. [&hellip;]\" \/>\n<meta property=\"og:url\" content=\"https:\/\/marekkuchcinski.pl\/ro\/wydarzenia\/konwencja-prawa-sprawiedliwosci-wiarygodnosc-uczciwosc-sprawiedliwosc-nowoczesnosc\/\" \/>\n<meta property=\"og:site_name\" content=\"Marek Kuchci\u0144ski\" \/>\n<meta property=\"article:published_time\" content=\"2018-12-16T09:16:52+00:00\" \/>\n<meta property=\"article:modified_time\" content=\"2018-12-16T10:00:15+00:00\" \/>\n<meta property=\"og:image\" content=\"https:\/\/marekkuchcinski.pl\/wp-content\/uploads\/2018\/12\/PiS-konwencja-15-grudnia.jpg\" \/>\n\t<meta property=\"og:image:width\" content=\"1000\" \/>\n\t<meta property=\"og:image:height\" content=\"667\" \/>\n\t<meta property=\"og:image:type\" content=\"image\/jpeg\" \/>\n<meta name=\"author\" content=\"admin\" \/>\n<meta name=\"twitter:card\" content=\"summary_large_image\" \/>\n<meta name=\"twitter:label1\" content=\"Scris de\" \/>\n\t<meta name=\"twitter:data1\" content=\"admin\" \/>\n\t<meta name=\"twitter:label2\" content=\"Timp estimat pentru citire\" \/>\n\t<meta name=\"twitter:data2\" content=\"2 minutes\" \/>\n<script type=\"application\/ld+json\" class=\"yoast-schema-graph\">{\"@context\":\"https:\/\/schema.org\",\"@graph\":[{\"@type\":\"Article\",\"@id\":\"https:\/\/marekkuchcinski.pl\/sk\/wydarzenia\/konwencja-prawa-sprawiedliwosci-wiarygodnosc-uczciwosc-sprawiedliwosc-nowoczesnosc\/#article\",\"isPartOf\":{\"@id\":\"https:\/\/marekkuchcinski.pl\/sk\/wydarzenia\/konwencja-prawa-sprawiedliwosci-wiarygodnosc-uczciwosc-sprawiedliwosc-nowoczesnosc\/\"},\"author\":{\"name\":\"admin\",\"@id\":\"https:\/\/marekkuchcinski.pl\/#\/schema\/person\/6f62700996b4d950b6ea2d1183b6c6be\"},\"headline\":\"Konwencja PiS: Wiarygodno\u015b\u0107, uczciwo\u015b\u0107, sprawiedliwo\u015b\u0107, nowoczesno\u015b\u0107\",\"datePublished\":\"2018-12-16T09:16:52+00:00\",\"dateModified\":\"2018-12-16T10:00:15+00:00\",\"mainEntityOfPage\":{\"@id\":\"https:\/\/marekkuchcinski.pl\/sk\/wydarzenia\/konwencja-prawa-sprawiedliwosci-wiarygodnosc-uczciwosc-sprawiedliwosc-nowoczesnosc\/\"},\"wordCount\":324,\"commentCount\":0,\"publisher\":{\"@id\":\"https:\/\/marekkuchcinski.pl\/#organization\"},\"image\":{\"@id\":\"https:\/\/marekkuchcinski.pl\/sk\/wydarzenia\/konwencja-prawa-sprawiedliwosci-wiarygodnosc-uczciwosc-sprawiedliwosc-nowoczesnosc\/#primaryimage\"},\"thumbnailUrl\":\"https:\/\/marekkuchcinski.pl\/wp-content\/uploads\/2018\/12\/PiS-konwencja-15-grudnia.jpg\",\"articleSection\":[\"Prawo i Sprawiedliwo\u015b\u0107\",\"Wydarzenia\"],\"inLanguage\":\"ro-RO\",\"potentialAction\":[{\"@type\":\"CommentAction\",\"name\":\"Comment\",\"target\":[\"https:\/\/marekkuchcinski.pl\/sk\/wydarzenia\/konwencja-prawa-sprawiedliwosci-wiarygodnosc-uczciwosc-sprawiedliwosc-nowoczesnosc\/#respond\"]}]},{\"@type\":\"WebPage\",\"@id\":\"https:\/\/marekkuchcinski.pl\/sk\/wydarzenia\/konwencja-prawa-sprawiedliwosci-wiarygodnosc-uczciwosc-sprawiedliwosc-nowoczesnosc\/\",\"url\":\"https:\/\/marekkuchcinski.pl\/sk\/wydarzenia\/konwencja-prawa-sprawiedliwosci-wiarygodnosc-uczciwosc-sprawiedliwosc-nowoczesnosc\/\",\"name\":\"Konwencja PiS: Wiarygodno\u015b\u0107, uczciwo\u015b\u0107, sprawiedliwo\u015b\u0107, nowoczesno\u015b\u0107 &#8211; Marek Kuchci\u0144ski\",\"isPartOf\":{\"@id\":\"https:\/\/marekkuchcinski.pl\/#website\"},\"primaryImageOfPage\":{\"@id\":\"https:\/\/marekkuchcinski.pl\/sk\/wydarzenia\/konwencja-prawa-sprawiedliwosci-wiarygodnosc-uczciwosc-sprawiedliwosc-nowoczesnosc\/#primaryimage\"},\"image\":{\"@id\":\"https:\/\/marekkuchcinski.pl\/sk\/wydarzenia\/konwencja-prawa-sprawiedliwosci-wiarygodnosc-uczciwosc-sprawiedliwosc-nowoczesnosc\/#primaryimage\"},\"thumbnailUrl\":\"https:\/\/marekkuchcinski.pl\/wp-content\/uploads\/2018\/12\/PiS-konwencja-15-grudnia.jpg\",\"datePublished\":\"2018-12-16T09:16:52+00:00\",\"dateModified\":\"2018-12-16T10:00:15+00:00\",\"breadcrumb\":{\"@id\":\"https:\/\/marekkuchcinski.pl\/sk\/wydarzenia\/konwencja-prawa-sprawiedliwosci-wiarygodnosc-uczciwosc-sprawiedliwosc-nowoczesnosc\/#breadcrumb\"},\"inLanguage\":\"ro-RO\",\"potentialAction\":[{\"@type\":\"ReadAction\",\"target\":[\"https:\/\/marekkuchcinski.pl\/sk\/wydarzenia\/konwencja-prawa-sprawiedliwosci-wiarygodnosc-uczciwosc-sprawiedliwosc-nowoczesnosc\/\"]}]},{\"@type\":\"ImageObject\",\"inLanguage\":\"ro-RO\",\"@id\":\"https:\/\/marekkuchcinski.pl\/sk\/wydarzenia\/konwencja-prawa-sprawiedliwosci-wiarygodnosc-uczciwosc-sprawiedliwosc-nowoczesnosc\/#primaryimage\",\"url\":\"https:\/\/marekkuchcinski.pl\/wp-content\/uploads\/2018\/12\/PiS-konwencja-15-grudnia.jpg\",\"contentUrl\":\"https:\/\/marekkuchcinski.pl\/wp-content\/uploads\/2018\/12\/PiS-konwencja-15-grudnia.jpg\",\"width\":1000,\"height\":667},{\"@type\":\"BreadcrumbList\",\"@id\":\"https:\/\/marekkuchcinski.pl\/sk\/wydarzenia\/konwencja-prawa-sprawiedliwosci-wiarygodnosc-uczciwosc-sprawiedliwosc-nowoczesnosc\/#breadcrumb\",\"itemListElement\":[{\"@type\":\"ListItem\",\"position\":1,\"name\":\"Strona g\u0142\u00f3wna\",\"item\":\"https:\/\/marekkuchcinski.pl\/\"},{\"@type\":\"ListItem\",\"position\":2,\"name\":\"Konwencja PiS: Wiarygodno\u015b\u0107, uczciwo\u015b\u0107, sprawiedliwo\u015b\u0107, nowoczesno\u015b\u0107\"}]},{\"@type\":\"WebSite\",\"@id\":\"https:\/\/marekkuchcinski.pl\/#website\",\"url\":\"https:\/\/marekkuchcinski.pl\/\",\"name\":\"Marek Kuchci\u0144ski\",\"description\":\"Pose\u0142 na sejm RP &ndash; okr\u0119g nr 22\",\"publisher\":{\"@id\":\"https:\/\/marekkuchcinski.pl\/#organization\"},\"potentialAction\":[{\"@type\":\"SearchAction\",\"target\":{\"@type\":\"EntryPoint\",\"urlTemplate\":\"https:\/\/marekkuchcinski.pl\/?s={search_term_string}\"},\"query-input\":{\"@type\":\"PropertyValueSpecification\",\"valueRequired\":true,\"valueName\":\"search_term_string\"}}],\"inLanguage\":\"ro-RO\"},{\"@type\":\"Organization\",\"@id\":\"https:\/\/marekkuchcinski.pl\/#organization\",\"name\":\"Marek Kuchci\u0144ski\",\"url\":\"https:\/\/marekkuchcinski.pl\/\",\"logo\":{\"@type\":\"ImageObject\",\"inLanguage\":\"ro-RO\",\"@id\":\"https:\/\/marekkuchcinski.pl\/#\/schema\/logo\/image\/\",\"url\":\"https:\/\/marekkuchcinski.pl\/wp-content\/uploads\/2022\/09\/Marek.jpg\",\"contentUrl\":\"https:\/\/marekkuchcinski.pl\/wp-content\/uploads\/2022\/09\/Marek.jpg\",\"width\":1600,\"height\":971,\"caption\":\"Marek Kuchci\u0144ski\"},\"image\":{\"@id\":\"https:\/\/marekkuchcinski.pl\/#\/schema\/logo\/image\/\"}},{\"@type\":\"Person\",\"@id\":\"https:\/\/marekkuchcinski.pl\/#\/schema\/person\/6f62700996b4d950b6ea2d1183b6c6be\",\"name\":\"admin\",\"image\":{\"@type\":\"ImageObject\",\"inLanguage\":\"ro-RO\",\"@id\":\"https:\/\/marekkuchcinski.pl\/#\/schema\/person\/image\/\",\"url\":\"https:\/\/secure.gravatar.com\/avatar\/4bab693b9d55c3d6b52c0296a8765085?s=96&d=mm&r=g\",\"contentUrl\":\"https:\/\/secure.gravatar.com\/avatar\/4bab693b9d55c3d6b52c0296a8765085?s=96&d=mm&r=g\",\"caption\":\"admin\"},\"url\":\"https:\/\/marekkuchcinski.pl\/ro\/author\/marta-olejnik\/\"}]}<\/script>\n<!-- \/ Yoast SEO plugin. -->","yoast_head_json":{"title":"Konwencja PiS: Wiarygodno\u015b\u0107, uczciwo\u015b\u0107, sprawiedliwo\u015b\u0107, nowoczesno\u015b\u0107 &#8211; Marek Kuchci\u0144ski","robots":{"index":"index","follow":"follow","max-snippet":"max-snippet:-1","max-image-preview":"max-image-preview:large","max-video-preview":"max-video-preview:-1"},"canonical":"https:\/\/marekkuchcinski.pl\/ro\/wydarzenia\/konwencja-prawa-sprawiedliwosci-wiarygodnosc-uczciwosc-sprawiedliwosc-nowoczesnosc\/","og_locale":"ro_RO","og_type":"article","og_title":"Konwencja PiS: Wiarygodno\u015b\u0107, uczciwo\u015b\u0107, sprawiedliwo\u015b\u0107, nowoczesno\u015b\u0107 &#8211; Marek Kuchci\u0144ski","og_description":"&#8211; Prawo i Sprawiedliwo\u015b\u0107 udowodni\u0142o, \u017ce potrafi rz\u0105dzi\u0107 uczciwie, potrafi by\u0107 wiarygodne i robi\u0107 to, co zosta\u0142o zapowiedziane &#8211; powiedzia\u0142 Prezes PiS Jaros\u0142aw Kaczy\u0144ski podczas Konwencji Prawa i Sprawiedliwo\u015bci 15 grudnia. Doda\u0142, \u017ce celem spotkania jest zastanowienie si\u0119 nad punktem wyj\u015bcia, z kt\u00f3rego Prawo i Sprawiedliwo\u015b\u0107 rozpocznie niebawem ostatni etap do wybor\u00f3w europejskich i parlamentarnych. [&hellip;]","og_url":"https:\/\/marekkuchcinski.pl\/ro\/wydarzenia\/konwencja-prawa-sprawiedliwosci-wiarygodnosc-uczciwosc-sprawiedliwosc-nowoczesnosc\/","og_site_name":"Marek Kuchci\u0144ski","article_published_time":"2018-12-16T09:16:52+00:00","article_modified_time":"2018-12-16T10:00:15+00:00","og_image":[{"width":1000,"height":667,"url":"https:\/\/marekkuchcinski.pl\/wp-content\/uploads\/2018\/12\/PiS-konwencja-15-grudnia.jpg","type":"image\/jpeg"}],"author":"admin","twitter_card":"summary_large_image","twitter_misc":{"Scris de":"admin","Timp estimat pentru citire":"2 minutes"},"schema":{"@context":"https:\/\/schema.org","@graph":[{"@type":"Article","@id":"https:\/\/marekkuchcinski.pl\/sk\/wydarzenia\/konwencja-prawa-sprawiedliwosci-wiarygodnosc-uczciwosc-sprawiedliwosc-nowoczesnosc\/#article","isPartOf":{"@id":"https:\/\/marekkuchcinski.pl\/sk\/wydarzenia\/konwencja-prawa-sprawiedliwosci-wiarygodnosc-uczciwosc-sprawiedliwosc-nowoczesnosc\/"},"author":{"name":"admin","@id":"https:\/\/marekkuchcinski.pl\/#\/schema\/person\/6f62700996b4d950b6ea2d1183b6c6be"},"headline":"Konwencja PiS: Wiarygodno\u015b\u0107, uczciwo\u015b\u0107, sprawiedliwo\u015b\u0107, nowoczesno\u015b\u0107","datePublished":"2018-12-16T09:16:52+00:00","dateModified":"2018-12-16T10:00:15+00:00","mainEntityOfPage":{"@id":"https:\/\/marekkuchcinski.pl\/sk\/wydarzenia\/konwencja-prawa-sprawiedliwosci-wiarygodnosc-uczciwosc-sprawiedliwosc-nowoczesnosc\/"},"wordCount":324,"commentCount":0,"publisher":{"@id":"https:\/\/marekkuchcinski.pl\/#organization"},"image":{"@id":"https:\/\/marekkuchcinski.pl\/sk\/wydarzenia\/konwencja-prawa-sprawiedliwosci-wiarygodnosc-uczciwosc-sprawiedliwosc-nowoczesnosc\/#primaryimage"},"thumbnailUrl":"https:\/\/marekkuchcinski.pl\/wp-content\/uploads\/2018\/12\/PiS-konwencja-15-grudnia.jpg","articleSection":["Prawo i Sprawiedliwo\u015b\u0107","Wydarzenia"],"inLanguage":"ro-RO","potentialAction":[{"@type":"CommentAction","name":"Comment","target":["https:\/\/marekkuchcinski.pl\/sk\/wydarzenia\/konwencja-prawa-sprawiedliwosci-wiarygodnosc-uczciwosc-sprawiedliwosc-nowoczesnosc\/#respond"]}]},{"@type":"WebPage","@id":"https:\/\/marekkuchcinski.pl\/sk\/wydarzenia\/konwencja-prawa-sprawiedliwosci-wiarygodnosc-uczciwosc-sprawiedliwosc-nowoczesnosc\/","url":"https:\/\/marekkuchcinski.pl\/sk\/wydarzenia\/konwencja-prawa-sprawiedliwosci-wiarygodnosc-uczciwosc-sprawiedliwosc-nowoczesnosc\/","name":"Konwencja PiS: Wiarygodno\u015b\u0107, uczciwo\u015b\u0107, sprawiedliwo\u015b\u0107, nowoczesno\u015b\u0107 &#8211; Marek Kuchci\u0144ski","isPartOf":{"@id":"https:\/\/marekkuchcinski.pl\/#website"},"primaryImageOfPage":{"@id":"https:\/\/marekkuchcinski.pl\/sk\/wydarzenia\/konwencja-prawa-sprawiedliwosci-wiarygodnosc-uczciwosc-sprawiedliwosc-nowoczesnosc\/#primaryimage"},"image":{"@id":"https:\/\/marekkuchcinski.pl\/sk\/wydarzenia\/konwencja-prawa-sprawiedliwosci-wiarygodnosc-uczciwosc-sprawiedliwosc-nowoczesnosc\/#primaryimage"},"thumbnailUrl":"https:\/\/marekkuchcinski.pl\/wp-content\/uploads\/2018\/12\/PiS-konwencja-15-grudnia.jpg","datePublished":"2018-12-16T09:16:52+00:00","dateModified":"2018-12-16T10:00:15+00:00","breadcrumb":{"@id":"https:\/\/marekkuchcinski.pl\/sk\/wydarzenia\/konwencja-prawa-sprawiedliwosci-wiarygodnosc-uczciwosc-sprawiedliwosc-nowoczesnosc\/#breadcrumb"},"inLanguage":"ro-RO","potentialAction":[{"@type":"ReadAction","target":["https:\/\/marekkuchcinski.pl\/sk\/wydarzenia\/konwencja-prawa-sprawiedliwosci-wiarygodnosc-uczciwosc-sprawiedliwosc-nowoczesnosc\/"]}]},{"@type":"ImageObject","inLanguage":"ro-RO","@id":"https:\/\/marekkuchcinski.pl\/sk\/wydarzenia\/konwencja-prawa-sprawiedliwosci-wiarygodnosc-uczciwosc-sprawiedliwosc-nowoczesnosc\/#primaryimage","url":"https:\/\/marekkuchcinski.pl\/wp-content\/uploads\/2018\/12\/PiS-konwencja-15-grudnia.jpg","contentUrl":"https:\/\/marekkuchcinski.pl\/wp-content\/uploads\/2018\/12\/PiS-konwencja-15-grudnia.jpg","width":1000,"height":667},{"@type":"BreadcrumbList","@id":"https:\/\/marekkuchcinski.pl\/sk\/wydarzenia\/konwencja-prawa-sprawiedliwosci-wiarygodnosc-uczciwosc-sprawiedliwosc-nowoczesnosc\/#breadcrumb","itemListElement":[{"@type":"ListItem","position":1,"name":"Strona g\u0142\u00f3wna","item":"https:\/\/marekkuchcinski.pl\/"},{"@type":"ListItem","position":2,"name":"Konwencja PiS: Wiarygodno\u015b\u0107, uczciwo\u015b\u0107, sprawiedliwo\u015b\u0107, nowoczesno\u015b\u0107"}]},{"@type":"WebSite","@id":"https:\/\/marekkuchcinski.pl\/#website","url":"https:\/\/marekkuchcinski.pl\/","name":"Marek Kuchci\u0144ski","description":"Pose\u0142 na sejm RP &ndash; okr\u0119g nr 22","publisher":{"@id":"https:\/\/marekkuchcinski.pl\/#organization"},"potentialAction":[{"@type":"SearchAction","target":{"@type":"EntryPoint","urlTemplate":"https:\/\/marekkuchcinski.pl\/?s={search_term_string}"},"query-input":{"@type":"PropertyValueSpecification","valueRequired":true,"valueName":"search_term_string"}}],"inLanguage":"ro-RO"},{"@type":"Organization","@id":"https:\/\/marekkuchcinski.pl\/#organization","name":"Marek Kuchci\u0144ski","url":"https:\/\/marekkuchcinski.pl\/","logo":{"@type":"ImageObject","inLanguage":"ro-RO","@id":"https:\/\/marekkuchcinski.pl\/#\/schema\/logo\/image\/","url":"https:\/\/marekkuchcinski.pl\/wp-content\/uploads\/2022\/09\/Marek.jpg","contentUrl":"https:\/\/marekkuchcinski.pl\/wp-content\/uploads\/2022\/09\/Marek.jpg","width":1600,"height":971,"caption":"Marek Kuchci\u0144ski"},"image":{"@id":"https:\/\/marekkuchcinski.pl\/#\/schema\/logo\/image\/"}},{"@type":"Person","@id":"https:\/\/marekkuchcinski.pl\/#\/schema\/person\/6f62700996b4d950b6ea2d1183b6c6be","name":"admin","image":{"@type":"ImageObject","inLanguage":"ro-RO","@id":"https:\/\/marekkuchcinski.pl\/#\/schema\/person\/image\/","url":"https:\/\/secure.gravatar.com\/avatar\/4bab693b9d55c3d6b52c0296a8765085?s=96&d=mm&r=g","contentUrl":"https:\/\/secure.gravatar.com\/avatar\/4bab693b9d55c3d6b52c0296a8765085?s=96&d=mm&r=g","caption":"admin"},"url":"https:\/\/marekkuchcinski.pl\/ro\/author\/marta-olejnik\/"}]}},"_links":{"self":[{"href":"https:\/\/marekkuchcinski.pl\/ro\/wp-json\/wp\/v2\/posts\/11897","targetHints":{"allow":["GET"]}}],"collection":[{"href":"https:\/\/marekkuchcinski.pl\/ro\/wp-json\/wp\/v2\/posts"}],"about":[{"href":"https:\/\/marekkuchcinski.pl\/ro\/wp-json\/wp\/v2\/types\/post"}],"author":[{"embeddable":true,"href":"https:\/\/marekkuchcinski.pl\/ro\/wp-json\/wp\/v2\/users\/6"}],"replies":[{"embeddable":true,"href":"https:\/\/marekkuchcinski.pl\/ro\/wp-json\/wp\/v2\/comments?post=11897"}],"version-history":[{"count":6,"href":"https:\/\/marekkuchcinski.pl\/ro\/wp-json\/wp\/v2\/posts\/11897\/revisions"}],"predecessor-version":[{"id":11907,"href":"https:\/\/marekkuchcinski.pl\/ro\/wp-json\/wp\/v2\/posts\/11897\/revisions\/11907"}],"wp:featuredmedia":[{"embeddable":true,"href":"https:\/\/marekkuchcinski.pl\/ro\/wp-json\/wp\/v2\/media\/11898"}],"wp:attachment":[{"href":"https:\/\/marekkuchcinski.pl\/ro\/wp-json\/wp\/v2\/media?parent=11897"}],"wp:term":[{"taxonomy":"category","embeddable":true,"href":"https:\/\/marekkuchcinski.pl\/ro\/wp-json\/wp\/v2\/categories?post=11897"},{"taxonomy":"post_tag","embeddable":true,"href":"https:\/\/marekkuchcinski.pl\/ro\/wp-json\/wp\/v2\/tags?post=11897"}],"curies":[{"name":"wp","href":"https:\/\/api.w.org\/{rel}","templated":true}]}}