{"id":11793,"date":"2018-12-13T10:36:57","date_gmt":"2018-12-13T09:36:57","guid":{"rendered":"https:\/\/marekkuchcinski.pl\/?p=11793"},"modified":"2018-12-13T11:51:57","modified_gmt":"2018-12-13T10:51:57","slug":"oplatek-prawa-sprawiedliwosci","status":"publish","type":"post","link":"https:\/\/marekkuchcinski.pl\/ro\/wydarzenia\/oplatek-prawa-sprawiedliwosci\/","title":{"rendered":"Mitingul de oblojire a partidului Lege \u0219i Justi\u021bie"},"content":{"rendered":"<p>Membrii \u0219i prietenii partidului Lege \u0219i Justi\u021bie au \u00eemp\u0103r\u021bit napolitanele de Cr\u0103ciun. Pre\u0219edintele Jaros\u0142aw Kaczy\u0144ski le-a urat un Cr\u0103ciun plin de bucurie \u00een compania celor dragi. El a spus c\u0103 Cr\u0103ciunul d\u0103 speran\u021b\u0103 pentru victoria binelui. El a subliniat c\u0103 partidul a avut trei ani foarte buni, pentru care le-a mul\u021bumit premierului Mateusz Morawiecki \u0219i vicepremierului Beata Szyd\u0142o. - Ajungem la cei neconvin\u0219i \u0219i continu\u0103m s\u0103 lucr\u0103m pentru Polonia \u0219i pentru victorie, a spus pre\u0219edintele.<\/p>\n<p>Cei aduna\u021bi s-au rugat pentru regretata deputat\u0103 Jolanta Szczypi\u0144ska, membr\u0103 a Parlamentului pentru Lege \u0219i Justi\u021bie.<\/p>\n<p><em>Foto: M. Olejnik<\/em><\/p>\n<p><a href=\"https:\/\/marekkuchcinski.pl\/wp-content\/uploads\/2018\/12\/DSCF2306.jpg\"><img fetchpriority=\"high\" decoding=\"async\" class=\"alignnone size-full wp-image-11795\" src=\"https:\/\/marekkuchcinski.pl\/wp-content\/uploads\/2018\/12\/DSCF2306.jpg\" alt=\"DSCF2306\" width=\"3034\" height=\"2157\" srcset=\"https:\/\/marekkuchcinski.pl\/wp-content\/uploads\/2018\/12\/DSCF2306.jpg 2048w, https:\/\/marekkuchcinski.pl\/wp-content\/uploads\/2018\/12\/DSCF2306-300x213.jpg 300w, https:\/\/marekkuchcinski.pl\/wp-content\/uploads\/2018\/12\/DSCF2306-768x546.jpg 768w, https:\/\/marekkuchcinski.pl\/wp-content\/uploads\/2018\/12\/DSCF2306-1024x728.jpg 1024w\" sizes=\"(max-width: 3034px) 100vw, 3034px\" \/><\/a> <a href=\"https:\/\/marekkuchcinski.pl\/wp-content\/uploads\/2018\/12\/PSX_20181213_101453-2.jpg\"><img decoding=\"async\" class=\"alignnone size-full wp-image-11816\" src=\"https:\/\/marekkuchcinski.pl\/wp-content\/uploads\/2018\/12\/PSX_20181213_101453-2.jpg\" alt=\"PSX_20181213_101453\" width=\"3958\" height=\"2793\" srcset=\"https:\/\/marekkuchcinski.pl\/wp-content\/uploads\/2018\/12\/PSX_20181213_101453-2.jpg 2048w, https:\/\/marekkuchcinski.pl\/wp-content\/uploads\/2018\/12\/PSX_20181213_101453-2-300x212.jpg 300w, https:\/\/marekkuchcinski.pl\/wp-content\/uploads\/2018\/12\/PSX_20181213_101453-2-768x542.jpg 768w, https:\/\/marekkuchcinski.pl\/wp-content\/uploads\/2018\/12\/PSX_20181213_101453-2-1024x723.jpg 1024w\" sizes=\"(max-width: 3958px) 100vw, 3958px\" \/><\/a><a href=\"https:\/\/marekkuchcinski.pl\/wp-content\/uploads\/2018\/12\/IMG_2376-1.jpg\"><img decoding=\"async\" class=\"alignnone size-full wp-image-11805\" src=\"https:\/\/marekkuchcinski.pl\/wp-content\/uploads\/2018\/12\/IMG_2376-1.jpg\" alt=\"IMG_2376\" width=\"4149\" height=\"2763\" srcset=\"https:\/\/marekkuchcinski.pl\/wp-content\/uploads\/2018\/12\/IMG_2376-1.jpg 2048w, https:\/\/marekkuchcinski.pl\/wp-content\/uploads\/2018\/12\/IMG_2376-1-300x200.jpg 300w, https:\/\/marekkuchcinski.pl\/wp-content\/uploads\/2018\/12\/IMG_2376-1-768x511.jpg 768w, https:\/\/marekkuchcinski.pl\/wp-content\/uploads\/2018\/12\/IMG_2376-1-1024x682.jpg 1024w\" sizes=\"(max-width: 4149px) 100vw, 4149px\" \/><\/a><\/p>","protected":false},"excerpt":{"rendered":"<p>Cz\u0142onkowie i przyjaciele Prawa i Sprawiedliwo\u015bci\u00a0podzielili si\u0119 op\u0142atkiem. Prezes Jaros\u0142aw Kaczy\u0144ski \u017cyczy\u0142 radosnych \u015awi\u0105t w gronie najbli\u017cszych. M\u00f3wi\u0142 o tym, \u017ce \u015awi\u0119ta daj\u0105 nadziej\u0119 na zwyci\u0119stwo dobra. Podkre\u015bli\u0142, \u017ce partia ma za sob\u0105 bardzo dobre trzy lata, za kt\u00f3re podzi\u0119kowa\u0142 premierowi Mateuszowi Morawieckiemu i wicepremier Beacie Szyd\u0142o. &#8211; Wyci\u0105gamy r\u0119k\u0119 do nieprzekonanych i dalej pracujemy [&hellip;]<\/p>\n","protected":false},"author":6,"featured_media":11805,"comment_status":"open","ping_status":"open","sticky":false,"template":"","format":"standard","meta":{"ngg_post_thumbnail":0,"footnotes":""},"categories":[82,3],"tags":[],"class_list":["post-11793","post","type-post","status-publish","format-standard","has-post-thumbnail","hentry","category-prawo-i-sprawiedliwosc","category-wydarzenia"],"_links":{"self":[{"href":"https:\/\/marekkuchcinski.pl\/ro\/wp-json\/wp\/v2\/posts\/11793","targetHints":{"allow":["GET"]}}],"collection":[{"href":"https:\/\/marekkuchcinski.pl\/ro\/wp-json\/wp\/v2\/posts"}],"about":[{"href":"https:\/\/marekkuchcinski.pl\/ro\/wp-json\/wp\/v2\/types\/post"}],"author":[{"embeddable":true,"href":"https:\/\/marekkuchcinski.pl\/ro\/wp-json\/wp\/v2\/users\/6"}],"replies":[{"embeddable":true,"href":"https:\/\/marekkuchcinski.pl\/ro\/wp-json\/wp\/v2\/comments?post=11793"}],"version-history":[{"count":11,"href":"https:\/\/marekkuchcinski.pl\/ro\/wp-json\/wp\/v2\/posts\/11793\/revisions"}],"predecessor-version":[{"id":11820,"href":"https:\/\/marekkuchcinski.pl\/ro\/wp-json\/wp\/v2\/posts\/11793\/revisions\/11820"}],"wp:featuredmedia":[{"embeddable":true,"href":"https:\/\/marekkuchcinski.pl\/ro\/wp-json\/wp\/v2\/media\/11805"}],"wp:attachment":[{"href":"https:\/\/marekkuchcinski.pl\/ro\/wp-json\/wp\/v2\/media?parent=11793"}],"wp:term":[{"taxonomy":"category","embeddable":true,"href":"https:\/\/marekkuchcinski.pl\/ro\/wp-json\/wp\/v2\/categories?post=11793"},{"taxonomy":"post_tag","embeddable":true,"href":"https:\/\/marekkuchcinski.pl\/ro\/wp-json\/wp\/v2\/tags?post=11793"}],"curies":[{"name":"wp","href":"https:\/\/api.w.org\/{rel}","templated":true}]}}