{"id":11771,"date":"2018-12-12T14:35:28","date_gmt":"2018-12-12T13:35:28","guid":{"rendered":"https:\/\/marekkuchcinski.pl\/?p=11771"},"modified":"2018-12-12T14:35:28","modified_gmt":"2018-12-12T13:35:28","slug":"marek-kuchcinski-nalezy-doceniac-ogromny-postep-naukach-medycznych","status":"publish","type":"post","link":"https:\/\/marekkuchcinski.pl\/ro\/wydarzenia\/marek-kuchcinski-nalezy-doceniac-ogromny-postep-naukach-medycznych\/","title":{"rendered":"Marek Kuchci\u0144ski: Progresul uria\u0219 \u00een \u0219tiin\u021ba medical\u0103 trebuie apreciat"},"content":{"rendered":"<p>La Przemy\u015bl a fost organizat\u0103 o conferin\u021b\u0103 \u0219tiin\u021bific\u0103 intitulat\u0103 \"Schimb\u0103ri pozitive \u00een domeniul asisten\u021bei medicale - modernitate, cuprindere, disponibilitatea tratamentului\". Conferin\u021ba a fost intitulat\u0103 \"Schimb\u0103ri pozitive \u00een asisten\u021ba medical\u0103 - modernitate, cuprindere, accesibilitate \u00een tratament\". \u00cen scrisoarea sa c\u0103tre participan\u021bi, pre\u0219edintele Sejm, Marek Kuchci\u0144ski, a remarcat c\u0103 serviciile de s\u0103n\u0103tate sunt adesea criticate f\u0103r\u0103 a se observa progresele uria\u0219e care au loc \u00een domeniul \u0219tiin\u021belor medicale \u0219i \u00een dezvoltarea de noi tehnologii. - Datorit\u0103 g\u00e2ndirii \u0219tiin\u021bifice, a scris pre\u0219edintele Parlamentului, \"dictat\u0103 de preocuparea pentru s\u0103n\u0103tatea \u0219i via\u021ba uman\u0103, cercetarea continu\u0103 pentru a g\u0103si metode \u0219i mijloace de tratament din ce \u00een ce mai bune. Aceasta este o munc\u0103 extrem de responsabil\u0103 \u0219i dificil\u0103. Asist\u0103m la revolu\u021bii \u00een medicin\u0103 \u0219i la inven\u021bii revolu\u021bionare. Nimeni nu le apreciaz\u0103 importan\u021ba mai mult dec\u00e2t cercul larg al medicilor \u0219i, ulterior, pacien\u021bii acestora.<\/p>\n<p>link:\u00a0<a href=\"https:\/\/marekkuchcinski.pl\/wp-content\/uploads\/2018\/12\/Pozytywne-zmiany-12-gr.pdf\">LISTA<\/a><\/p>","protected":false},"excerpt":{"rendered":"<p>W Przemy\u015blu zorganizowano konferencj\u0119 naukow\u0105 pt. \u201ePozytywne zmiany w ochronie zdrowia \u2014 nowoczesno\u015b\u0107, kompleksowo\u015b\u0107, dost\u0119pno\u015b\u0107 w leczeniu\u201d. W li\u015bcie skierowanym do uczestnik\u00f3w marsza\u0142ek Sejmu Marek Kuchci\u0144ski zaznaczy\u0142, \u017ce cz\u0119sto krytykuje si\u0119 s\u0142u\u017cb\u0119 zdrowia, nie dostrzegaj\u0105c ogromnego post\u0119pu, jaki zachodzi w naukach medycznych oraz w rozwoju nowych technologii. &#8211; Dzi\u0119ki naukowej my\u015bli &#8211; pisze marsza\u0142ek &#8211; [&hellip;]<\/p>\n","protected":false},"author":6,"featured_media":11775,"comment_status":"open","ping_status":"open","sticky":false,"template":"","format":"standard","meta":{"ngg_post_thumbnail":0,"footnotes":""},"categories":[104,49,3],"tags":[87,88,128,129],"class_list":["post-11771","post","type-post","status-publish","format-standard","has-post-thumbnail","hentry","category-lms","category-podkarpacie","category-wydarzenia","tag-marek-kuchcinski","tag-marszalek-sejmu","tag-przemysl","tag-sluzba-zdrowia"],"_links":{"self":[{"href":"https:\/\/marekkuchcinski.pl\/ro\/wp-json\/wp\/v2\/posts\/11771","targetHints":{"allow":["GET"]}}],"collection":[{"href":"https:\/\/marekkuchcinski.pl\/ro\/wp-json\/wp\/v2\/posts"}],"about":[{"href":"https:\/\/marekkuchcinski.pl\/ro\/wp-json\/wp\/v2\/types\/post"}],"author":[{"embeddable":true,"href":"https:\/\/marekkuchcinski.pl\/ro\/wp-json\/wp\/v2\/users\/6"}],"replies":[{"embeddable":true,"href":"https:\/\/marekkuchcinski.pl\/ro\/wp-json\/wp\/v2\/comments?post=11771"}],"version-history":[{"count":3,"href":"https:\/\/marekkuchcinski.pl\/ro\/wp-json\/wp\/v2\/posts\/11771\/revisions"}],"predecessor-version":[{"id":11776,"href":"https:\/\/marekkuchcinski.pl\/ro\/wp-json\/wp\/v2\/posts\/11771\/revisions\/11776"}],"wp:featuredmedia":[{"embeddable":true,"href":"https:\/\/marekkuchcinski.pl\/ro\/wp-json\/wp\/v2\/media\/11775"}],"wp:attachment":[{"href":"https:\/\/marekkuchcinski.pl\/ro\/wp-json\/wp\/v2\/media?parent=11771"}],"wp:term":[{"taxonomy":"category","embeddable":true,"href":"https:\/\/marekkuchcinski.pl\/ro\/wp-json\/wp\/v2\/categories?post=11771"},{"taxonomy":"post_tag","embeddable":true,"href":"https:\/\/marekkuchcinski.pl\/ro\/wp-json\/wp\/v2\/tags?post=11771"}],"curies":[{"name":"wp","href":"https:\/\/api.w.org\/{rel}","templated":true}]}}