{"id":11655,"date":"2018-12-09T12:46:38","date_gmt":"2018-12-09T11:46:38","guid":{"rendered":"https:\/\/marekkuchcinski.pl\/?p=11655"},"modified":"2018-12-12T14:37:22","modified_gmt":"2018-12-12T13:37:22","slug":"kola-gospodyn-wiejskich-beda-mogly-zarabiac-wystepowac-o-dotacje","status":"publish","type":"post","link":"https:\/\/marekkuchcinski.pl\/ro\/wydarzenia\/kola-gospodyn-wiejskich-beda-mogly-zarabiac-wystepowac-o-dotacje\/","title":{"rendered":"Asocia\u021biile de gospodine din mediul rural pot c\u00e2\u0219tiga \u0219i solicita subven\u021bii. Se acord\u0103 prioritate celor existente"},"content":{"rendered":"<div dir=\"ltr\">\n<div dir=\"ltr\">\n<div id=\"gmail-applications\" class=\"gmail-row\">\n<dl class=\"gmail-punktory gmail-afx-punktory-border\">\n<dd>\n<hr \/>\n<h4 style=\"text-align: left;\"><span style=\"color: #000000;\">Sejm-ul a adoptat o lege privind cercurile de gospodine din mediul rural, care include instrumente foarte specifice - financiare \u0219i administrative - pentru a sprijini aceast\u0103 activitate. \u00cen primul r\u00e2nd, este vorba de un ajutor financiar real - \u00eentre 3 \u0219i 5 mii de zlo\u021bi pentru \u00eenceput, dar \u0219i de scutiri fiscale, servicii juridice gratuite, facilit\u0103\u021bi formale. \u0218i libertate deplin\u0103 de alegere - fie c\u0103 se desf\u0103\u0219oar\u0103 ca de obicei, fie c\u0103 se aplic\u0103 reguli noi, mai simple.<\/span><\/h4>\n<p>Instruc\u021biuni privind modul de ob\u021binere a finan\u021b\u0103rii pentru un cerc s\u0103tesc.<\/p>\n<p>Pasul 1: \u00eenregistra\u021bi-v\u0103 KGW la Agen\u021bia pentru restructurarea \u0219i modernizarea agriculturii.<\/p>\n<p>Pasul 2: Deschide\u021bi un cont bancar.<\/p>\n<p>Pasul 3: C\u00e2\u0219tiga\u021bi \u00eentre 3.000 \u0219i 5.000 de lire sterline pentru activit\u0103\u021bile cercului dumneavoastr\u0103.<\/p>\n<p><a href=\"https:\/\/marekkuchcinski.pl\/wp-content\/uploads\/2018\/12\/20181209_124841.jpg\"><img fetchpriority=\"high\" decoding=\"async\" class=\"alignnone size-full wp-image-11670\" src=\"https:\/\/marekkuchcinski.pl\/wp-content\/uploads\/2018\/12\/20181209_124841.jpg\" alt=\"_20181209_124841\" width=\"2160\" height=\"2577\" srcset=\"https:\/\/marekkuchcinski.pl\/wp-content\/uploads\/2018\/12\/20181209_124841.jpg 1717w, https:\/\/marekkuchcinski.pl\/wp-content\/uploads\/2018\/12\/20181209_124841-251x300.jpg 251w, https:\/\/marekkuchcinski.pl\/wp-content\/uploads\/2018\/12\/20181209_124841-768x916.jpg 768w, https:\/\/marekkuchcinski.pl\/wp-content\/uploads\/2018\/12\/20181209_124841-858x1024.jpg 858w\" sizes=\"(max-width: 2160px) 100vw, 2160px\" \/><\/a><\/p>\n<blockquote>\n<div dir=\"ltr\">\n<div dir=\"ltr\">\n<div id=\"gmail-applications\" class=\"gmail-row\" style=\"text-align: center;\">\n<dl class=\"gmail-punktory gmail-afx-punktory-border\">\n<dt><\/dt>\n<dd><span style=\"color: #000000;\"><a style=\"color: #000000;\" title=\"Cerere de intrare\" href=\"http:\/\/www.kobietygospodarnewyjatkowe.pl\/media\/66451\/Wniosek_o_wpis_KGW_MIIR.PDF\" target=\"_blank\">Cerere de \u00eenscriere a unui cerc \u00een Registrul Na\u021bional al Cercurilor de Gospod\u0103rii Rurale<\/a><span class=\"gmail-file-details\">\u00a0(PDF 388 KB)<\/span><\/span><\/dd>\n<dt><\/dt>\n<dd><span style=\"color: #000000;\"><a style=\"color: #000000;\" title=\"Anex\u0103 la cerere\" href=\"http:\/\/www.kobietygospodarnewyjatkowe.pl\/media\/66449\/KGW_zalacznik_dla_zalozycieli_i_czlonkow_kola_MII.PDF\" target=\"_blank\">Anex\u0103 la cerere - lista membrilor cercului<\/a><span class=\"gmail-file-details\">\u00a0\u00a0(PDF 372 KB)<\/span><\/span><\/dd>\n<dt><\/dt>\n<dd><span style=\"color: #000000;\"><a style=\"color: #000000;\" title=\"Modele de statute\" href=\"http:\/\/www.kobietygospodarnewyjatkowe.pl\/media\/66450\/STATUT_KGW.pdf\" target=\"_blank\">Statutului modelului pentru KGW<\/a><span class=\"gmail-file-details\">\u00a0(PDF 303 KB)<\/span><\/span><\/dd>\n<dt><\/dt>\n<dd><span style=\"color: #000000;\"><a style=\"color: #000000;\" title=\"Instruc\u021biuni de completare a cererii\" href=\"http:\/\/www.kobietygospodarnewyjatkowe.pl\/media\/66448\/Instrukcja_wypelniania_wniosku_o_wpis_kola_gospodyn_wiejskich_do_KRKGW.pdf\" target=\"_blank\">Instruc\u021biuni de completare a cererii \u0219i a anexei\u00a0<\/a><span class=\"gmail-file-details\">\u00a0(PDF 424 KB)<\/span><\/span><\/dd>\n<dd><\/dd>\n<dd><\/dd>\n<\/dl>\n<\/div>\n<\/div>\n<\/div>\n<\/blockquote>\n<blockquote>\n<div dir=\"ltr\" style=\"text-align: center;\"><b>Programul plenipoten\u021biarilor \u00een districtele din voievodatul Podkarpackie:<\/b><\/div>\n<\/blockquote>\n<h2 id=\"gmail-Powiat bieszczadzki\" style=\"text-align: center;\"><span style=\"color: #000000;\">Jude\u021bul Bieszczady<\/span><\/h2>\n<p style=\"text-align: center;\"><span style=\"color: #000000;\">Biroul districtual din Ustrzyki Dolne<\/span><\/p>\n<p style=\"text-align: center;\"><strong>Anna Karpijewicz<\/strong><\/p>\n<\/dd>\n<\/dl>\n<dl class=\"gmail-punktory gmail-afx-punktory-border\">\n<dd>\n<p style=\"text-align: center;\"><span style=\"color: #000000;\">Pia\u021ba Pie\u021bei 6<\/span><\/p>\n<p style=\"text-align: center;\"><span style=\"color: #000000;\">38-700 Ustrzyki Dolne<\/span><\/p>\n<p style=\"text-align: center;\"><span style=\"color: #000000;\">tel. 13 461 37 61<\/span><\/p>\n<p style=\"text-align: center;\"><span style=\"color: #000000;\">fax 13 461 11 41<\/span><\/p>\n<h2 id=\"gmail-Powiat\u00a0brzozowski\" style=\"text-align: center;\"><span style=\"color: #000000;\">Powiat brzozowski<\/span><\/h2>\n<p style=\"text-align: center;\"><span style=\"color: #000000;\">Biroul districtual din Brzoz\u00f3w<\/span><\/p>\n<p style=\"text-align: center;\"><strong>Bo\u017cena Paczkowska<\/strong><\/p>\n<\/dd>\n<\/dl>\n<dl class=\"gmail-punktory gmail-afx-punktory-border\">\n<dd>\n<p style=\"text-align: center;\"><span style=\"color: #000000;\">Strada 3go Maja 1<\/span><\/p>\n<p style=\"text-align: center;\"><span style=\"color: #000000;\">36-200 Brzoz\u00f3w<\/span><\/p>\n<p style=\"text-align: center;\"><span style=\"color: #000000;\">tel. 13 434 41 01<\/span><\/p>\n<p style=\"text-align: center;\"><span style=\"color: #000000;\">fax 13 434 31 61<\/span><\/p>\n<h2 id=\"gmail-Powiat\u00a0d\u0119bicki\" style=\"text-align: center;\"><span style=\"color: #000000;\">Jude\u021bul Debica<\/span><\/h2>\n<p style=\"text-align: center;\"><span style=\"color: #000000;\">Biroul districtual din Debica<\/span><\/p>\n<p style=\"text-align: center;\"><strong>Ewelina Ku\u015b<\/strong><\/p>\n<\/dd>\n<\/dl>\n<dl class=\"gmail-punktory gmail-afx-punktory-border\">\n<dd>\n<p style=\"text-align: center;\"><span style=\"color: #000000;\">Strada Kolejowa nr. 36<\/span><\/p>\n<p style=\"text-align: center;\"><span style=\"color: #000000;\">39-200 Debica<\/span><\/p>\n<p style=\"text-align: center;\"><span style=\"color: #000000;\">tel. 14 676 60 11<\/span><\/p>\n<p style=\"text-align: center;\"><span style=\"color: #000000;\">fax 14 670 35 73<\/span><\/p>\n<h2 id=\"gmail-Powiat\u00a0jaros\u0142awski\" style=\"text-align: center;\"><span style=\"color: #000000;\">Districtul Jaros\u0142aw<\/span><\/h2>\n<p style=\"text-align: center;\"><span style=\"color: #000000;\">Biroul districtual din Jaros\u0142aw\u00a0<\/span><\/p>\n<p style=\"text-align: center;\"><strong>Krzysztof Piecuch<\/strong><\/p>\n<\/dd>\n<\/dl>\n<dl class=\"gmail-punktory gmail-afx-punktory-border\">\n<dd>\n<p style=\"text-align: center;\"><span style=\"color: #000000;\">Strada Grunwaldzka nr. 7<\/span><\/p>\n<p style=\"text-align: center;\"><span style=\"color: #000000;\">37-500 Jaroslaw<\/span><\/p>\n<p style=\"text-align: center;\"><span style=\"color: #000000;\">tel. 16 624 20 45<\/span><\/p>\n<p style=\"text-align: center;\"><span style=\"color: #000000;\">fax 16 623 29 11<\/span><\/p>\n<h2 id=\"gmail-Powiat\u00a0jasielski\" style=\"text-align: center;\"><span style=\"color: #000000;\">Districtul Jasielsk<\/span><\/h2>\n<p style=\"text-align: center;\"><span style=\"color: #000000;\">Biroul districtual Jas\u0142o<\/span><\/p>\n<p style=\"text-align: center;\"><strong>Anna Byczek<\/strong><\/p>\n<\/dd>\n<\/dl>\n<dl class=\"gmail-punktory gmail-afx-punktory-border\">\n<dd>\n<p style=\"text-align: center;\"><span style=\"color: #000000;\">Strada S\u0142owackiego nr. 6<\/span><\/p>\n<p style=\"text-align: center;\"><span style=\"color: #000000;\">38-200 Jaslo<\/span><\/p>\n<p style=\"text-align: center;\"><span style=\"color: #000000;\">tel. 13 448 42 81<\/span><\/p>\n<p style=\"text-align: center;\"><span style=\"color: #000000;\">fax 13 448 08 50<\/span><\/p>\n<h2 id=\"gmail-Powiat\u00a0kolbuszowski\" style=\"text-align: center;\"><span style=\"color: #000000;\">Kolbuszowa Poviat<\/span><\/h2>\n<p style=\"text-align: center;\"><span style=\"color: #000000;\">Biroul districtual din Kolbuszowa<\/span><\/p>\n<p style=\"text-align: center;\"><strong>Barbara Zygo<\/strong><\/p>\n<\/dd>\n<\/dl>\n<dl class=\"gmail-punktory gmail-afx-punktory-border\">\n<dd>\n<p style=\"text-align: center;\"><span style=\"color: #000000;\">Strada Towarowa nr. 4<\/span><\/p>\n<p style=\"text-align: center;\"><span style=\"color: #000000;\">36-100 Kolbuszowa<\/span><\/p>\n<p style=\"text-align: center;\"><span style=\"color: #000000;\">tel. 17 227 00 30<\/span><\/p>\n<p style=\"text-align: center;\"><span style=\"color: #000000;\">fax 17 227 21 62<\/span><\/p>\n<h2 id=\"gmail-Powiat\u00a0kro\u015bnie\u0144ski\" style=\"text-align: center;\"><span style=\"color: #000000;\">Jude\u021bul Krosno<\/span><\/h2>\n<p style=\"text-align: center;\"><span style=\"color: #000000;\">Biroul districtual din Krosno\u00a0<\/span><\/p>\n<p style=\"text-align: center;\"><strong>Piotr Br\u0105giel<\/strong><\/p>\n<\/dd>\n<\/dl>\n<dl class=\"gmail-punktory gmail-afx-punktory-border\">\n<dd>\n<p style=\"text-align: center;\"><span style=\"color: #000000;\">Strada \u017bwirki i Wigury nr. 9<\/span><\/p>\n<p style=\"text-align: center;\"><span style=\"color: #000000;\">38-400 Krosno<\/span><\/p>\n<p style=\"text-align: center;\"><span style=\"color: #000000;\">tel. 13 420 40 81<\/span><\/p>\n<p style=\"text-align: center;\"><span style=\"color: #000000;\">fax 13 436 45 42<\/span><\/p>\n<h2 id=\"gmail-Powiat\u00a0leski\" style=\"text-align: center;\"><span style=\"color: #000000;\">Jude\u021bul Lesko<\/span><\/h2>\n<p style=\"text-align: center;\"><span style=\"color: #000000;\">Biroul districtual din Lesko<\/span><\/p>\n<p style=\"text-align: center;\"><strong>Paulina Potoczna<\/strong><\/p>\n<\/dd>\n<\/dl>\n<dl class=\"gmail-punktory gmail-afx-punktory-border\">\n<dd>\n<p style=\"text-align: center;\"><span style=\"color: #000000;\">Strada Moniuszki 6<\/span><\/p>\n<p style=\"text-align: center;\"><span style=\"color: #000000;\">38-600 Lesko<\/span><\/p>\n<p style=\"text-align: center;\"><span style=\"color: #000000;\">tel. 13 469 92 41<\/span><\/p>\n<p style=\"text-align: center;\"><span style=\"color: #000000;\">fax 13 469 65 80<\/span><\/p>\n<h2 id=\"gmail-Powiat\u00a0le\u017cajski\" style=\"text-align: center;\"><span style=\"color: #000000;\">Jude\u021bul Lezajski<\/span><\/h2>\n<p style=\"text-align: center;\"><span style=\"color: #000000;\">Birou jude\u021bean \u00een Lezajsk<\/span><\/p>\n<p style=\"text-align: center;\"><strong>Grzegorz Kochman<\/strong><\/p>\n<\/dd>\n<\/dl>\n<dl class=\"gmail-punktory gmail-afx-punktory-border\">\n<dd>\n<p style=\"text-align: center;\"><span style=\"color: #000000;\">Strada Mickiewicza 20<\/span><\/p>\n<p style=\"text-align: center;\"><span style=\"color: #000000;\">37-300 Lezajsk<\/span><\/p>\n<p style=\"text-align: center;\"><span style=\"color: #000000;\">tel. 17 240 67 00<\/span><\/p>\n<p style=\"text-align: center;\"><span style=\"color: #000000;\">fax 17 242 62 62 58<\/span><\/p>\n<h2 id=\"gmail-Powiat lubaczowski\" style=\"text-align: center;\"><span style=\"color: #000000;\">Districtul Lubaczow<\/span><\/h2>\n<p style=\"text-align: center;\"><span style=\"color: #000000;\">Biroul districtual din Lubacz\u00f3w<\/span><\/p>\n<p style=\"text-align: center;\"><strong>Marlena Golenia<\/strong><\/p>\n<\/dd>\n<\/dl>\n<dl class=\"gmail-punktory gmail-afx-punktory-border\">\n<dd>\n<p style=\"text-align: center;\"><span style=\"color: #000000;\">Strada Mazury nr. 3<\/span><\/p>\n<p style=\"text-align: center;\"><span style=\"color: #000000;\">37-600 Lubacz\u00f3w<\/span><\/p>\n<p style=\"text-align: center;\"><span style=\"color: #000000;\">tel. 16 633 02 11<\/span><\/p>\n<p style=\"text-align: center;\"><span style=\"color: #000000;\">fax 16 632 46 48<\/span><\/p>\n<h2 id=\"gmail-Powiat\u00a0\u0142a\u0144cucki\" style=\"text-align: center;\"><span style=\"color: #000000;\">\u0141a\u0144cut district<\/span><\/h2>\n<p style=\"text-align: center;\"><span style=\"color: #000000;\">Birou jude\u021bean \u00een \u0141a\u0144cut<\/span><\/p>\n<p style=\"text-align: center;\"><strong>Katarzyna \u015awi\u0119toniowska<\/strong><\/p>\n<\/dd>\n<\/dl>\n<dl class=\"gmail-punktory gmail-afx-punktory-border\">\n<dd>\n<p style=\"text-align: center;\"><span style=\"color: #000000;\">Strada Traugutta nr. 20<\/span><\/p>\n<p style=\"text-align: center;\"><span style=\"color: #000000;\">37-100 Lancut<\/span><\/p>\n<p style=\"text-align: center;\"><span style=\"color: #000000;\">tel. 17 224 03 30<\/span><\/p>\n<p style=\"text-align: center;\"><span style=\"color: #000000;\">fax 17 225 85 23<\/span><\/p>\n<h2 id=\"gmail-Powiat\u00a0mielecki\" style=\"text-align: center;\"><span style=\"color: #000000;\">Jude\u021bul Mielec<\/span><\/h2>\n<p style=\"text-align: center;\"><span style=\"color: #000000;\">Biroul districtual din Mielec<\/span><\/p>\n<p style=\"text-align: center;\"><strong>Wies\u0142aw Krupa<\/strong><\/p>\n<\/dd>\n<\/dl>\n<dl class=\"gmail-punktory gmail-afx-punktory-border\">\n<dd>\n<p style=\"text-align: center;\"><span style=\"color: #000000;\">Strada Sienkiewicza nr. 1<\/span><\/p>\n<p style=\"text-align: center;\"><span style=\"color: #000000;\">39-300 Mielec<\/span><\/p>\n<p style=\"text-align: center;\"><span style=\"color: #000000;\">tel. 17 581 06 10<\/span><\/p>\n<p style=\"text-align: center;\"><span style=\"color: #000000;\">fax 17 585 39 56<\/span><\/p>\n<h2 id=\"gmail-Powiat\u00a0ni\u017ca\u0144ski\" style=\"text-align: center;\"><span style=\"color: #000000;\">Jude\u021bul Nisko<\/span><\/h2>\n<p style=\"text-align: center;\"><span style=\"color: #000000;\">Biroul districtual din Nisk<\/span><\/p>\n<p style=\"text-align: center;\"><strong>Janusz Bronkiewicz<\/strong><\/p>\n<\/dd>\n<\/dl>\n<dl class=\"gmail-punktory gmail-afx-punktory-border\">\n<dd>\n<p style=\"text-align: center;\"><span style=\"color: #000000;\">Strada Rzeszowska nr. 42<\/span><\/p>\n<p style=\"text-align: center;\"><span style=\"color: #000000;\">37-400 Nisko<\/span><\/p>\n<p style=\"text-align: center;\"><span style=\"color: #000000;\">tel. 15 843 28 74<\/span><\/p>\n<p style=\"text-align: center;\"><span style=\"color: #000000;\">fax 15 841 54 01<\/span><\/p>\n<h2 id=\"gmail-Powiat\u00a0przemyski\" style=\"text-align: center;\"><span style=\"color: #000000;\">Poviat de Przemy\u015bl<\/span><\/h2>\n<p style=\"text-align: center;\"><span style=\"color: #000000;\">Birou jude\u021bean \u00een Przemy\u015bl<\/span><\/p>\n<p style=\"text-align: center;\"><strong>Anna Makara<\/strong><\/p>\n<\/dd>\n<\/dl>\n<dl class=\"gmail-punktory gmail-afx-punktory-border\">\n<dd>\n<p style=\"text-align: center;\"><span style=\"color: #000000;\">Strada Grunwaldzka 58<\/span><\/p>\n<p style=\"text-align: center;\"><span style=\"color: #000000;\">37-700 Przemy\u015bl<\/span><\/p>\n<p style=\"text-align: center;\"><span style=\"color: #000000;\">tel. 16 677 00 63<\/span><\/p>\n<p style=\"text-align: center;\"><span style=\"color: #000000;\">fax 16 670 30 94<\/span><\/p>\n<h2 id=\"gmail-Powiat\u00a0przeworski\" style=\"text-align: center;\"><span style=\"color: #000000;\">Przeworski Poviat<\/span><\/h2>\n<p style=\"text-align: center;\"><span style=\"color: #000000;\">Biroul districtual Przeworsk<\/span><\/p>\n<p style=\"text-align: center;\"><strong>Magdalena Ro\u017cek<\/strong><\/p>\n<\/dd>\n<\/dl>\n<dl class=\"gmail-punktory gmail-afx-punktory-border\">\n<dd>\n<p style=\"text-align: center;\"><span style=\"color: #000000;\">Strada Budowlanych nr. 1<\/span><\/p>\n<p style=\"text-align: center;\"><span style=\"color: #000000;\">37-200 Przeworsk<\/span><\/p>\n<p style=\"text-align: center;\"><span style=\"color: #000000;\">tel. 16 649 04 60<\/span><\/p>\n<p style=\"text-align: center;\"><span style=\"color: #000000;\">fax 16 648 66 47<\/span><\/p>\n<h2 id=\"gmail-Powiat\u00a0ropczycko-s\u0119dziszowski\" style=\"text-align: center;\"><span style=\"color: #000000;\">Ropczycko-s\u0119dziszowski poviat<\/span><\/h2>\n<p style=\"text-align: center;\"><span style=\"color: #000000;\">\u00a0 Biroul districtual din Ropczyce<\/span><\/p>\n<p style=\"text-align: center;\"><strong>Anna Wy\u017ckiewicz<\/strong><\/p>\n<\/dd>\n<\/dl>\n<dl class=\"gmail-punktory gmail-afx-punktory-border\">\n<dd>\n<p style=\"text-align: center;\"><span style=\"color: #000000;\">Strada Barbary nr. 4<\/span><\/p>\n<p style=\"text-align: center;\"><span style=\"color: #000000;\">39-100 Ropczyce<\/span><\/p>\n<p style=\"text-align: center;\"><span style=\"color: #000000;\">tel. 17 221 06 20<\/span><\/p>\n<p style=\"text-align: center;\"><span style=\"color: #000000;\">fax 17 221 85 36<\/span><\/p>\n<h2 id=\"gmail-Powiat\u00a0rzeszowski\" style=\"text-align: center;\"><span style=\"color: #000000;\">Rzesz\u00f3w Poviat<\/span><\/h2>\n<p style=\"text-align: center;\"><span style=\"color: #000000;\">Biroul Poviat din Rzesz\u00f3w<\/span><\/p>\n<p style=\"text-align: center;\"><strong>Ernest Lasota<\/strong><\/p>\n<\/dd>\n<\/dl>\n<dl class=\"gmail-punktory gmail-afx-punktory-border\">\n<dd>\n<p style=\"text-align: center;\"><span style=\"color: #000000;\">Strada Lubelska nr. 46<\/span><\/p>\n<p style=\"text-align: center;\"><span style=\"color: #000000;\">35-233 Rzesz\u00f3w<\/span><\/p>\n<p style=\"text-align: center;\"><span style=\"color: #000000;\">tel. 17 860 22 41<\/span><\/p>\n<p style=\"text-align: center;\"><span style=\"color: #000000;\">fax 17 864 20 26<\/span><\/p>\n<h2 id=\"gmail-Powiat\u00a0sanocki\" style=\"text-align: center;\"><span style=\"color: #000000;\">Districtul Sanocki<\/span><\/h2>\n<p style=\"text-align: center;\"><span style=\"color: #000000;\">Birou jude\u021bean \u00een Sanok<\/span><\/p>\n<p style=\"text-align: center;\"><strong>Lidia Lipka<\/strong><\/p>\n<\/dd>\n<\/dl>\n<dl class=\"gmail-punktory gmail-afx-punktory-border\">\n<dd>\n<p style=\"text-align: center;\"><span style=\"color: #000000;\">Strada Mickiewicza 29<\/span><\/p>\n<p style=\"text-align: center;\"><span style=\"color: #000000;\">38-500 Sanok<\/span><\/p>\n<p style=\"text-align: center;\"><span style=\"color: #000000;\">tel. 13 464 68 61<\/span><\/p>\n<p style=\"text-align: center;\"><span style=\"color: #000000;\">fax 13 464 75 20<\/span><\/p>\n<h2 id=\"gmail-Powiat\u00a0stalowowolski\" style=\"text-align: center;\"><span style=\"color: #000000;\">Districtul Stalowa Wola<\/span><\/h2>\n<p style=\"text-align: center;\"><span style=\"color: #000000;\">Biroul districtual din Stalowa Wola<\/span><\/p>\n<p style=\"text-align: center;\"><strong>Marcin Chodorek<\/strong><\/p>\n<\/dd>\n<\/dl>\n<dl class=\"gmail-punktory gmail-afx-punktory-border\">\n<dd>\n<p style=\"text-align: center;\"><span style=\"color: #000000;\">Strada Dmowskiego nr. 10<\/span><\/p>\n<p style=\"text-align: center;\"><span style=\"color: #000000;\">37-450 Stalowa Wola<\/span><\/p>\n<p style=\"text-align: center;\"><span style=\"color: #000000;\">tel. 15 843 28 60<\/span><\/p>\n<p style=\"text-align: center;\"><span style=\"color: #000000;\">fax 15 844 54 74<\/span><\/p>\n<h2 id=\"gmail-Powiat\u00a0strzy\u017cowski\" style=\"text-align: center;\"><span style=\"color: #000000;\">Jude\u021bul Strzy\u017c\u00f3w<\/span><\/h2>\n<p style=\"text-align: center;\"><span style=\"color: #000000;\">Biroul districtual Strzy\u017c\u00f3w\u00a0<\/span><\/p>\n<p style=\"text-align: center;\"><strong>Marta Nowak<\/strong><\/p>\n<\/dd>\n<\/dl>\n<dl class=\"gmail-punktory gmail-afx-punktory-border\">\n<dd>\n<p style=\"text-align: center;\"><span style=\"color: #000000;\">Strada 1-go Maja nr. 38<\/span><\/p>\n<p style=\"text-align: center;\"><span style=\"color: #000000;\">38-100 Strzy\u017c\u00f3w<\/span><\/p>\n<p style=\"text-align: center;\"><span style=\"color: #000000;\">tel. 17 276 05 01<\/span><\/p>\n<p style=\"text-align: center;\"><span style=\"color: #000000;\">fax 17 276 10 18<\/span><\/p>\n<h2 id=\"gmail-Powiat\u00a0tarnobrzeski\" style=\"text-align: center;\"><span style=\"color: #000000;\">Districtul Tarnobrzeg<\/span><\/h2>\n<p style=\"text-align: center;\"><span style=\"color: #000000;\">\u00a0Biroul districtual din Tarnobrzeg\u00a0<\/span><\/p>\n<p style=\"text-align: center;\"><strong>Grzegorz Kozik<\/strong><\/p>\n<\/dd>\n<\/dl>\n<dl class=\"gmail-punktory gmail-afx-punktory-border\">\n<dd>\n<p style=\"text-align: center;\"><span style=\"color: #000000;\">4a 1-go Maja St.<\/span><\/p>\n<p style=\"text-align: center;\"><span style=\"color: #000000;\">39-400 Tarnobrzeg<\/span><\/p>\n<p style=\"text-align: center;\"><span style=\"color: #000000;\">tel. 15 823 47 48<\/span><\/p>\n<p style=\"text-align: center;\"><span style=\"color: #000000;\">fax 15 822 95 51<\/span><\/p>\n<\/dd>\n<\/dl>\n<\/div>\n<\/div>\n<\/div>\n<p><span style=\"color: #000000;\"><a style=\"color: #000000;\" href=\"https:\/\/marekkuchcinski.pl\/wp-content\/uploads\/2018\/12\/Gospodynie-wiejskie.jpg\"><img decoding=\"async\" class=\"alignnone size-full wp-image-11656 alignleft\" src=\"https:\/\/marekkuchcinski.pl\/wp-content\/uploads\/2018\/12\/Gospodynie-wiejskie.jpg\" alt=\"Gospodynie wiejskie\" width=\"960\" height=\"720\" srcset=\"https:\/\/marekkuchcinski.pl\/wp-content\/uploads\/2018\/12\/Gospodynie-wiejskie.jpg 960w, https:\/\/marekkuchcinski.pl\/wp-content\/uploads\/2018\/12\/Gospodynie-wiejskie-300x225.jpg 300w, https:\/\/marekkuchcinski.pl\/wp-content\/uploads\/2018\/12\/Gospodynie-wiejskie-768x576.jpg 768w\" sizes=\"(max-width: 960px) 100vw, 960px\" \/><\/a><\/span><\/p>","protected":false},"excerpt":{"rendered":"<p>Sejm uchwali\u0142 ustaw\u0119 o Ko\u0142ach Gospody\u0144 Wiejskich, w kt\u00f3rej zawarto bardzo konkretne &#8211; finansowe i administracyjne &#8211; narz\u0119dzia wsparcia\u00a0tej dzia\u0142alno\u015bci. To przede wszystkim realna pomoc finansowa &#8211; od 3 do 5 tys. z\u0142otych na start, ale tak\u017ce ulgi podatkowe, bezp\u0142atna obs\u0142uga prawna, u\u0142atwienia formalne. I pe\u0142na swoboda wyboru &#8211; albo dzia\u0142alno\u015b\u0107 w dotychczasowej formie, albo [&hellip;]<\/p>\n","protected":false},"author":6,"featured_media":11656,"comment_status":"open","ping_status":"open","sticky":false,"template":"","format":"standard","meta":{"ngg_post_thumbnail":0,"footnotes":""},"categories":[49,82,3],"tags":[],"class_list":["post-11655","post","type-post","status-publish","format-standard","has-post-thumbnail","hentry","category-podkarpacie","category-prawo-i-sprawiedliwosc","category-wydarzenia"],"_links":{"self":[{"href":"https:\/\/marekkuchcinski.pl\/ro\/wp-json\/wp\/v2\/posts\/11655","targetHints":{"allow":["GET"]}}],"collection":[{"href":"https:\/\/marekkuchcinski.pl\/ro\/wp-json\/wp\/v2\/posts"}],"about":[{"href":"https:\/\/marekkuchcinski.pl\/ro\/wp-json\/wp\/v2\/types\/post"}],"author":[{"embeddable":true,"href":"https:\/\/marekkuchcinski.pl\/ro\/wp-json\/wp\/v2\/users\/6"}],"replies":[{"embeddable":true,"href":"https:\/\/marekkuchcinski.pl\/ro\/wp-json\/wp\/v2\/comments?post=11655"}],"version-history":[{"count":13,"href":"https:\/\/marekkuchcinski.pl\/ro\/wp-json\/wp\/v2\/posts\/11655\/revisions"}],"predecessor-version":[{"id":11777,"href":"https:\/\/marekkuchcinski.pl\/ro\/wp-json\/wp\/v2\/posts\/11655\/revisions\/11777"}],"wp:featuredmedia":[{"embeddable":true,"href":"https:\/\/marekkuchcinski.pl\/ro\/wp-json\/wp\/v2\/media\/11656"}],"wp:attachment":[{"href":"https:\/\/marekkuchcinski.pl\/ro\/wp-json\/wp\/v2\/media?parent=11655"}],"wp:term":[{"taxonomy":"category","embeddable":true,"href":"https:\/\/marekkuchcinski.pl\/ro\/wp-json\/wp\/v2\/categories?post=11655"},{"taxonomy":"post_tag","embeddable":true,"href":"https:\/\/marekkuchcinski.pl\/ro\/wp-json\/wp\/v2\/tags?post=11655"}],"curies":[{"name":"wp","href":"https:\/\/api.w.org\/{rel}","templated":true}]}}