{"id":11602,"date":"2018-12-09T12:53:59","date_gmt":"2018-12-09T11:53:59","guid":{"rendered":"https:\/\/marekkuchcinski.pl\/?p=11602"},"modified":"2018-12-09T17:18:55","modified_gmt":"2018-12-09T16:18:55","slug":"marek-kuchcinski-naszej-podkarpackiej-ziemi-konca-60-opozycyjne-dzialania-mialy-rownie-silny-wymiar-czasach-zolnierzy-wykletych","status":"publish","type":"post","link":"https:\/\/marekkuchcinski.pl\/ro\/wydarzenia\/marek-kuchcinski-naszej-podkarpackiej-ziemi-konca-60-opozycyjne-dzialania-mialy-rownie-silny-wymiar-czasach-zolnierzy-wykletych\/","title":{"rendered":"Marek Kuchci\u0144ski: \u00cen regiunea noastr\u0103, Podkarpacie, de la sf\u00e2r\u0219itul anilor 1960, activit\u0103\u021bile opozi\u021biei au fost la fel de puternice ca pe vremea solda\u021bilor de la Blasfemie."},"content":{"rendered":"<p><strong>Filarmonica Podkarpacie din Rzesz\u00f3w a g\u0103zduit Congresul persoanelor reprimate, al activi\u0219tilor \u0219i veteranilor Solidarit\u0103\u021bii. Evenimentul s-a desf\u0103\u0219urat sub patronajul onorific al pre\u0219edintelui Sejm-ului.<\/strong><\/p>\n<p>Marek Kuchci\u0144ski a subliniat faptul c\u0103, \u00een \u00eentreaga \u021bar\u0103, s\u0103rb\u0103torirea centenarului redob\u00e2ndirii independen\u021bei Poloniei a oferit ocazia de a ne aminti de lungul nostru drum spre libertate \u0219i de cei dou\u0103zeci de ani de implicare extraordinar\u0103 a \u00eentregii societ\u0103\u021bi \u00een reconstruc\u021bia celei de-a doua Republici.<\/p>\n<p>Speakerul a evocat personalit\u0103\u021bi c\u0103rora \"o perioad\u0103 de triumf al g\u00e2ndirii, for\u021bei \u0219i energiei umane\" le-a adus inspira\u021bie pentru a crea lucruri care sunt adesea folosite \u0219i ast\u0103zi. Printre ace\u0219tia se num\u0103rau: Stefan Banach, unul dintre fondatorii algebrei moderne; Karol Szymanowski, un mare compozitor; J\u00f3zef Hoffman, un pianist remarcabil \u0219i autor a numeroase inven\u021bii, cum ar fi agrafa de h\u00e2rtie destinat\u0103 a fi folosit\u0103 \u0219i ast\u0103zi \u0219i care are ca model cheia de vioar\u0103; Jan Szczepanik din Mo\u015bciska, creatorul televiziunii color, sau Henryk Magnuski, al c\u0103rui walkie talkie a servit timp de decenii drept telefon mobil modern.<\/p>\n<p>Marek Kuchci\u0144ski a subliniat faptul c\u0103 cei 20 de ani ai celei de-a doua Republici au fost o perioad\u0103 \u00een care num\u0103rul intelectualilor polonezi s-a dublat \u0219i, \u00een acela\u0219i timp, num\u0103rul analfabe\u021bilor s-a \u00eenjum\u0103t\u0103\u021bit. A fost o perioad\u0103 \u00een care au fost educa\u021bi sute de mii de speciali\u0219ti de \u00eenalt\u0103 clas\u0103 \u0219i milioane de patrio\u021bi con\u0219tien\u021bi, gata s\u0103 se sacrifice pentru patrie. \u00cen cele din urm\u0103, este o perioad\u0103 \u00een care se simte din ce \u00een ce mai mult importan\u021ba comunit\u0103\u021bii na\u021bionale \u0219i nevoia de a se identifica cu raison d'\u00e9tat a statului polonez. O perioad\u0103 de \u00eent\u0103rire a valorilor individuale \u0219i colective esen\u021biale \u00een via\u021ba social\u0103, cum ar fi sacrificiul de sine \u00een slujba celorlal\u021bi, s\u00e2rguin\u021ba \u0219i fermitatea \u0219i, \u00een acela\u0219i timp, o perioad\u0103 de mari investi\u021bii: CID, cu ora\u0219e precum Stalowa Wola, Rzesz\u00f3w, Mielec, Nowa D\u0119ba, Gdynia \u0219i Truskawiec, unde au fost construite peste 300 de case spa \u00een 20 de ani.<\/p>\n<p>Pre\u0219edintele Sejm-ului a subliniat c\u0103 perioada de dezvoltare cu succes a fost \u00eentrerupt\u0103 de agresiunea german\u0103 \u0219i sovietic\u0103 \u00eempotriva Poloniei, care a durat zeci de ani. - Dar ne-am angajat \u00een lupta pentru ap\u0103rarea independen\u021bei, at\u00e2t prin mijloace armate, c\u00e2t \u0219i prin munc\u0103 de opozi\u021bie. Cei care au luptat cu armele \u00een m\u00e2ini au fost cataloga\u021bi drept tr\u0103d\u0103tori ai na\u021biunii. \u00cei a\u0219teptau \u00eenchisorile \u0219i, adesea, condamn\u0103rile la moarte. Al\u021bii care au rezistat au fost \u00eempin\u0219i la marginea societ\u0103\u021bii. Abia \u00een secolul XXI solda\u021bii blestema\u021bi au fost reabilita\u021bi pe deplin \u0219i abia ast\u0103zi, datorit\u0103 statului polonez, \u00eei putem \u00eengropa cu demnitate\", a declarat Marek Kuchci\u0144ski.<\/p>\n<p>- Pe meleagurile noastre din regiunea Podkarpacie, de la sf\u00e2r\u0219itul anilor '60, activit\u0103\u021bile opozi\u021biei au fost la fel de puternice ca cele ale solda\u021bilor de elit\u0103 din anii '40 \u0219i \u00eenceputul anilor '50. Sub conducerea arhiepiscopului mitropolit de Przemy\u015bl, arhiepiscopul Ignacy Tokarczuk, am luptat pentru respectarea demnit\u0103\u021bii umane, pentru dreptul la libertatea de con\u0219tiin\u021b\u0103 \u0219i de g\u00e2ndire. Arhiepiscopul, sfid\u00e2nd interdic\u021biile, a \u00eenceput o lucrare uria\u0219\u0103 de construc\u021bie de biserici, prin care a trezit \u00een noi dorin\u021ba de a tr\u0103i liberi de interdic\u021bii \u0219i de directivele comuniste\", a amintit pre\u0219edintele Parlamentului. De asemenea, a subliniat influen\u021ba pe care comunit\u0103\u021bile locale formate \u00een ap\u0103rarea bisericilor au avut-o asupra form\u0103rii primelor forme de organizare independente de la sf\u00e2r\u0219itul anilor 1970, cum ar fi Comitetul pentru ap\u0103rarea credincio\u0219ilor din Kmiecie din Przemy\u015bl, cu pr. Michalski, Wit Siwiec, Stanis\u0142aw Sudo\u0142 sau Staszek Kusi\u0144ski, Comitetul din Stalowa Wola cu Jan Koz\u0142owski, Comitetul de autoap\u0103rare a \u021b\u0103ranilor din zona Rzesz\u00f3w cu Janusz Szkutnik, discursurile deschise \u00een ap\u0103rarea p\u0103m\u00e2ntului din Mun\u021bii Bieszczady cu Wie\u015biek Nowacki, grevele de ocupa\u021bie din Ustrzyki Rzesz\u00f3w, acordurile Ustrzyce-Rzesz\u00f3w \u0219i marea victorie a Solidarit\u0103\u021bii \u0219i Solidarno\u015b\u0107 RI.<\/p>\n<p>- Am fost uni\u021bi. Aceast\u0103 unitate a devenit cea mai mare arm\u0103 \u00een lupta \u00eempotriva sistemului comunist impus \u00een Polonia. Ast\u0103zi, privind \u00een urm\u0103, putem spune cu \u00eendr\u0103zneal\u0103 c\u0103 a fost datorit\u0103 curajului, for\u021bei de lupt\u0103 \u0219i determin\u0103rii voastre c\u0103 comunismul a c\u0103zut. A\u021bi dat un exemplu altor na\u021biuni c\u0103 libertatea \u0219i independen\u021ba trebuie s\u0103 fie revendicate \u0219i c\u0103 trebuie s\u0103 lupt\u0103m pentru ele cu toat\u0103 puterea noastr\u0103. Am \u00eenceput un mare mar\u0219 spre independen\u021b\u0103 \u0219i l-am \u00eencheiat cu o mare victorie\", a argumentat Marek Kuchci\u0144ski.<\/p>\n<p>Mare\u0219alul a adus cele mai \u00eenalte omagii veteranilor de r\u0103zboi, rezisten\u021bei anticomuniste \u0219i activi\u0219tilor opozi\u021biei de dup\u0103 r\u0103zboi \u0219i din anii Solidarit\u0103\u021bii.<\/p>\n<p>- F\u0103r\u0103 sacrificiul vostru \u0219i f\u0103r\u0103 convingerea voastr\u0103 de juste\u021bea luptei pe care v-a\u021bi angajat-o, nu ar exista o Polonie liber\u0103 \u0219i suveran\u0103. F\u0103r\u0103 un stat puternic al nostru, \u00eei vom servi pe al\u021bii\", a spus el.<\/p>\n<p>\u00cent\u00e2lnirea, care face parte din proiectul \"Memoria independent\u0103 \u0219i m\u00e2ndria genera\u021biilor\", a fost organizat\u0103 de voievodul de Podkarpackie, Ewa Leniart.<\/p>\n<p><a href=\"https:\/\/marekkuchcinski.pl\/wp-content\/uploads\/2018\/12\/DSCF2115-1.jpg\"><img fetchpriority=\"high\" decoding=\"async\" class=\"alignnone size-full wp-image-11610\" src=\"https:\/\/marekkuchcinski.pl\/wp-content\/uploads\/2018\/12\/DSCF2115-1.jpg\" alt=\"DSCF2115 (1)\" width=\"3710\" height=\"2353\" srcset=\"https:\/\/marekkuchcinski.pl\/wp-content\/uploads\/2018\/12\/DSCF2115-1.jpg 2048w, https:\/\/marekkuchcinski.pl\/wp-content\/uploads\/2018\/12\/DSCF2115-1-300x190.jpg 300w, https:\/\/marekkuchcinski.pl\/wp-content\/uploads\/2018\/12\/DSCF2115-1-768x487.jpg 768w, https:\/\/marekkuchcinski.pl\/wp-content\/uploads\/2018\/12\/DSCF2115-1-1024x649.jpg 1024w\" sizes=\"(max-width: 3710px) 100vw, 3710px\" \/><\/a><a href=\"https:\/\/marekkuchcinski.pl\/wp-content\/uploads\/2018\/12\/DSCF2146-1.jpg\"><img decoding=\"async\" class=\"alignnone size-full wp-image-11604\" src=\"https:\/\/marekkuchcinski.pl\/wp-content\/uploads\/2018\/12\/DSCF2146-1.jpg\" alt=\"DSCF2146 (1)\" width=\"2636\" height=\"1661\" srcset=\"https:\/\/marekkuchcinski.pl\/wp-content\/uploads\/2018\/12\/DSCF2146-1.jpg 2048w, https:\/\/marekkuchcinski.pl\/wp-content\/uploads\/2018\/12\/DSCF2146-1-300x189.jpg 300w, https:\/\/marekkuchcinski.pl\/wp-content\/uploads\/2018\/12\/DSCF2146-1-768x484.jpg 768w, https:\/\/marekkuchcinski.pl\/wp-content\/uploads\/2018\/12\/DSCF2146-1-1024x645.jpg 1024w\" sizes=\"(max-width: 2636px) 100vw, 2636px\" \/><\/a>\u00a0Ewa Leniart<a href=\"https:\/\/marekkuchcinski.pl\/wp-content\/uploads\/2018\/12\/DSCF2155-1.jpg\"><img decoding=\"async\" class=\"alignnone size-full wp-image-11605\" src=\"https:\/\/marekkuchcinski.pl\/wp-content\/uploads\/2018\/12\/DSCF2155-1.jpg\" alt=\"DSCF2155 (1)\" width=\"4072\" height=\"2752\" srcset=\"https:\/\/marekkuchcinski.pl\/wp-content\/uploads\/2018\/12\/DSCF2155-1.jpg 2048w, https:\/\/marekkuchcinski.pl\/wp-content\/uploads\/2018\/12\/DSCF2155-1-300x203.jpg 300w, https:\/\/marekkuchcinski.pl\/wp-content\/uploads\/2018\/12\/DSCF2155-1-768x519.jpg 768w, https:\/\/marekkuchcinski.pl\/wp-content\/uploads\/2018\/12\/DSCF2155-1-1024x692.jpg 1024w\" sizes=\"(max-width: 4072px) 100vw, 4072px\" \/><\/a>Ceremonia s-a \u00eencheiat cu un concert sus\u021binut de forma\u021bia lui Pawe\u0142 Steczkowski, intitulat. \"C\u00e2ntece de internare\"\u00a0<a href=\"https:\/\/marekkuchcinski.pl\/wp-content\/uploads\/2018\/12\/DSCF2157-1.jpg\"><img loading=\"lazy\" decoding=\"async\" class=\"alignnone size-full wp-image-11606\" src=\"https:\/\/marekkuchcinski.pl\/wp-content\/uploads\/2018\/12\/DSCF2157-1.jpg\" alt=\"DSCF2157 (1)\" width=\"4338\" height=\"2806\" srcset=\"https:\/\/marekkuchcinski.pl\/wp-content\/uploads\/2018\/12\/DSCF2157-1.jpg 2048w, https:\/\/marekkuchcinski.pl\/wp-content\/uploads\/2018\/12\/DSCF2157-1-300x194.jpg 300w, https:\/\/marekkuchcinski.pl\/wp-content\/uploads\/2018\/12\/DSCF2157-1-768x497.jpg 768w, https:\/\/marekkuchcinski.pl\/wp-content\/uploads\/2018\/12\/DSCF2157-1-1024x662.jpg 1024w\" sizes=\"(max-width: 4338px) 100vw, 4338px\" \/><\/a> <a href=\"https:\/\/marekkuchcinski.pl\/wp-content\/uploads\/2018\/12\/DSCF2174-1.jpg\"><img loading=\"lazy\" decoding=\"async\" class=\"alignnone size-full wp-image-11607\" src=\"https:\/\/marekkuchcinski.pl\/wp-content\/uploads\/2018\/12\/DSCF2174-1.jpg\" alt=\"DSCF2174 (1)\" width=\"3710\" height=\"2422\" srcset=\"https:\/\/marekkuchcinski.pl\/wp-content\/uploads\/2018\/12\/DSCF2174-1.jpg 2048w, https:\/\/marekkuchcinski.pl\/wp-content\/uploads\/2018\/12\/DSCF2174-1-300x196.jpg 300w, https:\/\/marekkuchcinski.pl\/wp-content\/uploads\/2018\/12\/DSCF2174-1-768x501.jpg 768w, https:\/\/marekkuchcinski.pl\/wp-content\/uploads\/2018\/12\/DSCF2174-1-1024x668.jpg 1024w\" sizes=\"(max-width: 3710px) 100vw, 3710px\" \/><\/a> <a href=\"https:\/\/marekkuchcinski.pl\/wp-content\/uploads\/2018\/12\/DSCF2246-1.jpg\"><img loading=\"lazy\" decoding=\"async\" class=\"alignnone size-full wp-image-11609\" src=\"https:\/\/marekkuchcinski.pl\/wp-content\/uploads\/2018\/12\/DSCF2246-1.jpg\" alt=\"DSCF2246 (1)\" width=\"4372\" height=\"3096\" srcset=\"https:\/\/marekkuchcinski.pl\/wp-content\/uploads\/2018\/12\/DSCF2246-1.jpg 2048w, https:\/\/marekkuchcinski.pl\/wp-content\/uploads\/2018\/12\/DSCF2246-1-300x212.jpg 300w, https:\/\/marekkuchcinski.pl\/wp-content\/uploads\/2018\/12\/DSCF2246-1-768x544.jpg 768w, https:\/\/marekkuchcinski.pl\/wp-content\/uploads\/2018\/12\/DSCF2246-1-1024x725.jpg 1024w\" sizes=\"(max-width: 4372px) 100vw, 4372px\" \/><\/a><\/p>\n<p>&nbsp;<\/p>","protected":false},"excerpt":{"rendered":"<p>W\u00a0Filharmonii Podkarpackiej w Rzeszowie odby\u0142 si\u0119 Kongres Os\u00f3b Represjonowanych, Dzia\u0142aczy Solidarno\u015bci i Kombatant\u00f3w. Patronat honorowy nad wydarzeniem obj\u0105\u0142 marsza\u0142ek Sejmu. Marek Kuchci\u0144ski podkre\u015bli\u0142, \u017ce w ca\u0142ym kraju obchody stulecia odzyskania przez Polsk\u0119 Niepodleg\u0142o\u015bci sta\u0142y si\u0119 sposobno\u015bci\u0105 do przypomnienia naszej d\u0142ugiej drogi wolno\u015bci oraz dwudziestu lat niezwyk\u0142ego zaanga\u017cowania ca\u0142ego spo\u0142ecze\u0144stwa w odbudow\u0119 II RP. Marsza\u0142ek przypomnia\u0142 [&hellip;]<\/p>","protected":false},"author":6,"featured_media":11612,"comment_status":"open","ping_status":"open","sticky":false,"template":"","format":"standard","meta":{"ngg_post_thumbnail":0,"footnotes":""},"categories":[49,82,3],"tags":[],"class_list":["post-11602","post","type-post","status-publish","format-standard","has-post-thumbnail","hentry","category-podkarpacie","category-prawo-i-sprawiedliwosc","category-wydarzenia"],"yoast_head":"<!-- This site is optimized with the Yoast SEO plugin v24.7 - https:\/\/yoast.com\/wordpress\/plugins\/seo\/ -->\n<title>Marek Kuchci\u0144ski: Na naszej podkarpackiej ziemi od ko\u0144ca lat 60. opozycyjne dzia\u0142ania mia\u0142y r\u00f3wnie silny wymiar jak w czasach \u017co\u0142nierzy wykl\u0119tych &#8211; Marek Kuchci\u0144ski<\/title>\n<meta name=\"robots\" content=\"index, follow, max-snippet:-1, max-image-preview:large, max-video-preview:-1\" \/>\n<link rel=\"canonical\" href=\"https:\/\/marekkuchcinski.pl\/ro\/wydarzenia\/marek-kuchcinski-naszej-podkarpackiej-ziemi-konca-60-opozycyjne-dzialania-mialy-rownie-silny-wymiar-czasach-zolnierzy-wykletych\/\" \/>\n<meta property=\"og:locale\" content=\"ro_RO\" \/>\n<meta property=\"og:type\" content=\"article\" \/>\n<meta property=\"og:title\" content=\"Marek Kuchci\u0144ski: Na naszej podkarpackiej ziemi od ko\u0144ca lat 60. opozycyjne dzia\u0142ania mia\u0142y r\u00f3wnie silny wymiar jak w czasach \u017co\u0142nierzy wykl\u0119tych &#8211; Marek Kuchci\u0144ski\" \/>\n<meta property=\"og:description\" content=\"W\u00a0Filharmonii Podkarpackiej w Rzeszowie odby\u0142 si\u0119 Kongres Os\u00f3b Represjonowanych, Dzia\u0142aczy Solidarno\u015bci i Kombatant\u00f3w. Patronat honorowy nad wydarzeniem obj\u0105\u0142 marsza\u0142ek Sejmu. Marek Kuchci\u0144ski podkre\u015bli\u0142, \u017ce w ca\u0142ym kraju obchody stulecia odzyskania przez Polsk\u0119 Niepodleg\u0142o\u015bci sta\u0142y si\u0119 sposobno\u015bci\u0105 do przypomnienia naszej d\u0142ugiej drogi wolno\u015bci oraz dwudziestu lat niezwyk\u0142ego zaanga\u017cowania ca\u0142ego spo\u0142ecze\u0144stwa w odbudow\u0119 II RP. Marsza\u0142ek przypomnia\u0142 [&hellip;]\" \/>\n<meta property=\"og:url\" content=\"https:\/\/marekkuchcinski.pl\/ro\/wydarzenia\/marek-kuchcinski-naszej-podkarpackiej-ziemi-konca-60-opozycyjne-dzialania-mialy-rownie-silny-wymiar-czasach-zolnierzy-wykletych\/\" \/>\n<meta property=\"og:site_name\" content=\"Marek Kuchci\u0144ski\" \/>\n<meta property=\"article:published_time\" content=\"2018-12-09T11:53:59+00:00\" \/>\n<meta property=\"article:modified_time\" content=\"2018-12-09T16:18:55+00:00\" \/>\n<meta property=\"og:image\" content=\"https:\/\/marekkuchcinski.pl\/wp-content\/uploads\/2018\/12\/PSX_20181209_103601.jpg\" \/>\n\t<meta property=\"og:image:width\" content=\"2048\" \/>\n\t<meta property=\"og:image:height\" content=\"1465\" \/>\n\t<meta property=\"og:image:type\" content=\"image\/jpeg\" \/>\n<meta name=\"author\" content=\"admin\" \/>\n<meta name=\"twitter:card\" content=\"summary_large_image\" \/>\n<meta name=\"twitter:label1\" content=\"Scris de\" \/>\n\t<meta name=\"twitter:data1\" content=\"admin\" \/>\n\t<meta name=\"twitter:label2\" content=\"Timp estimat pentru citire\" \/>\n\t<meta name=\"twitter:data2\" content=\"4 minutes\" \/>\n<script type=\"application\/ld+json\" class=\"yoast-schema-graph\">{\"@context\":\"https:\/\/schema.org\",\"@graph\":[{\"@type\":\"Article\",\"@id\":\"https:\/\/marekkuchcinski.pl\/en\/wydarzenia\/marek-kuchcinski-naszej-podkarpackiej-ziemi-konca-60-opozycyjne-dzialania-mialy-rownie-silny-wymiar-czasach-zolnierzy-wykletych\/#article\",\"isPartOf\":{\"@id\":\"https:\/\/marekkuchcinski.pl\/en\/wydarzenia\/marek-kuchcinski-naszej-podkarpackiej-ziemi-konca-60-opozycyjne-dzialania-mialy-rownie-silny-wymiar-czasach-zolnierzy-wykletych\/\"},\"author\":{\"name\":\"admin\",\"@id\":\"https:\/\/marekkuchcinski.pl\/#\/schema\/person\/6f62700996b4d950b6ea2d1183b6c6be\"},\"headline\":\"Marek Kuchci\u0144ski: Na naszej podkarpackiej ziemi od ko\u0144ca lat 60. opozycyjne dzia\u0142ania mia\u0142y r\u00f3wnie silny wymiar jak w czasach \u017co\u0142nierzy wykl\u0119tych\",\"datePublished\":\"2018-12-09T11:53:59+00:00\",\"dateModified\":\"2018-12-09T16:18:55+00:00\",\"mainEntityOfPage\":{\"@id\":\"https:\/\/marekkuchcinski.pl\/en\/wydarzenia\/marek-kuchcinski-naszej-podkarpackiej-ziemi-konca-60-opozycyjne-dzialania-mialy-rownie-silny-wymiar-czasach-zolnierzy-wykletych\/\"},\"wordCount\":811,\"commentCount\":0,\"publisher\":{\"@id\":\"https:\/\/marekkuchcinski.pl\/#organization\"},\"image\":{\"@id\":\"https:\/\/marekkuchcinski.pl\/en\/wydarzenia\/marek-kuchcinski-naszej-podkarpackiej-ziemi-konca-60-opozycyjne-dzialania-mialy-rownie-silny-wymiar-czasach-zolnierzy-wykletych\/#primaryimage\"},\"thumbnailUrl\":\"https:\/\/marekkuchcinski.pl\/wp-content\/uploads\/2018\/12\/PSX_20181209_103601.jpg\",\"articleSection\":[\"Podkarpacie\",\"Prawo i Sprawiedliwo\u015b\u0107\",\"Wydarzenia\"],\"inLanguage\":\"ro-RO\",\"potentialAction\":[{\"@type\":\"CommentAction\",\"name\":\"Comment\",\"target\":[\"https:\/\/marekkuchcinski.pl\/en\/wydarzenia\/marek-kuchcinski-naszej-podkarpackiej-ziemi-konca-60-opozycyjne-dzialania-mialy-rownie-silny-wymiar-czasach-zolnierzy-wykletych\/#respond\"]}]},{\"@type\":\"WebPage\",\"@id\":\"https:\/\/marekkuchcinski.pl\/en\/wydarzenia\/marek-kuchcinski-naszej-podkarpackiej-ziemi-konca-60-opozycyjne-dzialania-mialy-rownie-silny-wymiar-czasach-zolnierzy-wykletych\/\",\"url\":\"https:\/\/marekkuchcinski.pl\/en\/wydarzenia\/marek-kuchcinski-naszej-podkarpackiej-ziemi-konca-60-opozycyjne-dzialania-mialy-rownie-silny-wymiar-czasach-zolnierzy-wykletych\/\",\"name\":\"Marek Kuchci\u0144ski: Na naszej podkarpackiej ziemi od ko\u0144ca lat 60. opozycyjne dzia\u0142ania mia\u0142y r\u00f3wnie silny wymiar jak w czasach \u017co\u0142nierzy wykl\u0119tych &#8211; Marek Kuchci\u0144ski\",\"isPartOf\":{\"@id\":\"https:\/\/marekkuchcinski.pl\/#website\"},\"primaryImageOfPage\":{\"@id\":\"https:\/\/marekkuchcinski.pl\/en\/wydarzenia\/marek-kuchcinski-naszej-podkarpackiej-ziemi-konca-60-opozycyjne-dzialania-mialy-rownie-silny-wymiar-czasach-zolnierzy-wykletych\/#primaryimage\"},\"image\":{\"@id\":\"https:\/\/marekkuchcinski.pl\/en\/wydarzenia\/marek-kuchcinski-naszej-podkarpackiej-ziemi-konca-60-opozycyjne-dzialania-mialy-rownie-silny-wymiar-czasach-zolnierzy-wykletych\/#primaryimage\"},\"thumbnailUrl\":\"https:\/\/marekkuchcinski.pl\/wp-content\/uploads\/2018\/12\/PSX_20181209_103601.jpg\",\"datePublished\":\"2018-12-09T11:53:59+00:00\",\"dateModified\":\"2018-12-09T16:18:55+00:00\",\"breadcrumb\":{\"@id\":\"https:\/\/marekkuchcinski.pl\/en\/wydarzenia\/marek-kuchcinski-naszej-podkarpackiej-ziemi-konca-60-opozycyjne-dzialania-mialy-rownie-silny-wymiar-czasach-zolnierzy-wykletych\/#breadcrumb\"},\"inLanguage\":\"ro-RO\",\"potentialAction\":[{\"@type\":\"ReadAction\",\"target\":[\"https:\/\/marekkuchcinski.pl\/en\/wydarzenia\/marek-kuchcinski-naszej-podkarpackiej-ziemi-konca-60-opozycyjne-dzialania-mialy-rownie-silny-wymiar-czasach-zolnierzy-wykletych\/\"]}]},{\"@type\":\"ImageObject\",\"inLanguage\":\"ro-RO\",\"@id\":\"https:\/\/marekkuchcinski.pl\/en\/wydarzenia\/marek-kuchcinski-naszej-podkarpackiej-ziemi-konca-60-opozycyjne-dzialania-mialy-rownie-silny-wymiar-czasach-zolnierzy-wykletych\/#primaryimage\",\"url\":\"https:\/\/marekkuchcinski.pl\/wp-content\/uploads\/2018\/12\/PSX_20181209_103601.jpg\",\"contentUrl\":\"https:\/\/marekkuchcinski.pl\/wp-content\/uploads\/2018\/12\/PSX_20181209_103601.jpg\",\"width\":2048,\"height\":1465},{\"@type\":\"BreadcrumbList\",\"@id\":\"https:\/\/marekkuchcinski.pl\/en\/wydarzenia\/marek-kuchcinski-naszej-podkarpackiej-ziemi-konca-60-opozycyjne-dzialania-mialy-rownie-silny-wymiar-czasach-zolnierzy-wykletych\/#breadcrumb\",\"itemListElement\":[{\"@type\":\"ListItem\",\"position\":1,\"name\":\"Strona g\u0142\u00f3wna\",\"item\":\"https:\/\/marekkuchcinski.pl\/\"},{\"@type\":\"ListItem\",\"position\":2,\"name\":\"Marek Kuchci\u0144ski: Na naszej podkarpackiej ziemi od ko\u0144ca lat 60. opozycyjne dzia\u0142ania mia\u0142y r\u00f3wnie silny wymiar jak w czasach \u017co\u0142nierzy wykl\u0119tych\"}]},{\"@type\":\"WebSite\",\"@id\":\"https:\/\/marekkuchcinski.pl\/#website\",\"url\":\"https:\/\/marekkuchcinski.pl\/\",\"name\":\"Marek Kuchci\u0144ski\",\"description\":\"Pose\u0142 na sejm RP &ndash; okr\u0119g nr 22\",\"publisher\":{\"@id\":\"https:\/\/marekkuchcinski.pl\/#organization\"},\"potentialAction\":[{\"@type\":\"SearchAction\",\"target\":{\"@type\":\"EntryPoint\",\"urlTemplate\":\"https:\/\/marekkuchcinski.pl\/?s={search_term_string}\"},\"query-input\":{\"@type\":\"PropertyValueSpecification\",\"valueRequired\":true,\"valueName\":\"search_term_string\"}}],\"inLanguage\":\"ro-RO\"},{\"@type\":\"Organization\",\"@id\":\"https:\/\/marekkuchcinski.pl\/#organization\",\"name\":\"Marek Kuchci\u0144ski\",\"url\":\"https:\/\/marekkuchcinski.pl\/\",\"logo\":{\"@type\":\"ImageObject\",\"inLanguage\":\"ro-RO\",\"@id\":\"https:\/\/marekkuchcinski.pl\/#\/schema\/logo\/image\/\",\"url\":\"https:\/\/marekkuchcinski.pl\/wp-content\/uploads\/2022\/09\/Marek.jpg\",\"contentUrl\":\"https:\/\/marekkuchcinski.pl\/wp-content\/uploads\/2022\/09\/Marek.jpg\",\"width\":1600,\"height\":971,\"caption\":\"Marek Kuchci\u0144ski\"},\"image\":{\"@id\":\"https:\/\/marekkuchcinski.pl\/#\/schema\/logo\/image\/\"}},{\"@type\":\"Person\",\"@id\":\"https:\/\/marekkuchcinski.pl\/#\/schema\/person\/6f62700996b4d950b6ea2d1183b6c6be\",\"name\":\"admin\",\"image\":{\"@type\":\"ImageObject\",\"inLanguage\":\"ro-RO\",\"@id\":\"https:\/\/marekkuchcinski.pl\/#\/schema\/person\/image\/\",\"url\":\"https:\/\/secure.gravatar.com\/avatar\/4bab693b9d55c3d6b52c0296a8765085?s=96&d=mm&r=g\",\"contentUrl\":\"https:\/\/secure.gravatar.com\/avatar\/4bab693b9d55c3d6b52c0296a8765085?s=96&d=mm&r=g\",\"caption\":\"admin\"},\"url\":\"https:\/\/marekkuchcinski.pl\/ro\/author\/marta-olejnik\/\"}]}<\/script>\n<!-- \/ Yoast SEO plugin. -->","yoast_head_json":{"title":"Marek Kuchci\u0144ski: Na naszej podkarpackiej ziemi od ko\u0144ca lat 60. opozycyjne dzia\u0142ania mia\u0142y r\u00f3wnie silny wymiar jak w czasach \u017co\u0142nierzy wykl\u0119tych &#8211; Marek Kuchci\u0144ski","robots":{"index":"index","follow":"follow","max-snippet":"max-snippet:-1","max-image-preview":"max-image-preview:large","max-video-preview":"max-video-preview:-1"},"canonical":"https:\/\/marekkuchcinski.pl\/ro\/wydarzenia\/marek-kuchcinski-naszej-podkarpackiej-ziemi-konca-60-opozycyjne-dzialania-mialy-rownie-silny-wymiar-czasach-zolnierzy-wykletych\/","og_locale":"ro_RO","og_type":"article","og_title":"Marek Kuchci\u0144ski: Na naszej podkarpackiej ziemi od ko\u0144ca lat 60. opozycyjne dzia\u0142ania mia\u0142y r\u00f3wnie silny wymiar jak w czasach \u017co\u0142nierzy wykl\u0119tych &#8211; Marek Kuchci\u0144ski","og_description":"W\u00a0Filharmonii Podkarpackiej w Rzeszowie odby\u0142 si\u0119 Kongres Os\u00f3b Represjonowanych, Dzia\u0142aczy Solidarno\u015bci i Kombatant\u00f3w. Patronat honorowy nad wydarzeniem obj\u0105\u0142 marsza\u0142ek Sejmu. Marek Kuchci\u0144ski podkre\u015bli\u0142, \u017ce w ca\u0142ym kraju obchody stulecia odzyskania przez Polsk\u0119 Niepodleg\u0142o\u015bci sta\u0142y si\u0119 sposobno\u015bci\u0105 do przypomnienia naszej d\u0142ugiej drogi wolno\u015bci oraz dwudziestu lat niezwyk\u0142ego zaanga\u017cowania ca\u0142ego spo\u0142ecze\u0144stwa w odbudow\u0119 II RP. Marsza\u0142ek przypomnia\u0142 [&hellip;]","og_url":"https:\/\/marekkuchcinski.pl\/ro\/wydarzenia\/marek-kuchcinski-naszej-podkarpackiej-ziemi-konca-60-opozycyjne-dzialania-mialy-rownie-silny-wymiar-czasach-zolnierzy-wykletych\/","og_site_name":"Marek Kuchci\u0144ski","article_published_time":"2018-12-09T11:53:59+00:00","article_modified_time":"2018-12-09T16:18:55+00:00","og_image":[{"width":2048,"height":1465,"url":"https:\/\/marekkuchcinski.pl\/wp-content\/uploads\/2018\/12\/PSX_20181209_103601.jpg","type":"image\/jpeg"}],"author":"admin","twitter_card":"summary_large_image","twitter_misc":{"Scris de":"admin","Timp estimat pentru citire":"4 minutes"},"schema":{"@context":"https:\/\/schema.org","@graph":[{"@type":"Article","@id":"https:\/\/marekkuchcinski.pl\/en\/wydarzenia\/marek-kuchcinski-naszej-podkarpackiej-ziemi-konca-60-opozycyjne-dzialania-mialy-rownie-silny-wymiar-czasach-zolnierzy-wykletych\/#article","isPartOf":{"@id":"https:\/\/marekkuchcinski.pl\/en\/wydarzenia\/marek-kuchcinski-naszej-podkarpackiej-ziemi-konca-60-opozycyjne-dzialania-mialy-rownie-silny-wymiar-czasach-zolnierzy-wykletych\/"},"author":{"name":"admin","@id":"https:\/\/marekkuchcinski.pl\/#\/schema\/person\/6f62700996b4d950b6ea2d1183b6c6be"},"headline":"Marek Kuchci\u0144ski: Na naszej podkarpackiej ziemi od ko\u0144ca lat 60. opozycyjne dzia\u0142ania mia\u0142y r\u00f3wnie silny wymiar jak w czasach \u017co\u0142nierzy wykl\u0119tych","datePublished":"2018-12-09T11:53:59+00:00","dateModified":"2018-12-09T16:18:55+00:00","mainEntityOfPage":{"@id":"https:\/\/marekkuchcinski.pl\/en\/wydarzenia\/marek-kuchcinski-naszej-podkarpackiej-ziemi-konca-60-opozycyjne-dzialania-mialy-rownie-silny-wymiar-czasach-zolnierzy-wykletych\/"},"wordCount":811,"commentCount":0,"publisher":{"@id":"https:\/\/marekkuchcinski.pl\/#organization"},"image":{"@id":"https:\/\/marekkuchcinski.pl\/en\/wydarzenia\/marek-kuchcinski-naszej-podkarpackiej-ziemi-konca-60-opozycyjne-dzialania-mialy-rownie-silny-wymiar-czasach-zolnierzy-wykletych\/#primaryimage"},"thumbnailUrl":"https:\/\/marekkuchcinski.pl\/wp-content\/uploads\/2018\/12\/PSX_20181209_103601.jpg","articleSection":["Podkarpacie","Prawo i Sprawiedliwo\u015b\u0107","Wydarzenia"],"inLanguage":"ro-RO","potentialAction":[{"@type":"CommentAction","name":"Comment","target":["https:\/\/marekkuchcinski.pl\/en\/wydarzenia\/marek-kuchcinski-naszej-podkarpackiej-ziemi-konca-60-opozycyjne-dzialania-mialy-rownie-silny-wymiar-czasach-zolnierzy-wykletych\/#respond"]}]},{"@type":"WebPage","@id":"https:\/\/marekkuchcinski.pl\/en\/wydarzenia\/marek-kuchcinski-naszej-podkarpackiej-ziemi-konca-60-opozycyjne-dzialania-mialy-rownie-silny-wymiar-czasach-zolnierzy-wykletych\/","url":"https:\/\/marekkuchcinski.pl\/en\/wydarzenia\/marek-kuchcinski-naszej-podkarpackiej-ziemi-konca-60-opozycyjne-dzialania-mialy-rownie-silny-wymiar-czasach-zolnierzy-wykletych\/","name":"Marek Kuchci\u0144ski: Na naszej podkarpackiej ziemi od ko\u0144ca lat 60. opozycyjne dzia\u0142ania mia\u0142y r\u00f3wnie silny wymiar jak w czasach \u017co\u0142nierzy wykl\u0119tych &#8211; Marek Kuchci\u0144ski","isPartOf":{"@id":"https:\/\/marekkuchcinski.pl\/#website"},"primaryImageOfPage":{"@id":"https:\/\/marekkuchcinski.pl\/en\/wydarzenia\/marek-kuchcinski-naszej-podkarpackiej-ziemi-konca-60-opozycyjne-dzialania-mialy-rownie-silny-wymiar-czasach-zolnierzy-wykletych\/#primaryimage"},"image":{"@id":"https:\/\/marekkuchcinski.pl\/en\/wydarzenia\/marek-kuchcinski-naszej-podkarpackiej-ziemi-konca-60-opozycyjne-dzialania-mialy-rownie-silny-wymiar-czasach-zolnierzy-wykletych\/#primaryimage"},"thumbnailUrl":"https:\/\/marekkuchcinski.pl\/wp-content\/uploads\/2018\/12\/PSX_20181209_103601.jpg","datePublished":"2018-12-09T11:53:59+00:00","dateModified":"2018-12-09T16:18:55+00:00","breadcrumb":{"@id":"https:\/\/marekkuchcinski.pl\/en\/wydarzenia\/marek-kuchcinski-naszej-podkarpackiej-ziemi-konca-60-opozycyjne-dzialania-mialy-rownie-silny-wymiar-czasach-zolnierzy-wykletych\/#breadcrumb"},"inLanguage":"ro-RO","potentialAction":[{"@type":"ReadAction","target":["https:\/\/marekkuchcinski.pl\/en\/wydarzenia\/marek-kuchcinski-naszej-podkarpackiej-ziemi-konca-60-opozycyjne-dzialania-mialy-rownie-silny-wymiar-czasach-zolnierzy-wykletych\/"]}]},{"@type":"ImageObject","inLanguage":"ro-RO","@id":"https:\/\/marekkuchcinski.pl\/en\/wydarzenia\/marek-kuchcinski-naszej-podkarpackiej-ziemi-konca-60-opozycyjne-dzialania-mialy-rownie-silny-wymiar-czasach-zolnierzy-wykletych\/#primaryimage","url":"https:\/\/marekkuchcinski.pl\/wp-content\/uploads\/2018\/12\/PSX_20181209_103601.jpg","contentUrl":"https:\/\/marekkuchcinski.pl\/wp-content\/uploads\/2018\/12\/PSX_20181209_103601.jpg","width":2048,"height":1465},{"@type":"BreadcrumbList","@id":"https:\/\/marekkuchcinski.pl\/en\/wydarzenia\/marek-kuchcinski-naszej-podkarpackiej-ziemi-konca-60-opozycyjne-dzialania-mialy-rownie-silny-wymiar-czasach-zolnierzy-wykletych\/#breadcrumb","itemListElement":[{"@type":"ListItem","position":1,"name":"Strona g\u0142\u00f3wna","item":"https:\/\/marekkuchcinski.pl\/"},{"@type":"ListItem","position":2,"name":"Marek Kuchci\u0144ski: Na naszej podkarpackiej ziemi od ko\u0144ca lat 60. opozycyjne dzia\u0142ania mia\u0142y r\u00f3wnie silny wymiar jak w czasach \u017co\u0142nierzy wykl\u0119tych"}]},{"@type":"WebSite","@id":"https:\/\/marekkuchcinski.pl\/#website","url":"https:\/\/marekkuchcinski.pl\/","name":"Marek Kuchci\u0144ski","description":"Pose\u0142 na sejm RP &ndash; okr\u0119g nr 22","publisher":{"@id":"https:\/\/marekkuchcinski.pl\/#organization"},"potentialAction":[{"@type":"SearchAction","target":{"@type":"EntryPoint","urlTemplate":"https:\/\/marekkuchcinski.pl\/?s={search_term_string}"},"query-input":{"@type":"PropertyValueSpecification","valueRequired":true,"valueName":"search_term_string"}}],"inLanguage":"ro-RO"},{"@type":"Organization","@id":"https:\/\/marekkuchcinski.pl\/#organization","name":"Marek Kuchci\u0144ski","url":"https:\/\/marekkuchcinski.pl\/","logo":{"@type":"ImageObject","inLanguage":"ro-RO","@id":"https:\/\/marekkuchcinski.pl\/#\/schema\/logo\/image\/","url":"https:\/\/marekkuchcinski.pl\/wp-content\/uploads\/2022\/09\/Marek.jpg","contentUrl":"https:\/\/marekkuchcinski.pl\/wp-content\/uploads\/2022\/09\/Marek.jpg","width":1600,"height":971,"caption":"Marek Kuchci\u0144ski"},"image":{"@id":"https:\/\/marekkuchcinski.pl\/#\/schema\/logo\/image\/"}},{"@type":"Person","@id":"https:\/\/marekkuchcinski.pl\/#\/schema\/person\/6f62700996b4d950b6ea2d1183b6c6be","name":"admin","image":{"@type":"ImageObject","inLanguage":"ro-RO","@id":"https:\/\/marekkuchcinski.pl\/#\/schema\/person\/image\/","url":"https:\/\/secure.gravatar.com\/avatar\/4bab693b9d55c3d6b52c0296a8765085?s=96&d=mm&r=g","contentUrl":"https:\/\/secure.gravatar.com\/avatar\/4bab693b9d55c3d6b52c0296a8765085?s=96&d=mm&r=g","caption":"admin"},"url":"https:\/\/marekkuchcinski.pl\/ro\/author\/marta-olejnik\/"}]}},"_links":{"self":[{"href":"https:\/\/marekkuchcinski.pl\/ro\/wp-json\/wp\/v2\/posts\/11602","targetHints":{"allow":["GET"]}}],"collection":[{"href":"https:\/\/marekkuchcinski.pl\/ro\/wp-json\/wp\/v2\/posts"}],"about":[{"href":"https:\/\/marekkuchcinski.pl\/ro\/wp-json\/wp\/v2\/types\/post"}],"author":[{"embeddable":true,"href":"https:\/\/marekkuchcinski.pl\/ro\/wp-json\/wp\/v2\/users\/6"}],"replies":[{"embeddable":true,"href":"https:\/\/marekkuchcinski.pl\/ro\/wp-json\/wp\/v2\/comments?post=11602"}],"version-history":[{"count":39,"href":"https:\/\/marekkuchcinski.pl\/ro\/wp-json\/wp\/v2\/posts\/11602\/revisions"}],"predecessor-version":[{"id":11682,"href":"https:\/\/marekkuchcinski.pl\/ro\/wp-json\/wp\/v2\/posts\/11602\/revisions\/11682"}],"wp:featuredmedia":[{"embeddable":true,"href":"https:\/\/marekkuchcinski.pl\/ro\/wp-json\/wp\/v2\/media\/11612"}],"wp:attachment":[{"href":"https:\/\/marekkuchcinski.pl\/ro\/wp-json\/wp\/v2\/media?parent=11602"}],"wp:term":[{"taxonomy":"category","embeddable":true,"href":"https:\/\/marekkuchcinski.pl\/ro\/wp-json\/wp\/v2\/categories?post=11602"},{"taxonomy":"post_tag","embeddable":true,"href":"https:\/\/marekkuchcinski.pl\/ro\/wp-json\/wp\/v2\/tags?post=11602"}],"curies":[{"name":"wp","href":"https:\/\/api.w.org\/{rel}","templated":true}]}}