{"id":11543,"date":"2018-12-07T13:25:36","date_gmt":"2018-12-07T12:25:36","guid":{"rendered":"https:\/\/marekkuchcinski.pl\/?p=11543"},"modified":"2018-12-07T15:49:36","modified_gmt":"2018-12-07T14:49:36","slug":"podsumowanie-73-posiedzenie-sejmu-rp","status":"publish","type":"post","link":"https:\/\/marekkuchcinski.pl\/ro\/wydarzenia\/podsumowanie-73-posiedzenie-sejmu-rp\/","title":{"rendered":"Rezumatul celei de-a 73-a \u0219edin\u021be a Sejm-ului polonez"},"content":{"rendered":"<p dir=\"ltr\"><strong>Pensie neimpozabil\u0103<\/strong>,<strong>\u00a0\u00eembun\u0103t\u0103\u021birea accesibilit\u0103\u021bii la serviciile de s\u0103n\u0103tate,<\/strong>\u00a0<strong>modificarea legii privind sus\u021binerea familiei \u0219i a sistemului de plasament familial, o mai bun\u0103 colectare a pensiilor alimentare, \u00eembun\u0103t\u0103\u021birea calit\u0103\u021bii aerului \u0219i asigurarea securit\u0103\u021bii aprovizion\u0103rii cu c\u0103ldur\u0103 \u0219i energie au fost c\u00e2teva dintre temele abordate de deputa\u021bi \u00een cadrul celei de-a 73-a \u0219edin\u021be a Sejm-ului.<\/strong><\/p>\n<p dir=\"ltr\">Raportul de punere \u00een aplicare a fost adoptat joi <strong>programul 500 plus<\/strong> 2016-2017 secretar de stat la Ministerul Familiei, Muncii \u0219i Politicii Sociale, Stanis\u0142aw Szwed, care a atras aten\u021bia asupra cre\u0219terii evidente a ratei de fertilitate. Potrivit datelor ministerului, \u00een 2017 a fost dep\u0103\u0219it\u0103 pentru prima dat\u0103 limita de peste 400.000 de na\u0219teri, ceea ce reprezint\u0103 o prognoz\u0103 bun\u0103 \u00een ceea ce prive\u0219te problemele demografice.<\/p>\n<p dir=\"ltr\"><span style=\"color: #800000;\"><strong>Rezolu\u021bii adoptate de Sejm<\/strong><\/span><\/p>\n<p dir=\"ltr\"><a href=\"https:\/\/marekkuchcinski.pl\/wp-content\/uploads\/2018\/12\/kul_pol.jpg\"><img decoding=\"async\" class=\"wp-image-11585 size-thumbnail alignleft\" src=\"https:\/\/marekkuchcinski.pl\/wp-content\/uploads\/2018\/12\/kul_pol-150x150.jpg\" alt=\"kul_pol\" width=\"150\" height=\"150\" srcset=\"https:\/\/marekkuchcinski.pl\/wp-content\/uploads\/2018\/12\/kul_pol-150x150.jpg 150w, https:\/\/marekkuchcinski.pl\/wp-content\/uploads\/2018\/12\/kul_pol-300x300.jpg 300w, https:\/\/marekkuchcinski.pl\/wp-content\/uploads\/2018\/12\/kul_pol-768x768.jpg 768w, https:\/\/marekkuchcinski.pl\/wp-content\/uploads\/2018\/12\/kul_pol-1024x1024.jpg 1024w, https:\/\/marekkuchcinski.pl\/wp-content\/uploads\/2018\/12\/kul_pol.jpg 1650w\" sizes=\"(max-width: 150px) 100vw, 150px\" \/><\/a>Deputa\u021bii au aprobat prin aclama\u021bie urm\u0103toarea propunere a Biroului Sejm-ului\u00a0<strong>rezolu\u021bie privind comemorarea centenarului \u00eenfiin\u021b\u0103rii Universit\u0103\u021bii Catolice Ioan Paul al II-lea din Lublin, <\/strong>\u00cen prima jum\u0103tate a anului, universitatea a fost singura universitate catolic\u0103 privat\u0103 de la Elba p\u00e2n\u0103 la Vladivostok.<\/p>\n<h5 dir=\"ltr\"><strong>link:<\/strong><span style=\"color: #800000;\"><strong>\u00a0<a style=\"color: #800000;\" href=\"https:\/\/marekkuchcinski.pl\/wp-content\/uploads\/2018\/12\/KUL-uchwa\u0142a.pdf\">Rezolu\u021bia KUL<\/a>\u00a0<\/strong><\/span><\/h5>\n<p dir=\"ltr\">Deputa\u021bii europeni au adoptat, de asemenea\u00a0<strong>o rezolu\u021bie privind comemorarea a 100 de ani de la decretul \u0219efului statului privind \u00eenfiin\u021barea consiliilor comunale \u00een fostul Regat al Congresului<\/strong>Raportul se concentreaz\u0103 asupra unui element important \u00een construc\u021bia statului ren\u0103scut, care a fost crearea administra\u021biei publice, inclusiv a institu\u021biei autonomiei locale. Acest proces a fost ini\u021biat prin Decretul din 27 noiembrie 1918 al \u0219efului statului J\u00f3zef Pi\u0142sudski privind \u00eenfiin\u021barea consiliilor comunale pe teritoriul fostului Regat al Congresului. Acest act a fost de natur\u0103 temporar\u0103 \u0219i a r\u0103mas \u00een vigoare p\u00e2n\u0103 c\u00e2nd Sejm-ul a adoptat o lege privind autonomia comunal\u0103, dar a permis alegerea organelor \u00een c\u00e2teva sute de comune, oferind o baz\u0103 solid\u0103 pentru statul emergent.<\/p>\n<p dir=\"ltr\"><span style=\"color: #800000;\"><strong>Sejm-ul a adoptat 10 legi<\/strong><\/span><\/p>\n<p dir=\"ltr\">Sejm-ul a decis s\u0103 modifice Codul civil -\u00a0<strong>nu vor exista avantaje nejustificate pentru institu\u021biile de credit \u00een ceea ce prive\u0219te perceperea dob\u00e2nzilor de \u00eent\u00e2rziere<\/strong>. Deputa\u021bii au votat, de asemenea, pentru modificarea legii privind acordurile interna\u021bionale, care introduce \u00een lege conceptul de \"\u00eencetare a unui acord interna\u021bional\". Acest lucru va permite raportarea adecvat\u0103 a expir\u0103rii acordurilor interna\u021bionale, \u00een cazul \u00een care cauza acesteia este alta dec\u00e2t denun\u021barea de c\u0103tre Republica Polon\u0103.<\/p>\n<p dir=\"ltr\">Senatul va primi, de asemenea, un amendament pentru a introduce prevederi care s\u0103 permit\u0103 poli\u021biei s\u0103 acopere costurile de cazare temporar\u0103 pentru un ofi\u021ber de poli\u021bie transferat pentru a servi \u00eentr-o alt\u0103 loca\u021bie pentru \u00eentreaga perioad\u0103 de serviciu. Deputa\u021bii europeni au aprobat, de asemenea, amendamente prin care<span style=\"text-decoration: underline;\">\u00a0<\/span><strong>care membri ai consiliului de administra\u021bie al asocia\u021biei metropolitane, precum \u0219i trezorierul \u0219i secretarul, vor face declara\u021bii de verificare pe aceea\u0219i baz\u0103 ca, printre al\u021bii, membrii consiliului voievodal<\/strong>.<\/p>\n<p dir=\"ltr\">Sejm-ul a modificat legea privind transformarea uzufructului perpetuu al terenurilor amenajate \u00een scop reziden\u021bial \u00een proprietate asupra terenurilor.<u><strong>\u00a0<\/strong><\/u><strong>Amendamentul va sprijini cet\u0103\u021benii \u00een ob\u021binerea dreptului de proprietate asupra terenurilor folosite pentru satisfacerea nevoilor de locuin\u021be<\/strong>\u00a0(case unifamiliale, apartamente \u00een cl\u0103diri cu mai mul\u021bi locatari \u00een care cel pu\u021bin jum\u0103tate din unit\u0103\u021bi sunt reziden\u021biale).<\/p>\n<p dir=\"ltr\">Camera a modificat Legea privind organizarea \u0219i desf\u0103\u0219urarea activit\u0103\u021bii culturale, care reglementeaz\u0103, printre altele, procedura de organizare a concursurilor pentru posturile de directori \u00een institu\u021biile culturale ale administra\u021biei locale. Noile prevederi ale Legii privind profesiile de medic \u0219i dentist, precum \u0219i cele privind drepturile pacien\u021bilor \u0219i Ombudsmanul pentru drepturile pacien\u021bilor vor oferi pacientului\u00a0<strong>dreptul de a declara o obiec\u021bie la divulgarea dosarelor medicale \u00een timpul vie\u021bii lor. De asemenea, pacien\u021bii vor primi trimiteri electronice<\/strong>.<\/p>\n<p dir=\"ltr\"><strong>Sejm a adoptat modific\u0103ri pentru a \u00eembun\u0103t\u0103\u021bi colectarea pensiei alimentare. Acestea includ solu\u021bii care vor permite o activare profesional\u0103 mai eficient\u0103 a debitorilor de pensii alimentare<\/strong>.<\/p>\n<p dir=\"ltr\">Amendamentul adoptat la Legea privind solu\u021biile speciale pentru punerea \u00een aplicare a Legii bugetului pentru 2018. implic\u0103 o cre\u0219tere a resurselor Fondului na\u021bional de s\u0103n\u0103tate, a Fondului de reprivatizare, a Fondului pentru drumurile din administra\u021bia local\u0103, a Agen\u021biei pentru restructurarea \u0219i modernizarea agriculturii \u0219i a PKP PLK.<\/p>\n<p dir=\"ltr\"><span style=\"color: #800000;\"><strong>Legi care urmeaz\u0103 s\u0103 fie semnate de pre\u0219edinte<\/strong><\/span><\/p>\n<p dir=\"ltr\">Modificarea Legii cu privire la sus\u021binerea termomoderniz\u0103rii \u0219i renov\u0103rii \u0219i a altor acte legislative\u00a0<strong>s\u0103 permit\u0103 modernizarea termic\u0103 a locuin\u021belor unifamiliale locuite de persoane afectate de s\u0103r\u0103cie energetic\u0103 \u0219i \u00eenlocuirea sau lichidarea echipamentelor de \u00eenc\u0103lzire sub form\u0103 de cazane cu combustibil solid care nu respect\u0103 standardele de emisie<\/strong>.<\/p>\n<p dir=\"ltr\">Act privind Registrul na\u021bional al debitorilor\u00a0<strong>prevede facilit\u0103\u021bi \u00een procedurile de restructurare \u0219i de faliment ale \u00eentreprinz\u0103torilor<\/strong>. Acest lucru este un r\u0103spuns la problemele semnificative pentru instan\u021bele de restructurare \u0219i de faliment care decurg dintr-o cre\u0219tere semnificativ\u0103 a num\u0103rului de cazuri, \u00een special a falimentelor consumatorilor. Registrul na\u021bional al debitorilor va fi creat \u0219i va fi deschis publicului, ceea ce \u00eenseamn\u0103 c\u0103 oricine va putea, printre altele, s\u0103 consulte online datele pe care le con\u021bine.<\/p>\n<p dir=\"ltr\">Modific\u0103rile aduse Legii privind c\u0103r\u021bile de identitate constau \u00een\u00a0<strong>echiparea probelor cu un mijloc de identificare electronic\u0103 (profil personal) care s\u0103 ofere un nivel ridicat de \u00eencredere pentru a permite dovedirea identit\u0103\u021bii \u00een cadrul serviciilor online \u0219i pentru a semna documente electronice<\/strong>.<\/p>\n<p dir=\"ltr\">Deputa\u021bii au adoptat amendamentele Senatului privind \u00eenfiin\u021barea POLADA, respectiv separarea Institutului de Cercetare Anti-Doping de Institutul Sportiv - Institutul Na\u021bional de Cercetare \u0219i \u00eenfiin\u021barea Laboratorului Anti-Doping Polonez dotat cu o persoan\u0103 juridic\u0103. Legea va fi trimis\u0103 pe masa pre\u0219edintelui.<\/p>\n<p dir=\"ltr\">Prima zi de lucru de miercuri a celei de-a 73-a \u0219edin\u021be a Sejm-ului a inclus\u00a0<strong>aspecte legate de \u00eembun\u0103t\u0103\u021birea disponibilit\u0103\u021bii serviciilor de asisten\u021b\u0103 medical\u0103<\/strong>\u00a0\u0219i\u00a0<strong>Modificarea Legii privind sus\u021binerea familiei \u0219i a sistemului de plasament familial<\/strong>.<\/p>\n<p dir=\"ltr\">\u0218edin\u021ba a \u00eenceput cu depunerea jur\u0103m\u00e2ntului de c\u0103tre noii deputa\u021bi, care au luat loc dup\u0103 deputa\u021bii care au preluat mandatele \u00een organele administra\u021biei locale.<u>\u00a0<\/u><strong>Urm\u0103torii deputa\u021bi au luat loc \u00een hemiciclu: Iwona Krawczyk, Grzegorz Lipiec, Danuta Nowicka, Pawe\u0142 Rychlik \u0219i S\u0142awomir Skwarek.<\/strong>.<\/p>\n<p dir=\"ltr\">Ulterior, deputa\u021bii au votat \u00een a doua lectur\u0103 proiectul preziden\u021bial de modificare a Codului civil, care vizeaz\u0103 eliminarea perceperii de dob\u00e2nzi la pl\u0103\u021bile scadente. Efectul modific\u0103rii este de a fi\u00a0<strong>contracararea cre\u0219terii gradului de \u00eendatorare a clien\u021bilor \u0219i intrarea \u00een a\u0219a-numita bucl\u0103 a datoriilor<\/strong>. Proiectul a fost \u00eenaintat Comitetului extraordinar de modificare a codific\u0103rilor.<\/p>\n<p dir=\"ltr\">De asemenea, a avut loc \u0219i o prim\u0103 lectur\u0103 a proiectului de modificare a Guvernului la Legea privind solu\u021biile speciale pentru implementarea Legii bugetului pe anul 2018, dup\u0103 ce a fost respins\u0103 propunerea de respingere a proiectului \u00een integralitatea sa, mo\u021biunea fiind retrimis\u0103 la Comisia pentru finan\u021be publice.<\/p>\n<p dir=\"ltr\">Deputa\u021bii europeni au avut loc prima lectur\u0103 a proiectului de lege privind promovarea energiei electrice din cogenerare de \u00eenalt\u0103 eficien\u021b\u0103.\u00a0<strong>Se a\u0219teapt\u0103 ca adoptarea acestor solu\u021bii s\u0103 \u00eembun\u0103t\u0103\u021beasc\u0103 calitatea aerului \u0219i s\u0103 asigure securitatea aprovizion\u0103rii cu c\u0103ldur\u0103 \u0219i energie prin generarea simultan\u0103 de energie electric\u0103 \u0219i c\u0103ldur\u0103 util\u0103 \u00een centralele de cogenerare.<\/strong>. Dup\u0103 vot, Sejm a retrimis proiectul la Comisia pentru Energie \u0219i Trezorerie.<\/p>\n<p dir=\"ltr\">Deputa\u021bii au finalizat a doua lectur\u0103 a proiectului de modificare a legii privind poli\u021bia polonez\u0103, elaborat de comisie. Proiectul se refer\u0103 la\u00a0<strong>acoperirea de c\u0103tre poli\u021bie a costurilor de cazare temporar\u0103 pentru un poli\u021bist transferat pentru a servi \u00een alt\u0103 localitate pe toat\u0103 durata serviciului<\/strong>. Sejm-ul va trece la a treia lectur\u0103 a proiectului \u00een bloc.<\/p>\n<p dir=\"ltr\">Sejm-ul a efectuat\u00a0<strong>a doua lectur\u0103 a unui proiect care introduce prevederi care oblig\u0103 membrii consiliului de administra\u021bie al unei asocia\u021bii metropolitane, precum \u0219i trezorierul \u0219i secretarul unei astfel de asocia\u021bii s\u0103 depun\u0103 declara\u021bii de lustra\u021bie<\/strong>. Proiectul Comisiei se refer\u0103 la modificarea Legii privind dezv\u0103luirea informa\u021biilor despre documentele organelor de securitate ale statului din anii 1944-1990 \u0219i con\u021binutul acestor documente. Sejm-ul va trece la a treia lectur\u0103 a proiectului \u00een bloc de vot.<\/p>\n<p dir=\"ltr\">Parlamentul a efectuat a doua lectur\u0103 a proiectului de modificare a Legii privind organizarea \u0219i desf\u0103\u0219urarea activit\u0103\u021bii culturale. Proiectul reglementeaz\u0103, printre altele, procedura de organizare a concursurilor pentru ocuparea func\u021biilor de directori \u00een institu\u021biile de cultur\u0103 ale administra\u021biei publice locale. Sejm-ul va trece la a treia lectur\u0103 a proiectului \u00een bloc de vot.<\/p>\n<p dir=\"ltr\">Sejm a audiat un raport al Comisiei pentru s\u0103n\u0103tate privind modific\u0103rile aduse Legii privind profesiile de medic \u0219i dentist, precum \u0219i privind drepturile pacien\u021bilor \u0219i Ombudsmanul pentru drepturile pacien\u021bilor. Noile reglement\u0103ri vor oferi pacientului dreptul de a declara, \u00een timpul vie\u021bii sale, o obiec\u021bie la divulgarea dosarelor medicale. A treia lectur\u0103 a proiectului de lege va fi efectuat\u0103 de c\u0103tre Sejm \u00een cadrul blocului de vot.<\/p>\n<p dir=\"ltr\">\u00cen cadrul celei de-a doua lecturi a proiectului guvernamental de \u00eenfiin\u021bare a Funda\u021biei \"Platforma Industriei Viitorului\", care este o consecin\u021b\u0103 a implement\u0103rii proiectului \"Platforma Industriei Poloneze 4.0\" inclus \u00een \"Strategia de dezvoltare responsabil\u0103 p\u00e2n\u0103 \u00een 2020\", deputa\u021bii au ascultat raportul Comisiei pentru economie \u0219i dezvoltare. Ca urmare a amendamentelor, proiectul a fost retrimis la aceast\u0103 comisie pentru a preg\u0103ti un raport suplimentar.<\/p>\n<p dir=\"ltr\">Un alt proiect de lege pe care Sejm-ul l-a examinat \u00een prima lectur\u0103 a fost propunerea guvernului de modificare a\u00a0<strong>Legea privind sus\u021binerea familiei \u0219i a sistemului de plasament familial, care trebuie s\u0103 influen\u021beze dezvoltarea dinamic\u0103 a formelor familiale de plasament familial \u0219i s\u0103 asigure un mediu stabil de educa\u021bie familial\u0103 pentru copiii lipsi\u021bi de \u00eengrijire p\u0103rinteasc\u0103<\/strong>. Proiectul a fost trimis Comisiei pentru politic\u0103 social\u0103 \u0219i familie.<\/p>\n<p dir=\"ltr\">Sejm-ul \u0219i-a continuat activitatea privind noile reglement\u0103ri menite s\u0103 \u00eembun\u0103t\u0103\u021beasc\u0103 colectarea pensiilor alimentare, ascult\u00e2nd raportul Comisiei pentru politic\u0103 social\u0103 \u0219i familie. Acestea includ solu\u021bii care<span style=\"text-decoration: underline;\">\u00a0<\/span><strong>s\u0103 permit\u0103 o activare profesional\u0103 mai eficient\u0103 a debitorilor de \u00eentre\u021binere<\/strong>. Proiectul a fost retrimis la Comisia pentru politic\u0103 social\u0103 \u0219i familie.<\/p>\n<p dir=\"ltr\">Sejm a avut loc prima lectur\u0103 a proiectului de lege al Guvernului privind modificarea unor legi \u00een leg\u0103tur\u0103 cu asigurarea aplic\u0103rii Regulamentului 2016\/679 al Parlamentului European \u0219i al Consiliului (UE). Proiectul se refer\u0103 la adaptarea ordinii juridice poloneze la RODO. S-a propus respingerea proiectului \u00een prima lectur\u0103, iar Seimul va examina propunerea \u00een bloc.<\/p>\n<p dir=\"ltr\">De asemenea, a avut loc prima lectur\u0103 a proiectului de modificare a Legii privind principiile de administrare a propriet\u0103\u021bii de stat \u0219i a altor acte legislative. Proiectul prevede, printre altele, \u00eenfiin\u021barea Fondului de investi\u021bii de capital. O mo\u021biune de respingere a proiectului \u00een prima lectur\u0103 a fost depus\u0103, Sejm-ul urm\u00e2nd s\u0103 examineze mo\u021biunea \u00een blocul de vot.<\/p>\n<p dir=\"ltr\">Ultimul proiect de lege examinat ast\u0103zi este al doilea proiect de lege privind modificarea unor legi \u00een leg\u0103tur\u0103 cu\u00a0<strong>e-referin\u021be \u0219i liste de a\u0219teptare pentru serviciile de s\u0103n\u0103tate. Scopul modific\u0103rilor este, \u00een primul r\u00e2nd, de a clarifica domeniul de aplicare al documentelor tratate \u00een format electronic.<\/strong>. \u00centruc\u00e2t au fost depuse amendamente la proiect, acesta a fost retrimis la Comisia pentru s\u0103n\u0103tate.<\/p>\n<p dir=\"ltr\"><em>Citi\u021bi mai mult: sejm.gov.pl<\/em><\/p>\n<p dir=\"ltr\"><em>Foto: R. Zambrzycki, \u0141. B\u0142asikiewicz<\/em><\/p>","protected":false},"excerpt":{"rendered":"<p>Emerytura bez podatku,\u00a0poprawa dost\u0119pno\u015bci \u015bwiadcze\u0144 opieki zdrowotnej,\u00a0zmiana ustawy o wspieraniu rodziny i systemie pieczy zast\u0119pczej,\u00a0lepsza\u00a0\u015bci\u0105galno\u015b\u0107 aliment\u00f3w oraz\u00a0poprawa jako\u015bci powietrza i zapewnienie bezpiecze\u0144stwa dostaw ciep\u0142a i energii to\u00a0niekt\u00f3re\u00a0z problem\u00f3w, jakimi zaj\u0119li si\u0119 pos\u0142owie\u00a0podczas 73. posiedzenia Sejmu. W czwartek przyj\u0119to\u00a0sprawozdanie z realizacji programu 500 plus w latach 2016-2017.\u00a0Sekretarz Stanu w Ministerstwie Rodziny Pracy i Polityki Spo\u0142ecznej Stanis\u0142aw [&hellip;]<\/p>","protected":false},"author":6,"featured_media":11549,"comment_status":"open","ping_status":"open","sticky":false,"template":"","format":"standard","meta":{"ngg_post_thumbnail":0,"footnotes":""},"categories":[81,3],"tags":[],"class_list":["post-11543","post","type-post","status-publish","format-standard","has-post-thumbnail","hentry","category-wiesci-z-sejmu","category-wydarzenia"],"yoast_head":"<!-- This site is optimized with the Yoast SEO plugin v24.7 - https:\/\/yoast.com\/wordpress\/plugins\/seo\/ -->\n<title>Podsumowanie 73. posiedzenie Sejmu RP &#8211; Marek Kuchci\u0144ski<\/title>\n<meta name=\"robots\" content=\"index, follow, max-snippet:-1, max-image-preview:large, max-video-preview:-1\" \/>\n<link rel=\"canonical\" href=\"https:\/\/marekkuchcinski.pl\/ro\/wydarzenia\/podsumowanie-73-posiedzenie-sejmu-rp\/\" \/>\n<meta property=\"og:locale\" content=\"ro_RO\" \/>\n<meta property=\"og:type\" content=\"article\" \/>\n<meta property=\"og:title\" content=\"Podsumowanie 73. posiedzenie Sejmu RP &#8211; Marek Kuchci\u0144ski\" \/>\n<meta property=\"og:description\" content=\"Emerytura bez podatku,\u00a0poprawa dost\u0119pno\u015bci \u015bwiadcze\u0144 opieki zdrowotnej,\u00a0zmiana ustawy o wspieraniu rodziny i systemie pieczy zast\u0119pczej,\u00a0lepsza\u00a0\u015bci\u0105galno\u015b\u0107 aliment\u00f3w oraz\u00a0poprawa jako\u015bci powietrza i zapewnienie bezpiecze\u0144stwa dostaw ciep\u0142a i energii to\u00a0niekt\u00f3re\u00a0z problem\u00f3w, jakimi zaj\u0119li si\u0119 pos\u0142owie\u00a0podczas 73. posiedzenia Sejmu. W czwartek przyj\u0119to\u00a0sprawozdanie z realizacji programu 500 plus w latach 2016-2017.\u00a0Sekretarz Stanu w Ministerstwie Rodziny Pracy i Polityki Spo\u0142ecznej Stanis\u0142aw [&hellip;]\" \/>\n<meta property=\"og:url\" content=\"https:\/\/marekkuchcinski.pl\/ro\/wydarzenia\/podsumowanie-73-posiedzenie-sejmu-rp\/\" \/>\n<meta property=\"og:site_name\" content=\"Marek Kuchci\u0144ski\" \/>\n<meta property=\"article:published_time\" content=\"2018-12-07T12:25:36+00:00\" \/>\n<meta property=\"article:modified_time\" content=\"2018-12-07T14:49:36+00:00\" \/>\n<meta property=\"og:image\" content=\"https:\/\/marekkuchcinski.pl\/wp-content\/uploads\/2018\/12\/73-PS.jpg\" \/>\n\t<meta property=\"og:image:width\" content=\"1620\" \/>\n\t<meta property=\"og:image:height\" content=\"1080\" \/>\n\t<meta property=\"og:image:type\" content=\"image\/jpeg\" \/>\n<meta name=\"author\" content=\"admin\" \/>\n<meta name=\"twitter:card\" content=\"summary_large_image\" \/>\n<meta name=\"twitter:label1\" content=\"Scris de\" \/>\n\t<meta name=\"twitter:data1\" content=\"admin\" \/>\n\t<meta name=\"twitter:label2\" content=\"Timp estimat pentru citire\" \/>\n\t<meta name=\"twitter:data2\" content=\"8 minutes\" \/>\n<script type=\"application\/ld+json\" class=\"yoast-schema-graph\">{\"@context\":\"https:\/\/schema.org\",\"@graph\":[{\"@type\":\"Article\",\"@id\":\"https:\/\/marekkuchcinski.pl\/wydarzenia\/podsumowanie-73-posiedzenie-sejmu-rp\/#article\",\"isPartOf\":{\"@id\":\"https:\/\/marekkuchcinski.pl\/wydarzenia\/podsumowanie-73-posiedzenie-sejmu-rp\/\"},\"author\":{\"name\":\"admin\",\"@id\":\"https:\/\/marekkuchcinski.pl\/#\/schema\/person\/6f62700996b4d950b6ea2d1183b6c6be\"},\"headline\":\"Podsumowanie 73. posiedzenie Sejmu RP\",\"datePublished\":\"2018-12-07T12:25:36+00:00\",\"dateModified\":\"2018-12-07T14:49:36+00:00\",\"mainEntityOfPage\":{\"@id\":\"https:\/\/marekkuchcinski.pl\/wydarzenia\/podsumowanie-73-posiedzenie-sejmu-rp\/\"},\"wordCount\":1683,\"commentCount\":0,\"publisher\":{\"@id\":\"https:\/\/marekkuchcinski.pl\/#organization\"},\"image\":{\"@id\":\"https:\/\/marekkuchcinski.pl\/wydarzenia\/podsumowanie-73-posiedzenie-sejmu-rp\/#primaryimage\"},\"thumbnailUrl\":\"https:\/\/marekkuchcinski.pl\/wp-content\/uploads\/2018\/12\/73-PS.jpg\",\"articleSection\":[\"Wie\u015bci z Sejmu\",\"Wydarzenia\"],\"inLanguage\":\"ro-RO\",\"potentialAction\":[{\"@type\":\"CommentAction\",\"name\":\"Comment\",\"target\":[\"https:\/\/marekkuchcinski.pl\/wydarzenia\/podsumowanie-73-posiedzenie-sejmu-rp\/#respond\"]}]},{\"@type\":\"WebPage\",\"@id\":\"https:\/\/marekkuchcinski.pl\/wydarzenia\/podsumowanie-73-posiedzenie-sejmu-rp\/\",\"url\":\"https:\/\/marekkuchcinski.pl\/wydarzenia\/podsumowanie-73-posiedzenie-sejmu-rp\/\",\"name\":\"Podsumowanie 73. posiedzenie Sejmu RP &#8211; Marek Kuchci\u0144ski\",\"isPartOf\":{\"@id\":\"https:\/\/marekkuchcinski.pl\/#website\"},\"primaryImageOfPage\":{\"@id\":\"https:\/\/marekkuchcinski.pl\/wydarzenia\/podsumowanie-73-posiedzenie-sejmu-rp\/#primaryimage\"},\"image\":{\"@id\":\"https:\/\/marekkuchcinski.pl\/wydarzenia\/podsumowanie-73-posiedzenie-sejmu-rp\/#primaryimage\"},\"thumbnailUrl\":\"https:\/\/marekkuchcinski.pl\/wp-content\/uploads\/2018\/12\/73-PS.jpg\",\"datePublished\":\"2018-12-07T12:25:36+00:00\",\"dateModified\":\"2018-12-07T14:49:36+00:00\",\"breadcrumb\":{\"@id\":\"https:\/\/marekkuchcinski.pl\/wydarzenia\/podsumowanie-73-posiedzenie-sejmu-rp\/#breadcrumb\"},\"inLanguage\":\"ro-RO\",\"potentialAction\":[{\"@type\":\"ReadAction\",\"target\":[\"https:\/\/marekkuchcinski.pl\/wydarzenia\/podsumowanie-73-posiedzenie-sejmu-rp\/\"]}]},{\"@type\":\"ImageObject\",\"inLanguage\":\"ro-RO\",\"@id\":\"https:\/\/marekkuchcinski.pl\/wydarzenia\/podsumowanie-73-posiedzenie-sejmu-rp\/#primaryimage\",\"url\":\"https:\/\/marekkuchcinski.pl\/wp-content\/uploads\/2018\/12\/73-PS.jpg\",\"contentUrl\":\"https:\/\/marekkuchcinski.pl\/wp-content\/uploads\/2018\/12\/73-PS.jpg\",\"width\":1620,\"height\":1080},{\"@type\":\"BreadcrumbList\",\"@id\":\"https:\/\/marekkuchcinski.pl\/wydarzenia\/podsumowanie-73-posiedzenie-sejmu-rp\/#breadcrumb\",\"itemListElement\":[{\"@type\":\"ListItem\",\"position\":1,\"name\":\"Strona g\u0142\u00f3wna\",\"item\":\"https:\/\/marekkuchcinski.pl\/\"},{\"@type\":\"ListItem\",\"position\":2,\"name\":\"Podsumowanie 73. posiedzenie Sejmu RP\"}]},{\"@type\":\"WebSite\",\"@id\":\"https:\/\/marekkuchcinski.pl\/#website\",\"url\":\"https:\/\/marekkuchcinski.pl\/\",\"name\":\"Marek Kuchci\u0144ski\",\"description\":\"Pose\u0142 na sejm RP &ndash; okr\u0119g nr 22\",\"publisher\":{\"@id\":\"https:\/\/marekkuchcinski.pl\/#organization\"},\"potentialAction\":[{\"@type\":\"SearchAction\",\"target\":{\"@type\":\"EntryPoint\",\"urlTemplate\":\"https:\/\/marekkuchcinski.pl\/?s={search_term_string}\"},\"query-input\":{\"@type\":\"PropertyValueSpecification\",\"valueRequired\":true,\"valueName\":\"search_term_string\"}}],\"inLanguage\":\"ro-RO\"},{\"@type\":\"Organization\",\"@id\":\"https:\/\/marekkuchcinski.pl\/#organization\",\"name\":\"Marek Kuchci\u0144ski\",\"url\":\"https:\/\/marekkuchcinski.pl\/\",\"logo\":{\"@type\":\"ImageObject\",\"inLanguage\":\"ro-RO\",\"@id\":\"https:\/\/marekkuchcinski.pl\/#\/schema\/logo\/image\/\",\"url\":\"https:\/\/marekkuchcinski.pl\/wp-content\/uploads\/2022\/09\/Marek.jpg\",\"contentUrl\":\"https:\/\/marekkuchcinski.pl\/wp-content\/uploads\/2022\/09\/Marek.jpg\",\"width\":1600,\"height\":971,\"caption\":\"Marek Kuchci\u0144ski\"},\"image\":{\"@id\":\"https:\/\/marekkuchcinski.pl\/#\/schema\/logo\/image\/\"}},{\"@type\":\"Person\",\"@id\":\"https:\/\/marekkuchcinski.pl\/#\/schema\/person\/6f62700996b4d950b6ea2d1183b6c6be\",\"name\":\"admin\",\"image\":{\"@type\":\"ImageObject\",\"inLanguage\":\"ro-RO\",\"@id\":\"https:\/\/marekkuchcinski.pl\/#\/schema\/person\/image\/\",\"url\":\"https:\/\/secure.gravatar.com\/avatar\/4bab693b9d55c3d6b52c0296a8765085?s=96&d=mm&r=g\",\"contentUrl\":\"https:\/\/secure.gravatar.com\/avatar\/4bab693b9d55c3d6b52c0296a8765085?s=96&d=mm&r=g\",\"caption\":\"admin\"},\"url\":\"https:\/\/marekkuchcinski.pl\/ro\/author\/marta-olejnik\/\"}]}<\/script>\n<!-- \/ Yoast SEO plugin. -->","yoast_head_json":{"title":"Podsumowanie 73. posiedzenie Sejmu RP &#8211; Marek Kuchci\u0144ski","robots":{"index":"index","follow":"follow","max-snippet":"max-snippet:-1","max-image-preview":"max-image-preview:large","max-video-preview":"max-video-preview:-1"},"canonical":"https:\/\/marekkuchcinski.pl\/ro\/wydarzenia\/podsumowanie-73-posiedzenie-sejmu-rp\/","og_locale":"ro_RO","og_type":"article","og_title":"Podsumowanie 73. posiedzenie Sejmu RP &#8211; Marek Kuchci\u0144ski","og_description":"Emerytura bez podatku,\u00a0poprawa dost\u0119pno\u015bci \u015bwiadcze\u0144 opieki zdrowotnej,\u00a0zmiana ustawy o wspieraniu rodziny i systemie pieczy zast\u0119pczej,\u00a0lepsza\u00a0\u015bci\u0105galno\u015b\u0107 aliment\u00f3w oraz\u00a0poprawa jako\u015bci powietrza i zapewnienie bezpiecze\u0144stwa dostaw ciep\u0142a i energii to\u00a0niekt\u00f3re\u00a0z problem\u00f3w, jakimi zaj\u0119li si\u0119 pos\u0142owie\u00a0podczas 73. posiedzenia Sejmu. W czwartek przyj\u0119to\u00a0sprawozdanie z realizacji programu 500 plus w latach 2016-2017.\u00a0Sekretarz Stanu w Ministerstwie Rodziny Pracy i Polityki Spo\u0142ecznej Stanis\u0142aw [&hellip;]","og_url":"https:\/\/marekkuchcinski.pl\/ro\/wydarzenia\/podsumowanie-73-posiedzenie-sejmu-rp\/","og_site_name":"Marek Kuchci\u0144ski","article_published_time":"2018-12-07T12:25:36+00:00","article_modified_time":"2018-12-07T14:49:36+00:00","og_image":[{"width":1620,"height":1080,"url":"https:\/\/marekkuchcinski.pl\/wp-content\/uploads\/2018\/12\/73-PS.jpg","type":"image\/jpeg"}],"author":"admin","twitter_card":"summary_large_image","twitter_misc":{"Scris de":"admin","Timp estimat pentru citire":"8 minutes"},"schema":{"@context":"https:\/\/schema.org","@graph":[{"@type":"Article","@id":"https:\/\/marekkuchcinski.pl\/wydarzenia\/podsumowanie-73-posiedzenie-sejmu-rp\/#article","isPartOf":{"@id":"https:\/\/marekkuchcinski.pl\/wydarzenia\/podsumowanie-73-posiedzenie-sejmu-rp\/"},"author":{"name":"admin","@id":"https:\/\/marekkuchcinski.pl\/#\/schema\/person\/6f62700996b4d950b6ea2d1183b6c6be"},"headline":"Podsumowanie 73. posiedzenie Sejmu RP","datePublished":"2018-12-07T12:25:36+00:00","dateModified":"2018-12-07T14:49:36+00:00","mainEntityOfPage":{"@id":"https:\/\/marekkuchcinski.pl\/wydarzenia\/podsumowanie-73-posiedzenie-sejmu-rp\/"},"wordCount":1683,"commentCount":0,"publisher":{"@id":"https:\/\/marekkuchcinski.pl\/#organization"},"image":{"@id":"https:\/\/marekkuchcinski.pl\/wydarzenia\/podsumowanie-73-posiedzenie-sejmu-rp\/#primaryimage"},"thumbnailUrl":"https:\/\/marekkuchcinski.pl\/wp-content\/uploads\/2018\/12\/73-PS.jpg","articleSection":["Wie\u015bci z Sejmu","Wydarzenia"],"inLanguage":"ro-RO","potentialAction":[{"@type":"CommentAction","name":"Comment","target":["https:\/\/marekkuchcinski.pl\/wydarzenia\/podsumowanie-73-posiedzenie-sejmu-rp\/#respond"]}]},{"@type":"WebPage","@id":"https:\/\/marekkuchcinski.pl\/wydarzenia\/podsumowanie-73-posiedzenie-sejmu-rp\/","url":"https:\/\/marekkuchcinski.pl\/wydarzenia\/podsumowanie-73-posiedzenie-sejmu-rp\/","name":"Podsumowanie 73. posiedzenie Sejmu RP &#8211; Marek Kuchci\u0144ski","isPartOf":{"@id":"https:\/\/marekkuchcinski.pl\/#website"},"primaryImageOfPage":{"@id":"https:\/\/marekkuchcinski.pl\/wydarzenia\/podsumowanie-73-posiedzenie-sejmu-rp\/#primaryimage"},"image":{"@id":"https:\/\/marekkuchcinski.pl\/wydarzenia\/podsumowanie-73-posiedzenie-sejmu-rp\/#primaryimage"},"thumbnailUrl":"https:\/\/marekkuchcinski.pl\/wp-content\/uploads\/2018\/12\/73-PS.jpg","datePublished":"2018-12-07T12:25:36+00:00","dateModified":"2018-12-07T14:49:36+00:00","breadcrumb":{"@id":"https:\/\/marekkuchcinski.pl\/wydarzenia\/podsumowanie-73-posiedzenie-sejmu-rp\/#breadcrumb"},"inLanguage":"ro-RO","potentialAction":[{"@type":"ReadAction","target":["https:\/\/marekkuchcinski.pl\/wydarzenia\/podsumowanie-73-posiedzenie-sejmu-rp\/"]}]},{"@type":"ImageObject","inLanguage":"ro-RO","@id":"https:\/\/marekkuchcinski.pl\/wydarzenia\/podsumowanie-73-posiedzenie-sejmu-rp\/#primaryimage","url":"https:\/\/marekkuchcinski.pl\/wp-content\/uploads\/2018\/12\/73-PS.jpg","contentUrl":"https:\/\/marekkuchcinski.pl\/wp-content\/uploads\/2018\/12\/73-PS.jpg","width":1620,"height":1080},{"@type":"BreadcrumbList","@id":"https:\/\/marekkuchcinski.pl\/wydarzenia\/podsumowanie-73-posiedzenie-sejmu-rp\/#breadcrumb","itemListElement":[{"@type":"ListItem","position":1,"name":"Strona g\u0142\u00f3wna","item":"https:\/\/marekkuchcinski.pl\/"},{"@type":"ListItem","position":2,"name":"Podsumowanie 73. posiedzenie Sejmu RP"}]},{"@type":"WebSite","@id":"https:\/\/marekkuchcinski.pl\/#website","url":"https:\/\/marekkuchcinski.pl\/","name":"Marek Kuchci\u0144ski","description":"Pose\u0142 na sejm RP &ndash; okr\u0119g nr 22","publisher":{"@id":"https:\/\/marekkuchcinski.pl\/#organization"},"potentialAction":[{"@type":"SearchAction","target":{"@type":"EntryPoint","urlTemplate":"https:\/\/marekkuchcinski.pl\/?s={search_term_string}"},"query-input":{"@type":"PropertyValueSpecification","valueRequired":true,"valueName":"search_term_string"}}],"inLanguage":"ro-RO"},{"@type":"Organization","@id":"https:\/\/marekkuchcinski.pl\/#organization","name":"Marek Kuchci\u0144ski","url":"https:\/\/marekkuchcinski.pl\/","logo":{"@type":"ImageObject","inLanguage":"ro-RO","@id":"https:\/\/marekkuchcinski.pl\/#\/schema\/logo\/image\/","url":"https:\/\/marekkuchcinski.pl\/wp-content\/uploads\/2022\/09\/Marek.jpg","contentUrl":"https:\/\/marekkuchcinski.pl\/wp-content\/uploads\/2022\/09\/Marek.jpg","width":1600,"height":971,"caption":"Marek Kuchci\u0144ski"},"image":{"@id":"https:\/\/marekkuchcinski.pl\/#\/schema\/logo\/image\/"}},{"@type":"Person","@id":"https:\/\/marekkuchcinski.pl\/#\/schema\/person\/6f62700996b4d950b6ea2d1183b6c6be","name":"admin","image":{"@type":"ImageObject","inLanguage":"ro-RO","@id":"https:\/\/marekkuchcinski.pl\/#\/schema\/person\/image\/","url":"https:\/\/secure.gravatar.com\/avatar\/4bab693b9d55c3d6b52c0296a8765085?s=96&d=mm&r=g","contentUrl":"https:\/\/secure.gravatar.com\/avatar\/4bab693b9d55c3d6b52c0296a8765085?s=96&d=mm&r=g","caption":"admin"},"url":"https:\/\/marekkuchcinski.pl\/ro\/author\/marta-olejnik\/"}]}},"_links":{"self":[{"href":"https:\/\/marekkuchcinski.pl\/ro\/wp-json\/wp\/v2\/posts\/11543","targetHints":{"allow":["GET"]}}],"collection":[{"href":"https:\/\/marekkuchcinski.pl\/ro\/wp-json\/wp\/v2\/posts"}],"about":[{"href":"https:\/\/marekkuchcinski.pl\/ro\/wp-json\/wp\/v2\/types\/post"}],"author":[{"embeddable":true,"href":"https:\/\/marekkuchcinski.pl\/ro\/wp-json\/wp\/v2\/users\/6"}],"replies":[{"embeddable":true,"href":"https:\/\/marekkuchcinski.pl\/ro\/wp-json\/wp\/v2\/comments?post=11543"}],"version-history":[{"count":22,"href":"https:\/\/marekkuchcinski.pl\/ro\/wp-json\/wp\/v2\/posts\/11543\/revisions"}],"predecessor-version":[{"id":11588,"href":"https:\/\/marekkuchcinski.pl\/ro\/wp-json\/wp\/v2\/posts\/11543\/revisions\/11588"}],"wp:featuredmedia":[{"embeddable":true,"href":"https:\/\/marekkuchcinski.pl\/ro\/wp-json\/wp\/v2\/media\/11549"}],"wp:attachment":[{"href":"https:\/\/marekkuchcinski.pl\/ro\/wp-json\/wp\/v2\/media?parent=11543"}],"wp:term":[{"taxonomy":"category","embeddable":true,"href":"https:\/\/marekkuchcinski.pl\/ro\/wp-json\/wp\/v2\/categories?post=11543"},{"taxonomy":"post_tag","embeddable":true,"href":"https:\/\/marekkuchcinski.pl\/ro\/wp-json\/wp\/v2\/tags?post=11543"}],"curies":[{"name":"wp","href":"https:\/\/api.w.org\/{rel}","templated":true}]}}