{"id":11522,"date":"2018-12-06T11:42:29","date_gmt":"2018-12-06T10:42:29","guid":{"rendered":"https:\/\/marekkuchcinski.pl\/?p=11522"},"modified":"2018-12-06T13:45:02","modified_gmt":"2018-12-06T12:45:02","slug":"40-mln-zl-edukacje-aktywnosc-poprawe-zycia-seniorow","status":"publish","type":"post","link":"https:\/\/marekkuchcinski.pl\/ro\/wydarzenia\/40-mln-zl-edukacje-aktywnosc-poprawe-zycia-seniorow\/","title":{"rendered":"Seniori plus \u0219i \u00cengrijire 75 plus: educa\u021bie, participare activ\u0103, \u00eembun\u0103t\u0103\u021birea calit\u0103\u021bii vie\u021bii \u0219i un acces mai mare la servicii de \u00eengrijire \u0219i servicii specializate."},"content":{"rendered":"<div id=\"column-2\" class=\"portlet-column portlet-column-first\">\n<div id=\"layout-column_column-2\" class=\"portlet-dropzone portlet-column-content portlet-column-content-first\">\n<div id=\"p_p_id_com_liferay_journal_content_web_portlet_JournalContentPortlet_INSTANCE_8GyoioMoRNQT_\" class=\"portlet-boundary portlet-boundary_com_liferay_journal_content_web_portlet_JournalContentPortlet_ portlet-static portlet-static-end portlet-decorate portlet-journal-content\">\n<section id=\"portlet_com_liferay_journal_content_web_portlet_JournalContentPortlet_INSTANCE_8GyoioMoRNQT\" class=\"portlet\">\n<div class=\"portlet-content\">\n<div class=\"portlet-content-container\">\n<div class=\"portlet-body\">\n<div class=\"journal-content-article\">\n<div class=\"article\">\n<p class=\"lead\"><span style=\"color: #ff6600;\"><strong>SENIOR PLUS<\/strong><\/span><\/p>\n<p class=\"lead\"><strong>Concursul pentru cele mai bune proiecte cofinan\u021bate prin Programul guvernamental pentru activitatea social\u0103 a persoanelor v\u00e2rstnice pentru perioada 2014-2020 este deschis p\u00e2n\u0103 pe 21 decembrie. 40 de milioane de zlo\u021bi sunt puse la b\u0103taie \u00een cadrul noii edi\u021bii a programului.<\/strong><\/p>\n<div class=\"paragraph article_section_content\">\n<p><span style=\"color: #ff6600;\"><strong>Granturi<\/strong><\/span><\/p>\n<p>Printre altele, organiza\u021biile neguvernamentale, cooperativele sociale \u0219i asocia\u021biile unit\u0103\u021bilor administra\u021biei locale pot solicita finan\u021bare.<\/p>\n<p>- Valoarea subven\u021biei este de maximum 200 000 PLN.<\/p>\n<p>- Entit\u0103\u021bile care solicit\u0103 finan\u021bare trebuie s\u0103 aib\u0103 o contribu\u021bie proprie de cel pu\u021bin 10 %.<\/p>\n<p>Proiectul de buget pentru 2019 aloc\u0103 un total de 40 de milioane de zlo\u021bi pentru acest program.<\/p>\n<p>Aceste fonduri vor fi folosite pentru a finan\u021ba proiecte care vor \u00eembun\u0103t\u0103\u021bi calitatea \u0219i standardul de via\u021b\u0103 al persoanelor \u00een v\u00e2rst\u0103. Programul a fost creat pentru persoanele care se apropie de sf\u00e2r\u0219itul vie\u021bii profesionale.<\/p>\n<p><span style=\"color: #ff6600;\"><strong>Oferta de activit\u0103\u021bi sociale<\/strong><\/span><\/p>\n<p>Se asigur\u0103 o cofinan\u021bare guvernamental\u0103 pentru crearea unei oferte de activit\u0103\u021bi sociale care s\u0103 permit\u0103 dezvoltarea poten\u021bialului persoanelor de peste 60 de ani. Prioritatea este educa\u021bia persoanelor \u00een v\u00e2rst\u0103, activitatea social\u0103 care promoveaz\u0103 integrarea intra- \u0219i intergenera\u021bional\u0103, precum \u0219i participarea social\u0103 a persoanelor \u00een v\u00e2rst\u0103 \u0219i serviciile sociale pentru persoanele \u00een v\u00e2rst\u0103.<\/p>\n<p>- Beneficiarii programului nu sunt doar persoanele \u00een v\u00e2rst\u0103, care \u00een toamna vie\u021bii lor pot beneficia de o ofert\u0103 adaptat\u0103 nevoilor sau st\u0103rii lor de s\u0103n\u0103tate, ci \u0219i genera\u021biile mai tinere, care se pot baza pe experien\u021ba de via\u021b\u0103 a polonezilor mai \u00een v\u00e2rst\u0103\", spune El\u017cbieta Rafalska, ministrul Familiei, Muncii \u0219i Politicii Sociale.<\/p>\n<p>\u00centre 2016 \u0219i 2018, aproape 114 milioane PLN au fost alocate pentru punerea \u00een aplicare a programului. Din aceste fonduri, au fost cofinan\u021bate peste 1,1 mii de proiecte, de care au beneficiat aproape 450 de mii de persoane.<\/p>\n<p>Ofertele se depun numai \u00een versiune electronic\u0103, utiliz\u00e2nd generatorul de oferte disponibil la adresa\u00a0<strong><span style=\"color: #000000;\"><a style=\"color: #000000;\" href=\"https:\/\/asos2019.mpips.gov.pl\/\">https:\/\/asos2019.mpips.gov.pl<\/a>.<\/span><\/strong><\/p>\n<p><strong><span style=\"color: #ff6600;\">75 PLUS CARE<\/span><\/strong><\/p>\n<\/div>\n<div class=\"article_section_link\"><strong>\u00cen perioada 10 decembrie - 11 ianuarie, municipalit\u0103\u021bile vor putea depune cereri de finan\u021bare \u00een cadrul noii edi\u021bii a programului \"Care 75+\", pentru furnizarea de servicii de \u00eengrijire, inclusiv servicii de \u00eengrijire specializate pentru persoanele de peste 75 de ani.<\/strong><\/div>\n<div class=\"article_section_link\"><\/div>\n<div class=\"article_section_link\">\"Care 75+\" a fost implementat din ianuarie 2018. Programul a fost lansat pentru persoanele care au peste 75 de ani. Scopul s\u0103u este de a cre\u0219te disponibilitatea serviciilor de \u00eengrijire, inclusiv a celor specializate. \u00cen cadrul programului, municipalit\u0103\u021bile - care ofer\u0103 servicii de \u00eengrijire pe cont propriu \u0219i care au o popula\u021bie de maximum 60 000 de locuitori - pot beneficia de finan\u021bare pentru a furniza astfel de servicii. P\u00e2n\u0103 la sf\u00e2r\u0219itul lunii septembrie, 384 de prim\u0103rii au aderat la program, \u00een cadrul c\u0103ruia peste 2,2 mii de persoane v\u00e2rstnice de cea mai demn\u0103 v\u00e2rst\u0103 au beneficiat de servicii.<\/div>\n<\/div>\n<\/div>\n<\/div>\n<\/div>\n<\/div>\n<div class=\"article_section_link\"><\/div>\n<div class=\"portlet-content\">\n<div class=\"portlet-content-container\">\n<div class=\"portlet-body\">\n<div class=\"journal-content-article\">\n<div class=\"article\">\n<div class=\"article_section_link\" style=\"padding-left: 30px;\"><\/div>\n<div class=\"article_section_link\">\n<div class=\"gmail-paragraph gmail-article_section_content\" style=\"margin: 0px; padding-top: 0px; padding-right: 0px; padding-bottom: 0px;\">\n<p style=\"margin: 0px 0cm 1px; padding-top: 0px; padding-right: 0px; padding-bottom: 0px; text-align: left;\">\n<p style=\"margin: 0px 0cm 1px; padding-top: 0px; padding-right: 0px; padding-bottom: 0px; text-align: left;\"><span style=\"color: #ff6600;\"><strong><span style=\"font-size: 11pt;\">Modific\u0103ri\u00a0\u00a0<\/span><\/strong><\/span><\/p>\n<p><strong><span style=\"font-size: 11pt;\">Pentru a da un impuls mai mare programului, Ministerul Familiei a decis ca anul viitor \"Care 75+\" s\u0103 fie implementat \u00eentr-o formul\u0103 extins\u0103.<\/span><\/strong><\/p>\n<p style=\"margin: 0px 0cm 1px; padding-top: 0px; padding-right: 0px; padding-bottom: 0px; text-align: left;\"><span style=\"font-size: 11pt;\">- Din 2019, programul nu se va adresa doar persoanelor singure cu v\u00e2rste de peste 75 de ani (a\u0219a cum era p\u00e2n\u0103 acum), ci \u0219i seniorilor care au familii, spune ministrul Familiei, Muncii \u0219i Politicii Sociale, El\u017cbieta Rafalska.<\/span><\/p>\n<p style=\"margin: 0px 0cm 1px; padding-top: 0px; padding-right: 0px; padding-bottom: 0px; text-align: left;\"><span style=\"font-size: 11pt;\">Anul viitor, programul va fi disponibil \u0219i pentru municipalit\u0103\u021bile care furnizeaz\u0103 servicii de \u00eengrijire prin intermediul cooperativelor sociale \u00eenfiin\u021bate de unit\u0103\u021bile administra\u021biei locale. Acest lucru va permite programului s\u0103 acopere un num\u0103r mai mare de comune.<\/span><\/p>\n<p style=\"margin: 0px 0cm 1px; padding-top: 0px; padding-right: 0px; padding-bottom: 0px; text-align: left;\"><span style=\"font-size: 11pt;\">\u00cen mai 2018, Ministerul Familiei a realizat un studiu care a ar\u0103tat c\u0103 376 de municipalit\u0103\u021bi nu \u00ee\u0219i \u00eendeplinesc propria sarcin\u0103 \u00een temeiul Legii asisten\u021bei sociale \u0219i nu organizeaz\u0103 (sau furnizeaz\u0103) servicii de \u00eengrijire, inclusiv servicii specializate la locul de re\u0219edin\u021b\u0103. Un grup important de beneficiari ai acestor servicii sunt persoanele \u00een v\u00e2rst\u0103, care au deja 75 de ani.<\/span><\/p>\n<p style=\"margin: 0px 0cm 1px; padding-top: 0px; padding-right: 0px; padding-bottom: 0px; text-align: left;\"><span style=\"font-size: 11pt;\">Programul \"Care 75+\" este un r\u0103spuns la necesitatea de a cre\u0219te disponibilitatea acestor servicii. Comunele care se al\u0103tur\u0103 programului pot beneficia de sprijin financiar - p\u00e2n\u0103 la 50% din costurile preconizate pentru implementarea sarcinii.<\/span><\/p>\n<\/div>\n<\/div>\n<\/div>\n<\/div>\n<\/div>\n<div class=\"portlet-body\"><\/div>\n<\/div>\n<\/div>\n<\/section>\n<\/div>\n<\/div>\n<\/div>","protected":false},"excerpt":{"rendered":"<p>SENIOR PLUS Do 21 grudnia\u00a0mo\u017cna sk\u0142ada\u0107 oferty w konkursie na najlepsze projekty dofinansowane ze \u015brodk\u00f3w Rz\u0105dowego Programu na rzecz Aktywno\u015bci Spo\u0142ecznej Os\u00f3b Starszych na lata 2014-2020. W nowej edycji programu do wzi\u0119cia jest 40 mln z\u0142otych. Dotacje O dofinansowanie stara\u0107 mog\u0105 si\u0119 m.in. organizacje pozarz\u0105dowe, sp\u00f3\u0142dzielnie socjalne i stowarzyszenia jednostek samorz\u0105du terytorialnego. \u2022\u00a0 \u00a0Wysoko\u015b\u0107 dotacji [&hellip;]<\/p>","protected":false},"author":6,"featured_media":11527,"comment_status":"open","ping_status":"open","sticky":false,"template":"","format":"standard","meta":{"ngg_post_thumbnail":0,"footnotes":""},"categories":[49,82,3],"tags":[],"class_list":["post-11522","post","type-post","status-publish","format-standard","has-post-thumbnail","hentry","category-podkarpacie","category-prawo-i-sprawiedliwosc","category-wydarzenia"],"yoast_head":"<!-- This site is optimized with the Yoast SEO plugin v24.7 - https:\/\/yoast.com\/wordpress\/plugins\/seo\/ -->\n<title>Program Senior plus i Opieka 75 plus: edukacja, aktywno\u015b\u0107, poprawa \u017cycia senior\u00f3w oraz wi\u0119kszy dost\u0119p do us\u0142ug opieku\u0144czych i specjalistycznych &#8211; Marek Kuchci\u0144ski<\/title>\n<meta name=\"robots\" content=\"index, follow, max-snippet:-1, max-image-preview:large, max-video-preview:-1\" \/>\n<link rel=\"canonical\" href=\"https:\/\/marekkuchcinski.pl\/ro\/wydarzenia\/40-mln-zl-edukacje-aktywnosc-poprawe-zycia-seniorow\/\" \/>\n<meta property=\"og:locale\" content=\"ro_RO\" \/>\n<meta property=\"og:type\" content=\"article\" \/>\n<meta property=\"og:title\" content=\"Program Senior plus i Opieka 75 plus: edukacja, aktywno\u015b\u0107, poprawa \u017cycia senior\u00f3w oraz wi\u0119kszy dost\u0119p do us\u0142ug opieku\u0144czych i specjalistycznych &#8211; Marek Kuchci\u0144ski\" \/>\n<meta property=\"og:description\" content=\"SENIOR PLUS Do 21 grudnia\u00a0mo\u017cna sk\u0142ada\u0107 oferty w konkursie na najlepsze projekty dofinansowane ze \u015brodk\u00f3w Rz\u0105dowego Programu na rzecz Aktywno\u015bci Spo\u0142ecznej Os\u00f3b Starszych na lata 2014-2020. W nowej edycji programu do wzi\u0119cia jest 40 mln z\u0142otych. Dotacje O dofinansowanie stara\u0107 mog\u0105 si\u0119 m.in. organizacje pozarz\u0105dowe, sp\u00f3\u0142dzielnie socjalne i stowarzyszenia jednostek samorz\u0105du terytorialnego. \u2022\u00a0 \u00a0Wysoko\u015b\u0107 dotacji [&hellip;]\" \/>\n<meta property=\"og:url\" content=\"https:\/\/marekkuchcinski.pl\/ro\/wydarzenia\/40-mln-zl-edukacje-aktywnosc-poprawe-zycia-seniorow\/\" \/>\n<meta property=\"og:site_name\" content=\"Marek Kuchci\u0144ski\" \/>\n<meta property=\"article:published_time\" content=\"2018-12-06T10:42:29+00:00\" \/>\n<meta property=\"article:modified_time\" content=\"2018-12-06T12:45:02+00:00\" \/>\n<meta property=\"og:image\" content=\"https:\/\/marekkuchcinski.pl\/wp-content\/uploads\/2018\/12\/cae6cd95a6cc0217ff292c547633295a.jpg\" \/>\n\t<meta property=\"og:image:width\" content=\"1200\" \/>\n\t<meta property=\"og:image:height\" content=\"800\" \/>\n\t<meta property=\"og:image:type\" content=\"image\/jpeg\" \/>\n<meta name=\"author\" content=\"admin\" \/>\n<meta name=\"twitter:card\" content=\"summary_large_image\" \/>\n<meta name=\"twitter:label1\" content=\"Scris de\" \/>\n\t<meta name=\"twitter:data1\" content=\"admin\" \/>\n\t<meta name=\"twitter:label2\" content=\"Timp estimat pentru citire\" \/>\n\t<meta name=\"twitter:data2\" content=\"3 minutes\" \/>\n<script type=\"application\/ld+json\" class=\"yoast-schema-graph\">{\"@context\":\"https:\/\/schema.org\",\"@graph\":[{\"@type\":\"Article\",\"@id\":\"https:\/\/marekkuchcinski.pl\/cs\/wydarzenia\/40-mln-zl-edukacje-aktywnosc-poprawe-zycia-seniorow\/#article\",\"isPartOf\":{\"@id\":\"https:\/\/marekkuchcinski.pl\/cs\/wydarzenia\/40-mln-zl-edukacje-aktywnosc-poprawe-zycia-seniorow\/\"},\"author\":{\"name\":\"admin\",\"@id\":\"https:\/\/marekkuchcinski.pl\/#\/schema\/person\/6f62700996b4d950b6ea2d1183b6c6be\"},\"headline\":\"Program Senior plus i Opieka 75 plus: edukacja, aktywno\u015b\u0107, poprawa \u017cycia senior\u00f3w oraz wi\u0119kszy dost\u0119p do us\u0142ug opieku\u0144czych i specjalistycznych\",\"datePublished\":\"2018-12-06T10:42:29+00:00\",\"dateModified\":\"2018-12-06T12:45:02+00:00\",\"mainEntityOfPage\":{\"@id\":\"https:\/\/marekkuchcinski.pl\/cs\/wydarzenia\/40-mln-zl-edukacje-aktywnosc-poprawe-zycia-seniorow\/\"},\"wordCount\":677,\"commentCount\":0,\"publisher\":{\"@id\":\"https:\/\/marekkuchcinski.pl\/#organization\"},\"image\":{\"@id\":\"https:\/\/marekkuchcinski.pl\/cs\/wydarzenia\/40-mln-zl-edukacje-aktywnosc-poprawe-zycia-seniorow\/#primaryimage\"},\"thumbnailUrl\":\"https:\/\/marekkuchcinski.pl\/wp-content\/uploads\/2018\/12\/cae6cd95a6cc0217ff292c547633295a.jpg\",\"articleSection\":[\"Podkarpacie\",\"Prawo i Sprawiedliwo\u015b\u0107\",\"Wydarzenia\"],\"inLanguage\":\"ro-RO\",\"potentialAction\":[{\"@type\":\"CommentAction\",\"name\":\"Comment\",\"target\":[\"https:\/\/marekkuchcinski.pl\/cs\/wydarzenia\/40-mln-zl-edukacje-aktywnosc-poprawe-zycia-seniorow\/#respond\"]}]},{\"@type\":\"WebPage\",\"@id\":\"https:\/\/marekkuchcinski.pl\/cs\/wydarzenia\/40-mln-zl-edukacje-aktywnosc-poprawe-zycia-seniorow\/\",\"url\":\"https:\/\/marekkuchcinski.pl\/cs\/wydarzenia\/40-mln-zl-edukacje-aktywnosc-poprawe-zycia-seniorow\/\",\"name\":\"Program Senior plus i Opieka 75 plus: edukacja, aktywno\u015b\u0107, poprawa \u017cycia senior\u00f3w oraz wi\u0119kszy dost\u0119p do us\u0142ug opieku\u0144czych i specjalistycznych &#8211; Marek Kuchci\u0144ski\",\"isPartOf\":{\"@id\":\"https:\/\/marekkuchcinski.pl\/#website\"},\"primaryImageOfPage\":{\"@id\":\"https:\/\/marekkuchcinski.pl\/cs\/wydarzenia\/40-mln-zl-edukacje-aktywnosc-poprawe-zycia-seniorow\/#primaryimage\"},\"image\":{\"@id\":\"https:\/\/marekkuchcinski.pl\/cs\/wydarzenia\/40-mln-zl-edukacje-aktywnosc-poprawe-zycia-seniorow\/#primaryimage\"},\"thumbnailUrl\":\"https:\/\/marekkuchcinski.pl\/wp-content\/uploads\/2018\/12\/cae6cd95a6cc0217ff292c547633295a.jpg\",\"datePublished\":\"2018-12-06T10:42:29+00:00\",\"dateModified\":\"2018-12-06T12:45:02+00:00\",\"breadcrumb\":{\"@id\":\"https:\/\/marekkuchcinski.pl\/cs\/wydarzenia\/40-mln-zl-edukacje-aktywnosc-poprawe-zycia-seniorow\/#breadcrumb\"},\"inLanguage\":\"ro-RO\",\"potentialAction\":[{\"@type\":\"ReadAction\",\"target\":[\"https:\/\/marekkuchcinski.pl\/cs\/wydarzenia\/40-mln-zl-edukacje-aktywnosc-poprawe-zycia-seniorow\/\"]}]},{\"@type\":\"ImageObject\",\"inLanguage\":\"ro-RO\",\"@id\":\"https:\/\/marekkuchcinski.pl\/cs\/wydarzenia\/40-mln-zl-edukacje-aktywnosc-poprawe-zycia-seniorow\/#primaryimage\",\"url\":\"https:\/\/marekkuchcinski.pl\/wp-content\/uploads\/2018\/12\/cae6cd95a6cc0217ff292c547633295a.jpg\",\"contentUrl\":\"https:\/\/marekkuchcinski.pl\/wp-content\/uploads\/2018\/12\/cae6cd95a6cc0217ff292c547633295a.jpg\",\"width\":1200,\"height\":800},{\"@type\":\"BreadcrumbList\",\"@id\":\"https:\/\/marekkuchcinski.pl\/cs\/wydarzenia\/40-mln-zl-edukacje-aktywnosc-poprawe-zycia-seniorow\/#breadcrumb\",\"itemListElement\":[{\"@type\":\"ListItem\",\"position\":1,\"name\":\"Strona g\u0142\u00f3wna\",\"item\":\"https:\/\/marekkuchcinski.pl\/\"},{\"@type\":\"ListItem\",\"position\":2,\"name\":\"Program Senior plus i Opieka 75 plus: edukacja, aktywno\u015b\u0107, poprawa \u017cycia senior\u00f3w oraz wi\u0119kszy dost\u0119p do us\u0142ug opieku\u0144czych i specjalistycznych\"}]},{\"@type\":\"WebSite\",\"@id\":\"https:\/\/marekkuchcinski.pl\/#website\",\"url\":\"https:\/\/marekkuchcinski.pl\/\",\"name\":\"Marek Kuchci\u0144ski\",\"description\":\"Pose\u0142 na sejm RP &ndash; okr\u0119g nr 22\",\"publisher\":{\"@id\":\"https:\/\/marekkuchcinski.pl\/#organization\"},\"potentialAction\":[{\"@type\":\"SearchAction\",\"target\":{\"@type\":\"EntryPoint\",\"urlTemplate\":\"https:\/\/marekkuchcinski.pl\/?s={search_term_string}\"},\"query-input\":{\"@type\":\"PropertyValueSpecification\",\"valueRequired\":true,\"valueName\":\"search_term_string\"}}],\"inLanguage\":\"ro-RO\"},{\"@type\":\"Organization\",\"@id\":\"https:\/\/marekkuchcinski.pl\/#organization\",\"name\":\"Marek Kuchci\u0144ski\",\"url\":\"https:\/\/marekkuchcinski.pl\/\",\"logo\":{\"@type\":\"ImageObject\",\"inLanguage\":\"ro-RO\",\"@id\":\"https:\/\/marekkuchcinski.pl\/#\/schema\/logo\/image\/\",\"url\":\"https:\/\/marekkuchcinski.pl\/wp-content\/uploads\/2022\/09\/Marek.jpg\",\"contentUrl\":\"https:\/\/marekkuchcinski.pl\/wp-content\/uploads\/2022\/09\/Marek.jpg\",\"width\":1600,\"height\":971,\"caption\":\"Marek Kuchci\u0144ski\"},\"image\":{\"@id\":\"https:\/\/marekkuchcinski.pl\/#\/schema\/logo\/image\/\"}},{\"@type\":\"Person\",\"@id\":\"https:\/\/marekkuchcinski.pl\/#\/schema\/person\/6f62700996b4d950b6ea2d1183b6c6be\",\"name\":\"admin\",\"image\":{\"@type\":\"ImageObject\",\"inLanguage\":\"ro-RO\",\"@id\":\"https:\/\/marekkuchcinski.pl\/#\/schema\/person\/image\/\",\"url\":\"https:\/\/secure.gravatar.com\/avatar\/4bab693b9d55c3d6b52c0296a8765085?s=96&d=mm&r=g\",\"contentUrl\":\"https:\/\/secure.gravatar.com\/avatar\/4bab693b9d55c3d6b52c0296a8765085?s=96&d=mm&r=g\",\"caption\":\"admin\"},\"url\":\"https:\/\/marekkuchcinski.pl\/ro\/author\/marta-olejnik\/\"}]}<\/script>\n<!-- \/ Yoast SEO plugin. -->","yoast_head_json":{"title":"Program Senior plus i Opieka 75 plus: edukacja, aktywno\u015b\u0107, poprawa \u017cycia senior\u00f3w oraz wi\u0119kszy dost\u0119p do us\u0142ug opieku\u0144czych i specjalistycznych &#8211; Marek Kuchci\u0144ski","robots":{"index":"index","follow":"follow","max-snippet":"max-snippet:-1","max-image-preview":"max-image-preview:large","max-video-preview":"max-video-preview:-1"},"canonical":"https:\/\/marekkuchcinski.pl\/ro\/wydarzenia\/40-mln-zl-edukacje-aktywnosc-poprawe-zycia-seniorow\/","og_locale":"ro_RO","og_type":"article","og_title":"Program Senior plus i Opieka 75 plus: edukacja, aktywno\u015b\u0107, poprawa \u017cycia senior\u00f3w oraz wi\u0119kszy dost\u0119p do us\u0142ug opieku\u0144czych i specjalistycznych &#8211; Marek Kuchci\u0144ski","og_description":"SENIOR PLUS Do 21 grudnia\u00a0mo\u017cna sk\u0142ada\u0107 oferty w konkursie na najlepsze projekty dofinansowane ze \u015brodk\u00f3w Rz\u0105dowego Programu na rzecz Aktywno\u015bci Spo\u0142ecznej Os\u00f3b Starszych na lata 2014-2020. W nowej edycji programu do wzi\u0119cia jest 40 mln z\u0142otych. Dotacje O dofinansowanie stara\u0107 mog\u0105 si\u0119 m.in. organizacje pozarz\u0105dowe, sp\u00f3\u0142dzielnie socjalne i stowarzyszenia jednostek samorz\u0105du terytorialnego. \u2022\u00a0 \u00a0Wysoko\u015b\u0107 dotacji [&hellip;]","og_url":"https:\/\/marekkuchcinski.pl\/ro\/wydarzenia\/40-mln-zl-edukacje-aktywnosc-poprawe-zycia-seniorow\/","og_site_name":"Marek Kuchci\u0144ski","article_published_time":"2018-12-06T10:42:29+00:00","article_modified_time":"2018-12-06T12:45:02+00:00","og_image":[{"width":1200,"height":800,"url":"https:\/\/marekkuchcinski.pl\/wp-content\/uploads\/2018\/12\/cae6cd95a6cc0217ff292c547633295a.jpg","type":"image\/jpeg"}],"author":"admin","twitter_card":"summary_large_image","twitter_misc":{"Scris de":"admin","Timp estimat pentru citire":"3 minutes"},"schema":{"@context":"https:\/\/schema.org","@graph":[{"@type":"Article","@id":"https:\/\/marekkuchcinski.pl\/cs\/wydarzenia\/40-mln-zl-edukacje-aktywnosc-poprawe-zycia-seniorow\/#article","isPartOf":{"@id":"https:\/\/marekkuchcinski.pl\/cs\/wydarzenia\/40-mln-zl-edukacje-aktywnosc-poprawe-zycia-seniorow\/"},"author":{"name":"admin","@id":"https:\/\/marekkuchcinski.pl\/#\/schema\/person\/6f62700996b4d950b6ea2d1183b6c6be"},"headline":"Program Senior plus i Opieka 75 plus: edukacja, aktywno\u015b\u0107, poprawa \u017cycia senior\u00f3w oraz wi\u0119kszy dost\u0119p do us\u0142ug opieku\u0144czych i specjalistycznych","datePublished":"2018-12-06T10:42:29+00:00","dateModified":"2018-12-06T12:45:02+00:00","mainEntityOfPage":{"@id":"https:\/\/marekkuchcinski.pl\/cs\/wydarzenia\/40-mln-zl-edukacje-aktywnosc-poprawe-zycia-seniorow\/"},"wordCount":677,"commentCount":0,"publisher":{"@id":"https:\/\/marekkuchcinski.pl\/#organization"},"image":{"@id":"https:\/\/marekkuchcinski.pl\/cs\/wydarzenia\/40-mln-zl-edukacje-aktywnosc-poprawe-zycia-seniorow\/#primaryimage"},"thumbnailUrl":"https:\/\/marekkuchcinski.pl\/wp-content\/uploads\/2018\/12\/cae6cd95a6cc0217ff292c547633295a.jpg","articleSection":["Podkarpacie","Prawo i Sprawiedliwo\u015b\u0107","Wydarzenia"],"inLanguage":"ro-RO","potentialAction":[{"@type":"CommentAction","name":"Comment","target":["https:\/\/marekkuchcinski.pl\/cs\/wydarzenia\/40-mln-zl-edukacje-aktywnosc-poprawe-zycia-seniorow\/#respond"]}]},{"@type":"WebPage","@id":"https:\/\/marekkuchcinski.pl\/cs\/wydarzenia\/40-mln-zl-edukacje-aktywnosc-poprawe-zycia-seniorow\/","url":"https:\/\/marekkuchcinski.pl\/cs\/wydarzenia\/40-mln-zl-edukacje-aktywnosc-poprawe-zycia-seniorow\/","name":"Program Senior plus i Opieka 75 plus: edukacja, aktywno\u015b\u0107, poprawa \u017cycia senior\u00f3w oraz wi\u0119kszy dost\u0119p do us\u0142ug opieku\u0144czych i specjalistycznych &#8211; Marek Kuchci\u0144ski","isPartOf":{"@id":"https:\/\/marekkuchcinski.pl\/#website"},"primaryImageOfPage":{"@id":"https:\/\/marekkuchcinski.pl\/cs\/wydarzenia\/40-mln-zl-edukacje-aktywnosc-poprawe-zycia-seniorow\/#primaryimage"},"image":{"@id":"https:\/\/marekkuchcinski.pl\/cs\/wydarzenia\/40-mln-zl-edukacje-aktywnosc-poprawe-zycia-seniorow\/#primaryimage"},"thumbnailUrl":"https:\/\/marekkuchcinski.pl\/wp-content\/uploads\/2018\/12\/cae6cd95a6cc0217ff292c547633295a.jpg","datePublished":"2018-12-06T10:42:29+00:00","dateModified":"2018-12-06T12:45:02+00:00","breadcrumb":{"@id":"https:\/\/marekkuchcinski.pl\/cs\/wydarzenia\/40-mln-zl-edukacje-aktywnosc-poprawe-zycia-seniorow\/#breadcrumb"},"inLanguage":"ro-RO","potentialAction":[{"@type":"ReadAction","target":["https:\/\/marekkuchcinski.pl\/cs\/wydarzenia\/40-mln-zl-edukacje-aktywnosc-poprawe-zycia-seniorow\/"]}]},{"@type":"ImageObject","inLanguage":"ro-RO","@id":"https:\/\/marekkuchcinski.pl\/cs\/wydarzenia\/40-mln-zl-edukacje-aktywnosc-poprawe-zycia-seniorow\/#primaryimage","url":"https:\/\/marekkuchcinski.pl\/wp-content\/uploads\/2018\/12\/cae6cd95a6cc0217ff292c547633295a.jpg","contentUrl":"https:\/\/marekkuchcinski.pl\/wp-content\/uploads\/2018\/12\/cae6cd95a6cc0217ff292c547633295a.jpg","width":1200,"height":800},{"@type":"BreadcrumbList","@id":"https:\/\/marekkuchcinski.pl\/cs\/wydarzenia\/40-mln-zl-edukacje-aktywnosc-poprawe-zycia-seniorow\/#breadcrumb","itemListElement":[{"@type":"ListItem","position":1,"name":"Strona g\u0142\u00f3wna","item":"https:\/\/marekkuchcinski.pl\/"},{"@type":"ListItem","position":2,"name":"Program Senior plus i Opieka 75 plus: edukacja, aktywno\u015b\u0107, poprawa \u017cycia senior\u00f3w oraz wi\u0119kszy dost\u0119p do us\u0142ug opieku\u0144czych i specjalistycznych"}]},{"@type":"WebSite","@id":"https:\/\/marekkuchcinski.pl\/#website","url":"https:\/\/marekkuchcinski.pl\/","name":"Marek Kuchci\u0144ski","description":"Pose\u0142 na sejm RP &ndash; okr\u0119g nr 22","publisher":{"@id":"https:\/\/marekkuchcinski.pl\/#organization"},"potentialAction":[{"@type":"SearchAction","target":{"@type":"EntryPoint","urlTemplate":"https:\/\/marekkuchcinski.pl\/?s={search_term_string}"},"query-input":{"@type":"PropertyValueSpecification","valueRequired":true,"valueName":"search_term_string"}}],"inLanguage":"ro-RO"},{"@type":"Organization","@id":"https:\/\/marekkuchcinski.pl\/#organization","name":"Marek Kuchci\u0144ski","url":"https:\/\/marekkuchcinski.pl\/","logo":{"@type":"ImageObject","inLanguage":"ro-RO","@id":"https:\/\/marekkuchcinski.pl\/#\/schema\/logo\/image\/","url":"https:\/\/marekkuchcinski.pl\/wp-content\/uploads\/2022\/09\/Marek.jpg","contentUrl":"https:\/\/marekkuchcinski.pl\/wp-content\/uploads\/2022\/09\/Marek.jpg","width":1600,"height":971,"caption":"Marek Kuchci\u0144ski"},"image":{"@id":"https:\/\/marekkuchcinski.pl\/#\/schema\/logo\/image\/"}},{"@type":"Person","@id":"https:\/\/marekkuchcinski.pl\/#\/schema\/person\/6f62700996b4d950b6ea2d1183b6c6be","name":"admin","image":{"@type":"ImageObject","inLanguage":"ro-RO","@id":"https:\/\/marekkuchcinski.pl\/#\/schema\/person\/image\/","url":"https:\/\/secure.gravatar.com\/avatar\/4bab693b9d55c3d6b52c0296a8765085?s=96&d=mm&r=g","contentUrl":"https:\/\/secure.gravatar.com\/avatar\/4bab693b9d55c3d6b52c0296a8765085?s=96&d=mm&r=g","caption":"admin"},"url":"https:\/\/marekkuchcinski.pl\/ro\/author\/marta-olejnik\/"}]}},"_links":{"self":[{"href":"https:\/\/marekkuchcinski.pl\/ro\/wp-json\/wp\/v2\/posts\/11522","targetHints":{"allow":["GET"]}}],"collection":[{"href":"https:\/\/marekkuchcinski.pl\/ro\/wp-json\/wp\/v2\/posts"}],"about":[{"href":"https:\/\/marekkuchcinski.pl\/ro\/wp-json\/wp\/v2\/types\/post"}],"author":[{"embeddable":true,"href":"https:\/\/marekkuchcinski.pl\/ro\/wp-json\/wp\/v2\/users\/6"}],"replies":[{"embeddable":true,"href":"https:\/\/marekkuchcinski.pl\/ro\/wp-json\/wp\/v2\/comments?post=11522"}],"version-history":[{"count":16,"href":"https:\/\/marekkuchcinski.pl\/ro\/wp-json\/wp\/v2\/posts\/11522\/revisions"}],"predecessor-version":[{"id":11541,"href":"https:\/\/marekkuchcinski.pl\/ro\/wp-json\/wp\/v2\/posts\/11522\/revisions\/11541"}],"wp:featuredmedia":[{"embeddable":true,"href":"https:\/\/marekkuchcinski.pl\/ro\/wp-json\/wp\/v2\/media\/11527"}],"wp:attachment":[{"href":"https:\/\/marekkuchcinski.pl\/ro\/wp-json\/wp\/v2\/media?parent=11522"}],"wp:term":[{"taxonomy":"category","embeddable":true,"href":"https:\/\/marekkuchcinski.pl\/ro\/wp-json\/wp\/v2\/categories?post=11522"},{"taxonomy":"post_tag","embeddable":true,"href":"https:\/\/marekkuchcinski.pl\/ro\/wp-json\/wp\/v2\/tags?post=11522"}],"curies":[{"name":"wp","href":"https:\/\/api.w.org\/{rel}","templated":true}]}}