{"id":11510,"date":"2018-12-05T16:06:29","date_gmt":"2018-12-05T15:06:29","guid":{"rendered":"https:\/\/marekkuchcinski.pl\/?p=11510"},"modified":"2018-12-05T16:06:29","modified_gmt":"2018-12-05T15:06:29","slug":"marek-kuchcinski-pielegnowanie-przeszlosci-nasza-powinnoscia-wobec-tych-wszystkich-ktorzy-odwage-upomniec-sie-o-lepsze-godne-zycie-prawa-czlowieka","status":"publish","type":"post","link":"https:\/\/marekkuchcinski.pl\/ro\/bez-kategorii\/lms\/marek-kuchcinski-pielegnowanie-przeszlosci-nasza-powinnoscia-wobec-tych-wszystkich-ktorzy-odwage-upomniec-sie-o-lepsze-godne-zycie-prawa-czlowieka\/","title":{"rendered":"Marek Kuchci\u0144ski: S\u0103 pre\u021buim trecutul este datoria noastr\u0103 fa\u021b\u0103 de to\u021bi cei care au avut curajul s\u0103 cear\u0103 o via\u021b\u0103 mai bun\u0103, mai demn\u0103 \u0219i drepturile omului"},"content":{"rendered":"<p>Comunitatea din Wola Zarczycka din districtul Le\u017cajsk i-a comemorat pe locuitorii satului lor care, ac\u021bion\u00e2nd \u00een cadrul mi\u0219c\u0103rii Solidaritatea rural\u0103, au luptat \u00eempotriva sclaviei comuniste. O scrisoare a fost adresat\u0103 celor aduna\u021bi de c\u0103tre pre\u0219edintele Sejm-ului. \u00cen ea, el a scris, printre altele, c\u0103 fermierii au fost, timp de mul\u021bi ani, pilonul patriotismului \u0219i al valorilor cre\u0219tine tradi\u021bionale \u0219i c\u0103 pre\u021buirea trecutului este datoria noastr\u0103 fa\u021b\u0103 de to\u021bi cei care au avut curajul s\u0103 cear\u0103 o via\u021b\u0103 mai bun\u0103, mai demn\u0103 \u0219i drepturile care apar\u021bin fiec\u0103rui om \u0219i na\u021biune.<\/p>\n<p><strong><span style=\"color: #000000;\"><a style=\"color: #000000;\" href=\"https:\/\/marekkuchcinski.pl\/wp-content\/uploads\/2018\/12\/Wola-Zarczycka-1.pdf\">LISTA<\/a><\/span><\/strong><\/p>\n<p>&nbsp;<\/p>\n<p>&nbsp;<\/p>","protected":false},"excerpt":{"rendered":"<p>Spo\u0142eczno\u015b\u0107 Woli Zarczyckiej w powiecie le\u017cajskim uczci\u0142a mieszka\u0144c\u00f3w swojej wsi, kt\u00f3rzy dzia\u0142aj\u0105c w Solidarno\u015bci Wiejskiej, walczyli z komunistycznym zniewoleniem. Do zebranych list skierowa\u0142 marsza\u0142ek Sejmu. Napisa\u0142 w nim m.in., \u017ce rolnicy przez wiele lat byli ostoj\u0105 patriotyzmu i tradycyjnych chrze\u015bcija\u0144skich warto\u015bci, a\u00a0piel\u0119gnowanie przesz\u0142o\u015bci jest nasz\u0105 powinno\u015bci\u0105 wobec tych wszystkich, kt\u00f3rzy mieli odwag\u0119 upomnie\u0107 si\u0119 o [&hellip;]<\/p>","protected":false},"author":6,"featured_media":0,"comment_status":"open","ping_status":"open","sticky":false,"template":"","format":"standard","meta":{"ngg_post_thumbnail":0,"footnotes":""},"categories":[104],"tags":[],"class_list":["post-11510","post","type-post","status-publish","format-standard","hentry","category-lms"],"yoast_head":"<!-- This site is optimized with the Yoast SEO plugin v24.7 - https:\/\/yoast.com\/wordpress\/plugins\/seo\/ -->\n<title>Marek Kuchci\u0144ski: Piel\u0119gnowanie przesz\u0142o\u015bci jest nasz\u0105 powinno\u015bci\u0105 wobec tych wszystkich, kt\u00f3rzy mieli odwag\u0119 upomnie\u0107 si\u0119 o lepsze, godne \u017cycie i prawa cz\u0142owieka &#8211; Marek Kuchci\u0144ski<\/title>\n<meta name=\"robots\" content=\"index, follow, max-snippet:-1, max-image-preview:large, max-video-preview:-1\" \/>\n<link rel=\"canonical\" href=\"https:\/\/marekkuchcinski.pl\/ro\/bez-kategorii\/lms\/marek-kuchcinski-pielegnowanie-przeszlosci-nasza-powinnoscia-wobec-tych-wszystkich-ktorzy-odwage-upomniec-sie-o-lepsze-godne-zycie-prawa-czlowieka\/\" \/>\n<meta property=\"og:locale\" content=\"ro_RO\" \/>\n<meta property=\"og:type\" content=\"article\" \/>\n<meta property=\"og:title\" content=\"Marek Kuchci\u0144ski: Piel\u0119gnowanie przesz\u0142o\u015bci jest nasz\u0105 powinno\u015bci\u0105 wobec tych wszystkich, kt\u00f3rzy mieli odwag\u0119 upomnie\u0107 si\u0119 o lepsze, godne \u017cycie i prawa cz\u0142owieka &#8211; Marek Kuchci\u0144ski\" \/>\n<meta property=\"og:description\" content=\"Spo\u0142eczno\u015b\u0107 Woli Zarczyckiej w powiecie le\u017cajskim uczci\u0142a mieszka\u0144c\u00f3w swojej wsi, kt\u00f3rzy dzia\u0142aj\u0105c w Solidarno\u015bci Wiejskiej, walczyli z komunistycznym zniewoleniem. Do zebranych list skierowa\u0142 marsza\u0142ek Sejmu. Napisa\u0142 w nim m.in., \u017ce rolnicy przez wiele lat byli ostoj\u0105 patriotyzmu i tradycyjnych chrze\u015bcija\u0144skich warto\u015bci, a\u00a0piel\u0119gnowanie przesz\u0142o\u015bci jest nasz\u0105 powinno\u015bci\u0105 wobec tych wszystkich, kt\u00f3rzy mieli odwag\u0119 upomnie\u0107 si\u0119 o [&hellip;]\" \/>\n<meta property=\"og:url\" content=\"https:\/\/marekkuchcinski.pl\/ro\/bez-kategorii\/lms\/marek-kuchcinski-pielegnowanie-przeszlosci-nasza-powinnoscia-wobec-tych-wszystkich-ktorzy-odwage-upomniec-sie-o-lepsze-godne-zycie-prawa-czlowieka\/\" \/>\n<meta property=\"og:site_name\" content=\"Marek Kuchci\u0144ski\" \/>\n<meta property=\"article:published_time\" content=\"2018-12-05T15:06:29+00:00\" \/>\n<meta property=\"og:image\" content=\"https:\/\/marekkuchcinski.pl\/wp-content\/uploads\/2022\/09\/Marek.jpg\" \/>\n\t<meta property=\"og:image:width\" content=\"1600\" \/>\n\t<meta property=\"og:image:height\" content=\"971\" \/>\n\t<meta property=\"og:image:type\" content=\"image\/jpeg\" \/>\n<meta name=\"author\" content=\"admin\" \/>\n<meta name=\"twitter:card\" content=\"summary_large_image\" \/>\n<meta name=\"twitter:label1\" content=\"Scris de\" \/>\n\t<meta name=\"twitter:data1\" content=\"admin\" \/>\n<script type=\"application\/ld+json\" class=\"yoast-schema-graph\">{\"@context\":\"https:\/\/schema.org\",\"@graph\":[{\"@type\":\"Article\",\"@id\":\"https:\/\/marekkuchcinski.pl\/ro\/bez-kategorii\/lms\/marek-kuchcinski-pielegnowanie-przeszlosci-nasza-powinnoscia-wobec-tych-wszystkich-ktorzy-odwage-upomniec-sie-o-lepsze-godne-zycie-prawa-czlowieka\/#article\",\"isPartOf\":{\"@id\":\"https:\/\/marekkuchcinski.pl\/ro\/bez-kategorii\/lms\/marek-kuchcinski-pielegnowanie-przeszlosci-nasza-powinnoscia-wobec-tych-wszystkich-ktorzy-odwage-upomniec-sie-o-lepsze-godne-zycie-prawa-czlowieka\/\"},\"author\":{\"name\":\"admin\",\"@id\":\"https:\/\/marekkuchcinski.pl\/#\/schema\/person\/6f62700996b4d950b6ea2d1183b6c6be\"},\"headline\":\"Marek Kuchci\u0144ski: Piel\u0119gnowanie przesz\u0142o\u015bci jest nasz\u0105 powinno\u015bci\u0105 wobec tych wszystkich, kt\u00f3rzy mieli odwag\u0119 upomnie\u0107 si\u0119 o lepsze, godne \u017cycie i prawa cz\u0142owieka\",\"datePublished\":\"2018-12-05T15:06:29+00:00\",\"mainEntityOfPage\":{\"@id\":\"https:\/\/marekkuchcinski.pl\/ro\/bez-kategorii\/lms\/marek-kuchcinski-pielegnowanie-przeszlosci-nasza-powinnoscia-wobec-tych-wszystkich-ktorzy-odwage-upomniec-sie-o-lepsze-godne-zycie-prawa-czlowieka\/\"},\"wordCount\":120,\"commentCount\":0,\"publisher\":{\"@id\":\"https:\/\/marekkuchcinski.pl\/#organization\"},\"articleSection\":[\"Listy Marsza\u0142ka Sejmu\"],\"inLanguage\":\"ro-RO\",\"potentialAction\":[{\"@type\":\"CommentAction\",\"name\":\"Comment\",\"target\":[\"https:\/\/marekkuchcinski.pl\/ro\/bez-kategorii\/lms\/marek-kuchcinski-pielegnowanie-przeszlosci-nasza-powinnoscia-wobec-tych-wszystkich-ktorzy-odwage-upomniec-sie-o-lepsze-godne-zycie-prawa-czlowieka\/#respond\"]}]},{\"@type\":\"WebPage\",\"@id\":\"https:\/\/marekkuchcinski.pl\/ro\/bez-kategorii\/lms\/marek-kuchcinski-pielegnowanie-przeszlosci-nasza-powinnoscia-wobec-tych-wszystkich-ktorzy-odwage-upomniec-sie-o-lepsze-godne-zycie-prawa-czlowieka\/\",\"url\":\"https:\/\/marekkuchcinski.pl\/ro\/bez-kategorii\/lms\/marek-kuchcinski-pielegnowanie-przeszlosci-nasza-powinnoscia-wobec-tych-wszystkich-ktorzy-odwage-upomniec-sie-o-lepsze-godne-zycie-prawa-czlowieka\/\",\"name\":\"Marek Kuchci\u0144ski: Piel\u0119gnowanie przesz\u0142o\u015bci jest nasz\u0105 powinno\u015bci\u0105 wobec tych wszystkich, kt\u00f3rzy mieli odwag\u0119 upomnie\u0107 si\u0119 o lepsze, godne \u017cycie i prawa cz\u0142owieka &#8211; Marek Kuchci\u0144ski\",\"isPartOf\":{\"@id\":\"https:\/\/marekkuchcinski.pl\/#website\"},\"datePublished\":\"2018-12-05T15:06:29+00:00\",\"breadcrumb\":{\"@id\":\"https:\/\/marekkuchcinski.pl\/ro\/bez-kategorii\/lms\/marek-kuchcinski-pielegnowanie-przeszlosci-nasza-powinnoscia-wobec-tych-wszystkich-ktorzy-odwage-upomniec-sie-o-lepsze-godne-zycie-prawa-czlowieka\/#breadcrumb\"},\"inLanguage\":\"ro-RO\",\"potentialAction\":[{\"@type\":\"ReadAction\",\"target\":[\"https:\/\/marekkuchcinski.pl\/ro\/bez-kategorii\/lms\/marek-kuchcinski-pielegnowanie-przeszlosci-nasza-powinnoscia-wobec-tych-wszystkich-ktorzy-odwage-upomniec-sie-o-lepsze-godne-zycie-prawa-czlowieka\/\"]}]},{\"@type\":\"BreadcrumbList\",\"@id\":\"https:\/\/marekkuchcinski.pl\/ro\/bez-kategorii\/lms\/marek-kuchcinski-pielegnowanie-przeszlosci-nasza-powinnoscia-wobec-tych-wszystkich-ktorzy-odwage-upomniec-sie-o-lepsze-godne-zycie-prawa-czlowieka\/#breadcrumb\",\"itemListElement\":[{\"@type\":\"ListItem\",\"position\":1,\"name\":\"Strona g\u0142\u00f3wna\",\"item\":\"https:\/\/marekkuchcinski.pl\/\"},{\"@type\":\"ListItem\",\"position\":2,\"name\":\"Marek Kuchci\u0144ski: Piel\u0119gnowanie przesz\u0142o\u015bci jest nasz\u0105 powinno\u015bci\u0105 wobec tych wszystkich, kt\u00f3rzy mieli odwag\u0119 upomnie\u0107 si\u0119 o lepsze, godne \u017cycie i prawa cz\u0142owieka\"}]},{\"@type\":\"WebSite\",\"@id\":\"https:\/\/marekkuchcinski.pl\/#website\",\"url\":\"https:\/\/marekkuchcinski.pl\/\",\"name\":\"Marek Kuchci\u0144ski\",\"description\":\"Pose\u0142 na sejm RP &ndash; okr\u0119g nr 22\",\"publisher\":{\"@id\":\"https:\/\/marekkuchcinski.pl\/#organization\"},\"potentialAction\":[{\"@type\":\"SearchAction\",\"target\":{\"@type\":\"EntryPoint\",\"urlTemplate\":\"https:\/\/marekkuchcinski.pl\/?s={search_term_string}\"},\"query-input\":{\"@type\":\"PropertyValueSpecification\",\"valueRequired\":true,\"valueName\":\"search_term_string\"}}],\"inLanguage\":\"ro-RO\"},{\"@type\":\"Organization\",\"@id\":\"https:\/\/marekkuchcinski.pl\/#organization\",\"name\":\"Marek Kuchci\u0144ski\",\"url\":\"https:\/\/marekkuchcinski.pl\/\",\"logo\":{\"@type\":\"ImageObject\",\"inLanguage\":\"ro-RO\",\"@id\":\"https:\/\/marekkuchcinski.pl\/#\/schema\/logo\/image\/\",\"url\":\"https:\/\/marekkuchcinski.pl\/wp-content\/uploads\/2022\/09\/Marek.jpg\",\"contentUrl\":\"https:\/\/marekkuchcinski.pl\/wp-content\/uploads\/2022\/09\/Marek.jpg\",\"width\":1600,\"height\":971,\"caption\":\"Marek Kuchci\u0144ski\"},\"image\":{\"@id\":\"https:\/\/marekkuchcinski.pl\/#\/schema\/logo\/image\/\"}},{\"@type\":\"Person\",\"@id\":\"https:\/\/marekkuchcinski.pl\/#\/schema\/person\/6f62700996b4d950b6ea2d1183b6c6be\",\"name\":\"admin\",\"image\":{\"@type\":\"ImageObject\",\"inLanguage\":\"ro-RO\",\"@id\":\"https:\/\/marekkuchcinski.pl\/#\/schema\/person\/image\/\",\"url\":\"https:\/\/secure.gravatar.com\/avatar\/4bab693b9d55c3d6b52c0296a8765085?s=96&d=mm&r=g\",\"contentUrl\":\"https:\/\/secure.gravatar.com\/avatar\/4bab693b9d55c3d6b52c0296a8765085?s=96&d=mm&r=g\",\"caption\":\"admin\"},\"url\":\"https:\/\/marekkuchcinski.pl\/ro\/author\/marta-olejnik\/\"}]}<\/script>\n<!-- \/ Yoast SEO plugin. -->","yoast_head_json":{"title":"Marek Kuchci\u0144ski: Piel\u0119gnowanie przesz\u0142o\u015bci jest nasz\u0105 powinno\u015bci\u0105 wobec tych wszystkich, kt\u00f3rzy mieli odwag\u0119 upomnie\u0107 si\u0119 o lepsze, godne \u017cycie i prawa cz\u0142owieka &#8211; Marek Kuchci\u0144ski","robots":{"index":"index","follow":"follow","max-snippet":"max-snippet:-1","max-image-preview":"max-image-preview:large","max-video-preview":"max-video-preview:-1"},"canonical":"https:\/\/marekkuchcinski.pl\/ro\/bez-kategorii\/lms\/marek-kuchcinski-pielegnowanie-przeszlosci-nasza-powinnoscia-wobec-tych-wszystkich-ktorzy-odwage-upomniec-sie-o-lepsze-godne-zycie-prawa-czlowieka\/","og_locale":"ro_RO","og_type":"article","og_title":"Marek Kuchci\u0144ski: Piel\u0119gnowanie przesz\u0142o\u015bci jest nasz\u0105 powinno\u015bci\u0105 wobec tych wszystkich, kt\u00f3rzy mieli odwag\u0119 upomnie\u0107 si\u0119 o lepsze, godne \u017cycie i prawa cz\u0142owieka &#8211; Marek Kuchci\u0144ski","og_description":"Spo\u0142eczno\u015b\u0107 Woli Zarczyckiej w powiecie le\u017cajskim uczci\u0142a mieszka\u0144c\u00f3w swojej wsi, kt\u00f3rzy dzia\u0142aj\u0105c w Solidarno\u015bci Wiejskiej, walczyli z komunistycznym zniewoleniem. Do zebranych list skierowa\u0142 marsza\u0142ek Sejmu. Napisa\u0142 w nim m.in., \u017ce rolnicy przez wiele lat byli ostoj\u0105 patriotyzmu i tradycyjnych chrze\u015bcija\u0144skich warto\u015bci, a\u00a0piel\u0119gnowanie przesz\u0142o\u015bci jest nasz\u0105 powinno\u015bci\u0105 wobec tych wszystkich, kt\u00f3rzy mieli odwag\u0119 upomnie\u0107 si\u0119 o [&hellip;]","og_url":"https:\/\/marekkuchcinski.pl\/ro\/bez-kategorii\/lms\/marek-kuchcinski-pielegnowanie-przeszlosci-nasza-powinnoscia-wobec-tych-wszystkich-ktorzy-odwage-upomniec-sie-o-lepsze-godne-zycie-prawa-czlowieka\/","og_site_name":"Marek Kuchci\u0144ski","article_published_time":"2018-12-05T15:06:29+00:00","og_image":[{"width":1600,"height":971,"url":"https:\/\/marekkuchcinski.pl\/wp-content\/uploads\/2022\/09\/Marek.jpg","type":"image\/jpeg"}],"author":"admin","twitter_card":"summary_large_image","twitter_misc":{"Scris de":"admin"},"schema":{"@context":"https:\/\/schema.org","@graph":[{"@type":"Article","@id":"https:\/\/marekkuchcinski.pl\/ro\/bez-kategorii\/lms\/marek-kuchcinski-pielegnowanie-przeszlosci-nasza-powinnoscia-wobec-tych-wszystkich-ktorzy-odwage-upomniec-sie-o-lepsze-godne-zycie-prawa-czlowieka\/#article","isPartOf":{"@id":"https:\/\/marekkuchcinski.pl\/ro\/bez-kategorii\/lms\/marek-kuchcinski-pielegnowanie-przeszlosci-nasza-powinnoscia-wobec-tych-wszystkich-ktorzy-odwage-upomniec-sie-o-lepsze-godne-zycie-prawa-czlowieka\/"},"author":{"name":"admin","@id":"https:\/\/marekkuchcinski.pl\/#\/schema\/person\/6f62700996b4d950b6ea2d1183b6c6be"},"headline":"Marek Kuchci\u0144ski: Piel\u0119gnowanie przesz\u0142o\u015bci jest nasz\u0105 powinno\u015bci\u0105 wobec tych wszystkich, kt\u00f3rzy mieli odwag\u0119 upomnie\u0107 si\u0119 o lepsze, godne \u017cycie i prawa cz\u0142owieka","datePublished":"2018-12-05T15:06:29+00:00","mainEntityOfPage":{"@id":"https:\/\/marekkuchcinski.pl\/ro\/bez-kategorii\/lms\/marek-kuchcinski-pielegnowanie-przeszlosci-nasza-powinnoscia-wobec-tych-wszystkich-ktorzy-odwage-upomniec-sie-o-lepsze-godne-zycie-prawa-czlowieka\/"},"wordCount":120,"commentCount":0,"publisher":{"@id":"https:\/\/marekkuchcinski.pl\/#organization"},"articleSection":["Listy Marsza\u0142ka Sejmu"],"inLanguage":"ro-RO","potentialAction":[{"@type":"CommentAction","name":"Comment","target":["https:\/\/marekkuchcinski.pl\/ro\/bez-kategorii\/lms\/marek-kuchcinski-pielegnowanie-przeszlosci-nasza-powinnoscia-wobec-tych-wszystkich-ktorzy-odwage-upomniec-sie-o-lepsze-godne-zycie-prawa-czlowieka\/#respond"]}]},{"@type":"WebPage","@id":"https:\/\/marekkuchcinski.pl\/ro\/bez-kategorii\/lms\/marek-kuchcinski-pielegnowanie-przeszlosci-nasza-powinnoscia-wobec-tych-wszystkich-ktorzy-odwage-upomniec-sie-o-lepsze-godne-zycie-prawa-czlowieka\/","url":"https:\/\/marekkuchcinski.pl\/ro\/bez-kategorii\/lms\/marek-kuchcinski-pielegnowanie-przeszlosci-nasza-powinnoscia-wobec-tych-wszystkich-ktorzy-odwage-upomniec-sie-o-lepsze-godne-zycie-prawa-czlowieka\/","name":"Marek Kuchci\u0144ski: Piel\u0119gnowanie przesz\u0142o\u015bci jest nasz\u0105 powinno\u015bci\u0105 wobec tych wszystkich, kt\u00f3rzy mieli odwag\u0119 upomnie\u0107 si\u0119 o lepsze, godne \u017cycie i prawa cz\u0142owieka &#8211; Marek Kuchci\u0144ski","isPartOf":{"@id":"https:\/\/marekkuchcinski.pl\/#website"},"datePublished":"2018-12-05T15:06:29+00:00","breadcrumb":{"@id":"https:\/\/marekkuchcinski.pl\/ro\/bez-kategorii\/lms\/marek-kuchcinski-pielegnowanie-przeszlosci-nasza-powinnoscia-wobec-tych-wszystkich-ktorzy-odwage-upomniec-sie-o-lepsze-godne-zycie-prawa-czlowieka\/#breadcrumb"},"inLanguage":"ro-RO","potentialAction":[{"@type":"ReadAction","target":["https:\/\/marekkuchcinski.pl\/ro\/bez-kategorii\/lms\/marek-kuchcinski-pielegnowanie-przeszlosci-nasza-powinnoscia-wobec-tych-wszystkich-ktorzy-odwage-upomniec-sie-o-lepsze-godne-zycie-prawa-czlowieka\/"]}]},{"@type":"BreadcrumbList","@id":"https:\/\/marekkuchcinski.pl\/ro\/bez-kategorii\/lms\/marek-kuchcinski-pielegnowanie-przeszlosci-nasza-powinnoscia-wobec-tych-wszystkich-ktorzy-odwage-upomniec-sie-o-lepsze-godne-zycie-prawa-czlowieka\/#breadcrumb","itemListElement":[{"@type":"ListItem","position":1,"name":"Strona g\u0142\u00f3wna","item":"https:\/\/marekkuchcinski.pl\/"},{"@type":"ListItem","position":2,"name":"Marek Kuchci\u0144ski: Piel\u0119gnowanie przesz\u0142o\u015bci jest nasz\u0105 powinno\u015bci\u0105 wobec tych wszystkich, kt\u00f3rzy mieli odwag\u0119 upomnie\u0107 si\u0119 o lepsze, godne \u017cycie i prawa cz\u0142owieka"}]},{"@type":"WebSite","@id":"https:\/\/marekkuchcinski.pl\/#website","url":"https:\/\/marekkuchcinski.pl\/","name":"Marek Kuchci\u0144ski","description":"Pose\u0142 na sejm RP &ndash; okr\u0119g nr 22","publisher":{"@id":"https:\/\/marekkuchcinski.pl\/#organization"},"potentialAction":[{"@type":"SearchAction","target":{"@type":"EntryPoint","urlTemplate":"https:\/\/marekkuchcinski.pl\/?s={search_term_string}"},"query-input":{"@type":"PropertyValueSpecification","valueRequired":true,"valueName":"search_term_string"}}],"inLanguage":"ro-RO"},{"@type":"Organization","@id":"https:\/\/marekkuchcinski.pl\/#organization","name":"Marek Kuchci\u0144ski","url":"https:\/\/marekkuchcinski.pl\/","logo":{"@type":"ImageObject","inLanguage":"ro-RO","@id":"https:\/\/marekkuchcinski.pl\/#\/schema\/logo\/image\/","url":"https:\/\/marekkuchcinski.pl\/wp-content\/uploads\/2022\/09\/Marek.jpg","contentUrl":"https:\/\/marekkuchcinski.pl\/wp-content\/uploads\/2022\/09\/Marek.jpg","width":1600,"height":971,"caption":"Marek Kuchci\u0144ski"},"image":{"@id":"https:\/\/marekkuchcinski.pl\/#\/schema\/logo\/image\/"}},{"@type":"Person","@id":"https:\/\/marekkuchcinski.pl\/#\/schema\/person\/6f62700996b4d950b6ea2d1183b6c6be","name":"admin","image":{"@type":"ImageObject","inLanguage":"ro-RO","@id":"https:\/\/marekkuchcinski.pl\/#\/schema\/person\/image\/","url":"https:\/\/secure.gravatar.com\/avatar\/4bab693b9d55c3d6b52c0296a8765085?s=96&d=mm&r=g","contentUrl":"https:\/\/secure.gravatar.com\/avatar\/4bab693b9d55c3d6b52c0296a8765085?s=96&d=mm&r=g","caption":"admin"},"url":"https:\/\/marekkuchcinski.pl\/ro\/author\/marta-olejnik\/"}]}},"_links":{"self":[{"href":"https:\/\/marekkuchcinski.pl\/ro\/wp-json\/wp\/v2\/posts\/11510","targetHints":{"allow":["GET"]}}],"collection":[{"href":"https:\/\/marekkuchcinski.pl\/ro\/wp-json\/wp\/v2\/posts"}],"about":[{"href":"https:\/\/marekkuchcinski.pl\/ro\/wp-json\/wp\/v2\/types\/post"}],"author":[{"embeddable":true,"href":"https:\/\/marekkuchcinski.pl\/ro\/wp-json\/wp\/v2\/users\/6"}],"replies":[{"embeddable":true,"href":"https:\/\/marekkuchcinski.pl\/ro\/wp-json\/wp\/v2\/comments?post=11510"}],"version-history":[{"count":3,"href":"https:\/\/marekkuchcinski.pl\/ro\/wp-json\/wp\/v2\/posts\/11510\/revisions"}],"predecessor-version":[{"id":11515,"href":"https:\/\/marekkuchcinski.pl\/ro\/wp-json\/wp\/v2\/posts\/11510\/revisions\/11515"}],"wp:attachment":[{"href":"https:\/\/marekkuchcinski.pl\/ro\/wp-json\/wp\/v2\/media?parent=11510"}],"wp:term":[{"taxonomy":"category","embeddable":true,"href":"https:\/\/marekkuchcinski.pl\/ro\/wp-json\/wp\/v2\/categories?post=11510"},{"taxonomy":"post_tag","embeddable":true,"href":"https:\/\/marekkuchcinski.pl\/ro\/wp-json\/wp\/v2\/tags?post=11510"}],"curies":[{"name":"wp","href":"https:\/\/api.w.org\/{rel}","templated":true}]}}