{"id":11496,"date":"2018-12-05T11:29:11","date_gmt":"2018-12-05T10:29:11","guid":{"rendered":"https:\/\/marekkuchcinski.pl\/?p=11496"},"modified":"2018-12-05T11:31:21","modified_gmt":"2018-12-05T10:31:21","slug":"program-profilaktyczny-mswia-chronic-dzieci-mlodziez-patologiami-podniesc-bezpieczenstwo-miejscach-publicznych-oraz-przejsciach-dla-pieszych","status":"publish","type":"post","link":"https:\/\/marekkuchcinski.pl\/ro\/wydarzenia\/program-profilaktyczny-mswia-chronic-dzieci-mlodziez-patologiami-podniesc-bezpieczenstwo-miejscach-publicznych-oraz-przejsciach-dla-pieszych\/","title":{"rendered":"Programul de prevenire al Ministerului de Interne are ca scop protejarea copiilor \u0219i tinerilor de patologii, cre\u0219terea siguran\u021bei \u00een locurile publice sau la trecerile de pietoni."},"content":{"rendered":"<p>Ministerul Administra\u021biei \u0219i Internelor anun\u021b\u0103 o cerere de candidaturi pentru programul \"\u00cempreun\u0103 mai sigur de W\u0142adys\u0142aw Stasiak\" pentru anul 2019.<br \/>\nAcesta este cel mai mare proiect de prevenire din Polonia. \u00cen 2019, Ministerul Administra\u021biei \u0219i Internelor va aloca \u00een total 6 milioane PLN \u00een acest scop. Programul are patru obiective specifice principale: siguran\u021ba \u00een locurile publice, treceri de pietoni sigure, combaterea fenomenelor patologice, precum \u0219i protec\u021bia copiilor \u0219i tinerilor, educa\u021bie pentru siguran\u021b\u0103.<br \/>\nO rezerv\u0103 specific\u0103 de 6 000 000 PLN a fost asigurat\u0103 \u00een bugetul de stat pentru 2019 pentru punerea \u00een aplicare a \"Programului W\u0142adys\u0142aw Stasiak de reducere a criminalit\u0103\u021bii \u0219i a comportamentului antisocial \"Safer Together 2018 - 2020\"\".<br \/>\nRezerva de la bugetul de stat asigurat\u0103 pentru implementarea programului va fi repartizat\u0103 conform ipotezelor programului pentru implementarea proiectelor specifice de c\u0103tre unit\u0103\u021bile administra\u021biei publice locale.<br \/>\n\u0219i organiza\u021biile neguvernamentale din fiecare voievodat \u00een parte (sarcini de natur\u0103 preventiv\u0103-preventiv\u0103 \u00een cadrul proiectelor locale, de regul\u0103 implementate \u00een cadrul celor patru obiective specifice ale programului, \u0219i anume siguran\u021ba \u00een locurile publice, cu accent deosebit pe crearea de sisteme locale de siguran\u021b\u0103, treceri de pietoni sigure care s\u0103 contracareze fenomenele patologice \u0219i protec\u021bia copiilor \u0219i tinerilor, educa\u021bie pentru siguran\u021b\u0103). La 26 noiembrie 2018, ministrul Jaros\u0142aw Zieli\u0144ski, \u00een urma recomand\u0103rii echipei interministeriale pentru program , a aprobat urm\u0103toarea solu\u021bie de distribuire a rezervei specifice asigurate pentru punerea \u00een aplicare a programului \"\u00cempreun\u0103 mai sigur\":<br \/>\n<strong>Obiectivul specific nr. 1.<\/strong> Siguran\u021ba \u00een locurile publice, cu accent deosebit pe crearea de sisteme locale de siguran\u021b\u0103 - finan\u021bare total\u0103 - 1 000 000 PLN<br \/>\nMaximum 4 proiecte din fiecare provincie, inclusiv:<br \/>\n2 proiecte pentru obiectivul principal nr. 1 - valoarea total\u0103 a cofinan\u021b\u0103rii - 600.000 PLN \/ valoare maxim\u0103 pe proiect 100.000 PLN,<br \/>\n1 proiect pentru obiectivul prioritar 1a - construc\u021bia de ora\u0219e de trafic - valoarea total\u0103 a cofinan\u021b\u0103rii 300 000 PLN \/ valoarea maxim\u0103 pentru fiecare proiect 100 000 PLN,<br \/>\n1 microproiect - cofinan\u021bare total\u0103 de 100 000 PLN \/ sum\u0103 maxim\u0103 pe proiect 25 000 PLN<br \/>\n<strong>Obiectivul specific nr. 2<\/strong>. Treceri de pietoni sigure - finan\u021bare total\u0103 - 3.000.000 PLN<br \/>\nMaximum 12 proiecte din fiecare provincie, inclusiv:<br \/>\n4 proiecte pentru obiectivul principal nr. 2 - valoarea total\u0103 a cofinan\u021b\u0103rii - 2.200.000 PLN \/ suma maxim\u0103 pe proiect 100.000 PLN,<br \/>\n3 proiecte pentru obiectivul specific prioritar nr. 2 a - Siguran\u021ba pietonilor \u00een traficul rutier - valoarea total\u0103 a finan\u021b\u0103rii - 300.000 PLN \/ valoare maxim\u0103 per proiect 50.000 PLN,<br \/>\n3 proiecte pentru obiectivul specific prioritar nr. 2 b - Siguran\u021ba bicicli\u0219tilor \u00een traficul rutier - valoarea total\u0103 a cofinan\u021b\u0103rii - 300 000 PLN \/ valoarea maxim\u0103 pentru 1 proiect 50 000 PLN,<br \/>\n2 microproiecte - 200.000 PLN \/ suma maxim\u0103 pe proiect 25.000 PLN.<br \/>\n<strong>Obiectivul specific nr. 3.<\/strong> Combaterea fenomenelor patologice \u0219i protec\u021bia copiilor \u0219i tinerilor - finan\u021bare total\u0103 - 1.000.000 PLN<br \/>\nMaximum 5 proiecte din fiecare provincie, inclusiv:<br \/>\n2 proiecte pentru obiectivul principal nr. 3 - valoarea total\u0103 a cofinan\u021b\u0103rii - 500.000 PLN \/ suma maxim\u0103 pentru 1 proiect 100.000 PLN,<br \/>\n1 proiect pentru obiectivul prioritar 3a - Combaterea discursului instigator la ur\u0103 \u0219i a discursului instigator la ur\u0103 \u00een r\u00e2ndul tinerilor - 200 000 PLN\/ suma maxim\u0103 pe proiect 50 000 PLN,<br \/>\n1 proiect pentru obiectivul prioritar 3b - Prevenirea \u0219i combaterea dependen\u021bei de droguri \u0219i a drogurilor legale - 200 000 PLN \/ suma maxim\u0103 pentru fiecare proiect: 50 000 PLN,<br \/>\n1 microproiect - 100.000 PLN \/ suma maxim\u0103 pe proiect 25.000 PLN.<br \/>\n<strong>Obiectivul specific nr. 4<\/strong>. Educa\u021bie pentru siguran\u021b\u0103 - 1.000.000 PLN<br \/>\nMaximum 5 proiecte din fiecare provincie, inclusiv:<br \/>\n2 proiecte pentru obiectivul principal nr. 4 - valoarea total\u0103 a cofinan\u021b\u0103rii - 500.000 PLN \/ suma maxim\u0103 pentru 1 proiect 100.000 PLN,<br \/>\n1 proiect pentru obiectivul prioritar 4a- Utilizarea telefoanelor mobile - oportunit\u0103\u021bi<br \/>\n\u0219i amenin\u021b\u0103rile la adresa securit\u0103\u021bii - 200 000 PLN\/ suma maxim\u0103 pe proiect 50 000 PLN,<br \/>\n1 proiect pentru obiectivul prioritar 4b - Siguran\u021ba apelor \u0219i a mun\u021bilor - 200 000 PLN\/ suma maxim\u0103 pe proiect 50 000 PLN,<br \/>\n1 microproiect - 100.000 PLN \/ suma maxim\u0103 pe proiect 25.000 PLN.<br \/>\n100.000 PLN - cofinan\u021bare maxim\u0103 pentru proiectele principale \u0219i proiectele din cadrul obiectivului prioritar 1a - construirea de ora\u0219e de trafic<br \/>\n50.000 PLN - cofinan\u021bare maxim\u0103 pentru proiectele prioritare<br \/>\n25.000 PLN - cofinan\u021bare maxim\u0103 pentru 1 microproiect (microproiect local, adic\u0103 pentru o comunitate de p\u00e2n\u0103 la 10.000 de beneficiari).<br \/>\nApelul de proiecte (etapa central\u0103) dureaz\u0103 p\u00e2n\u0103 la 25 ianuarie 2019 (p\u00e2n\u0103 la 25 ianuarie 2019, birourile provinciale depun la Ministerul de Interne maximum 26 de proiecte din zona provincial\u0103).<br \/>\nMai jos sunt prezentate materialele de prezentare general\u0103 care pot fi utilizate \u00een cadrul cererii de proiecte din acest an.<br \/>\nUn set de documente va fi postat pe site-ul programului \"Mai sigur \u00eempreun\u0103\", la fila \"Procedur\u0103\" (specimene de documenta\u021bie pentru evaluarea proiectelor de prevenire, care vor fi utilizate \u00een mod obligatoriu la evaluarea acestor proiecte \u00eempreun\u0103 cu Formularul de candidatur\u0103, care trebuie trimis de c\u0103tre unit\u0103\u021bile administra\u021biei locale \u0219i organiza\u021biile neguvernamentale la birourile voievodale relevante (etapa voievodal\u0103), la datele indicate de voievozii relevan\u021bi).<\/p>\n<h2><span style=\"color: #33cccc;\"><strong><a style=\"color: #33cccc;\" href=\"https:\/\/marekkuchcinski.pl\/wp-content\/uploads\/2018\/12\/graficzny_schemat_-_mechanizm_dofinansowania_Rb_2019-1.pdf\">Verifica\u021bi mecanismul de finan\u021bare<\/a><\/strong><\/span><\/h2>","protected":false},"excerpt":{"rendered":"<p>MSWiA og\u0142asza nab\u00f3r wniosk\u00f3w do programu \u201eRazem bezpieczniej im. W\u0142adys\u0142awa Stasiaka\u201d na rok 2019. Jest to\u00a0najwi\u0119ksze przedsi\u0119wzi\u0119cie o charakterze profilaktycznym w Polsce. W 2019 roku MSWiA przeznaczy na ten cel \u0142\u0105cznie 6 milion\u00f3w z\u0142otych. Program ma cztery g\u0142\u00f3wne cele szczeg\u00f3\u0142owe: bezpiecze\u0144stwo w miejscach publicznych, bezpieczne przej\u015bcia dla pieszych, przeciwdzia\u0142anie zjawiskom patologii, a tak\u017ce ochrona dzieci [&hellip;]<\/p>","protected":false},"author":6,"featured_media":11500,"comment_status":"open","ping_status":"open","sticky":false,"template":"","format":"standard","meta":{"ngg_post_thumbnail":0,"footnotes":""},"categories":[82,3],"tags":[],"class_list":["post-11496","post","type-post","status-publish","format-standard","has-post-thumbnail","hentry","category-prawo-i-sprawiedliwosc","category-wydarzenia"],"yoast_head":"<!-- This site is optimized with the Yoast SEO plugin v24.7 - https:\/\/yoast.com\/wordpress\/plugins\/seo\/ -->\n<title>Program profilaktyczny MSWiA ma chroni\u0107 dzieci i m\u0142odzie\u017c przed patologiami, podnie\u015b\u0107 bezpiecze\u0144stwo w miejscach publicznych czy na przej\u015bciach dla pieszych &#8211; Marek Kuchci\u0144ski<\/title>\n<meta name=\"robots\" content=\"index, follow, max-snippet:-1, max-image-preview:large, max-video-preview:-1\" \/>\n<link rel=\"canonical\" href=\"https:\/\/marekkuchcinski.pl\/ro\/wydarzenia\/program-profilaktyczny-mswia-chronic-dzieci-mlodziez-patologiami-podniesc-bezpieczenstwo-miejscach-publicznych-oraz-przejsciach-dla-pieszych\/\" \/>\n<meta property=\"og:locale\" content=\"ro_RO\" \/>\n<meta property=\"og:type\" content=\"article\" \/>\n<meta property=\"og:title\" content=\"Program profilaktyczny MSWiA ma chroni\u0107 dzieci i m\u0142odzie\u017c przed patologiami, podnie\u015b\u0107 bezpiecze\u0144stwo w miejscach publicznych czy na przej\u015bciach dla pieszych &#8211; Marek Kuchci\u0144ski\" \/>\n<meta property=\"og:description\" content=\"MSWiA og\u0142asza nab\u00f3r wniosk\u00f3w do programu \u201eRazem bezpieczniej im. W\u0142adys\u0142awa Stasiaka\u201d na rok 2019. Jest to\u00a0najwi\u0119ksze przedsi\u0119wzi\u0119cie o charakterze profilaktycznym w Polsce. W 2019 roku MSWiA przeznaczy na ten cel \u0142\u0105cznie 6 milion\u00f3w z\u0142otych. Program ma cztery g\u0142\u00f3wne cele szczeg\u00f3\u0142owe: bezpiecze\u0144stwo w miejscach publicznych, bezpieczne przej\u015bcia dla pieszych, przeciwdzia\u0142anie zjawiskom patologii, a tak\u017ce ochrona dzieci [&hellip;]\" \/>\n<meta property=\"og:url\" content=\"https:\/\/marekkuchcinski.pl\/ro\/wydarzenia\/program-profilaktyczny-mswia-chronic-dzieci-mlodziez-patologiami-podniesc-bezpieczenstwo-miejscach-publicznych-oraz-przejsciach-dla-pieszych\/\" \/>\n<meta property=\"og:site_name\" content=\"Marek Kuchci\u0144ski\" \/>\n<meta property=\"article:published_time\" content=\"2018-12-05T10:29:11+00:00\" \/>\n<meta property=\"article:modified_time\" content=\"2018-12-05T10:31:21+00:00\" \/>\n<meta property=\"og:image\" content=\"https:\/\/marekkuchcinski.pl\/wp-content\/uploads\/2018\/12\/PSX_20181205_110814_2-1.jpg\" \/>\n\t<meta property=\"og:image:width\" content=\"2048\" \/>\n\t<meta property=\"og:image:height\" content=\"1536\" \/>\n\t<meta property=\"og:image:type\" content=\"image\/jpeg\" \/>\n<meta name=\"author\" content=\"admin\" \/>\n<meta name=\"twitter:card\" content=\"summary_large_image\" \/>\n<meta name=\"twitter:label1\" content=\"Scris de\" \/>\n\t<meta name=\"twitter:data1\" content=\"admin\" \/>\n\t<meta name=\"twitter:label2\" content=\"Timp estimat pentru citire\" \/>\n\t<meta name=\"twitter:data2\" content=\"4 minutes\" \/>\n<script type=\"application\/ld+json\" class=\"yoast-schema-graph\">{\"@context\":\"https:\/\/schema.org\",\"@graph\":[{\"@type\":\"Article\",\"@id\":\"https:\/\/marekkuchcinski.pl\/wydarzenia\/program-profilaktyczny-mswia-chronic-dzieci-mlodziez-patologiami-podniesc-bezpieczenstwo-miejscach-publicznych-oraz-przejsciach-dla-pieszych\/#article\",\"isPartOf\":{\"@id\":\"https:\/\/marekkuchcinski.pl\/wydarzenia\/program-profilaktyczny-mswia-chronic-dzieci-mlodziez-patologiami-podniesc-bezpieczenstwo-miejscach-publicznych-oraz-przejsciach-dla-pieszych\/\"},\"author\":{\"name\":\"admin\",\"@id\":\"https:\/\/marekkuchcinski.pl\/#\/schema\/person\/6f62700996b4d950b6ea2d1183b6c6be\"},\"headline\":\"Program profilaktyczny MSWiA ma chroni\u0107 dzieci i m\u0142odzie\u017c przed patologiami, podnie\u015b\u0107 bezpiecze\u0144stwo w miejscach publicznych czy na przej\u015bciach dla pieszych\",\"datePublished\":\"2018-12-05T10:29:11+00:00\",\"dateModified\":\"2018-12-05T10:31:21+00:00\",\"mainEntityOfPage\":{\"@id\":\"https:\/\/marekkuchcinski.pl\/wydarzenia\/program-profilaktyczny-mswia-chronic-dzieci-mlodziez-patologiami-podniesc-bezpieczenstwo-miejscach-publicznych-oraz-przejsciach-dla-pieszych\/\"},\"wordCount\":800,\"commentCount\":0,\"publisher\":{\"@id\":\"https:\/\/marekkuchcinski.pl\/#organization\"},\"image\":{\"@id\":\"https:\/\/marekkuchcinski.pl\/wydarzenia\/program-profilaktyczny-mswia-chronic-dzieci-mlodziez-patologiami-podniesc-bezpieczenstwo-miejscach-publicznych-oraz-przejsciach-dla-pieszych\/#primaryimage\"},\"thumbnailUrl\":\"https:\/\/marekkuchcinski.pl\/wp-content\/uploads\/2018\/12\/PSX_20181205_110814_2-1.jpg\",\"articleSection\":[\"Prawo i Sprawiedliwo\u015b\u0107\",\"Wydarzenia\"],\"inLanguage\":\"ro-RO\",\"potentialAction\":[{\"@type\":\"CommentAction\",\"name\":\"Comment\",\"target\":[\"https:\/\/marekkuchcinski.pl\/wydarzenia\/program-profilaktyczny-mswia-chronic-dzieci-mlodziez-patologiami-podniesc-bezpieczenstwo-miejscach-publicznych-oraz-przejsciach-dla-pieszych\/#respond\"]}]},{\"@type\":\"WebPage\",\"@id\":\"https:\/\/marekkuchcinski.pl\/wydarzenia\/program-profilaktyczny-mswia-chronic-dzieci-mlodziez-patologiami-podniesc-bezpieczenstwo-miejscach-publicznych-oraz-przejsciach-dla-pieszych\/\",\"url\":\"https:\/\/marekkuchcinski.pl\/wydarzenia\/program-profilaktyczny-mswia-chronic-dzieci-mlodziez-patologiami-podniesc-bezpieczenstwo-miejscach-publicznych-oraz-przejsciach-dla-pieszych\/\",\"name\":\"Program profilaktyczny MSWiA ma chroni\u0107 dzieci i m\u0142odzie\u017c przed patologiami, podnie\u015b\u0107 bezpiecze\u0144stwo w miejscach publicznych czy na przej\u015bciach dla pieszych &#8211; Marek Kuchci\u0144ski\",\"isPartOf\":{\"@id\":\"https:\/\/marekkuchcinski.pl\/#website\"},\"primaryImageOfPage\":{\"@id\":\"https:\/\/marekkuchcinski.pl\/wydarzenia\/program-profilaktyczny-mswia-chronic-dzieci-mlodziez-patologiami-podniesc-bezpieczenstwo-miejscach-publicznych-oraz-przejsciach-dla-pieszych\/#primaryimage\"},\"image\":{\"@id\":\"https:\/\/marekkuchcinski.pl\/wydarzenia\/program-profilaktyczny-mswia-chronic-dzieci-mlodziez-patologiami-podniesc-bezpieczenstwo-miejscach-publicznych-oraz-przejsciach-dla-pieszych\/#primaryimage\"},\"thumbnailUrl\":\"https:\/\/marekkuchcinski.pl\/wp-content\/uploads\/2018\/12\/PSX_20181205_110814_2-1.jpg\",\"datePublished\":\"2018-12-05T10:29:11+00:00\",\"dateModified\":\"2018-12-05T10:31:21+00:00\",\"breadcrumb\":{\"@id\":\"https:\/\/marekkuchcinski.pl\/wydarzenia\/program-profilaktyczny-mswia-chronic-dzieci-mlodziez-patologiami-podniesc-bezpieczenstwo-miejscach-publicznych-oraz-przejsciach-dla-pieszych\/#breadcrumb\"},\"inLanguage\":\"ro-RO\",\"potentialAction\":[{\"@type\":\"ReadAction\",\"target\":[\"https:\/\/marekkuchcinski.pl\/wydarzenia\/program-profilaktyczny-mswia-chronic-dzieci-mlodziez-patologiami-podniesc-bezpieczenstwo-miejscach-publicznych-oraz-przejsciach-dla-pieszych\/\"]}]},{\"@type\":\"ImageObject\",\"inLanguage\":\"ro-RO\",\"@id\":\"https:\/\/marekkuchcinski.pl\/wydarzenia\/program-profilaktyczny-mswia-chronic-dzieci-mlodziez-patologiami-podniesc-bezpieczenstwo-miejscach-publicznych-oraz-przejsciach-dla-pieszych\/#primaryimage\",\"url\":\"https:\/\/marekkuchcinski.pl\/wp-content\/uploads\/2018\/12\/PSX_20181205_110814_2-1.jpg\",\"contentUrl\":\"https:\/\/marekkuchcinski.pl\/wp-content\/uploads\/2018\/12\/PSX_20181205_110814_2-1.jpg\",\"width\":2048,\"height\":1536},{\"@type\":\"BreadcrumbList\",\"@id\":\"https:\/\/marekkuchcinski.pl\/wydarzenia\/program-profilaktyczny-mswia-chronic-dzieci-mlodziez-patologiami-podniesc-bezpieczenstwo-miejscach-publicznych-oraz-przejsciach-dla-pieszych\/#breadcrumb\",\"itemListElement\":[{\"@type\":\"ListItem\",\"position\":1,\"name\":\"Strona g\u0142\u00f3wna\",\"item\":\"https:\/\/marekkuchcinski.pl\/\"},{\"@type\":\"ListItem\",\"position\":2,\"name\":\"Program profilaktyczny MSWiA ma chroni\u0107 dzieci i m\u0142odzie\u017c przed patologiami, podnie\u015b\u0107 bezpiecze\u0144stwo w miejscach publicznych czy na przej\u015bciach dla pieszych\"}]},{\"@type\":\"WebSite\",\"@id\":\"https:\/\/marekkuchcinski.pl\/#website\",\"url\":\"https:\/\/marekkuchcinski.pl\/\",\"name\":\"Marek Kuchci\u0144ski\",\"description\":\"Pose\u0142 na sejm RP &ndash; okr\u0119g nr 22\",\"publisher\":{\"@id\":\"https:\/\/marekkuchcinski.pl\/#organization\"},\"potentialAction\":[{\"@type\":\"SearchAction\",\"target\":{\"@type\":\"EntryPoint\",\"urlTemplate\":\"https:\/\/marekkuchcinski.pl\/?s={search_term_string}\"},\"query-input\":{\"@type\":\"PropertyValueSpecification\",\"valueRequired\":true,\"valueName\":\"search_term_string\"}}],\"inLanguage\":\"ro-RO\"},{\"@type\":\"Organization\",\"@id\":\"https:\/\/marekkuchcinski.pl\/#organization\",\"name\":\"Marek Kuchci\u0144ski\",\"url\":\"https:\/\/marekkuchcinski.pl\/\",\"logo\":{\"@type\":\"ImageObject\",\"inLanguage\":\"ro-RO\",\"@id\":\"https:\/\/marekkuchcinski.pl\/#\/schema\/logo\/image\/\",\"url\":\"https:\/\/marekkuchcinski.pl\/wp-content\/uploads\/2022\/09\/Marek.jpg\",\"contentUrl\":\"https:\/\/marekkuchcinski.pl\/wp-content\/uploads\/2022\/09\/Marek.jpg\",\"width\":1600,\"height\":971,\"caption\":\"Marek Kuchci\u0144ski\"},\"image\":{\"@id\":\"https:\/\/marekkuchcinski.pl\/#\/schema\/logo\/image\/\"}},{\"@type\":\"Person\",\"@id\":\"https:\/\/marekkuchcinski.pl\/#\/schema\/person\/6f62700996b4d950b6ea2d1183b6c6be\",\"name\":\"admin\",\"image\":{\"@type\":\"ImageObject\",\"inLanguage\":\"ro-RO\",\"@id\":\"https:\/\/marekkuchcinski.pl\/#\/schema\/person\/image\/\",\"url\":\"https:\/\/secure.gravatar.com\/avatar\/4bab693b9d55c3d6b52c0296a8765085?s=96&d=mm&r=g\",\"contentUrl\":\"https:\/\/secure.gravatar.com\/avatar\/4bab693b9d55c3d6b52c0296a8765085?s=96&d=mm&r=g\",\"caption\":\"admin\"},\"url\":\"https:\/\/marekkuchcinski.pl\/ro\/author\/marta-olejnik\/\"}]}<\/script>\n<!-- \/ Yoast SEO plugin. -->","yoast_head_json":{"title":"Program profilaktyczny MSWiA ma chroni\u0107 dzieci i m\u0142odzie\u017c przed patologiami, podnie\u015b\u0107 bezpiecze\u0144stwo w miejscach publicznych czy na przej\u015bciach dla pieszych &#8211; Marek Kuchci\u0144ski","robots":{"index":"index","follow":"follow","max-snippet":"max-snippet:-1","max-image-preview":"max-image-preview:large","max-video-preview":"max-video-preview:-1"},"canonical":"https:\/\/marekkuchcinski.pl\/ro\/wydarzenia\/program-profilaktyczny-mswia-chronic-dzieci-mlodziez-patologiami-podniesc-bezpieczenstwo-miejscach-publicznych-oraz-przejsciach-dla-pieszych\/","og_locale":"ro_RO","og_type":"article","og_title":"Program profilaktyczny MSWiA ma chroni\u0107 dzieci i m\u0142odzie\u017c przed patologiami, podnie\u015b\u0107 bezpiecze\u0144stwo w miejscach publicznych czy na przej\u015bciach dla pieszych &#8211; Marek Kuchci\u0144ski","og_description":"MSWiA og\u0142asza nab\u00f3r wniosk\u00f3w do programu \u201eRazem bezpieczniej im. W\u0142adys\u0142awa Stasiaka\u201d na rok 2019. Jest to\u00a0najwi\u0119ksze przedsi\u0119wzi\u0119cie o charakterze profilaktycznym w Polsce. W 2019 roku MSWiA przeznaczy na ten cel \u0142\u0105cznie 6 milion\u00f3w z\u0142otych. Program ma cztery g\u0142\u00f3wne cele szczeg\u00f3\u0142owe: bezpiecze\u0144stwo w miejscach publicznych, bezpieczne przej\u015bcia dla pieszych, przeciwdzia\u0142anie zjawiskom patologii, a tak\u017ce ochrona dzieci [&hellip;]","og_url":"https:\/\/marekkuchcinski.pl\/ro\/wydarzenia\/program-profilaktyczny-mswia-chronic-dzieci-mlodziez-patologiami-podniesc-bezpieczenstwo-miejscach-publicznych-oraz-przejsciach-dla-pieszych\/","og_site_name":"Marek Kuchci\u0144ski","article_published_time":"2018-12-05T10:29:11+00:00","article_modified_time":"2018-12-05T10:31:21+00:00","og_image":[{"width":2048,"height":1536,"url":"https:\/\/marekkuchcinski.pl\/wp-content\/uploads\/2018\/12\/PSX_20181205_110814_2-1.jpg","type":"image\/jpeg"}],"author":"admin","twitter_card":"summary_large_image","twitter_misc":{"Scris de":"admin","Timp estimat pentru citire":"4 minutes"},"schema":{"@context":"https:\/\/schema.org","@graph":[{"@type":"Article","@id":"https:\/\/marekkuchcinski.pl\/wydarzenia\/program-profilaktyczny-mswia-chronic-dzieci-mlodziez-patologiami-podniesc-bezpieczenstwo-miejscach-publicznych-oraz-przejsciach-dla-pieszych\/#article","isPartOf":{"@id":"https:\/\/marekkuchcinski.pl\/wydarzenia\/program-profilaktyczny-mswia-chronic-dzieci-mlodziez-patologiami-podniesc-bezpieczenstwo-miejscach-publicznych-oraz-przejsciach-dla-pieszych\/"},"author":{"name":"admin","@id":"https:\/\/marekkuchcinski.pl\/#\/schema\/person\/6f62700996b4d950b6ea2d1183b6c6be"},"headline":"Program profilaktyczny MSWiA ma chroni\u0107 dzieci i m\u0142odzie\u017c przed patologiami, podnie\u015b\u0107 bezpiecze\u0144stwo w miejscach publicznych czy na przej\u015bciach dla pieszych","datePublished":"2018-12-05T10:29:11+00:00","dateModified":"2018-12-05T10:31:21+00:00","mainEntityOfPage":{"@id":"https:\/\/marekkuchcinski.pl\/wydarzenia\/program-profilaktyczny-mswia-chronic-dzieci-mlodziez-patologiami-podniesc-bezpieczenstwo-miejscach-publicznych-oraz-przejsciach-dla-pieszych\/"},"wordCount":800,"commentCount":0,"publisher":{"@id":"https:\/\/marekkuchcinski.pl\/#organization"},"image":{"@id":"https:\/\/marekkuchcinski.pl\/wydarzenia\/program-profilaktyczny-mswia-chronic-dzieci-mlodziez-patologiami-podniesc-bezpieczenstwo-miejscach-publicznych-oraz-przejsciach-dla-pieszych\/#primaryimage"},"thumbnailUrl":"https:\/\/marekkuchcinski.pl\/wp-content\/uploads\/2018\/12\/PSX_20181205_110814_2-1.jpg","articleSection":["Prawo i Sprawiedliwo\u015b\u0107","Wydarzenia"],"inLanguage":"ro-RO","potentialAction":[{"@type":"CommentAction","name":"Comment","target":["https:\/\/marekkuchcinski.pl\/wydarzenia\/program-profilaktyczny-mswia-chronic-dzieci-mlodziez-patologiami-podniesc-bezpieczenstwo-miejscach-publicznych-oraz-przejsciach-dla-pieszych\/#respond"]}]},{"@type":"WebPage","@id":"https:\/\/marekkuchcinski.pl\/wydarzenia\/program-profilaktyczny-mswia-chronic-dzieci-mlodziez-patologiami-podniesc-bezpieczenstwo-miejscach-publicznych-oraz-przejsciach-dla-pieszych\/","url":"https:\/\/marekkuchcinski.pl\/wydarzenia\/program-profilaktyczny-mswia-chronic-dzieci-mlodziez-patologiami-podniesc-bezpieczenstwo-miejscach-publicznych-oraz-przejsciach-dla-pieszych\/","name":"Program profilaktyczny MSWiA ma chroni\u0107 dzieci i m\u0142odzie\u017c przed patologiami, podnie\u015b\u0107 bezpiecze\u0144stwo w miejscach publicznych czy na przej\u015bciach dla pieszych &#8211; Marek Kuchci\u0144ski","isPartOf":{"@id":"https:\/\/marekkuchcinski.pl\/#website"},"primaryImageOfPage":{"@id":"https:\/\/marekkuchcinski.pl\/wydarzenia\/program-profilaktyczny-mswia-chronic-dzieci-mlodziez-patologiami-podniesc-bezpieczenstwo-miejscach-publicznych-oraz-przejsciach-dla-pieszych\/#primaryimage"},"image":{"@id":"https:\/\/marekkuchcinski.pl\/wydarzenia\/program-profilaktyczny-mswia-chronic-dzieci-mlodziez-patologiami-podniesc-bezpieczenstwo-miejscach-publicznych-oraz-przejsciach-dla-pieszych\/#primaryimage"},"thumbnailUrl":"https:\/\/marekkuchcinski.pl\/wp-content\/uploads\/2018\/12\/PSX_20181205_110814_2-1.jpg","datePublished":"2018-12-05T10:29:11+00:00","dateModified":"2018-12-05T10:31:21+00:00","breadcrumb":{"@id":"https:\/\/marekkuchcinski.pl\/wydarzenia\/program-profilaktyczny-mswia-chronic-dzieci-mlodziez-patologiami-podniesc-bezpieczenstwo-miejscach-publicznych-oraz-przejsciach-dla-pieszych\/#breadcrumb"},"inLanguage":"ro-RO","potentialAction":[{"@type":"ReadAction","target":["https:\/\/marekkuchcinski.pl\/wydarzenia\/program-profilaktyczny-mswia-chronic-dzieci-mlodziez-patologiami-podniesc-bezpieczenstwo-miejscach-publicznych-oraz-przejsciach-dla-pieszych\/"]}]},{"@type":"ImageObject","inLanguage":"ro-RO","@id":"https:\/\/marekkuchcinski.pl\/wydarzenia\/program-profilaktyczny-mswia-chronic-dzieci-mlodziez-patologiami-podniesc-bezpieczenstwo-miejscach-publicznych-oraz-przejsciach-dla-pieszych\/#primaryimage","url":"https:\/\/marekkuchcinski.pl\/wp-content\/uploads\/2018\/12\/PSX_20181205_110814_2-1.jpg","contentUrl":"https:\/\/marekkuchcinski.pl\/wp-content\/uploads\/2018\/12\/PSX_20181205_110814_2-1.jpg","width":2048,"height":1536},{"@type":"BreadcrumbList","@id":"https:\/\/marekkuchcinski.pl\/wydarzenia\/program-profilaktyczny-mswia-chronic-dzieci-mlodziez-patologiami-podniesc-bezpieczenstwo-miejscach-publicznych-oraz-przejsciach-dla-pieszych\/#breadcrumb","itemListElement":[{"@type":"ListItem","position":1,"name":"Strona g\u0142\u00f3wna","item":"https:\/\/marekkuchcinski.pl\/"},{"@type":"ListItem","position":2,"name":"Program profilaktyczny MSWiA ma chroni\u0107 dzieci i m\u0142odzie\u017c przed patologiami, podnie\u015b\u0107 bezpiecze\u0144stwo w miejscach publicznych czy na przej\u015bciach dla pieszych"}]},{"@type":"WebSite","@id":"https:\/\/marekkuchcinski.pl\/#website","url":"https:\/\/marekkuchcinski.pl\/","name":"Marek Kuchci\u0144ski","description":"Pose\u0142 na sejm RP &ndash; okr\u0119g nr 22","publisher":{"@id":"https:\/\/marekkuchcinski.pl\/#organization"},"potentialAction":[{"@type":"SearchAction","target":{"@type":"EntryPoint","urlTemplate":"https:\/\/marekkuchcinski.pl\/?s={search_term_string}"},"query-input":{"@type":"PropertyValueSpecification","valueRequired":true,"valueName":"search_term_string"}}],"inLanguage":"ro-RO"},{"@type":"Organization","@id":"https:\/\/marekkuchcinski.pl\/#organization","name":"Marek Kuchci\u0144ski","url":"https:\/\/marekkuchcinski.pl\/","logo":{"@type":"ImageObject","inLanguage":"ro-RO","@id":"https:\/\/marekkuchcinski.pl\/#\/schema\/logo\/image\/","url":"https:\/\/marekkuchcinski.pl\/wp-content\/uploads\/2022\/09\/Marek.jpg","contentUrl":"https:\/\/marekkuchcinski.pl\/wp-content\/uploads\/2022\/09\/Marek.jpg","width":1600,"height":971,"caption":"Marek Kuchci\u0144ski"},"image":{"@id":"https:\/\/marekkuchcinski.pl\/#\/schema\/logo\/image\/"}},{"@type":"Person","@id":"https:\/\/marekkuchcinski.pl\/#\/schema\/person\/6f62700996b4d950b6ea2d1183b6c6be","name":"admin","image":{"@type":"ImageObject","inLanguage":"ro-RO","@id":"https:\/\/marekkuchcinski.pl\/#\/schema\/person\/image\/","url":"https:\/\/secure.gravatar.com\/avatar\/4bab693b9d55c3d6b52c0296a8765085?s=96&d=mm&r=g","contentUrl":"https:\/\/secure.gravatar.com\/avatar\/4bab693b9d55c3d6b52c0296a8765085?s=96&d=mm&r=g","caption":"admin"},"url":"https:\/\/marekkuchcinski.pl\/ro\/author\/marta-olejnik\/"}]}},"_links":{"self":[{"href":"https:\/\/marekkuchcinski.pl\/ro\/wp-json\/wp\/v2\/posts\/11496","targetHints":{"allow":["GET"]}}],"collection":[{"href":"https:\/\/marekkuchcinski.pl\/ro\/wp-json\/wp\/v2\/posts"}],"about":[{"href":"https:\/\/marekkuchcinski.pl\/ro\/wp-json\/wp\/v2\/types\/post"}],"author":[{"embeddable":true,"href":"https:\/\/marekkuchcinski.pl\/ro\/wp-json\/wp\/v2\/users\/6"}],"replies":[{"embeddable":true,"href":"https:\/\/marekkuchcinski.pl\/ro\/wp-json\/wp\/v2\/comments?post=11496"}],"version-history":[{"count":4,"href":"https:\/\/marekkuchcinski.pl\/ro\/wp-json\/wp\/v2\/posts\/11496\/revisions"}],"predecessor-version":[{"id":11502,"href":"https:\/\/marekkuchcinski.pl\/ro\/wp-json\/wp\/v2\/posts\/11496\/revisions\/11502"}],"wp:featuredmedia":[{"embeddable":true,"href":"https:\/\/marekkuchcinski.pl\/ro\/wp-json\/wp\/v2\/media\/11500"}],"wp:attachment":[{"href":"https:\/\/marekkuchcinski.pl\/ro\/wp-json\/wp\/v2\/media?parent=11496"}],"wp:term":[{"taxonomy":"category","embeddable":true,"href":"https:\/\/marekkuchcinski.pl\/ro\/wp-json\/wp\/v2\/categories?post=11496"},{"taxonomy":"post_tag","embeddable":true,"href":"https:\/\/marekkuchcinski.pl\/ro\/wp-json\/wp\/v2\/tags?post=11496"}],"curies":[{"name":"wp","href":"https:\/\/api.w.org\/{rel}","templated":true}]}}