{"id":11486,"date":"2018-12-04T19:53:16","date_gmt":"2018-12-04T18:53:16","guid":{"rendered":"https:\/\/marekkuchcinski.pl\/?p=11486"},"modified":"2018-12-04T20:07:04","modified_gmt":"2018-12-04T19:07:04","slug":"swieta-barbara-cala-gornicza-brac-otacza-opieka-zapewniajac-poczucie-bezpieczenstwa-oraz-pewnosc-jutrzejszego-szczescie-kolejne-lata-2","status":"publish","type":"post","link":"https:\/\/marekkuchcinski.pl\/ro\/wydarzenia\/swieta-barbara-cala-gornicza-brac-otacza-opieka-zapewniajac-poczucie-bezpieczenstwa-oraz-pewnosc-jutrzejszego-szczescie-kolejne-lata-2\/","title":{"rendered":"Fie ca Sf\u00e2nta Barbara s\u0103-i ocroteasc\u0103 pe to\u021bi minerii, oferindu-le sentimentul de siguran\u021b\u0103 \u0219i certitudinea zilei de m\u00e2ine \u0219i a fericirii pentru anii ce vor urma"},"content":{"rendered":"<p><strong>Curajul, sacrificiul de sine, umilin\u021ba \u00een fa\u021ba unei puteri superioare \u0219i un mare respect pentru munca lor sunt calit\u0103\u021bile pe care memoria ni le sugereaz\u0103 atunci c\u00e2nd ne g\u00e2ndim la mineri. Ast\u0103zi este o s\u0103rb\u0103toare a oamenilor care \u00eenfrunt\u0103 pericolul \u00een fiecare zi pentru a ne men\u021bine mai calzi, mai lumino\u0219i, mai \u00een siguran\u021b\u0103.<\/strong><\/p>\n<p>Cu ocazia Zilei Sfintei Barbara, minerii au primit scrisori din partea pre\u0219edintelui Sejm-ului, Marek Kuchci\u0144ski, \u00een care li se ureaz\u0103, printre altele, mult noroc \u00een via\u021ba personal\u0103 \u0219i \u00een activitatea profesional\u0103.<\/p>\n<p>- Fie ca Sf\u00e2nta Barbara s\u0103 ocroteasc\u0103 \u00eentreaga comunitate minier\u0103, oferind un sentiment de siguran\u021b\u0103 \u0219i certitudine pentru ziua de m\u00e2ine \u0219i fericire pentru anii ce vor urma\", a scris pre\u0219edintele Parlamentului.<\/p>\n<h4><span style=\"color: #000000;\"><a style=\"color: #000000;\" href=\"https:\/\/marekkuchcinski.pl\/wp-content\/uploads\/2018\/12\/Barbo\u0301rka.pdf\">LISTA 1<\/a><\/span><\/h4>\n<h4><span style=\"color: #000000;\"><a style=\"color: #000000;\" href=\"https:\/\/marekkuchcinski.pl\/wp-content\/uploads\/2018\/12\/Barbo\u0301rka-Krosno-1.pdf\">SCRISOAREA 2<\/a><\/span><\/h4>\n<p><a href=\"https:\/\/marekkuchcinski.pl\/wp-content\/uploads\/2018\/12\/bar.jpg\"><img fetchpriority=\"high\" decoding=\"async\" class=\"alignnone size-full wp-image-11487\" src=\"https:\/\/marekkuchcinski.pl\/wp-content\/uploads\/2018\/12\/bar.jpg\" alt=\"bar\" width=\"3864\" height=\"2358\" srcset=\"https:\/\/marekkuchcinski.pl\/wp-content\/uploads\/2018\/12\/bar.jpg 2048w, https:\/\/marekkuchcinski.pl\/wp-content\/uploads\/2018\/12\/bar-300x183.jpg 300w, https:\/\/marekkuchcinski.pl\/wp-content\/uploads\/2018\/12\/bar-768x469.jpg 768w, https:\/\/marekkuchcinski.pl\/wp-content\/uploads\/2018\/12\/bar-1024x625.jpg 1024w\" sizes=\"(max-width: 3864px) 100vw, 3864px\" \/><\/a><\/p>","protected":false},"excerpt":{"rendered":"<p>Odwaga, po\u015bwi\u0119cenie, pokora przed si\u0142\u0105 wy\u017csz\u0105 i wielki szacunek do pracy to cechy, jakie podsuwa nam pami\u0119\u0107, kiedy my\u015blimy o g\u00f3rnikach. Dzi\u015b \u015bwi\u0119to ludzi, kt\u00f3rzy codziennie stawiaj\u0105 czo\u0142a niebezpiecze\u0144stwu, \u017ceby nam by\u0142o cieplej, ja\u015bniej, bezpieczniej. Z okazji Barb\u00f3rki listy do G\u00f3rnik\u00f3w skierowa\u0142 marsza\u0142ek Sejmu Marek Kuchci\u0144ski, \u017cycz\u0105c m.in.\u00a0wszelkiej pomy\u015blno\u015bci w \u017cyciu osobistym i w pracy [&hellip;]<\/p>","protected":false},"author":6,"featured_media":11487,"comment_status":"open","ping_status":"open","sticky":false,"template":"","format":"standard","meta":{"ngg_post_thumbnail":0,"footnotes":""},"categories":[104,49,77,3],"tags":[],"class_list":["post-11486","post","type-post","status-publish","format-standard","has-post-thumbnail","hentry","category-lms","category-podkarpacie","category-wazne-daty","category-wydarzenia"],"yoast_head":"<!-- This site is optimized with the Yoast SEO plugin v24.7 - https:\/\/yoast.com\/wordpress\/plugins\/seo\/ -->\n<title>Niech \u015awi\u0119ta Barbara ca\u0142\u0105 g\u00f3rnicz\u0105 bra\u0107 otacza opiek\u0105, zapewniaj\u0105c poczucie bezpiecze\u0144stwa oraz pewno\u015b\u0107 dnia jutrzejszego i szcz\u0119\u015bcie na kolejne lata &#8211; Marek Kuchci\u0144ski<\/title>\n<meta name=\"robots\" content=\"index, follow, max-snippet:-1, max-image-preview:large, max-video-preview:-1\" \/>\n<link rel=\"canonical\" href=\"https:\/\/marekkuchcinski.pl\/ro\/wydarzenia\/swieta-barbara-cala-gornicza-brac-otacza-opieka-zapewniajac-poczucie-bezpieczenstwa-oraz-pewnosc-jutrzejszego-szczescie-kolejne-lata-2\/\" \/>\n<meta property=\"og:locale\" content=\"ro_RO\" \/>\n<meta property=\"og:type\" content=\"article\" \/>\n<meta property=\"og:title\" content=\"Niech \u015awi\u0119ta Barbara ca\u0142\u0105 g\u00f3rnicz\u0105 bra\u0107 otacza opiek\u0105, zapewniaj\u0105c poczucie bezpiecze\u0144stwa oraz pewno\u015b\u0107 dnia jutrzejszego i szcz\u0119\u015bcie na kolejne lata &#8211; Marek Kuchci\u0144ski\" \/>\n<meta property=\"og:description\" content=\"Odwaga, po\u015bwi\u0119cenie, pokora przed si\u0142\u0105 wy\u017csz\u0105 i wielki szacunek do pracy to cechy, jakie podsuwa nam pami\u0119\u0107, kiedy my\u015blimy o g\u00f3rnikach. Dzi\u015b \u015bwi\u0119to ludzi, kt\u00f3rzy codziennie stawiaj\u0105 czo\u0142a niebezpiecze\u0144stwu, \u017ceby nam by\u0142o cieplej, ja\u015bniej, bezpieczniej. Z okazji Barb\u00f3rki listy do G\u00f3rnik\u00f3w skierowa\u0142 marsza\u0142ek Sejmu Marek Kuchci\u0144ski, \u017cycz\u0105c m.in.\u00a0wszelkiej pomy\u015blno\u015bci w \u017cyciu osobistym i w pracy [&hellip;]\" \/>\n<meta property=\"og:url\" content=\"https:\/\/marekkuchcinski.pl\/ro\/wydarzenia\/swieta-barbara-cala-gornicza-brac-otacza-opieka-zapewniajac-poczucie-bezpieczenstwa-oraz-pewnosc-jutrzejszego-szczescie-kolejne-lata-2\/\" \/>\n<meta property=\"og:site_name\" content=\"Marek Kuchci\u0144ski\" \/>\n<meta property=\"article:published_time\" content=\"2018-12-04T18:53:16+00:00\" \/>\n<meta property=\"article:modified_time\" content=\"2018-12-04T19:07:04+00:00\" \/>\n<meta property=\"og:image\" content=\"https:\/\/marekkuchcinski.pl\/wp-content\/uploads\/2018\/12\/bar.jpg\" \/>\n\t<meta property=\"og:image:width\" content=\"2048\" \/>\n\t<meta property=\"og:image:height\" content=\"1250\" \/>\n\t<meta property=\"og:image:type\" content=\"image\/jpeg\" \/>\n<meta name=\"author\" content=\"admin\" \/>\n<meta name=\"twitter:card\" content=\"summary_large_image\" \/>\n<meta name=\"twitter:label1\" content=\"Scris de\" \/>\n\t<meta name=\"twitter:data1\" content=\"admin\" \/>\n\t<meta name=\"twitter:label2\" content=\"Timp estimat pentru citire\" \/>\n\t<meta name=\"twitter:data2\" content=\"1 minute\" \/>\n<script type=\"application\/ld+json\" class=\"yoast-schema-graph\">{\"@context\":\"https:\/\/schema.org\",\"@graph\":[{\"@type\":\"Article\",\"@id\":\"https:\/\/marekkuchcinski.pl\/hu\/wydarzenia\/swieta-barbara-cala-gornicza-brac-otacza-opieka-zapewniajac-poczucie-bezpieczenstwa-oraz-pewnosc-jutrzejszego-szczescie-kolejne-lata-2\/#article\",\"isPartOf\":{\"@id\":\"https:\/\/marekkuchcinski.pl\/hu\/wydarzenia\/swieta-barbara-cala-gornicza-brac-otacza-opieka-zapewniajac-poczucie-bezpieczenstwa-oraz-pewnosc-jutrzejszego-szczescie-kolejne-lata-2\/\"},\"author\":{\"name\":\"admin\",\"@id\":\"https:\/\/marekkuchcinski.pl\/#\/schema\/person\/6f62700996b4d950b6ea2d1183b6c6be\"},\"headline\":\"Niech \u015awi\u0119ta Barbara ca\u0142\u0105 g\u00f3rnicz\u0105 bra\u0107 otacza opiek\u0105, zapewniaj\u0105c poczucie bezpiecze\u0144stwa oraz pewno\u015b\u0107 dnia jutrzejszego i szcz\u0119\u015bcie na kolejne lata\",\"datePublished\":\"2018-12-04T18:53:16+00:00\",\"dateModified\":\"2018-12-04T19:07:04+00:00\",\"mainEntityOfPage\":{\"@id\":\"https:\/\/marekkuchcinski.pl\/hu\/wydarzenia\/swieta-barbara-cala-gornicza-brac-otacza-opieka-zapewniajac-poczucie-bezpieczenstwa-oraz-pewnosc-jutrzejszego-szczescie-kolejne-lata-2\/\"},\"wordCount\":134,\"commentCount\":0,\"publisher\":{\"@id\":\"https:\/\/marekkuchcinski.pl\/#organization\"},\"image\":{\"@id\":\"https:\/\/marekkuchcinski.pl\/hu\/wydarzenia\/swieta-barbara-cala-gornicza-brac-otacza-opieka-zapewniajac-poczucie-bezpieczenstwa-oraz-pewnosc-jutrzejszego-szczescie-kolejne-lata-2\/#primaryimage\"},\"thumbnailUrl\":\"https:\/\/marekkuchcinski.pl\/wp-content\/uploads\/2018\/12\/bar.jpg\",\"articleSection\":[\"Listy Marsza\u0142ka Sejmu\",\"Podkarpacie\",\"Wa\u017cne daty\",\"Wydarzenia\"],\"inLanguage\":\"ro-RO\",\"potentialAction\":[{\"@type\":\"CommentAction\",\"name\":\"Comment\",\"target\":[\"https:\/\/marekkuchcinski.pl\/hu\/wydarzenia\/swieta-barbara-cala-gornicza-brac-otacza-opieka-zapewniajac-poczucie-bezpieczenstwa-oraz-pewnosc-jutrzejszego-szczescie-kolejne-lata-2\/#respond\"]}]},{\"@type\":\"WebPage\",\"@id\":\"https:\/\/marekkuchcinski.pl\/hu\/wydarzenia\/swieta-barbara-cala-gornicza-brac-otacza-opieka-zapewniajac-poczucie-bezpieczenstwa-oraz-pewnosc-jutrzejszego-szczescie-kolejne-lata-2\/\",\"url\":\"https:\/\/marekkuchcinski.pl\/hu\/wydarzenia\/swieta-barbara-cala-gornicza-brac-otacza-opieka-zapewniajac-poczucie-bezpieczenstwa-oraz-pewnosc-jutrzejszego-szczescie-kolejne-lata-2\/\",\"name\":\"Niech \u015awi\u0119ta Barbara ca\u0142\u0105 g\u00f3rnicz\u0105 bra\u0107 otacza opiek\u0105, zapewniaj\u0105c poczucie bezpiecze\u0144stwa oraz pewno\u015b\u0107 dnia jutrzejszego i szcz\u0119\u015bcie na kolejne lata &#8211; Marek Kuchci\u0144ski\",\"isPartOf\":{\"@id\":\"https:\/\/marekkuchcinski.pl\/#website\"},\"primaryImageOfPage\":{\"@id\":\"https:\/\/marekkuchcinski.pl\/hu\/wydarzenia\/swieta-barbara-cala-gornicza-brac-otacza-opieka-zapewniajac-poczucie-bezpieczenstwa-oraz-pewnosc-jutrzejszego-szczescie-kolejne-lata-2\/#primaryimage\"},\"image\":{\"@id\":\"https:\/\/marekkuchcinski.pl\/hu\/wydarzenia\/swieta-barbara-cala-gornicza-brac-otacza-opieka-zapewniajac-poczucie-bezpieczenstwa-oraz-pewnosc-jutrzejszego-szczescie-kolejne-lata-2\/#primaryimage\"},\"thumbnailUrl\":\"https:\/\/marekkuchcinski.pl\/wp-content\/uploads\/2018\/12\/bar.jpg\",\"datePublished\":\"2018-12-04T18:53:16+00:00\",\"dateModified\":\"2018-12-04T19:07:04+00:00\",\"breadcrumb\":{\"@id\":\"https:\/\/marekkuchcinski.pl\/hu\/wydarzenia\/swieta-barbara-cala-gornicza-brac-otacza-opieka-zapewniajac-poczucie-bezpieczenstwa-oraz-pewnosc-jutrzejszego-szczescie-kolejne-lata-2\/#breadcrumb\"},\"inLanguage\":\"ro-RO\",\"potentialAction\":[{\"@type\":\"ReadAction\",\"target\":[\"https:\/\/marekkuchcinski.pl\/hu\/wydarzenia\/swieta-barbara-cala-gornicza-brac-otacza-opieka-zapewniajac-poczucie-bezpieczenstwa-oraz-pewnosc-jutrzejszego-szczescie-kolejne-lata-2\/\"]}]},{\"@type\":\"ImageObject\",\"inLanguage\":\"ro-RO\",\"@id\":\"https:\/\/marekkuchcinski.pl\/hu\/wydarzenia\/swieta-barbara-cala-gornicza-brac-otacza-opieka-zapewniajac-poczucie-bezpieczenstwa-oraz-pewnosc-jutrzejszego-szczescie-kolejne-lata-2\/#primaryimage\",\"url\":\"https:\/\/marekkuchcinski.pl\/wp-content\/uploads\/2018\/12\/bar.jpg\",\"contentUrl\":\"https:\/\/marekkuchcinski.pl\/wp-content\/uploads\/2018\/12\/bar.jpg\",\"width\":2048,\"height\":1250},{\"@type\":\"BreadcrumbList\",\"@id\":\"https:\/\/marekkuchcinski.pl\/hu\/wydarzenia\/swieta-barbara-cala-gornicza-brac-otacza-opieka-zapewniajac-poczucie-bezpieczenstwa-oraz-pewnosc-jutrzejszego-szczescie-kolejne-lata-2\/#breadcrumb\",\"itemListElement\":[{\"@type\":\"ListItem\",\"position\":1,\"name\":\"Strona g\u0142\u00f3wna\",\"item\":\"https:\/\/marekkuchcinski.pl\/\"},{\"@type\":\"ListItem\",\"position\":2,\"name\":\"Niech \u015awi\u0119ta Barbara ca\u0142\u0105 g\u00f3rnicz\u0105 bra\u0107 otacza opiek\u0105, zapewniaj\u0105c poczucie bezpiecze\u0144stwa oraz pewno\u015b\u0107 dnia jutrzejszego i szcz\u0119\u015bcie na kolejne lata\"}]},{\"@type\":\"WebSite\",\"@id\":\"https:\/\/marekkuchcinski.pl\/#website\",\"url\":\"https:\/\/marekkuchcinski.pl\/\",\"name\":\"Marek Kuchci\u0144ski\",\"description\":\"Pose\u0142 na sejm RP &ndash; okr\u0119g nr 22\",\"publisher\":{\"@id\":\"https:\/\/marekkuchcinski.pl\/#organization\"},\"potentialAction\":[{\"@type\":\"SearchAction\",\"target\":{\"@type\":\"EntryPoint\",\"urlTemplate\":\"https:\/\/marekkuchcinski.pl\/?s={search_term_string}\"},\"query-input\":{\"@type\":\"PropertyValueSpecification\",\"valueRequired\":true,\"valueName\":\"search_term_string\"}}],\"inLanguage\":\"ro-RO\"},{\"@type\":\"Organization\",\"@id\":\"https:\/\/marekkuchcinski.pl\/#organization\",\"name\":\"Marek Kuchci\u0144ski\",\"url\":\"https:\/\/marekkuchcinski.pl\/\",\"logo\":{\"@type\":\"ImageObject\",\"inLanguage\":\"ro-RO\",\"@id\":\"https:\/\/marekkuchcinski.pl\/#\/schema\/logo\/image\/\",\"url\":\"https:\/\/marekkuchcinski.pl\/wp-content\/uploads\/2022\/09\/Marek.jpg\",\"contentUrl\":\"https:\/\/marekkuchcinski.pl\/wp-content\/uploads\/2022\/09\/Marek.jpg\",\"width\":1600,\"height\":971,\"caption\":\"Marek Kuchci\u0144ski\"},\"image\":{\"@id\":\"https:\/\/marekkuchcinski.pl\/#\/schema\/logo\/image\/\"}},{\"@type\":\"Person\",\"@id\":\"https:\/\/marekkuchcinski.pl\/#\/schema\/person\/6f62700996b4d950b6ea2d1183b6c6be\",\"name\":\"admin\",\"image\":{\"@type\":\"ImageObject\",\"inLanguage\":\"ro-RO\",\"@id\":\"https:\/\/marekkuchcinski.pl\/#\/schema\/person\/image\/\",\"url\":\"https:\/\/secure.gravatar.com\/avatar\/4bab693b9d55c3d6b52c0296a8765085?s=96&d=mm&r=g\",\"contentUrl\":\"https:\/\/secure.gravatar.com\/avatar\/4bab693b9d55c3d6b52c0296a8765085?s=96&d=mm&r=g\",\"caption\":\"admin\"},\"url\":\"https:\/\/marekkuchcinski.pl\/ro\/author\/marta-olejnik\/\"}]}<\/script>\n<!-- \/ Yoast SEO plugin. -->","yoast_head_json":{"title":"Niech \u015awi\u0119ta Barbara ca\u0142\u0105 g\u00f3rnicz\u0105 bra\u0107 otacza opiek\u0105, zapewniaj\u0105c poczucie bezpiecze\u0144stwa oraz pewno\u015b\u0107 dnia jutrzejszego i szcz\u0119\u015bcie na kolejne lata &#8211; Marek Kuchci\u0144ski","robots":{"index":"index","follow":"follow","max-snippet":"max-snippet:-1","max-image-preview":"max-image-preview:large","max-video-preview":"max-video-preview:-1"},"canonical":"https:\/\/marekkuchcinski.pl\/ro\/wydarzenia\/swieta-barbara-cala-gornicza-brac-otacza-opieka-zapewniajac-poczucie-bezpieczenstwa-oraz-pewnosc-jutrzejszego-szczescie-kolejne-lata-2\/","og_locale":"ro_RO","og_type":"article","og_title":"Niech \u015awi\u0119ta Barbara ca\u0142\u0105 g\u00f3rnicz\u0105 bra\u0107 otacza opiek\u0105, zapewniaj\u0105c poczucie bezpiecze\u0144stwa oraz pewno\u015b\u0107 dnia jutrzejszego i szcz\u0119\u015bcie na kolejne lata &#8211; Marek Kuchci\u0144ski","og_description":"Odwaga, po\u015bwi\u0119cenie, pokora przed si\u0142\u0105 wy\u017csz\u0105 i wielki szacunek do pracy to cechy, jakie podsuwa nam pami\u0119\u0107, kiedy my\u015blimy o g\u00f3rnikach. Dzi\u015b \u015bwi\u0119to ludzi, kt\u00f3rzy codziennie stawiaj\u0105 czo\u0142a niebezpiecze\u0144stwu, \u017ceby nam by\u0142o cieplej, ja\u015bniej, bezpieczniej. Z okazji Barb\u00f3rki listy do G\u00f3rnik\u00f3w skierowa\u0142 marsza\u0142ek Sejmu Marek Kuchci\u0144ski, \u017cycz\u0105c m.in.\u00a0wszelkiej pomy\u015blno\u015bci w \u017cyciu osobistym i w pracy [&hellip;]","og_url":"https:\/\/marekkuchcinski.pl\/ro\/wydarzenia\/swieta-barbara-cala-gornicza-brac-otacza-opieka-zapewniajac-poczucie-bezpieczenstwa-oraz-pewnosc-jutrzejszego-szczescie-kolejne-lata-2\/","og_site_name":"Marek Kuchci\u0144ski","article_published_time":"2018-12-04T18:53:16+00:00","article_modified_time":"2018-12-04T19:07:04+00:00","og_image":[{"width":2048,"height":1250,"url":"https:\/\/marekkuchcinski.pl\/wp-content\/uploads\/2018\/12\/bar.jpg","type":"image\/jpeg"}],"author":"admin","twitter_card":"summary_large_image","twitter_misc":{"Scris de":"admin","Timp estimat pentru citire":"1 minute"},"schema":{"@context":"https:\/\/schema.org","@graph":[{"@type":"Article","@id":"https:\/\/marekkuchcinski.pl\/hu\/wydarzenia\/swieta-barbara-cala-gornicza-brac-otacza-opieka-zapewniajac-poczucie-bezpieczenstwa-oraz-pewnosc-jutrzejszego-szczescie-kolejne-lata-2\/#article","isPartOf":{"@id":"https:\/\/marekkuchcinski.pl\/hu\/wydarzenia\/swieta-barbara-cala-gornicza-brac-otacza-opieka-zapewniajac-poczucie-bezpieczenstwa-oraz-pewnosc-jutrzejszego-szczescie-kolejne-lata-2\/"},"author":{"name":"admin","@id":"https:\/\/marekkuchcinski.pl\/#\/schema\/person\/6f62700996b4d950b6ea2d1183b6c6be"},"headline":"Niech \u015awi\u0119ta Barbara ca\u0142\u0105 g\u00f3rnicz\u0105 bra\u0107 otacza opiek\u0105, zapewniaj\u0105c poczucie bezpiecze\u0144stwa oraz pewno\u015b\u0107 dnia jutrzejszego i szcz\u0119\u015bcie na kolejne lata","datePublished":"2018-12-04T18:53:16+00:00","dateModified":"2018-12-04T19:07:04+00:00","mainEntityOfPage":{"@id":"https:\/\/marekkuchcinski.pl\/hu\/wydarzenia\/swieta-barbara-cala-gornicza-brac-otacza-opieka-zapewniajac-poczucie-bezpieczenstwa-oraz-pewnosc-jutrzejszego-szczescie-kolejne-lata-2\/"},"wordCount":134,"commentCount":0,"publisher":{"@id":"https:\/\/marekkuchcinski.pl\/#organization"},"image":{"@id":"https:\/\/marekkuchcinski.pl\/hu\/wydarzenia\/swieta-barbara-cala-gornicza-brac-otacza-opieka-zapewniajac-poczucie-bezpieczenstwa-oraz-pewnosc-jutrzejszego-szczescie-kolejne-lata-2\/#primaryimage"},"thumbnailUrl":"https:\/\/marekkuchcinski.pl\/wp-content\/uploads\/2018\/12\/bar.jpg","articleSection":["Listy Marsza\u0142ka Sejmu","Podkarpacie","Wa\u017cne daty","Wydarzenia"],"inLanguage":"ro-RO","potentialAction":[{"@type":"CommentAction","name":"Comment","target":["https:\/\/marekkuchcinski.pl\/hu\/wydarzenia\/swieta-barbara-cala-gornicza-brac-otacza-opieka-zapewniajac-poczucie-bezpieczenstwa-oraz-pewnosc-jutrzejszego-szczescie-kolejne-lata-2\/#respond"]}]},{"@type":"WebPage","@id":"https:\/\/marekkuchcinski.pl\/hu\/wydarzenia\/swieta-barbara-cala-gornicza-brac-otacza-opieka-zapewniajac-poczucie-bezpieczenstwa-oraz-pewnosc-jutrzejszego-szczescie-kolejne-lata-2\/","url":"https:\/\/marekkuchcinski.pl\/hu\/wydarzenia\/swieta-barbara-cala-gornicza-brac-otacza-opieka-zapewniajac-poczucie-bezpieczenstwa-oraz-pewnosc-jutrzejszego-szczescie-kolejne-lata-2\/","name":"Niech \u015awi\u0119ta Barbara ca\u0142\u0105 g\u00f3rnicz\u0105 bra\u0107 otacza opiek\u0105, zapewniaj\u0105c poczucie bezpiecze\u0144stwa oraz pewno\u015b\u0107 dnia jutrzejszego i szcz\u0119\u015bcie na kolejne lata &#8211; Marek Kuchci\u0144ski","isPartOf":{"@id":"https:\/\/marekkuchcinski.pl\/#website"},"primaryImageOfPage":{"@id":"https:\/\/marekkuchcinski.pl\/hu\/wydarzenia\/swieta-barbara-cala-gornicza-brac-otacza-opieka-zapewniajac-poczucie-bezpieczenstwa-oraz-pewnosc-jutrzejszego-szczescie-kolejne-lata-2\/#primaryimage"},"image":{"@id":"https:\/\/marekkuchcinski.pl\/hu\/wydarzenia\/swieta-barbara-cala-gornicza-brac-otacza-opieka-zapewniajac-poczucie-bezpieczenstwa-oraz-pewnosc-jutrzejszego-szczescie-kolejne-lata-2\/#primaryimage"},"thumbnailUrl":"https:\/\/marekkuchcinski.pl\/wp-content\/uploads\/2018\/12\/bar.jpg","datePublished":"2018-12-04T18:53:16+00:00","dateModified":"2018-12-04T19:07:04+00:00","breadcrumb":{"@id":"https:\/\/marekkuchcinski.pl\/hu\/wydarzenia\/swieta-barbara-cala-gornicza-brac-otacza-opieka-zapewniajac-poczucie-bezpieczenstwa-oraz-pewnosc-jutrzejszego-szczescie-kolejne-lata-2\/#breadcrumb"},"inLanguage":"ro-RO","potentialAction":[{"@type":"ReadAction","target":["https:\/\/marekkuchcinski.pl\/hu\/wydarzenia\/swieta-barbara-cala-gornicza-brac-otacza-opieka-zapewniajac-poczucie-bezpieczenstwa-oraz-pewnosc-jutrzejszego-szczescie-kolejne-lata-2\/"]}]},{"@type":"ImageObject","inLanguage":"ro-RO","@id":"https:\/\/marekkuchcinski.pl\/hu\/wydarzenia\/swieta-barbara-cala-gornicza-brac-otacza-opieka-zapewniajac-poczucie-bezpieczenstwa-oraz-pewnosc-jutrzejszego-szczescie-kolejne-lata-2\/#primaryimage","url":"https:\/\/marekkuchcinski.pl\/wp-content\/uploads\/2018\/12\/bar.jpg","contentUrl":"https:\/\/marekkuchcinski.pl\/wp-content\/uploads\/2018\/12\/bar.jpg","width":2048,"height":1250},{"@type":"BreadcrumbList","@id":"https:\/\/marekkuchcinski.pl\/hu\/wydarzenia\/swieta-barbara-cala-gornicza-brac-otacza-opieka-zapewniajac-poczucie-bezpieczenstwa-oraz-pewnosc-jutrzejszego-szczescie-kolejne-lata-2\/#breadcrumb","itemListElement":[{"@type":"ListItem","position":1,"name":"Strona g\u0142\u00f3wna","item":"https:\/\/marekkuchcinski.pl\/"},{"@type":"ListItem","position":2,"name":"Niech \u015awi\u0119ta Barbara ca\u0142\u0105 g\u00f3rnicz\u0105 bra\u0107 otacza opiek\u0105, zapewniaj\u0105c poczucie bezpiecze\u0144stwa oraz pewno\u015b\u0107 dnia jutrzejszego i szcz\u0119\u015bcie na kolejne lata"}]},{"@type":"WebSite","@id":"https:\/\/marekkuchcinski.pl\/#website","url":"https:\/\/marekkuchcinski.pl\/","name":"Marek Kuchci\u0144ski","description":"Pose\u0142 na sejm RP &ndash; okr\u0119g nr 22","publisher":{"@id":"https:\/\/marekkuchcinski.pl\/#organization"},"potentialAction":[{"@type":"SearchAction","target":{"@type":"EntryPoint","urlTemplate":"https:\/\/marekkuchcinski.pl\/?s={search_term_string}"},"query-input":{"@type":"PropertyValueSpecification","valueRequired":true,"valueName":"search_term_string"}}],"inLanguage":"ro-RO"},{"@type":"Organization","@id":"https:\/\/marekkuchcinski.pl\/#organization","name":"Marek Kuchci\u0144ski","url":"https:\/\/marekkuchcinski.pl\/","logo":{"@type":"ImageObject","inLanguage":"ro-RO","@id":"https:\/\/marekkuchcinski.pl\/#\/schema\/logo\/image\/","url":"https:\/\/marekkuchcinski.pl\/wp-content\/uploads\/2022\/09\/Marek.jpg","contentUrl":"https:\/\/marekkuchcinski.pl\/wp-content\/uploads\/2022\/09\/Marek.jpg","width":1600,"height":971,"caption":"Marek Kuchci\u0144ski"},"image":{"@id":"https:\/\/marekkuchcinski.pl\/#\/schema\/logo\/image\/"}},{"@type":"Person","@id":"https:\/\/marekkuchcinski.pl\/#\/schema\/person\/6f62700996b4d950b6ea2d1183b6c6be","name":"admin","image":{"@type":"ImageObject","inLanguage":"ro-RO","@id":"https:\/\/marekkuchcinski.pl\/#\/schema\/person\/image\/","url":"https:\/\/secure.gravatar.com\/avatar\/4bab693b9d55c3d6b52c0296a8765085?s=96&d=mm&r=g","contentUrl":"https:\/\/secure.gravatar.com\/avatar\/4bab693b9d55c3d6b52c0296a8765085?s=96&d=mm&r=g","caption":"admin"},"url":"https:\/\/marekkuchcinski.pl\/ro\/author\/marta-olejnik\/"}]}},"_links":{"self":[{"href":"https:\/\/marekkuchcinski.pl\/ro\/wp-json\/wp\/v2\/posts\/11486","targetHints":{"allow":["GET"]}}],"collection":[{"href":"https:\/\/marekkuchcinski.pl\/ro\/wp-json\/wp\/v2\/posts"}],"about":[{"href":"https:\/\/marekkuchcinski.pl\/ro\/wp-json\/wp\/v2\/types\/post"}],"author":[{"embeddable":true,"href":"https:\/\/marekkuchcinski.pl\/ro\/wp-json\/wp\/v2\/users\/6"}],"replies":[{"embeddable":true,"href":"https:\/\/marekkuchcinski.pl\/ro\/wp-json\/wp\/v2\/comments?post=11486"}],"version-history":[{"count":5,"href":"https:\/\/marekkuchcinski.pl\/ro\/wp-json\/wp\/v2\/posts\/11486\/revisions"}],"predecessor-version":[{"id":11495,"href":"https:\/\/marekkuchcinski.pl\/ro\/wp-json\/wp\/v2\/posts\/11486\/revisions\/11495"}],"wp:featuredmedia":[{"embeddable":true,"href":"https:\/\/marekkuchcinski.pl\/ro\/wp-json\/wp\/v2\/media\/11487"}],"wp:attachment":[{"href":"https:\/\/marekkuchcinski.pl\/ro\/wp-json\/wp\/v2\/media?parent=11486"}],"wp:term":[{"taxonomy":"category","embeddable":true,"href":"https:\/\/marekkuchcinski.pl\/ro\/wp-json\/wp\/v2\/categories?post=11486"},{"taxonomy":"post_tag","embeddable":true,"href":"https:\/\/marekkuchcinski.pl\/ro\/wp-json\/wp\/v2\/tags?post=11486"}],"curies":[{"name":"wp","href":"https:\/\/api.w.org\/{rel}","templated":true}]}}