{"id":11255,"date":"2018-11-26T09:33:00","date_gmt":"2018-11-26T08:33:00","guid":{"rendered":"https:\/\/marekkuchcinski.pl\/?p=11255"},"modified":"2018-11-26T09:33:00","modified_gmt":"2018-11-26T08:33:00","slug":"krasiczyn-spotkanie-marszalka-sejmu-przewodniczacym-zgromadzenia-narodowego-wegier","status":"publish","type":"post","link":"https:\/\/marekkuchcinski.pl\/ro\/wspolpraca-miedzynarodowa\/krasiczyn-spotkanie-marszalka-sejmu-przewodniczacym-zgromadzenia-narodowego-wegier\/","title":{"rendered":"Krasiczyn: \u00cent\u00e2lnire \u00eentre pre\u0219edintele Sejm \u0219i pre\u0219edintele Adun\u0103rii Na\u021bionale Maghiare"},"content":{"rendered":"<p dir=\"ltr\">S\u00e2mb\u0103t\u0103, 24 noiembrie, la Krasiczyn, pre\u0219edintele Sejm, Marek Kuchci\u0144ski, s-a \u00eent\u00e2lnit cu pre\u0219edintele Adun\u0103rii Na\u021bionale a Ungariei, L\u00e1szl\u00f3 K\u00f6v\u00e9r. Discu\u021biile au vizat cooperarea dintre cele dou\u0103 parlamente. Au fost discutate, de asemenea, activit\u0103\u021bile comune ale Grupului de la Vi\u0219egrad \u00een cadrul Uniunii Europene. - Tradi\u021bia cooper\u0103rii polono-ungare dateaz\u0103 de mai multe secole. Ast\u0103zi ne confrunt\u0103m cu provoc\u0103ri care ne \u00eencurajeaz\u0103 s\u0103 ne unim for\u021bele - a declarat Marek Kuchci\u0144ski \u00een deschiderea reuniunii.<\/p>\n<p dir=\"ltr\">Pre\u0219edintele Sejm-ului a subliniat, de asemenea, necesitatea de a c\u0103uta noi forme de consolidare a cooper\u0103rii. Pre\u0219edintele K\u00f6v\u00e9r a fost de acord, declar\u00e2nd c\u0103 at\u00e2t diploma\u021bia parlamentar\u0103, c\u00e2t \u0219i cooperarea dintre institu\u021biile polono-ungare reprezint\u0103 un supliment important al activit\u0103\u021bilor guvernamentale \u00een cultivarea rela\u021biilor reciproce. - Parlamentele \u0219i institu\u021biile care promoveaz\u0103 cultura polono-ungar\u0103 pot servi drept baz\u0103 pentru guvern \u00een acest aspect, care va indica ce angajamente merit\u0103 s\u0103 fie luate pentru a construi viitorul prieteniei polono-ungare \u0219i pentru a o promova \u00een forumul UE ca model de cooperare european\u0103', a apreciat L\u00e1szl\u00f3 K\u00f6v\u00e9r.<\/p>\n<p dir=\"ltr\">Profesorul Maciej Szymanowski, director al Institutului Wac\u0142aw Felczak pentru cooperare polono-ungar\u0103 \u0219i consilier al pre\u0219edintelui Sejm, \u0219i Karol Biernacki, pre\u0219edintele Funda\u021biei Wac\u0142aw Felczak din Ungaria, au prezentat proiecte de ini\u021biative comune care promoveaz\u0103 dezvoltarea cooper\u0103rii educa\u021bionale \u0219i culturale. Dup\u0103 cum a subliniat profesorul Szymanowski, scopul ini\u021biativelor este de a ar\u0103ta c\u0103 exist\u0103 multe momente \u00een istoria noastr\u0103 comun\u0103 care demonstreaz\u0103 leg\u0103turile puternice dintre cele dou\u0103 \u021b\u0103ri.<\/p>\n<p dir=\"ltr\">Institutele inten\u021bioneaz\u0103 s\u0103 ia m\u0103suri pentru a implica mass-media din Polonia \u0219i Ungaria \u00een promovarea Zilei Prieteniei polono-ungare. Ace\u0219tia au discutat, de asemenea, despre ideea de a elabora materiale comune pentru predarea istoriei \u00een \u0219colile din Polonia \u0219i Ungaria, care s\u0103 sublinieze importan\u021ba prieteniei milenare dintre cele dou\u0103 \u021b\u0103ri. De asemenea, a fost declarat\u0103 sus\u021binerea pred\u0103rii limbii poloneze \u00een Ungaria \u0219i a limbii maghiare \u00een Polonia \u00een \u0219colile secundare \u0219i superioare, precum \u0219i lansarea unor programe de traducere, care ar permite dublarea num\u0103rului de traduceri publicate de c\u0103r\u021bi \u0219i studii monografice despre Polonia \u0219i Ungaria.<\/p>\n<p dir=\"ltr\">O alt\u0103 ini\u021biativ\u0103 important\u0103 va fi dezvoltarea conceptului unei expozi\u021bii comune care s\u0103 prezinte dezvoltarea timpurie a parlamentarismului \u00een Polonia \u0219i Ungaria, care va fi expus\u0103 \u00een cadrul forumului european. Dup\u0103 cum a subliniat S\u00e1ndor \u0150ze, decanul Facult\u0103\u021bii de Istorie de la Universitatea Catolic\u0103 din Budapesta, istoria parlamentarilor polonezi \u0219i maghiari are multe asem\u0103n\u0103ri. - Bula de aur a lui Andrei al II-lea, emis\u0103 \u00een 1222, poate fi interpretat\u0103 ca fiind \u00eenceputul form\u0103rii parlamentarismului \u00een Ungaria. Acesta con\u021bine prevederi de limitare a puterii regale similare cu privilegiile emise \u00een Polonia, care au devenit baza form\u0103rii parlamentarismului nobiliar', a explicat istoricul maghiar. Dup\u0103 cum a ad\u0103ugat el, polonezii \u0219i maghiarii au fost \u00eentotdeauna uni\u021bi de ideea de a lupta pentru libertate \u0219i independen\u021b\u0103, lucru exemplificat de figurile generalului J\u00f3zef Bem \u0219i a lui Tadeusz Ko\u015bciuszko, care au participat la luptele care au conturat independen\u021ba Statelor Unite. Pre\u0219edintele Funda\u021biei Wac\u0142aw Felczak din Ungaria, Karol Biernacki, a anun\u021bat, de asemenea, deschiderea la Budapesta a unei expozi\u021bii dedicate matematicienilor polonezi care au descifrat codul \"Enigma\". Ambasadorul Poloniei \u00een Ungaria, Jerzy Snopek, va prelua patronajul onorific al expozi\u021biei.<\/p>\n<p dir=\"ltr\">Discu\u021biile delega\u021biei polono-ungare au fost urmate de o \u00eent\u00e2lnire a lui Marek Kuchci\u0144ski \u0219i L\u00e1szl\u00f3 K\u00f6v\u00e9r cu participan\u021bii la prima \u0218coal\u0103 polono-ungar\u0103 de lideri. Evenimentul a fost organizat de Institutul Wac\u0142aw Felczak \u0219i la el au participat aproape 200 de tineri, \u00een principal studen\u021bi din ambele \u021b\u0103ri. Mare\u0219alul Kuchci\u0144ski a subliniat c\u0103 \u0218coala Liderilor este o ocazie excelent\u0103 de a discuta cu tinerii despre valorile comune \u0219i despre prietenia care leag\u0103 na\u021biunile noastre de multe secole. - Dac\u0103 ne uit\u0103m la istoria noastr\u0103 comun\u0103, nu exist\u0103 o genera\u021bie \u00een care s\u0103 nu apar\u0103 evenimente importante legate de luptele pentru independen\u021b\u0103 cu participarea comun\u0103 a unor maghiari \u0219i polonezi proeminen\u021bi. Acest lucru \u00eent\u0103re\u0219te \u00een noi sentimentul istoriei comune \u0219i ne d\u0103 speran\u021ba unei dezvolt\u0103ri pozitive a cooper\u0103rii \u00een viitor\", a spus el, convins.<\/p>\n<p dir=\"ltr\">La r\u00e2ndul s\u0103u, L\u00e1szl\u00f3 K\u00f6v\u00e9r a declarat c\u0103, \u00een perioada urm\u0103toare, cooperarea bilateral\u0103 polono-ungar\u0103 \u0219i cooperarea \u00een cadrul Grupului de la Vi\u0219egrad va fi un element semnificativ care va da tonul procesului de reform\u0103 \u00een Uniunea European\u0103, mai ales dac\u0103 se iau \u00een considerare rezultatele economice ob\u021binute de \u021b\u0103rile V4 \u00een ultima perioad\u0103. - Trebuie s\u0103 ne trat\u0103m unii pe al\u021bii ca egali \u0219i s\u0103 fim liberi cu cei liberi. O astfel de atitudine este uneori o mare provocare, av\u00e2nd \u00een vedere complexitatea istoriei, dar este cea mai ra\u021bional\u0103 cale, deoarece conduce prin cooperare reciproc\u0103, ceea ce ne ofer\u0103 o \u0219ans\u0103 de a ne ap\u0103ra \u00eempotriva tendin\u021belor negative din Est \u0219i din Vest \u0219i, \u00een acela\u0219i timp, poate deveni o surs\u0103 de inspira\u021bie pentru construirea unei Europe mai puternice \u0219i mai bune\", a conchis Marek Kuchci\u0144ski.<\/p>\n<p dir=\"ltr\">\u00cent\u00e2lnirea a culminat cu un interviu comun al pre\u0219edin\u021bilor parlamentelor polonez \u0219i maghiar \u00een cadrul emisiunii \"Invitatul \u0219tirilor\".<\/p>\n<p dir=\"ltr\">\u00cen cadrul convorbirilor bilaterale, partea polonez\u0103 a fost reprezentat\u0103, de asemenea, de vicepre\u0219edintele Sejm-ului Beata Mazurek \u0219i de pre\u0219edintele senior al Sejm-ului Kornel Morawiecki, deputatul \u0219i secretarul de stat \u00een Cancelaria prim-ministrului Piotr Naimski, \u0219eful adjunct al Cancelariei prim-ministrului Pawe\u0142 Szrot. Din delega\u021bia ungar\u0103 au f\u0103cut parte vicepre\u0219edin\u021bii Adun\u0103rii Na\u021bionale Maghiare, Janos Latorcai \u0219i S\u00e1ndor Lezsak, deputatul ungar Rich\u00e1rd H\u00f6rscik, ambasadorul Ungariei \u00een Polonia, Orsolya Zsuzanna Kov\u00e1cs, purt\u0103torul de cuv\u00e2nt na\u021bional polonez Halina Cs\u00facs \u0219i Adrienne K\u00f6rmendy, consulul general al Ungariei.<\/p>\n<p dir=\"ltr\"><a href=\"https:\/\/marekkuchcinski.pl\/wp-content\/uploads\/2018\/11\/Dsx_LZsXcAEzZT6.jpg\"><img fetchpriority=\"high\" decoding=\"async\" class=\"alignnone size-full wp-image-11256\" src=\"https:\/\/marekkuchcinski.pl\/wp-content\/uploads\/2018\/11\/Dsx_LZsXcAEzZT6.jpg\" alt=\"Dsx_LZsXcAEzZT6\" width=\"1200\" height=\"800\" srcset=\"https:\/\/marekkuchcinski.pl\/wp-content\/uploads\/2018\/11\/Dsx_LZsXcAEzZT6.jpg 1200w, https:\/\/marekkuchcinski.pl\/wp-content\/uploads\/2018\/11\/Dsx_LZsXcAEzZT6-300x200.jpg 300w, https:\/\/marekkuchcinski.pl\/wp-content\/uploads\/2018\/11\/Dsx_LZsXcAEzZT6-768x512.jpg 768w, https:\/\/marekkuchcinski.pl\/wp-content\/uploads\/2018\/11\/Dsx_LZsXcAEzZT6-1024x683.jpg 1024w\" sizes=\"(max-width: 1200px) 100vw, 1200px\" \/><\/a> <a href=\"https:\/\/marekkuchcinski.pl\/wp-content\/uploads\/2018\/11\/DsxewlwWwAELmge.jpg\"><img decoding=\"async\" class=\"alignnone size-full wp-image-11257\" src=\"https:\/\/marekkuchcinski.pl\/wp-content\/uploads\/2018\/11\/DsxewlwWwAELmge.jpg\" alt=\"DsxewlwWwAELmge\" width=\"1200\" height=\"800\" srcset=\"https:\/\/marekkuchcinski.pl\/wp-content\/uploads\/2018\/11\/DsxewlwWwAELmge.jpg 1200w, https:\/\/marekkuchcinski.pl\/wp-content\/uploads\/2018\/11\/DsxewlwWwAELmge-300x200.jpg 300w, https:\/\/marekkuchcinski.pl\/wp-content\/uploads\/2018\/11\/DsxewlwWwAELmge-768x512.jpg 768w, https:\/\/marekkuchcinski.pl\/wp-content\/uploads\/2018\/11\/DsxewlwWwAELmge-1024x683.jpg 1024w\" sizes=\"(max-width: 1200px) 100vw, 1200px\" \/><\/a> <a href=\"https:\/\/marekkuchcinski.pl\/wp-content\/uploads\/2018\/11\/LB1_0179.jpg\"><img decoding=\"async\" class=\"alignnone size-full wp-image-11258\" src=\"https:\/\/marekkuchcinski.pl\/wp-content\/uploads\/2018\/11\/LB1_0179.jpg\" alt=\"LB1_0179\" width=\"1620\" height=\"1080\" srcset=\"https:\/\/marekkuchcinski.pl\/wp-content\/uploads\/2018\/11\/LB1_0179.jpg 1620w, https:\/\/marekkuchcinski.pl\/wp-content\/uploads\/2018\/11\/LB1_0179-300x200.jpg 300w, https:\/\/marekkuchcinski.pl\/wp-content\/uploads\/2018\/11\/LB1_0179-768x512.jpg 768w, https:\/\/marekkuchcinski.pl\/wp-content\/uploads\/2018\/11\/LB1_0179-1024x683.jpg 1024w\" sizes=\"(max-width: 1620px) 100vw, 1620px\" \/><\/a> <a href=\"https:\/\/marekkuchcinski.pl\/wp-content\/uploads\/2018\/11\/LB1_0180.jpg\"><img loading=\"lazy\" decoding=\"async\" class=\"alignnone size-full wp-image-11259\" src=\"https:\/\/marekkuchcinski.pl\/wp-content\/uploads\/2018\/11\/LB1_0180.jpg\" alt=\"LB1_0180\" width=\"1620\" height=\"1080\" srcset=\"https:\/\/marekkuchcinski.pl\/wp-content\/uploads\/2018\/11\/LB1_0180.jpg 1620w, https:\/\/marekkuchcinski.pl\/wp-content\/uploads\/2018\/11\/LB1_0180-300x200.jpg 300w, https:\/\/marekkuchcinski.pl\/wp-content\/uploads\/2018\/11\/LB1_0180-768x512.jpg 768w, https:\/\/marekkuchcinski.pl\/wp-content\/uploads\/2018\/11\/LB1_0180-1024x683.jpg 1024w\" sizes=\"(max-width: 1620px) 100vw, 1620px\" \/><\/a> <a href=\"https:\/\/marekkuchcinski.pl\/wp-content\/uploads\/2018\/11\/LB1_0445.jpg\"><img loading=\"lazy\" decoding=\"async\" class=\"alignnone size-full wp-image-11260\" src=\"https:\/\/marekkuchcinski.pl\/wp-content\/uploads\/2018\/11\/LB1_0445.jpg\" alt=\"LB1_0445\" width=\"1620\" height=\"1080\" srcset=\"https:\/\/marekkuchcinski.pl\/wp-content\/uploads\/2018\/11\/LB1_0445.jpg 1620w, https:\/\/marekkuchcinski.pl\/wp-content\/uploads\/2018\/11\/LB1_0445-300x200.jpg 300w, https:\/\/marekkuchcinski.pl\/wp-content\/uploads\/2018\/11\/LB1_0445-768x512.jpg 768w, https:\/\/marekkuchcinski.pl\/wp-content\/uploads\/2018\/11\/LB1_0445-1024x683.jpg 1024w\" sizes=\"(max-width: 1620px) 100vw, 1620px\" \/><\/a> <a href=\"https:\/\/marekkuchcinski.pl\/wp-content\/uploads\/2018\/11\/LB1_0520.jpg\"><img loading=\"lazy\" decoding=\"async\" class=\"alignnone size-full wp-image-11261\" src=\"https:\/\/marekkuchcinski.pl\/wp-content\/uploads\/2018\/11\/LB1_0520.jpg\" alt=\"LB1_0520\" width=\"1620\" height=\"1080\" srcset=\"https:\/\/marekkuchcinski.pl\/wp-content\/uploads\/2018\/11\/LB1_0520.jpg 1620w, https:\/\/marekkuchcinski.pl\/wp-content\/uploads\/2018\/11\/LB1_0520-300x200.jpg 300w, https:\/\/marekkuchcinski.pl\/wp-content\/uploads\/2018\/11\/LB1_0520-768x512.jpg 768w, https:\/\/marekkuchcinski.pl\/wp-content\/uploads\/2018\/11\/LB1_0520-1024x683.jpg 1024w\" sizes=\"(max-width: 1620px) 100vw, 1620px\" \/><\/a> <a href=\"https:\/\/marekkuchcinski.pl\/wp-content\/uploads\/2018\/11\/LB1_0622_1.jpg\"><img loading=\"lazy\" decoding=\"async\" class=\"alignnone size-full wp-image-11262\" src=\"https:\/\/marekkuchcinski.pl\/wp-content\/uploads\/2018\/11\/LB1_0622_1.jpg\" alt=\"LB1_0622_1\" width=\"1620\" height=\"1080\" srcset=\"https:\/\/marekkuchcinski.pl\/wp-content\/uploads\/2018\/11\/LB1_0622_1.jpg 1620w, https:\/\/marekkuchcinski.pl\/wp-content\/uploads\/2018\/11\/LB1_0622_1-300x200.jpg 300w, https:\/\/marekkuchcinski.pl\/wp-content\/uploads\/2018\/11\/LB1_0622_1-768x512.jpg 768w, https:\/\/marekkuchcinski.pl\/wp-content\/uploads\/2018\/11\/LB1_0622_1-1024x683.jpg 1024w\" sizes=\"(max-width: 1620px) 100vw, 1620px\" \/><\/a><\/p>\n<p dir=\"ltr\"><em>Foto: KS\/ \u0141ukasz B\u0142asikiewicz<\/em><\/p>","protected":false},"excerpt":{"rendered":"<p>W sobot\u0119 24 listopada w Krasiczynie marsza\u0142ek Sejmu Marek Kuchci\u0144ski spotka\u0142 si\u0119 z przewodnicz\u0105cym Zgromadzenia Narodowego W\u0119gier L\u00e1szl\u00f3 K\u00f6v\u00e9rem. Rozmowy dotyczy\u0142y\u00a0 wsp\u00f3\u0142pracy obu parlament\u00f3w. Dyskutowano tak\u017ce nad wsp\u00f3lnymi dzia\u0142aniami Grupy Wyszehradzkiej w ramach Unii Europejskiej. &#8211; Tradycja wsp\u00f3\u0142pracy polsko-w\u0119gierskiej si\u0119ga wielu wiek\u00f3w. Dzisiaj stoj\u0105 przed nami wyzwania, kt\u00f3re dodatkowo zach\u0119caj\u0105 nas do \u0142\u0105czenia si\u0142 &#8211; [&hellip;]<\/p>","protected":false},"author":6,"featured_media":11260,"comment_status":"open","ping_status":"open","sticky":false,"template":"","format":"standard","meta":{"ngg_post_thumbnail":0,"footnotes":""},"categories":[50],"tags":[],"class_list":["post-11255","post","type-post","status-publish","format-standard","has-post-thumbnail","hentry","category-wspolpraca-miedzynarodowa"],"yoast_head":"<!-- This site is optimized with the Yoast SEO plugin v24.7 - https:\/\/yoast.com\/wordpress\/plugins\/seo\/ -->\n<title>Krasiczyn: Spotkanie Marsza\u0142ka Sejmu z Przewodnicz\u0105cym Zgromadzenia Narodowego W\u0119gier &#8211; Marek Kuchci\u0144ski<\/title>\n<meta name=\"robots\" content=\"index, follow, max-snippet:-1, max-image-preview:large, max-video-preview:-1\" \/>\n<link rel=\"canonical\" href=\"https:\/\/marekkuchcinski.pl\/ro\/wspolpraca-miedzynarodowa\/krasiczyn-spotkanie-marszalka-sejmu-przewodniczacym-zgromadzenia-narodowego-wegier\/\" \/>\n<meta property=\"og:locale\" content=\"ro_RO\" \/>\n<meta property=\"og:type\" content=\"article\" \/>\n<meta property=\"og:title\" content=\"Krasiczyn: Spotkanie Marsza\u0142ka Sejmu z Przewodnicz\u0105cym Zgromadzenia Narodowego W\u0119gier &#8211; Marek Kuchci\u0144ski\" \/>\n<meta property=\"og:description\" content=\"W sobot\u0119 24 listopada w Krasiczynie marsza\u0142ek Sejmu Marek Kuchci\u0144ski spotka\u0142 si\u0119 z przewodnicz\u0105cym Zgromadzenia Narodowego W\u0119gier L\u00e1szl\u00f3 K\u00f6v\u00e9rem. Rozmowy dotyczy\u0142y\u00a0 wsp\u00f3\u0142pracy obu parlament\u00f3w. Dyskutowano tak\u017ce nad wsp\u00f3lnymi dzia\u0142aniami Grupy Wyszehradzkiej w ramach Unii Europejskiej. &#8211; Tradycja wsp\u00f3\u0142pracy polsko-w\u0119gierskiej si\u0119ga wielu wiek\u00f3w. Dzisiaj stoj\u0105 przed nami wyzwania, kt\u00f3re dodatkowo zach\u0119caj\u0105 nas do \u0142\u0105czenia si\u0142 &#8211; [&hellip;]\" \/>\n<meta property=\"og:url\" content=\"https:\/\/marekkuchcinski.pl\/ro\/wspolpraca-miedzynarodowa\/krasiczyn-spotkanie-marszalka-sejmu-przewodniczacym-zgromadzenia-narodowego-wegier\/\" \/>\n<meta property=\"og:site_name\" content=\"Marek Kuchci\u0144ski\" \/>\n<meta property=\"article:published_time\" content=\"2018-11-26T08:33:00+00:00\" \/>\n<meta property=\"og:image\" content=\"https:\/\/marekkuchcinski.pl\/wp-content\/uploads\/2018\/11\/LB1_0445.jpg\" \/>\n\t<meta property=\"og:image:width\" content=\"1620\" \/>\n\t<meta property=\"og:image:height\" content=\"1080\" \/>\n\t<meta property=\"og:image:type\" content=\"image\/jpeg\" \/>\n<meta name=\"author\" content=\"admin\" \/>\n<meta name=\"twitter:card\" content=\"summary_large_image\" \/>\n<meta name=\"twitter:label1\" content=\"Scris de\" \/>\n\t<meta name=\"twitter:data1\" content=\"admin\" \/>\n\t<meta name=\"twitter:label2\" content=\"Timp estimat pentru citire\" \/>\n\t<meta name=\"twitter:data2\" content=\"5 minutes\" \/>\n<script type=\"application\/ld+json\" class=\"yoast-schema-graph\">{\"@context\":\"https:\/\/schema.org\",\"@graph\":[{\"@type\":\"Article\",\"@id\":\"https:\/\/marekkuchcinski.pl\/en\/wspolpraca-miedzynarodowa\/krasiczyn-spotkanie-marszalka-sejmu-przewodniczacym-zgromadzenia-narodowego-wegier\/#article\",\"isPartOf\":{\"@id\":\"https:\/\/marekkuchcinski.pl\/en\/wspolpraca-miedzynarodowa\/krasiczyn-spotkanie-marszalka-sejmu-przewodniczacym-zgromadzenia-narodowego-wegier\/\"},\"author\":{\"name\":\"admin\",\"@id\":\"https:\/\/marekkuchcinski.pl\/#\/schema\/person\/6f62700996b4d950b6ea2d1183b6c6be\"},\"headline\":\"Krasiczyn: Spotkanie Marsza\u0142ka Sejmu z Przewodnicz\u0105cym Zgromadzenia Narodowego W\u0119gier\",\"datePublished\":\"2018-11-26T08:33:00+00:00\",\"mainEntityOfPage\":{\"@id\":\"https:\/\/marekkuchcinski.pl\/en\/wspolpraca-miedzynarodowa\/krasiczyn-spotkanie-marszalka-sejmu-przewodniczacym-zgromadzenia-narodowego-wegier\/\"},\"wordCount\":984,\"commentCount\":0,\"publisher\":{\"@id\":\"https:\/\/marekkuchcinski.pl\/#organization\"},\"image\":{\"@id\":\"https:\/\/marekkuchcinski.pl\/en\/wspolpraca-miedzynarodowa\/krasiczyn-spotkanie-marszalka-sejmu-przewodniczacym-zgromadzenia-narodowego-wegier\/#primaryimage\"},\"thumbnailUrl\":\"https:\/\/marekkuchcinski.pl\/wp-content\/uploads\/2018\/11\/LB1_0445.jpg\",\"articleSection\":[\"Wsp\u00f3\u0142praca mi\u0119dzynarodowa\"],\"inLanguage\":\"ro-RO\",\"potentialAction\":[{\"@type\":\"CommentAction\",\"name\":\"Comment\",\"target\":[\"https:\/\/marekkuchcinski.pl\/en\/wspolpraca-miedzynarodowa\/krasiczyn-spotkanie-marszalka-sejmu-przewodniczacym-zgromadzenia-narodowego-wegier\/#respond\"]}]},{\"@type\":\"WebPage\",\"@id\":\"https:\/\/marekkuchcinski.pl\/en\/wspolpraca-miedzynarodowa\/krasiczyn-spotkanie-marszalka-sejmu-przewodniczacym-zgromadzenia-narodowego-wegier\/\",\"url\":\"https:\/\/marekkuchcinski.pl\/en\/wspolpraca-miedzynarodowa\/krasiczyn-spotkanie-marszalka-sejmu-przewodniczacym-zgromadzenia-narodowego-wegier\/\",\"name\":\"Krasiczyn: Spotkanie Marsza\u0142ka Sejmu z Przewodnicz\u0105cym Zgromadzenia Narodowego W\u0119gier &#8211; Marek Kuchci\u0144ski\",\"isPartOf\":{\"@id\":\"https:\/\/marekkuchcinski.pl\/#website\"},\"primaryImageOfPage\":{\"@id\":\"https:\/\/marekkuchcinski.pl\/en\/wspolpraca-miedzynarodowa\/krasiczyn-spotkanie-marszalka-sejmu-przewodniczacym-zgromadzenia-narodowego-wegier\/#primaryimage\"},\"image\":{\"@id\":\"https:\/\/marekkuchcinski.pl\/en\/wspolpraca-miedzynarodowa\/krasiczyn-spotkanie-marszalka-sejmu-przewodniczacym-zgromadzenia-narodowego-wegier\/#primaryimage\"},\"thumbnailUrl\":\"https:\/\/marekkuchcinski.pl\/wp-content\/uploads\/2018\/11\/LB1_0445.jpg\",\"datePublished\":\"2018-11-26T08:33:00+00:00\",\"breadcrumb\":{\"@id\":\"https:\/\/marekkuchcinski.pl\/en\/wspolpraca-miedzynarodowa\/krasiczyn-spotkanie-marszalka-sejmu-przewodniczacym-zgromadzenia-narodowego-wegier\/#breadcrumb\"},\"inLanguage\":\"ro-RO\",\"potentialAction\":[{\"@type\":\"ReadAction\",\"target\":[\"https:\/\/marekkuchcinski.pl\/en\/wspolpraca-miedzynarodowa\/krasiczyn-spotkanie-marszalka-sejmu-przewodniczacym-zgromadzenia-narodowego-wegier\/\"]}]},{\"@type\":\"ImageObject\",\"inLanguage\":\"ro-RO\",\"@id\":\"https:\/\/marekkuchcinski.pl\/en\/wspolpraca-miedzynarodowa\/krasiczyn-spotkanie-marszalka-sejmu-przewodniczacym-zgromadzenia-narodowego-wegier\/#primaryimage\",\"url\":\"https:\/\/marekkuchcinski.pl\/wp-content\/uploads\/2018\/11\/LB1_0445.jpg\",\"contentUrl\":\"https:\/\/marekkuchcinski.pl\/wp-content\/uploads\/2018\/11\/LB1_0445.jpg\",\"width\":1620,\"height\":1080},{\"@type\":\"BreadcrumbList\",\"@id\":\"https:\/\/marekkuchcinski.pl\/en\/wspolpraca-miedzynarodowa\/krasiczyn-spotkanie-marszalka-sejmu-przewodniczacym-zgromadzenia-narodowego-wegier\/#breadcrumb\",\"itemListElement\":[{\"@type\":\"ListItem\",\"position\":1,\"name\":\"Strona g\u0142\u00f3wna\",\"item\":\"https:\/\/marekkuchcinski.pl\/\"},{\"@type\":\"ListItem\",\"position\":2,\"name\":\"Krasiczyn: Spotkanie Marsza\u0142ka Sejmu z Przewodnicz\u0105cym Zgromadzenia Narodowego W\u0119gier\"}]},{\"@type\":\"WebSite\",\"@id\":\"https:\/\/marekkuchcinski.pl\/#website\",\"url\":\"https:\/\/marekkuchcinski.pl\/\",\"name\":\"Marek Kuchci\u0144ski\",\"description\":\"Pose\u0142 na sejm RP &ndash; okr\u0119g nr 22\",\"publisher\":{\"@id\":\"https:\/\/marekkuchcinski.pl\/#organization\"},\"potentialAction\":[{\"@type\":\"SearchAction\",\"target\":{\"@type\":\"EntryPoint\",\"urlTemplate\":\"https:\/\/marekkuchcinski.pl\/?s={search_term_string}\"},\"query-input\":{\"@type\":\"PropertyValueSpecification\",\"valueRequired\":true,\"valueName\":\"search_term_string\"}}],\"inLanguage\":\"ro-RO\"},{\"@type\":\"Organization\",\"@id\":\"https:\/\/marekkuchcinski.pl\/#organization\",\"name\":\"Marek Kuchci\u0144ski\",\"url\":\"https:\/\/marekkuchcinski.pl\/\",\"logo\":{\"@type\":\"ImageObject\",\"inLanguage\":\"ro-RO\",\"@id\":\"https:\/\/marekkuchcinski.pl\/#\/schema\/logo\/image\/\",\"url\":\"https:\/\/marekkuchcinski.pl\/wp-content\/uploads\/2022\/09\/Marek.jpg\",\"contentUrl\":\"https:\/\/marekkuchcinski.pl\/wp-content\/uploads\/2022\/09\/Marek.jpg\",\"width\":1600,\"height\":971,\"caption\":\"Marek Kuchci\u0144ski\"},\"image\":{\"@id\":\"https:\/\/marekkuchcinski.pl\/#\/schema\/logo\/image\/\"}},{\"@type\":\"Person\",\"@id\":\"https:\/\/marekkuchcinski.pl\/#\/schema\/person\/6f62700996b4d950b6ea2d1183b6c6be\",\"name\":\"admin\",\"image\":{\"@type\":\"ImageObject\",\"inLanguage\":\"ro-RO\",\"@id\":\"https:\/\/marekkuchcinski.pl\/#\/schema\/person\/image\/\",\"url\":\"https:\/\/secure.gravatar.com\/avatar\/4bab693b9d55c3d6b52c0296a8765085?s=96&d=mm&r=g\",\"contentUrl\":\"https:\/\/secure.gravatar.com\/avatar\/4bab693b9d55c3d6b52c0296a8765085?s=96&d=mm&r=g\",\"caption\":\"admin\"},\"url\":\"https:\/\/marekkuchcinski.pl\/ro\/author\/marta-olejnik\/\"}]}<\/script>\n<!-- \/ Yoast SEO plugin. -->","yoast_head_json":{"title":"Krasiczyn: Spotkanie Marsza\u0142ka Sejmu z Przewodnicz\u0105cym Zgromadzenia Narodowego W\u0119gier &#8211; Marek Kuchci\u0144ski","robots":{"index":"index","follow":"follow","max-snippet":"max-snippet:-1","max-image-preview":"max-image-preview:large","max-video-preview":"max-video-preview:-1"},"canonical":"https:\/\/marekkuchcinski.pl\/ro\/wspolpraca-miedzynarodowa\/krasiczyn-spotkanie-marszalka-sejmu-przewodniczacym-zgromadzenia-narodowego-wegier\/","og_locale":"ro_RO","og_type":"article","og_title":"Krasiczyn: Spotkanie Marsza\u0142ka Sejmu z Przewodnicz\u0105cym Zgromadzenia Narodowego W\u0119gier &#8211; Marek Kuchci\u0144ski","og_description":"W sobot\u0119 24 listopada w Krasiczynie marsza\u0142ek Sejmu Marek Kuchci\u0144ski spotka\u0142 si\u0119 z przewodnicz\u0105cym Zgromadzenia Narodowego W\u0119gier L\u00e1szl\u00f3 K\u00f6v\u00e9rem. Rozmowy dotyczy\u0142y\u00a0 wsp\u00f3\u0142pracy obu parlament\u00f3w. Dyskutowano tak\u017ce nad wsp\u00f3lnymi dzia\u0142aniami Grupy Wyszehradzkiej w ramach Unii Europejskiej. &#8211; Tradycja wsp\u00f3\u0142pracy polsko-w\u0119gierskiej si\u0119ga wielu wiek\u00f3w. Dzisiaj stoj\u0105 przed nami wyzwania, kt\u00f3re dodatkowo zach\u0119caj\u0105 nas do \u0142\u0105czenia si\u0142 &#8211; [&hellip;]","og_url":"https:\/\/marekkuchcinski.pl\/ro\/wspolpraca-miedzynarodowa\/krasiczyn-spotkanie-marszalka-sejmu-przewodniczacym-zgromadzenia-narodowego-wegier\/","og_site_name":"Marek Kuchci\u0144ski","article_published_time":"2018-11-26T08:33:00+00:00","og_image":[{"width":1620,"height":1080,"url":"https:\/\/marekkuchcinski.pl\/wp-content\/uploads\/2018\/11\/LB1_0445.jpg","type":"image\/jpeg"}],"author":"admin","twitter_card":"summary_large_image","twitter_misc":{"Scris de":"admin","Timp estimat pentru citire":"5 minutes"},"schema":{"@context":"https:\/\/schema.org","@graph":[{"@type":"Article","@id":"https:\/\/marekkuchcinski.pl\/en\/wspolpraca-miedzynarodowa\/krasiczyn-spotkanie-marszalka-sejmu-przewodniczacym-zgromadzenia-narodowego-wegier\/#article","isPartOf":{"@id":"https:\/\/marekkuchcinski.pl\/en\/wspolpraca-miedzynarodowa\/krasiczyn-spotkanie-marszalka-sejmu-przewodniczacym-zgromadzenia-narodowego-wegier\/"},"author":{"name":"admin","@id":"https:\/\/marekkuchcinski.pl\/#\/schema\/person\/6f62700996b4d950b6ea2d1183b6c6be"},"headline":"Krasiczyn: Spotkanie Marsza\u0142ka Sejmu z Przewodnicz\u0105cym Zgromadzenia Narodowego W\u0119gier","datePublished":"2018-11-26T08:33:00+00:00","mainEntityOfPage":{"@id":"https:\/\/marekkuchcinski.pl\/en\/wspolpraca-miedzynarodowa\/krasiczyn-spotkanie-marszalka-sejmu-przewodniczacym-zgromadzenia-narodowego-wegier\/"},"wordCount":984,"commentCount":0,"publisher":{"@id":"https:\/\/marekkuchcinski.pl\/#organization"},"image":{"@id":"https:\/\/marekkuchcinski.pl\/en\/wspolpraca-miedzynarodowa\/krasiczyn-spotkanie-marszalka-sejmu-przewodniczacym-zgromadzenia-narodowego-wegier\/#primaryimage"},"thumbnailUrl":"https:\/\/marekkuchcinski.pl\/wp-content\/uploads\/2018\/11\/LB1_0445.jpg","articleSection":["Wsp\u00f3\u0142praca mi\u0119dzynarodowa"],"inLanguage":"ro-RO","potentialAction":[{"@type":"CommentAction","name":"Comment","target":["https:\/\/marekkuchcinski.pl\/en\/wspolpraca-miedzynarodowa\/krasiczyn-spotkanie-marszalka-sejmu-przewodniczacym-zgromadzenia-narodowego-wegier\/#respond"]}]},{"@type":"WebPage","@id":"https:\/\/marekkuchcinski.pl\/en\/wspolpraca-miedzynarodowa\/krasiczyn-spotkanie-marszalka-sejmu-przewodniczacym-zgromadzenia-narodowego-wegier\/","url":"https:\/\/marekkuchcinski.pl\/en\/wspolpraca-miedzynarodowa\/krasiczyn-spotkanie-marszalka-sejmu-przewodniczacym-zgromadzenia-narodowego-wegier\/","name":"Krasiczyn: Spotkanie Marsza\u0142ka Sejmu z Przewodnicz\u0105cym Zgromadzenia Narodowego W\u0119gier &#8211; Marek Kuchci\u0144ski","isPartOf":{"@id":"https:\/\/marekkuchcinski.pl\/#website"},"primaryImageOfPage":{"@id":"https:\/\/marekkuchcinski.pl\/en\/wspolpraca-miedzynarodowa\/krasiczyn-spotkanie-marszalka-sejmu-przewodniczacym-zgromadzenia-narodowego-wegier\/#primaryimage"},"image":{"@id":"https:\/\/marekkuchcinski.pl\/en\/wspolpraca-miedzynarodowa\/krasiczyn-spotkanie-marszalka-sejmu-przewodniczacym-zgromadzenia-narodowego-wegier\/#primaryimage"},"thumbnailUrl":"https:\/\/marekkuchcinski.pl\/wp-content\/uploads\/2018\/11\/LB1_0445.jpg","datePublished":"2018-11-26T08:33:00+00:00","breadcrumb":{"@id":"https:\/\/marekkuchcinski.pl\/en\/wspolpraca-miedzynarodowa\/krasiczyn-spotkanie-marszalka-sejmu-przewodniczacym-zgromadzenia-narodowego-wegier\/#breadcrumb"},"inLanguage":"ro-RO","potentialAction":[{"@type":"ReadAction","target":["https:\/\/marekkuchcinski.pl\/en\/wspolpraca-miedzynarodowa\/krasiczyn-spotkanie-marszalka-sejmu-przewodniczacym-zgromadzenia-narodowego-wegier\/"]}]},{"@type":"ImageObject","inLanguage":"ro-RO","@id":"https:\/\/marekkuchcinski.pl\/en\/wspolpraca-miedzynarodowa\/krasiczyn-spotkanie-marszalka-sejmu-przewodniczacym-zgromadzenia-narodowego-wegier\/#primaryimage","url":"https:\/\/marekkuchcinski.pl\/wp-content\/uploads\/2018\/11\/LB1_0445.jpg","contentUrl":"https:\/\/marekkuchcinski.pl\/wp-content\/uploads\/2018\/11\/LB1_0445.jpg","width":1620,"height":1080},{"@type":"BreadcrumbList","@id":"https:\/\/marekkuchcinski.pl\/en\/wspolpraca-miedzynarodowa\/krasiczyn-spotkanie-marszalka-sejmu-przewodniczacym-zgromadzenia-narodowego-wegier\/#breadcrumb","itemListElement":[{"@type":"ListItem","position":1,"name":"Strona g\u0142\u00f3wna","item":"https:\/\/marekkuchcinski.pl\/"},{"@type":"ListItem","position":2,"name":"Krasiczyn: Spotkanie Marsza\u0142ka Sejmu z Przewodnicz\u0105cym Zgromadzenia Narodowego W\u0119gier"}]},{"@type":"WebSite","@id":"https:\/\/marekkuchcinski.pl\/#website","url":"https:\/\/marekkuchcinski.pl\/","name":"Marek Kuchci\u0144ski","description":"Pose\u0142 na sejm RP &ndash; okr\u0119g nr 22","publisher":{"@id":"https:\/\/marekkuchcinski.pl\/#organization"},"potentialAction":[{"@type":"SearchAction","target":{"@type":"EntryPoint","urlTemplate":"https:\/\/marekkuchcinski.pl\/?s={search_term_string}"},"query-input":{"@type":"PropertyValueSpecification","valueRequired":true,"valueName":"search_term_string"}}],"inLanguage":"ro-RO"},{"@type":"Organization","@id":"https:\/\/marekkuchcinski.pl\/#organization","name":"Marek Kuchci\u0144ski","url":"https:\/\/marekkuchcinski.pl\/","logo":{"@type":"ImageObject","inLanguage":"ro-RO","@id":"https:\/\/marekkuchcinski.pl\/#\/schema\/logo\/image\/","url":"https:\/\/marekkuchcinski.pl\/wp-content\/uploads\/2022\/09\/Marek.jpg","contentUrl":"https:\/\/marekkuchcinski.pl\/wp-content\/uploads\/2022\/09\/Marek.jpg","width":1600,"height":971,"caption":"Marek Kuchci\u0144ski"},"image":{"@id":"https:\/\/marekkuchcinski.pl\/#\/schema\/logo\/image\/"}},{"@type":"Person","@id":"https:\/\/marekkuchcinski.pl\/#\/schema\/person\/6f62700996b4d950b6ea2d1183b6c6be","name":"admin","image":{"@type":"ImageObject","inLanguage":"ro-RO","@id":"https:\/\/marekkuchcinski.pl\/#\/schema\/person\/image\/","url":"https:\/\/secure.gravatar.com\/avatar\/4bab693b9d55c3d6b52c0296a8765085?s=96&d=mm&r=g","contentUrl":"https:\/\/secure.gravatar.com\/avatar\/4bab693b9d55c3d6b52c0296a8765085?s=96&d=mm&r=g","caption":"admin"},"url":"https:\/\/marekkuchcinski.pl\/ro\/author\/marta-olejnik\/"}]}},"_links":{"self":[{"href":"https:\/\/marekkuchcinski.pl\/ro\/wp-json\/wp\/v2\/posts\/11255","targetHints":{"allow":["GET"]}}],"collection":[{"href":"https:\/\/marekkuchcinski.pl\/ro\/wp-json\/wp\/v2\/posts"}],"about":[{"href":"https:\/\/marekkuchcinski.pl\/ro\/wp-json\/wp\/v2\/types\/post"}],"author":[{"embeddable":true,"href":"https:\/\/marekkuchcinski.pl\/ro\/wp-json\/wp\/v2\/users\/6"}],"replies":[{"embeddable":true,"href":"https:\/\/marekkuchcinski.pl\/ro\/wp-json\/wp\/v2\/comments?post=11255"}],"version-history":[{"count":1,"href":"https:\/\/marekkuchcinski.pl\/ro\/wp-json\/wp\/v2\/posts\/11255\/revisions"}],"predecessor-version":[{"id":11263,"href":"https:\/\/marekkuchcinski.pl\/ro\/wp-json\/wp\/v2\/posts\/11255\/revisions\/11263"}],"wp:featuredmedia":[{"embeddable":true,"href":"https:\/\/marekkuchcinski.pl\/ro\/wp-json\/wp\/v2\/media\/11260"}],"wp:attachment":[{"href":"https:\/\/marekkuchcinski.pl\/ro\/wp-json\/wp\/v2\/media?parent=11255"}],"wp:term":[{"taxonomy":"category","embeddable":true,"href":"https:\/\/marekkuchcinski.pl\/ro\/wp-json\/wp\/v2\/categories?post=11255"},{"taxonomy":"post_tag","embeddable":true,"href":"https:\/\/marekkuchcinski.pl\/ro\/wp-json\/wp\/v2\/tags?post=11255"}],"curies":[{"name":"wp","href":"https:\/\/api.w.org\/{rel}","templated":true}]}}