{"id":11217,"date":"2018-11-25T11:22:52","date_gmt":"2018-11-25T10:22:52","guid":{"rendered":"https:\/\/marekkuchcinski.pl\/?p=11217"},"modified":"2018-11-26T11:33:47","modified_gmt":"2018-11-26T10:33:47","slug":"kolejarze-pelnili-swoja-sluzbe-najwyzszym-oddaniem-dajac-wielokrotne-dowody-patriotyzmu-profesjonalizmu-odpowiedzialnosci-list-marszalka-sejmu","status":"publish","type":"post","link":"https:\/\/marekkuchcinski.pl\/ro\/wydarzenia\/kolejarze-pelnili-swoja-sluzbe-najwyzszym-oddaniem-dajac-wielokrotne-dowody-patriotyzmu-profesjonalizmu-odpowiedzialnosci-list-marszalka-sejmu\/","title":{"rendered":"Feroviarii \u0219i-au \u00eendeplinit serviciul cu maxim\u0103 devotament, d\u00e2nd dovezi repetate de patriotism, profesionalism \u0219i responsabilitate - Scrisoare din partea Pre\u0219edintelui Sejm-ului"},"content":{"rendered":"<p class=\"p2\" style=\"text-align: left;\"><span class=\"s9\">Profesia de co<\/span>leyer \u00eenconjurat de <span class=\"s10\">este \u00een <\/span>noastr\u0103 k<span class=\"s4\">paradisul <\/span>mare respect. <span class=\"s2\">La <\/span><span class=\"s9\">bun <\/span><span class=\"s4\">nume\u00a0<\/span><span class=\"s4\">din \u00eentreaga lume<\/span><span class=\"s9\">cercuri <\/span><span class=\"s2\">a lucrat <\/span><span class=\"s9\">genera\u021bii <\/span><span class=\"s11\">oameni <\/span>implicat <span class=\"s1\">nu <\/span><span class=\"s11\">doar\u00a0<\/span><span class=\"s2\">w <\/span>efectuarea zilnic\u0103 <span class=\"s9\">obliga\u021bii, dar <\/span><span class=\"s8\">de asemenea, <\/span><span class=\"s11\">w <\/span><span class=\"s9\">activit\u0103\u021bi <\/span>independen\u021b\u0103. <span class=\"s2\">Au \u021binut <\/span><span class=\"s9\">sale\u00a0<\/span>serviciu\u00a0<span class=\"s7\">z <\/span><span class=\"s1\">cel mai \u00eenalt <\/span>dedica\u021bie, <span class=\"s3\">donare <\/span><span class=\"s1\">mai multe <\/span>dovad\u0103 de patriotism, <span class=\"s4\">profesionalism\u00a0<\/span><span class=\"s1\">i <\/span>responsabilitate.<\/p>\n<p class=\"p2\">Calea ferat\u0103 <span class=\"s9\">uniform\u0103 <\/span><span class=\"s3\">este <\/span>deci <span class=\"s4\">simbol <\/span><span class=\"s9\">frumos <\/span>tradi\u021bii, multe <span class=\"s9\">realiz\u0103ri, <\/span><span class=\"s4\">care\u00a0<\/span><span class=\"s9\">sunt\u00a0<\/span>important\u00a0<span class=\"s9\">card\u00a0<\/span><span class=\"s2\">w <\/span>istoricul recuper\u0103rii <span class=\"s1\">libert\u0103\u021bi <\/span>nostru <span class=\"s6\">Patria. <\/span><span class=\"s1\">Acesta apar\u021bine <\/span>participarea lor activ\u0103 <span class=\"s10\">w <\/span><span class=\"s9\">lupte <\/span>independen\u021b\u0103, <span class=\"s3\">cum ar fi <\/span><span class=\"s9\">de asemenea, participarea\u00a0<\/span><span class=\"s10\">w <\/span>fuziune <span class=\"s6\">terenuri\u00a0<\/span>sf\u00e2\u0219iat\u0103 de parti\u021bii. <span class=\"s1\">Ethos <\/span>servire <span class=\"s1\">Patria <\/span>eviden\u021biat\u00a0<span class=\"s10\">ob\u021bine\u021bi\u00a0<\/span><span class=\"s4\">de asemenea, <\/span>via <span class=\"s1\">activitate\u00a0<\/span><span class=\"s9\">conspira\u021bie, <\/span><span class=\"s11\">a <\/span>apoi <span class=\"s11\">w <\/span>anii postbelici. Fiind mo\u0219tenitorii lui <span class=\"s1\">aceste <\/span><span class=\"s6\">l\u0103udabil\u00a0<\/span><span class=\"s9\">tradi\u021bii, <\/span>continu\u0103\u00a0<span class=\"s2\">le <\/span><span class=\"s1\">ast\u0103zi\u00a0<\/span>Statul prin serviciu\u00a0<span class=\"s8\">societate.\u00a0<\/span><span class=\"s3\">Z <\/span>svtysfakcjq <span class=\"s9\">acceptat <\/span><span class=\"s1\">deci mesajul, <\/span>2e <span class=\"s1\">inclus <\/span><span class=\"s9\">sig <\/span>Statul \u00een s\u0103rb\u0103torirea centenarului <span class=\"s4\">recuper\u0103ri <\/span><span class=\"s1\">independen\u021b\u0103. <\/span><span class=\"s6\">Pentru to\u021bi <\/span>podkarpackie <span class=\"s4\">feroviari\u00a0<\/span><span class=\"s2\">A\u0219 dori s\u0103 v\u0103 urez<\/span><span class=\"s1\">\u00a0<\/span><span class=\"s10\">multe <\/span><span class=\"s4\">succes <\/span><span class=\"s12\">w <\/span>\u00een continuare <span class=\"s2\">munc\u0103. \u017b<\/span>Mi-a\u0219 dori, <span class=\"s11\">de <\/span><span class=\"s4\">de ast\u0103zi <\/span>evenimente <span class=\"s4\">fostul\u00a0<\/span><span class=\"s1\">pentru <\/span>Oportunitatea dumneavoastr\u0103\u00a0<span class=\"s9\">pentru reflec\u021bie <\/span>peste <span class=\"s6\">valoroase <\/span>realiz\u0103ri \u0219i <span class=\"s6\">stimulent\u00a0<\/span><span class=\"s9\">la <\/span>crearea de <span class=\"s8\">nou,\u00a0<\/span>ambi\u021bios <span class=\"s4\">planuri.<\/span><\/p>\n<p class=\"p5\"><span class=\"s13\">\u00cenc\u0103 <\/span><span class=\"s6\">o dat\u0103 <\/span>cu sinceritate <span class=\"s4\">Salut\u0103ri <\/span><span class=\"s9\">\u0219i m\u0103 al\u0103tur<\/span>\u00a0<span class=\"s6\">expresii <\/span>respect.<\/p>\n<p class=\"p5\"><em>Marek Kuchci\u0144ski<\/em><\/p>\n<p class=\"p5\" style=\"padding-left: 30px;\"><a href=\"https:\/\/marekkuchcinski.pl\/wp-content\/uploads\/2018\/11\/DSCF1814-1-1.jpg\"><img fetchpriority=\"high\" decoding=\"async\" class=\"alignnone size-full wp-image-11249\" src=\"https:\/\/marekkuchcinski.pl\/wp-content\/uploads\/2018\/11\/DSCF1814-1-1.jpg\" alt=\"DSCF1814-1\" width=\"3441\" height=\"1951\" srcset=\"https:\/\/marekkuchcinski.pl\/wp-content\/uploads\/2018\/11\/DSCF1814-1-1.jpg 2048w, https:\/\/marekkuchcinski.pl\/wp-content\/uploads\/2018\/11\/DSCF1814-1-1-300x170.jpg 300w, https:\/\/marekkuchcinski.pl\/wp-content\/uploads\/2018\/11\/DSCF1814-1-1-768x435.jpg 768w, https:\/\/marekkuchcinski.pl\/wp-content\/uploads\/2018\/11\/DSCF1814-1-1-1024x581.jpg 1024w\" sizes=\"(max-width: 3441px) 100vw, 3441px\" \/><\/a><!--more--><\/p>\n<p class=\"p5\">Podul din Przemy\u015bl proiectat de Gustave Eiffel, proiectantul Turnului din Paris<\/p>\n<p class=\"p5\"><em>Foto: M. Olejnik<\/em><\/p>","protected":false},"excerpt":{"rendered":"<p>Zaw\u00f3d kolejarza otoczony jest w naszym kraju du\u017cym szacunkiem. Na dobre imi\u0119\u00a0ca\u0142ego \u015brodowiska pracowa\u0142y pokolenia ludzi zaanga\u017cowanych nie tylko\u00a0w wykonywanie codziennych obowi\u0105zk\u00f3w, lecz tak\u017ce w dzia\u0142ania niepodleglo\u015bciowe. Pe\u0142nili swoj\u0105\u00a0s\u0142u\u017cb\u0119\u00a0z najwy\u017cszym oddaniem, daj\u0105c wielokrotne dowody patriotyzmu, profesjonalizmu\u00a0i odpowiedzialno\u015bci. Kolejarski mundur jest wi\u0119c symbolem pi\u0119knych tradycji, wielu dokona\u0144, kt\u00f3re\u00a0stanowi\u0105\u00a0wa\u017cn\u0105\u00a0kart\u0119\u00a0w dziejach odzyskiwania wolno\u015bci naszej Ojczyzny. Nale\u017cy do nich [&hellip;]<\/p>\n","protected":false},"author":6,"featured_media":11252,"comment_status":"open","ping_status":"open","sticky":false,"template":"","format":"standard","meta":{"ngg_post_thumbnail":0,"footnotes":""},"categories":[104,49,77,3],"tags":[],"class_list":["post-11217","post","type-post","status-publish","format-standard","has-post-thumbnail","hentry","category-lms","category-podkarpacie","category-wazne-daty","category-wydarzenia"],"_links":{"self":[{"href":"https:\/\/marekkuchcinski.pl\/ro\/wp-json\/wp\/v2\/posts\/11217","targetHints":{"allow":["GET"]}}],"collection":[{"href":"https:\/\/marekkuchcinski.pl\/ro\/wp-json\/wp\/v2\/posts"}],"about":[{"href":"https:\/\/marekkuchcinski.pl\/ro\/wp-json\/wp\/v2\/types\/post"}],"author":[{"embeddable":true,"href":"https:\/\/marekkuchcinski.pl\/ro\/wp-json\/wp\/v2\/users\/6"}],"replies":[{"embeddable":true,"href":"https:\/\/marekkuchcinski.pl\/ro\/wp-json\/wp\/v2\/comments?post=11217"}],"version-history":[{"count":10,"href":"https:\/\/marekkuchcinski.pl\/ro\/wp-json\/wp\/v2\/posts\/11217\/revisions"}],"predecessor-version":[{"id":11275,"href":"https:\/\/marekkuchcinski.pl\/ro\/wp-json\/wp\/v2\/posts\/11217\/revisions\/11275"}],"wp:featuredmedia":[{"embeddable":true,"href":"https:\/\/marekkuchcinski.pl\/ro\/wp-json\/wp\/v2\/media\/11252"}],"wp:attachment":[{"href":"https:\/\/marekkuchcinski.pl\/ro\/wp-json\/wp\/v2\/media?parent=11217"}],"wp:term":[{"taxonomy":"category","embeddable":true,"href":"https:\/\/marekkuchcinski.pl\/ro\/wp-json\/wp\/v2\/categories?post=11217"},{"taxonomy":"post_tag","embeddable":true,"href":"https:\/\/marekkuchcinski.pl\/ro\/wp-json\/wp\/v2\/tags?post=11217"}],"curies":[{"name":"wp","href":"https:\/\/api.w.org\/{rel}","templated":true}]}}