{"id":11205,"date":"2018-11-23T16:17:11","date_gmt":"2018-11-23T15:17:11","guid":{"rendered":"https:\/\/marekkuchcinski.pl\/?p=11205"},"modified":"2018-11-23T16:23:55","modified_gmt":"2018-11-23T15:23:55","slug":"podsumowanie-72-posiedzenia-sejmu","status":"publish","type":"post","link":"https:\/\/marekkuchcinski.pl\/ro\/wydarzenia\/podsumowanie-72-posiedzenia-sejmu\/","title":{"rendered":"Rezumatul celei de-a 72-a \u0219edin\u021be a Sejm-ului"},"content":{"rendered":"<p dir=\"ltr\">Interzicerea colaboratorilor serviciilor de securitate ale Republicii Populare Polone de a lucra \u00een diploma\u021bie, reglementarea \u00eengrijirii mormintelor veteranilor luptelor pentru libertatea \u0219i independen\u021ba Poloniei \u0219i o modificare a legii privind Curtea Suprem\u0103 - acestea sunt principalele proiecte dezb\u0103tute de deputa\u021bi \u00een prima zi a celei de-a 72-a sesiuni a Sejm-ului. \u00cen plus, miercuri, \u0219ase noi deputa\u021bi au depus jur\u0103m\u00e2ntul \u00een fa\u021ba Sejm-ului. De asemenea, Parlamentul a comemorat cea de-a 40-a aniversare a primirii Premiului Nobel de c\u0103tre Isaac Bashevis Singer.<\/p>\n<p dir=\"ltr\">Cea de-a 72-a \u0219edin\u021b\u0103 a Sejm-ului a \u00eenceput cu comemorarea\u00a0<u><strong>un minut de reculegere \u00een memoria celor uci\u0219i \u00een lag\u0103rul nazist de pe teritoriul Cet\u0103\u021bii Modlin.<\/strong><\/u>\u00a0Marek Kuchci\u0144ski, pre\u0219edintele Sejm-ului, a reamintit c\u0103 \u00een urm\u0103 cu 75 de ani a existat cea mai mare intensitate a execu\u021biilor \u00een mas\u0103, mii de oameni au murit \u00een cel de-al treilea fort din Pomiech\u00f3wek, iar num\u0103rul real al victimelor nu poate fi stabilit.  Apoi\u00a0<u><strong>\u0218ase noi deputa\u021bi au depus jur\u0103m\u00e2ntul de \u00eenvestitur\u0103: Kamil Bortniczuk, S\u0142awomir Hajos, Grzegorz Lorek, Robert Majka, Magdalena Marek \u0219i Jagna Marczu\u0142ajtis-Walczak<\/strong><\/u>.  Ace\u0219tia vor \u00eenlocui parlamentarii care au ob\u021binut mandate \u00een alegerile locale.\u00a0<u><strong>Sejm-ul a modificat legea privind Curtea Suprem\u0103 de Justi\u021bie<\/strong><\/u>\u00a0Deputa\u021bii europeni au votat \u00een favoarea unui amendament la legea privind pensionarea judec\u0103torilor Cur\u021bii Supreme de Justi\u021bie \u0219i ai Cur\u021bii Supreme Administrative dup\u0103 ce ace\u0219tia au atins o anumit\u0103 v\u00e2rst\u0103. Deputa\u021bii europeni au adoptat prin aclama\u021bie\u00a0<u><strong>o rezolu\u021bie privind comemorarea a 40 de ani de la na\u0219terea laureatului Premiului Nobel Isaac Bashevis Singer<\/strong><\/u>. \"Isaac Bashevis Singer ocup\u0103 un loc unic \u00een istoria Poloniei ca scriitor care, \u00een operele sale, a \u00eenregistrat \u0219i comemorat imagini ale comunit\u0103\u021bii evreie\u0219ti tradi\u021bionale care nu mai exist\u0103 \u00een \u021bara noastr\u0103\", se arat\u0103 \u00een textul rezolu\u021biei adoptate.<\/p>\n<p dir=\"ltr\">\u00cen cea de-a doua zi a celei de-a 72-a \u0219edin\u021be a Sejm-ului au \u00eenceput lucr\u0103rile parlamentare privind \u00eembun\u0103t\u0103\u021birea eficacit\u0103\u021bii colect\u0103rii pensiilor alimentare \u0219i sanc\u021bionarea falsific\u0103rii kilometrajului vehiculelor, precum \u0219i votul privind interzicerea total\u0103 a colaboratorilor serviciilor de securitate ale Republicii Populare Polone care lucreaz\u0103 \u00een diploma\u021bie. De asemenea, deputa\u021bii europeni s-au ocupat de cererea procuraturii de ridicare a imunit\u0103\u021bii \u0219i de plasare a lui Stanis\u0142aw Gaw\u0142owski \u00een arest temporar \u0219i au ascultat informa\u021bii actuale despre programul guvernamental \"Fashion for Export\".<\/p>\n<p dir=\"ltr\">Sejm-ul a adoptat o lege\u00a0<u><strong>interzicerea persoanelor care au colaborat cu serviciile de securitate ale Republicii Populare Polone de a lucra \u00een serviciile diplomatice.<\/strong><\/u>\u00a0De asemenea, deputa\u021bii europeni au adoptat un proiect de lege pentru crearea unui registru al mormintelor veteranilor luptelor pentru libertatea \u0219i independen\u021ba Poloniei, situate \u00een \u021bara noastr\u0103 \u0219i \u00een str\u0103in\u0103tate.<\/p>\n<p dir=\"ltr\">Deputa\u021bii au adoptat amendamente la Legea privind drepturile de autor \u0219i drepturile conexe \u0219i la Legea privind protec\u021bia bazelor de date. Scopul acestor modific\u0103ri este urm\u0103torul\u00a0<u><strong>facilitarea schimbului transfrontalier de copii ale operelor \u00een formate accesibile nev\u0103z\u0103torilor, persoanelor cu deficien\u021be de vedere \u0219i persoanelor cu alte handicapuri<\/strong><\/u>\u00a0prin cre\u0219terea disponibilit\u0103\u021bii c\u0103r\u021bilor, revistelor, ziarelor, publica\u021biilor periodice, partiturilor muzicale \u0219i a altor materiale tip\u0103rite, inclusiv a celor \u00een format audio.<\/p>\n<p dir=\"ltr\">Amendamentul adoptat la Legea privind siguran\u021ba evenimentelor \u00een mas\u0103 introduce\u00a0<u><strong>reducerea cerin\u021belor formale \u00een cazul \u00een care biletele pentru Turneul Final al Cupei Mondiale FIFA U20 Polonia 2019 trebuie s\u0103 fie schimbate \u00eentre p\u0103r\u021bile interesate<\/strong><\/u>.<\/p>\n<p dir=\"ltr\">De asemenea, Parlamentul a adoptat Legea privind partidele politice europene \u0219i funda\u021biile politice europene, care asigur\u0103 aplicarea efectiv\u0103 a Regulamentului UE 1141\/2014 privind statutul \u0219i finan\u021barea acestora.<\/p>\n<p dir=\"ltr\">Deputa\u021bii au adoptat un amendament la legea privind instituirea \"Programului de modernizare a Poli\u021biei, G\u0103rzii de Frontier\u0103, Serviciului de Stat de Pompieri \u0219i Serviciului de Stat de Protec\u021bie \u00een perioada 2017-2020\".<\/p>\n<p dir=\"ltr\">\u00cen domeniul agriculturii, au fost modificate Legea privind sprijinirea dezvolt\u0103rii rurale cu participarea Fondului European Agricol pentru Dezvoltare Rural\u0103 \u00een cadrul Programului de Dezvoltare Rural\u0103 2014-2020 \u0219i Legea p\u0103durilor. \u00centr-un alt vot pe legea hranei pentru animale, Sejm a decis s\u0103 prelungeasc\u0103 cu doi ani, p\u00e2n\u0103 la 1 ianuarie 2021 - perioada \u00een care furajele modificate genetic pot fi utilizate \u00een hrana animalelor.<\/p>\n<p dir=\"ltr\">De asemenea, deputa\u021bii europeni au adoptat amendamente la legisla\u021bia fiscal\u0103.\u00a0<u><strong>Acciza zero pentru lichidele \u0219i nout\u0103\u021bile din \u021big\u0103rile electronice va fi prelungit\u0103 p\u00e2n\u0103 la 30 iunie 2020<\/strong><\/u>. \u00cen amendamentul la Legea privind impozitul pe v\u00e2nz\u0103ri cu am\u0103nuntul, Parlamentul a decis s\u0103 suspende \u00een continuare colectarea impozitului pe v\u00e2nz\u0103ri cu am\u0103nuntul, \u00een timp ce amendamentul promulgat la Legea privind taxa pe bunuri \u0219i servicii introduce\u00a0<u><strong>leg\u0103tura dintre nivelul cotelor de TVA \u0219i starea finan\u021belor publice \u0219i situa\u021bia economic\u0103 general\u0103<\/strong><\/u>. De asemenea, Parlamentul a adoptat o lege care simplific\u0103 \u0219i unific\u0103 normele privind TVA aplicabile bonurilor valorice pentru bunuri sau servicii.<\/p>\n<p dir=\"ltr\">De asemenea, Sejm-ul a aprobat\u00a0<u><strong>\u00eenlocuirea dlui Marek Jakubiak \u00een Comisia pentru combaterea fraudei \u00een materie de TVA cu dl Blazej Parda<\/strong><\/u>.<\/p>\n<p dir=\"ltr\">Sejm a adoptat amendamente ale Senatului la\u00a0<u><strong>legea privind documentele publice<\/strong><\/u>care, printre altele, stabile\u0219te normele de redactare a modelelor de documente publice. Actul va fi semnat de pre\u0219edintele Andrzej Duda. Pe biroul pre\u0219edintelui va ajunge \u0219i\u00a0<u><strong>Modific\u0103ri ale Legii educa\u021biei, ale Legii privind sistemul de \u00eenv\u0103\u021b\u0103m\u00e2nt \u0219i ale altor legi<\/strong><\/u>care urm\u0103re\u0219te s\u0103 restabileasc\u0103 prestigiul \u00eenv\u0103\u021b\u0103m\u00e2ntului profesional. Sejm a adoptat amendamentele Senatului cu majoritate de voturi.<\/p>\n<p dir=\"ltr\">La \u00eenceputul celei de-a treia zile a celei de-a 72-a \u0219edin\u021be, deputa\u021bii au \u021binut un minut de reculegere \u00een memoria lui Jan Pieniadz, deputat PSL decedat \u00een Sejm \u00een cel de-al doilea mandat. \u00cen plus, a fost adoptat\u0103 prin aclama\u021bie o rezolu\u021bie de comemorare a 100 de ani de la ap\u0103rarea eroic\u0103 a ora\u0219ului Lw\u00f3w. De asemenea, Sejm-ul a decis s\u0103 \u00eel aleag\u0103 pe Miko\u0142aj Pawe\u0142 Pawlak \u00een func\u021bia de Ombudsman pentru copii.<\/p>\n<p dir=\"ltr\">\u00cen cadrul unui vot, deputa\u021bii au respins un proiect parlamentar de modificare a legilor: Codul contraven\u021bional \u0219i Legea privind circula\u021bia rutier\u0103. \u00cen plus, pre\u0219edintele Sejm-ului a eliminat de pe ordinea de zi votul privind solicitarea \u0219efului Subdiviziunii Pomerania de Vest a Departamentului pentru crim\u0103 organizat\u0103 \u0219i corup\u021bie din cadrul Parchetului Na\u021bional din Szczecin din 24 iunie 2018 de a ob\u021bine acordul Sejm-ului pentru urm\u0103rirea penal\u0103 \u0219i aplicarea unei m\u0103suri preventive sub form\u0103 de arest preventiv a deputatului Stanis\u0142aw Gaw\u0142owski. Decizia a fost luat\u0103 dup\u0103 ce a fost primit\u0103 declara\u021bia de ridicare a imunit\u0103\u021bii deputatului. Chestiunea a fost retrimis\u0103 Comisiei pentru regulament \u0219i afaceri interne \u0219i pentru deputa\u021bi.<\/p>\n<p dir=\"ltr\"><u><strong>Sejm-ul a adoptat o lege privind desp\u0103gubirile pentru pierderea dreptului la c\u0103rbune gratuit<\/strong><\/u>\u00a0\u0219i pentru \u00eencetarea c\u0103rbunelui gratuit de c\u0103tre persoane care nu sunt angaja\u021bi ai societ\u0103\u021bii miniere. Proiectul de lege va merge la Senat.<\/p>\n<p dir=\"ltr\">Dup\u0103 discu\u021bie\u00a0<u><strong>Sejm-ul a decis s\u0103-l aleag\u0103 pe Miko\u0142aj Pawe\u0142 Pawlak \u00een func\u021bia de Ombudsman pentru copii<\/strong><\/u>. Potrivit Legii privind RPD, decizia Sejm-ului va ajunge la Senat.<\/p>\n<p dir=\"ltr\">\u00cen cadrul votului, Camera a aprobat propunerea Biroului Sejm de modificare a componen\u021bei personale a comisiilor parlamentare.<\/p>\n<p dir=\"ltr\">Sejm-ul a audiat apoi\u00a0<u><strong>raportul inspectorului \u0219ef al Inspec\u021biei Muncii privind activitatea Inspec\u021biei de Stat a Muncii \u00een anul 2017<\/strong><\/u>\u00a0cu pozi\u021bia Consiliului pentru Protec\u021bia Muncii \u0219i cu pozi\u021bia Comisiei \u0219i declara\u021bii de 5 minute privind raportul PIP \u00een numele cluburilor \u0219i cercurilor. De asemenea, au avut loc primele lecturi a trei proiecte de lege ale deputa\u021bilor, care modific\u0103, printre altele, Codul Muncii, privind drepturile lucr\u0103torilor.<\/p>\n<p dir=\"ltr\">KS\/CIS<\/p>\n<p><em>Foto: R. Zambrzycki<\/em><\/p>\n<p><a href=\"https:\/\/marekkuchcinski.pl\/wp-content\/uploads\/2018\/11\/72-PS.jpg\"><img fetchpriority=\"high\" decoding=\"async\" class=\"alignnone size-full wp-image-11208\" src=\"https:\/\/marekkuchcinski.pl\/wp-content\/uploads\/2018\/11\/72-PS.jpg\" alt=\"72 PS\" width=\"3360\" height=\"2240\" srcset=\"https:\/\/marekkuchcinski.pl\/wp-content\/uploads\/2018\/11\/72-PS.jpg 2048w, https:\/\/marekkuchcinski.pl\/wp-content\/uploads\/2018\/11\/72-PS-300x200.jpg 300w, https:\/\/marekkuchcinski.pl\/wp-content\/uploads\/2018\/11\/72-PS-768x512.jpg 768w, https:\/\/marekkuchcinski.pl\/wp-content\/uploads\/2018\/11\/72-PS-1024x683.jpg 1024w\" sizes=\"(max-width: 3360px) 100vw, 3360px\" \/><\/a><\/p>\n<p><a href=\"https:\/\/marekkuchcinski.pl\/wp-content\/uploads\/2018\/11\/72-ps-okl.jpg\"><img decoding=\"async\" class=\"alignnone size-full wp-image-11212\" src=\"https:\/\/marekkuchcinski.pl\/wp-content\/uploads\/2018\/11\/72-ps-okl.jpg\" alt=\"72 ps okl\" width=\"647\" height=\"408\" srcset=\"https:\/\/marekkuchcinski.pl\/wp-content\/uploads\/2018\/11\/72-ps-okl.jpg 647w, https:\/\/marekkuchcinski.pl\/wp-content\/uploads\/2018\/11\/72-ps-okl-300x189.jpg 300w\" sizes=\"(max-width: 647px) 100vw, 647px\" \/><\/a><\/p>\n<p>&nbsp;<\/p>","protected":false},"excerpt":{"rendered":"<p>Zakaz pracy w s\u0142u\u017cbie dyplomatycznej dla wsp\u00f3\u0142pracownik\u00f3w s\u0142u\u017cb bezpiecze\u0144stwa PRL, uregulowanie opieki nad grobami weteran\u00f3w walk o wolno\u015b\u0107 i niepodleg\u0142o\u015b\u0107 Polski oraz nowelizacja ustawy o S\u0105dzie Najwy\u017cszym &#8211; to g\u0142\u00f3wne projekty procedowane przez pos\u0142\u00f3w podczas pierwszego dnia 72. posiedzenia Sejmu. Ponadto, we \u015brod\u0119 sze\u015bciu nowych pos\u0142\u00f3w z\u0142o\u017cy\u0142o \u015blubowanie przed Sejmem. Izba upami\u0119tni\u0142a r\u00f3wnie\u017c 40. rocznice [&hellip;]<\/p>\n","protected":false},"author":6,"featured_media":11216,"comment_status":"open","ping_status":"open","sticky":false,"template":"","format":"standard","meta":{"ngg_post_thumbnail":0,"footnotes":""},"categories":[81,3],"tags":[],"class_list":["post-11205","post","type-post","status-publish","format-standard","has-post-thumbnail","hentry","category-wiesci-z-sejmu","category-wydarzenia"],"_links":{"self":[{"href":"https:\/\/marekkuchcinski.pl\/ro\/wp-json\/wp\/v2\/posts\/11205","targetHints":{"allow":["GET"]}}],"collection":[{"href":"https:\/\/marekkuchcinski.pl\/ro\/wp-json\/wp\/v2\/posts"}],"about":[{"href":"https:\/\/marekkuchcinski.pl\/ro\/wp-json\/wp\/v2\/types\/post"}],"author":[{"embeddable":true,"href":"https:\/\/marekkuchcinski.pl\/ro\/wp-json\/wp\/v2\/users\/6"}],"replies":[{"embeddable":true,"href":"https:\/\/marekkuchcinski.pl\/ro\/wp-json\/wp\/v2\/comments?post=11205"}],"version-history":[{"count":5,"href":"https:\/\/marekkuchcinski.pl\/ro\/wp-json\/wp\/v2\/posts\/11205\/revisions"}],"predecessor-version":[{"id":11215,"href":"https:\/\/marekkuchcinski.pl\/ro\/wp-json\/wp\/v2\/posts\/11205\/revisions\/11215"}],"wp:featuredmedia":[{"embeddable":true,"href":"https:\/\/marekkuchcinski.pl\/ro\/wp-json\/wp\/v2\/media\/11216"}],"wp:attachment":[{"href":"https:\/\/marekkuchcinski.pl\/ro\/wp-json\/wp\/v2\/media?parent=11205"}],"wp:term":[{"taxonomy":"category","embeddable":true,"href":"https:\/\/marekkuchcinski.pl\/ro\/wp-json\/wp\/v2\/categories?post=11205"},{"taxonomy":"post_tag","embeddable":true,"href":"https:\/\/marekkuchcinski.pl\/ro\/wp-json\/wp\/v2\/tags?post=11205"}],"curies":[{"name":"wp","href":"https:\/\/api.w.org\/{rel}","templated":true}]}}