{"id":11157,"date":"2018-11-23T16:18:34","date_gmt":"2018-11-23T15:18:34","guid":{"rendered":"https:\/\/marekkuchcinski.pl\/?p=11157"},"modified":"2018-11-23T16:18:10","modified_gmt":"2018-11-23T15:18:10","slug":"marek-kuchcinski-o-abp-tokarczuku-ziemia-podkarpacka-sprawa-metropolity-stala-sie-miejscem-niezaleznej-wolnosciowej-mysli-promieniujacej-cala-polske","status":"publish","type":"post","link":"https:\/\/marekkuchcinski.pl\/ro\/wydarzenia\/marek-kuchcinski-o-abp-tokarczuku-ziemia-podkarpacka-sprawa-metropolity-stala-sie-miejscem-niezaleznej-wolnosciowej-mysli-promieniujacej-cala-polske\/","title":{"rendered":"Marek Kuchci\u0144ski despre Arhiepiscopul Tokarczuk: Datorit\u0103 mitropolitului, regiunea Podkarpacie a devenit un loc al g\u00e2ndirii independente \u0219i libere, care a radiat \u00een \u00eentreaga Polonie"},"content":{"rendered":"<p>La 100 de ani de la na\u0219terea arhiepiscopului Ignacy Tokarczuk, Parlamentul polonez l-a stabilit pe mitropolitul de Przemy\u015bl ca fiind unul dintre sfin\u021bii protectori ai anului 2018.<\/p>\n<p>\u00cen cadrul conferin\u021bei \"Arhiepiscopul Ignacy Tokarczuk - martor al istoriei, martor al credin\u021bei\", mare\u0219alul Kuchci\u0144ski a subliniat c\u0103 arhiepiscopul Tokarczuk a fost unul dintre eroii care au marcat durabil aspira\u021biile poloneze de independen\u021b\u0103, a fost un<strong>\u00a0<\/strong>un om extraordinar, un sus\u021bin\u0103tor neclintit al unei Polonii independente. A expus \u00een mod deschis ipocrizia \u0219i ac\u021biunile \u00eempotriva \u00eenc\u0103lc\u0103rii drepturilor omului \u0219i a Bisericii. \u00cen predicile sale, el a subliniat c\u0103 \"na\u021biunea polonez\u0103 tr\u0103ie\u0219te \u00een vremuri anormale, iar sistemul introdus de comuni\u0219ti este o anarhie \u00eembr\u0103cat\u0103 \u00een haina legii\".<\/p>\n<p>Pre\u0219edintele Parlamentului a amintit c\u0103 mitropolitul a pledat cu voce tare pentru demnitatea \u0219i drepturile credincio\u0219ilor, a fost un model de curaj \u0219i atitudine intransigent\u0103, a spart bariera fricii de aparatul de securitate comunist, iar datorit\u0103 lui mul\u021bi activi\u0219ti ai opozi\u021biei au g\u0103sit nu doar ajutor spiritual \u0219i material, ci \u0219i inspira\u021bie pentru a ac\u021biona \u00een continuare.<\/p>\n<p>Acolo, la Przemy\u015bl, s-a n\u0103scut ideea unei mi\u0219c\u0103ri \u021b\u0103r\u0103ne\u0219ti independente, sub conducerea arhiepiscopului. \u0218i se poate spune cu siguran\u021b\u0103 c\u0103 regiunea Podkarpacie, datorit\u0103 Mitropoliei, a devenit un loc al g\u00e2ndirii independente \u0219i libere, care s-a r\u0103sp\u00e2ndit \u00een \u00eentreaga Polonie.<\/p>\n<p>Marek Kuchci\u0144ski a subliniat c\u0103 p\u0103rintele episcop a insuflat profund \u00een inimi \u0219i min\u021bi dorin\u021ba de a avea o patrie independent\u0103 \u0219i democratic\u0103. El a cultivat aceste dorin\u021be \u00eentr-un mod special, sprijinind cultura independent\u0103 \u0219i activit\u0103\u021bile editoriale independente. El a oferit asisten\u021b\u0103 celor reprima\u021bi \u0219i familiilor acestora. Nu s-a \u00een\u0219elat c\u00e2nd a crezut, \u00eencep\u00e2nd din 1982, c\u0103 legea mar\u021bial\u0103 a fost \u00eenceputul pr\u0103bu\u0219irii sistemului totalitar.<\/p>\n<p>- Cred c\u0103 una dintre cele mai importante realiz\u0103ri ale sale, \u00een eparhia de atunci a lui Przemy\u015bl, care traverseaz\u0103 grani\u021bele actualei voievodate Podkarpackie, a fost construirea a peste 400 de biserici. \u00cen acest fel, p\u0103rintele arhiepiscop nu numai c\u0103 a facilitat participarea oamenilor la slujb\u0103 \u0219i cre\u0219terea bisericii universale, dar a \u00eent\u0103rit pentru totdeauna ritul romano-catolic \u00een \u00eentreaga Podkarpacie\", a concluzionat pre\u0219edintele Sejm-ului.<\/p>\n<p>Printre vorbitori s-au num\u0103rat\u00a0<strong>\u00a0<\/strong>Fr. Franciszek Rz\u0105sa (\"Arhiepiscopul Ignacy Tokarczuk - din perspectiva p\u0103rintelui spiritual al preo\u021bilor din dieceza de Przemy\u015bl - amintiri\"), Rev. Prof. J\u00f3zef Wo\u0142cza\u0144ski (\"Activitatea pastoral\u0103 \u0219i organizatoric\u0103 a Arhiepiscopului Ignacy Tokarczuk \u00een Biserica din Przemy\u015bl\") \u0219i Dr. Mariusz Krzysztofi\u0144ski (\"Arhiepiscopul Ignacy Tokarczuk - ap\u0103r\u0103tor al adev\u0103rului, al drepturilor credincio\u0219ilor, sus\u021bin\u0103tor al \"Solidarit\u0103\u021bii\"). \u00centregul eveniment a fost \u00eembog\u0103\u021bit de fragmente din omiliile \u0219i jurnalele Arhiepiscopului Ignacy Tokarczuk sub forma unui montaj de proiec\u021bii documentare \u0219i de interpretarea actoriceasc\u0103 a lui Waldemar Czyszak - actor al Teatrului Wanda Siemaszkowa din Rzesz\u00f3w. Evenimentul a fost \u00eenso\u021bit de o expozi\u021bie tematic\u0103 \"Arhiepiscopul Ignacy Tokarczuk - Biserica, autoritatea - rezisten\u021ba social\u0103\", preg\u0103tit\u0103 de Institutul Filialei de Memorie Na\u021bional\u0103 din Rzesz\u00f3w.<\/p>\n<p>Conferin\u021ba s-a desf\u0103\u0219urat sub patronajul onorific al pre\u0219edintelui Sejm-ului polonez Marek Kuchci\u0144ski, al pre\u0219edintelui Conferin\u021bei Episcopale Poloneze, Arhiepiscopul Stanis\u0142aw G\u0105decki \u0219i al Arhiepiscopului Mitropolit de Przemy\u015bl, Arhiepiscopul Adam Szal. A fost \u00eenfiin\u021bat la ini\u021biativa voievodului de Podkarpackie Ewa Leniart \u0219i a mare\u0219alului voievodatului W\u0142adys\u0142aw Ortyl.<\/p>\n<p><strong>Mai multe materiale despre Arhiepiscopul Ignacy Tokarczuk:<\/strong><\/p>\n<p><a href=\"https:\/\/marekkuchcinski.pl\/ro\/wydarzenia\/marszalek-sejmu-ideologie-xx-xxi-wieku-wciaz-wzywaja-nas-dawania-swiadectwa-wiary-boga-szacunku-czlowieka-odwagi-wiernosci-dzielu-naszych-przodkow\/\">https:\/\/marekkuchcinski.pl\/wydarzenia\/marszalek-sejmu-ideologie-xx-xxi-wieku-wciaz-wzywaja-nas-dawania-swiadectwa-wiary-boga-szacunku-czlowieka-odwagi-wiernosci-dzielu-naszych-przodkow\/<\/a><\/p>\n<p><a href=\"https:\/\/marekkuchcinski.pl\/wp-content\/uploads\/2018\/11\/18920583_1921884804694406_2246382630926971964_n.jpg\"><img fetchpriority=\"high\" decoding=\"async\" class=\"alignnone size-full wp-image-11198\" src=\"https:\/\/marekkuchcinski.pl\/wp-content\/uploads\/2018\/11\/18920583_1921884804694406_2246382630926971964_n.jpg\" alt=\"18920583_1921884804694406_2246382630926971964_n\" width=\"329\" height=\"226\" srcset=\"https:\/\/marekkuchcinski.pl\/wp-content\/uploads\/2018\/11\/18920583_1921884804694406_2246382630926971964_n.jpg 329w, https:\/\/marekkuchcinski.pl\/wp-content\/uploads\/2018\/11\/18920583_1921884804694406_2246382630926971964_n-300x206.jpg 300w\" sizes=\"(max-width: 329px) 100vw, 329px\" \/><\/a><\/p>\n<blockquote class=\"wp-embedded-content\" data-secret=\"nOJkXXSFFC\"><p><a href=\"https:\/\/marekkuchcinski.pl\/ro\/wydarzenia\/odszedl-do-pana-niezlomny\/\">Arhiepiscopul Ignacy Marcin Tokarczuk a \u00eencetat din via\u021b\u0103<\/a><\/p><\/blockquote>\n<p><iframe class=\"wp-embedded-content\" sandbox=\"allow-scripts\" security=\"restricted\" style=\"position: absolute; clip: rect(1px, 1px, 1px, 1px);\" title=\"&quot;Arhiepiscopul Ignacy Marcin Tokarczuk a plecat la Domnul&quot;. - Marek Kuchcinski\" src=\"https:\/\/marekkuchcinski.pl\/wydarzenia\/odszedl-do-pana-niezlomny\/embed\/#?secret=nOJkXXSFFC\" data-secret=\"nOJkXXSFFC\" width=\"600\" height=\"338\" frameborder=\"0\" marginwidth=\"0\" marginheight=\"0\" scrolling=\"no\"><\/iframe><\/p>\n<blockquote class=\"wp-embedded-content\" data-secret=\"SB7IlgsBtJ\"><p><a href=\"https:\/\/marekkuchcinski.pl\/ro\/wydarzenia\/sesja-naukowa-poswiecona-abp-ignacemu-tokarczukowi\/\">Sesiune \u0219tiin\u021bific\u0103 dedicat\u0103 Arhiepiscopului Mitropolit de Przemy\u015bl, Arhiepiscopul Ignacy Tokarczuk<\/a><\/p><\/blockquote>\n<p><iframe class=\"wp-embedded-content\" sandbox=\"allow-scripts\" security=\"restricted\" style=\"position: absolute; clip: rect(1px, 1px, 1px, 1px);\" title=\"&quot;Sesiune \u0219tiin\u021bific\u0103 dedicat\u0103 Mitropolitului de Przemy\u015bl, Arhiepiscopul Ignacy Tokarczuk&quot; - Marek Kuchci\u0144ski\" src=\"https:\/\/marekkuchcinski.pl\/wydarzenia\/sesja-naukowa-poswiecona-abp-ignacemu-tokarczukowi\/embed\/#?secret=SB7IlgsBtJ\" data-secret=\"SB7IlgsBtJ\" width=\"600\" height=\"338\" frameborder=\"0\" marginwidth=\"0\" marginheight=\"0\" scrolling=\"no\"><\/iframe><\/p>\n<p><em>Foto: M. Olejnik<\/em><\/p>\n<p><a href=\"https:\/\/marekkuchcinski.pl\/wp-content\/uploads\/2018\/11\/tok6.jpg\"><img decoding=\"async\" class=\"alignnone size-full wp-image-11158\" src=\"https:\/\/marekkuchcinski.pl\/wp-content\/uploads\/2018\/11\/tok6.jpg\" alt=\"tok6\" width=\"3918\" height=\"2615\" srcset=\"https:\/\/marekkuchcinski.pl\/wp-content\/uploads\/2018\/11\/tok6.jpg 2048w, https:\/\/marekkuchcinski.pl\/wp-content\/uploads\/2018\/11\/tok6-300x200.jpg 300w, https:\/\/marekkuchcinski.pl\/wp-content\/uploads\/2018\/11\/tok6-768x513.jpg 768w, https:\/\/marekkuchcinski.pl\/wp-content\/uploads\/2018\/11\/tok6-1024x683.jpg 1024w\" sizes=\"(max-width: 3918px) 100vw, 3918px\" \/><\/a>\u00a0Clopotul Independen\u021bei - un cadou din partea mare\u0219alului regiunii Podkarpackie, W\u0142adys\u0142aw Ortyl<a href=\"https:\/\/marekkuchcinski.pl\/wp-content\/uploads\/2018\/11\/tok.jpg\"><img decoding=\"async\" class=\"alignnone size-full wp-image-11162\" src=\"https:\/\/marekkuchcinski.pl\/wp-content\/uploads\/2018\/11\/tok.jpg\" alt=\"tok\" width=\"4436\" height=\"3121\" srcset=\"https:\/\/marekkuchcinski.pl\/wp-content\/uploads\/2018\/11\/tok.jpg 2048w, https:\/\/marekkuchcinski.pl\/wp-content\/uploads\/2018\/11\/tok-300x211.jpg 300w, https:\/\/marekkuchcinski.pl\/wp-content\/uploads\/2018\/11\/tok-768x540.jpg 768w, https:\/\/marekkuchcinski.pl\/wp-content\/uploads\/2018\/11\/tok-1024x720.jpg 1024w\" sizes=\"(max-width: 4436px) 100vw, 4436px\" \/><\/a><\/p>\n<p><em>Foto: M. Marchlewska<\/em><\/p>\n<p><a href=\"https:\/\/marekkuchcinski.pl\/wp-content\/uploads\/2018\/11\/MMA_4703.jpg\"><img loading=\"lazy\" decoding=\"async\" class=\"alignnone size-full wp-image-11202\" src=\"https:\/\/marekkuchcinski.pl\/wp-content\/uploads\/2018\/11\/MMA_4703.jpg\" alt=\"MMA_4703\" width=\"6189\" height=\"4126\" srcset=\"https:\/\/marekkuchcinski.pl\/wp-content\/uploads\/2018\/11\/MMA_4703.jpg 2048w, https:\/\/marekkuchcinski.pl\/wp-content\/uploads\/2018\/11\/MMA_4703-300x200.jpg 300w, https:\/\/marekkuchcinski.pl\/wp-content\/uploads\/2018\/11\/MMA_4703-768x512.jpg 768w, https:\/\/marekkuchcinski.pl\/wp-content\/uploads\/2018\/11\/MMA_4703-1024x683.jpg 1024w\" sizes=\"(max-width: 6189px) 100vw, 6189px\" \/><\/a><\/p>\n<p>Sejm: Expozi\u021bie dedicat\u0103 Arhiepiscopului Ignacy Tokarczuk, IPN Rzesz\u00f3w<\/p>\n<p><a href=\"https:\/\/marekkuchcinski.pl\/wp-content\/uploads\/2018\/11\/000_tokarczuk-1.jpg\"><img loading=\"lazy\" decoding=\"async\" class=\"alignnone size-full wp-image-11194\" src=\"https:\/\/marekkuchcinski.pl\/wp-content\/uploads\/2018\/11\/000_tokarczuk-1.jpg\" alt=\"000_tokarczuk\" width=\"2549\" height=\"4725\" srcset=\"https:\/\/marekkuchcinski.pl\/wp-content\/uploads\/2018\/11\/000_tokarczuk-1.jpg 1105w, https:\/\/marekkuchcinski.pl\/wp-content\/uploads\/2018\/11\/000_tokarczuk-1-162x300.jpg 162w, https:\/\/marekkuchcinski.pl\/wp-content\/uploads\/2018\/11\/000_tokarczuk-1-768x1424.jpg 768w, https:\/\/marekkuchcinski.pl\/wp-content\/uploads\/2018\/11\/000_tokarczuk-1-552x1024.jpg 552w\" sizes=\"(max-width: 2549px) 100vw, 2549px\" \/><\/a> <a href=\"https:\/\/marekkuchcinski.pl\/wp-content\/uploads\/2018\/11\/001_tokarczuk.jpg\"><img loading=\"lazy\" decoding=\"async\" class=\"alignnone size-full wp-image-11172\" src=\"https:\/\/marekkuchcinski.pl\/wp-content\/uploads\/2018\/11\/001_tokarczuk.jpg\" alt=\"001_tokarczuk\" width=\"2549\" height=\"4725\" srcset=\"https:\/\/marekkuchcinski.pl\/wp-content\/uploads\/2018\/11\/001_tokarczuk.jpg 1105w, https:\/\/marekkuchcinski.pl\/wp-content\/uploads\/2018\/11\/001_tokarczuk-162x300.jpg 162w, https:\/\/marekkuchcinski.pl\/wp-content\/uploads\/2018\/11\/001_tokarczuk-768x1424.jpg 768w, https:\/\/marekkuchcinski.pl\/wp-content\/uploads\/2018\/11\/001_tokarczuk-552x1024.jpg 552w\" sizes=\"(max-width: 2549px) 100vw, 2549px\" \/><\/a> <a href=\"https:\/\/marekkuchcinski.pl\/wp-content\/uploads\/2018\/11\/002_tokarczuk.jpg\"><img loading=\"lazy\" decoding=\"async\" class=\"alignnone size-full wp-image-11173\" src=\"https:\/\/marekkuchcinski.pl\/wp-content\/uploads\/2018\/11\/002_tokarczuk.jpg\" alt=\"002_tokarczuk\" width=\"2549\" height=\"4725\" srcset=\"https:\/\/marekkuchcinski.pl\/wp-content\/uploads\/2018\/11\/002_tokarczuk.jpg 1105w, https:\/\/marekkuchcinski.pl\/wp-content\/uploads\/2018\/11\/002_tokarczuk-162x300.jpg 162w, https:\/\/marekkuchcinski.pl\/wp-content\/uploads\/2018\/11\/002_tokarczuk-768x1424.jpg 768w, https:\/\/marekkuchcinski.pl\/wp-content\/uploads\/2018\/11\/002_tokarczuk-552x1024.jpg 552w\" sizes=\"(max-width: 2549px) 100vw, 2549px\" \/><\/a> <a href=\"https:\/\/marekkuchcinski.pl\/wp-content\/uploads\/2018\/11\/003_tokarczuk.jpg\"><img loading=\"lazy\" decoding=\"async\" class=\"alignnone size-full wp-image-11174\" src=\"https:\/\/marekkuchcinski.pl\/wp-content\/uploads\/2018\/11\/003_tokarczuk.jpg\" alt=\"003_tokarczuk\" width=\"2549\" height=\"4725\" srcset=\"https:\/\/marekkuchcinski.pl\/wp-content\/uploads\/2018\/11\/003_tokarczuk.jpg 1105w, https:\/\/marekkuchcinski.pl\/wp-content\/uploads\/2018\/11\/003_tokarczuk-162x300.jpg 162w, https:\/\/marekkuchcinski.pl\/wp-content\/uploads\/2018\/11\/003_tokarczuk-768x1424.jpg 768w, https:\/\/marekkuchcinski.pl\/wp-content\/uploads\/2018\/11\/003_tokarczuk-552x1024.jpg 552w\" sizes=\"(max-width: 2549px) 100vw, 2549px\" \/><\/a> <a href=\"https:\/\/marekkuchcinski.pl\/wp-content\/uploads\/2018\/11\/004_tokarczuk.jpg\"><img loading=\"lazy\" decoding=\"async\" class=\"alignnone size-full wp-image-11175\" src=\"https:\/\/marekkuchcinski.pl\/wp-content\/uploads\/2018\/11\/004_tokarczuk.jpg\" alt=\"004_tokarczuk\" width=\"2549\" height=\"4725\" srcset=\"https:\/\/marekkuchcinski.pl\/wp-content\/uploads\/2018\/11\/004_tokarczuk.jpg 1105w, https:\/\/marekkuchcinski.pl\/wp-content\/uploads\/2018\/11\/004_tokarczuk-162x300.jpg 162w, https:\/\/marekkuchcinski.pl\/wp-content\/uploads\/2018\/11\/004_tokarczuk-768x1424.jpg 768w, https:\/\/marekkuchcinski.pl\/wp-content\/uploads\/2018\/11\/004_tokarczuk-552x1024.jpg 552w\" sizes=\"(max-width: 2549px) 100vw, 2549px\" \/><\/a> <a href=\"https:\/\/marekkuchcinski.pl\/wp-content\/uploads\/2018\/11\/005_tokarczuk.jpg\"><img loading=\"lazy\" decoding=\"async\" class=\"alignnone size-full wp-image-11176\" src=\"https:\/\/marekkuchcinski.pl\/wp-content\/uploads\/2018\/11\/005_tokarczuk.jpg\" alt=\"005_tokarczuk\" width=\"2549\" height=\"4725\" srcset=\"https:\/\/marekkuchcinski.pl\/wp-content\/uploads\/2018\/11\/005_tokarczuk.jpg 1105w, https:\/\/marekkuchcinski.pl\/wp-content\/uploads\/2018\/11\/005_tokarczuk-162x300.jpg 162w, https:\/\/marekkuchcinski.pl\/wp-content\/uploads\/2018\/11\/005_tokarczuk-768x1424.jpg 768w, https:\/\/marekkuchcinski.pl\/wp-content\/uploads\/2018\/11\/005_tokarczuk-552x1024.jpg 552w\" sizes=\"(max-width: 2549px) 100vw, 2549px\" \/><\/a> <a href=\"https:\/\/marekkuchcinski.pl\/wp-content\/uploads\/2018\/11\/006_tokarczuk.jpg\"><img loading=\"lazy\" decoding=\"async\" class=\"alignnone size-full wp-image-11177\" src=\"https:\/\/marekkuchcinski.pl\/wp-content\/uploads\/2018\/11\/006_tokarczuk.jpg\" alt=\"006_tokarczuk\" width=\"2549\" height=\"4725\" srcset=\"https:\/\/marekkuchcinski.pl\/wp-content\/uploads\/2018\/11\/006_tokarczuk.jpg 1105w, https:\/\/marekkuchcinski.pl\/wp-content\/uploads\/2018\/11\/006_tokarczuk-162x300.jpg 162w, https:\/\/marekkuchcinski.pl\/wp-content\/uploads\/2018\/11\/006_tokarczuk-768x1424.jpg 768w, https:\/\/marekkuchcinski.pl\/wp-content\/uploads\/2018\/11\/006_tokarczuk-552x1024.jpg 552w\" sizes=\"(max-width: 2549px) 100vw, 2549px\" \/><\/a> <a href=\"https:\/\/marekkuchcinski.pl\/wp-content\/uploads\/2018\/11\/007_tokarczuk.jpg\"><img loading=\"lazy\" decoding=\"async\" class=\"alignnone size-full wp-image-11178\" src=\"https:\/\/marekkuchcinski.pl\/wp-content\/uploads\/2018\/11\/007_tokarczuk.jpg\" alt=\"007_tokarczuk\" width=\"2549\" height=\"4725\" srcset=\"https:\/\/marekkuchcinski.pl\/wp-content\/uploads\/2018\/11\/007_tokarczuk.jpg 1105w, https:\/\/marekkuchcinski.pl\/wp-content\/uploads\/2018\/11\/007_tokarczuk-162x300.jpg 162w, https:\/\/marekkuchcinski.pl\/wp-content\/uploads\/2018\/11\/007_tokarczuk-768x1424.jpg 768w, https:\/\/marekkuchcinski.pl\/wp-content\/uploads\/2018\/11\/007_tokarczuk-552x1024.jpg 552w\" sizes=\"(max-width: 2549px) 100vw, 2549px\" \/><\/a> <a href=\"https:\/\/marekkuchcinski.pl\/wp-content\/uploads\/2018\/11\/008_tokarczuk.jpg\"><img loading=\"lazy\" decoding=\"async\" class=\"alignnone size-full wp-image-11179\" src=\"https:\/\/marekkuchcinski.pl\/wp-content\/uploads\/2018\/11\/008_tokarczuk.jpg\" alt=\"008_tokarczuk\" width=\"2549\" height=\"4725\" srcset=\"https:\/\/marekkuchcinski.pl\/wp-content\/uploads\/2018\/11\/008_tokarczuk.jpg 1105w, https:\/\/marekkuchcinski.pl\/wp-content\/uploads\/2018\/11\/008_tokarczuk-162x300.jpg 162w, https:\/\/marekkuchcinski.pl\/wp-content\/uploads\/2018\/11\/008_tokarczuk-768x1424.jpg 768w, https:\/\/marekkuchcinski.pl\/wp-content\/uploads\/2018\/11\/008_tokarczuk-552x1024.jpg 552w\" sizes=\"(max-width: 2549px) 100vw, 2549px\" \/><\/a> <a href=\"https:\/\/marekkuchcinski.pl\/wp-content\/uploads\/2018\/11\/009_tokarczuk.jpg\"><img loading=\"lazy\" decoding=\"async\" class=\"alignnone size-full wp-image-11180\" src=\"https:\/\/marekkuchcinski.pl\/wp-content\/uploads\/2018\/11\/009_tokarczuk.jpg\" alt=\"009_tokarczuk\" width=\"2549\" height=\"4725\" srcset=\"https:\/\/marekkuchcinski.pl\/wp-content\/uploads\/2018\/11\/009_tokarczuk.jpg 1105w, https:\/\/marekkuchcinski.pl\/wp-content\/uploads\/2018\/11\/009_tokarczuk-162x300.jpg 162w, https:\/\/marekkuchcinski.pl\/wp-content\/uploads\/2018\/11\/009_tokarczuk-768x1424.jpg 768w, https:\/\/marekkuchcinski.pl\/wp-content\/uploads\/2018\/11\/009_tokarczuk-552x1024.jpg 552w\" sizes=\"(max-width: 2549px) 100vw, 2549px\" \/><\/a> <a href=\"https:\/\/marekkuchcinski.pl\/wp-content\/uploads\/2018\/11\/010_tokarczuk.jpg\"><img loading=\"lazy\" decoding=\"async\" class=\"alignnone size-full wp-image-11181\" src=\"https:\/\/marekkuchcinski.pl\/wp-content\/uploads\/2018\/11\/010_tokarczuk.jpg\" alt=\"010_tokarczuk\" width=\"2549\" height=\"4725\" srcset=\"https:\/\/marekkuchcinski.pl\/wp-content\/uploads\/2018\/11\/010_tokarczuk.jpg 1105w, https:\/\/marekkuchcinski.pl\/wp-content\/uploads\/2018\/11\/010_tokarczuk-162x300.jpg 162w, https:\/\/marekkuchcinski.pl\/wp-content\/uploads\/2018\/11\/010_tokarczuk-768x1424.jpg 768w, https:\/\/marekkuchcinski.pl\/wp-content\/uploads\/2018\/11\/010_tokarczuk-552x1024.jpg 552w\" sizes=\"(max-width: 2549px) 100vw, 2549px\" \/><\/a> <a href=\"https:\/\/marekkuchcinski.pl\/wp-content\/uploads\/2018\/11\/011_tokarczuk.jpg\"><img loading=\"lazy\" decoding=\"async\" class=\"alignnone size-full wp-image-11182\" src=\"https:\/\/marekkuchcinski.pl\/wp-content\/uploads\/2018\/11\/011_tokarczuk.jpg\" alt=\"011_tokarczuk\" width=\"2549\" height=\"4725\" srcset=\"https:\/\/marekkuchcinski.pl\/wp-content\/uploads\/2018\/11\/011_tokarczuk.jpg 1105w, https:\/\/marekkuchcinski.pl\/wp-content\/uploads\/2018\/11\/011_tokarczuk-162x300.jpg 162w, https:\/\/marekkuchcinski.pl\/wp-content\/uploads\/2018\/11\/011_tokarczuk-768x1424.jpg 768w, https:\/\/marekkuchcinski.pl\/wp-content\/uploads\/2018\/11\/011_tokarczuk-552x1024.jpg 552w\" sizes=\"(max-width: 2549px) 100vw, 2549px\" \/><\/a> <a href=\"https:\/\/marekkuchcinski.pl\/wp-content\/uploads\/2018\/11\/012_tokarczuk.jpg\"><img loading=\"lazy\" decoding=\"async\" class=\"alignnone size-full wp-image-11183\" src=\"https:\/\/marekkuchcinski.pl\/wp-content\/uploads\/2018\/11\/012_tokarczuk.jpg\" alt=\"012_tokarczuk\" width=\"2549\" height=\"4725\" srcset=\"https:\/\/marekkuchcinski.pl\/wp-content\/uploads\/2018\/11\/012_tokarczuk.jpg 1105w, https:\/\/marekkuchcinski.pl\/wp-content\/uploads\/2018\/11\/012_tokarczuk-162x300.jpg 162w, https:\/\/marekkuchcinski.pl\/wp-content\/uploads\/2018\/11\/012_tokarczuk-768x1424.jpg 768w, https:\/\/marekkuchcinski.pl\/wp-content\/uploads\/2018\/11\/012_tokarczuk-552x1024.jpg 552w\" sizes=\"(max-width: 2549px) 100vw, 2549px\" \/><\/a> <a href=\"https:\/\/marekkuchcinski.pl\/wp-content\/uploads\/2018\/11\/013_tokarczuk.jpg\"><img loading=\"lazy\" decoding=\"async\" class=\"alignnone size-full wp-image-11184\" src=\"https:\/\/marekkuchcinski.pl\/wp-content\/uploads\/2018\/11\/013_tokarczuk.jpg\" alt=\"013_tokarczuk\" width=\"2549\" height=\"4725\" srcset=\"https:\/\/marekkuchcinski.pl\/wp-content\/uploads\/2018\/11\/013_tokarczuk.jpg 1105w, https:\/\/marekkuchcinski.pl\/wp-content\/uploads\/2018\/11\/013_tokarczuk-162x300.jpg 162w, https:\/\/marekkuchcinski.pl\/wp-content\/uploads\/2018\/11\/013_tokarczuk-768x1424.jpg 768w, https:\/\/marekkuchcinski.pl\/wp-content\/uploads\/2018\/11\/013_tokarczuk-552x1024.jpg 552w\" sizes=\"(max-width: 2549px) 100vw, 2549px\" \/><\/a><\/p>\n<p>&nbsp;<\/p>","protected":false},"excerpt":{"rendered":"<p>w 100. rocznic\u0119 urodzin ksi\u0119dza arcybiskupa Ignacego Tokarczuka Sejm RP ustanowi\u0142 Metropolit\u0119 Przemyskiego\u00a0jednym z patron\u00f3w 2018 roku. Podczas konferencji \u201eArcybiskup Ignacy Tokarczuk \u2013 \u015bwiadek historii, \u015bwiadek wiary\u201d marsza\u0142ek Kuchci\u0144ski podkre\u015bla\u0142, \u017ce abp. Tokarczuk by\u0142 jednym z bohater\u00f3w, kt\u00f3ry na trwa\u0142e zapisa\u0142 si\u0119 w polskich d\u0105\u017ceniach do niepodleg\u0142o\u015bci, by\u0142\u00a0cz\u0142owiekiem niezwyk\u0142ym, niez\u0142omnym or\u0119downikiem niezale\u017cnej Polski. Otwarcie obna\u017ca\u0142 [&hellip;]<\/p>\n","protected":false},"author":6,"featured_media":11164,"comment_status":"open","ping_status":"open","sticky":false,"template":"","format":"standard","meta":{"ngg_post_thumbnail":0,"footnotes":""},"categories":[49,81,3],"tags":[],"class_list":["post-11157","post","type-post","status-publish","format-standard","has-post-thumbnail","hentry","category-podkarpacie","category-wiesci-z-sejmu","category-wydarzenia"],"_links":{"self":[{"href":"https:\/\/marekkuchcinski.pl\/ro\/wp-json\/wp\/v2\/posts\/11157","targetHints":{"allow":["GET"]}}],"collection":[{"href":"https:\/\/marekkuchcinski.pl\/ro\/wp-json\/wp\/v2\/posts"}],"about":[{"href":"https:\/\/marekkuchcinski.pl\/ro\/wp-json\/wp\/v2\/types\/post"}],"author":[{"embeddable":true,"href":"https:\/\/marekkuchcinski.pl\/ro\/wp-json\/wp\/v2\/users\/6"}],"replies":[{"embeddable":true,"href":"https:\/\/marekkuchcinski.pl\/ro\/wp-json\/wp\/v2\/comments?post=11157"}],"version-history":[{"count":20,"href":"https:\/\/marekkuchcinski.pl\/ro\/wp-json\/wp\/v2\/posts\/11157\/revisions"}],"predecessor-version":[{"id":11204,"href":"https:\/\/marekkuchcinski.pl\/ro\/wp-json\/wp\/v2\/posts\/11157\/revisions\/11204"}],"wp:featuredmedia":[{"embeddable":true,"href":"https:\/\/marekkuchcinski.pl\/ro\/wp-json\/wp\/v2\/media\/11164"}],"wp:attachment":[{"href":"https:\/\/marekkuchcinski.pl\/ro\/wp-json\/wp\/v2\/media?parent=11157"}],"wp:term":[{"taxonomy":"category","embeddable":true,"href":"https:\/\/marekkuchcinski.pl\/ro\/wp-json\/wp\/v2\/categories?post=11157"},{"taxonomy":"post_tag","embeddable":true,"href":"https:\/\/marekkuchcinski.pl\/ro\/wp-json\/wp\/v2\/tags?post=11157"}],"curies":[{"name":"wp","href":"https:\/\/api.w.org\/{rel}","templated":true}]}}