{"id":11138,"date":"2018-11-21T14:47:01","date_gmt":"2018-11-21T13:47:01","guid":{"rendered":"https:\/\/marekkuchcinski.pl\/?p=11138"},"modified":"2018-11-23T15:06:07","modified_gmt":"2018-11-23T14:06:07","slug":"22-listopada-1918-r-orleta-wygraly-walke-o-lwow","status":"publish","type":"post","link":"https:\/\/marekkuchcinski.pl\/ro\/wydarzenia\/22-listopada-1918-r-orleta-wygraly-walke-o-lwow\/","title":{"rendered":"22 noiembrie 1918. Vulturii au c\u00e2\u0219tigat b\u0103t\u0103lia pentru Lw\u00f3w"},"content":{"rendered":"<p>Tinerii sunt viitorul \u0219i marea speran\u021b\u0103 a Poloniei. \u00cen trecut, tinerii polonezi au dovedit acest lucru de multe ori prin cuno\u0219tin\u021bele lor, prin s\u00e2rguin\u021b\u0103, prin dorin\u021ba de schimbare, dar \u0219i prin sacrificiul \u0219i lupta lor \u00eempotriva inamicului. A\u0219a a fost cazul \u00een 1918 la Lw\u00f3w, c\u00e2nd ora\u0219ul a fost eliberat de c\u0103tre Vulturi. P\u00e2n\u0103 \u00een prezent, Vulturii din Lw\u00f3w sunt un simbol al unei mari iubiri pentru patrie \u0219i al preg\u0103tirii pentru cel mai mare sacrificiu. C\u00e2nd, \u00een 1918, Ucraina a pl\u0103nuit s\u0103 includ\u0103 Lvov \u00een teritoriul s\u0103u, sfid\u00e2nd caracterul istoric polonez al ora\u0219ului, studen\u021bii au luat armele \u0219i au fost numi\u021bi mai t\u00e2rziu \"Vulturii din Lw\u00f3w\". La 1 noiembrie 1918, \u00een ora\u0219ul natal al lui Aleksander Fredro, Jan D\u0142ugosz \u0219i Tadeusz B\u00f3r-Komorowski a izbucnit o revolt\u0103. Dup\u0103 doar c\u00e2teva zile, trupele poloneze au sosit pentru a salva ora\u0219ul, \u00eent\u0103rite, printre altele, de Vulturii din Przemysl. Istoricii cred c\u0103 a durat p\u00e2n\u0103 la 22 noiembrie. Peste \u0219ase mii de polonezi au luat parte la luptele de trei s\u0103pt\u0103m\u00e2ni. Aproape jum\u0103tate erau tineri, iar cel mai t\u00e2n\u0103r participant la lupte avea nou\u0103 ani. Peste patru sute de persoane au murit, inclusiv aproape dou\u0103 sute de elevi \u0219i studen\u021bi. Trupurile mor\u021bilor au fost depuse la Cimitirul Ap\u0103r\u0103torilor din Lw\u00f3w \u00een 1922. Aceast\u0103 revolt\u0103 a tinerilor polonezi nu a fost izolat\u0103. Mai pu\u021bin cunoscut\u0103, dar extrem de dramatic\u0103 \u0219i emo\u021bionant\u0103, este povestea Vulturilor din Przemysl. Simultan cu luptele pentru Lvov, au avut loc \u0219i confrunt\u0103ri armate pentru Przemysl, \u00een care studen\u021bii au luat armele, pl\u0103tind adesea pre\u021bul cel mai mare al vie\u021bii lor pentru libertatea patriei lor.<\/p>\n<p dir=\"ltr\">\"La 100 de ani de la redob\u00e2ndirea independen\u021bei Poloniei, Sejm-ul Republicii Polone aduce un omagiu ap\u0103r\u0103torilor fermi ai Lvivului care au luptat pentru o Patrie ren\u0103scut\u0103\", se arat\u0103 \u00eentr-o rezolu\u021bie de comemorare a 100 de ani de la ap\u0103rarea Lvivului, adoptat\u0103 vineri prin aclama\u021bie de Sejm. Documentul aminte\u0219te c\u0103 au trecut 100 de ani de la lupta eroic\u0103 \u0219i victorioas\u0103 a ap\u0103r\u0103torilor polonezi din Lw\u00f3w, care doreau ca ora\u0219ul s\u0103 revin\u0103 unei Republici poloneze ren\u0103scute.<\/p>\n<p dir=\"ltr\">\"Ne amintim \u00een mod special de micii ap\u0103r\u0103tori, numi\u021bi \u00een tradi\u021bia noastr\u0103 Vulturii din Lw\u00f3w, care \u00een prima perioad\u0103 de lupt\u0103 au avut o contribu\u021bie semnificativ\u0103 la men\u021binerea ora\u0219ului \u00een m\u00e2inile polonezilor, \u00een ciuda superiorit\u0103\u021bii cople\u0219itoare a inamicului. O amintire a acelor evenimente este cimitirul Ap\u0103r\u0103torilor din Lw\u00f3w, care p\u00e2n\u0103 \u00een ziua de azi este un simbol al sacrificiului pe altarul Patriei \u0219i ocup\u0103 un loc important \u00een tradi\u021bia istoric\u0103 polonez\u0103\". - a fost subliniat\u0103. Rezolu\u021bia subliniaz\u0103, de asemenea, importan\u021ba bunelor rela\u021bii polono-ucrainene pentru pacea \u0219i securitatea \u00een Europa.<\/p>\n<p><a href=\"https:\/\/marekkuchcinski.pl\/wp-content\/uploads\/2018\/11\/orl-lw.jpg\"><img fetchpriority=\"high\" decoding=\"async\" class=\"alignnone size-full wp-image-11139\" src=\"https:\/\/marekkuchcinski.pl\/wp-content\/uploads\/2018\/11\/orl-lw.jpg\" alt=\"orl lw\" width=\"482\" height=\"337\" srcset=\"https:\/\/marekkuchcinski.pl\/wp-content\/uploads\/2018\/11\/orl-lw.jpg 482w, https:\/\/marekkuchcinski.pl\/wp-content\/uploads\/2018\/11\/orl-lw-300x210.jpg 300w\" sizes=\"(max-width: 482px) 100vw, 482px\" \/><\/a><\/p>\n<p>Un fragment din tabloul \"Vulturii din Lw\u00f3w\" de Stanis\u0142aw Kaczor Batowski din 1936.<\/p>\n<p><a href=\"https:\/\/marekkuchcinski.pl\/wp-content\/uploads\/2018\/11\/orl\u0119ta-przemyskie-pomnik.jpg\"><img decoding=\"async\" class=\"alignnone size-full wp-image-11142\" src=\"https:\/\/marekkuchcinski.pl\/wp-content\/uploads\/2018\/11\/orl\u0119ta-przemyskie-pomnik.jpg\" alt=\"orl\u0119ta przemyskie pomnik\" width=\"800\" height=\"1200\" srcset=\"https:\/\/marekkuchcinski.pl\/wp-content\/uploads\/2018\/11\/orl\u0119ta-przemyskie-pomnik.jpg 800w, https:\/\/marekkuchcinski.pl\/wp-content\/uploads\/2018\/11\/orl\u0119ta-przemyskie-pomnik-200x300.jpg 200w, https:\/\/marekkuchcinski.pl\/wp-content\/uploads\/2018\/11\/orl\u0119ta-przemyskie-pomnik-768x1152.jpg 768w, https:\/\/marekkuchcinski.pl\/wp-content\/uploads\/2018\/11\/orl\u0119ta-przemyskie-pomnik-683x1024.jpg 683w\" sizes=\"(max-width: 800px) 100vw, 800px\" \/><\/a><\/p>\n<p>Monumentul Vulturilor din Przemy\u015bl<\/p>","protected":false},"excerpt":{"rendered":"<p>M\u0142odzie\u017c jest przysz\u0142o\u015bci\u0105 i wielk\u0105 nadziej\u0105 Polski. W przesz\u0142o\u015bci m\u0142odzi Polacy udowadniali to wielokrotnie swoj\u0105 wiedz\u0105, pracowito\u015bci\u0105, ch\u0119ci\u0105 zmian, ale i po\u015bwi\u0119ceniem i walk\u0105 z wrogiem. Tak by\u0142o w 1918 roku we Lwowie, gdy miasto wyzwala\u0142y Orl\u0119ta. Orl\u0119ta Lwowskie do dzi\u015b s\u0105 symbolem wielkiej mi\u0142o\u015bci do ojczyzny i gotowo\u015bci do najwy\u017cszych po\u015bwi\u0119ce\u0144. Gdy w 1918 [&hellip;]<\/p>","protected":false},"author":6,"featured_media":11139,"comment_status":"open","ping_status":"open","sticky":false,"template":"","format":"standard","meta":{"ngg_post_thumbnail":0,"footnotes":""},"categories":[49,77,81,3],"tags":[],"class_list":["post-11138","post","type-post","status-publish","format-standard","has-post-thumbnail","hentry","category-podkarpacie","category-wazne-daty","category-wiesci-z-sejmu","category-wydarzenia"],"yoast_head":"<!-- This site is optimized with the Yoast SEO plugin v24.7 - https:\/\/yoast.com\/wordpress\/plugins\/seo\/ -->\n<title>22 listopada 1918 r. Orl\u0119ta wygra\u0142y walk\u0119 o Lw\u00f3w &#8211; Marek Kuchci\u0144ski<\/title>\n<meta name=\"robots\" content=\"index, follow, max-snippet:-1, max-image-preview:large, max-video-preview:-1\" \/>\n<link rel=\"canonical\" href=\"https:\/\/marekkuchcinski.pl\/ro\/wydarzenia\/22-listopada-1918-r-orleta-wygraly-walke-o-lwow\/\" \/>\n<meta property=\"og:locale\" content=\"ro_RO\" \/>\n<meta property=\"og:type\" content=\"article\" \/>\n<meta property=\"og:title\" content=\"22 listopada 1918 r. Orl\u0119ta wygra\u0142y walk\u0119 o Lw\u00f3w &#8211; Marek Kuchci\u0144ski\" \/>\n<meta property=\"og:description\" content=\"M\u0142odzie\u017c jest przysz\u0142o\u015bci\u0105 i wielk\u0105 nadziej\u0105 Polski. W przesz\u0142o\u015bci m\u0142odzi Polacy udowadniali to wielokrotnie swoj\u0105 wiedz\u0105, pracowito\u015bci\u0105, ch\u0119ci\u0105 zmian, ale i po\u015bwi\u0119ceniem i walk\u0105 z wrogiem. Tak by\u0142o w 1918 roku we Lwowie, gdy miasto wyzwala\u0142y Orl\u0119ta. Orl\u0119ta Lwowskie do dzi\u015b s\u0105 symbolem wielkiej mi\u0142o\u015bci do ojczyzny i gotowo\u015bci do najwy\u017cszych po\u015bwi\u0119ce\u0144. Gdy w 1918 [&hellip;]\" \/>\n<meta property=\"og:url\" content=\"https:\/\/marekkuchcinski.pl\/ro\/wydarzenia\/22-listopada-1918-r-orleta-wygraly-walke-o-lwow\/\" \/>\n<meta property=\"og:site_name\" content=\"Marek Kuchci\u0144ski\" \/>\n<meta property=\"article:published_time\" content=\"2018-11-21T13:47:01+00:00\" \/>\n<meta property=\"article:modified_time\" content=\"2018-11-23T14:06:07+00:00\" \/>\n<meta property=\"og:image\" content=\"https:\/\/marekkuchcinski.pl\/wp-content\/uploads\/2018\/11\/orl-lw.jpg\" \/>\n\t<meta property=\"og:image:width\" content=\"482\" \/>\n\t<meta property=\"og:image:height\" content=\"337\" \/>\n\t<meta property=\"og:image:type\" content=\"image\/jpeg\" \/>\n<meta name=\"author\" content=\"admin\" \/>\n<meta name=\"twitter:card\" content=\"summary_large_image\" \/>\n<meta name=\"twitter:label1\" content=\"Scris de\" \/>\n\t<meta name=\"twitter:data1\" content=\"admin\" \/>\n\t<meta name=\"twitter:label2\" content=\"Timp estimat pentru citire\" \/>\n\t<meta name=\"twitter:data2\" content=\"2 minutes\" \/>\n<script type=\"application\/ld+json\" class=\"yoast-schema-graph\">{\"@context\":\"https:\/\/schema.org\",\"@graph\":[{\"@type\":\"Article\",\"@id\":\"https:\/\/marekkuchcinski.pl\/en\/wydarzenia\/22-listopada-1918-r-orleta-wygraly-walke-o-lwow\/#article\",\"isPartOf\":{\"@id\":\"https:\/\/marekkuchcinski.pl\/en\/wydarzenia\/22-listopada-1918-r-orleta-wygraly-walke-o-lwow\/\"},\"author\":{\"name\":\"admin\",\"@id\":\"https:\/\/marekkuchcinski.pl\/#\/schema\/person\/6f62700996b4d950b6ea2d1183b6c6be\"},\"headline\":\"22 listopada 1918 r. Orl\u0119ta wygra\u0142y walk\u0119 o Lw\u00f3w\",\"datePublished\":\"2018-11-21T13:47:01+00:00\",\"dateModified\":\"2018-11-23T14:06:07+00:00\",\"mainEntityOfPage\":{\"@id\":\"https:\/\/marekkuchcinski.pl\/en\/wydarzenia\/22-listopada-1918-r-orleta-wygraly-walke-o-lwow\/\"},\"wordCount\":463,\"commentCount\":0,\"publisher\":{\"@id\":\"https:\/\/marekkuchcinski.pl\/#organization\"},\"image\":{\"@id\":\"https:\/\/marekkuchcinski.pl\/en\/wydarzenia\/22-listopada-1918-r-orleta-wygraly-walke-o-lwow\/#primaryimage\"},\"thumbnailUrl\":\"https:\/\/marekkuchcinski.pl\/wp-content\/uploads\/2018\/11\/orl-lw.jpg\",\"articleSection\":[\"Podkarpacie\",\"Wa\u017cne daty\",\"Wie\u015bci z Sejmu\",\"Wydarzenia\"],\"inLanguage\":\"ro-RO\",\"potentialAction\":[{\"@type\":\"CommentAction\",\"name\":\"Comment\",\"target\":[\"https:\/\/marekkuchcinski.pl\/en\/wydarzenia\/22-listopada-1918-r-orleta-wygraly-walke-o-lwow\/#respond\"]}]},{\"@type\":\"WebPage\",\"@id\":\"https:\/\/marekkuchcinski.pl\/en\/wydarzenia\/22-listopada-1918-r-orleta-wygraly-walke-o-lwow\/\",\"url\":\"https:\/\/marekkuchcinski.pl\/en\/wydarzenia\/22-listopada-1918-r-orleta-wygraly-walke-o-lwow\/\",\"name\":\"22 listopada 1918 r. Orl\u0119ta wygra\u0142y walk\u0119 o Lw\u00f3w &#8211; Marek Kuchci\u0144ski\",\"isPartOf\":{\"@id\":\"https:\/\/marekkuchcinski.pl\/#website\"},\"primaryImageOfPage\":{\"@id\":\"https:\/\/marekkuchcinski.pl\/en\/wydarzenia\/22-listopada-1918-r-orleta-wygraly-walke-o-lwow\/#primaryimage\"},\"image\":{\"@id\":\"https:\/\/marekkuchcinski.pl\/en\/wydarzenia\/22-listopada-1918-r-orleta-wygraly-walke-o-lwow\/#primaryimage\"},\"thumbnailUrl\":\"https:\/\/marekkuchcinski.pl\/wp-content\/uploads\/2018\/11\/orl-lw.jpg\",\"datePublished\":\"2018-11-21T13:47:01+00:00\",\"dateModified\":\"2018-11-23T14:06:07+00:00\",\"breadcrumb\":{\"@id\":\"https:\/\/marekkuchcinski.pl\/en\/wydarzenia\/22-listopada-1918-r-orleta-wygraly-walke-o-lwow\/#breadcrumb\"},\"inLanguage\":\"ro-RO\",\"potentialAction\":[{\"@type\":\"ReadAction\",\"target\":[\"https:\/\/marekkuchcinski.pl\/en\/wydarzenia\/22-listopada-1918-r-orleta-wygraly-walke-o-lwow\/\"]}]},{\"@type\":\"ImageObject\",\"inLanguage\":\"ro-RO\",\"@id\":\"https:\/\/marekkuchcinski.pl\/en\/wydarzenia\/22-listopada-1918-r-orleta-wygraly-walke-o-lwow\/#primaryimage\",\"url\":\"https:\/\/marekkuchcinski.pl\/wp-content\/uploads\/2018\/11\/orl-lw.jpg\",\"contentUrl\":\"https:\/\/marekkuchcinski.pl\/wp-content\/uploads\/2018\/11\/orl-lw.jpg\",\"width\":482,\"height\":337},{\"@type\":\"BreadcrumbList\",\"@id\":\"https:\/\/marekkuchcinski.pl\/en\/wydarzenia\/22-listopada-1918-r-orleta-wygraly-walke-o-lwow\/#breadcrumb\",\"itemListElement\":[{\"@type\":\"ListItem\",\"position\":1,\"name\":\"Strona g\u0142\u00f3wna\",\"item\":\"https:\/\/marekkuchcinski.pl\/\"},{\"@type\":\"ListItem\",\"position\":2,\"name\":\"22 listopada 1918 r. Orl\u0119ta wygra\u0142y walk\u0119 o Lw\u00f3w\"}]},{\"@type\":\"WebSite\",\"@id\":\"https:\/\/marekkuchcinski.pl\/#website\",\"url\":\"https:\/\/marekkuchcinski.pl\/\",\"name\":\"Marek Kuchci\u0144ski\",\"description\":\"Pose\u0142 na sejm RP &ndash; okr\u0119g nr 22\",\"publisher\":{\"@id\":\"https:\/\/marekkuchcinski.pl\/#organization\"},\"potentialAction\":[{\"@type\":\"SearchAction\",\"target\":{\"@type\":\"EntryPoint\",\"urlTemplate\":\"https:\/\/marekkuchcinski.pl\/?s={search_term_string}\"},\"query-input\":{\"@type\":\"PropertyValueSpecification\",\"valueRequired\":true,\"valueName\":\"search_term_string\"}}],\"inLanguage\":\"ro-RO\"},{\"@type\":\"Organization\",\"@id\":\"https:\/\/marekkuchcinski.pl\/#organization\",\"name\":\"Marek Kuchci\u0144ski\",\"url\":\"https:\/\/marekkuchcinski.pl\/\",\"logo\":{\"@type\":\"ImageObject\",\"inLanguage\":\"ro-RO\",\"@id\":\"https:\/\/marekkuchcinski.pl\/#\/schema\/logo\/image\/\",\"url\":\"https:\/\/marekkuchcinski.pl\/wp-content\/uploads\/2022\/09\/Marek.jpg\",\"contentUrl\":\"https:\/\/marekkuchcinski.pl\/wp-content\/uploads\/2022\/09\/Marek.jpg\",\"width\":1600,\"height\":971,\"caption\":\"Marek Kuchci\u0144ski\"},\"image\":{\"@id\":\"https:\/\/marekkuchcinski.pl\/#\/schema\/logo\/image\/\"}},{\"@type\":\"Person\",\"@id\":\"https:\/\/marekkuchcinski.pl\/#\/schema\/person\/6f62700996b4d950b6ea2d1183b6c6be\",\"name\":\"admin\",\"image\":{\"@type\":\"ImageObject\",\"inLanguage\":\"ro-RO\",\"@id\":\"https:\/\/marekkuchcinski.pl\/#\/schema\/person\/image\/\",\"url\":\"https:\/\/secure.gravatar.com\/avatar\/4bab693b9d55c3d6b52c0296a8765085?s=96&d=mm&r=g\",\"contentUrl\":\"https:\/\/secure.gravatar.com\/avatar\/4bab693b9d55c3d6b52c0296a8765085?s=96&d=mm&r=g\",\"caption\":\"admin\"},\"url\":\"https:\/\/marekkuchcinski.pl\/ro\/author\/marta-olejnik\/\"}]}<\/script>\n<!-- \/ Yoast SEO plugin. -->","yoast_head_json":{"title":"22 listopada 1918 r. Orl\u0119ta wygra\u0142y walk\u0119 o Lw\u00f3w &#8211; Marek Kuchci\u0144ski","robots":{"index":"index","follow":"follow","max-snippet":"max-snippet:-1","max-image-preview":"max-image-preview:large","max-video-preview":"max-video-preview:-1"},"canonical":"https:\/\/marekkuchcinski.pl\/ro\/wydarzenia\/22-listopada-1918-r-orleta-wygraly-walke-o-lwow\/","og_locale":"ro_RO","og_type":"article","og_title":"22 listopada 1918 r. Orl\u0119ta wygra\u0142y walk\u0119 o Lw\u00f3w &#8211; Marek Kuchci\u0144ski","og_description":"M\u0142odzie\u017c jest przysz\u0142o\u015bci\u0105 i wielk\u0105 nadziej\u0105 Polski. W przesz\u0142o\u015bci m\u0142odzi Polacy udowadniali to wielokrotnie swoj\u0105 wiedz\u0105, pracowito\u015bci\u0105, ch\u0119ci\u0105 zmian, ale i po\u015bwi\u0119ceniem i walk\u0105 z wrogiem. Tak by\u0142o w 1918 roku we Lwowie, gdy miasto wyzwala\u0142y Orl\u0119ta. Orl\u0119ta Lwowskie do dzi\u015b s\u0105 symbolem wielkiej mi\u0142o\u015bci do ojczyzny i gotowo\u015bci do najwy\u017cszych po\u015bwi\u0119ce\u0144. Gdy w 1918 [&hellip;]","og_url":"https:\/\/marekkuchcinski.pl\/ro\/wydarzenia\/22-listopada-1918-r-orleta-wygraly-walke-o-lwow\/","og_site_name":"Marek Kuchci\u0144ski","article_published_time":"2018-11-21T13:47:01+00:00","article_modified_time":"2018-11-23T14:06:07+00:00","og_image":[{"width":482,"height":337,"url":"https:\/\/marekkuchcinski.pl\/wp-content\/uploads\/2018\/11\/orl-lw.jpg","type":"image\/jpeg"}],"author":"admin","twitter_card":"summary_large_image","twitter_misc":{"Scris de":"admin","Timp estimat pentru citire":"2 minutes"},"schema":{"@context":"https:\/\/schema.org","@graph":[{"@type":"Article","@id":"https:\/\/marekkuchcinski.pl\/en\/wydarzenia\/22-listopada-1918-r-orleta-wygraly-walke-o-lwow\/#article","isPartOf":{"@id":"https:\/\/marekkuchcinski.pl\/en\/wydarzenia\/22-listopada-1918-r-orleta-wygraly-walke-o-lwow\/"},"author":{"name":"admin","@id":"https:\/\/marekkuchcinski.pl\/#\/schema\/person\/6f62700996b4d950b6ea2d1183b6c6be"},"headline":"22 listopada 1918 r. Orl\u0119ta wygra\u0142y walk\u0119 o Lw\u00f3w","datePublished":"2018-11-21T13:47:01+00:00","dateModified":"2018-11-23T14:06:07+00:00","mainEntityOfPage":{"@id":"https:\/\/marekkuchcinski.pl\/en\/wydarzenia\/22-listopada-1918-r-orleta-wygraly-walke-o-lwow\/"},"wordCount":463,"commentCount":0,"publisher":{"@id":"https:\/\/marekkuchcinski.pl\/#organization"},"image":{"@id":"https:\/\/marekkuchcinski.pl\/en\/wydarzenia\/22-listopada-1918-r-orleta-wygraly-walke-o-lwow\/#primaryimage"},"thumbnailUrl":"https:\/\/marekkuchcinski.pl\/wp-content\/uploads\/2018\/11\/orl-lw.jpg","articleSection":["Podkarpacie","Wa\u017cne daty","Wie\u015bci z Sejmu","Wydarzenia"],"inLanguage":"ro-RO","potentialAction":[{"@type":"CommentAction","name":"Comment","target":["https:\/\/marekkuchcinski.pl\/en\/wydarzenia\/22-listopada-1918-r-orleta-wygraly-walke-o-lwow\/#respond"]}]},{"@type":"WebPage","@id":"https:\/\/marekkuchcinski.pl\/en\/wydarzenia\/22-listopada-1918-r-orleta-wygraly-walke-o-lwow\/","url":"https:\/\/marekkuchcinski.pl\/en\/wydarzenia\/22-listopada-1918-r-orleta-wygraly-walke-o-lwow\/","name":"22 listopada 1918 r. Orl\u0119ta wygra\u0142y walk\u0119 o Lw\u00f3w &#8211; Marek Kuchci\u0144ski","isPartOf":{"@id":"https:\/\/marekkuchcinski.pl\/#website"},"primaryImageOfPage":{"@id":"https:\/\/marekkuchcinski.pl\/en\/wydarzenia\/22-listopada-1918-r-orleta-wygraly-walke-o-lwow\/#primaryimage"},"image":{"@id":"https:\/\/marekkuchcinski.pl\/en\/wydarzenia\/22-listopada-1918-r-orleta-wygraly-walke-o-lwow\/#primaryimage"},"thumbnailUrl":"https:\/\/marekkuchcinski.pl\/wp-content\/uploads\/2018\/11\/orl-lw.jpg","datePublished":"2018-11-21T13:47:01+00:00","dateModified":"2018-11-23T14:06:07+00:00","breadcrumb":{"@id":"https:\/\/marekkuchcinski.pl\/en\/wydarzenia\/22-listopada-1918-r-orleta-wygraly-walke-o-lwow\/#breadcrumb"},"inLanguage":"ro-RO","potentialAction":[{"@type":"ReadAction","target":["https:\/\/marekkuchcinski.pl\/en\/wydarzenia\/22-listopada-1918-r-orleta-wygraly-walke-o-lwow\/"]}]},{"@type":"ImageObject","inLanguage":"ro-RO","@id":"https:\/\/marekkuchcinski.pl\/en\/wydarzenia\/22-listopada-1918-r-orleta-wygraly-walke-o-lwow\/#primaryimage","url":"https:\/\/marekkuchcinski.pl\/wp-content\/uploads\/2018\/11\/orl-lw.jpg","contentUrl":"https:\/\/marekkuchcinski.pl\/wp-content\/uploads\/2018\/11\/orl-lw.jpg","width":482,"height":337},{"@type":"BreadcrumbList","@id":"https:\/\/marekkuchcinski.pl\/en\/wydarzenia\/22-listopada-1918-r-orleta-wygraly-walke-o-lwow\/#breadcrumb","itemListElement":[{"@type":"ListItem","position":1,"name":"Strona g\u0142\u00f3wna","item":"https:\/\/marekkuchcinski.pl\/"},{"@type":"ListItem","position":2,"name":"22 listopada 1918 r. Orl\u0119ta wygra\u0142y walk\u0119 o Lw\u00f3w"}]},{"@type":"WebSite","@id":"https:\/\/marekkuchcinski.pl\/#website","url":"https:\/\/marekkuchcinski.pl\/","name":"Marek Kuchci\u0144ski","description":"Pose\u0142 na sejm RP &ndash; okr\u0119g nr 22","publisher":{"@id":"https:\/\/marekkuchcinski.pl\/#organization"},"potentialAction":[{"@type":"SearchAction","target":{"@type":"EntryPoint","urlTemplate":"https:\/\/marekkuchcinski.pl\/?s={search_term_string}"},"query-input":{"@type":"PropertyValueSpecification","valueRequired":true,"valueName":"search_term_string"}}],"inLanguage":"ro-RO"},{"@type":"Organization","@id":"https:\/\/marekkuchcinski.pl\/#organization","name":"Marek Kuchci\u0144ski","url":"https:\/\/marekkuchcinski.pl\/","logo":{"@type":"ImageObject","inLanguage":"ro-RO","@id":"https:\/\/marekkuchcinski.pl\/#\/schema\/logo\/image\/","url":"https:\/\/marekkuchcinski.pl\/wp-content\/uploads\/2022\/09\/Marek.jpg","contentUrl":"https:\/\/marekkuchcinski.pl\/wp-content\/uploads\/2022\/09\/Marek.jpg","width":1600,"height":971,"caption":"Marek Kuchci\u0144ski"},"image":{"@id":"https:\/\/marekkuchcinski.pl\/#\/schema\/logo\/image\/"}},{"@type":"Person","@id":"https:\/\/marekkuchcinski.pl\/#\/schema\/person\/6f62700996b4d950b6ea2d1183b6c6be","name":"admin","image":{"@type":"ImageObject","inLanguage":"ro-RO","@id":"https:\/\/marekkuchcinski.pl\/#\/schema\/person\/image\/","url":"https:\/\/secure.gravatar.com\/avatar\/4bab693b9d55c3d6b52c0296a8765085?s=96&d=mm&r=g","contentUrl":"https:\/\/secure.gravatar.com\/avatar\/4bab693b9d55c3d6b52c0296a8765085?s=96&d=mm&r=g","caption":"admin"},"url":"https:\/\/marekkuchcinski.pl\/ro\/author\/marta-olejnik\/"}]}},"_links":{"self":[{"href":"https:\/\/marekkuchcinski.pl\/ro\/wp-json\/wp\/v2\/posts\/11138","targetHints":{"allow":["GET"]}}],"collection":[{"href":"https:\/\/marekkuchcinski.pl\/ro\/wp-json\/wp\/v2\/posts"}],"about":[{"href":"https:\/\/marekkuchcinski.pl\/ro\/wp-json\/wp\/v2\/types\/post"}],"author":[{"embeddable":true,"href":"https:\/\/marekkuchcinski.pl\/ro\/wp-json\/wp\/v2\/users\/6"}],"replies":[{"embeddable":true,"href":"https:\/\/marekkuchcinski.pl\/ro\/wp-json\/wp\/v2\/comments?post=11138"}],"version-history":[{"count":4,"href":"https:\/\/marekkuchcinski.pl\/ro\/wp-json\/wp\/v2\/posts\/11138\/revisions"}],"predecessor-version":[{"id":11191,"href":"https:\/\/marekkuchcinski.pl\/ro\/wp-json\/wp\/v2\/posts\/11138\/revisions\/11191"}],"wp:featuredmedia":[{"embeddable":true,"href":"https:\/\/marekkuchcinski.pl\/ro\/wp-json\/wp\/v2\/media\/11139"}],"wp:attachment":[{"href":"https:\/\/marekkuchcinski.pl\/ro\/wp-json\/wp\/v2\/media?parent=11138"}],"wp:term":[{"taxonomy":"category","embeddable":true,"href":"https:\/\/marekkuchcinski.pl\/ro\/wp-json\/wp\/v2\/categories?post=11138"},{"taxonomy":"post_tag","embeddable":true,"href":"https:\/\/marekkuchcinski.pl\/ro\/wp-json\/wp\/v2\/tags?post=11138"}],"curies":[{"name":"wp","href":"https:\/\/api.w.org\/{rel}","templated":true}]}}