{"id":10784,"date":"2018-11-21T13:00:43","date_gmt":"2018-11-21T12:00:43","guid":{"rendered":"https:\/\/marekkuchcinski.pl\/?p=10784"},"modified":"2018-11-27T10:48:46","modified_gmt":"2018-11-27T09:48:46","slug":"spotkania-mieszkancami-podkarpacia-wybory-samorzadowe-2018","status":"publish","type":"post","link":"https:\/\/marekkuchcinski.pl\/ro\/prawo-i-sprawiedliwosc\/spotkania-mieszkancami-podkarpacia-wybory-samorzadowe-2018\/","title":{"rendered":"\u00cent\u00e2lniri cu locuitorii din Podkarpacie: 1-31 octombrie"},"content":{"rendered":"<p><strong>1 octombrie<\/strong><\/p>\n<p>La Pola\u0144czyk, pre\u0219edintele Sejm-ului a deschis conferin\u021ba \"Programul pentru Bieszczady\" al Ministerului Infrastructurii \u0219i Dezvolt\u0103rii. Marek Kuchcinski a declarat c\u0103 a deschis conferin\u021ba cu mari speran\u021be, deoarece, datorit\u0103 \"Programului pentru Bieszczady\", se construie\u0219te un brand care s\u0103 caracterizeze partea noastr\u0103 de Carpa\u021bi. \"Programul pentru Bieszczady\" este urm\u0103toarea etap\u0103 \u00een politica de dezvoltare a \u00eentregii regiuni a Carpa\u021bilor, iar ast\u0103zi, la Pola\u0144czyk, se realizeaz\u0103 anun\u021burile ministeriale anterioare.<\/p>\n<p>Ministrul Jerzy Kwieci\u0144ski a prezentat ipotezele \"Programului pentru Bieszczady\" ca r\u0103spuns al guvernului la problemele locale. Kwieci\u0144ski a subliniat c\u0103, \u00een acest fel, ministerul aflat sub autoritatea sa se \u021bine de cuv\u00e2nt, finaliz\u00e2nd ceea ce fusese promis \u00een februarie, \u00een timpul celei de-a 20-a conferin\u021be a Europei Carpatice de la Przemy\u015bl.<\/p>\n<p>Ca urmare a consult\u0103rilor din cadrul Strategiei pentru dezvoltare responsabil\u0103 \u0219i la inspira\u021bia pre\u0219edintelui PiS Jaros\u0142aw Kaczy\u0144ski, a fost creat un \"Program special pentru Bieszczady\". Acest program are 4 priorit\u0103\u021bi:<\/p>\n<ol>\n<li>Bieszczady aproape (accesibilitatea regiunii)<\/li>\n<li>Bieszczady pentru popula\u021bia local\u0103 (\u00eembun\u0103t\u0103\u021birea calit\u0103\u021bii vie\u021bii)<\/li>\n<li>Verde Bieszczady<\/li>\n<li>Bieszczady antreprenorial.<\/li>\n<\/ol>\n<p>Programul se bazeaz\u0103 pe cooperarea dintre administra\u021bia local\u0103 \u0219i guvern. De asemenea, ministrul a subliniat c\u0103 rezultate similare pot fi ob\u021binute doar acolo unde o astfel de cooperare este garantat\u0103.<br \/>\nAstfel, \u00een cadrul \"Programului pentru Bieszczady\", MIiR va coopera cu guvernul regional, administra\u021biile locale, ONG-urile, institu\u021biile \u0219i antreprenorii. Datorit\u0103 acestui program, zona Bieszczady \u0219i activit\u0103\u021bile \u00eentreprinse \u00een cadrul programului anun\u021bat \u00een Pola\u0144czyk vor avea prioritate.<\/p>\n<p>At\u00e2t ministrul Jerzy Kwieci\u0144ski, c\u00e2t \u0219i mare\u0219alul Marek Kuchci\u0144ski doresc s\u0103 extind\u0103 activit\u0103\u021bile legate de acest program la zonele de frontier\u0103 din Slovacia \u0219i Ucraina. Nu vrem ca Bieszczady s\u0103 fie divizat\u0103 de grani\u021be. Datorit\u0103 Programului pentru Mun\u021bii Bieszczady, aceast\u0103 zon\u0103 va putea fi descris\u0103 nu doar ca fiind frumoas\u0103, ci \u0219i ca fiind \u00een plin\u0103 dezvoltare.<br \/>\n<a href=\"https:\/\/marekkuchcinski.pl\/wp-content\/uploads\/2018\/11\/42917032_2537896696490411_8333435502950612992_n.jpg\"><img fetchpriority=\"high\" decoding=\"async\" class=\"alignnone size-full wp-image-10969\" src=\"https:\/\/marekkuchcinski.pl\/wp-content\/uploads\/2018\/11\/42917032_2537896696490411_8333435502950612992_n.jpg\" alt=\"42917032_2537896696490411_8333435502950612992_n\" width=\"2048\" height=\"1536\" srcset=\"https:\/\/marekkuchcinski.pl\/wp-content\/uploads\/2018\/11\/42917032_2537896696490411_8333435502950612992_n.jpg 2048w, https:\/\/marekkuchcinski.pl\/wp-content\/uploads\/2018\/11\/42917032_2537896696490411_8333435502950612992_n-300x225.jpg 300w, https:\/\/marekkuchcinski.pl\/wp-content\/uploads\/2018\/11\/42917032_2537896696490411_8333435502950612992_n-768x576.jpg 768w, https:\/\/marekkuchcinski.pl\/wp-content\/uploads\/2018\/11\/42917032_2537896696490411_8333435502950612992_n-1024x768.jpg 1024w\" sizes=\"(max-width: 2048px) 100vw, 2048px\" \/><\/a> <a href=\"https:\/\/marekkuchcinski.pl\/wp-content\/uploads\/2018\/11\/42861047_586175085131161_7534889671172554752_n.jpg\"><img decoding=\"async\" class=\"alignnone size-full wp-image-10971\" src=\"https:\/\/marekkuchcinski.pl\/wp-content\/uploads\/2018\/11\/42861047_586175085131161_7534889671172554752_n.jpg\" alt=\"42861047_586175085131161_7534889671172554752_n\" width=\"2048\" height=\"1536\" srcset=\"https:\/\/marekkuchcinski.pl\/wp-content\/uploads\/2018\/11\/42861047_586175085131161_7534889671172554752_n.jpg 2048w, https:\/\/marekkuchcinski.pl\/wp-content\/uploads\/2018\/11\/42861047_586175085131161_7534889671172554752_n-300x225.jpg 300w, https:\/\/marekkuchcinski.pl\/wp-content\/uploads\/2018\/11\/42861047_586175085131161_7534889671172554752_n-768x576.jpg 768w, https:\/\/marekkuchcinski.pl\/wp-content\/uploads\/2018\/11\/42861047_586175085131161_7534889671172554752_n-1024x768.jpg 1024w\" sizes=\"(max-width: 2048px) 100vw, 2048px\" \/><\/a><\/p>\n<p><strong>6 octombrie<\/strong><\/p>\n<p><strong>Khlopice: \u00eent\u00e2lnire cu locuitorii<\/strong><br \/>\n<a href=\"https:\/\/marekkuchcinski.pl\/wp-content\/uploads\/2018\/11\/Ch\u0142opice-1-1.jpg\"><img decoding=\"async\" class=\"alignnone size-full wp-image-10785\" src=\"https:\/\/marekkuchcinski.pl\/wp-content\/uploads\/2018\/11\/Ch\u0142opice-1-1.jpg\" alt=\"Ch\u0142opice 1 (1)\" width=\"1728\" height=\"1296\" srcset=\"https:\/\/marekkuchcinski.pl\/wp-content\/uploads\/2018\/11\/Ch\u0142opice-1-1.jpg 1728w, https:\/\/marekkuchcinski.pl\/wp-content\/uploads\/2018\/11\/Ch\u0142opice-1-1-300x225.jpg 300w, https:\/\/marekkuchcinski.pl\/wp-content\/uploads\/2018\/11\/Ch\u0142opice-1-1-768x576.jpg 768w, https:\/\/marekkuchcinski.pl\/wp-content\/uploads\/2018\/11\/Ch\u0142opice-1-1-1024x768.jpg 1024w\" sizes=\"(max-width: 1728px) 100vw, 1728px\" \/><\/a> <a href=\"https:\/\/marekkuchcinski.pl\/wp-content\/uploads\/2018\/11\/Ch\u0142opice-1-2.jpg\"><img loading=\"lazy\" decoding=\"async\" class=\"alignnone size-full wp-image-10786\" src=\"https:\/\/marekkuchcinski.pl\/wp-content\/uploads\/2018\/11\/Ch\u0142opice-1-2.jpg\" alt=\"Ch\u0142opice 1 (2)\" width=\"1728\" height=\"1296\" srcset=\"https:\/\/marekkuchcinski.pl\/wp-content\/uploads\/2018\/11\/Ch\u0142opice-1-2.jpg 1728w, https:\/\/marekkuchcinski.pl\/wp-content\/uploads\/2018\/11\/Ch\u0142opice-1-2-300x225.jpg 300w, https:\/\/marekkuchcinski.pl\/wp-content\/uploads\/2018\/11\/Ch\u0142opice-1-2-768x576.jpg 768w, https:\/\/marekkuchcinski.pl\/wp-content\/uploads\/2018\/11\/Ch\u0142opice-1-2-1024x768.jpg 1024w\" sizes=\"(max-width: 1728px) 100vw, 1728px\" \/><\/a><br \/>\n\u00cenainte de \u00eent\u00e2lnirea cu locuitorii, pre\u0219edintele Sejm-ului polonez a depus flori la bustul regretatului pre\u0219edinte Lech Kaczy\u0144ski la \u0218coala primar\u0103 Lech Kaczy\u0144ski din Ch\u0142opice.<br \/>\nMarek Kuchci\u0144ski a reamintit cuvintele lui Lech Kaczy\u0144ski potrivit c\u0103rora solidaritatea statului este capacitatea acestuia de a-\u0219i \u00eemp\u0103r\u021bi puterea cu cei care au nevoie de ea. \u0218i la nivelul voievodatului nostru, ob\u021binem rezultate prin solidaritate la toate nivelurile de guvernare, pe care le reprezent\u0103m ast\u0103zi aici.<\/p>\n<p><strong>Jaros\u0142aw: Conven\u021bia districtual\u0103 a Partidului Lege \u0219i Justi\u021bie<\/strong><\/p>\n<p><a href=\"https:\/\/marekkuchcinski.pl\/wp-content\/uploads\/2018\/11\/Jaros\u0142aw-5.jpg\"><img loading=\"lazy\" decoding=\"async\" class=\"alignnone size-full wp-image-10788\" src=\"https:\/\/marekkuchcinski.pl\/wp-content\/uploads\/2018\/11\/Jaros\u0142aw-5.jpg\" alt=\"Jaros\u0142aw 5\" width=\"960\" height=\"720\" srcset=\"https:\/\/marekkuchcinski.pl\/wp-content\/uploads\/2018\/11\/Jaros\u0142aw-5.jpg 960w, https:\/\/marekkuchcinski.pl\/wp-content\/uploads\/2018\/11\/Jaros\u0142aw-5-300x225.jpg 300w, https:\/\/marekkuchcinski.pl\/wp-content\/uploads\/2018\/11\/Jaros\u0142aw-5-768x576.jpg 768w\" sizes=\"(max-width: 960px) 100vw, 960px\" \/><br \/>\n<\/a>Pre\u0219edintele Parlamentului a subliniat c\u0103 \u00een ultimii trei ani au avut loc schimb\u0103ri foarte serioase \u00een politica interna\u021bional\u0103 a \u021b\u0103rii pentru a ap\u0103ra suveranitatea polonez\u0103 \u00een raport cu UE. Politica intern\u0103 are, de asemenea, un efect uria\u0219. - \u00cen Sejm lucr\u0103m la mai multe proiecte importante: Fondul pentru drumuri al administra\u021biei locale, programul de termo-modernizare a locuin\u021belor, bugetul civic pentru ora\u0219ele cu drept de poprire, fondul special de solidaritate\", a spus Kuchci\u0144ski.<\/p>\n<p><strong>Krosno: Conven\u021bia electoral\u0103 a Partidului Lege \u0219i Justi\u021bie cu participarea pre\u0219edintelui Jaroslaw Kaczynski\u00a0<\/strong><\/p>\n<p><a href=\"https:\/\/marekkuchcinski.pl\/wp-content\/uploads\/2018\/11\/Krosno-2.jpg\"><img loading=\"lazy\" decoding=\"async\" class=\"alignnone size-full wp-image-10790\" src=\"https:\/\/marekkuchcinski.pl\/wp-content\/uploads\/2018\/11\/Krosno-2.jpg\" alt=\"Krosno 2\" width=\"720\" height=\"960\" srcset=\"https:\/\/marekkuchcinski.pl\/wp-content\/uploads\/2018\/11\/Krosno-2.jpg 720w, https:\/\/marekkuchcinski.pl\/wp-content\/uploads\/2018\/11\/Krosno-2-225x300.jpg 225w\" sizes=\"(max-width: 720px) 100vw, 720px\" \/><\/a> <a href=\"https:\/\/marekkuchcinski.pl\/wp-content\/uploads\/2018\/11\/Krosno-3.jpg\"><img loading=\"lazy\" decoding=\"async\" class=\"alignnone size-full wp-image-10791\" src=\"https:\/\/marekkuchcinski.pl\/wp-content\/uploads\/2018\/11\/Krosno-3.jpg\" alt=\"Krosno 3\" width=\"640\" height=\"864\" srcset=\"https:\/\/marekkuchcinski.pl\/wp-content\/uploads\/2018\/11\/Krosno-3.jpg 640w, https:\/\/marekkuchcinski.pl\/wp-content\/uploads\/2018\/11\/Krosno-3-222x300.jpg 222w\" sizes=\"(max-width: 640px) 100vw, 640px\" \/><\/a><br \/>\nPre\u0219edintele Legislativului \u0219i al Justi\u021biei a subliniat c\u0103 pentru a fi un bun politician, trebuie s\u0103 fii capabil s\u0103 te ghidezi dup\u0103 patriotism. Podkarpacie \u00een\u021belege perfect aceste cuvinte.<\/p>\n<p><strong>7 octombrie<\/strong><\/p>\n<p><strong>Jasionka, l\u00e2ng\u0103 Rzesz\u00f3w: Conven\u021bia regional\u0103 \"Lege \u0219i Justi\u021bie\" (la care au participat primul-ministru Mateusz Morawiecki \u0219i pre\u0219edintele \"Lege \u0219i Justi\u021bie\" Jaros\u0142aw Kaczy\u0144ski)<\/strong><\/p>\n<p><a href=\"https:\/\/marekkuchcinski.pl\/wp-content\/uploads\/2018\/11\/Jasionka-1.jpg\"><img loading=\"lazy\" decoding=\"async\" class=\"alignnone size-full wp-image-10798\" src=\"https:\/\/marekkuchcinski.pl\/wp-content\/uploads\/2018\/11\/Jasionka-1.jpg\" alt=\"Jasionka 1\" width=\"960\" height=\"720\" srcset=\"https:\/\/marekkuchcinski.pl\/wp-content\/uploads\/2018\/11\/Jasionka-1.jpg 960w, https:\/\/marekkuchcinski.pl\/wp-content\/uploads\/2018\/11\/Jasionka-1-300x225.jpg 300w, https:\/\/marekkuchcinski.pl\/wp-content\/uploads\/2018\/11\/Jasionka-1-768x576.jpg 768w\" sizes=\"(max-width: 960px) 100vw, 960px\" \/><\/a> <a href=\"https:\/\/marekkuchcinski.pl\/wp-content\/uploads\/2018\/11\/Jasionka-4.jpg\"><img loading=\"lazy\" decoding=\"async\" class=\"alignnone size-full wp-image-10801\" src=\"https:\/\/marekkuchcinski.pl\/wp-content\/uploads\/2018\/11\/Jasionka-4.jpg\" alt=\"Jasionka 4\" width=\"960\" height=\"720\" srcset=\"https:\/\/marekkuchcinski.pl\/wp-content\/uploads\/2018\/11\/Jasionka-4.jpg 960w, https:\/\/marekkuchcinski.pl\/wp-content\/uploads\/2018\/11\/Jasionka-4-300x225.jpg 300w, https:\/\/marekkuchcinski.pl\/wp-content\/uploads\/2018\/11\/Jasionka-4-768x576.jpg 768w\" sizes=\"(max-width: 960px) 100vw, 960px\" \/><\/a> <a href=\"https:\/\/marekkuchcinski.pl\/wp-content\/uploads\/2018\/11\/Jasionka-5.jpg\"><img loading=\"lazy\" decoding=\"async\" class=\"alignnone size-full wp-image-10802\" src=\"https:\/\/marekkuchcinski.pl\/wp-content\/uploads\/2018\/11\/Jasionka-5.jpg\" alt=\"Jasionka 5\" width=\"960\" height=\"720\" srcset=\"https:\/\/marekkuchcinski.pl\/wp-content\/uploads\/2018\/11\/Jasionka-5.jpg 960w, https:\/\/marekkuchcinski.pl\/wp-content\/uploads\/2018\/11\/Jasionka-5-300x225.jpg 300w, https:\/\/marekkuchcinski.pl\/wp-content\/uploads\/2018\/11\/Jasionka-5-768x576.jpg 768w\" sizes=\"(max-width: 960px) 100vw, 960px\" \/><\/a> <a href=\"https:\/\/marekkuchcinski.pl\/wp-content\/uploads\/2018\/11\/Jasionka-6.jpg\"><img loading=\"lazy\" decoding=\"async\" class=\"alignnone size-full wp-image-10803\" src=\"https:\/\/marekkuchcinski.pl\/wp-content\/uploads\/2018\/11\/Jasionka-6.jpg\" alt=\"Jasionka 6\" width=\"960\" height=\"720\" srcset=\"https:\/\/marekkuchcinski.pl\/wp-content\/uploads\/2018\/11\/Jasionka-6.jpg 960w, https:\/\/marekkuchcinski.pl\/wp-content\/uploads\/2018\/11\/Jasionka-6-300x225.jpg 300w, https:\/\/marekkuchcinski.pl\/wp-content\/uploads\/2018\/11\/Jasionka-6-768x576.jpg 768w\" sizes=\"(max-width: 960px) 100vw, 960px\" \/><\/a> <a href=\"https:\/\/marekkuchcinski.pl\/wp-content\/uploads\/2018\/11\/Jasionka-7.jpg\"><img loading=\"lazy\" decoding=\"async\" class=\"alignnone size-full wp-image-10804\" src=\"https:\/\/marekkuchcinski.pl\/wp-content\/uploads\/2018\/11\/Jasionka-7.jpg\" alt=\"Jasionka 7\" width=\"960\" height=\"720\" srcset=\"https:\/\/marekkuchcinski.pl\/wp-content\/uploads\/2018\/11\/Jasionka-7.jpg 960w, https:\/\/marekkuchcinski.pl\/wp-content\/uploads\/2018\/11\/Jasionka-7-300x225.jpg 300w, https:\/\/marekkuchcinski.pl\/wp-content\/uploads\/2018\/11\/Jasionka-7-768x576.jpg 768w\" sizes=\"(max-width: 960px) 100vw, 960px\" \/><\/a><\/p>\n<p>Jaroslaw Kaczynski: Ne afl\u0103m \u00een \u021bara \u00een care PiS are cea mai mare sus\u021binere. Aici este nevoie de mari ambi\u021bii. La urma urmei, regiunea Podkarpacie are tradi\u021bii industriale la care se poate face apel. Aici exist\u0103 resurse culturale \u0219i intelectuale. Exist\u0103 respect pentru valorile tradi\u021bionale. Ad\u0103uga\u021bi la aceasta infrastructura, ideile \u0219i merge\u021bi mai departe. Acest teren poate fi un motor pentru \u00eentreaga noastr\u0103 \u021bar\u0103.<\/p>\n<p>Prim-ministrul Mateusz Morawiecki: Datorit\u0103 unei combina\u021bii de patriotism \u0219i voin\u021ba de a repara finan\u021bele publice \u0219i institu\u021biile de stat, se construiesc centre precum acest centru expozi\u021bional \u00een care ne afl\u0103m, drumuri precum Via Carpatia, care ar trebui s\u0103 se numeasc\u0103 drumul Lech Kaczy\u0144ski.<br \/>\nO industrie modern\u0103 \u0219i inovatoare \u00een Podkarpacie va fi cartea noastr\u0103 de vizit\u0103 pentru anii urm\u0103tori. \u00cen cinci ani, extrac\u021bia de gaze \u00een Podkarpacie va cre\u0219te cu 28%, iar resursele de extrac\u021bie cu 64%, iar veniturile din extrac\u021bia de gaze vor cre\u0219te \u00een 127 de municipalit\u0103\u021bi din Podkarpacie.<\/p>\n<p><strong>11 octombrie <\/strong><\/p>\n<p><strong>Pre\u0219edintele Sejm-ului a participat la Forumul interna\u021bional de cooperare carpatic\u0103 de la Rzesz\u00f3w \u0219i a vizitat districtul Jaros\u0142aw (\u0141azy, Radymno, Sko\u0142osz\u00f3w).<\/strong><br \/>\nEl a subliniat c\u0103 este \u00eencrez\u0103tor c\u0103 candida\u021bii recomanda\u021bi de Partidul Lege \u0219i Justi\u021bie vor avea grij\u0103 de regiunea Podkarpackie. El i-a \u00eencurajat pe oameni s\u0103 voteze pentru ei \"pentru a putea continua, \u00eempreun\u0103, s\u0103 ne schimb\u0103m \u021bara. - Vrem s\u0103 v\u0103 servim, vrem s\u0103 servim Polonia cu g\u00e2ndul la genera\u021biile viitoare. Ne-am respectat promisiunile. Sloganul campaniei electorale este justificat. Mergem la alegeri cu capul sus\", a declarat pre\u0219edintele Parlamentului.<\/p>\n<p><a href=\"https:\/\/marekkuchcinski.pl\/wp-content\/uploads\/2018\/11\/11.10-pow.-jaros\u0142awski-1.jpg\"><img loading=\"lazy\" decoding=\"async\" class=\"alignnone size-full wp-image-10810\" src=\"https:\/\/marekkuchcinski.pl\/wp-content\/uploads\/2018\/11\/11.10-pow.-jaros\u0142awski-1.jpg\" alt=\"11.10 pow. jaros\u0142awski 1\" width=\"3701\" height=\"2471\" srcset=\"https:\/\/marekkuchcinski.pl\/wp-content\/uploads\/2018\/11\/11.10-pow.-jaros\u0142awski-1.jpg 2048w, https:\/\/marekkuchcinski.pl\/wp-content\/uploads\/2018\/11\/11.10-pow.-jaros\u0142awski-1-300x200.jpg 300w, https:\/\/marekkuchcinski.pl\/wp-content\/uploads\/2018\/11\/11.10-pow.-jaros\u0142awski-1-768x513.jpg 768w, https:\/\/marekkuchcinski.pl\/wp-content\/uploads\/2018\/11\/11.10-pow.-jaros\u0142awski-1-1024x684.jpg 1024w\" sizes=\"(max-width: 3701px) 100vw, 3701px\" \/><\/a> <a href=\"https:\/\/marekkuchcinski.pl\/wp-content\/uploads\/2018\/11\/11.10-pow.-jaros\u0142awski-2.jpg\"><img loading=\"lazy\" decoding=\"async\" class=\"alignnone size-full wp-image-10811\" src=\"https:\/\/marekkuchcinski.pl\/wp-content\/uploads\/2018\/11\/11.10-pow.-jaros\u0142awski-2.jpg\" alt=\"11.10 pow. jaros\u0142awski 2\" width=\"2100\" height=\"1313\" srcset=\"https:\/\/marekkuchcinski.pl\/wp-content\/uploads\/2018\/11\/11.10-pow.-jaros\u0142awski-2.jpg 2100w, https:\/\/marekkuchcinski.pl\/wp-content\/uploads\/2018\/11\/11.10-pow.-jaros\u0142awski-2-300x188.jpg 300w, https:\/\/marekkuchcinski.pl\/wp-content\/uploads\/2018\/11\/11.10-pow.-jaros\u0142awski-2-768x480.jpg 768w, https:\/\/marekkuchcinski.pl\/wp-content\/uploads\/2018\/11\/11.10-pow.-jaros\u0142awski-2-1024x640.jpg 1024w\" sizes=\"(max-width: 2100px) 100vw, 2100px\" \/><\/a> <a href=\"https:\/\/marekkuchcinski.pl\/wp-content\/uploads\/2018\/11\/11.10-pow.-jaros\u0142awski-3.jpg\"><img loading=\"lazy\" decoding=\"async\" class=\"alignnone size-full wp-image-10812\" src=\"https:\/\/marekkuchcinski.pl\/wp-content\/uploads\/2018\/11\/11.10-pow.-jaros\u0142awski-3.jpg\" alt=\"11.10 pow. jaros\u0142awski 3\" width=\"4000\" height=\"3000\" srcset=\"https:\/\/marekkuchcinski.pl\/wp-content\/uploads\/2018\/11\/11.10-pow.-jaros\u0142awski-3.jpg 2048w, https:\/\/marekkuchcinski.pl\/wp-content\/uploads\/2018\/11\/11.10-pow.-jaros\u0142awski-3-300x225.jpg 300w, https:\/\/marekkuchcinski.pl\/wp-content\/uploads\/2018\/11\/11.10-pow.-jaros\u0142awski-3-768x576.jpg 768w, https:\/\/marekkuchcinski.pl\/wp-content\/uploads\/2018\/11\/11.10-pow.-jaros\u0142awski-3-1024x768.jpg 1024w\" sizes=\"(max-width: 4000px) 100vw, 4000px\" \/><\/a> <a href=\"https:\/\/marekkuchcinski.pl\/wp-content\/uploads\/2018\/11\/11.10-pow.-jaros\u0142awski-4.jpg\"><img loading=\"lazy\" decoding=\"async\" class=\"alignnone size-full wp-image-10813\" src=\"https:\/\/marekkuchcinski.pl\/wp-content\/uploads\/2018\/11\/11.10-pow.-jaros\u0142awski-4.jpg\" alt=\"11.10 pow. jaros\u0142awski 4\" width=\"4000\" height=\"3000\" srcset=\"https:\/\/marekkuchcinski.pl\/wp-content\/uploads\/2018\/11\/11.10-pow.-jaros\u0142awski-4.jpg 2048w, https:\/\/marekkuchcinski.pl\/wp-content\/uploads\/2018\/11\/11.10-pow.-jaros\u0142awski-4-300x225.jpg 300w, https:\/\/marekkuchcinski.pl\/wp-content\/uploads\/2018\/11\/11.10-pow.-jaros\u0142awski-4-768x576.jpg 768w, https:\/\/marekkuchcinski.pl\/wp-content\/uploads\/2018\/11\/11.10-pow.-jaros\u0142awski-4-1024x768.jpg 1024w\" sizes=\"(max-width: 4000px) 100vw, 4000px\" \/><\/a> <a href=\"https:\/\/marekkuchcinski.pl\/wp-content\/uploads\/2018\/11\/11.10-pow.-jaros\u0142awski-5.jpg\"><img loading=\"lazy\" decoding=\"async\" class=\"alignnone size-full wp-image-10814\" src=\"https:\/\/marekkuchcinski.pl\/wp-content\/uploads\/2018\/11\/11.10-pow.-jaros\u0142awski-5.jpg\" alt=\"11.10 pow. jaros\u0142awski 5\" width=\"1335\" height=\"803\" srcset=\"https:\/\/marekkuchcinski.pl\/wp-content\/uploads\/2018\/11\/11.10-pow.-jaros\u0142awski-5.jpg 1335w, https:\/\/marekkuchcinski.pl\/wp-content\/uploads\/2018\/11\/11.10-pow.-jaros\u0142awski-5-300x180.jpg 300w, https:\/\/marekkuchcinski.pl\/wp-content\/uploads\/2018\/11\/11.10-pow.-jaros\u0142awski-5-768x462.jpg 768w, https:\/\/marekkuchcinski.pl\/wp-content\/uploads\/2018\/11\/11.10-pow.-jaros\u0142awski-5-1024x616.jpg 1024w\" sizes=\"(max-width: 1335px) 100vw, 1335px\" \/><\/a> <a href=\"https:\/\/marekkuchcinski.pl\/wp-content\/uploads\/2018\/11\/11.10-pow.-jaros\u0142awski-6.jpg\"><img loading=\"lazy\" decoding=\"async\" class=\"alignnone size-full wp-image-10815\" src=\"https:\/\/marekkuchcinski.pl\/wp-content\/uploads\/2018\/11\/11.10-pow.-jaros\u0142awski-6.jpg\" alt=\"11.10 pow. jaros\u0142awski 6\" width=\"3724\" height=\"2307\" srcset=\"https:\/\/marekkuchcinski.pl\/wp-content\/uploads\/2018\/11\/11.10-pow.-jaros\u0142awski-6.jpg 2048w, https:\/\/marekkuchcinski.pl\/wp-content\/uploads\/2018\/11\/11.10-pow.-jaros\u0142awski-6-300x186.jpg 300w, https:\/\/marekkuchcinski.pl\/wp-content\/uploads\/2018\/11\/11.10-pow.-jaros\u0142awski-6-768x476.jpg 768w, https:\/\/marekkuchcinski.pl\/wp-content\/uploads\/2018\/11\/11.10-pow.-jaros\u0142awski-6-1024x634.jpg 1024w\" sizes=\"(max-width: 3724px) 100vw, 3724px\" \/><\/a> <a href=\"https:\/\/marekkuchcinski.pl\/wp-content\/uploads\/2018\/11\/11.10-pow.-jaros\u0142awski-7.jpg\"><img loading=\"lazy\" decoding=\"async\" class=\"alignnone size-full wp-image-10816\" src=\"https:\/\/marekkuchcinski.pl\/wp-content\/uploads\/2018\/11\/11.10-pow.-jaros\u0142awski-7.jpg\" alt=\"11.10 pow. jaros\u0142awski 7\" width=\"1876\" height=\"1466\" srcset=\"https:\/\/marekkuchcinski.pl\/wp-content\/uploads\/2018\/11\/11.10-pow.-jaros\u0142awski-7.jpg 1876w, https:\/\/marekkuchcinski.pl\/wp-content\/uploads\/2018\/11\/11.10-pow.-jaros\u0142awski-7-300x234.jpg 300w, https:\/\/marekkuchcinski.pl\/wp-content\/uploads\/2018\/11\/11.10-pow.-jaros\u0142awski-7-768x600.jpg 768w, https:\/\/marekkuchcinski.pl\/wp-content\/uploads\/2018\/11\/11.10-pow.-jaros\u0142awski-7-1024x800.jpg 1024w\" sizes=\"(max-width: 1876px) 100vw, 1876px\" \/><\/a><\/p>\n<p dir=\"ltr\"><strong>\u00a011 octombrie<\/strong><\/p>\n<p dir=\"ltr\"><strong>Forumul Interna\u021bional de Cooperare Carpatic\u0103<\/strong><\/p>\n<p dir=\"ltr\">Din perspectiva parlamentar\u0103, a autorit\u0103\u021bilor fiec\u0103rui stat membru al Euroregiunii Carpatice, sarcina noastr\u0103 principal\u0103 este de a asigura securitatea cet\u0103\u021benilor. Aceast\u0103 no\u021biune de securitate se poate referi la toate domeniile de activitate: de la sfera de protec\u021bie a culturii, naturii \u0219i mediului p\u00e2n\u0103 la economia dur\u0103 \u0219i politic\u0103 sau securitatea \u00een\u021beleas\u0103 \u00een sens propriu\", a declarat Marek Kuchci\u0144ski, pre\u0219edintele Sejm-ului, \u00een deschiderea Forumului Interna\u021bional de Cooperare Carpatic\u0103 de joi. <strong>\u00een Rzesz\u00f3w<\/strong>.<\/p>\n<p dir=\"ltr\">Evenimentul, combinat cu cea de-a 25-a aniversare a Euroregiunii Carpa\u021bi, s-a desf\u0103\u0219urat sub motto-ul \"Carpa\u021bii - un spa\u021biu social \u0219i economic comun \u00een pragul noilor provoc\u0103ri\". - Din perspectiva ultimilor 25 de ani de existen\u021b\u0103 a Euroregiunii Carpatice, putem vedea c\u00e2t de important\u0103 este cooperarea dintre comunit\u0103\u021bi \u0219i autorit\u0103\u021bile publice din fiecare segment: local, local \u0219i guvernamental \u00een partea noastr\u0103 de Europ\u0103 - a declarat Marek Kuchci\u0144ski. - \u00cen acest fel, dorim s\u0103 tragem concluziile corecte din trecutul nostru, care a fost uneori minunat, eroic, dar \u0219i dramatic pentru mul\u021bi str\u0103mo\u0219i. Cooperarea \u0219i propunerile care rezult\u0103 din activit\u0103\u021bile Euroregiunii Carpa\u021bi sunt propuneri de viitor, inclusiv pentru c\u0103 este o propunere de cooperare a diferitelor medii \u0219i a diferitelor autorit\u0103\u021bi. Nu este vorba doar de cooperarea \u00eentre autorit\u0103\u021bile voievodale, \u00eentre voievod \u0219i voievodat sau \u00eentre poviat \u0219i poviat. Este o varietate de propuneri care implic\u0103 organiza\u021bii neguvernamentale, institu\u021bii, \u00eentreprinderi \u00een cooperare, precum \u0219i utilizarea autorit\u0103\u021bilor guvernamentale. Aceast\u0103 form\u0103 de activitate este important\u0103 pentru consolidarea cooper\u0103rii \u00eentre \u021b\u0103rile din Europa Central\u0103, de\u0219i geografic vorbim doar de o regiune, Carpa\u021bii, dar \u00een aceia\u0219i termeni trebuie s\u0103 vorbim despre \u00eentreaga Europ\u0103 Central\u0103. Dac\u0103 vorbim despre viitorul \u0219i dezvoltarea unor ini\u021biative precum Inter-Mediteranean\u0103 sau Tri-Mediteranean\u0103, este clar c\u0103 Euroregiunea Carpatic\u0103 a preg\u0103tit, de-a lungul \u00eentregii genera\u021bii, un cadru pentru dezvoltarea unei astfel de cooper\u0103ri - a apreciat pre\u0219edintele Sejm.<\/p>\n<p dir=\"ltr\">\u00cen cadrul Forumului au fost dezb\u0103tute mai multe subiecte principale, printre care \"Carpa\u021bii - \u00eentre banalul vie\u021bii \u0219i visul puterii... \u00ce\u0219i poate permite periferia Europei un salt de civiliza\u021bie?\", \"Rezistent\u0103 la inspira\u021bie? Poate experien\u021ba european\u0103 s\u0103 contribuie la crearea unei destina\u021bii de importan\u021b\u0103 global\u0103 \u00een Carpa\u021bi?\", \"Ziduri verzi. Cum s\u0103 optimiz\u0103m cooperarea \u00eentre ariile protejate \u0219i mediul socio-economic pentru dezvoltare\", \"Unde este \u00een\u021belepciunea? Am pierdut-o \u00een cunoa\u0219tere. Unde este cunoa\u0219terea? Am pierdut-o \u00een informa\u021bie... Cum s\u0103 folosim informa\u021bia \u00een gestionarea proceselor de dezvoltare teritorial\u0103?\".<\/p>\n<p dir=\"ltr\">De asemenea, au avut loc discu\u021bii despre noile tendin\u021be \u0219i evolu\u021bii, precum \u0219i despre branding sau promovarea online a Mun\u021bilor Carpa\u021bi \u00een cadrul panelurilor \"Cum s\u0103 vinzi eficient \u0219i profitabil un brand de loc?\" \u0219i Social media \u0219i blogosfera: \"O bun\u0103 comunicare stimuleaz\u0103 ca o cafea neagr\u0103. \u0218i la fel de greu s\u0103 adormi dup\u0103 aceea. Cum s\u0103 construie\u0219ti eficient interesul \u00een blogosfer\u0103? Este posibil\u0103 o integrare tematic\u0103 \u0219i teritorial\u0103 \u00een jurul Carpa\u021bilor?\".<\/p>\n<p dir=\"ltr\"><strong>12 octombrie<\/strong><\/p>\n<p><strong>Pre\u0219edintele Sejm-ului a luat parte la dezvelirea \u0219i sfin\u021birea unei statui a Sfintei Ecaterina din Alexandria la Jaslo.<\/strong><\/p>\n<p>- Sf\u00e2nta Ecaterina este sf\u00e2nta patroan\u0103 a oamenilor extraordinari. Dezvelim un monument pe locul care urma s\u0103 fie dezafectat la \u00eenceputul anului 2015. M\u0103 bucur c\u0103, mul\u021bumit\u0103 vou\u0103, a fost salvat\u0103 \u0219i reconstruit\u0103. Fie ca patroana s\u0103 vegheze asupra tuturor angaja\u021bilor\", a spus Marek Kuchci\u0144ski.<\/p>\n<p><strong>De asemenea, mare\u0219alul a participat la deschiderea oficial\u0103 \u0219i sfin\u021birea stadionului de atletism din cadrul Complexului \u0218colar Prof. Teodor Marchlewski.<\/strong><\/p>\n<p>- Stadionul de atletism din <strong>Trzcinica<\/strong> este un bun exemplu de cooperare \u00eentre guvern \u0219i administra\u021bia local\u0103. Facilitatea a fost construit\u0103, printre altele, datorit\u0103 finan\u021b\u0103rii din partea Ministerului Sportului \u0219i Turismului. Autorit\u0103\u021bile poloneze sprijin\u0103 dezvoltarea nu doar a ora\u0219elor mari, ci \u0219i a celor mici. Ac\u021bion\u0103m \u00een a\u0219a fel \u00eenc\u00e2t, printre altele, s\u0103 putem contribui la reconstruc\u021bia statului polonez prin astfel de investi\u021bii. Le doresc multe succese \u0219i victorii tuturor celor care vor folosi acest stadion.<\/p>\n<p><a href=\"https:\/\/marekkuchcinski.pl\/wp-content\/uploads\/2018\/11\/12.10-Trzcinica-1.jpg\"><img loading=\"lazy\" decoding=\"async\" class=\"alignnone size-full wp-image-10827\" src=\"https:\/\/marekkuchcinski.pl\/wp-content\/uploads\/2018\/11\/12.10-Trzcinica-1.jpg\" alt=\"12.10 Trzcinica 1\" width=\"2000\" height=\"1500\" srcset=\"https:\/\/marekkuchcinski.pl\/wp-content\/uploads\/2018\/11\/12.10-Trzcinica-1.jpg 2000w, https:\/\/marekkuchcinski.pl\/wp-content\/uploads\/2018\/11\/12.10-Trzcinica-1-300x225.jpg 300w, https:\/\/marekkuchcinski.pl\/wp-content\/uploads\/2018\/11\/12.10-Trzcinica-1-768x576.jpg 768w, https:\/\/marekkuchcinski.pl\/wp-content\/uploads\/2018\/11\/12.10-Trzcinica-1-1024x768.jpg 1024w\" sizes=\"(max-width: 2000px) 100vw, 2000px\" \/><\/a> <a href=\"https:\/\/marekkuchcinski.pl\/wp-content\/uploads\/2018\/11\/12.10-Trzcinica-4.jpg\"><img loading=\"lazy\" decoding=\"async\" class=\"alignnone size-full wp-image-10828\" src=\"https:\/\/marekkuchcinski.pl\/wp-content\/uploads\/2018\/11\/12.10-Trzcinica-4.jpg\" alt=\"12.10 Trzcinica 4\" width=\"2000\" height=\"1500\" srcset=\"https:\/\/marekkuchcinski.pl\/wp-content\/uploads\/2018\/11\/12.10-Trzcinica-4.jpg 2000w, https:\/\/marekkuchcinski.pl\/wp-content\/uploads\/2018\/11\/12.10-Trzcinica-4-300x225.jpg 300w, https:\/\/marekkuchcinski.pl\/wp-content\/uploads\/2018\/11\/12.10-Trzcinica-4-768x576.jpg 768w, https:\/\/marekkuchcinski.pl\/wp-content\/uploads\/2018\/11\/12.10-Trzcinica-4-1024x768.jpg 1024w\" sizes=\"(max-width: 2000px) 100vw, 2000px\" \/><\/a><a href=\"https:\/\/marekkuchcinski.pl\/wp-content\/uploads\/2018\/11\/12.10-Trzcinica-7.jpg\"><img loading=\"lazy\" decoding=\"async\" class=\"alignnone size-full wp-image-10830\" src=\"https:\/\/marekkuchcinski.pl\/wp-content\/uploads\/2018\/11\/12.10-Trzcinica-7.jpg\" alt=\"12.10 Trzcinica 7\" width=\"1998\" height=\"1400\" srcset=\"https:\/\/marekkuchcinski.pl\/wp-content\/uploads\/2018\/11\/12.10-Trzcinica-7.jpg 1998w, https:\/\/marekkuchcinski.pl\/wp-content\/uploads\/2018\/11\/12.10-Trzcinica-7-300x210.jpg 300w, https:\/\/marekkuchcinski.pl\/wp-content\/uploads\/2018\/11\/12.10-Trzcinica-7-768x538.jpg 768w, https:\/\/marekkuchcinski.pl\/wp-content\/uploads\/2018\/11\/12.10-Trzcinica-7-1024x718.jpg 1024w\" sizes=\"(max-width: 1998px) 100vw, 1998px\" \/><\/a><\/p>\n<p><strong>Pre\u0219edintele Parlamentului a vizitat<\/strong> <strong>Districtul Krosno (Korczyna, Iwonicz-Zdr\u00f3j, Zr\u0119cin, Dukla)<\/strong>. - Avem nevoie de parteneri buni \u00een administra\u021bia local\u0103. V\u0103 \u00eencurajez s\u0103 participa\u021bi la alegeri \u0219i s\u0103 vota\u021bi pentru candida\u021bii no\u0219tri. Vrem s\u0103 fim mul\u021bumi\u021bi cu micile noastre patrii. O schimbare bun\u0103 ar trebui s\u0103 ajung\u0103 peste tot, inclusiv la autorit\u0103\u021bile locale.<\/p>\n<p><a href=\"https:\/\/marekkuchcinski.pl\/wp-content\/uploads\/2018\/11\/12.10-pow.-kro\u015bnie\u0144ski-12.jpg\"><img loading=\"lazy\" decoding=\"async\" class=\"alignnone size-full wp-image-10832\" src=\"https:\/\/marekkuchcinski.pl\/wp-content\/uploads\/2018\/11\/12.10-pow.-kro\u015bnie\u0144ski-12.jpg\" alt=\"12.10 pow. kro\u015bnie\u0144ski 12\" width=\"2000\" height=\"1500\" srcset=\"https:\/\/marekkuchcinski.pl\/wp-content\/uploads\/2018\/11\/12.10-pow.-kro\u015bnie\u0144ski-12.jpg 2000w, https:\/\/marekkuchcinski.pl\/wp-content\/uploads\/2018\/11\/12.10-pow.-kro\u015bnie\u0144ski-12-300x225.jpg 300w, https:\/\/marekkuchcinski.pl\/wp-content\/uploads\/2018\/11\/12.10-pow.-kro\u015bnie\u0144ski-12-768x576.jpg 768w, https:\/\/marekkuchcinski.pl\/wp-content\/uploads\/2018\/11\/12.10-pow.-kro\u015bnie\u0144ski-12-1024x768.jpg 1024w\" sizes=\"(max-width: 2000px) 100vw, 2000px\" \/><\/a> <a href=\"https:\/\/marekkuchcinski.pl\/wp-content\/uploads\/2018\/11\/12.10-pow.-kro\u015bnie\u0144ski-11.jpg\"><img loading=\"lazy\" decoding=\"async\" class=\"alignnone size-full wp-image-10833\" src=\"https:\/\/marekkuchcinski.pl\/wp-content\/uploads\/2018\/11\/12.10-pow.-kro\u015bnie\u0144ski-11.jpg\" alt=\"12.10 pow. kro\u015bnie\u0144ski 11\" width=\"2000\" height=\"1500\" srcset=\"https:\/\/marekkuchcinski.pl\/wp-content\/uploads\/2018\/11\/12.10-pow.-kro\u015bnie\u0144ski-11.jpg 2000w, https:\/\/marekkuchcinski.pl\/wp-content\/uploads\/2018\/11\/12.10-pow.-kro\u015bnie\u0144ski-11-300x225.jpg 300w, https:\/\/marekkuchcinski.pl\/wp-content\/uploads\/2018\/11\/12.10-pow.-kro\u015bnie\u0144ski-11-768x576.jpg 768w, https:\/\/marekkuchcinski.pl\/wp-content\/uploads\/2018\/11\/12.10-pow.-kro\u015bnie\u0144ski-11-1024x768.jpg 1024w\" sizes=\"(max-width: 2000px) 100vw, 2000px\" \/><\/a> <a href=\"https:\/\/marekkuchcinski.pl\/wp-content\/uploads\/2018\/11\/12.10-pow.-kro\u015bnie\u0144ski-10.jpg\"><img loading=\"lazy\" decoding=\"async\" class=\"alignnone size-full wp-image-10834\" src=\"https:\/\/marekkuchcinski.pl\/wp-content\/uploads\/2018\/11\/12.10-pow.-kro\u015bnie\u0144ski-10.jpg\" alt=\"12.10 pow. kro\u015bnie\u0144ski 10\" width=\"2000\" height=\"1500\" srcset=\"https:\/\/marekkuchcinski.pl\/wp-content\/uploads\/2018\/11\/12.10-pow.-kro\u015bnie\u0144ski-10.jpg 2000w, https:\/\/marekkuchcinski.pl\/wp-content\/uploads\/2018\/11\/12.10-pow.-kro\u015bnie\u0144ski-10-300x225.jpg 300w, https:\/\/marekkuchcinski.pl\/wp-content\/uploads\/2018\/11\/12.10-pow.-kro\u015bnie\u0144ski-10-768x576.jpg 768w, https:\/\/marekkuchcinski.pl\/wp-content\/uploads\/2018\/11\/12.10-pow.-kro\u015bnie\u0144ski-10-1024x768.jpg 1024w\" sizes=\"(max-width: 2000px) 100vw, 2000px\" \/><\/a> <a href=\"https:\/\/marekkuchcinski.pl\/wp-content\/uploads\/2018\/11\/12.10-pow.-kro\u015bnie\u0144ski-9.jpg\"><img loading=\"lazy\" decoding=\"async\" class=\"alignnone size-full wp-image-10835\" src=\"https:\/\/marekkuchcinski.pl\/wp-content\/uploads\/2018\/11\/12.10-pow.-kro\u015bnie\u0144ski-9.jpg\" alt=\"12.10 pow. kro\u015bnie\u0144ski 9\" width=\"2000\" height=\"1500\" srcset=\"https:\/\/marekkuchcinski.pl\/wp-content\/uploads\/2018\/11\/12.10-pow.-kro\u015bnie\u0144ski-9.jpg 2000w, https:\/\/marekkuchcinski.pl\/wp-content\/uploads\/2018\/11\/12.10-pow.-kro\u015bnie\u0144ski-9-300x225.jpg 300w, https:\/\/marekkuchcinski.pl\/wp-content\/uploads\/2018\/11\/12.10-pow.-kro\u015bnie\u0144ski-9-768x576.jpg 768w, https:\/\/marekkuchcinski.pl\/wp-content\/uploads\/2018\/11\/12.10-pow.-kro\u015bnie\u0144ski-9-1024x768.jpg 1024w\" sizes=\"(max-width: 2000px) 100vw, 2000px\" \/><\/a> <a href=\"https:\/\/marekkuchcinski.pl\/wp-content\/uploads\/2018\/11\/12.10-pow.-kro\u015bnie\u0144ski-6.jpg\"><img loading=\"lazy\" decoding=\"async\" class=\"alignnone size-full wp-image-10838\" src=\"https:\/\/marekkuchcinski.pl\/wp-content\/uploads\/2018\/11\/12.10-pow.-kro\u015bnie\u0144ski-6.jpg\" alt=\"12.10 pow. kro\u015bnie\u0144ski 6\" width=\"1773\" height=\"1062\" srcset=\"https:\/\/marekkuchcinski.pl\/wp-content\/uploads\/2018\/11\/12.10-pow.-kro\u015bnie\u0144ski-6.jpg 1773w, https:\/\/marekkuchcinski.pl\/wp-content\/uploads\/2018\/11\/12.10-pow.-kro\u015bnie\u0144ski-6-300x180.jpg 300w, https:\/\/marekkuchcinski.pl\/wp-content\/uploads\/2018\/11\/12.10-pow.-kro\u015bnie\u0144ski-6-768x460.jpg 768w, https:\/\/marekkuchcinski.pl\/wp-content\/uploads\/2018\/11\/12.10-pow.-kro\u015bnie\u0144ski-6-1024x613.jpg 1024w\" sizes=\"(max-width: 1773px) 100vw, 1773px\" \/><\/a> <a href=\"https:\/\/marekkuchcinski.pl\/wp-content\/uploads\/2018\/11\/12.10-pow.-kro\u015bnie\u0144ski-2.jpg\"><img loading=\"lazy\" decoding=\"async\" class=\"alignnone size-full wp-image-10842\" src=\"https:\/\/marekkuchcinski.pl\/wp-content\/uploads\/2018\/11\/12.10-pow.-kro\u015bnie\u0144ski-2.jpg\" alt=\"12.10 pow. kro\u015bnie\u0144ski 2\" width=\"2000\" height=\"1500\" srcset=\"https:\/\/marekkuchcinski.pl\/wp-content\/uploads\/2018\/11\/12.10-pow.-kro\u015bnie\u0144ski-2.jpg 2000w, https:\/\/marekkuchcinski.pl\/wp-content\/uploads\/2018\/11\/12.10-pow.-kro\u015bnie\u0144ski-2-300x225.jpg 300w, https:\/\/marekkuchcinski.pl\/wp-content\/uploads\/2018\/11\/12.10-pow.-kro\u015bnie\u0144ski-2-768x576.jpg 768w, https:\/\/marekkuchcinski.pl\/wp-content\/uploads\/2018\/11\/12.10-pow.-kro\u015bnie\u0144ski-2-1024x768.jpg 1024w\" sizes=\"(max-width: 2000px) 100vw, 2000px\" \/><\/a><\/p>\n<p><strong>13 octombrie <\/strong><\/p>\n<p><strong>Mare\u0219alul a participat la Conven\u021bia jude\u021bean\u0103 din Lubacz\u00f3w \u0219i la o \u00eent\u00e2lnire \u00een satul Nowe Brusno.<\/strong><\/p>\n<p>El a prezentat programele introduse de guvern care pot fi benefice pentru ora\u0219e, municipii \u0219i districte.<\/p>\n<p><a href=\"https:\/\/marekkuchcinski.pl\/wp-content\/uploads\/2018\/11\/13.10-Nowe-Brusno-2.jpg\"><img loading=\"lazy\" decoding=\"async\" class=\"alignnone size-full wp-image-10848\" src=\"https:\/\/marekkuchcinski.pl\/wp-content\/uploads\/2018\/11\/13.10-Nowe-Brusno-2.jpg\" alt=\"13.10 Nowe Brusno 2\" width=\"2000\" height=\"1500\" srcset=\"https:\/\/marekkuchcinski.pl\/wp-content\/uploads\/2018\/11\/13.10-Nowe-Brusno-2.jpg 2000w, https:\/\/marekkuchcinski.pl\/wp-content\/uploads\/2018\/11\/13.10-Nowe-Brusno-2-300x225.jpg 300w, https:\/\/marekkuchcinski.pl\/wp-content\/uploads\/2018\/11\/13.10-Nowe-Brusno-2-768x576.jpg 768w, https:\/\/marekkuchcinski.pl\/wp-content\/uploads\/2018\/11\/13.10-Nowe-Brusno-2-1024x768.jpg 1024w\" sizes=\"(max-width: 2000px) 100vw, 2000px\" \/><\/a> <a href=\"https:\/\/marekkuchcinski.pl\/wp-content\/uploads\/2018\/11\/13.10-Nowe-Brusno-1.jpg\"><img loading=\"lazy\" decoding=\"async\" class=\"alignnone size-full wp-image-10849\" src=\"https:\/\/marekkuchcinski.pl\/wp-content\/uploads\/2018\/11\/13.10-Nowe-Brusno-1.jpg\" alt=\"13.10 Nowe Brusno 1\" width=\"2000\" height=\"1500\" srcset=\"https:\/\/marekkuchcinski.pl\/wp-content\/uploads\/2018\/11\/13.10-Nowe-Brusno-1.jpg 2000w, https:\/\/marekkuchcinski.pl\/wp-content\/uploads\/2018\/11\/13.10-Nowe-Brusno-1-300x225.jpg 300w, https:\/\/marekkuchcinski.pl\/wp-content\/uploads\/2018\/11\/13.10-Nowe-Brusno-1-768x576.jpg 768w, https:\/\/marekkuchcinski.pl\/wp-content\/uploads\/2018\/11\/13.10-Nowe-Brusno-1-1024x768.jpg 1024w\" sizes=\"(max-width: 2000px) 100vw, 2000px\" \/><\/a> <a href=\"https:\/\/marekkuchcinski.pl\/wp-content\/uploads\/2018\/11\/13.10-Lubacz\u00f3w-6.jpg\"><img loading=\"lazy\" decoding=\"async\" class=\"alignnone size-full wp-image-10850\" src=\"https:\/\/marekkuchcinski.pl\/wp-content\/uploads\/2018\/11\/13.10-Lubacz\u00f3w-6.jpg\" alt=\"13.10 Lubacz\u00f3w 6\" width=\"2000\" height=\"1500\" srcset=\"https:\/\/marekkuchcinski.pl\/wp-content\/uploads\/2018\/11\/13.10-Lubacz\u00f3w-6.jpg 2000w, https:\/\/marekkuchcinski.pl\/wp-content\/uploads\/2018\/11\/13.10-Lubacz\u00f3w-6-300x225.jpg 300w, https:\/\/marekkuchcinski.pl\/wp-content\/uploads\/2018\/11\/13.10-Lubacz\u00f3w-6-768x576.jpg 768w, https:\/\/marekkuchcinski.pl\/wp-content\/uploads\/2018\/11\/13.10-Lubacz\u00f3w-6-1024x768.jpg 1024w\" sizes=\"(max-width: 2000px) 100vw, 2000px\" \/><\/a> <a href=\"https:\/\/marekkuchcinski.pl\/wp-content\/uploads\/2018\/11\/13.10-Lubacz\u00f3w-4.jpg\"><img loading=\"lazy\" decoding=\"async\" class=\"alignnone size-full wp-image-10851\" src=\"https:\/\/marekkuchcinski.pl\/wp-content\/uploads\/2018\/11\/13.10-Lubacz\u00f3w-4.jpg\" alt=\"13.10 Lubacz\u00f3w 4\" width=\"2000\" height=\"1500\" srcset=\"https:\/\/marekkuchcinski.pl\/wp-content\/uploads\/2018\/11\/13.10-Lubacz\u00f3w-4.jpg 2000w, https:\/\/marekkuchcinski.pl\/wp-content\/uploads\/2018\/11\/13.10-Lubacz\u00f3w-4-300x225.jpg 300w, https:\/\/marekkuchcinski.pl\/wp-content\/uploads\/2018\/11\/13.10-Lubacz\u00f3w-4-768x576.jpg 768w, https:\/\/marekkuchcinski.pl\/wp-content\/uploads\/2018\/11\/13.10-Lubacz\u00f3w-4-1024x768.jpg 1024w\" sizes=\"(max-width: 2000px) 100vw, 2000px\" \/><\/a> <a href=\"https:\/\/marekkuchcinski.pl\/wp-content\/uploads\/2018\/11\/13.10-Lubacz\u00f3w-3.jpg\"><img loading=\"lazy\" decoding=\"async\" class=\"alignnone size-full wp-image-10852\" src=\"https:\/\/marekkuchcinski.pl\/wp-content\/uploads\/2018\/11\/13.10-Lubacz\u00f3w-3.jpg\" alt=\"13.10 Lubacz\u00f3w 3\" width=\"2000\" height=\"1500\" srcset=\"https:\/\/marekkuchcinski.pl\/wp-content\/uploads\/2018\/11\/13.10-Lubacz\u00f3w-3.jpg 2000w, https:\/\/marekkuchcinski.pl\/wp-content\/uploads\/2018\/11\/13.10-Lubacz\u00f3w-3-300x225.jpg 300w, https:\/\/marekkuchcinski.pl\/wp-content\/uploads\/2018\/11\/13.10-Lubacz\u00f3w-3-768x576.jpg 768w, https:\/\/marekkuchcinski.pl\/wp-content\/uploads\/2018\/11\/13.10-Lubacz\u00f3w-3-1024x768.jpg 1024w\" sizes=\"(max-width: 2000px) 100vw, 2000px\" \/><\/a> <a href=\"https:\/\/marekkuchcinski.pl\/wp-content\/uploads\/2018\/11\/13.10-Lubacz\u00f3w-2.jpg\"><img loading=\"lazy\" decoding=\"async\" class=\"alignnone size-full wp-image-10853\" src=\"https:\/\/marekkuchcinski.pl\/wp-content\/uploads\/2018\/11\/13.10-Lubacz\u00f3w-2.jpg\" alt=\"13.10 Lubacz\u00f3w 2\" width=\"2000\" height=\"1500\" srcset=\"https:\/\/marekkuchcinski.pl\/wp-content\/uploads\/2018\/11\/13.10-Lubacz\u00f3w-2.jpg 2000w, https:\/\/marekkuchcinski.pl\/wp-content\/uploads\/2018\/11\/13.10-Lubacz\u00f3w-2-300x225.jpg 300w, https:\/\/marekkuchcinski.pl\/wp-content\/uploads\/2018\/11\/13.10-Lubacz\u00f3w-2-768x576.jpg 768w, https:\/\/marekkuchcinski.pl\/wp-content\/uploads\/2018\/11\/13.10-Lubacz\u00f3w-2-1024x768.jpg 1024w\" sizes=\"(max-width: 2000px) 100vw, 2000px\" \/><\/a> <a href=\"https:\/\/marekkuchcinski.pl\/wp-content\/uploads\/2018\/11\/13.10-Lubacz\u00f3w-1.jpg\"><img loading=\"lazy\" decoding=\"async\" class=\"alignnone size-full wp-image-10854\" src=\"https:\/\/marekkuchcinski.pl\/wp-content\/uploads\/2018\/11\/13.10-Lubacz\u00f3w-1.jpg\" alt=\"13.10 Lubacz\u00f3w 1\" width=\"2000\" height=\"1500\" srcset=\"https:\/\/marekkuchcinski.pl\/wp-content\/uploads\/2018\/11\/13.10-Lubacz\u00f3w-1.jpg 2000w, https:\/\/marekkuchcinski.pl\/wp-content\/uploads\/2018\/11\/13.10-Lubacz\u00f3w-1-300x225.jpg 300w, https:\/\/marekkuchcinski.pl\/wp-content\/uploads\/2018\/11\/13.10-Lubacz\u00f3w-1-768x576.jpg 768w, https:\/\/marekkuchcinski.pl\/wp-content\/uploads\/2018\/11\/13.10-Lubacz\u00f3w-1-1024x768.jpg 1024w\" sizes=\"(max-width: 2000px) 100vw, 2000px\" \/><\/a><\/p>\n<p><strong>14 octombrie<\/strong><\/p>\n<p><strong>Mare\u0219alul a participat la \u00eent\u00e2lnirile din Babice, \u017burawica, Tyrawa Wo\u0142oska \u0219i la conven\u021biile districtuale din Ustrzyki Dolne \u0219i Lesko.<\/strong><\/p>\n<p><a href=\"https:\/\/marekkuchcinski.pl\/wp-content\/uploads\/2018\/11\/13.10-Nowe-Brusno-2-1.jpg\"><img loading=\"lazy\" decoding=\"async\" class=\"alignnone size-full wp-image-10878\" src=\"https:\/\/marekkuchcinski.pl\/wp-content\/uploads\/2018\/11\/13.10-Nowe-Brusno-2-1.jpg\" alt=\"13.10 Nowe Brusno 2\" width=\"2000\" height=\"1500\" srcset=\"https:\/\/marekkuchcinski.pl\/wp-content\/uploads\/2018\/11\/13.10-Nowe-Brusno-2-1.jpg 2000w, https:\/\/marekkuchcinski.pl\/wp-content\/uploads\/2018\/11\/13.10-Nowe-Brusno-2-1-300x225.jpg 300w, https:\/\/marekkuchcinski.pl\/wp-content\/uploads\/2018\/11\/13.10-Nowe-Brusno-2-1-768x576.jpg 768w, https:\/\/marekkuchcinski.pl\/wp-content\/uploads\/2018\/11\/13.10-Nowe-Brusno-2-1-1024x768.jpg 1024w\" sizes=\"(max-width: 2000px) 100vw, 2000px\" \/><\/a> <a href=\"https:\/\/marekkuchcinski.pl\/wp-content\/uploads\/2018\/11\/13.10-Nowe-Brusno-1-1.jpg\"><img loading=\"lazy\" decoding=\"async\" class=\"alignnone size-full wp-image-10879\" src=\"https:\/\/marekkuchcinski.pl\/wp-content\/uploads\/2018\/11\/13.10-Nowe-Brusno-1-1.jpg\" alt=\"13.10 Nowe Brusno 1\" width=\"2000\" height=\"1500\" srcset=\"https:\/\/marekkuchcinski.pl\/wp-content\/uploads\/2018\/11\/13.10-Nowe-Brusno-1-1.jpg 2000w, https:\/\/marekkuchcinski.pl\/wp-content\/uploads\/2018\/11\/13.10-Nowe-Brusno-1-1-300x225.jpg 300w, https:\/\/marekkuchcinski.pl\/wp-content\/uploads\/2018\/11\/13.10-Nowe-Brusno-1-1-768x576.jpg 768w, https:\/\/marekkuchcinski.pl\/wp-content\/uploads\/2018\/11\/13.10-Nowe-Brusno-1-1-1024x768.jpg 1024w\" sizes=\"(max-width: 2000px) 100vw, 2000px\" \/><\/a> <a href=\"https:\/\/marekkuchcinski.pl\/wp-content\/uploads\/2018\/11\/14.10-Lesko-5.jpg\"><img loading=\"lazy\" decoding=\"async\" class=\"alignnone size-full wp-image-10885\" src=\"https:\/\/marekkuchcinski.pl\/wp-content\/uploads\/2018\/11\/14.10-Lesko-5.jpg\" alt=\"14.10 Lesko 5\" width=\"4000\" height=\"3000\" srcset=\"https:\/\/marekkuchcinski.pl\/wp-content\/uploads\/2018\/11\/14.10-Lesko-5.jpg 2048w, https:\/\/marekkuchcinski.pl\/wp-content\/uploads\/2018\/11\/14.10-Lesko-5-300x225.jpg 300w, https:\/\/marekkuchcinski.pl\/wp-content\/uploads\/2018\/11\/14.10-Lesko-5-768x576.jpg 768w, https:\/\/marekkuchcinski.pl\/wp-content\/uploads\/2018\/11\/14.10-Lesko-5-1024x768.jpg 1024w\" sizes=\"(max-width: 4000px) 100vw, 4000px\" \/><\/a> <a href=\"https:\/\/marekkuchcinski.pl\/wp-content\/uploads\/2018\/11\/14.10-Lesko-4.jpg\"><img loading=\"lazy\" decoding=\"async\" class=\"alignnone size-full wp-image-10886\" src=\"https:\/\/marekkuchcinski.pl\/wp-content\/uploads\/2018\/11\/14.10-Lesko-4.jpg\" alt=\"14.10 Lesko 4\" width=\"4000\" height=\"3000\" srcset=\"https:\/\/marekkuchcinski.pl\/wp-content\/uploads\/2018\/11\/14.10-Lesko-4.jpg 2048w, https:\/\/marekkuchcinski.pl\/wp-content\/uploads\/2018\/11\/14.10-Lesko-4-300x225.jpg 300w, https:\/\/marekkuchcinski.pl\/wp-content\/uploads\/2018\/11\/14.10-Lesko-4-768x576.jpg 768w, https:\/\/marekkuchcinski.pl\/wp-content\/uploads\/2018\/11\/14.10-Lesko-4-1024x768.jpg 1024w\" sizes=\"(max-width: 4000px) 100vw, 4000px\" \/><\/a> <a href=\"https:\/\/marekkuchcinski.pl\/wp-content\/uploads\/2018\/11\/14.10-Lesko-3.jpg\"><img loading=\"lazy\" decoding=\"async\" class=\"alignnone size-full wp-image-10887\" src=\"https:\/\/marekkuchcinski.pl\/wp-content\/uploads\/2018\/11\/14.10-Lesko-3.jpg\" alt=\"14.10 Lesko 3\" width=\"2000\" height=\"1500\" srcset=\"https:\/\/marekkuchcinski.pl\/wp-content\/uploads\/2018\/11\/14.10-Lesko-3.jpg 2000w, https:\/\/marekkuchcinski.pl\/wp-content\/uploads\/2018\/11\/14.10-Lesko-3-300x225.jpg 300w, https:\/\/marekkuchcinski.pl\/wp-content\/uploads\/2018\/11\/14.10-Lesko-3-768x576.jpg 768w, https:\/\/marekkuchcinski.pl\/wp-content\/uploads\/2018\/11\/14.10-Lesko-3-1024x768.jpg 1024w\" sizes=\"(max-width: 2000px) 100vw, 2000px\" \/><\/a> <a href=\"https:\/\/marekkuchcinski.pl\/wp-content\/uploads\/2018\/11\/14.10-Lesko-2.jpg\"><img loading=\"lazy\" decoding=\"async\" class=\"alignnone size-full wp-image-10888\" src=\"https:\/\/marekkuchcinski.pl\/wp-content\/uploads\/2018\/11\/14.10-Lesko-2.jpg\" alt=\"14.10 Lesko 2\" width=\"2000\" height=\"1500\" srcset=\"https:\/\/marekkuchcinski.pl\/wp-content\/uploads\/2018\/11\/14.10-Lesko-2.jpg 2000w, https:\/\/marekkuchcinski.pl\/wp-content\/uploads\/2018\/11\/14.10-Lesko-2-300x225.jpg 300w, https:\/\/marekkuchcinski.pl\/wp-content\/uploads\/2018\/11\/14.10-Lesko-2-768x576.jpg 768w, https:\/\/marekkuchcinski.pl\/wp-content\/uploads\/2018\/11\/14.10-Lesko-2-1024x768.jpg 1024w\" sizes=\"(max-width: 2000px) 100vw, 2000px\" \/><\/a> <a href=\"https:\/\/marekkuchcinski.pl\/wp-content\/uploads\/2018\/11\/14.10-Lesko-1.jpg\"><img loading=\"lazy\" decoding=\"async\" class=\"alignnone size-full wp-image-10889\" src=\"https:\/\/marekkuchcinski.pl\/wp-content\/uploads\/2018\/11\/14.10-Lesko-1.jpg\" alt=\"14.10 Lesko 1\" width=\"2000\" height=\"1500\" srcset=\"https:\/\/marekkuchcinski.pl\/wp-content\/uploads\/2018\/11\/14.10-Lesko-1.jpg 2000w, https:\/\/marekkuchcinski.pl\/wp-content\/uploads\/2018\/11\/14.10-Lesko-1-300x225.jpg 300w, https:\/\/marekkuchcinski.pl\/wp-content\/uploads\/2018\/11\/14.10-Lesko-1-768x576.jpg 768w, https:\/\/marekkuchcinski.pl\/wp-content\/uploads\/2018\/11\/14.10-Lesko-1-1024x768.jpg 1024w\" sizes=\"(max-width: 2000px) 100vw, 2000px\" \/><\/a> <a href=\"https:\/\/marekkuchcinski.pl\/wp-content\/uploads\/2018\/11\/14.10-Ustrzyki-Dolne-3.jpg\"><img loading=\"lazy\" decoding=\"async\" class=\"alignnone size-full wp-image-10890\" src=\"https:\/\/marekkuchcinski.pl\/wp-content\/uploads\/2018\/11\/14.10-Ustrzyki-Dolne-3.jpg\" alt=\"14.10 Ustrzyki Dolne 3\" width=\"1589\" height=\"1835\" srcset=\"https:\/\/marekkuchcinski.pl\/wp-content\/uploads\/2018\/11\/14.10-Ustrzyki-Dolne-3.jpg 1589w, https:\/\/marekkuchcinski.pl\/wp-content\/uploads\/2018\/11\/14.10-Ustrzyki-Dolne-3-260x300.jpg 260w, https:\/\/marekkuchcinski.pl\/wp-content\/uploads\/2018\/11\/14.10-Ustrzyki-Dolne-3-768x887.jpg 768w, https:\/\/marekkuchcinski.pl\/wp-content\/uploads\/2018\/11\/14.10-Ustrzyki-Dolne-3-887x1024.jpg 887w\" sizes=\"(max-width: 1589px) 100vw, 1589px\" \/><\/a> <a href=\"https:\/\/marekkuchcinski.pl\/wp-content\/uploads\/2018\/11\/14.10-Ustrzyki-Dolne-2.jpg\"><img loading=\"lazy\" decoding=\"async\" class=\"alignnone size-full wp-image-10891\" src=\"https:\/\/marekkuchcinski.pl\/wp-content\/uploads\/2018\/11\/14.10-Ustrzyki-Dolne-2.jpg\" alt=\"14.10 Ustrzyki Dolne 2\" width=\"2000\" height=\"1500\" srcset=\"https:\/\/marekkuchcinski.pl\/wp-content\/uploads\/2018\/11\/14.10-Ustrzyki-Dolne-2.jpg 2000w, https:\/\/marekkuchcinski.pl\/wp-content\/uploads\/2018\/11\/14.10-Ustrzyki-Dolne-2-300x225.jpg 300w, https:\/\/marekkuchcinski.pl\/wp-content\/uploads\/2018\/11\/14.10-Ustrzyki-Dolne-2-768x576.jpg 768w, https:\/\/marekkuchcinski.pl\/wp-content\/uploads\/2018\/11\/14.10-Ustrzyki-Dolne-2-1024x768.jpg 1024w\" sizes=\"(max-width: 2000px) 100vw, 2000px\" \/><\/a> <a href=\"https:\/\/marekkuchcinski.pl\/wp-content\/uploads\/2018\/11\/14.10-Ustrzyki-Dolne-1.jpg\"><img loading=\"lazy\" decoding=\"async\" class=\"alignnone size-full wp-image-10892\" src=\"https:\/\/marekkuchcinski.pl\/wp-content\/uploads\/2018\/11\/14.10-Ustrzyki-Dolne-1.jpg\" alt=\"14.10 Ustrzyki Dolne 1\" width=\"2000\" height=\"1500\" srcset=\"https:\/\/marekkuchcinski.pl\/wp-content\/uploads\/2018\/11\/14.10-Ustrzyki-Dolne-1.jpg 2000w, https:\/\/marekkuchcinski.pl\/wp-content\/uploads\/2018\/11\/14.10-Ustrzyki-Dolne-1-300x225.jpg 300w, https:\/\/marekkuchcinski.pl\/wp-content\/uploads\/2018\/11\/14.10-Ustrzyki-Dolne-1-768x576.jpg 768w, https:\/\/marekkuchcinski.pl\/wp-content\/uploads\/2018\/11\/14.10-Ustrzyki-Dolne-1-1024x768.jpg 1024w\" sizes=\"(max-width: 2000px) 100vw, 2000px\" \/><\/a> <a href=\"https:\/\/marekkuchcinski.pl\/wp-content\/uploads\/2018\/11\/14.10-Tyrawa-Wo\u0142oska-4.jpg\"><img loading=\"lazy\" decoding=\"async\" class=\"alignnone size-full wp-image-10893\" src=\"https:\/\/marekkuchcinski.pl\/wp-content\/uploads\/2018\/11\/14.10-Tyrawa-Wo\u0142oska-4.jpg\" alt=\"14.10 Tyrawa Wo\u0142oska 4\" width=\"2000\" height=\"1500\" srcset=\"https:\/\/marekkuchcinski.pl\/wp-content\/uploads\/2018\/11\/14.10-Tyrawa-Wo\u0142oska-4.jpg 2000w, https:\/\/marekkuchcinski.pl\/wp-content\/uploads\/2018\/11\/14.10-Tyrawa-Wo\u0142oska-4-300x225.jpg 300w, https:\/\/marekkuchcinski.pl\/wp-content\/uploads\/2018\/11\/14.10-Tyrawa-Wo\u0142oska-4-768x576.jpg 768w, https:\/\/marekkuchcinski.pl\/wp-content\/uploads\/2018\/11\/14.10-Tyrawa-Wo\u0142oska-4-1024x768.jpg 1024w\" sizes=\"(max-width: 2000px) 100vw, 2000px\" \/><\/a> <a href=\"https:\/\/marekkuchcinski.pl\/wp-content\/uploads\/2018\/11\/14.10-Babice-2.jpg\"><img loading=\"lazy\" decoding=\"async\" class=\"alignnone size-full wp-image-10898\" src=\"https:\/\/marekkuchcinski.pl\/wp-content\/uploads\/2018\/11\/14.10-Babice-2.jpg\" alt=\"14.10 Babice 2\" width=\"2000\" height=\"1500\" srcset=\"https:\/\/marekkuchcinski.pl\/wp-content\/uploads\/2018\/11\/14.10-Babice-2.jpg 2000w, https:\/\/marekkuchcinski.pl\/wp-content\/uploads\/2018\/11\/14.10-Babice-2-300x225.jpg 300w, https:\/\/marekkuchcinski.pl\/wp-content\/uploads\/2018\/11\/14.10-Babice-2-768x576.jpg 768w, https:\/\/marekkuchcinski.pl\/wp-content\/uploads\/2018\/11\/14.10-Babice-2-1024x768.jpg 1024w\" sizes=\"(max-width: 2000px) 100vw, 2000px\" \/><\/a> <a href=\"https:\/\/marekkuchcinski.pl\/wp-content\/uploads\/2018\/11\/14.10-Babice-1.jpg\"><img loading=\"lazy\" decoding=\"async\" class=\"alignnone size-full wp-image-10899\" src=\"https:\/\/marekkuchcinski.pl\/wp-content\/uploads\/2018\/11\/14.10-Babice-1.jpg\" alt=\"14.10 Babice 1\" width=\"2000\" height=\"1500\" srcset=\"https:\/\/marekkuchcinski.pl\/wp-content\/uploads\/2018\/11\/14.10-Babice-1.jpg 2000w, https:\/\/marekkuchcinski.pl\/wp-content\/uploads\/2018\/11\/14.10-Babice-1-300x225.jpg 300w, https:\/\/marekkuchcinski.pl\/wp-content\/uploads\/2018\/11\/14.10-Babice-1-768x576.jpg 768w, https:\/\/marekkuchcinski.pl\/wp-content\/uploads\/2018\/11\/14.10-Babice-1-1024x768.jpg 1024w\" sizes=\"(max-width: 2000px) 100vw, 2000px\" \/><\/a><\/p>\n<p><strong>16 octombrie<\/strong><\/p>\n<p><strong>Marek Kuchci\u0144ski a luat parte la \u00eent\u00e2lnirile din Valawa \u0219i Przemy\u015bl.<\/strong><\/p>\n<p>- Avem succes \u00een multe domenii. Activit\u0103\u021bile noastre au rezultate bune \u0219i, prin urmare, putem decide s\u0103 primim \u0219i mai mult sprijin, inclusiv din partea autorit\u0103\u021bilor locale.<br \/>\nPunem un accent puternic pe dezvoltarea \u00eenv\u0103\u021b\u0103m\u00e2ntului superior. Printre altele, dorim s\u0103 sprijinim autorit\u0103\u021bile locale cu fondul rutier, care este un program de amploare. Propunem s\u0103 facilit\u0103m utilizarea acestor bani. Un alt ajutor este programul de termo-modernizare\", a argumentat Marek Kuchci\u0144ski.<\/p>\n<p><a href=\"https:\/\/marekkuchcinski.pl\/wp-content\/uploads\/2018\/11\/16.10-Przemy\u015bl-3.jpg\"><img loading=\"lazy\" decoding=\"async\" class=\"alignnone size-full wp-image-10902\" src=\"https:\/\/marekkuchcinski.pl\/wp-content\/uploads\/2018\/11\/16.10-Przemy\u015bl-3.jpg\" alt=\"16.10 Przemy\u015bl 3\" width=\"2000\" height=\"1500\" srcset=\"https:\/\/marekkuchcinski.pl\/wp-content\/uploads\/2018\/11\/16.10-Przemy\u015bl-3.jpg 2000w, https:\/\/marekkuchcinski.pl\/wp-content\/uploads\/2018\/11\/16.10-Przemy\u015bl-3-300x225.jpg 300w, https:\/\/marekkuchcinski.pl\/wp-content\/uploads\/2018\/11\/16.10-Przemy\u015bl-3-768x576.jpg 768w, https:\/\/marekkuchcinski.pl\/wp-content\/uploads\/2018\/11\/16.10-Przemy\u015bl-3-1024x768.jpg 1024w\" sizes=\"(max-width: 2000px) 100vw, 2000px\" \/><\/a> <a href=\"https:\/\/marekkuchcinski.pl\/wp-content\/uploads\/2018\/11\/16.10-Przemy\u015bl-1.jpg\"><img loading=\"lazy\" decoding=\"async\" class=\"alignnone size-full wp-image-10904\" src=\"https:\/\/marekkuchcinski.pl\/wp-content\/uploads\/2018\/11\/16.10-Przemy\u015bl-1.jpg\" alt=\"16.10 Przemy\u015bl 1\" width=\"2762\" height=\"2971\" srcset=\"https:\/\/marekkuchcinski.pl\/wp-content\/uploads\/2018\/11\/16.10-Przemy\u015bl-1.jpg 1904w, https:\/\/marekkuchcinski.pl\/wp-content\/uploads\/2018\/11\/16.10-Przemy\u015bl-1-279x300.jpg 279w, https:\/\/marekkuchcinski.pl\/wp-content\/uploads\/2018\/11\/16.10-Przemy\u015bl-1-768x826.jpg 768w, https:\/\/marekkuchcinski.pl\/wp-content\/uploads\/2018\/11\/16.10-Przemy\u015bl-1-952x1024.jpg 952w\" sizes=\"(max-width: 2762px) 100vw, 2762px\" \/><\/a> <a href=\"https:\/\/marekkuchcinski.pl\/wp-content\/uploads\/2018\/11\/16.10-Walawa-3.jpg\"><img loading=\"lazy\" decoding=\"async\" class=\"alignnone size-full wp-image-10906\" src=\"https:\/\/marekkuchcinski.pl\/wp-content\/uploads\/2018\/11\/16.10-Walawa-3.jpg\" alt=\"16.10 Walawa 3\" width=\"2000\" height=\"1500\" srcset=\"https:\/\/marekkuchcinski.pl\/wp-content\/uploads\/2018\/11\/16.10-Walawa-3.jpg 2000w, https:\/\/marekkuchcinski.pl\/wp-content\/uploads\/2018\/11\/16.10-Walawa-3-300x225.jpg 300w, https:\/\/marekkuchcinski.pl\/wp-content\/uploads\/2018\/11\/16.10-Walawa-3-768x576.jpg 768w, https:\/\/marekkuchcinski.pl\/wp-content\/uploads\/2018\/11\/16.10-Walawa-3-1024x768.jpg 1024w\" sizes=\"(max-width: 2000px) 100vw, 2000px\" \/><\/a><\/p>\n<p><strong>17 octombrie<\/strong><\/p>\n<p><strong>O conferin\u021b\u0103 de pres\u0103 a avut loc la biroul districtual din Kolbuszowa<\/strong> privind investi\u021biile \u00een districtul Kolbuszowa, la care a participat \u0219i pre\u0219edintele Sejm-ului. De asemenea, s-a \u00eent\u00e2lnit cu locuitorii din Radomysl nad Sanem \u0219i Zaleszany, unde a depus flori la Monumentul celor uci\u0219i \u00een Est \u0219i al victimelor catastrofei de la Smolensk \u0219i la Monumentul minerilor c\u0103zu\u021bi \u00een timpul Legii mar\u021biale. Mare\u0219alul a participat, de asemenea, la \u00eent\u00e2lniri la Bojanowo \u0219i Ulan\u00f3w.<\/p>\n<p><a href=\"https:\/\/marekkuchcinski.pl\/wp-content\/uploads\/2018\/11\/17.10-Ulan\u00f3w-2.jpg\"><img loading=\"lazy\" decoding=\"async\" class=\"alignnone size-full wp-image-10911\" src=\"https:\/\/marekkuchcinski.pl\/wp-content\/uploads\/2018\/11\/17.10-Ulan\u00f3w-2.jpg\" alt=\"17.10 Ulan\u00f3w 2\" width=\"2000\" height=\"1500\" srcset=\"https:\/\/marekkuchcinski.pl\/wp-content\/uploads\/2018\/11\/17.10-Ulan\u00f3w-2.jpg 2000w, https:\/\/marekkuchcinski.pl\/wp-content\/uploads\/2018\/11\/17.10-Ulan\u00f3w-2-300x225.jpg 300w, https:\/\/marekkuchcinski.pl\/wp-content\/uploads\/2018\/11\/17.10-Ulan\u00f3w-2-768x576.jpg 768w, https:\/\/marekkuchcinski.pl\/wp-content\/uploads\/2018\/11\/17.10-Ulan\u00f3w-2-1024x768.jpg 1024w\" sizes=\"(max-width: 2000px) 100vw, 2000px\" \/><\/a> <a href=\"https:\/\/marekkuchcinski.pl\/wp-content\/uploads\/2018\/11\/17.10-Ulan\u00f3w-1.jpg\"><img loading=\"lazy\" decoding=\"async\" class=\"alignnone size-full wp-image-10912\" src=\"https:\/\/marekkuchcinski.pl\/wp-content\/uploads\/2018\/11\/17.10-Ulan\u00f3w-1.jpg\" alt=\"17.10 Ulan\u00f3w 1\" width=\"2000\" height=\"1500\" srcset=\"https:\/\/marekkuchcinski.pl\/wp-content\/uploads\/2018\/11\/17.10-Ulan\u00f3w-1.jpg 2000w, https:\/\/marekkuchcinski.pl\/wp-content\/uploads\/2018\/11\/17.10-Ulan\u00f3w-1-300x225.jpg 300w, https:\/\/marekkuchcinski.pl\/wp-content\/uploads\/2018\/11\/17.10-Ulan\u00f3w-1-768x576.jpg 768w, https:\/\/marekkuchcinski.pl\/wp-content\/uploads\/2018\/11\/17.10-Ulan\u00f3w-1-1024x768.jpg 1024w\" sizes=\"(max-width: 2000px) 100vw, 2000px\" \/><\/a> <a href=\"https:\/\/marekkuchcinski.pl\/wp-content\/uploads\/2018\/11\/17.10-Bojan\u00f3w-4.jpg\"><img loading=\"lazy\" decoding=\"async\" class=\"alignnone size-full wp-image-10913\" src=\"https:\/\/marekkuchcinski.pl\/wp-content\/uploads\/2018\/11\/17.10-Bojan\u00f3w-4.jpg\" alt=\"17.10 Bojan\u00f3w 4\" width=\"1500\" height=\"2000\" srcset=\"https:\/\/marekkuchcinski.pl\/wp-content\/uploads\/2018\/11\/17.10-Bojan\u00f3w-4.jpg 1500w, https:\/\/marekkuchcinski.pl\/wp-content\/uploads\/2018\/11\/17.10-Bojan\u00f3w-4-225x300.jpg 225w, https:\/\/marekkuchcinski.pl\/wp-content\/uploads\/2018\/11\/17.10-Bojan\u00f3w-4-768x1024.jpg 768w\" sizes=\"(max-width: 1500px) 100vw, 1500px\" \/><\/a> <a href=\"https:\/\/marekkuchcinski.pl\/wp-content\/uploads\/2018\/11\/17.10-Bojan\u00f3w-1.jpg\"><img loading=\"lazy\" decoding=\"async\" class=\"alignnone size-full wp-image-10916\" src=\"https:\/\/marekkuchcinski.pl\/wp-content\/uploads\/2018\/11\/17.10-Bojan\u00f3w-1.jpg\" alt=\"17.10 Bojan\u00f3w 1\" width=\"2000\" height=\"1500\" srcset=\"https:\/\/marekkuchcinski.pl\/wp-content\/uploads\/2018\/11\/17.10-Bojan\u00f3w-1.jpg 2000w, https:\/\/marekkuchcinski.pl\/wp-content\/uploads\/2018\/11\/17.10-Bojan\u00f3w-1-300x225.jpg 300w, https:\/\/marekkuchcinski.pl\/wp-content\/uploads\/2018\/11\/17.10-Bojan\u00f3w-1-768x576.jpg 768w, https:\/\/marekkuchcinski.pl\/wp-content\/uploads\/2018\/11\/17.10-Bojan\u00f3w-1-1024x768.jpg 1024w\" sizes=\"(max-width: 2000px) 100vw, 2000px\" \/><\/a> <a href=\"https:\/\/marekkuchcinski.pl\/wp-content\/uploads\/2018\/11\/17.10-Zaleszany-5.jpg\"><img loading=\"lazy\" decoding=\"async\" class=\"alignnone size-full wp-image-10917\" src=\"https:\/\/marekkuchcinski.pl\/wp-content\/uploads\/2018\/11\/17.10-Zaleszany-5.jpg\" alt=\"17.10 Zaleszany 5\" width=\"2000\" height=\"1500\" srcset=\"https:\/\/marekkuchcinski.pl\/wp-content\/uploads\/2018\/11\/17.10-Zaleszany-5.jpg 2000w, https:\/\/marekkuchcinski.pl\/wp-content\/uploads\/2018\/11\/17.10-Zaleszany-5-300x225.jpg 300w, https:\/\/marekkuchcinski.pl\/wp-content\/uploads\/2018\/11\/17.10-Zaleszany-5-768x576.jpg 768w, https:\/\/marekkuchcinski.pl\/wp-content\/uploads\/2018\/11\/17.10-Zaleszany-5-1024x768.jpg 1024w\" sizes=\"(max-width: 2000px) 100vw, 2000px\" \/><\/a> <a href=\"https:\/\/marekkuchcinski.pl\/wp-content\/uploads\/2018\/11\/17.10-Zaleszany-3.jpg\"><img loading=\"lazy\" decoding=\"async\" class=\"alignnone size-full wp-image-10919\" src=\"https:\/\/marekkuchcinski.pl\/wp-content\/uploads\/2018\/11\/17.10-Zaleszany-3.jpg\" alt=\"17.10 Zaleszany 3\" width=\"960\" height=\"540\" srcset=\"https:\/\/marekkuchcinski.pl\/wp-content\/uploads\/2018\/11\/17.10-Zaleszany-3.jpg 960w, https:\/\/marekkuchcinski.pl\/wp-content\/uploads\/2018\/11\/17.10-Zaleszany-3-300x169.jpg 300w, https:\/\/marekkuchcinski.pl\/wp-content\/uploads\/2018\/11\/17.10-Zaleszany-3-768x432.jpg 768w\" sizes=\"(max-width: 960px) 100vw, 960px\" \/><\/a> <a href=\"https:\/\/marekkuchcinski.pl\/wp-content\/uploads\/2018\/11\/17.10-Zaleszany-1.jpg\"><img loading=\"lazy\" decoding=\"async\" class=\"alignnone size-full wp-image-10921\" src=\"https:\/\/marekkuchcinski.pl\/wp-content\/uploads\/2018\/11\/17.10-Zaleszany-1.jpg\" alt=\"17.10 Zaleszany 1\" width=\"3612\" height=\"2032\" srcset=\"https:\/\/marekkuchcinski.pl\/wp-content\/uploads\/2018\/11\/17.10-Zaleszany-1.jpg 2048w, https:\/\/marekkuchcinski.pl\/wp-content\/uploads\/2018\/11\/17.10-Zaleszany-1-300x169.jpg 300w, https:\/\/marekkuchcinski.pl\/wp-content\/uploads\/2018\/11\/17.10-Zaleszany-1-768x432.jpg 768w, https:\/\/marekkuchcinski.pl\/wp-content\/uploads\/2018\/11\/17.10-Zaleszany-1-1024x576.jpg 1024w\" sizes=\"(max-width: 3612px) 100vw, 3612px\" \/><\/a> <a href=\"https:\/\/marekkuchcinski.pl\/wp-content\/uploads\/2018\/11\/17.10-Radomy\u015bl-nad-Sanem-1.jpg\"><img loading=\"lazy\" decoding=\"async\" class=\"alignnone size-full wp-image-10923\" src=\"https:\/\/marekkuchcinski.pl\/wp-content\/uploads\/2018\/11\/17.10-Radomy\u015bl-nad-Sanem-1.jpg\" alt=\"17.10 Radomy\u015bl nad Sanem 1\" width=\"1325\" height=\"1863\" srcset=\"https:\/\/marekkuchcinski.pl\/wp-content\/uploads\/2018\/11\/17.10-Radomy\u015bl-nad-Sanem-1.jpg 1325w, https:\/\/marekkuchcinski.pl\/wp-content\/uploads\/2018\/11\/17.10-Radomy\u015bl-nad-Sanem-1-213x300.jpg 213w, https:\/\/marekkuchcinski.pl\/wp-content\/uploads\/2018\/11\/17.10-Radomy\u015bl-nad-Sanem-1-768x1080.jpg 768w, https:\/\/marekkuchcinski.pl\/wp-content\/uploads\/2018\/11\/17.10-Radomy\u015bl-nad-Sanem-1-728x1024.jpg 728w\" sizes=\"(max-width: 1325px) 100vw, 1325px\" \/><\/a><\/p>\n<p><strong>18 octombrie <\/strong><\/p>\n<p><strong>Mare\u0219alul Sejm-ului s-a \u00eent\u00e2lnit la Medyka, printre altele, cu Cercul Gospod\u0103riilor Rurale \u0219i cu pompierii TSO, a participat la conven\u021bia electoral\u0103 a lui Wojciech Buczak<\/strong> - candidat la func\u021bia de primar al ora\u0219ului Rzesz\u00f3w, \u0219i s-a \u00eent\u00e2lnit cu locuitorii din Domaradz \u0219i Przeworsk.<\/p>\n<p><a href=\"https:\/\/marekkuchcinski.pl\/wp-content\/uploads\/2018\/11\/18.10-Przeworsk-5-1.jpg\"><img loading=\"lazy\" decoding=\"async\" class=\"alignnone size-full wp-image-11017\" src=\"https:\/\/marekkuchcinski.pl\/wp-content\/uploads\/2018\/11\/18.10-Przeworsk-5-1.jpg\" alt=\"18.10 Przeworsk 5\" width=\"1488\" height=\"2000\" srcset=\"https:\/\/marekkuchcinski.pl\/wp-content\/uploads\/2018\/11\/18.10-Przeworsk-5-1.jpg 1488w, https:\/\/marekkuchcinski.pl\/wp-content\/uploads\/2018\/11\/18.10-Przeworsk-5-1-223x300.jpg 223w, https:\/\/marekkuchcinski.pl\/wp-content\/uploads\/2018\/11\/18.10-Przeworsk-5-1-768x1032.jpg 768w, https:\/\/marekkuchcinski.pl\/wp-content\/uploads\/2018\/11\/18.10-Przeworsk-5-1-762x1024.jpg 762w\" sizes=\"(max-width: 1488px) 100vw, 1488px\" \/><\/a> <a href=\"https:\/\/marekkuchcinski.pl\/wp-content\/uploads\/2018\/11\/18.10-Przeworsk-4-1.jpg\"><img loading=\"lazy\" decoding=\"async\" class=\"alignnone size-full wp-image-11018\" src=\"https:\/\/marekkuchcinski.pl\/wp-content\/uploads\/2018\/11\/18.10-Przeworsk-4-1.jpg\" alt=\"18.10 Przeworsk 4\" width=\"2000\" height=\"1500\" srcset=\"https:\/\/marekkuchcinski.pl\/wp-content\/uploads\/2018\/11\/18.10-Przeworsk-4-1.jpg 2000w, https:\/\/marekkuchcinski.pl\/wp-content\/uploads\/2018\/11\/18.10-Przeworsk-4-1-300x225.jpg 300w, https:\/\/marekkuchcinski.pl\/wp-content\/uploads\/2018\/11\/18.10-Przeworsk-4-1-768x576.jpg 768w, https:\/\/marekkuchcinski.pl\/wp-content\/uploads\/2018\/11\/18.10-Przeworsk-4-1-1024x768.jpg 1024w\" sizes=\"(max-width: 2000px) 100vw, 2000px\" \/><\/a> <a href=\"https:\/\/marekkuchcinski.pl\/wp-content\/uploads\/2018\/11\/18.10-Przeworsk-3-1.jpg\"><img loading=\"lazy\" decoding=\"async\" class=\"alignnone size-full wp-image-11019\" src=\"https:\/\/marekkuchcinski.pl\/wp-content\/uploads\/2018\/11\/18.10-Przeworsk-3-1.jpg\" alt=\"18.10 Przeworsk 3\" width=\"2000\" height=\"1500\" srcset=\"https:\/\/marekkuchcinski.pl\/wp-content\/uploads\/2018\/11\/18.10-Przeworsk-3-1.jpg 2000w, https:\/\/marekkuchcinski.pl\/wp-content\/uploads\/2018\/11\/18.10-Przeworsk-3-1-300x225.jpg 300w, https:\/\/marekkuchcinski.pl\/wp-content\/uploads\/2018\/11\/18.10-Przeworsk-3-1-768x576.jpg 768w, https:\/\/marekkuchcinski.pl\/wp-content\/uploads\/2018\/11\/18.10-Przeworsk-3-1-1024x768.jpg 1024w\" sizes=\"(max-width: 2000px) 100vw, 2000px\" \/><\/a> <a href=\"https:\/\/marekkuchcinski.pl\/wp-content\/uploads\/2018\/11\/18.10-Przeworsk-2-1.jpg\"><img loading=\"lazy\" decoding=\"async\" class=\"alignnone size-full wp-image-11020\" src=\"https:\/\/marekkuchcinski.pl\/wp-content\/uploads\/2018\/11\/18.10-Przeworsk-2-1.jpg\" alt=\"18.10 Przeworsk 2\" width=\"2000\" height=\"1500\" srcset=\"https:\/\/marekkuchcinski.pl\/wp-content\/uploads\/2018\/11\/18.10-Przeworsk-2-1.jpg 2000w, https:\/\/marekkuchcinski.pl\/wp-content\/uploads\/2018\/11\/18.10-Przeworsk-2-1-300x225.jpg 300w, https:\/\/marekkuchcinski.pl\/wp-content\/uploads\/2018\/11\/18.10-Przeworsk-2-1-768x576.jpg 768w, https:\/\/marekkuchcinski.pl\/wp-content\/uploads\/2018\/11\/18.10-Przeworsk-2-1-1024x768.jpg 1024w\" sizes=\"(max-width: 2000px) 100vw, 2000px\" \/><\/a> <a href=\"https:\/\/marekkuchcinski.pl\/wp-content\/uploads\/2018\/11\/18.10-Domaradz-3-1.jpg\"><img loading=\"lazy\" decoding=\"async\" class=\"alignnone size-full wp-image-11021\" src=\"https:\/\/marekkuchcinski.pl\/wp-content\/uploads\/2018\/11\/18.10-Domaradz-3-1.jpg\" alt=\"18.10 Domaradz 3\" width=\"2000\" height=\"1500\" srcset=\"https:\/\/marekkuchcinski.pl\/wp-content\/uploads\/2018\/11\/18.10-Domaradz-3-1.jpg 2000w, https:\/\/marekkuchcinski.pl\/wp-content\/uploads\/2018\/11\/18.10-Domaradz-3-1-300x225.jpg 300w, https:\/\/marekkuchcinski.pl\/wp-content\/uploads\/2018\/11\/18.10-Domaradz-3-1-768x576.jpg 768w, https:\/\/marekkuchcinski.pl\/wp-content\/uploads\/2018\/11\/18.10-Domaradz-3-1-1024x768.jpg 1024w\" sizes=\"(max-width: 2000px) 100vw, 2000px\" \/><\/a> <a href=\"https:\/\/marekkuchcinski.pl\/wp-content\/uploads\/2018\/11\/18.10-Domaradz-1-1.jpg\"><img loading=\"lazy\" decoding=\"async\" class=\"alignnone size-full wp-image-11023\" src=\"https:\/\/marekkuchcinski.pl\/wp-content\/uploads\/2018\/11\/18.10-Domaradz-1-1.jpg\" alt=\"18.10 Domaradz 1\" width=\"2000\" height=\"1500\" srcset=\"https:\/\/marekkuchcinski.pl\/wp-content\/uploads\/2018\/11\/18.10-Domaradz-1-1.jpg 2000w, https:\/\/marekkuchcinski.pl\/wp-content\/uploads\/2018\/11\/18.10-Domaradz-1-1-300x225.jpg 300w, https:\/\/marekkuchcinski.pl\/wp-content\/uploads\/2018\/11\/18.10-Domaradz-1-1-768x576.jpg 768w, https:\/\/marekkuchcinski.pl\/wp-content\/uploads\/2018\/11\/18.10-Domaradz-1-1-1024x768.jpg 1024w\" sizes=\"(max-width: 2000px) 100vw, 2000px\" \/><\/a> <a href=\"https:\/\/marekkuchcinski.pl\/wp-content\/uploads\/2018\/11\/18.10-Rzesz\u00f3w-4-1.jpg\"><img loading=\"lazy\" decoding=\"async\" class=\"alignnone size-full wp-image-11024\" src=\"https:\/\/marekkuchcinski.pl\/wp-content\/uploads\/2018\/11\/18.10-Rzesz\u00f3w-4-1.jpg\" alt=\"18.10 Rzesz\u00f3w 4\" width=\"2000\" height=\"1500\" srcset=\"https:\/\/marekkuchcinski.pl\/wp-content\/uploads\/2018\/11\/18.10-Rzesz\u00f3w-4-1.jpg 2000w, https:\/\/marekkuchcinski.pl\/wp-content\/uploads\/2018\/11\/18.10-Rzesz\u00f3w-4-1-300x225.jpg 300w, https:\/\/marekkuchcinski.pl\/wp-content\/uploads\/2018\/11\/18.10-Rzesz\u00f3w-4-1-768x576.jpg 768w, https:\/\/marekkuchcinski.pl\/wp-content\/uploads\/2018\/11\/18.10-Rzesz\u00f3w-4-1-1024x768.jpg 1024w\" sizes=\"(max-width: 2000px) 100vw, 2000px\" \/><\/a> <a href=\"https:\/\/marekkuchcinski.pl\/wp-content\/uploads\/2018\/11\/18.10-Rzesz\u00f3w-3-1.jpg\"><img loading=\"lazy\" decoding=\"async\" class=\"alignnone size-full wp-image-11025\" src=\"https:\/\/marekkuchcinski.pl\/wp-content\/uploads\/2018\/11\/18.10-Rzesz\u00f3w-3-1.jpg\" alt=\"18.10 Rzesz\u00f3w 3\" width=\"2000\" height=\"1500\" srcset=\"https:\/\/marekkuchcinski.pl\/wp-content\/uploads\/2018\/11\/18.10-Rzesz\u00f3w-3-1.jpg 2000w, https:\/\/marekkuchcinski.pl\/wp-content\/uploads\/2018\/11\/18.10-Rzesz\u00f3w-3-1-300x225.jpg 300w, https:\/\/marekkuchcinski.pl\/wp-content\/uploads\/2018\/11\/18.10-Rzesz\u00f3w-3-1-768x576.jpg 768w, https:\/\/marekkuchcinski.pl\/wp-content\/uploads\/2018\/11\/18.10-Rzesz\u00f3w-3-1-1024x768.jpg 1024w\" sizes=\"(max-width: 2000px) 100vw, 2000px\" \/><\/a> <a href=\"https:\/\/marekkuchcinski.pl\/wp-content\/uploads\/2018\/11\/18.10-Rzesz\u00f3w-1-1.jpg\"><img loading=\"lazy\" decoding=\"async\" class=\"alignnone size-full wp-image-11027\" src=\"https:\/\/marekkuchcinski.pl\/wp-content\/uploads\/2018\/11\/18.10-Rzesz\u00f3w-1-1.jpg\" alt=\"18.10 Rzesz\u00f3w 1\" width=\"2000\" height=\"1500\" srcset=\"https:\/\/marekkuchcinski.pl\/wp-content\/uploads\/2018\/11\/18.10-Rzesz\u00f3w-1-1.jpg 2000w, https:\/\/marekkuchcinski.pl\/wp-content\/uploads\/2018\/11\/18.10-Rzesz\u00f3w-1-1-300x225.jpg 300w, https:\/\/marekkuchcinski.pl\/wp-content\/uploads\/2018\/11\/18.10-Rzesz\u00f3w-1-1-768x576.jpg 768w, https:\/\/marekkuchcinski.pl\/wp-content\/uploads\/2018\/11\/18.10-Rzesz\u00f3w-1-1-1024x768.jpg 1024w\" sizes=\"(max-width: 2000px) 100vw, 2000px\" \/><\/a> <a href=\"https:\/\/marekkuchcinski.pl\/wp-content\/uploads\/2018\/11\/18.10-Medyka-7-1.jpg\"><img loading=\"lazy\" decoding=\"async\" class=\"alignnone size-full wp-image-11028\" src=\"https:\/\/marekkuchcinski.pl\/wp-content\/uploads\/2018\/11\/18.10-Medyka-7-1.jpg\" alt=\"18.10 Medyka 7\" width=\"2000\" height=\"1500\" srcset=\"https:\/\/marekkuchcinski.pl\/wp-content\/uploads\/2018\/11\/18.10-Medyka-7-1.jpg 2000w, https:\/\/marekkuchcinski.pl\/wp-content\/uploads\/2018\/11\/18.10-Medyka-7-1-300x225.jpg 300w, https:\/\/marekkuchcinski.pl\/wp-content\/uploads\/2018\/11\/18.10-Medyka-7-1-768x576.jpg 768w, https:\/\/marekkuchcinski.pl\/wp-content\/uploads\/2018\/11\/18.10-Medyka-7-1-1024x768.jpg 1024w\" sizes=\"(max-width: 2000px) 100vw, 2000px\" \/><\/a> <a href=\"https:\/\/marekkuchcinski.pl\/wp-content\/uploads\/2018\/11\/18.10-Medyka-4-1.jpg\"><img loading=\"lazy\" decoding=\"async\" class=\"alignnone size-full wp-image-11030\" src=\"https:\/\/marekkuchcinski.pl\/wp-content\/uploads\/2018\/11\/18.10-Medyka-4-1.jpg\" alt=\"18.10 Medyka 4\" width=\"1905\" height=\"1850\" srcset=\"https:\/\/marekkuchcinski.pl\/wp-content\/uploads\/2018\/11\/18.10-Medyka-4-1.jpg 1905w, https:\/\/marekkuchcinski.pl\/wp-content\/uploads\/2018\/11\/18.10-Medyka-4-1-300x291.jpg 300w, https:\/\/marekkuchcinski.pl\/wp-content\/uploads\/2018\/11\/18.10-Medyka-4-1-768x746.jpg 768w, https:\/\/marekkuchcinski.pl\/wp-content\/uploads\/2018\/11\/18.10-Medyka-4-1-1024x994.jpg 1024w\" sizes=\"(max-width: 1905px) 100vw, 1905px\" \/><\/a> <a href=\"https:\/\/marekkuchcinski.pl\/wp-content\/uploads\/2018\/11\/18.10-Medyka-6-1.jpg\"><img loading=\"lazy\" decoding=\"async\" class=\"alignnone size-full wp-image-11031\" src=\"https:\/\/marekkuchcinski.pl\/wp-content\/uploads\/2018\/11\/18.10-Medyka-6-1.jpg\" alt=\"18.10 Medyka 6\" width=\"1918\" height=\"1225\" srcset=\"https:\/\/marekkuchcinski.pl\/wp-content\/uploads\/2018\/11\/18.10-Medyka-6-1.jpg 1918w, https:\/\/marekkuchcinski.pl\/wp-content\/uploads\/2018\/11\/18.10-Medyka-6-1-300x192.jpg 300w, https:\/\/marekkuchcinski.pl\/wp-content\/uploads\/2018\/11\/18.10-Medyka-6-1-768x491.jpg 768w, https:\/\/marekkuchcinski.pl\/wp-content\/uploads\/2018\/11\/18.10-Medyka-6-1-1024x654.jpg 1024w\" sizes=\"(max-width: 1918px) 100vw, 1918px\" \/><\/a> <a href=\"https:\/\/marekkuchcinski.pl\/wp-content\/uploads\/2018\/11\/18.10-Medyka-3-1.jpg\"><img loading=\"lazy\" decoding=\"async\" class=\"alignnone size-full wp-image-11032\" src=\"https:\/\/marekkuchcinski.pl\/wp-content\/uploads\/2018\/11\/18.10-Medyka-3-1.jpg\" alt=\"18.10 Medyka 3\" width=\"2000\" height=\"1500\" srcset=\"https:\/\/marekkuchcinski.pl\/wp-content\/uploads\/2018\/11\/18.10-Medyka-3-1.jpg 2000w, https:\/\/marekkuchcinski.pl\/wp-content\/uploads\/2018\/11\/18.10-Medyka-3-1-300x225.jpg 300w, https:\/\/marekkuchcinski.pl\/wp-content\/uploads\/2018\/11\/18.10-Medyka-3-1-768x576.jpg 768w, https:\/\/marekkuchcinski.pl\/wp-content\/uploads\/2018\/11\/18.10-Medyka-3-1-1024x768.jpg 1024w\" sizes=\"(max-width: 2000px) 100vw, 2000px\" \/><\/a> <a href=\"https:\/\/marekkuchcinski.pl\/wp-content\/uploads\/2018\/11\/18.10-Medyka-2-1.jpg\"><img loading=\"lazy\" decoding=\"async\" class=\"alignnone size-full wp-image-11033\" src=\"https:\/\/marekkuchcinski.pl\/wp-content\/uploads\/2018\/11\/18.10-Medyka-2-1.jpg\" alt=\"18.10 Medyka 2\" width=\"1948\" height=\"1500\" srcset=\"https:\/\/marekkuchcinski.pl\/wp-content\/uploads\/2018\/11\/18.10-Medyka-2-1.jpg 1948w, https:\/\/marekkuchcinski.pl\/wp-content\/uploads\/2018\/11\/18.10-Medyka-2-1-300x231.jpg 300w, https:\/\/marekkuchcinski.pl\/wp-content\/uploads\/2018\/11\/18.10-Medyka-2-1-768x591.jpg 768w, https:\/\/marekkuchcinski.pl\/wp-content\/uploads\/2018\/11\/18.10-Medyka-2-1-1024x789.jpg 1024w\" sizes=\"(max-width: 1948px) 100vw, 1948px\" \/><\/a><\/p>\n<p><strong>19 octombrie <\/strong><\/p>\n<p><strong>\u00cempreun\u0103 cu viceprim-ministrul Piotr Gli\u0144ski, mare\u0219alul a mers la Kalwaria Pac\u0142awska. Aceasta a fost urmat\u0103 de o \u00eent\u00e2lnire la Przemy\u015bl,<\/strong> \u00een timpul c\u0103reia ministrul a anun\u021bat c\u0103 Consiliul pentru protec\u021bia monumentelor a adoptat o rezolu\u021bie care apreciaz\u0103 de dou\u0103 ori Przemy\u015bl \u0219i a instituit alte dou\u0103 monumente istorice: Cetatea Przemy\u015bl \u0219i Complexul urbanistic al ora\u0219ului vechi Przemy\u015bl. Un alt punct de pe ordinea de zi a fost un simpozion privind lucr\u0103rile de deschidere a Rotundei istorice a Sf\u00e2ntului Nicolae din Bazilica Arhidiecedral\u0103 din Przemy\u015bl.<\/p>\n<p><a href=\"https:\/\/marekkuchcinski.pl\/wp-content\/uploads\/2018\/11\/19.10-Przemy\u015bl-11.jpg\"><img loading=\"lazy\" decoding=\"async\" class=\"alignnone size-full wp-image-11037\" src=\"https:\/\/marekkuchcinski.pl\/wp-content\/uploads\/2018\/11\/19.10-Przemy\u015bl-11.jpg\" alt=\"19.10 Przemy\u015bl 11\" width=\"2000\" height=\"1500\" srcset=\"https:\/\/marekkuchcinski.pl\/wp-content\/uploads\/2018\/11\/19.10-Przemy\u015bl-11.jpg 2000w, https:\/\/marekkuchcinski.pl\/wp-content\/uploads\/2018\/11\/19.10-Przemy\u015bl-11-300x225.jpg 300w, https:\/\/marekkuchcinski.pl\/wp-content\/uploads\/2018\/11\/19.10-Przemy\u015bl-11-768x576.jpg 768w, https:\/\/marekkuchcinski.pl\/wp-content\/uploads\/2018\/11\/19.10-Przemy\u015bl-11-1024x768.jpg 1024w\" sizes=\"(max-width: 2000px) 100vw, 2000px\" \/><\/a> <a href=\"https:\/\/marekkuchcinski.pl\/wp-content\/uploads\/2018\/11\/19.10-Przemy\u015bl-9.jpg\"><img loading=\"lazy\" decoding=\"async\" class=\"alignnone size-full wp-image-11038\" src=\"https:\/\/marekkuchcinski.pl\/wp-content\/uploads\/2018\/11\/19.10-Przemy\u015bl-9.jpg\" alt=\"19.10 Przemy\u015bl 9\" width=\"2000\" height=\"1500\" srcset=\"https:\/\/marekkuchcinski.pl\/wp-content\/uploads\/2018\/11\/19.10-Przemy\u015bl-9.jpg 2000w, https:\/\/marekkuchcinski.pl\/wp-content\/uploads\/2018\/11\/19.10-Przemy\u015bl-9-300x225.jpg 300w, https:\/\/marekkuchcinski.pl\/wp-content\/uploads\/2018\/11\/19.10-Przemy\u015bl-9-768x576.jpg 768w, https:\/\/marekkuchcinski.pl\/wp-content\/uploads\/2018\/11\/19.10-Przemy\u015bl-9-1024x768.jpg 1024w\" sizes=\"(max-width: 2000px) 100vw, 2000px\" \/><\/a> <a href=\"https:\/\/marekkuchcinski.pl\/wp-content\/uploads\/2018\/11\/19.10-Przemy\u015bl-8.jpg\"><img loading=\"lazy\" decoding=\"async\" class=\"alignnone size-full wp-image-11039\" src=\"https:\/\/marekkuchcinski.pl\/wp-content\/uploads\/2018\/11\/19.10-Przemy\u015bl-8.jpg\" alt=\"19.10 Przemy\u015bl 8\" width=\"2000\" height=\"1500\" srcset=\"https:\/\/marekkuchcinski.pl\/wp-content\/uploads\/2018\/11\/19.10-Przemy\u015bl-8.jpg 2000w, https:\/\/marekkuchcinski.pl\/wp-content\/uploads\/2018\/11\/19.10-Przemy\u015bl-8-300x225.jpg 300w, https:\/\/marekkuchcinski.pl\/wp-content\/uploads\/2018\/11\/19.10-Przemy\u015bl-8-768x576.jpg 768w, https:\/\/marekkuchcinski.pl\/wp-content\/uploads\/2018\/11\/19.10-Przemy\u015bl-8-1024x768.jpg 1024w\" sizes=\"(max-width: 2000px) 100vw, 2000px\" \/><\/a> <a href=\"https:\/\/marekkuchcinski.pl\/wp-content\/uploads\/2018\/11\/19.10-Przemy\u015bl-7.jpg\"><img loading=\"lazy\" decoding=\"async\" class=\"alignnone size-full wp-image-11040\" src=\"https:\/\/marekkuchcinski.pl\/wp-content\/uploads\/2018\/11\/19.10-Przemy\u015bl-7.jpg\" alt=\"19.10 Przemy\u015bl 7\" width=\"1747\" height=\"1131\" srcset=\"https:\/\/marekkuchcinski.pl\/wp-content\/uploads\/2018\/11\/19.10-Przemy\u015bl-7.jpg 1747w, https:\/\/marekkuchcinski.pl\/wp-content\/uploads\/2018\/11\/19.10-Przemy\u015bl-7-300x194.jpg 300w, https:\/\/marekkuchcinski.pl\/wp-content\/uploads\/2018\/11\/19.10-Przemy\u015bl-7-768x497.jpg 768w, https:\/\/marekkuchcinski.pl\/wp-content\/uploads\/2018\/11\/19.10-Przemy\u015bl-7-1024x663.jpg 1024w\" sizes=\"(max-width: 1747px) 100vw, 1747px\" \/><\/a> <a href=\"https:\/\/marekkuchcinski.pl\/wp-content\/uploads\/2018\/11\/19.10-Przemy\u015bl-6.jpg\"><img loading=\"lazy\" decoding=\"async\" class=\"alignnone size-full wp-image-11041\" src=\"https:\/\/marekkuchcinski.pl\/wp-content\/uploads\/2018\/11\/19.10-Przemy\u015bl-6.jpg\" alt=\"19.10 Przemy\u015bl 6\" width=\"1474\" height=\"1864\" srcset=\"https:\/\/marekkuchcinski.pl\/wp-content\/uploads\/2018\/11\/19.10-Przemy\u015bl-6.jpg 1474w, https:\/\/marekkuchcinski.pl\/wp-content\/uploads\/2018\/11\/19.10-Przemy\u015bl-6-237x300.jpg 237w, https:\/\/marekkuchcinski.pl\/wp-content\/uploads\/2018\/11\/19.10-Przemy\u015bl-6-768x971.jpg 768w, https:\/\/marekkuchcinski.pl\/wp-content\/uploads\/2018\/11\/19.10-Przemy\u015bl-6-810x1024.jpg 810w\" sizes=\"(max-width: 1474px) 100vw, 1474px\" \/><\/a> <a href=\"https:\/\/marekkuchcinski.pl\/wp-content\/uploads\/2018\/11\/19.10-Przemy\u015bl-5.jpg\"><img loading=\"lazy\" decoding=\"async\" class=\"alignnone size-full wp-image-11042\" src=\"https:\/\/marekkuchcinski.pl\/wp-content\/uploads\/2018\/11\/19.10-Przemy\u015bl-5.jpg\" alt=\"19.10 Przemy\u015bl 5\" width=\"1745\" height=\"1875\" srcset=\"https:\/\/marekkuchcinski.pl\/wp-content\/uploads\/2018\/11\/19.10-Przemy\u015bl-5.jpg 1745w, https:\/\/marekkuchcinski.pl\/wp-content\/uploads\/2018\/11\/19.10-Przemy\u015bl-5-279x300.jpg 279w, https:\/\/marekkuchcinski.pl\/wp-content\/uploads\/2018\/11\/19.10-Przemy\u015bl-5-768x825.jpg 768w, https:\/\/marekkuchcinski.pl\/wp-content\/uploads\/2018\/11\/19.10-Przemy\u015bl-5-953x1024.jpg 953w\" sizes=\"(max-width: 1745px) 100vw, 1745px\" \/><\/a> <a href=\"https:\/\/marekkuchcinski.pl\/wp-content\/uploads\/2018\/11\/19.10-Przemy\u015bl-4.jpg\"><img loading=\"lazy\" decoding=\"async\" class=\"alignnone size-full wp-image-11043\" src=\"https:\/\/marekkuchcinski.pl\/wp-content\/uploads\/2018\/11\/19.10-Przemy\u015bl-4.jpg\" alt=\"19.10 Przemy\u015bl 4\" width=\"563\" height=\"750\" srcset=\"https:\/\/marekkuchcinski.pl\/wp-content\/uploads\/2018\/11\/19.10-Przemy\u015bl-4.jpg 563w, https:\/\/marekkuchcinski.pl\/wp-content\/uploads\/2018\/11\/19.10-Przemy\u015bl-4-225x300.jpg 225w\" sizes=\"(max-width: 563px) 100vw, 563px\" \/><\/a> <a href=\"https:\/\/marekkuchcinski.pl\/wp-content\/uploads\/2018\/11\/19.10-Przemy\u015bl-3.jpg\"><img loading=\"lazy\" decoding=\"async\" class=\"alignnone size-full wp-image-11044\" src=\"https:\/\/marekkuchcinski.pl\/wp-content\/uploads\/2018\/11\/19.10-Przemy\u015bl-3.jpg\" alt=\"19.10 Przemy\u015bl 3\" width=\"2000\" height=\"1500\" srcset=\"https:\/\/marekkuchcinski.pl\/wp-content\/uploads\/2018\/11\/19.10-Przemy\u015bl-3.jpg 2000w, https:\/\/marekkuchcinski.pl\/wp-content\/uploads\/2018\/11\/19.10-Przemy\u015bl-3-300x225.jpg 300w, https:\/\/marekkuchcinski.pl\/wp-content\/uploads\/2018\/11\/19.10-Przemy\u015bl-3-768x576.jpg 768w, https:\/\/marekkuchcinski.pl\/wp-content\/uploads\/2018\/11\/19.10-Przemy\u015bl-3-1024x768.jpg 1024w\" sizes=\"(max-width: 2000px) 100vw, 2000px\" \/><\/a> <a href=\"https:\/\/marekkuchcinski.pl\/wp-content\/uploads\/2018\/11\/19.10-Przemy\u015bl-2.jpg\"><img loading=\"lazy\" decoding=\"async\" class=\"alignnone size-full wp-image-11045\" src=\"https:\/\/marekkuchcinski.pl\/wp-content\/uploads\/2018\/11\/19.10-Przemy\u015bl-2.jpg\" alt=\"19.10 Przemy\u015bl 2\" width=\"2000\" height=\"1500\" srcset=\"https:\/\/marekkuchcinski.pl\/wp-content\/uploads\/2018\/11\/19.10-Przemy\u015bl-2.jpg 2000w, https:\/\/marekkuchcinski.pl\/wp-content\/uploads\/2018\/11\/19.10-Przemy\u015bl-2-300x225.jpg 300w, https:\/\/marekkuchcinski.pl\/wp-content\/uploads\/2018\/11\/19.10-Przemy\u015bl-2-768x576.jpg 768w, https:\/\/marekkuchcinski.pl\/wp-content\/uploads\/2018\/11\/19.10-Przemy\u015bl-2-1024x768.jpg 1024w\" sizes=\"(max-width: 2000px) 100vw, 2000px\" \/><\/a> <a href=\"https:\/\/marekkuchcinski.pl\/wp-content\/uploads\/2018\/11\/19.10-Przemy\u015bl-1.jpg\"><img loading=\"lazy\" decoding=\"async\" class=\"alignnone size-full wp-image-11046\" src=\"https:\/\/marekkuchcinski.pl\/wp-content\/uploads\/2018\/11\/19.10-Przemy\u015bl-1.jpg\" alt=\"19.10 Przemy\u015bl 1\" width=\"2000\" height=\"1500\" srcset=\"https:\/\/marekkuchcinski.pl\/wp-content\/uploads\/2018\/11\/19.10-Przemy\u015bl-1.jpg 2000w, https:\/\/marekkuchcinski.pl\/wp-content\/uploads\/2018\/11\/19.10-Przemy\u015bl-1-300x225.jpg 300w, https:\/\/marekkuchcinski.pl\/wp-content\/uploads\/2018\/11\/19.10-Przemy\u015bl-1-768x576.jpg 768w, https:\/\/marekkuchcinski.pl\/wp-content\/uploads\/2018\/11\/19.10-Przemy\u015bl-1-1024x768.jpg 1024w\" sizes=\"(max-width: 2000px) 100vw, 2000px\" \/><\/a> <a href=\"https:\/\/marekkuchcinski.pl\/wp-content\/uploads\/2018\/11\/19.10-Kalwaria-Pac\u0142awska-11.jpg\"><img loading=\"lazy\" decoding=\"async\" class=\"alignnone size-full wp-image-11049\" src=\"https:\/\/marekkuchcinski.pl\/wp-content\/uploads\/2018\/11\/19.10-Kalwaria-Pac\u0142awska-11.jpg\" alt=\"19.10 Kalwaria Pac\u0142awska 11\" width=\"1500\" height=\"2000\" srcset=\"https:\/\/marekkuchcinski.pl\/wp-content\/uploads\/2018\/11\/19.10-Kalwaria-Pac\u0142awska-11.jpg 1500w, https:\/\/marekkuchcinski.pl\/wp-content\/uploads\/2018\/11\/19.10-Kalwaria-Pac\u0142awska-11-225x300.jpg 225w, https:\/\/marekkuchcinski.pl\/wp-content\/uploads\/2018\/11\/19.10-Kalwaria-Pac\u0142awska-11-768x1024.jpg 768w\" sizes=\"(max-width: 1500px) 100vw, 1500px\" \/><\/a> <a href=\"https:\/\/marekkuchcinski.pl\/wp-content\/uploads\/2018\/11\/19.10-Kalwaria-Pac\u0142awska-8.jpg\"><img loading=\"lazy\" decoding=\"async\" class=\"alignnone size-full wp-image-11052\" src=\"https:\/\/marekkuchcinski.pl\/wp-content\/uploads\/2018\/11\/19.10-Kalwaria-Pac\u0142awska-8.jpg\" alt=\"19.10 Kalwaria Pac\u0142awska 8\" width=\"2000\" height=\"1500\" srcset=\"https:\/\/marekkuchcinski.pl\/wp-content\/uploads\/2018\/11\/19.10-Kalwaria-Pac\u0142awska-8.jpg 2000w, https:\/\/marekkuchcinski.pl\/wp-content\/uploads\/2018\/11\/19.10-Kalwaria-Pac\u0142awska-8-300x225.jpg 300w, https:\/\/marekkuchcinski.pl\/wp-content\/uploads\/2018\/11\/19.10-Kalwaria-Pac\u0142awska-8-768x576.jpg 768w, https:\/\/marekkuchcinski.pl\/wp-content\/uploads\/2018\/11\/19.10-Kalwaria-Pac\u0142awska-8-1024x768.jpg 1024w\" sizes=\"(max-width: 2000px) 100vw, 2000px\" \/><\/a> <a href=\"https:\/\/marekkuchcinski.pl\/wp-content\/uploads\/2018\/11\/19.10-Kalwaria-Pac\u0142awska-7.jpg\"><img loading=\"lazy\" decoding=\"async\" class=\"alignnone size-full wp-image-11053\" src=\"https:\/\/marekkuchcinski.pl\/wp-content\/uploads\/2018\/11\/19.10-Kalwaria-Pac\u0142awska-7.jpg\" alt=\"19.10 Kalwaria Pac\u0142awska 7\" width=\"2000\" height=\"1500\" srcset=\"https:\/\/marekkuchcinski.pl\/wp-content\/uploads\/2018\/11\/19.10-Kalwaria-Pac\u0142awska-7.jpg 2000w, https:\/\/marekkuchcinski.pl\/wp-content\/uploads\/2018\/11\/19.10-Kalwaria-Pac\u0142awska-7-300x225.jpg 300w, https:\/\/marekkuchcinski.pl\/wp-content\/uploads\/2018\/11\/19.10-Kalwaria-Pac\u0142awska-7-768x576.jpg 768w, https:\/\/marekkuchcinski.pl\/wp-content\/uploads\/2018\/11\/19.10-Kalwaria-Pac\u0142awska-7-1024x768.jpg 1024w\" sizes=\"(max-width: 2000px) 100vw, 2000px\" \/><\/a> <a href=\"https:\/\/marekkuchcinski.pl\/wp-content\/uploads\/2018\/11\/19.10-Kalwaria-Pac\u0142awska-5.jpg\"><img loading=\"lazy\" decoding=\"async\" class=\"alignnone size-full wp-image-11055\" src=\"https:\/\/marekkuchcinski.pl\/wp-content\/uploads\/2018\/11\/19.10-Kalwaria-Pac\u0142awska-5.jpg\" alt=\"19.10 Kalwaria Pac\u0142awska 5\" width=\"1782\" height=\"1490\" srcset=\"https:\/\/marekkuchcinski.pl\/wp-content\/uploads\/2018\/11\/19.10-Kalwaria-Pac\u0142awska-5.jpg 1782w, https:\/\/marekkuchcinski.pl\/wp-content\/uploads\/2018\/11\/19.10-Kalwaria-Pac\u0142awska-5-300x251.jpg 300w, https:\/\/marekkuchcinski.pl\/wp-content\/uploads\/2018\/11\/19.10-Kalwaria-Pac\u0142awska-5-768x642.jpg 768w, https:\/\/marekkuchcinski.pl\/wp-content\/uploads\/2018\/11\/19.10-Kalwaria-Pac\u0142awska-5-1024x856.jpg 1024w\" sizes=\"(max-width: 1782px) 100vw, 1782px\" \/><\/a> <a href=\"https:\/\/marekkuchcinski.pl\/wp-content\/uploads\/2018\/11\/19.10-Kalwaria-Pac\u0142awska-2.jpg\"><img loading=\"lazy\" decoding=\"async\" class=\"alignnone size-full wp-image-11058\" src=\"https:\/\/marekkuchcinski.pl\/wp-content\/uploads\/2018\/11\/19.10-Kalwaria-Pac\u0142awska-2.jpg\" alt=\"19.10 Kalwaria Pac\u0142awska 2\" width=\"1500\" height=\"2000\" srcset=\"https:\/\/marekkuchcinski.pl\/wp-content\/uploads\/2018\/11\/19.10-Kalwaria-Pac\u0142awska-2.jpg 1500w, https:\/\/marekkuchcinski.pl\/wp-content\/uploads\/2018\/11\/19.10-Kalwaria-Pac\u0142awska-2-225x300.jpg 225w, https:\/\/marekkuchcinski.pl\/wp-content\/uploads\/2018\/11\/19.10-Kalwaria-Pac\u0142awska-2-768x1024.jpg 768w\" sizes=\"(max-width: 1500px) 100vw, 1500px\" \/><\/a> <a href=\"https:\/\/marekkuchcinski.pl\/wp-content\/uploads\/2018\/11\/19.10-Kalwaria-Pac\u0142awska-1.jpg\"><img loading=\"lazy\" decoding=\"async\" class=\"alignnone size-full wp-image-11059\" src=\"https:\/\/marekkuchcinski.pl\/wp-content\/uploads\/2018\/11\/19.10-Kalwaria-Pac\u0142awska-1.jpg\" alt=\"19.10 Kalwaria Pac\u0142awska 1\" width=\"1500\" height=\"2000\" srcset=\"https:\/\/marekkuchcinski.pl\/wp-content\/uploads\/2018\/11\/19.10-Kalwaria-Pac\u0142awska-1.jpg 1500w, https:\/\/marekkuchcinski.pl\/wp-content\/uploads\/2018\/11\/19.10-Kalwaria-Pac\u0142awska-1-225x300.jpg 225w, https:\/\/marekkuchcinski.pl\/wp-content\/uploads\/2018\/11\/19.10-Kalwaria-Pac\u0142awska-1-768x1024.jpg 768w\" sizes=\"(max-width: 1500px) 100vw, 1500px\" \/><\/a><\/p>\n<p><strong>20 octombrie <\/strong><\/p>\n<p><strong>Speakerul a participat la Conferin\u021ba interna\u021bional\u0103 \"Unbreakability of the Individual - Sustainability of the Community\".<\/strong> organizat\u0103 la Muzeul Na\u021bional al Regiunii Przemysl de c\u0103tre profesorul Zdzis\u0142aw Krasnod\u0119bski.<\/p>\n<blockquote class=\"wp-embedded-content\" data-secret=\"Xxz9PzyOVF\"><p><a href=\"https:\/\/marekkuchcinski.pl\/uk\/wydarzenia\/miedzynarodowa-konferencja-niezlomnosc-jednostki-trwalosc-wspolnoty\/\">Conferin\u021ba interna\u021bional\u0103 \"Statornicia individual\u0103 - permanen\u021ba comunit\u0103\u021bii\"<\/a><\/p><\/blockquote>\n<p><iframe class=\"wp-embedded-content\" sandbox=\"allow-scripts\" security=\"restricted\" style=\"position: absolute; clip: rect(1px, 1px, 1px, 1px);\" title=\"&quot;Conferin\u021ba interna\u021bional\u0103 &quot;Incapabilitatea individului - durabilitatea comunit\u0103\u021bii&quot;&quot;. - Marek Kuchcinski\" src=\"https:\/\/marekkuchcinski.pl\/uk\/wydarzenia\/miedzynarodowa-konferencja-niezlomnosc-jednostki-trwalosc-wspolnoty\/embed\/#?secret=Xxz9PzyOVF\" data-secret=\"Xxz9PzyOVF\" width=\"600\" height=\"338\" frameborder=\"0\" marginwidth=\"0\" marginheight=\"0\" scrolling=\"no\"><\/iframe><\/p>\n<p><strong> 21 octombrie <\/strong><\/p>\n<p><strong>Pre\u0219edintele Parlamentului a votat la alegerile locale din Przemy\u015bl.<\/strong><\/p>\n<p><a href=\"https:\/\/marekkuchcinski.pl\/wp-content\/uploads\/2018\/11\/21.10-Przemy\u015bl-5.jpg\"><img loading=\"lazy\" decoding=\"async\" class=\"alignnone size-full wp-image-11062\" src=\"https:\/\/marekkuchcinski.pl\/wp-content\/uploads\/2018\/11\/21.10-Przemy\u015bl-5.jpg\" alt=\"21.10 Przemy\u015bl 5\" width=\"805\" height=\"537\" srcset=\"https:\/\/marekkuchcinski.pl\/wp-content\/uploads\/2018\/11\/21.10-Przemy\u015bl-5.jpg 805w, https:\/\/marekkuchcinski.pl\/wp-content\/uploads\/2018\/11\/21.10-Przemy\u015bl-5-300x200.jpg 300w, https:\/\/marekkuchcinski.pl\/wp-content\/uploads\/2018\/11\/21.10-Przemy\u015bl-5-768x512.jpg 768w\" sizes=\"(max-width: 805px) 100vw, 805px\" \/><\/a> <a href=\"https:\/\/marekkuchcinski.pl\/wp-content\/uploads\/2018\/11\/21.10-Przemy\u015bl-4.jpg\"><img loading=\"lazy\" decoding=\"async\" class=\"alignnone size-full wp-image-11063\" src=\"https:\/\/marekkuchcinski.pl\/wp-content\/uploads\/2018\/11\/21.10-Przemy\u015bl-4.jpg\" alt=\"21.10 Przemy\u015bl 4\" width=\"357\" height=\"537\" srcset=\"https:\/\/marekkuchcinski.pl\/wp-content\/uploads\/2018\/11\/21.10-Przemy\u015bl-4.jpg 357w, https:\/\/marekkuchcinski.pl\/wp-content\/uploads\/2018\/11\/21.10-Przemy\u015bl-4-199x300.jpg 199w\" sizes=\"(max-width: 357px) 100vw, 357px\" \/><\/a><\/p>\n<p><strong>25 octombrie <\/strong><\/p>\n<p><strong>La Castelul Przemy\u015bl a avut loc o festivitate de adio pentru pre\u0219edintele Robert Choma.<\/strong><\/p>\n<p><strong>26 octombrie<\/strong><\/p>\n<p><strong>A fost dezvelit Monumentul Memorial Na\u021bional din Parohia Hristos Regele din Jaros\u0142aw. Monumentul a fost sfin\u021bit de ABP Adam Szal, mitropolit de Przemy\u015bl.<\/strong><\/p>\n<p>- \u00cen anul \u00een care se \u00eemplinesc 100 de ani de la redob\u00e2ndirea independen\u021bei Poloniei, un monument a fost dezvelit \u00een regiunea Podkarpacie ca o lec\u021bie de istorie, reamintindu-le oamenilor c\u0103 istoria Poloniei este legat\u0103 de istoria cre\u0219tinismului, a declarat Marek Kuchci\u0144ski.<\/p>\n<p><a href=\"https:\/\/marekkuchcinski.pl\/wp-content\/uploads\/2018\/11\/pomnik-w-parafii-Chrystusa-Kr\u00f3la-w-Jaros\u0142awiu-8.jpg\"><img loading=\"lazy\" decoding=\"async\" class=\"alignnone size-full wp-image-10960\" src=\"https:\/\/marekkuchcinski.pl\/wp-content\/uploads\/2018\/11\/pomnik-w-parafii-Chrystusa-Kr\u00f3la-w-Jaros\u0142awiu-8.jpg\" alt=\"pomnik w parafii Chrystusa Kr\u00f3la w Jaros\u0142awiu 8\" width=\"720\" height=\"960\" srcset=\"https:\/\/marekkuchcinski.pl\/wp-content\/uploads\/2018\/11\/pomnik-w-parafii-Chrystusa-Kr\u00f3la-w-Jaros\u0142awiu-8.jpg 720w, https:\/\/marekkuchcinski.pl\/wp-content\/uploads\/2018\/11\/pomnik-w-parafii-Chrystusa-Kr\u00f3la-w-Jaros\u0142awiu-8-225x300.jpg 225w\" sizes=\"(max-width: 720px) 100vw, 720px\" \/><\/a> <a href=\"https:\/\/marekkuchcinski.pl\/wp-content\/uploads\/2018\/11\/pomnik-w-parafii-Chrystusa-Kr\u00f3la-w-Jaros\u0142awiu-7.jpg\"><img loading=\"lazy\" decoding=\"async\" class=\"alignnone size-full wp-image-10961\" src=\"https:\/\/marekkuchcinski.pl\/wp-content\/uploads\/2018\/11\/pomnik-w-parafii-Chrystusa-Kr\u00f3la-w-Jaros\u0142awiu-7.jpg\" alt=\"pomnik w parafii Chrystusa Kr\u00f3la w Jaros\u0142awiu 7\" width=\"720\" height=\"960\" srcset=\"https:\/\/marekkuchcinski.pl\/wp-content\/uploads\/2018\/11\/pomnik-w-parafii-Chrystusa-Kr\u00f3la-w-Jaros\u0142awiu-7.jpg 720w, https:\/\/marekkuchcinski.pl\/wp-content\/uploads\/2018\/11\/pomnik-w-parafii-Chrystusa-Kr\u00f3la-w-Jaros\u0142awiu-7-225x300.jpg 225w\" sizes=\"(max-width: 720px) 100vw, 720px\" \/><\/a> <a href=\"https:\/\/marekkuchcinski.pl\/wp-content\/uploads\/2018\/11\/pomnik-w-parafii-Chrystusa-Kr\u00f3la-w-Jaros\u0142awiu-6.jpg\"><img loading=\"lazy\" decoding=\"async\" class=\"alignnone size-full wp-image-10962\" src=\"https:\/\/marekkuchcinski.pl\/wp-content\/uploads\/2018\/11\/pomnik-w-parafii-Chrystusa-Kr\u00f3la-w-Jaros\u0142awiu-6.jpg\" alt=\"pomnik w parafii Chrystusa Kr\u00f3la w Jaros\u0142awiu 6\" width=\"720\" height=\"960\" srcset=\"https:\/\/marekkuchcinski.pl\/wp-content\/uploads\/2018\/11\/pomnik-w-parafii-Chrystusa-Kr\u00f3la-w-Jaros\u0142awiu-6.jpg 720w, https:\/\/marekkuchcinski.pl\/wp-content\/uploads\/2018\/11\/pomnik-w-parafii-Chrystusa-Kr\u00f3la-w-Jaros\u0142awiu-6-225x300.jpg 225w\" sizes=\"(max-width: 720px) 100vw, 720px\" \/><\/a> <a href=\"https:\/\/marekkuchcinski.pl\/wp-content\/uploads\/2018\/11\/pomnik-w-parafii-Chrystusa-Kr\u00f3la-w-Jaros\u0142awiu-5.jpg\"><img loading=\"lazy\" decoding=\"async\" class=\"alignnone size-full wp-image-10963\" src=\"https:\/\/marekkuchcinski.pl\/wp-content\/uploads\/2018\/11\/pomnik-w-parafii-Chrystusa-Kr\u00f3la-w-Jaros\u0142awiu-5.jpg\" alt=\"pomnik w parafii Chrystusa Kr\u00f3la w Jaros\u0142awiu 5\" width=\"720\" height=\"960\" srcset=\"https:\/\/marekkuchcinski.pl\/wp-content\/uploads\/2018\/11\/pomnik-w-parafii-Chrystusa-Kr\u00f3la-w-Jaros\u0142awiu-5.jpg 720w, https:\/\/marekkuchcinski.pl\/wp-content\/uploads\/2018\/11\/pomnik-w-parafii-Chrystusa-Kr\u00f3la-w-Jaros\u0142awiu-5-225x300.jpg 225w\" sizes=\"(max-width: 720px) 100vw, 720px\" \/><\/a> <a href=\"https:\/\/marekkuchcinski.pl\/wp-content\/uploads\/2018\/11\/pomnik-w-parafii-Chrystusa-Kr\u00f3la-w-Jaros\u0142awiu-4.jpg\"><img loading=\"lazy\" decoding=\"async\" class=\"alignnone size-full wp-image-10964\" src=\"https:\/\/marekkuchcinski.pl\/wp-content\/uploads\/2018\/11\/pomnik-w-parafii-Chrystusa-Kr\u00f3la-w-Jaros\u0142awiu-4.jpg\" alt=\"pomnik w parafii Chrystusa Kr\u00f3la w Jaros\u0142awiu 4\" width=\"960\" height=\"720\" srcset=\"https:\/\/marekkuchcinski.pl\/wp-content\/uploads\/2018\/11\/pomnik-w-parafii-Chrystusa-Kr\u00f3la-w-Jaros\u0142awiu-4.jpg 960w, https:\/\/marekkuchcinski.pl\/wp-content\/uploads\/2018\/11\/pomnik-w-parafii-Chrystusa-Kr\u00f3la-w-Jaros\u0142awiu-4-300x225.jpg 300w, https:\/\/marekkuchcinski.pl\/wp-content\/uploads\/2018\/11\/pomnik-w-parafii-Chrystusa-Kr\u00f3la-w-Jaros\u0142awiu-4-768x576.jpg 768w\" sizes=\"(max-width: 960px) 100vw, 960px\" \/><\/a> <a href=\"https:\/\/marekkuchcinski.pl\/wp-content\/uploads\/2018\/11\/pomnik-w-parafii-Chrystusa-Kr\u00f3la-w-Jaros\u0142awiu-1.jpg\"><img loading=\"lazy\" decoding=\"async\" class=\"alignnone size-full wp-image-10967\" src=\"https:\/\/marekkuchcinski.pl\/wp-content\/uploads\/2018\/11\/pomnik-w-parafii-Chrystusa-Kr\u00f3la-w-Jaros\u0142awiu-1.jpg\" alt=\"pomnik w parafii Chrystusa Kr\u00f3la w Jaros\u0142awiu 1\" width=\"720\" height=\"960\" srcset=\"https:\/\/marekkuchcinski.pl\/wp-content\/uploads\/2018\/11\/pomnik-w-parafii-Chrystusa-Kr\u00f3la-w-Jaros\u0142awiu-1.jpg 720w, https:\/\/marekkuchcinski.pl\/wp-content\/uploads\/2018\/11\/pomnik-w-parafii-Chrystusa-Kr\u00f3la-w-Jaros\u0142awiu-1-225x300.jpg 225w\" sizes=\"(max-width: 720px) 100vw, 720px\" \/><\/a><\/p>\n<p><strong>\u00cent\u00e2lnire cu locuitorii din \u0141a\u0144cut.<\/strong><\/p>\n<p><strong>La Muzeul Castelului din \u0141a\u0144cut, Marek Kuchci\u0144ski a deschis oficial o expozi\u021bie care marcheaz\u0103 100 de ani de la redob\u00e2ndirea independen\u021bei Poloniei.<\/strong><\/p>\n<p>- Prin aceast\u0103 expozi\u021bie ne personaliz\u0103m istoria, nu punem accentul pe fapte \u0219i date, ci prezent\u0103m profiluri de oameni. Din punctul de vedere al activit\u0103\u021bilor noastre publice, oamenii sunt cei mai importan\u021bi. Suntem con\u0219tien\u021bi de importan\u021ba de a avea grij\u0103 de mo\u0219tenirea str\u0103mo\u0219ilor no\u0219tri. Chiar \u0219i cele mai mici artefacte, suveniruri de la donatori, de multe ori singurele r\u0103mase \u0219i cu at\u00e2t mai dragi\", a spus mare\u0219alul.<\/p>\n<p><a href=\"https:\/\/marekkuchcinski.pl\/wp-content\/uploads\/2018\/11\/\u0141a\u0144cut-7.jpg\"><img loading=\"lazy\" decoding=\"async\" class=\"alignnone size-full wp-image-10927\" src=\"https:\/\/marekkuchcinski.pl\/wp-content\/uploads\/2018\/11\/\u0141a\u0144cut-7.jpg\" alt=\"\u0141a\u0144cut 7\" width=\"960\" height=\"720\" srcset=\"https:\/\/marekkuchcinski.pl\/wp-content\/uploads\/2018\/11\/\u0141a\u0144cut-7.jpg 960w, https:\/\/marekkuchcinski.pl\/wp-content\/uploads\/2018\/11\/\u0141a\u0144cut-7-300x225.jpg 300w, https:\/\/marekkuchcinski.pl\/wp-content\/uploads\/2018\/11\/\u0141a\u0144cut-7-768x576.jpg 768w\" sizes=\"(max-width: 960px) 100vw, 960px\" \/><\/a> <a href=\"https:\/\/marekkuchcinski.pl\/wp-content\/uploads\/2018\/11\/\u0141a\u0144cut-6.jpg\"><img loading=\"lazy\" decoding=\"async\" class=\"alignnone size-full wp-image-10928\" src=\"https:\/\/marekkuchcinski.pl\/wp-content\/uploads\/2018\/11\/\u0141a\u0144cut-6.jpg\" alt=\"\u0141a\u0144cut 6\" width=\"960\" height=\"720\" srcset=\"https:\/\/marekkuchcinski.pl\/wp-content\/uploads\/2018\/11\/\u0141a\u0144cut-6.jpg 960w, https:\/\/marekkuchcinski.pl\/wp-content\/uploads\/2018\/11\/\u0141a\u0144cut-6-300x225.jpg 300w, https:\/\/marekkuchcinski.pl\/wp-content\/uploads\/2018\/11\/\u0141a\u0144cut-6-768x576.jpg 768w\" sizes=\"(max-width: 960px) 100vw, 960px\" \/><\/a> <a href=\"https:\/\/marekkuchcinski.pl\/wp-content\/uploads\/2018\/11\/\u0141a\u0144cut-5.jpg\"><img loading=\"lazy\" decoding=\"async\" class=\"alignnone size-full wp-image-10929\" src=\"https:\/\/marekkuchcinski.pl\/wp-content\/uploads\/2018\/11\/\u0141a\u0144cut-5.jpg\" alt=\"\u0141a\u0144cut 5\" width=\"720\" height=\"960\" srcset=\"https:\/\/marekkuchcinski.pl\/wp-content\/uploads\/2018\/11\/\u0141a\u0144cut-5.jpg 720w, https:\/\/marekkuchcinski.pl\/wp-content\/uploads\/2018\/11\/\u0141a\u0144cut-5-225x300.jpg 225w\" sizes=\"(max-width: 720px) 100vw, 720px\" \/><\/a> <a href=\"https:\/\/marekkuchcinski.pl\/wp-content\/uploads\/2018\/11\/\u0141a\u0144cut-4.jpg\"><img loading=\"lazy\" decoding=\"async\" class=\"alignnone size-full wp-image-10930\" src=\"https:\/\/marekkuchcinski.pl\/wp-content\/uploads\/2018\/11\/\u0141a\u0144cut-4.jpg\" alt=\"\u0141a\u0144cut 4\" width=\"960\" height=\"720\" srcset=\"https:\/\/marekkuchcinski.pl\/wp-content\/uploads\/2018\/11\/\u0141a\u0144cut-4.jpg 960w, https:\/\/marekkuchcinski.pl\/wp-content\/uploads\/2018\/11\/\u0141a\u0144cut-4-300x225.jpg 300w, https:\/\/marekkuchcinski.pl\/wp-content\/uploads\/2018\/11\/\u0141a\u0144cut-4-768x576.jpg 768w\" sizes=\"(max-width: 960px) 100vw, 960px\" \/><\/a> <a href=\"https:\/\/marekkuchcinski.pl\/wp-content\/uploads\/2018\/11\/\u0141a\u0144cut-3.jpg\"><img loading=\"lazy\" decoding=\"async\" class=\"alignnone size-full wp-image-10931\" src=\"https:\/\/marekkuchcinski.pl\/wp-content\/uploads\/2018\/11\/\u0141a\u0144cut-3.jpg\" alt=\"\u0141a\u0144cut 3\" width=\"960\" height=\"720\" srcset=\"https:\/\/marekkuchcinski.pl\/wp-content\/uploads\/2018\/11\/\u0141a\u0144cut-3.jpg 960w, https:\/\/marekkuchcinski.pl\/wp-content\/uploads\/2018\/11\/\u0141a\u0144cut-3-300x225.jpg 300w, https:\/\/marekkuchcinski.pl\/wp-content\/uploads\/2018\/11\/\u0141a\u0144cut-3-768x576.jpg 768w\" sizes=\"(max-width: 960px) 100vw, 960px\" \/><\/a> <a href=\"https:\/\/marekkuchcinski.pl\/wp-content\/uploads\/2018\/11\/\u0141a\u0144cut-2.jpg\"><img loading=\"lazy\" decoding=\"async\" class=\"alignnone size-full wp-image-10932\" src=\"https:\/\/marekkuchcinski.pl\/wp-content\/uploads\/2018\/11\/\u0141a\u0144cut-2.jpg\" alt=\"\u0141a\u0144cut 2\" width=\"960\" height=\"720\" srcset=\"https:\/\/marekkuchcinski.pl\/wp-content\/uploads\/2018\/11\/\u0141a\u0144cut-2.jpg 960w, https:\/\/marekkuchcinski.pl\/wp-content\/uploads\/2018\/11\/\u0141a\u0144cut-2-300x225.jpg 300w, https:\/\/marekkuchcinski.pl\/wp-content\/uploads\/2018\/11\/\u0141a\u0144cut-2-768x576.jpg 768w\" sizes=\"(max-width: 960px) 100vw, 960px\" \/><\/a> <a href=\"https:\/\/marekkuchcinski.pl\/wp-content\/uploads\/2018\/11\/\u0141a\u0144cut-1.jpg\"><img loading=\"lazy\" decoding=\"async\" class=\"alignnone size-full wp-image-10933\" src=\"https:\/\/marekkuchcinski.pl\/wp-content\/uploads\/2018\/11\/\u0141a\u0144cut-1.jpg\" alt=\"\u0141a\u0144cut 1\" width=\"720\" height=\"960\" srcset=\"https:\/\/marekkuchcinski.pl\/wp-content\/uploads\/2018\/11\/\u0141a\u0144cut-1.jpg 720w, https:\/\/marekkuchcinski.pl\/wp-content\/uploads\/2018\/11\/\u0141a\u0144cut-1-225x300.jpg 225w\" sizes=\"(max-width: 720px) 100vw, 720px\" \/><\/a><\/p>\n<p>Dup\u0103 o \u00eent\u00e2lnire cu cet\u0103\u021benii din \u0141a\u0144cut, la invita\u021bia directorului Muzeului Castelului \u0141a\u0144cut, Wit K. W\u00f3jtowicz, Marek Kuchci\u0144ski a participat la o \u0219edin\u021b\u0103 a Academiei Independen\u021bei, unde a primit un album din expozi\u021bia IPN \"P\u0103rin\u021bii Independen\u021bei\". Publica\u021bia se refer\u0103 la rezolu\u021bia parlamentar\u0103 care indic\u0103 \u0219ase figuri importante - P\u0103rin\u021bii Independen\u021bei.<\/p>\n<p><a href=\"https:\/\/marekkuchcinski.pl\/wp-content\/uploads\/2018\/11\/Akademia-Niepodleg\u0142o\u015bci-2.jpg\"><img loading=\"lazy\" decoding=\"async\" class=\"alignnone size-full wp-image-10934\" src=\"https:\/\/marekkuchcinski.pl\/wp-content\/uploads\/2018\/11\/Akademia-Niepodleg\u0142o\u015bci-2.jpg\" alt=\"Akademia Niepodleg\u0142o\u015bci 2\" width=\"960\" height=\"720\" srcset=\"https:\/\/marekkuchcinski.pl\/wp-content\/uploads\/2018\/11\/Akademia-Niepodleg\u0142o\u015bci-2.jpg 960w, https:\/\/marekkuchcinski.pl\/wp-content\/uploads\/2018\/11\/Akademia-Niepodleg\u0142o\u015bci-2-300x225.jpg 300w, https:\/\/marekkuchcinski.pl\/wp-content\/uploads\/2018\/11\/Akademia-Niepodleg\u0142o\u015bci-2-768x576.jpg 768w\" sizes=\"(max-width: 960px) 100vw, 960px\" \/><\/a> <a href=\"https:\/\/marekkuchcinski.pl\/wp-content\/uploads\/2018\/11\/Akademia-Niepodleg\u0142o\u015bci-1.jpg\"><img loading=\"lazy\" decoding=\"async\" class=\"alignnone size-full wp-image-10935\" src=\"https:\/\/marekkuchcinski.pl\/wp-content\/uploads\/2018\/11\/Akademia-Niepodleg\u0142o\u015bci-1.jpg\" alt=\"Akademia Niepodleg\u0142o\u015bci 1\" width=\"960\" height=\"720\" srcset=\"https:\/\/marekkuchcinski.pl\/wp-content\/uploads\/2018\/11\/Akademia-Niepodleg\u0142o\u015bci-1.jpg 960w, https:\/\/marekkuchcinski.pl\/wp-content\/uploads\/2018\/11\/Akademia-Niepodleg\u0142o\u015bci-1-300x225.jpg 300w, https:\/\/marekkuchcinski.pl\/wp-content\/uploads\/2018\/11\/Akademia-Niepodleg\u0142o\u015bci-1-768x576.jpg 768w\" sizes=\"(max-width: 960px) 100vw, 960px\" \/><\/a><\/p>\n<p><strong>\u00cent\u00e2lnire cu locuitorii din Nisk<\/strong><\/p>\n<p>- V\u0103 rug\u0103m s\u0103 participa\u021bi la cel de-al doilea tur de scrutin. Acest lucru este deosebit de important pentru noi, deoarece \u00een ultimii trei ani am derulat un program cu multe provoc\u0103ri care necesit\u0103 mai mult timp dec\u00e2t un singur mandat, de exemplu, problemele legate de servicii \u0219i asisten\u021b\u0103 medical\u0103, reprivatizarea, reforma educa\u021biei.<\/p>\n<p><a href=\"https:\/\/marekkuchcinski.pl\/wp-content\/uploads\/2018\/11\/Nisko-5.jpg\"><img loading=\"lazy\" decoding=\"async\" class=\"alignnone size-full wp-image-10938\" src=\"https:\/\/marekkuchcinski.pl\/wp-content\/uploads\/2018\/11\/Nisko-5.jpg\" alt=\"Nisko 5\" width=\"960\" height=\"720\" srcset=\"https:\/\/marekkuchcinski.pl\/wp-content\/uploads\/2018\/11\/Nisko-5.jpg 960w, https:\/\/marekkuchcinski.pl\/wp-content\/uploads\/2018\/11\/Nisko-5-300x225.jpg 300w, https:\/\/marekkuchcinski.pl\/wp-content\/uploads\/2018\/11\/Nisko-5-768x576.jpg 768w\" sizes=\"(max-width: 960px) 100vw, 960px\" \/><\/a> <a href=\"https:\/\/marekkuchcinski.pl\/wp-content\/uploads\/2018\/11\/Nisko-4.jpg\"><img loading=\"lazy\" decoding=\"async\" class=\"alignnone size-full wp-image-10939\" src=\"https:\/\/marekkuchcinski.pl\/wp-content\/uploads\/2018\/11\/Nisko-4.jpg\" alt=\"Nisko 4\" width=\"960\" height=\"720\" srcset=\"https:\/\/marekkuchcinski.pl\/wp-content\/uploads\/2018\/11\/Nisko-4.jpg 960w, https:\/\/marekkuchcinski.pl\/wp-content\/uploads\/2018\/11\/Nisko-4-300x225.jpg 300w, https:\/\/marekkuchcinski.pl\/wp-content\/uploads\/2018\/11\/Nisko-4-768x576.jpg 768w\" sizes=\"(max-width: 960px) 100vw, 960px\" \/><\/a> <a href=\"https:\/\/marekkuchcinski.pl\/wp-content\/uploads\/2018\/11\/Nisko-3.jpg\"><img loading=\"lazy\" decoding=\"async\" class=\"alignnone size-full wp-image-10940\" src=\"https:\/\/marekkuchcinski.pl\/wp-content\/uploads\/2018\/11\/Nisko-3.jpg\" alt=\"Nisko 3\" width=\"960\" height=\"720\" srcset=\"https:\/\/marekkuchcinski.pl\/wp-content\/uploads\/2018\/11\/Nisko-3.jpg 960w, https:\/\/marekkuchcinski.pl\/wp-content\/uploads\/2018\/11\/Nisko-3-300x225.jpg 300w, https:\/\/marekkuchcinski.pl\/wp-content\/uploads\/2018\/11\/Nisko-3-768x576.jpg 768w\" sizes=\"(max-width: 960px) 100vw, 960px\" \/><\/a><\/p>\n<p><strong>27 octombrie<\/strong><\/p>\n<p><strong>Conven\u021bia electoral\u0103 a Partidului Lege \u0219i Justi\u021bie de la Sanok<\/strong><\/p>\n<p><a href=\"https:\/\/marekkuchcinski.pl\/wp-content\/uploads\/2018\/11\/Sanok-1.jpg\"><img loading=\"lazy\" decoding=\"async\" class=\"alignnone size-full wp-image-10944\" src=\"https:\/\/marekkuchcinski.pl\/wp-content\/uploads\/2018\/11\/Sanok-1.jpg\" alt=\"Sanok 1\" width=\"960\" height=\"720\" srcset=\"https:\/\/marekkuchcinski.pl\/wp-content\/uploads\/2018\/11\/Sanok-1.jpg 960w, https:\/\/marekkuchcinski.pl\/wp-content\/uploads\/2018\/11\/Sanok-1-300x225.jpg 300w, https:\/\/marekkuchcinski.pl\/wp-content\/uploads\/2018\/11\/Sanok-1-768x576.jpg 768w\" sizes=\"(max-width: 960px) 100vw, 960px\" \/><\/a><\/p>\n<p><strong>Conven\u021bia electoral\u0103 a Partidului Lege \u0219i Justi\u021bie din Przemy\u015bl<\/strong><\/p>\n<p><a href=\"https:\/\/marekkuchcinski.pl\/wp-content\/uploads\/2018\/11\/Przemy\u015bl-1.jpg\"><img loading=\"lazy\" decoding=\"async\" class=\"alignnone size-full wp-image-10952\" src=\"https:\/\/marekkuchcinski.pl\/wp-content\/uploads\/2018\/11\/Przemy\u015bl-1.jpg\" alt=\"Przemy\u015bl 1\" width=\"960\" height=\"720\" srcset=\"https:\/\/marekkuchcinski.pl\/wp-content\/uploads\/2018\/11\/Przemy\u015bl-1.jpg 960w, https:\/\/marekkuchcinski.pl\/wp-content\/uploads\/2018\/11\/Przemy\u015bl-1-300x225.jpg 300w, https:\/\/marekkuchcinski.pl\/wp-content\/uploads\/2018\/11\/Przemy\u015bl-1-768x576.jpg 768w\" sizes=\"(max-width: 960px) 100vw, 960px\" \/><\/a> <a href=\"https:\/\/marekkuchcinski.pl\/wp-content\/uploads\/2018\/11\/Przemy\u015bl-3.jpg\"><img loading=\"lazy\" decoding=\"async\" class=\"alignnone size-full wp-image-10954\" src=\"https:\/\/marekkuchcinski.pl\/wp-content\/uploads\/2018\/11\/Przemy\u015bl-3.jpg\" alt=\"Przemy\u015bl 3\" width=\"960\" height=\"720\" srcset=\"https:\/\/marekkuchcinski.pl\/wp-content\/uploads\/2018\/11\/Przemy\u015bl-3.jpg 960w, https:\/\/marekkuchcinski.pl\/wp-content\/uploads\/2018\/11\/Przemy\u015bl-3-300x225.jpg 300w, https:\/\/marekkuchcinski.pl\/wp-content\/uploads\/2018\/11\/Przemy\u015bl-3-768x576.jpg 768w\" sizes=\"(max-width: 960px) 100vw, 960px\" \/><\/a> <a href=\"https:\/\/marekkuchcinski.pl\/wp-content\/uploads\/2018\/11\/Przemy\u015bl-6.jpg\"><img loading=\"lazy\" decoding=\"async\" class=\"alignnone size-full wp-image-10957\" src=\"https:\/\/marekkuchcinski.pl\/wp-content\/uploads\/2018\/11\/Przemy\u015bl-6.jpg\" alt=\"Przemy\u015bl 6\" width=\"960\" height=\"720\" srcset=\"https:\/\/marekkuchcinski.pl\/wp-content\/uploads\/2018\/11\/Przemy\u015bl-6.jpg 960w, https:\/\/marekkuchcinski.pl\/wp-content\/uploads\/2018\/11\/Przemy\u015bl-6-300x225.jpg 300w, https:\/\/marekkuchcinski.pl\/wp-content\/uploads\/2018\/11\/Przemy\u015bl-6-768x576.jpg 768w\" sizes=\"(max-width: 960px) 100vw, 960px\" \/><\/a><\/p>\n<p><strong>28 octombrie<\/strong><\/p>\n<p><strong>\u00cent\u00e2lnire cu locuitorii din Baligr\u00f3d<\/strong><\/p>\n<p>- Dorim s\u0103 urm\u0103rim o politic\u0103 de dezvoltare durabil\u0103 pentru \u00eentreaga \u021bar\u0103. O politic\u0103 de dezvoltare a locomotivei nu face dec\u00e2t s\u0103 sporeasc\u0103 diferen\u021bele dintre jude\u021be, comune, inclusiv cele din Bieszczady \u0219i Przemy\u015bl\", a declarat pre\u0219edintele Sejm-ului.<\/p>\n<p><a href=\"https:\/\/marekkuchcinski.pl\/wp-content\/uploads\/2018\/11\/Baligr\u00f3d-2.jpg\"><img loading=\"lazy\" decoding=\"async\" class=\"alignnone size-full wp-image-10975\" src=\"https:\/\/marekkuchcinski.pl\/wp-content\/uploads\/2018\/11\/Baligr\u00f3d-2.jpg\" alt=\"Baligr\u00f3d 2\" width=\"960\" height=\"720\" srcset=\"https:\/\/marekkuchcinski.pl\/wp-content\/uploads\/2018\/11\/Baligr\u00f3d-2.jpg 960w, https:\/\/marekkuchcinski.pl\/wp-content\/uploads\/2018\/11\/Baligr\u00f3d-2-300x225.jpg 300w, https:\/\/marekkuchcinski.pl\/wp-content\/uploads\/2018\/11\/Baligr\u00f3d-2-768x576.jpg 768w\" sizes=\"(max-width: 960px) 100vw, 960px\" \/><\/a> <a href=\"https:\/\/marekkuchcinski.pl\/wp-content\/uploads\/2018\/11\/Baligr\u00f3d-3.jpg\"><img loading=\"lazy\" decoding=\"async\" class=\"alignnone size-full wp-image-10976\" src=\"https:\/\/marekkuchcinski.pl\/wp-content\/uploads\/2018\/11\/Baligr\u00f3d-3.jpg\" alt=\"Baligr\u00f3d 3\" width=\"960\" height=\"720\" srcset=\"https:\/\/marekkuchcinski.pl\/wp-content\/uploads\/2018\/11\/Baligr\u00f3d-3.jpg 960w, https:\/\/marekkuchcinski.pl\/wp-content\/uploads\/2018\/11\/Baligr\u00f3d-3-300x225.jpg 300w, https:\/\/marekkuchcinski.pl\/wp-content\/uploads\/2018\/11\/Baligr\u00f3d-3-768x576.jpg 768w\" sizes=\"(max-width: 960px) 100vw, 960px\" \/><\/a><\/p>\n<p><strong>\u00cent\u00e2lnire cu locuitorii din Pola\u0144czyk<\/strong><\/p>\n<p>- Prelungirea mandatului la 5 ani face ca participarea noastr\u0103 la alegeri s\u0103 fie deosebit de important\u0103. Haide\u021bi s\u0103 alegem candida\u021bi care vor permite cooperarea \u00eentre guvern \u0219i administra\u021bia local\u0103 la diferite niveluri\", a sus\u021binut Marek Kuchci\u0144ski.<\/p>\n<p><a href=\"https:\/\/marekkuchcinski.pl\/wp-content\/uploads\/2018\/11\/Pola\u0144czyk-1.jpg\"><img loading=\"lazy\" decoding=\"async\" class=\"alignnone size-full wp-image-10978\" src=\"https:\/\/marekkuchcinski.pl\/wp-content\/uploads\/2018\/11\/Pola\u0144czyk-1.jpg\" alt=\"Pola\u0144czyk 1\" width=\"960\" height=\"720\" srcset=\"https:\/\/marekkuchcinski.pl\/wp-content\/uploads\/2018\/11\/Pola\u0144czyk-1.jpg 960w, https:\/\/marekkuchcinski.pl\/wp-content\/uploads\/2018\/11\/Pola\u0144czyk-1-300x225.jpg 300w, https:\/\/marekkuchcinski.pl\/wp-content\/uploads\/2018\/11\/Pola\u0144czyk-1-768x576.jpg 768w\" sizes=\"(max-width: 960px) 100vw, 960px\" \/><\/a> <a href=\"https:\/\/marekkuchcinski.pl\/wp-content\/uploads\/2018\/11\/Pola\u0144czyk-3.jpg\"><img loading=\"lazy\" decoding=\"async\" class=\"alignnone size-full wp-image-10980\" src=\"https:\/\/marekkuchcinski.pl\/wp-content\/uploads\/2018\/11\/Pola\u0144czyk-3.jpg\" alt=\"Pola\u0144czyk 3\" width=\"960\" height=\"720\" srcset=\"https:\/\/marekkuchcinski.pl\/wp-content\/uploads\/2018\/11\/Pola\u0144czyk-3.jpg 960w, https:\/\/marekkuchcinski.pl\/wp-content\/uploads\/2018\/11\/Pola\u0144czyk-3-300x225.jpg 300w, https:\/\/marekkuchcinski.pl\/wp-content\/uploads\/2018\/11\/Pola\u0144czyk-3-768x576.jpg 768w\" sizes=\"(max-width: 960px) 100vw, 960px\" \/><\/a><\/p>\n<p><strong>\u00cent\u00e2lnire cu locuitorii din Nowosielec<\/strong><\/p>\n<p>- \u00cencrederea \u00een Lege \u0219i Justi\u021bie (PiS) se mut\u0103 \u00een administra\u021bia local\u0103, unde prelu\u0103m puterea pentru a ne pune \u00een aplicare programul. \u00cen urm\u0103 cu trei ani, am lansat un mare program de reparare a statului. Pentru a continua s\u0103 o implement\u0103m, avem nevoie de parteneri buni \u00een administra\u021biile locale\", a declarat pre\u0219edintele Sejm-ului.<\/p>\n<p><a href=\"https:\/\/marekkuchcinski.pl\/wp-content\/uploads\/2018\/11\/Nowosielce-1.jpg\"><img loading=\"lazy\" decoding=\"async\" class=\"alignnone size-full wp-image-10982\" src=\"https:\/\/marekkuchcinski.pl\/wp-content\/uploads\/2018\/11\/Nowosielce-1.jpg\" alt=\"Nowosielce 1\" width=\"960\" height=\"720\" srcset=\"https:\/\/marekkuchcinski.pl\/wp-content\/uploads\/2018\/11\/Nowosielce-1.jpg 960w, https:\/\/marekkuchcinski.pl\/wp-content\/uploads\/2018\/11\/Nowosielce-1-300x225.jpg 300w, https:\/\/marekkuchcinski.pl\/wp-content\/uploads\/2018\/11\/Nowosielce-1-768x576.jpg 768w\" sizes=\"(max-width: 960px) 100vw, 960px\" \/><\/a> <a href=\"https:\/\/marekkuchcinski.pl\/wp-content\/uploads\/2018\/11\/Nowosielce-2.jpg\"><img loading=\"lazy\" decoding=\"async\" class=\"alignnone size-full wp-image-10983\" src=\"https:\/\/marekkuchcinski.pl\/wp-content\/uploads\/2018\/11\/Nowosielce-2.jpg\" alt=\"Nowosielce 2\" width=\"960\" height=\"720\" srcset=\"https:\/\/marekkuchcinski.pl\/wp-content\/uploads\/2018\/11\/Nowosielce-2.jpg 960w, https:\/\/marekkuchcinski.pl\/wp-content\/uploads\/2018\/11\/Nowosielce-2-300x225.jpg 300w, https:\/\/marekkuchcinski.pl\/wp-content\/uploads\/2018\/11\/Nowosielce-2-768x576.jpg 768w\" sizes=\"(max-width: 960px) 100vw, 960px\" \/><\/a><\/p>\n<p><strong>Consacrarea \u0219i dezvelirea pl\u0103cii comemorative \u00een memoria Mariei \u0219i a lui Lech Kaczy\u0144ski la Centrul comunitar de autoajutorare din Krzywe<\/strong><\/p>\n<p>Mare\u0219alul a mers la Krzywe la invita\u021bia primarului comunei Dydnia, Jerzy Adamski. Preotul paroh din Dydnia, p\u0103rintele Jan D\u0105bal, a sfin\u021bit \u0219i dezvelit o plac\u0103 \u00een onoarea Mariei \u0219i a lui Lech Kaczy\u0144ski. Centrul comunitar de autoajutorare va purta numele cuplului preziden\u021bial. Preotul paroh a sfin\u021bit apoi o ma\u0219in\u0103 folosit\u0103 pentru transportul participan\u021bilor la Centrul de Auto-ajutor Comunitar din Krzywe, donat\u0103 de municipalitate.<\/p>\n<p>Marek Kuchci\u0144ski a subliniat c\u0103 \u00een via\u021ba public\u0103 suntem ghida\u021bi de binele comun. Suntem con\u0219tien\u021bi de faptul c\u0103 ac\u021bion\u0103m \u00een sfera public\u0103 pentru alte persoane. Pre\u0219edintele Lech Kaczy\u0144ski a fost cel care a privit afacerile publice din punctul de vedere al cet\u0103\u021benilor. Pentru el, solidaritatea \u00eensemna \u00eemp\u0103r\u021birea puterii \u0219i a bog\u0103\u021biei cu cei afla\u021bi \u00een nevoie.<\/p>\n<p><a href=\"https:\/\/marekkuchcinski.pl\/wp-content\/uploads\/2018\/11\/Krzywe-2.jpg\"><img loading=\"lazy\" decoding=\"async\" class=\"alignnone size-full wp-image-10986\" src=\"https:\/\/marekkuchcinski.pl\/wp-content\/uploads\/2018\/11\/Krzywe-2.jpg\" alt=\"Krzywe 2\" width=\"960\" height=\"720\" srcset=\"https:\/\/marekkuchcinski.pl\/wp-content\/uploads\/2018\/11\/Krzywe-2.jpg 960w, https:\/\/marekkuchcinski.pl\/wp-content\/uploads\/2018\/11\/Krzywe-2-300x225.jpg 300w, https:\/\/marekkuchcinski.pl\/wp-content\/uploads\/2018\/11\/Krzywe-2-768x576.jpg 768w\" sizes=\"(max-width: 960px) 100vw, 960px\" \/><\/a> <a href=\"https:\/\/marekkuchcinski.pl\/wp-content\/uploads\/2018\/11\/Krzywe-6.jpg\"><img loading=\"lazy\" decoding=\"async\" class=\"alignnone size-full wp-image-10990\" src=\"https:\/\/marekkuchcinski.pl\/wp-content\/uploads\/2018\/11\/Krzywe-6.jpg\" alt=\"Krzywe 6\" width=\"960\" height=\"720\" srcset=\"https:\/\/marekkuchcinski.pl\/wp-content\/uploads\/2018\/11\/Krzywe-6.jpg 960w, https:\/\/marekkuchcinski.pl\/wp-content\/uploads\/2018\/11\/Krzywe-6-300x225.jpg 300w, https:\/\/marekkuchcinski.pl\/wp-content\/uploads\/2018\/11\/Krzywe-6-768x576.jpg 768w\" sizes=\"(max-width: 960px) 100vw, 960px\" \/><\/a> <a href=\"https:\/\/marekkuchcinski.pl\/wp-content\/uploads\/2018\/11\/Krzywe-9.jpg\"><img loading=\"lazy\" decoding=\"async\" class=\"alignnone size-full wp-image-10993\" src=\"https:\/\/marekkuchcinski.pl\/wp-content\/uploads\/2018\/11\/Krzywe-9.jpg\" alt=\"Krzywe 9\" width=\"960\" height=\"720\" srcset=\"https:\/\/marekkuchcinski.pl\/wp-content\/uploads\/2018\/11\/Krzywe-9.jpg 960w, https:\/\/marekkuchcinski.pl\/wp-content\/uploads\/2018\/11\/Krzywe-9-300x225.jpg 300w, https:\/\/marekkuchcinski.pl\/wp-content\/uploads\/2018\/11\/Krzywe-9-768x576.jpg 768w\" sizes=\"(max-width: 960px) 100vw, 960px\" \/><\/a><\/p>\n<p><strong>30 octombrie<\/strong><\/p>\n<p><strong>\u00cent\u00e2lnire cu angaja\u021bii biroului local KRUS din Przemy\u015bl<\/strong><\/p>\n<p><a href=\"https:\/\/marekkuchcinski.pl\/wp-content\/uploads\/2018\/11\/KRUS-Przemy\u015bl-3.jpg\"><img loading=\"lazy\" decoding=\"async\" class=\"alignnone size-full wp-image-11066\" src=\"https:\/\/marekkuchcinski.pl\/wp-content\/uploads\/2018\/11\/KRUS-Przemy\u015bl-3.jpg\" alt=\"KRUS Przemy\u015bl 3\" width=\"960\" height=\"720\" srcset=\"https:\/\/marekkuchcinski.pl\/wp-content\/uploads\/2018\/11\/KRUS-Przemy\u015bl-3.jpg 960w, https:\/\/marekkuchcinski.pl\/wp-content\/uploads\/2018\/11\/KRUS-Przemy\u015bl-3-300x225.jpg 300w, https:\/\/marekkuchcinski.pl\/wp-content\/uploads\/2018\/11\/KRUS-Przemy\u015bl-3-768x576.jpg 768w\" sizes=\"(max-width: 960px) 100vw, 960px\" \/><\/a> <a href=\"https:\/\/marekkuchcinski.pl\/wp-content\/uploads\/2018\/11\/KRUS-Przemy\u015bl-1.jpg\"><img loading=\"lazy\" decoding=\"async\" class=\"alignnone size-full wp-image-11068\" src=\"https:\/\/marekkuchcinski.pl\/wp-content\/uploads\/2018\/11\/KRUS-Przemy\u015bl-1.jpg\" alt=\"KRUS Przemy\u015bl 1\" width=\"960\" height=\"720\" srcset=\"https:\/\/marekkuchcinski.pl\/wp-content\/uploads\/2018\/11\/KRUS-Przemy\u015bl-1.jpg 960w, https:\/\/marekkuchcinski.pl\/wp-content\/uploads\/2018\/11\/KRUS-Przemy\u015bl-1-300x225.jpg 300w, https:\/\/marekkuchcinski.pl\/wp-content\/uploads\/2018\/11\/KRUS-Przemy\u015bl-1-768x576.jpg 768w\" sizes=\"(max-width: 960px) 100vw, 960px\" \/><\/a><\/p>\n<p><strong>\u00cent\u00e2lnire cu angaja\u021bii biroului districtual Przemy\u015bl al ARMA<\/strong><\/p>\n<p><a href=\"https:\/\/marekkuchcinski.pl\/wp-content\/uploads\/2018\/11\/ARiMR-Przemy\u015bl-2.jpg\"><img loading=\"lazy\" decoding=\"async\" class=\"alignnone size-full wp-image-11069\" src=\"https:\/\/marekkuchcinski.pl\/wp-content\/uploads\/2018\/11\/ARiMR-Przemy\u015bl-2.jpg\" alt=\"ARiMR Przemy\u015bl 2\" width=\"960\" height=\"720\" srcset=\"https:\/\/marekkuchcinski.pl\/wp-content\/uploads\/2018\/11\/ARiMR-Przemy\u015bl-2.jpg 960w, https:\/\/marekkuchcinski.pl\/wp-content\/uploads\/2018\/11\/ARiMR-Przemy\u015bl-2-300x225.jpg 300w, https:\/\/marekkuchcinski.pl\/wp-content\/uploads\/2018\/11\/ARiMR-Przemy\u015bl-2-768x576.jpg 768w\" sizes=\"(max-width: 960px) 100vw, 960px\" \/><\/a> <a href=\"https:\/\/marekkuchcinski.pl\/wp-content\/uploads\/2018\/11\/ARiMR-Przemy\u015bl-1.jpg\"><img loading=\"lazy\" decoding=\"async\" class=\"alignnone size-full wp-image-11070\" src=\"https:\/\/marekkuchcinski.pl\/wp-content\/uploads\/2018\/11\/ARiMR-Przemy\u015bl-1.jpg\" alt=\"ARiMR Przemy\u015bl 1\" width=\"960\" height=\"720\" srcset=\"https:\/\/marekkuchcinski.pl\/wp-content\/uploads\/2018\/11\/ARiMR-Przemy\u015bl-1.jpg 960w, https:\/\/marekkuchcinski.pl\/wp-content\/uploads\/2018\/11\/ARiMR-Przemy\u015bl-1-300x225.jpg 300w, https:\/\/marekkuchcinski.pl\/wp-content\/uploads\/2018\/11\/ARiMR-Przemy\u015bl-1-768x576.jpg 768w\" sizes=\"(max-width: 960px) 100vw, 960px\" \/><\/a><\/p>\n<p><strong>\u00cent\u00e2lnire cu angaja\u021bii sta\u021biei regionale de ambulan\u021b\u0103 nou create \u00een Przemy\u015bl<\/strong><\/p>\n<p><a href=\"https:\/\/marekkuchcinski.pl\/wp-content\/uploads\/2018\/11\/46469253_393786811161511_3321508822308093952_n.jpg\"><img loading=\"lazy\" decoding=\"async\" class=\"alignnone size-full wp-image-11077\" src=\"https:\/\/marekkuchcinski.pl\/wp-content\/uploads\/2018\/11\/46469253_393786811161511_3321508822308093952_n.jpg\" alt=\"46469253_393786811161511_3321508822308093952_n\" width=\"1560\" height=\"1170\" srcset=\"https:\/\/marekkuchcinski.pl\/wp-content\/uploads\/2018\/11\/46469253_393786811161511_3321508822308093952_n.jpg 1560w, https:\/\/marekkuchcinski.pl\/wp-content\/uploads\/2018\/11\/46469253_393786811161511_3321508822308093952_n-300x225.jpg 300w, https:\/\/marekkuchcinski.pl\/wp-content\/uploads\/2018\/11\/46469253_393786811161511_3321508822308093952_n-768x576.jpg 768w, https:\/\/marekkuchcinski.pl\/wp-content\/uploads\/2018\/11\/46469253_393786811161511_3321508822308093952_n-1024x768.jpg 1024w\" sizes=\"(max-width: 1560px) 100vw, 1560px\" \/><\/a><\/p>\n<p><strong>\u00cent\u00e2lnire cu directorii \u0219colilor din Przemy\u015bl (cu mul\u021bumiri pentru colaborare din partea primarului demisionar Robert Choma)<\/strong><\/p>\n<p><a href=\"https:\/\/marekkuchcinski.pl\/wp-content\/uploads\/2018\/11\/nauczyciele-Przemy\u015bl-4.jpg\"><img loading=\"lazy\" decoding=\"async\" class=\"alignnone size-full wp-image-11072\" src=\"https:\/\/marekkuchcinski.pl\/wp-content\/uploads\/2018\/11\/nauczyciele-Przemy\u015bl-4.jpg\" alt=\"nauczyciele Przemy\u015bl 4\" width=\"960\" height=\"720\" srcset=\"https:\/\/marekkuchcinski.pl\/wp-content\/uploads\/2018\/11\/nauczyciele-Przemy\u015bl-4.jpg 960w, https:\/\/marekkuchcinski.pl\/wp-content\/uploads\/2018\/11\/nauczyciele-Przemy\u015bl-4-300x225.jpg 300w, https:\/\/marekkuchcinski.pl\/wp-content\/uploads\/2018\/11\/nauczyciele-Przemy\u015bl-4-768x576.jpg 768w\" sizes=\"(max-width: 960px) 100vw, 960px\" \/><\/a> <a href=\"https:\/\/marekkuchcinski.pl\/wp-content\/uploads\/2018\/11\/nauczyciele-Przemy\u015bl-3.jpg\"><img loading=\"lazy\" decoding=\"async\" class=\"alignnone size-full wp-image-11073\" src=\"https:\/\/marekkuchcinski.pl\/wp-content\/uploads\/2018\/11\/nauczyciele-Przemy\u015bl-3.jpg\" alt=\"nauczyciele Przemy\u015bl 3\" width=\"960\" height=\"720\" srcset=\"https:\/\/marekkuchcinski.pl\/wp-content\/uploads\/2018\/11\/nauczyciele-Przemy\u015bl-3.jpg 960w, https:\/\/marekkuchcinski.pl\/wp-content\/uploads\/2018\/11\/nauczyciele-Przemy\u015bl-3-300x225.jpg 300w, https:\/\/marekkuchcinski.pl\/wp-content\/uploads\/2018\/11\/nauczyciele-Przemy\u015bl-3-768x576.jpg 768w\" sizes=\"(max-width: 960px) 100vw, 960px\" \/><\/a> <a href=\"https:\/\/marekkuchcinski.pl\/wp-content\/uploads\/2018\/11\/nauczyciele-Przemy\u015bl-2.jpg\"><img loading=\"lazy\" decoding=\"async\" class=\"alignnone size-full wp-image-11074\" src=\"https:\/\/marekkuchcinski.pl\/wp-content\/uploads\/2018\/11\/nauczyciele-Przemy\u015bl-2.jpg\" alt=\"nauczyciele Przemy\u015bl 2\" width=\"960\" height=\"720\" srcset=\"https:\/\/marekkuchcinski.pl\/wp-content\/uploads\/2018\/11\/nauczyciele-Przemy\u015bl-2.jpg 960w, https:\/\/marekkuchcinski.pl\/wp-content\/uploads\/2018\/11\/nauczyciele-Przemy\u015bl-2-300x225.jpg 300w, https:\/\/marekkuchcinski.pl\/wp-content\/uploads\/2018\/11\/nauczyciele-Przemy\u015bl-2-768x576.jpg 768w\" sizes=\"(max-width: 960px) 100vw, 960px\" \/><\/a> <a href=\"https:\/\/marekkuchcinski.pl\/wp-content\/uploads\/2018\/11\/nauczyciele-Przemy\u015bl-1.jpg\"><img loading=\"lazy\" decoding=\"async\" class=\"alignnone size-full wp-image-11075\" src=\"https:\/\/marekkuchcinski.pl\/wp-content\/uploads\/2018\/11\/nauczyciele-Przemy\u015bl-1.jpg\" alt=\"nauczyciele Przemy\u015bl 1\" width=\"960\" height=\"720\" srcset=\"https:\/\/marekkuchcinski.pl\/wp-content\/uploads\/2018\/11\/nauczyciele-Przemy\u015bl-1.jpg 960w, https:\/\/marekkuchcinski.pl\/wp-content\/uploads\/2018\/11\/nauczyciele-Przemy\u015bl-1-300x225.jpg 300w, https:\/\/marekkuchcinski.pl\/wp-content\/uploads\/2018\/11\/nauczyciele-Przemy\u015bl-1-768x576.jpg 768w\" sizes=\"(max-width: 960px) 100vw, 960px\" \/><\/a><\/p>\n<p><strong>\u00cent\u00e2lnire cu liderii de opinie din Zurawica<\/strong><\/p>\n<p><a href=\"https:\/\/marekkuchcinski.pl\/wp-content\/uploads\/2018\/11\/\u017burawica-4.jpg\"><img loading=\"lazy\" decoding=\"async\" class=\"alignnone size-full wp-image-11080\" src=\"https:\/\/marekkuchcinski.pl\/wp-content\/uploads\/2018\/11\/\u017burawica-4.jpg\" alt=\"\u017burawica 4\" width=\"720\" height=\"960\" srcset=\"https:\/\/marekkuchcinski.pl\/wp-content\/uploads\/2018\/11\/\u017burawica-4.jpg 720w, https:\/\/marekkuchcinski.pl\/wp-content\/uploads\/2018\/11\/\u017burawica-4-225x300.jpg 225w\" sizes=\"(max-width: 720px) 100vw, 720px\" \/><\/a> <a href=\"https:\/\/marekkuchcinski.pl\/wp-content\/uploads\/2018\/11\/\u017burawica-3.jpg\"><img loading=\"lazy\" decoding=\"async\" class=\"alignnone size-full wp-image-11081\" src=\"https:\/\/marekkuchcinski.pl\/wp-content\/uploads\/2018\/11\/\u017burawica-3.jpg\" alt=\"\u017burawica 3\" width=\"960\" height=\"720\" srcset=\"https:\/\/marekkuchcinski.pl\/wp-content\/uploads\/2018\/11\/\u017burawica-3.jpg 960w, https:\/\/marekkuchcinski.pl\/wp-content\/uploads\/2018\/11\/\u017burawica-3-300x225.jpg 300w, https:\/\/marekkuchcinski.pl\/wp-content\/uploads\/2018\/11\/\u017burawica-3-768x576.jpg 768w\" sizes=\"(max-width: 960px) 100vw, 960px\" \/><\/a> <a href=\"https:\/\/marekkuchcinski.pl\/wp-content\/uploads\/2018\/11\/\u017burawica-2.jpg\"><img loading=\"lazy\" decoding=\"async\" class=\"alignnone size-full wp-image-11082\" src=\"https:\/\/marekkuchcinski.pl\/wp-content\/uploads\/2018\/11\/\u017burawica-2.jpg\" alt=\"\u017burawica 2\" width=\"960\" height=\"720\" srcset=\"https:\/\/marekkuchcinski.pl\/wp-content\/uploads\/2018\/11\/\u017burawica-2.jpg 960w, https:\/\/marekkuchcinski.pl\/wp-content\/uploads\/2018\/11\/\u017burawica-2-300x225.jpg 300w, https:\/\/marekkuchcinski.pl\/wp-content\/uploads\/2018\/11\/\u017burawica-2-768x576.jpg 768w\" sizes=\"(max-width: 960px) 100vw, 960px\" \/><\/a><\/p>\n<p><strong>31 octombrie<\/strong><\/p>\n<p><strong>\u00cent\u00e2lnire cu angaja\u021bii \u0219i ofi\u021berii brig\u0103zii de pompieri a ora\u0219ului Przemy\u015bl<\/strong><\/p>\n<p><a href=\"https:\/\/marekkuchcinski.pl\/wp-content\/uploads\/2018\/11\/Stra\u017cacy-Przemy\u015bl-9.jpg\"><img loading=\"lazy\" decoding=\"async\" class=\"alignnone size-full wp-image-11085\" src=\"https:\/\/marekkuchcinski.pl\/wp-content\/uploads\/2018\/11\/Stra\u017cacy-Przemy\u015bl-9.jpg\" alt=\"Stra\u017cacy Przemy\u015bl 9\" width=\"720\" height=\"960\" srcset=\"https:\/\/marekkuchcinski.pl\/wp-content\/uploads\/2018\/11\/Stra\u017cacy-Przemy\u015bl-9.jpg 720w, https:\/\/marekkuchcinski.pl\/wp-content\/uploads\/2018\/11\/Stra\u017cacy-Przemy\u015bl-9-225x300.jpg 225w\" sizes=\"(max-width: 720px) 100vw, 720px\" \/><\/a> <a href=\"https:\/\/marekkuchcinski.pl\/wp-content\/uploads\/2018\/11\/Stra\u017cacy-Przemy\u015bl-8.jpg\"><img loading=\"lazy\" decoding=\"async\" class=\"alignnone size-full wp-image-11086\" src=\"https:\/\/marekkuchcinski.pl\/wp-content\/uploads\/2018\/11\/Stra\u017cacy-Przemy\u015bl-8.jpg\" alt=\"Stra\u017cacy Przemy\u015bl 8\" width=\"960\" height=\"720\" srcset=\"https:\/\/marekkuchcinski.pl\/wp-content\/uploads\/2018\/11\/Stra\u017cacy-Przemy\u015bl-8.jpg 960w, https:\/\/marekkuchcinski.pl\/wp-content\/uploads\/2018\/11\/Stra\u017cacy-Przemy\u015bl-8-300x225.jpg 300w, https:\/\/marekkuchcinski.pl\/wp-content\/uploads\/2018\/11\/Stra\u017cacy-Przemy\u015bl-8-768x576.jpg 768w\" sizes=\"(max-width: 960px) 100vw, 960px\" \/><\/a> <a href=\"https:\/\/marekkuchcinski.pl\/wp-content\/uploads\/2018\/11\/Stra\u017cacy-Przemy\u015bl-7.jpg\"><img loading=\"lazy\" decoding=\"async\" class=\"alignnone size-full wp-image-11087\" src=\"https:\/\/marekkuchcinski.pl\/wp-content\/uploads\/2018\/11\/Stra\u017cacy-Przemy\u015bl-7.jpg\" alt=\"Stra\u017cacy Przemy\u015bl 7\" width=\"720\" height=\"960\" srcset=\"https:\/\/marekkuchcinski.pl\/wp-content\/uploads\/2018\/11\/Stra\u017cacy-Przemy\u015bl-7.jpg 720w, https:\/\/marekkuchcinski.pl\/wp-content\/uploads\/2018\/11\/Stra\u017cacy-Przemy\u015bl-7-225x300.jpg 225w\" sizes=\"(max-width: 720px) 100vw, 720px\" \/><\/a> <a href=\"https:\/\/marekkuchcinski.pl\/wp-content\/uploads\/2018\/11\/Stra\u017cacy-Przemy\u015bl-6.jpg\"><img loading=\"lazy\" decoding=\"async\" class=\"alignnone size-full wp-image-11088\" src=\"https:\/\/marekkuchcinski.pl\/wp-content\/uploads\/2018\/11\/Stra\u017cacy-Przemy\u015bl-6.jpg\" alt=\"Stra\u017cacy Przemy\u015bl 6\" width=\"720\" height=\"960\" srcset=\"https:\/\/marekkuchcinski.pl\/wp-content\/uploads\/2018\/11\/Stra\u017cacy-Przemy\u015bl-6.jpg 720w, https:\/\/marekkuchcinski.pl\/wp-content\/uploads\/2018\/11\/Stra\u017cacy-Przemy\u015bl-6-225x300.jpg 225w\" sizes=\"(max-width: 720px) 100vw, 720px\" \/><\/a> <a href=\"https:\/\/marekkuchcinski.pl\/wp-content\/uploads\/2018\/11\/Stra\u017cacy-Przemy\u015bl-5.jpg\"><img loading=\"lazy\" decoding=\"async\" class=\"alignnone size-full wp-image-11089\" src=\"https:\/\/marekkuchcinski.pl\/wp-content\/uploads\/2018\/11\/Stra\u017cacy-Przemy\u015bl-5.jpg\" alt=\"Stra\u017cacy Przemy\u015bl 5\" width=\"720\" height=\"960\" srcset=\"https:\/\/marekkuchcinski.pl\/wp-content\/uploads\/2018\/11\/Stra\u017cacy-Przemy\u015bl-5.jpg 720w, https:\/\/marekkuchcinski.pl\/wp-content\/uploads\/2018\/11\/Stra\u017cacy-Przemy\u015bl-5-225x300.jpg 225w\" sizes=\"(max-width: 720px) 100vw, 720px\" \/><\/a> <a href=\"https:\/\/marekkuchcinski.pl\/wp-content\/uploads\/2018\/11\/Stra\u017cacy-Przemy\u015bl-3.jpg\"><img loading=\"lazy\" decoding=\"async\" class=\"alignnone size-full wp-image-11091\" src=\"https:\/\/marekkuchcinski.pl\/wp-content\/uploads\/2018\/11\/Stra\u017cacy-Przemy\u015bl-3.jpg\" alt=\"Stra\u017cacy Przemy\u015bl 3\" width=\"960\" height=\"720\" srcset=\"https:\/\/marekkuchcinski.pl\/wp-content\/uploads\/2018\/11\/Stra\u017cacy-Przemy\u015bl-3.jpg 960w, https:\/\/marekkuchcinski.pl\/wp-content\/uploads\/2018\/11\/Stra\u017cacy-Przemy\u015bl-3-300x225.jpg 300w, https:\/\/marekkuchcinski.pl\/wp-content\/uploads\/2018\/11\/Stra\u017cacy-Przemy\u015bl-3-768x576.jpg 768w\" sizes=\"(max-width: 960px) 100vw, 960px\" \/><\/a> <a href=\"https:\/\/marekkuchcinski.pl\/wp-content\/uploads\/2018\/11\/Stra\u017cacy-Przemy\u015bl-2.jpg\"><img loading=\"lazy\" decoding=\"async\" class=\"alignnone size-full wp-image-11092\" src=\"https:\/\/marekkuchcinski.pl\/wp-content\/uploads\/2018\/11\/Stra\u017cacy-Przemy\u015bl-2.jpg\" alt=\"Stra\u017cacy Przemy\u015bl 2\" width=\"960\" height=\"720\" srcset=\"https:\/\/marekkuchcinski.pl\/wp-content\/uploads\/2018\/11\/Stra\u017cacy-Przemy\u015bl-2.jpg 960w, https:\/\/marekkuchcinski.pl\/wp-content\/uploads\/2018\/11\/Stra\u017cacy-Przemy\u015bl-2-300x225.jpg 300w, https:\/\/marekkuchcinski.pl\/wp-content\/uploads\/2018\/11\/Stra\u017cacy-Przemy\u015bl-2-768x576.jpg 768w\" sizes=\"(max-width: 960px) 100vw, 960px\" \/><\/a> <a href=\"https:\/\/marekkuchcinski.pl\/wp-content\/uploads\/2018\/11\/Stra\u017cacy-Przemy\u015bl-1.jpg\"><img loading=\"lazy\" decoding=\"async\" class=\"alignnone size-full wp-image-11093\" src=\"https:\/\/marekkuchcinski.pl\/wp-content\/uploads\/2018\/11\/Stra\u017cacy-Przemy\u015bl-1.jpg\" alt=\"Stra\u017cacy Przemy\u015bl 1\" width=\"720\" height=\"960\" srcset=\"https:\/\/marekkuchcinski.pl\/wp-content\/uploads\/2018\/11\/Stra\u017cacy-Przemy\u015bl-1.jpg 720w, https:\/\/marekkuchcinski.pl\/wp-content\/uploads\/2018\/11\/Stra\u017cacy-Przemy\u015bl-1-225x300.jpg 225w\" sizes=\"(max-width: 720px) 100vw, 720px\" \/><\/a><\/p>","protected":false},"excerpt":{"rendered":"<p>1 pa\u017adziernika W\u00a0Pola\u0144czyku Marsza\u0142ek Sejmu\u00a0otworzy\u0142 konferencj\u0119 &#8222;Program dla Bieszczad&#8221; Ministerstwa Infrastruktury i Rozwoju. Marek Kuchci\u0144ski powiedzia\u0142, \u017ce konferencj\u0119 otwiera z du\u017cymi nadziejami,\u00a0poniewa\u017c dzi\u0119ki \u201eProgramowi dla Bieszczad\u201d buduje si\u0119 mark\u0119 maj\u0105c\u0105 charakteryzowa\u0107 nasz\u0105 cz\u0119\u015b\u0107 Karpat. \u201eProgram dla Bieszczad\u201d to kolejny etap w polityce rozwoju ca\u0142ych Karpat, a dzi\u015b w Pola\u0144czyku realizuj\u0105 si\u0119 wcze\u015bniejsze ministerialne zapowiedzi. Minister [&hellip;]<\/p>","protected":false},"author":6,"featured_media":10804,"comment_status":"open","ping_status":"open","sticky":false,"template":"","format":"standard","meta":{"ngg_post_thumbnail":0,"footnotes":""},"categories":[49,127,82],"tags":[],"class_list":["post-10784","post","type-post","status-publish","format-standard","has-post-thumbnail","hentry","category-podkarpacie","category-podsumowaniemiesiaca","category-prawo-i-sprawiedliwosc"],"yoast_head":"<!-- This site is optimized with the Yoast SEO plugin v24.7 - https:\/\/yoast.com\/wordpress\/plugins\/seo\/ -->\n<title>Spotkania z mieszka\u0144cami Podkarpacia: 1-31 pa\u017adziernika &#8211; Marek Kuchci\u0144ski<\/title>\n<meta name=\"robots\" content=\"index, follow, max-snippet:-1, max-image-preview:large, max-video-preview:-1\" \/>\n<link rel=\"canonical\" href=\"https:\/\/marekkuchcinski.pl\/ro\/prawo-i-sprawiedliwosc\/spotkania-mieszkancami-podkarpacia-wybory-samorzadowe-2018\/\" \/>\n<meta property=\"og:locale\" content=\"ro_RO\" \/>\n<meta property=\"og:type\" content=\"article\" \/>\n<meta property=\"og:title\" content=\"Spotkania z mieszka\u0144cami Podkarpacia: 1-31 pa\u017adziernika &#8211; Marek Kuchci\u0144ski\" \/>\n<meta property=\"og:description\" content=\"1 pa\u017adziernika W\u00a0Pola\u0144czyku Marsza\u0142ek Sejmu\u00a0otworzy\u0142 konferencj\u0119 &#8222;Program dla Bieszczad&#8221; Ministerstwa Infrastruktury i Rozwoju. Marek Kuchci\u0144ski powiedzia\u0142, \u017ce konferencj\u0119 otwiera z du\u017cymi nadziejami,\u00a0poniewa\u017c dzi\u0119ki \u201eProgramowi dla Bieszczad\u201d buduje si\u0119 mark\u0119 maj\u0105c\u0105 charakteryzowa\u0107 nasz\u0105 cz\u0119\u015b\u0107 Karpat. \u201eProgram dla Bieszczad\u201d to kolejny etap w polityce rozwoju ca\u0142ych Karpat, a dzi\u015b w Pola\u0144czyku realizuj\u0105 si\u0119 wcze\u015bniejsze ministerialne zapowiedzi. Minister [&hellip;]\" \/>\n<meta property=\"og:url\" content=\"https:\/\/marekkuchcinski.pl\/ro\/prawo-i-sprawiedliwosc\/spotkania-mieszkancami-podkarpacia-wybory-samorzadowe-2018\/\" \/>\n<meta property=\"og:site_name\" content=\"Marek Kuchci\u0144ski\" \/>\n<meta property=\"article:published_time\" content=\"2018-11-21T12:00:43+00:00\" \/>\n<meta property=\"article:modified_time\" content=\"2018-11-27T09:48:46+00:00\" \/>\n<meta property=\"og:image\" content=\"https:\/\/marekkuchcinski.pl\/wp-content\/uploads\/2018\/11\/Jasionka-7.jpg\" \/>\n\t<meta property=\"og:image:width\" content=\"960\" \/>\n\t<meta property=\"og:image:height\" content=\"720\" \/>\n\t<meta property=\"og:image:type\" content=\"image\/jpeg\" \/>\n<meta name=\"author\" content=\"admin\" \/>\n<meta name=\"twitter:card\" content=\"summary_large_image\" \/>\n<meta name=\"twitter:label1\" content=\"Scris de\" \/>\n\t<meta name=\"twitter:data1\" content=\"admin\" \/>\n\t<meta name=\"twitter:label2\" content=\"Timp estimat pentru citire\" \/>\n\t<meta name=\"twitter:data2\" content=\"13 minutes\" \/>\n<script type=\"application\/ld+json\" class=\"yoast-schema-graph\">{\"@context\":\"https:\/\/schema.org\",\"@graph\":[{\"@type\":\"Article\",\"@id\":\"https:\/\/marekkuchcinski.pl\/en\/prawo-i-sprawiedliwosc\/spotkania-mieszkancami-podkarpacia-wybory-samorzadowe-2018\/#article\",\"isPartOf\":{\"@id\":\"https:\/\/marekkuchcinski.pl\/en\/prawo-i-sprawiedliwosc\/spotkania-mieszkancami-podkarpacia-wybory-samorzadowe-2018\/\"},\"author\":{\"name\":\"admin\",\"@id\":\"https:\/\/marekkuchcinski.pl\/#\/schema\/person\/6f62700996b4d950b6ea2d1183b6c6be\"},\"headline\":\"Spotkania z mieszka\u0144cami Podkarpacia: 1-31 pa\u017adziernika\",\"datePublished\":\"2018-11-21T12:00:43+00:00\",\"dateModified\":\"2018-11-27T09:48:46+00:00\",\"mainEntityOfPage\":{\"@id\":\"https:\/\/marekkuchcinski.pl\/en\/prawo-i-sprawiedliwosc\/spotkania-mieszkancami-podkarpacia-wybory-samorzadowe-2018\/\"},\"wordCount\":2611,\"commentCount\":0,\"publisher\":{\"@id\":\"https:\/\/marekkuchcinski.pl\/#organization\"},\"image\":{\"@id\":\"https:\/\/marekkuchcinski.pl\/en\/prawo-i-sprawiedliwosc\/spotkania-mieszkancami-podkarpacia-wybory-samorzadowe-2018\/#primaryimage\"},\"thumbnailUrl\":\"https:\/\/marekkuchcinski.pl\/wp-content\/uploads\/2018\/11\/Jasionka-7.jpg\",\"articleSection\":[\"Podkarpacie\",\"Podsumowanie miesi\u0105ca\",\"Prawo i Sprawiedliwo\u015b\u0107\"],\"inLanguage\":\"ro-RO\",\"potentialAction\":[{\"@type\":\"CommentAction\",\"name\":\"Comment\",\"target\":[\"https:\/\/marekkuchcinski.pl\/en\/prawo-i-sprawiedliwosc\/spotkania-mieszkancami-podkarpacia-wybory-samorzadowe-2018\/#respond\"]}]},{\"@type\":\"WebPage\",\"@id\":\"https:\/\/marekkuchcinski.pl\/en\/prawo-i-sprawiedliwosc\/spotkania-mieszkancami-podkarpacia-wybory-samorzadowe-2018\/\",\"url\":\"https:\/\/marekkuchcinski.pl\/en\/prawo-i-sprawiedliwosc\/spotkania-mieszkancami-podkarpacia-wybory-samorzadowe-2018\/\",\"name\":\"Spotkania z mieszka\u0144cami Podkarpacia: 1-31 pa\u017adziernika &#8211; Marek Kuchci\u0144ski\",\"isPartOf\":{\"@id\":\"https:\/\/marekkuchcinski.pl\/#website\"},\"primaryImageOfPage\":{\"@id\":\"https:\/\/marekkuchcinski.pl\/en\/prawo-i-sprawiedliwosc\/spotkania-mieszkancami-podkarpacia-wybory-samorzadowe-2018\/#primaryimage\"},\"image\":{\"@id\":\"https:\/\/marekkuchcinski.pl\/en\/prawo-i-sprawiedliwosc\/spotkania-mieszkancami-podkarpacia-wybory-samorzadowe-2018\/#primaryimage\"},\"thumbnailUrl\":\"https:\/\/marekkuchcinski.pl\/wp-content\/uploads\/2018\/11\/Jasionka-7.jpg\",\"datePublished\":\"2018-11-21T12:00:43+00:00\",\"dateModified\":\"2018-11-27T09:48:46+00:00\",\"breadcrumb\":{\"@id\":\"https:\/\/marekkuchcinski.pl\/en\/prawo-i-sprawiedliwosc\/spotkania-mieszkancami-podkarpacia-wybory-samorzadowe-2018\/#breadcrumb\"},\"inLanguage\":\"ro-RO\",\"potentialAction\":[{\"@type\":\"ReadAction\",\"target\":[\"https:\/\/marekkuchcinski.pl\/en\/prawo-i-sprawiedliwosc\/spotkania-mieszkancami-podkarpacia-wybory-samorzadowe-2018\/\"]}]},{\"@type\":\"ImageObject\",\"inLanguage\":\"ro-RO\",\"@id\":\"https:\/\/marekkuchcinski.pl\/en\/prawo-i-sprawiedliwosc\/spotkania-mieszkancami-podkarpacia-wybory-samorzadowe-2018\/#primaryimage\",\"url\":\"https:\/\/marekkuchcinski.pl\/wp-content\/uploads\/2018\/11\/Jasionka-7.jpg\",\"contentUrl\":\"https:\/\/marekkuchcinski.pl\/wp-content\/uploads\/2018\/11\/Jasionka-7.jpg\",\"width\":960,\"height\":720},{\"@type\":\"BreadcrumbList\",\"@id\":\"https:\/\/marekkuchcinski.pl\/en\/prawo-i-sprawiedliwosc\/spotkania-mieszkancami-podkarpacia-wybory-samorzadowe-2018\/#breadcrumb\",\"itemListElement\":[{\"@type\":\"ListItem\",\"position\":1,\"name\":\"Strona g\u0142\u00f3wna\",\"item\":\"https:\/\/marekkuchcinski.pl\/\"},{\"@type\":\"ListItem\",\"position\":2,\"name\":\"Spotkania z mieszka\u0144cami Podkarpacia: 1-31 pa\u017adziernika\"}]},{\"@type\":\"WebSite\",\"@id\":\"https:\/\/marekkuchcinski.pl\/#website\",\"url\":\"https:\/\/marekkuchcinski.pl\/\",\"name\":\"Marek Kuchci\u0144ski\",\"description\":\"Pose\u0142 na sejm RP &ndash; okr\u0119g nr 22\",\"publisher\":{\"@id\":\"https:\/\/marekkuchcinski.pl\/#organization\"},\"potentialAction\":[{\"@type\":\"SearchAction\",\"target\":{\"@type\":\"EntryPoint\",\"urlTemplate\":\"https:\/\/marekkuchcinski.pl\/?s={search_term_string}\"},\"query-input\":{\"@type\":\"PropertyValueSpecification\",\"valueRequired\":true,\"valueName\":\"search_term_string\"}}],\"inLanguage\":\"ro-RO\"},{\"@type\":\"Organization\",\"@id\":\"https:\/\/marekkuchcinski.pl\/#organization\",\"name\":\"Marek Kuchci\u0144ski\",\"url\":\"https:\/\/marekkuchcinski.pl\/\",\"logo\":{\"@type\":\"ImageObject\",\"inLanguage\":\"ro-RO\",\"@id\":\"https:\/\/marekkuchcinski.pl\/#\/schema\/logo\/image\/\",\"url\":\"https:\/\/marekkuchcinski.pl\/wp-content\/uploads\/2022\/09\/Marek.jpg\",\"contentUrl\":\"https:\/\/marekkuchcinski.pl\/wp-content\/uploads\/2022\/09\/Marek.jpg\",\"width\":1600,\"height\":971,\"caption\":\"Marek Kuchci\u0144ski\"},\"image\":{\"@id\":\"https:\/\/marekkuchcinski.pl\/#\/schema\/logo\/image\/\"}},{\"@type\":\"Person\",\"@id\":\"https:\/\/marekkuchcinski.pl\/#\/schema\/person\/6f62700996b4d950b6ea2d1183b6c6be\",\"name\":\"admin\",\"image\":{\"@type\":\"ImageObject\",\"inLanguage\":\"ro-RO\",\"@id\":\"https:\/\/marekkuchcinski.pl\/#\/schema\/person\/image\/\",\"url\":\"https:\/\/secure.gravatar.com\/avatar\/4bab693b9d55c3d6b52c0296a8765085?s=96&d=mm&r=g\",\"contentUrl\":\"https:\/\/secure.gravatar.com\/avatar\/4bab693b9d55c3d6b52c0296a8765085?s=96&d=mm&r=g\",\"caption\":\"admin\"},\"url\":\"https:\/\/marekkuchcinski.pl\/ro\/author\/marta-olejnik\/\"}]}<\/script>\n<!-- \/ Yoast SEO plugin. -->","yoast_head_json":{"title":"Spotkania z mieszka\u0144cami Podkarpacia: 1-31 pa\u017adziernika &#8211; Marek Kuchci\u0144ski","robots":{"index":"index","follow":"follow","max-snippet":"max-snippet:-1","max-image-preview":"max-image-preview:large","max-video-preview":"max-video-preview:-1"},"canonical":"https:\/\/marekkuchcinski.pl\/ro\/prawo-i-sprawiedliwosc\/spotkania-mieszkancami-podkarpacia-wybory-samorzadowe-2018\/","og_locale":"ro_RO","og_type":"article","og_title":"Spotkania z mieszka\u0144cami Podkarpacia: 1-31 pa\u017adziernika &#8211; Marek Kuchci\u0144ski","og_description":"1 pa\u017adziernika W\u00a0Pola\u0144czyku Marsza\u0142ek Sejmu\u00a0otworzy\u0142 konferencj\u0119 &#8222;Program dla Bieszczad&#8221; Ministerstwa Infrastruktury i Rozwoju. Marek Kuchci\u0144ski powiedzia\u0142, \u017ce konferencj\u0119 otwiera z du\u017cymi nadziejami,\u00a0poniewa\u017c dzi\u0119ki \u201eProgramowi dla Bieszczad\u201d buduje si\u0119 mark\u0119 maj\u0105c\u0105 charakteryzowa\u0107 nasz\u0105 cz\u0119\u015b\u0107 Karpat. \u201eProgram dla Bieszczad\u201d to kolejny etap w polityce rozwoju ca\u0142ych Karpat, a dzi\u015b w Pola\u0144czyku realizuj\u0105 si\u0119 wcze\u015bniejsze ministerialne zapowiedzi. Minister [&hellip;]","og_url":"https:\/\/marekkuchcinski.pl\/ro\/prawo-i-sprawiedliwosc\/spotkania-mieszkancami-podkarpacia-wybory-samorzadowe-2018\/","og_site_name":"Marek Kuchci\u0144ski","article_published_time":"2018-11-21T12:00:43+00:00","article_modified_time":"2018-11-27T09:48:46+00:00","og_image":[{"width":960,"height":720,"url":"https:\/\/marekkuchcinski.pl\/wp-content\/uploads\/2018\/11\/Jasionka-7.jpg","type":"image\/jpeg"}],"author":"admin","twitter_card":"summary_large_image","twitter_misc":{"Scris de":"admin","Timp estimat pentru citire":"13 minutes"},"schema":{"@context":"https:\/\/schema.org","@graph":[{"@type":"Article","@id":"https:\/\/marekkuchcinski.pl\/en\/prawo-i-sprawiedliwosc\/spotkania-mieszkancami-podkarpacia-wybory-samorzadowe-2018\/#article","isPartOf":{"@id":"https:\/\/marekkuchcinski.pl\/en\/prawo-i-sprawiedliwosc\/spotkania-mieszkancami-podkarpacia-wybory-samorzadowe-2018\/"},"author":{"name":"admin","@id":"https:\/\/marekkuchcinski.pl\/#\/schema\/person\/6f62700996b4d950b6ea2d1183b6c6be"},"headline":"Spotkania z mieszka\u0144cami Podkarpacia: 1-31 pa\u017adziernika","datePublished":"2018-11-21T12:00:43+00:00","dateModified":"2018-11-27T09:48:46+00:00","mainEntityOfPage":{"@id":"https:\/\/marekkuchcinski.pl\/en\/prawo-i-sprawiedliwosc\/spotkania-mieszkancami-podkarpacia-wybory-samorzadowe-2018\/"},"wordCount":2611,"commentCount":0,"publisher":{"@id":"https:\/\/marekkuchcinski.pl\/#organization"},"image":{"@id":"https:\/\/marekkuchcinski.pl\/en\/prawo-i-sprawiedliwosc\/spotkania-mieszkancami-podkarpacia-wybory-samorzadowe-2018\/#primaryimage"},"thumbnailUrl":"https:\/\/marekkuchcinski.pl\/wp-content\/uploads\/2018\/11\/Jasionka-7.jpg","articleSection":["Podkarpacie","Podsumowanie miesi\u0105ca","Prawo i Sprawiedliwo\u015b\u0107"],"inLanguage":"ro-RO","potentialAction":[{"@type":"CommentAction","name":"Comment","target":["https:\/\/marekkuchcinski.pl\/en\/prawo-i-sprawiedliwosc\/spotkania-mieszkancami-podkarpacia-wybory-samorzadowe-2018\/#respond"]}]},{"@type":"WebPage","@id":"https:\/\/marekkuchcinski.pl\/en\/prawo-i-sprawiedliwosc\/spotkania-mieszkancami-podkarpacia-wybory-samorzadowe-2018\/","url":"https:\/\/marekkuchcinski.pl\/en\/prawo-i-sprawiedliwosc\/spotkania-mieszkancami-podkarpacia-wybory-samorzadowe-2018\/","name":"Spotkania z mieszka\u0144cami Podkarpacia: 1-31 pa\u017adziernika &#8211; Marek Kuchci\u0144ski","isPartOf":{"@id":"https:\/\/marekkuchcinski.pl\/#website"},"primaryImageOfPage":{"@id":"https:\/\/marekkuchcinski.pl\/en\/prawo-i-sprawiedliwosc\/spotkania-mieszkancami-podkarpacia-wybory-samorzadowe-2018\/#primaryimage"},"image":{"@id":"https:\/\/marekkuchcinski.pl\/en\/prawo-i-sprawiedliwosc\/spotkania-mieszkancami-podkarpacia-wybory-samorzadowe-2018\/#primaryimage"},"thumbnailUrl":"https:\/\/marekkuchcinski.pl\/wp-content\/uploads\/2018\/11\/Jasionka-7.jpg","datePublished":"2018-11-21T12:00:43+00:00","dateModified":"2018-11-27T09:48:46+00:00","breadcrumb":{"@id":"https:\/\/marekkuchcinski.pl\/en\/prawo-i-sprawiedliwosc\/spotkania-mieszkancami-podkarpacia-wybory-samorzadowe-2018\/#breadcrumb"},"inLanguage":"ro-RO","potentialAction":[{"@type":"ReadAction","target":["https:\/\/marekkuchcinski.pl\/en\/prawo-i-sprawiedliwosc\/spotkania-mieszkancami-podkarpacia-wybory-samorzadowe-2018\/"]}]},{"@type":"ImageObject","inLanguage":"ro-RO","@id":"https:\/\/marekkuchcinski.pl\/en\/prawo-i-sprawiedliwosc\/spotkania-mieszkancami-podkarpacia-wybory-samorzadowe-2018\/#primaryimage","url":"https:\/\/marekkuchcinski.pl\/wp-content\/uploads\/2018\/11\/Jasionka-7.jpg","contentUrl":"https:\/\/marekkuchcinski.pl\/wp-content\/uploads\/2018\/11\/Jasionka-7.jpg","width":960,"height":720},{"@type":"BreadcrumbList","@id":"https:\/\/marekkuchcinski.pl\/en\/prawo-i-sprawiedliwosc\/spotkania-mieszkancami-podkarpacia-wybory-samorzadowe-2018\/#breadcrumb","itemListElement":[{"@type":"ListItem","position":1,"name":"Strona g\u0142\u00f3wna","item":"https:\/\/marekkuchcinski.pl\/"},{"@type":"ListItem","position":2,"name":"Spotkania z mieszka\u0144cami Podkarpacia: 1-31 pa\u017adziernika"}]},{"@type":"WebSite","@id":"https:\/\/marekkuchcinski.pl\/#website","url":"https:\/\/marekkuchcinski.pl\/","name":"Marek Kuchci\u0144ski","description":"Pose\u0142 na sejm RP &ndash; okr\u0119g nr 22","publisher":{"@id":"https:\/\/marekkuchcinski.pl\/#organization"},"potentialAction":[{"@type":"SearchAction","target":{"@type":"EntryPoint","urlTemplate":"https:\/\/marekkuchcinski.pl\/?s={search_term_string}"},"query-input":{"@type":"PropertyValueSpecification","valueRequired":true,"valueName":"search_term_string"}}],"inLanguage":"ro-RO"},{"@type":"Organization","@id":"https:\/\/marekkuchcinski.pl\/#organization","name":"Marek Kuchci\u0144ski","url":"https:\/\/marekkuchcinski.pl\/","logo":{"@type":"ImageObject","inLanguage":"ro-RO","@id":"https:\/\/marekkuchcinski.pl\/#\/schema\/logo\/image\/","url":"https:\/\/marekkuchcinski.pl\/wp-content\/uploads\/2022\/09\/Marek.jpg","contentUrl":"https:\/\/marekkuchcinski.pl\/wp-content\/uploads\/2022\/09\/Marek.jpg","width":1600,"height":971,"caption":"Marek Kuchci\u0144ski"},"image":{"@id":"https:\/\/marekkuchcinski.pl\/#\/schema\/logo\/image\/"}},{"@type":"Person","@id":"https:\/\/marekkuchcinski.pl\/#\/schema\/person\/6f62700996b4d950b6ea2d1183b6c6be","name":"admin","image":{"@type":"ImageObject","inLanguage":"ro-RO","@id":"https:\/\/marekkuchcinski.pl\/#\/schema\/person\/image\/","url":"https:\/\/secure.gravatar.com\/avatar\/4bab693b9d55c3d6b52c0296a8765085?s=96&d=mm&r=g","contentUrl":"https:\/\/secure.gravatar.com\/avatar\/4bab693b9d55c3d6b52c0296a8765085?s=96&d=mm&r=g","caption":"admin"},"url":"https:\/\/marekkuchcinski.pl\/ro\/author\/marta-olejnik\/"}]}},"_links":{"self":[{"href":"https:\/\/marekkuchcinski.pl\/ro\/wp-json\/wp\/v2\/posts\/10784","targetHints":{"allow":["GET"]}}],"collection":[{"href":"https:\/\/marekkuchcinski.pl\/ro\/wp-json\/wp\/v2\/posts"}],"about":[{"href":"https:\/\/marekkuchcinski.pl\/ro\/wp-json\/wp\/v2\/types\/post"}],"author":[{"embeddable":true,"href":"https:\/\/marekkuchcinski.pl\/ro\/wp-json\/wp\/v2\/users\/6"}],"replies":[{"embeddable":true,"href":"https:\/\/marekkuchcinski.pl\/ro\/wp-json\/wp\/v2\/comments?post=10784"}],"version-history":[{"count":88,"href":"https:\/\/marekkuchcinski.pl\/ro\/wp-json\/wp\/v2\/posts\/10784\/revisions"}],"predecessor-version":[{"id":11318,"href":"https:\/\/marekkuchcinski.pl\/ro\/wp-json\/wp\/v2\/posts\/10784\/revisions\/11318"}],"wp:featuredmedia":[{"embeddable":true,"href":"https:\/\/marekkuchcinski.pl\/ro\/wp-json\/wp\/v2\/media\/10804"}],"wp:attachment":[{"href":"https:\/\/marekkuchcinski.pl\/ro\/wp-json\/wp\/v2\/media?parent=10784"}],"wp:term":[{"taxonomy":"category","embeddable":true,"href":"https:\/\/marekkuchcinski.pl\/ro\/wp-json\/wp\/v2\/categories?post=10784"},{"taxonomy":"post_tag","embeddable":true,"href":"https:\/\/marekkuchcinski.pl\/ro\/wp-json\/wp\/v2\/tags?post=10784"}],"curies":[{"name":"wp","href":"https:\/\/api.w.org\/{rel}","templated":true}]}}