{"id":10752,"date":"2018-11-16T10:33:12","date_gmt":"2018-11-16T09:33:12","guid":{"rendered":"https:\/\/marekkuchcinski.pl\/?p=10752"},"modified":"2018-11-16T10:34:39","modified_gmt":"2018-11-16T09:34:39","slug":"uwolnic-gospodarczy-potencjal-podkarpacia","status":"publish","type":"post","link":"https:\/\/marekkuchcinski.pl\/ro\/wydarzenia\/uwolnic-gospodarczy-potencjal-podkarpacia\/","title":{"rendered":"Cum se poate elibera poten\u021bialul economic al Podkarpacie. Dezvoltarea durabil\u0103 a \u021b\u0103rii, una dintre priorit\u0103\u021bile guvernului"},"content":{"rendered":"<p>Cel mai mare eveniment economic al anului - Congresul 590 - a avut loc la Jasionka, l\u00e2ng\u0103 Rzesz\u00f3w. La eveniment au participat 4,5 mii de persoane, inclusiv pre\u0219edintele, premierul \u0219i mini\u0219trii. Sarcina sa este de a sus\u021bine m\u0103rcile na\u021bionale, de a \u00eencuraja achizi\u021bionarea de produse locale \u0219i de a dezvolta patriotismul pentru cump\u0103r\u0103turi. Cea de-a treia edi\u021bie din acest an a Congresului 590 este special\u0103, deoarece are loc cu ocazia centenarului redob\u00e2ndirii independen\u021bei Poloniei. Vorbitorii s-au concentrat asupra economiei poloneze, a punctelor sale forte \u0219i a punctelor slabe. \u00cen cadrul a 94 de dezbateri au fost discutate modalit\u0103\u021bile de valorificare a poten\u021bialului economic al Poloniei. Vorbitorii s-au axat, printre altele, pe tehnologie, investi\u021bii, energie, politic\u0103 de mediu, comer\u021b \u0219i export. Nu \u00eent\u00e2mpl\u0103tor Congresul este organizat \u00een Podkarpacie, care devine capitala antreprenoriatului \u0219i a inov\u0103rii. Regiunea este, de asemenea, un lider \u00een utilizarea fondurilor UE - \u00een total, p\u00e2n\u0103 la sf\u00e2r\u0219itul anului 2017, guvernul provincial a contractat fonduri \u00een valoare de 994 de milioane PLN pentru perioada 2014-2020.<\/p>\n<ul>\n<li><strong>Dezvoltarea na\u021bional\u0103 durabil\u0103 este una dintre priorit\u0103\u021bile guvernului.<\/strong> P\u00e2n\u0103 \u00een prezent, a reu\u0219it s\u0103 reduc\u0103 semnificativ \u0219omajul, care \u00een Podkarpackie a sc\u0103zut de la 12,9% \u00een XI 2015 la 8,7% \u00een VI 2018.<\/li>\n<li>\u00cen estul \u021b\u0103rii, problema inegalit\u0103\u021bii salariale este deosebit de important\u0103. Lucr\u0103torii au acum un salariu minim garantat \u0219i ajust\u0103ri salariale anuale garantate.<\/li>\n<li>Ministerul pentru Antreprenoriat \u0219i Tehnologie introduce un pachet de peste 100 de modific\u0103ri pentru antreprenori, care vor facilita \u00eenfiin\u021barea, func\u021bionarea \u0219i contabilizarea afacerilor. De acest lucru vor beneficia mai mult de 173 000 de companii existente \u00een provincie. Modific\u0103rile celor mai \u00eempov\u0103r\u0103toare reglement\u0103ri care \u00eengreuneaz\u0103 desf\u0103\u0219urarea unei afaceri au \u00eenceput \u00een 2016. P\u00e2n\u0103 \u00een prezent, peste 100 de modific\u0103ri au intrat deja \u00een vigoare, inclusiv extinderea protec\u021biei antreprenoriale prin interpretarea tuturor ambiguit\u0103\u021bilor \u00een favoarea \u00eentreprinz\u0103torului sau numirea unui Ombudsman pentru \u00eentreprinderile mici \u0219i mijlocii.<\/li>\n<\/ul>\n<p>Autorit\u0103\u021bile voievodale formate de partidul Lege \u0219i Justi\u021bie, recunosc\u00e2nd necesitatea de a dezvolta spiritul antreprenorial \u0219i de a consolida economia regional\u0103, au \u00eentreprins cu succes numeroase activit\u0103\u021bi, printre care:<\/p>\n<ul>\n<li>A fost \u00eenfiin\u021bat\u0103 Podkarpacki Fundusz Rozwoju Sp. z o.o. - pentru sprijinirea IMM-urilor din regiune, alimentat treptat cu bani din instrumentele rambursabile din perspectiva anterioar\u0103, ofer\u0103 capital pentru antreprenoriat.<\/li>\n<li>A fost \u00eenfiin\u021bat Podkarpackie Innovation Centre sp. z o.o.. - Misiunea sa este de a combina \u0219tiin\u021ba cu antreprenoriatul, comercializarea cercet\u0103rii \u0219i a studiilor comandate, trezirea creativit\u0103\u021bii antreprenoriale a tinerilor (ace\u0219tia vor crea afaceri la nivel local \u00een loc s\u0103 plece).<\/li>\n<li>Activit\u0103\u021bile Centrului de asisten\u021b\u0103 pentru investitori \u0219i exportatori - atragerea investitorilor, sprijin pentru atragerea de investi\u021bii, sprijin pentru exportatori, consultan\u021b\u0103 \u0219i instruire pentru companiile regionale, c\u0103utarea de parteneri de afaceri pentru companii.<\/li>\n<li>Autorit\u0103\u021bile locale sprijin\u0103 \u00een mod constant antreprenoriatul prin activit\u0103\u021bile institu\u021biilor din mediul de afaceri. RARR S.A. - sprijin consultativ pentru antreprenoriat, transfer de tehnologii avansate, gestionarea parcului \u0219tiin\u021bific \u0219i tehnologic Podkarpackie, incubarea de noi companii, cooperarea cu universit\u0103\u021bile, implementarea de proiecte pentru start-up-uri. O oportunitate pentru cre\u0219terea profesionaliz\u0103rii serviciilor furnizate de BEI \u00een ceea ce prive\u0219te a\u0219tept\u0103rile pie\u021bei este realizarea proiectului Podkarpacka Platforma Wsparcia Biznesu.<\/li>\n<li>Cheia pentru dezvoltarea economiei regiunii este consolidarea companiilor inovatoare, competitive, capabile s\u0103 concureze pe pie\u021bele europene \u0219i globale. Ca specializ\u0103ri inteligente ale regiunii, piS indic\u0103 industrii cheie precum: industria aerospa\u021bial\u0103, calitatea vie\u021bii, IT \u0219i telecomunica\u021bii (TIC) \u0219i industria auto.<\/li>\n<li>\u00cen prezent, implement\u0103m un proiect propriu \u00een cadrul POR WP 2014-2020 dedicat specializ\u0103rilor inteligente \u0219i sprijinim companiile din aceste sectoare. \u00cen plus, desf\u0103\u0219ur\u0103m un proces de descoperire antreprenorial\u0103 pentru identificarea de noi sectoare de oportunitate care ar putea deveni specializ\u0103ri ulterioare.<\/li>\n<li>Un factor important \u00een dezvoltarea economiei regionale este oportunitatea de a se \u00eent\u00e2lni, de a-\u0219i prezenta poten\u021bialul \u0219i de a stabili contacte de afaceri. Centrul de Expozi\u021bii \u0219i Congrese Podkarpackie serve\u0219te \u00een acest scop ca loc de desf\u0103\u0219urare a congreselor economice interna\u021bionale, a expozi\u021biilor \u0219i a t\u00e2rgurilor comerciale.<\/li>\n<li>Pachetul pentru ora\u0219ele mijlocii: ca unul dintre proiectele strategice ale SOR, a fost elaborat un pachet de m\u0103suri pentru ora\u0219ele mijlocii care pierd func\u021bii socio-economice. Pachetul pentru ora\u0219ele mijlocii acoper\u0103 13 centre din voievodatul Podkarpackie: D\u0119bica, Jaros\u0142aw, Jas\u0142o, Krosno, \u0141a\u0144cut, Mielec, Nisko, Przemy\u015bl, Przeworsk, Ropczyce, Sanok, Stalowa Wola, Tarnobrzeg.<\/li>\n<\/ul>\n<p><strong>\u00a0CE VOR FACE LEGEA \u0218I JUSTI\u021aIA PENTRU ANTREPRENORII \u0218I ECONOMIA PODKARPACKIE<\/strong><\/p>\n<ul>\n<li>Acesta se va ocupa de dezvoltarea Centrului de inovare din Podkarpackie \u0219i de promovarea companiilor din Podkarpackie \u0219i a zonelor de investi\u021bii. Va stimula investi\u021biile private de dezvoltare prin intermediul instrumentelor oferite de agen\u021biile de stat care opereaz\u0103 \u00een cadrul grupului PFR, de exemplu, ARP.<\/li>\n<li>Acesta va sprijini \u00eentreprinderile mici \u0219i mijlocii \u00een ob\u021binerea de finan\u021bare pe termen lung pentru proiecte de investi\u021bii.<\/li>\n<li>Acesta va dezvolta \"specializ\u0103ri inteligente\" selectate \u00een Voievodatul Podkarpackie, precum \u0219i va identifica ramuri noi, inovatoare \u0219i \u00een curs de dezvoltare ale economiei.<\/li>\n<li>Acesta va oferi sprijin antreprenorilor din Podkarpackie \u00een ob\u021binerea de fonduri de la agen\u021biile de stat.<\/li>\n<li>Vom oferi un sprijin consultativ cuprinz\u0103tor antreprenorilor care solicit\u0103 dreptul la scutiri \u00een cadrul zonei economice speciale nou create la nivel na\u021bional.<\/li>\n<li>Acesta va colabora cu PFR pentru a pune \u00een aplicare programul \"Inova\u021bii deschise\", care vizeaz\u0103 stimularea inov\u0103rii tehnologice poloneze prin finan\u021bare public-privat\u0103. Beneficiarii finali (\u00eentreprinderi tehnologice inovatoare cu o component\u0103 de cercetare \u0219i dezvoltare) pot conta \u00een mod colectiv pe o recapitalizare cuprins\u0103 \u00eentre 5 milioane PLN \u0219i aproximativ 20-30 milioane PLN (p\u00e2n\u0103 la un maxim de 60 milioane PLN) \u00eentre 2017 \u0219i 2023.<\/li>\n<li>Vom construi, cu participarea BGK, hale industriale de \u00eenchiriat pentru \u00eentreprinderi inovatoare, \u00eentreprinderi nou \u00eenfiin\u021bate care nu au capacitatea de a \u00eencepe un proces de produc\u021bie.<\/li>\n<li>Acesta va pune \u00een aplicare proiectul B\u0103ncii Timpului. B\u0103ncile de timp permit schimbul de servicii \u00een cadrul comunit\u0103\u021bii. Rolul monedei este jucat aici de timpul petrecut \u00eentr-o anumit\u0103 activitate, iar totul este supravegheat de site-uri web speciale. Popularizarea b\u0103ncilor de timp va spori activitatea social\u0103 \u0219i va deveni o surs\u0103 natural\u0103 de dezvoltare a antreprenoriatului.<\/li>\n<li>Acesta va sprijini dezvoltarea serviciilor financiare pentru \u00eentreprinderile mici \u0219i mijlocii prin intermediul Fondului de dezvoltare Podkarpackie.<\/li>\n<li>Programul strategic Blue San - pentru a cre\u0219te nivelul de trai al locuitorilor din comunele situate de-a lungul r\u00e2ului San, utiliz\u00e2nd \u00een mod eficient diverse resurse endogene.<\/li>\n<li>Programul de dezvoltare strategic\u0103 a Mun\u021bilor Bieszczady - cre\u0219terea nivelului \u0219i condi\u021biilor de trai ale locuitorilor prin utilizarea eficient\u0103 a resurselor endogene.<\/li>\n<\/ul>\n<p>Cooperarea cu guvernul \u00een ceea ce prive\u0219te punerea \u00een aplicare a Programului pentru Mun\u021bii Bieszczady: Scopul programului este de a \u00eembun\u0103t\u0103\u021bi oportunit\u0103\u021bile de dezvoltare \u0219i de a accelera dezvoltarea zonei prin ini\u021biative \u0219i ac\u021biuni \u00eentreprinse la nivel na\u021bional, complementare activit\u0103\u021bilor implementate la nivel regional \u0219i local. Programul \u00ee\u0219i propune s\u0103 creeze un forum eficient pentru cooperare \u0219i schimb de experien\u021b\u0103 \u00eentre ace\u0219ti actori \u0219i guvern pentru dezvoltarea regiunii.<\/p>\n<p>Programul se adreseaz\u0103 comunelor din districtele Bieszczady (Czarna, Lutowiska \u0219i Ustrzyki Dolne), Lesko (Baligr\u00f3d, Cisna, Lesko, Olszanica, Solina), Sanok (Koma\u0144cza Zag\u00f3rz, Tyrawa Wo\u0142oska) \u0219i Przemyskie (Bircza), dar efectele pozitive ale programului vor fi resim\u021bite \u0219i \u00een localit\u0103\u021bile \u00eenvecinate.<\/p>\n<p>&nbsp;<\/p>\n<p>&nbsp;<\/p>","protected":false},"excerpt":{"rendered":"<p>Najwi\u0119ksze wydarzenie gospodarcze roku &#8211; Kongres 590 &#8211; odby\u0142o si\u0119 w Jasionce k. Rzeszowa. W wydarzeniu wzi\u0119\u0142o udzia\u0142 4,5 tys. os\u00f3b, w tym prezydent, premier i ministrowie. Jego zadaniem jest wsparcie\u00a0rodzimych marek, zach\u0119cenie do zakup\u00f3w lokalnych produkt\u00f3w, oraz rozwijanie zakupowego patriotyzmu.\u00a0Tegoroczna, trzecia, edycja Kongresu 590 jest szczeg\u00f3lna, odbywa si\u0119 bowiem w stulecie odzyskania przez Polsk\u0119 [&hellip;]<\/p>","protected":false},"author":6,"featured_media":10767,"comment_status":"open","ping_status":"open","sticky":false,"template":"","format":"standard","meta":{"ngg_post_thumbnail":0,"footnotes":""},"categories":[49,82,3],"tags":[],"class_list":["post-10752","post","type-post","status-publish","format-standard","has-post-thumbnail","hentry","category-podkarpacie","category-prawo-i-sprawiedliwosc","category-wydarzenia"],"yoast_head":"<!-- This site is optimized with the Yoast SEO plugin v24.7 - https:\/\/yoast.com\/wordpress\/plugins\/seo\/ -->\n<title>Jak uwolni\u0107 gospodarczy potencja\u0142 Podkarpacia. Zr\u00f3wnowa\u017cony rozw\u00f3j kraju jednym z priorytet\u00f3w rz\u0105du &#8211; Marek Kuchci\u0144ski<\/title>\n<meta name=\"robots\" content=\"index, follow, max-snippet:-1, max-image-preview:large, max-video-preview:-1\" \/>\n<link rel=\"canonical\" href=\"https:\/\/marekkuchcinski.pl\/ro\/wydarzenia\/uwolnic-gospodarczy-potencjal-podkarpacia\/\" \/>\n<meta property=\"og:locale\" content=\"ro_RO\" \/>\n<meta property=\"og:type\" content=\"article\" \/>\n<meta property=\"og:title\" content=\"Jak uwolni\u0107 gospodarczy potencja\u0142 Podkarpacia. Zr\u00f3wnowa\u017cony rozw\u00f3j kraju jednym z priorytet\u00f3w rz\u0105du &#8211; Marek Kuchci\u0144ski\" \/>\n<meta property=\"og:description\" content=\"Najwi\u0119ksze wydarzenie gospodarcze roku &#8211; Kongres 590 &#8211; odby\u0142o si\u0119 w Jasionce k. Rzeszowa. W wydarzeniu wzi\u0119\u0142o udzia\u0142 4,5 tys. os\u00f3b, w tym prezydent, premier i ministrowie. Jego zadaniem jest wsparcie\u00a0rodzimych marek, zach\u0119cenie do zakup\u00f3w lokalnych produkt\u00f3w, oraz rozwijanie zakupowego patriotyzmu.\u00a0Tegoroczna, trzecia, edycja Kongresu 590 jest szczeg\u00f3lna, odbywa si\u0119 bowiem w stulecie odzyskania przez Polsk\u0119 [&hellip;]\" \/>\n<meta property=\"og:url\" content=\"https:\/\/marekkuchcinski.pl\/ro\/wydarzenia\/uwolnic-gospodarczy-potencjal-podkarpacia\/\" \/>\n<meta property=\"og:site_name\" content=\"Marek Kuchci\u0144ski\" \/>\n<meta property=\"article:published_time\" content=\"2018-11-16T09:33:12+00:00\" \/>\n<meta property=\"article:modified_time\" content=\"2018-11-16T09:34:39+00:00\" \/>\n<meta property=\"og:image\" content=\"https:\/\/marekkuchcinski.pl\/wp-content\/uploads\/2018\/11\/kongres_590-1.jpg\" \/>\n\t<meta property=\"og:image:width\" content=\"494\" \/>\n\t<meta property=\"og:image:height\" content=\"337\" \/>\n\t<meta property=\"og:image:type\" content=\"image\/jpeg\" \/>\n<meta name=\"author\" content=\"admin\" \/>\n<meta name=\"twitter:card\" content=\"summary_large_image\" \/>\n<meta name=\"twitter:label1\" content=\"Scris de\" \/>\n\t<meta name=\"twitter:data1\" content=\"admin\" \/>\n\t<meta name=\"twitter:label2\" content=\"Timp estimat pentru citire\" \/>\n\t<meta name=\"twitter:data2\" content=\"6 minutes\" \/>\n<script type=\"application\/ld+json\" class=\"yoast-schema-graph\">{\"@context\":\"https:\/\/schema.org\",\"@graph\":[{\"@type\":\"Article\",\"@id\":\"https:\/\/marekkuchcinski.pl\/en\/wydarzenia\/uwolnic-gospodarczy-potencjal-podkarpacia\/#article\",\"isPartOf\":{\"@id\":\"https:\/\/marekkuchcinski.pl\/en\/wydarzenia\/uwolnic-gospodarczy-potencjal-podkarpacia\/\"},\"author\":{\"name\":\"admin\",\"@id\":\"https:\/\/marekkuchcinski.pl\/#\/schema\/person\/6f62700996b4d950b6ea2d1183b6c6be\"},\"headline\":\"Jak uwolni\u0107 gospodarczy potencja\u0142 Podkarpacia. Zr\u00f3wnowa\u017cony rozw\u00f3j kraju jednym z priorytet\u00f3w rz\u0105du\",\"datePublished\":\"2018-11-16T09:33:12+00:00\",\"dateModified\":\"2018-11-16T09:34:39+00:00\",\"mainEntityOfPage\":{\"@id\":\"https:\/\/marekkuchcinski.pl\/en\/wydarzenia\/uwolnic-gospodarczy-potencjal-podkarpacia\/\"},\"wordCount\":1140,\"commentCount\":0,\"publisher\":{\"@id\":\"https:\/\/marekkuchcinski.pl\/#organization\"},\"image\":{\"@id\":\"https:\/\/marekkuchcinski.pl\/en\/wydarzenia\/uwolnic-gospodarczy-potencjal-podkarpacia\/#primaryimage\"},\"thumbnailUrl\":\"https:\/\/marekkuchcinski.pl\/wp-content\/uploads\/2018\/11\/kongres_590-1.jpg\",\"articleSection\":[\"Podkarpacie\",\"Prawo i Sprawiedliwo\u015b\u0107\",\"Wydarzenia\"],\"inLanguage\":\"ro-RO\",\"potentialAction\":[{\"@type\":\"CommentAction\",\"name\":\"Comment\",\"target\":[\"https:\/\/marekkuchcinski.pl\/en\/wydarzenia\/uwolnic-gospodarczy-potencjal-podkarpacia\/#respond\"]}]},{\"@type\":\"WebPage\",\"@id\":\"https:\/\/marekkuchcinski.pl\/en\/wydarzenia\/uwolnic-gospodarczy-potencjal-podkarpacia\/\",\"url\":\"https:\/\/marekkuchcinski.pl\/en\/wydarzenia\/uwolnic-gospodarczy-potencjal-podkarpacia\/\",\"name\":\"Jak uwolni\u0107 gospodarczy potencja\u0142 Podkarpacia. Zr\u00f3wnowa\u017cony rozw\u00f3j kraju jednym z priorytet\u00f3w rz\u0105du &#8211; Marek Kuchci\u0144ski\",\"isPartOf\":{\"@id\":\"https:\/\/marekkuchcinski.pl\/#website\"},\"primaryImageOfPage\":{\"@id\":\"https:\/\/marekkuchcinski.pl\/en\/wydarzenia\/uwolnic-gospodarczy-potencjal-podkarpacia\/#primaryimage\"},\"image\":{\"@id\":\"https:\/\/marekkuchcinski.pl\/en\/wydarzenia\/uwolnic-gospodarczy-potencjal-podkarpacia\/#primaryimage\"},\"thumbnailUrl\":\"https:\/\/marekkuchcinski.pl\/wp-content\/uploads\/2018\/11\/kongres_590-1.jpg\",\"datePublished\":\"2018-11-16T09:33:12+00:00\",\"dateModified\":\"2018-11-16T09:34:39+00:00\",\"breadcrumb\":{\"@id\":\"https:\/\/marekkuchcinski.pl\/en\/wydarzenia\/uwolnic-gospodarczy-potencjal-podkarpacia\/#breadcrumb\"},\"inLanguage\":\"ro-RO\",\"potentialAction\":[{\"@type\":\"ReadAction\",\"target\":[\"https:\/\/marekkuchcinski.pl\/en\/wydarzenia\/uwolnic-gospodarczy-potencjal-podkarpacia\/\"]}]},{\"@type\":\"ImageObject\",\"inLanguage\":\"ro-RO\",\"@id\":\"https:\/\/marekkuchcinski.pl\/en\/wydarzenia\/uwolnic-gospodarczy-potencjal-podkarpacia\/#primaryimage\",\"url\":\"https:\/\/marekkuchcinski.pl\/wp-content\/uploads\/2018\/11\/kongres_590-1.jpg\",\"contentUrl\":\"https:\/\/marekkuchcinski.pl\/wp-content\/uploads\/2018\/11\/kongres_590-1.jpg\",\"width\":494,\"height\":337},{\"@type\":\"BreadcrumbList\",\"@id\":\"https:\/\/marekkuchcinski.pl\/en\/wydarzenia\/uwolnic-gospodarczy-potencjal-podkarpacia\/#breadcrumb\",\"itemListElement\":[{\"@type\":\"ListItem\",\"position\":1,\"name\":\"Strona g\u0142\u00f3wna\",\"item\":\"https:\/\/marekkuchcinski.pl\/\"},{\"@type\":\"ListItem\",\"position\":2,\"name\":\"Jak uwolni\u0107 gospodarczy potencja\u0142 Podkarpacia. Zr\u00f3wnowa\u017cony rozw\u00f3j kraju jednym z priorytet\u00f3w rz\u0105du\"}]},{\"@type\":\"WebSite\",\"@id\":\"https:\/\/marekkuchcinski.pl\/#website\",\"url\":\"https:\/\/marekkuchcinski.pl\/\",\"name\":\"Marek Kuchci\u0144ski\",\"description\":\"Pose\u0142 na sejm RP &ndash; okr\u0119g nr 22\",\"publisher\":{\"@id\":\"https:\/\/marekkuchcinski.pl\/#organization\"},\"potentialAction\":[{\"@type\":\"SearchAction\",\"target\":{\"@type\":\"EntryPoint\",\"urlTemplate\":\"https:\/\/marekkuchcinski.pl\/?s={search_term_string}\"},\"query-input\":{\"@type\":\"PropertyValueSpecification\",\"valueRequired\":true,\"valueName\":\"search_term_string\"}}],\"inLanguage\":\"ro-RO\"},{\"@type\":\"Organization\",\"@id\":\"https:\/\/marekkuchcinski.pl\/#organization\",\"name\":\"Marek Kuchci\u0144ski\",\"url\":\"https:\/\/marekkuchcinski.pl\/\",\"logo\":{\"@type\":\"ImageObject\",\"inLanguage\":\"ro-RO\",\"@id\":\"https:\/\/marekkuchcinski.pl\/#\/schema\/logo\/image\/\",\"url\":\"https:\/\/marekkuchcinski.pl\/wp-content\/uploads\/2022\/09\/Marek.jpg\",\"contentUrl\":\"https:\/\/marekkuchcinski.pl\/wp-content\/uploads\/2022\/09\/Marek.jpg\",\"width\":1600,\"height\":971,\"caption\":\"Marek Kuchci\u0144ski\"},\"image\":{\"@id\":\"https:\/\/marekkuchcinski.pl\/#\/schema\/logo\/image\/\"}},{\"@type\":\"Person\",\"@id\":\"https:\/\/marekkuchcinski.pl\/#\/schema\/person\/6f62700996b4d950b6ea2d1183b6c6be\",\"name\":\"admin\",\"image\":{\"@type\":\"ImageObject\",\"inLanguage\":\"ro-RO\",\"@id\":\"https:\/\/marekkuchcinski.pl\/#\/schema\/person\/image\/\",\"url\":\"https:\/\/secure.gravatar.com\/avatar\/4bab693b9d55c3d6b52c0296a8765085?s=96&d=mm&r=g\",\"contentUrl\":\"https:\/\/secure.gravatar.com\/avatar\/4bab693b9d55c3d6b52c0296a8765085?s=96&d=mm&r=g\",\"caption\":\"admin\"},\"url\":\"https:\/\/marekkuchcinski.pl\/ro\/author\/marta-olejnik\/\"}]}<\/script>\n<!-- \/ Yoast SEO plugin. -->","yoast_head_json":{"title":"Jak uwolni\u0107 gospodarczy potencja\u0142 Podkarpacia. Zr\u00f3wnowa\u017cony rozw\u00f3j kraju jednym z priorytet\u00f3w rz\u0105du &#8211; Marek Kuchci\u0144ski","robots":{"index":"index","follow":"follow","max-snippet":"max-snippet:-1","max-image-preview":"max-image-preview:large","max-video-preview":"max-video-preview:-1"},"canonical":"https:\/\/marekkuchcinski.pl\/ro\/wydarzenia\/uwolnic-gospodarczy-potencjal-podkarpacia\/","og_locale":"ro_RO","og_type":"article","og_title":"Jak uwolni\u0107 gospodarczy potencja\u0142 Podkarpacia. Zr\u00f3wnowa\u017cony rozw\u00f3j kraju jednym z priorytet\u00f3w rz\u0105du &#8211; Marek Kuchci\u0144ski","og_description":"Najwi\u0119ksze wydarzenie gospodarcze roku &#8211; Kongres 590 &#8211; odby\u0142o si\u0119 w Jasionce k. Rzeszowa. W wydarzeniu wzi\u0119\u0142o udzia\u0142 4,5 tys. os\u00f3b, w tym prezydent, premier i ministrowie. Jego zadaniem jest wsparcie\u00a0rodzimych marek, zach\u0119cenie do zakup\u00f3w lokalnych produkt\u00f3w, oraz rozwijanie zakupowego patriotyzmu.\u00a0Tegoroczna, trzecia, edycja Kongresu 590 jest szczeg\u00f3lna, odbywa si\u0119 bowiem w stulecie odzyskania przez Polsk\u0119 [&hellip;]","og_url":"https:\/\/marekkuchcinski.pl\/ro\/wydarzenia\/uwolnic-gospodarczy-potencjal-podkarpacia\/","og_site_name":"Marek Kuchci\u0144ski","article_published_time":"2018-11-16T09:33:12+00:00","article_modified_time":"2018-11-16T09:34:39+00:00","og_image":[{"width":494,"height":337,"url":"https:\/\/marekkuchcinski.pl\/wp-content\/uploads\/2018\/11\/kongres_590-1.jpg","type":"image\/jpeg"}],"author":"admin","twitter_card":"summary_large_image","twitter_misc":{"Scris de":"admin","Timp estimat pentru citire":"6 minutes"},"schema":{"@context":"https:\/\/schema.org","@graph":[{"@type":"Article","@id":"https:\/\/marekkuchcinski.pl\/en\/wydarzenia\/uwolnic-gospodarczy-potencjal-podkarpacia\/#article","isPartOf":{"@id":"https:\/\/marekkuchcinski.pl\/en\/wydarzenia\/uwolnic-gospodarczy-potencjal-podkarpacia\/"},"author":{"name":"admin","@id":"https:\/\/marekkuchcinski.pl\/#\/schema\/person\/6f62700996b4d950b6ea2d1183b6c6be"},"headline":"Jak uwolni\u0107 gospodarczy potencja\u0142 Podkarpacia. Zr\u00f3wnowa\u017cony rozw\u00f3j kraju jednym z priorytet\u00f3w rz\u0105du","datePublished":"2018-11-16T09:33:12+00:00","dateModified":"2018-11-16T09:34:39+00:00","mainEntityOfPage":{"@id":"https:\/\/marekkuchcinski.pl\/en\/wydarzenia\/uwolnic-gospodarczy-potencjal-podkarpacia\/"},"wordCount":1140,"commentCount":0,"publisher":{"@id":"https:\/\/marekkuchcinski.pl\/#organization"},"image":{"@id":"https:\/\/marekkuchcinski.pl\/en\/wydarzenia\/uwolnic-gospodarczy-potencjal-podkarpacia\/#primaryimage"},"thumbnailUrl":"https:\/\/marekkuchcinski.pl\/wp-content\/uploads\/2018\/11\/kongres_590-1.jpg","articleSection":["Podkarpacie","Prawo i Sprawiedliwo\u015b\u0107","Wydarzenia"],"inLanguage":"ro-RO","potentialAction":[{"@type":"CommentAction","name":"Comment","target":["https:\/\/marekkuchcinski.pl\/en\/wydarzenia\/uwolnic-gospodarczy-potencjal-podkarpacia\/#respond"]}]},{"@type":"WebPage","@id":"https:\/\/marekkuchcinski.pl\/en\/wydarzenia\/uwolnic-gospodarczy-potencjal-podkarpacia\/","url":"https:\/\/marekkuchcinski.pl\/en\/wydarzenia\/uwolnic-gospodarczy-potencjal-podkarpacia\/","name":"Jak uwolni\u0107 gospodarczy potencja\u0142 Podkarpacia. Zr\u00f3wnowa\u017cony rozw\u00f3j kraju jednym z priorytet\u00f3w rz\u0105du &#8211; Marek Kuchci\u0144ski","isPartOf":{"@id":"https:\/\/marekkuchcinski.pl\/#website"},"primaryImageOfPage":{"@id":"https:\/\/marekkuchcinski.pl\/en\/wydarzenia\/uwolnic-gospodarczy-potencjal-podkarpacia\/#primaryimage"},"image":{"@id":"https:\/\/marekkuchcinski.pl\/en\/wydarzenia\/uwolnic-gospodarczy-potencjal-podkarpacia\/#primaryimage"},"thumbnailUrl":"https:\/\/marekkuchcinski.pl\/wp-content\/uploads\/2018\/11\/kongres_590-1.jpg","datePublished":"2018-11-16T09:33:12+00:00","dateModified":"2018-11-16T09:34:39+00:00","breadcrumb":{"@id":"https:\/\/marekkuchcinski.pl\/en\/wydarzenia\/uwolnic-gospodarczy-potencjal-podkarpacia\/#breadcrumb"},"inLanguage":"ro-RO","potentialAction":[{"@type":"ReadAction","target":["https:\/\/marekkuchcinski.pl\/en\/wydarzenia\/uwolnic-gospodarczy-potencjal-podkarpacia\/"]}]},{"@type":"ImageObject","inLanguage":"ro-RO","@id":"https:\/\/marekkuchcinski.pl\/en\/wydarzenia\/uwolnic-gospodarczy-potencjal-podkarpacia\/#primaryimage","url":"https:\/\/marekkuchcinski.pl\/wp-content\/uploads\/2018\/11\/kongres_590-1.jpg","contentUrl":"https:\/\/marekkuchcinski.pl\/wp-content\/uploads\/2018\/11\/kongres_590-1.jpg","width":494,"height":337},{"@type":"BreadcrumbList","@id":"https:\/\/marekkuchcinski.pl\/en\/wydarzenia\/uwolnic-gospodarczy-potencjal-podkarpacia\/#breadcrumb","itemListElement":[{"@type":"ListItem","position":1,"name":"Strona g\u0142\u00f3wna","item":"https:\/\/marekkuchcinski.pl\/"},{"@type":"ListItem","position":2,"name":"Jak uwolni\u0107 gospodarczy potencja\u0142 Podkarpacia. Zr\u00f3wnowa\u017cony rozw\u00f3j kraju jednym z priorytet\u00f3w rz\u0105du"}]},{"@type":"WebSite","@id":"https:\/\/marekkuchcinski.pl\/#website","url":"https:\/\/marekkuchcinski.pl\/","name":"Marek Kuchci\u0144ski","description":"Pose\u0142 na sejm RP &ndash; okr\u0119g nr 22","publisher":{"@id":"https:\/\/marekkuchcinski.pl\/#organization"},"potentialAction":[{"@type":"SearchAction","target":{"@type":"EntryPoint","urlTemplate":"https:\/\/marekkuchcinski.pl\/?s={search_term_string}"},"query-input":{"@type":"PropertyValueSpecification","valueRequired":true,"valueName":"search_term_string"}}],"inLanguage":"ro-RO"},{"@type":"Organization","@id":"https:\/\/marekkuchcinski.pl\/#organization","name":"Marek Kuchci\u0144ski","url":"https:\/\/marekkuchcinski.pl\/","logo":{"@type":"ImageObject","inLanguage":"ro-RO","@id":"https:\/\/marekkuchcinski.pl\/#\/schema\/logo\/image\/","url":"https:\/\/marekkuchcinski.pl\/wp-content\/uploads\/2022\/09\/Marek.jpg","contentUrl":"https:\/\/marekkuchcinski.pl\/wp-content\/uploads\/2022\/09\/Marek.jpg","width":1600,"height":971,"caption":"Marek Kuchci\u0144ski"},"image":{"@id":"https:\/\/marekkuchcinski.pl\/#\/schema\/logo\/image\/"}},{"@type":"Person","@id":"https:\/\/marekkuchcinski.pl\/#\/schema\/person\/6f62700996b4d950b6ea2d1183b6c6be","name":"admin","image":{"@type":"ImageObject","inLanguage":"ro-RO","@id":"https:\/\/marekkuchcinski.pl\/#\/schema\/person\/image\/","url":"https:\/\/secure.gravatar.com\/avatar\/4bab693b9d55c3d6b52c0296a8765085?s=96&d=mm&r=g","contentUrl":"https:\/\/secure.gravatar.com\/avatar\/4bab693b9d55c3d6b52c0296a8765085?s=96&d=mm&r=g","caption":"admin"},"url":"https:\/\/marekkuchcinski.pl\/ro\/author\/marta-olejnik\/"}]}},"_links":{"self":[{"href":"https:\/\/marekkuchcinski.pl\/ro\/wp-json\/wp\/v2\/posts\/10752","targetHints":{"allow":["GET"]}}],"collection":[{"href":"https:\/\/marekkuchcinski.pl\/ro\/wp-json\/wp\/v2\/posts"}],"about":[{"href":"https:\/\/marekkuchcinski.pl\/ro\/wp-json\/wp\/v2\/types\/post"}],"author":[{"embeddable":true,"href":"https:\/\/marekkuchcinski.pl\/ro\/wp-json\/wp\/v2\/users\/6"}],"replies":[{"embeddable":true,"href":"https:\/\/marekkuchcinski.pl\/ro\/wp-json\/wp\/v2\/comments?post=10752"}],"version-history":[{"count":9,"href":"https:\/\/marekkuchcinski.pl\/ro\/wp-json\/wp\/v2\/posts\/10752\/revisions"}],"predecessor-version":[{"id":10769,"href":"https:\/\/marekkuchcinski.pl\/ro\/wp-json\/wp\/v2\/posts\/10752\/revisions\/10769"}],"wp:featuredmedia":[{"embeddable":true,"href":"https:\/\/marekkuchcinski.pl\/ro\/wp-json\/wp\/v2\/media\/10767"}],"wp:attachment":[{"href":"https:\/\/marekkuchcinski.pl\/ro\/wp-json\/wp\/v2\/media?parent=10752"}],"wp:term":[{"taxonomy":"category","embeddable":true,"href":"https:\/\/marekkuchcinski.pl\/ro\/wp-json\/wp\/v2\/categories?post=10752"},{"taxonomy":"post_tag","embeddable":true,"href":"https:\/\/marekkuchcinski.pl\/ro\/wp-json\/wp\/v2\/tags?post=10752"}],"curies":[{"name":"wp","href":"https:\/\/api.w.org\/{rel}","templated":true}]}}