{"id":10704,"date":"2018-11-12T09:50:14","date_gmt":"2018-11-12T08:50:14","guid":{"rendered":"https:\/\/marekkuchcinski.pl\/?p=10704"},"modified":"2018-11-12T11:37:47","modified_gmt":"2018-11-12T10:37:47","slug":"100-niepodleglej-polski","status":"publish","type":"post","link":"https:\/\/marekkuchcinski.pl\/ro\/wydarzenia\/100-niepodleglej-polski\/","title":{"rendered":"100 de ani de independen\u021b\u0103 a Poloniei!"},"content":{"rendered":"<p><em>\u00a0 \u00a0 \u00a0 \u00a0 \u00a0 \u00a0 Centenarul rena\u0219terii statului polonez ne d\u0103 sentimentul particip\u0103rii la lan\u021bul istoric al genera\u021biilor \u0219i al m\u00e2ndriei de a fi polonezi.\u00a0<\/em><\/p>\n<p><em>\u00a0\u00a0\u00a0\u00a0\u00a0\u00a0\u00a0\u00a0\u00a0\u00a0\u00a0 Ar trebui s\u0103 ne inspir\u0103m din modul \u00een care na\u021biunea noastr\u0103 a reu\u0219it s\u0103 supravie\u021buiasc\u0103 \u0219i s\u0103 \u00ee\u0219i protejeze credin\u021ba \u00een libertatea Patriei. Merit\u0103 s\u0103 revizuim momentele \u00een care, printr-un efort colectiv, polonezii \u0219i-au ap\u0103rat drepturile \u0219i valorile care le erau dragi. C\u0103ci cuv\u00e2ntul \"Republic\u0103\" con\u021bine istoria noastr\u0103, memoria experien\u021belor genera\u021biilor trecute, a sacrificiului lor - cu pre\u021bul sacrificiului suprem - pentru ap\u0103rarea Patriei. \u00centorc\u00e2ndu-ne la experien\u021ba p\u0103rin\u021bilor independen\u021bei poloneze, putem scrie pagini noi \u0219i frumoase \u00een istoria Poloniei.<\/em><\/p>\n<p><em>Marek Kuchci\u0144ski<\/em><\/p>\n<p>&nbsp;<\/p>\n<p>S\u0103rb\u0103torirea celei de-a 100-a anivers\u0103ri a redob\u00e2ndirii independen\u021bei Poloniei a \u00eenceput la 10 noiembrie cu o slujb\u0103 la Catedrala Sf\u00e2ntul Ioan din Var\u0219ovia.<\/p>\n<p>Pre\u0219edintele, pre\u0219edintele Sejm-ului, pre\u0219edintele Senatului, primul ministru, parlamentari \u0219i mini\u0219tri au participat apoi la o ceremonie de dezvelire a unui monument \u00een cinstea regretatului pre\u0219edinte Lech Kaczy\u0144ski \u00een Pia\u021ba Pi\u0142sudski.<\/p>\n<p>Celebrarea zilei de 11 noiembrie \u00een capital\u0103 a \u00eenceput cu depunerea de coroane de flori la morm\u00e2ntul regretatului pre\u0219edinte Ryszard Kaczorowski \u0219i la placa comemorativ\u0103 a victimelor catastrofei de la Smolensk din Panteonul Marilor Polonezi din Templul Divinei Providen\u021be. Apoi, \u00een Templul Recuno\u0219tin\u021bei, Sf\u00e2nta Liturghie a fost prezidat\u0103 de nun\u021biul apostolic \u00een Polonia, Mons. Salvatore Pennacchio, iar \u00een omilia sa, pre\u0219edintele Conferin\u021bei Episcopale Poloneze, Mons. Stanis\u0142aw G\u0105decki, a spus c\u0103 toat\u0103 demnitatea autorit\u0103\u021bii deriv\u0103 exclusiv din faptul c\u0103 aceasta \u00ee\u0219i \u00eendepline\u0219te sarcinile \u00een limitele ordinii morale, a c\u0103rei surs\u0103 \u0219i scop este Dumnezeu. Sf\u00e2nta Liturghie a fost urmat\u0103 de o ceremonie de dezvelire a unor pl\u0103ci comemorative la Stejarii Independen\u021bei.<\/p>\n<p dir=\"ltr\">Cu un sfert de or\u0103 \u00eenainte de pr\u00e2nz, a avut loc un briefing solemn al g\u0103rzii pentru a comemora Ziua Independen\u021bei Na\u021bionale, combinat\u0103 cu Apelul de comemorare a Independen\u021bei. Pentru prima dat\u0103, la \u00eentreaga ceremonie a participat \u0219i Garda de Mare\u0219al, care a instalat o gard\u0103 de onoare \u00een fa\u021ba Morm\u00e2ntului Soldatului Necunoscut. Pentru prima dat\u0103, a inclus o femeie, ofi\u021berul SM Katarzyna Bo\u017cek.<\/p>\n<p dir=\"ltr\">Dup\u0103 intonarea imnului de la pr\u00e2nz, \u00een cadrul ac\u021biunii \"Niepodleg\u0142a do hymnu\", pre\u0219edintele Andrzej Duda a luat cuv\u00e2ntul. - V\u0103 mul\u021bumesc c\u0103 a\u021bi ascultat apelul \u0219i a\u021bi venit cu steaguri albe \u0219i ro\u0219ii, exist\u0103 o p\u0103dure de steaguri albe \u0219i ro\u0219ii. V\u0103 mul\u021bumim c\u0103 \u00eentr-un mod at\u00e2t de uimitor putem aduce un omagiu celor c\u0103rora le dator\u0103m o Polonie liber\u0103, independent\u0103 \u0219i suveran\u0103\", a declarat pre\u0219edintele. - Mi-a\u0219 dori s\u0103 putem fi mereu \u00eempreun\u0103 \u00een acest fel. Sunt convins c\u0103, indiferent de opiniile sale! Pentru c\u0103 \u00een fiecare, cred profund, exist\u0103 dragoste pentru patrie, pentru o Polonie independent\u0103 \u0219i suveran\u0103\", a declarat Andrzej Duda. Dup\u0103 discurs, pre\u0219edintele, \u00eempreun\u0103 cu pre\u0219edin\u021bii Sejm-ului \u0219i Senatului \u0219i cu prim-ministrul, a depus o coroan\u0103 de flori la Morm\u00e2ntul Soldatului Necunoscut. Toat\u0103 lumea a f\u0103cut \u00eenscrieri \u00eentr-o carte comemorativ\u0103 pentru a marca cea de-a 100-a aniversare a redob\u00e2ndirii independen\u021bei. Briefingul g\u0103rzii s-a \u00eencheiat cu o parad\u0103, dup\u0103 care cei mai importan\u021bi oficiali de stat au depus o coroan\u0103 de flori \u00een fa\u021ba Monumentului J\u00f3zef Pi\u0142sudski.<\/p>\n<p dir=\"ltr\">La ora 14.00, mare\u0219alul Kuchci\u0144ski a participat la ceremonia de acordare postum\u0103 a Ordinelor Vulturul Alb pentru 25 de polonezi merituo\u0219i pentru independen\u021b\u0103. La Castelul Regal, urma\u0219ii marilor polonezi, printre care W\u0142adys\u0142aw Reymont, Maria Sk\u0142odowska-Curie, Ignacy Daszy\u0144ski, Roman Dmowski, Wojciech Kossak, Kornel Makuszy\u0144ski \u0219i Janusz Korczak, au primit ordinele din m\u00e2inile pre\u0219edintelui.<\/p>\n<p dir=\"ltr\">O or\u0103 mai t\u00e2rziu, cei mai importan\u021bi politicieni polonezi s-au aflat \u00een fruntea mar\u0219ului alb-ro\u0219u al celei de-a 100-a anivers\u0103ri a redob\u00e2ndirii independen\u021bei, merg\u00e2nd sub sloganul \"Pentru tine, Polonia\". La sensul giratoriu Roman Dmowski, Andrzej Duda a \u021binut un discurs \u0219i a intonat imnul. - Acesta este steagul nostru, niciodat\u0103 alb \u0219i niciodat\u0103 ro\u0219u\", a declarat pre\u0219edintele. Mar\u0219ul a reunit c\u00e2teva sute de mii de participan\u021bi care au m\u0103r\u0219\u0103luit \u00een fa\u021ba Stadionului Na\u021bional. Av\u00e2nd \u00een vedere participarea record, mar\u0219ul \u00eentregului grup a durat c\u00e2teva ore.<\/p>\n<p><a href=\"https:\/\/marekkuchcinski.pl\/wp-content\/uploads\/2018\/11\/RZ__1330-1.jpg\"><img fetchpriority=\"high\" decoding=\"async\" class=\"alignnone size-full wp-image-10705\" src=\"https:\/\/marekkuchcinski.pl\/wp-content\/uploads\/2018\/11\/RZ__1330-1.jpg\" alt=\"RZ__1330 (1)\" width=\"3360\" height=\"2240\" srcset=\"https:\/\/marekkuchcinski.pl\/wp-content\/uploads\/2018\/11\/RZ__1330-1.jpg 2048w, https:\/\/marekkuchcinski.pl\/wp-content\/uploads\/2018\/11\/RZ__1330-1-300x200.jpg 300w, https:\/\/marekkuchcinski.pl\/wp-content\/uploads\/2018\/11\/RZ__1330-1-768x512.jpg 768w, https:\/\/marekkuchcinski.pl\/wp-content\/uploads\/2018\/11\/RZ__1330-1-1024x683.jpg 1024w\" sizes=\"(max-width: 3360px) 100vw, 3360px\" \/><\/a><a href=\"https:\/\/marekkuchcinski.pl\/wp-content\/uploads\/2018\/11\/RZ__1355-1.jpg\"><img decoding=\"async\" class=\"alignnone size-full wp-image-10706\" src=\"https:\/\/marekkuchcinski.pl\/wp-content\/uploads\/2018\/11\/RZ__1355-1.jpg\" alt=\"RZ__1355 (1)\" width=\"3360\" height=\"2240\" srcset=\"https:\/\/marekkuchcinski.pl\/wp-content\/uploads\/2018\/11\/RZ__1355-1.jpg 2048w, https:\/\/marekkuchcinski.pl\/wp-content\/uploads\/2018\/11\/RZ__1355-1-300x200.jpg 300w, https:\/\/marekkuchcinski.pl\/wp-content\/uploads\/2018\/11\/RZ__1355-1-768x512.jpg 768w, https:\/\/marekkuchcinski.pl\/wp-content\/uploads\/2018\/11\/RZ__1355-1-1024x683.jpg 1024w\" sizes=\"(max-width: 3360px) 100vw, 3360px\" \/><\/a> <a href=\"https:\/\/marekkuchcinski.pl\/wp-content\/uploads\/2018\/11\/RZ__1415-1.jpg\"><img decoding=\"async\" class=\"alignnone size-full wp-image-10707\" src=\"https:\/\/marekkuchcinski.pl\/wp-content\/uploads\/2018\/11\/RZ__1415-1.jpg\" alt=\"RZ__1415 (1)\" width=\"3360\" height=\"2240\" srcset=\"https:\/\/marekkuchcinski.pl\/wp-content\/uploads\/2018\/11\/RZ__1415-1.jpg 2048w, https:\/\/marekkuchcinski.pl\/wp-content\/uploads\/2018\/11\/RZ__1415-1-300x200.jpg 300w, https:\/\/marekkuchcinski.pl\/wp-content\/uploads\/2018\/11\/RZ__1415-1-768x512.jpg 768w, https:\/\/marekkuchcinski.pl\/wp-content\/uploads\/2018\/11\/RZ__1415-1-1024x683.jpg 1024w\" sizes=\"(max-width: 3360px) 100vw, 3360px\" \/><\/a> <a href=\"https:\/\/marekkuchcinski.pl\/wp-content\/uploads\/2018\/11\/RZ__1430.jpg\"><img loading=\"lazy\" decoding=\"async\" class=\"alignnone size-full wp-image-10708\" src=\"https:\/\/marekkuchcinski.pl\/wp-content\/uploads\/2018\/11\/RZ__1430.jpg\" alt=\"RZ__1430\" width=\"3360\" height=\"2240\" srcset=\"https:\/\/marekkuchcinski.pl\/wp-content\/uploads\/2018\/11\/RZ__1430.jpg 2048w, https:\/\/marekkuchcinski.pl\/wp-content\/uploads\/2018\/11\/RZ__1430-300x200.jpg 300w, https:\/\/marekkuchcinski.pl\/wp-content\/uploads\/2018\/11\/RZ__1430-768x512.jpg 768w, https:\/\/marekkuchcinski.pl\/wp-content\/uploads\/2018\/11\/RZ__1430-1024x683.jpg 1024w\" sizes=\"(max-width: 3360px) 100vw, 3360px\" \/><\/a> <a href=\"https:\/\/marekkuchcinski.pl\/wp-content\/uploads\/2018\/11\/RZ__1438.jpg\"><img loading=\"lazy\" decoding=\"async\" class=\"alignnone size-full wp-image-10709\" src=\"https:\/\/marekkuchcinski.pl\/wp-content\/uploads\/2018\/11\/RZ__1438.jpg\" alt=\"RZ__1438\" width=\"3360\" height=\"2240\" srcset=\"https:\/\/marekkuchcinski.pl\/wp-content\/uploads\/2018\/11\/RZ__1438.jpg 2048w, https:\/\/marekkuchcinski.pl\/wp-content\/uploads\/2018\/11\/RZ__1438-300x200.jpg 300w, https:\/\/marekkuchcinski.pl\/wp-content\/uploads\/2018\/11\/RZ__1438-768x512.jpg 768w, https:\/\/marekkuchcinski.pl\/wp-content\/uploads\/2018\/11\/RZ__1438-1024x683.jpg 1024w\" sizes=\"(max-width: 3360px) 100vw, 3360px\" \/><\/a> <a href=\"https:\/\/marekkuchcinski.pl\/wp-content\/uploads\/2018\/11\/RZ__1704.jpg\"><img loading=\"lazy\" decoding=\"async\" class=\"alignnone size-full wp-image-10715\" src=\"https:\/\/marekkuchcinski.pl\/wp-content\/uploads\/2018\/11\/RZ__1704.jpg\" alt=\"RZ__1704\" width=\"3360\" height=\"2240\" srcset=\"https:\/\/marekkuchcinski.pl\/wp-content\/uploads\/2018\/11\/RZ__1704.jpg 2048w, https:\/\/marekkuchcinski.pl\/wp-content\/uploads\/2018\/11\/RZ__1704-300x200.jpg 300w, https:\/\/marekkuchcinski.pl\/wp-content\/uploads\/2018\/11\/RZ__1704-768x512.jpg 768w, https:\/\/marekkuchcinski.pl\/wp-content\/uploads\/2018\/11\/RZ__1704-1024x683.jpg 1024w\" sizes=\"(max-width: 3360px) 100vw, 3360px\" \/><\/a><a href=\"https:\/\/marekkuchcinski.pl\/wp-content\/uploads\/2018\/11\/RZ__1739.jpg\"><img loading=\"lazy\" decoding=\"async\" class=\"alignnone size-full wp-image-10716\" src=\"https:\/\/marekkuchcinski.pl\/wp-content\/uploads\/2018\/11\/RZ__1739.jpg\" alt=\"RZ__1739\" width=\"3360\" height=\"2240\" srcset=\"https:\/\/marekkuchcinski.pl\/wp-content\/uploads\/2018\/11\/RZ__1739.jpg 2048w, https:\/\/marekkuchcinski.pl\/wp-content\/uploads\/2018\/11\/RZ__1739-300x200.jpg 300w, https:\/\/marekkuchcinski.pl\/wp-content\/uploads\/2018\/11\/RZ__1739-768x512.jpg 768w, https:\/\/marekkuchcinski.pl\/wp-content\/uploads\/2018\/11\/RZ__1739-1024x683.jpg 1024w\" sizes=\"(max-width: 3360px) 100vw, 3360px\" \/><\/a><a href=\"https:\/\/marekkuchcinski.pl\/wp-content\/uploads\/2018\/11\/MMA_3324.jpg\"><img loading=\"lazy\" decoding=\"async\" class=\"alignnone size-full wp-image-10734\" src=\"https:\/\/marekkuchcinski.pl\/wp-content\/uploads\/2018\/11\/MMA_3324.jpg\" alt=\"MMA_3324\" width=\"7360\" height=\"4912\" srcset=\"https:\/\/marekkuchcinski.pl\/wp-content\/uploads\/2018\/11\/MMA_3324.jpg 2048w, https:\/\/marekkuchcinski.pl\/wp-content\/uploads\/2018\/11\/MMA_3324-300x200.jpg 300w, https:\/\/marekkuchcinski.pl\/wp-content\/uploads\/2018\/11\/MMA_3324-768x513.jpg 768w, https:\/\/marekkuchcinski.pl\/wp-content\/uploads\/2018\/11\/MMA_3324-1024x683.jpg 1024w\" sizes=\"(max-width: 7360px) 100vw, 7360px\" \/><\/a><a href=\"https:\/\/marekkuchcinski.pl\/wp-content\/uploads\/2018\/11\/MMA_3351.jpg\"><img loading=\"lazy\" decoding=\"async\" class=\"alignnone size-full wp-image-10736\" src=\"https:\/\/marekkuchcinski.pl\/wp-content\/uploads\/2018\/11\/MMA_3351.jpg\" alt=\"MMA_3351\" width=\"7360\" height=\"4912\" srcset=\"https:\/\/marekkuchcinski.pl\/wp-content\/uploads\/2018\/11\/MMA_3351.jpg 2048w, https:\/\/marekkuchcinski.pl\/wp-content\/uploads\/2018\/11\/MMA_3351-300x200.jpg 300w, https:\/\/marekkuchcinski.pl\/wp-content\/uploads\/2018\/11\/MMA_3351-768x513.jpg 768w, https:\/\/marekkuchcinski.pl\/wp-content\/uploads\/2018\/11\/MMA_3351-1024x683.jpg 1024w\" sizes=\"(max-width: 7360px) 100vw, 7360px\" \/><\/a><a href=\"https:\/\/marekkuchcinski.pl\/wp-content\/uploads\/2018\/11\/MMA_3408.jpg\"><img loading=\"lazy\" decoding=\"async\" class=\"alignnone size-full wp-image-10739\" src=\"https:\/\/marekkuchcinski.pl\/wp-content\/uploads\/2018\/11\/MMA_3408.jpg\" alt=\"MMA_3408\" width=\"7360\" height=\"4912\" srcset=\"https:\/\/marekkuchcinski.pl\/wp-content\/uploads\/2018\/11\/MMA_3408.jpg 2048w, https:\/\/marekkuchcinski.pl\/wp-content\/uploads\/2018\/11\/MMA_3408-300x200.jpg 300w, https:\/\/marekkuchcinski.pl\/wp-content\/uploads\/2018\/11\/MMA_3408-768x513.jpg 768w, https:\/\/marekkuchcinski.pl\/wp-content\/uploads\/2018\/11\/MMA_3408-1024x683.jpg 1024w\" sizes=\"(max-width: 7360px) 100vw, 7360px\" \/><\/a><a href=\"https:\/\/marekkuchcinski.pl\/wp-content\/uploads\/2018\/11\/MMA_3552.jpg\"><img loading=\"lazy\" decoding=\"async\" class=\"alignnone size-full wp-image-10741\" src=\"https:\/\/marekkuchcinski.pl\/wp-content\/uploads\/2018\/11\/MMA_3552.jpg\" alt=\"MMA_3552\" width=\"6536\" height=\"4257\" srcset=\"https:\/\/marekkuchcinski.pl\/wp-content\/uploads\/2018\/11\/MMA_3552.jpg 2048w, https:\/\/marekkuchcinski.pl\/wp-content\/uploads\/2018\/11\/MMA_3552-300x195.jpg 300w, https:\/\/marekkuchcinski.pl\/wp-content\/uploads\/2018\/11\/MMA_3552-768x500.jpg 768w, https:\/\/marekkuchcinski.pl\/wp-content\/uploads\/2018\/11\/MMA_3552-1024x667.jpg 1024w\" sizes=\"(max-width: 6536px) 100vw, 6536px\" \/><\/a><a href=\"https:\/\/marekkuchcinski.pl\/wp-content\/uploads\/2018\/11\/RZ__1981.jpg\"><img loading=\"lazy\" decoding=\"async\" class=\"alignnone size-full wp-image-10723\" src=\"https:\/\/marekkuchcinski.pl\/wp-content\/uploads\/2018\/11\/RZ__1981.jpg\" alt=\"RZ__1981\" width=\"3360\" height=\"2240\" srcset=\"https:\/\/marekkuchcinski.pl\/wp-content\/uploads\/2018\/11\/RZ__1981.jpg 2048w, https:\/\/marekkuchcinski.pl\/wp-content\/uploads\/2018\/11\/RZ__1981-300x200.jpg 300w, https:\/\/marekkuchcinski.pl\/wp-content\/uploads\/2018\/11\/RZ__1981-768x512.jpg 768w, https:\/\/marekkuchcinski.pl\/wp-content\/uploads\/2018\/11\/RZ__1981-1024x683.jpg 1024w\" sizes=\"(max-width: 3360px) 100vw, 3360px\" \/><\/a> <a href=\"https:\/\/marekkuchcinski.pl\/wp-content\/uploads\/2018\/11\/RZ__2357.jpg\"><img loading=\"lazy\" decoding=\"async\" class=\"alignnone size-full wp-image-10724\" src=\"https:\/\/marekkuchcinski.pl\/wp-content\/uploads\/2018\/11\/RZ__2357.jpg\" alt=\"RZ__2357\" width=\"3360\" height=\"2240\" srcset=\"https:\/\/marekkuchcinski.pl\/wp-content\/uploads\/2018\/11\/RZ__2357.jpg 2048w, https:\/\/marekkuchcinski.pl\/wp-content\/uploads\/2018\/11\/RZ__2357-300x200.jpg 300w, https:\/\/marekkuchcinski.pl\/wp-content\/uploads\/2018\/11\/RZ__2357-768x512.jpg 768w, https:\/\/marekkuchcinski.pl\/wp-content\/uploads\/2018\/11\/RZ__2357-1024x683.jpg 1024w\" sizes=\"(max-width: 3360px) 100vw, 3360px\" \/><\/a> <a href=\"https:\/\/marekkuchcinski.pl\/wp-content\/uploads\/2018\/11\/RZ__2433.jpg\"><img loading=\"lazy\" decoding=\"async\" class=\"alignnone size-full wp-image-10725\" src=\"https:\/\/marekkuchcinski.pl\/wp-content\/uploads\/2018\/11\/RZ__2433.jpg\" alt=\"RZ__2433\" width=\"3360\" height=\"2240\" srcset=\"https:\/\/marekkuchcinski.pl\/wp-content\/uploads\/2018\/11\/RZ__2433.jpg 2048w, https:\/\/marekkuchcinski.pl\/wp-content\/uploads\/2018\/11\/RZ__2433-300x200.jpg 300w, https:\/\/marekkuchcinski.pl\/wp-content\/uploads\/2018\/11\/RZ__2433-768x512.jpg 768w, https:\/\/marekkuchcinski.pl\/wp-content\/uploads\/2018\/11\/RZ__2433-1024x683.jpg 1024w\" sizes=\"(max-width: 3360px) 100vw, 3360px\" \/><\/a> <a href=\"https:\/\/marekkuchcinski.pl\/wp-content\/uploads\/2018\/11\/RZ__2495.jpg\"><img loading=\"lazy\" decoding=\"async\" class=\"alignnone size-full wp-image-10726\" src=\"https:\/\/marekkuchcinski.pl\/wp-content\/uploads\/2018\/11\/RZ__2495.jpg\" alt=\"RZ__2495\" width=\"3360\" height=\"2240\" srcset=\"https:\/\/marekkuchcinski.pl\/wp-content\/uploads\/2018\/11\/RZ__2495.jpg 2048w, https:\/\/marekkuchcinski.pl\/wp-content\/uploads\/2018\/11\/RZ__2495-300x200.jpg 300w, https:\/\/marekkuchcinski.pl\/wp-content\/uploads\/2018\/11\/RZ__2495-768x512.jpg 768w, https:\/\/marekkuchcinski.pl\/wp-content\/uploads\/2018\/11\/RZ__2495-1024x683.jpg 1024w\" sizes=\"(max-width: 3360px) 100vw, 3360px\" \/><\/a> <a href=\"https:\/\/marekkuchcinski.pl\/wp-content\/uploads\/2018\/11\/RZ__2523.jpg\"><img loading=\"lazy\" decoding=\"async\" class=\"alignnone size-full wp-image-10727\" src=\"https:\/\/marekkuchcinski.pl\/wp-content\/uploads\/2018\/11\/RZ__2523.jpg\" alt=\"RZ__2523\" width=\"3360\" height=\"2240\" srcset=\"https:\/\/marekkuchcinski.pl\/wp-content\/uploads\/2018\/11\/RZ__2523.jpg 2048w, https:\/\/marekkuchcinski.pl\/wp-content\/uploads\/2018\/11\/RZ__2523-300x200.jpg 300w, https:\/\/marekkuchcinski.pl\/wp-content\/uploads\/2018\/11\/RZ__2523-768x512.jpg 768w, https:\/\/marekkuchcinski.pl\/wp-content\/uploads\/2018\/11\/RZ__2523-1024x683.jpg 1024w\" sizes=\"(max-width: 3360px) 100vw, 3360px\" \/><\/a> <a href=\"https:\/\/marekkuchcinski.pl\/wp-content\/uploads\/2018\/11\/Zdje\u0328cie-11.11.2018-15-48-47.jpg\"><img loading=\"lazy\" decoding=\"async\" class=\"alignnone size-full wp-image-10728\" src=\"https:\/\/marekkuchcinski.pl\/wp-content\/uploads\/2018\/11\/Zdje\u0328cie-11.11.2018-15-48-47.jpg\" alt=\"Zdje\u0328cie 11.11.2018, 15 48 47\" width=\"4032\" height=\"3024\" srcset=\"https:\/\/marekkuchcinski.pl\/wp-content\/uploads\/2018\/11\/Zdje\u0328cie-11.11.2018-15-48-47.jpg 2048w, https:\/\/marekkuchcinski.pl\/wp-content\/uploads\/2018\/11\/Zdje\u0328cie-11.11.2018-15-48-47-300x225.jpg 300w, https:\/\/marekkuchcinski.pl\/wp-content\/uploads\/2018\/11\/Zdje\u0328cie-11.11.2018-15-48-47-768x576.jpg 768w, https:\/\/marekkuchcinski.pl\/wp-content\/uploads\/2018\/11\/Zdje\u0328cie-11.11.2018-15-48-47-1024x768.jpg 1024w\" sizes=\"(max-width: 4032px) 100vw, 4032px\" \/><\/a><\/p>\n<p><em>Foto: M. Marchlewska, R. Zambrzycki\/ Cancelaria Sejm-ului<\/em><\/p>","protected":false},"excerpt":{"rendered":"<p>\u00a0 \u00a0 \u00a0 \u00a0 \u00a0 \u00a0 Stulecie odrodzenia pa\u0144stwa polskiego sprawia, \u017ce towarzyszy nam poczucie uczestnictwa w historycznym \u0142a\u0144cuchu pokole\u0144 i duma z polsko\u015bci.\u00a0 \u00a0\u00a0\u00a0\u00a0\u00a0\u00a0\u00a0\u00a0\u00a0\u00a0\u00a0 Powinni\u015bmy czerpa\u0107 inspiracj\u0119 z tego, jak nasz nar\u00f3d potrafi\u0142 przetrwa\u0107 i ochroni\u0107 wiar\u0119 w wolno\u015b\u0107 Ojczyzny. Warto powraca\u0107 do chwil, gdy zbiorowym wysi\u0142kiem Polacy upominali si\u0119 o swoje prawa i [&hellip;]<\/p>\n","protected":false},"author":6,"featured_media":10706,"comment_status":"open","ping_status":"open","sticky":false,"template":"","format":"standard","meta":{"ngg_post_thumbnail":0,"footnotes":""},"categories":[77,3],"tags":[],"class_list":["post-10704","post","type-post","status-publish","format-standard","has-post-thumbnail","hentry","category-wazne-daty","category-wydarzenia"],"_links":{"self":[{"href":"https:\/\/marekkuchcinski.pl\/ro\/wp-json\/wp\/v2\/posts\/10704","targetHints":{"allow":["GET"]}}],"collection":[{"href":"https:\/\/marekkuchcinski.pl\/ro\/wp-json\/wp\/v2\/posts"}],"about":[{"href":"https:\/\/marekkuchcinski.pl\/ro\/wp-json\/wp\/v2\/types\/post"}],"author":[{"embeddable":true,"href":"https:\/\/marekkuchcinski.pl\/ro\/wp-json\/wp\/v2\/users\/6"}],"replies":[{"embeddable":true,"href":"https:\/\/marekkuchcinski.pl\/ro\/wp-json\/wp\/v2\/comments?post=10704"}],"version-history":[{"count":13,"href":"https:\/\/marekkuchcinski.pl\/ro\/wp-json\/wp\/v2\/posts\/10704\/revisions"}],"predecessor-version":[{"id":10743,"href":"https:\/\/marekkuchcinski.pl\/ro\/wp-json\/wp\/v2\/posts\/10704\/revisions\/10743"}],"wp:featuredmedia":[{"embeddable":true,"href":"https:\/\/marekkuchcinski.pl\/ro\/wp-json\/wp\/v2\/media\/10706"}],"wp:attachment":[{"href":"https:\/\/marekkuchcinski.pl\/ro\/wp-json\/wp\/v2\/media?parent=10704"}],"wp:term":[{"taxonomy":"category","embeddable":true,"href":"https:\/\/marekkuchcinski.pl\/ro\/wp-json\/wp\/v2\/categories?post=10704"},{"taxonomy":"post_tag","embeddable":true,"href":"https:\/\/marekkuchcinski.pl\/ro\/wp-json\/wp\/v2\/tags?post=10704"}],"curies":[{"name":"wp","href":"https:\/\/api.w.org\/{rel}","templated":true}]}}