{"id":10625,"date":"2018-11-09T16:02:51","date_gmt":"2018-11-09T15:02:51","guid":{"rendered":"https:\/\/marekkuchcinski.pl\/?p=10625"},"modified":"2018-11-10T14:35:02","modified_gmt":"2018-11-10T13:35:02","slug":"10625","status":"publish","type":"post","link":"https:\/\/marekkuchcinski.pl\/ro\/wiesci-z-sejmu\/10625\/","title":{"rendered":"Sejm-ul a adoptat 27 de legi"},"content":{"rendered":"<p>Facilit\u0103\u021bi pentru antreprenori, vouchere electronice, reconstruc\u021bia \u00eenv\u0103\u021b\u0103m\u00e2ntului profesional, lupta \u00eempotriva dopajului \u00een sport, legea cu privire la s\u0103rb\u0103toarea na\u021bional\u0103 din 12 noiembrie 2018, printre altele, sunt rezultatele celei de-a 71-a sesiuni de trei zile a Sejm-ului. Deputa\u021bii au respins \u0219i un proiect de lege civic\u0103 care prevedea eliminarea obligativit\u0103\u021bii anumitor vaccin\u0103ri.<\/p>\n<p dir=\"ltr\">Sejm a modificat Legea educa\u021biei \u0219i Legea privind sistemul de \u00eenv\u0103\u021b\u0103m\u00e2nt.\u00a0<u><strong>Scopul acestor schimb\u0103ri este de a reconstrui prestigiul \u00eenv\u0103\u021b\u0103m\u00e2ntului profesional \u00een Polonia.<\/strong><\/u>\u00a0Acest lucru trebuie realizat prin \u00eembun\u0103t\u0103\u021birea calit\u0103\u021bii \u0219i eficien\u021bei educa\u021biei \u00een \u0219coli \u0219i institu\u021bii.<\/p>\n<p dir=\"ltr\">Camera a adoptat amendamente la anumite legi, introduc\u00e2nd\u00a0<u><strong>simplific\u0103ri pentru \u00eentreprinz\u0103tori \u00een domeniul fiscal \u0219i al dreptului afacerilor<\/strong><\/u>. Una dintre cele mai importante ipoteze\u00a0<u><strong>este de a introduce statutul de \"mic contribuabil\" \u00een PIT \u0219i CIT<\/strong><\/u>care va fi acordat companiilor cu v\u00e2nz\u0103ri de p\u00e2n\u0103 la 2 milioane de euro pe an (\u00een prezent este de 1,2 milioane de euro).<\/p>\n<p dir=\"ltr\">Modificarea mai multor legi pentru a facilita v\u00e2nzarea de alimente de c\u0103tre fermieri c\u0103tre magazine \u0219i restaurante\u00a0<u><strong>le va permite fermierilor s\u0103 \u00ee\u0219i v\u00e2nd\u0103 direct produsele \u0219i s\u0103 ajung\u0103 la un grup mai mare de consumatori.<\/strong><\/u><\/p>\n<p dir=\"ltr\">Deputa\u021bii europeni au decis s\u0103 adopte amendamente la legea privind c\u0103r\u021bile de identitate. Solu\u021biile propuse\u00a0<u><strong>va face posibil\u0103, \u00eencep\u00e2nd cu luna martie a anului viitor, eliberarea de c\u0103r\u021bi de identitate cu un strat electronic, a\u0219a-numitele c\u0103r\u021bi electronice.<\/strong><\/u><\/p>\n<p dir=\"ltr\">Modificarea Legii privind pescuitul maritim\u00a0<u><strong>armonizeaz\u0103 desf\u0103\u0219urarea inspec\u021biilor operatorilor de pescuit comercial \u0219i de agrement<\/strong><\/u>. Noua legisla\u021bie instituie un inspector-\u0219ef al pescuitului maritim.<\/p>\n<p dir=\"ltr\">Sejm-ul a decis\u00a0<u><strong>\u00eenfiin\u021barea Institutului pentru Europa Central\u0103\u00a0<\/strong><\/u>Institutul pentru Europa Central\u0103 \u0219i de Est va fi \u00eenlocuit de Institutul pentru Europa Central\u0103 \u0219i de Est. Noul institut va fi o resurs\u0103 strategic\u0103 \u00een domeniul politicii externe a statului \u00een cele trei \u021b\u0103ri.<\/p>\n<p dir=\"ltr\">Modificarea Legii privind rambursarea accizei con\u021binute \u00een pre\u021bul motorinei utilizate pentru produc\u021bia agricol\u0103 presupune\u00a0<u><strong>o cre\u0219tere a limitei de consum de motorin\u0103 pe hectar de culturi agricole.<\/strong><\/u><\/p>\n<p dir=\"ltr\"><u><strong>Au intervenit<\/strong><\/u><u><strong>egea privind regimul special de aplicare a Legii bugetului pe anul 2019.<\/strong><\/u>\u00a0Documentul prevede, printre altele, modific\u0103ri privind Fondul garantat de beneficii pentru angaja\u021bi.<\/p>\n<p dir=\"ltr\">Sejm-ul a decis s\u0103 treac\u0103\u00a0<u><strong>modific\u0103ri ale anumitor acte legislative \u00een leg\u0103tur\u0103 cu consolidarea supravegherii \u0219i a protec\u021biei investitorilor pe pia\u021ba financiar\u0103.<\/strong><\/u>\u00a0Modificarea schimb\u0103 modul de finan\u021bare a Comisiei de Supraveghere Financiar\u0103 \u0219i a Autorit\u0103\u021bii de Supraveghere Financiar\u0103.<\/p>\n<p dir=\"ltr\">Camera a decis\u00a0<u><strong>privind adoptarea a dou\u0103 legi pentru \u00eembun\u0103t\u0103\u021birea protec\u021biei mediului<\/strong><\/u>. Modificarea legii\u00a0<u><strong>privind sprijinul pentru termomodernizare \u0219i renovare prevede finan\u021barea public\u0103, printre altele, pentru izolarea locuin\u021belor \u0219i \u00eenlocuirea cazanelor \u00eenvechite sau a aragazurilor pe c\u0103rbune cu sisteme de \u00eenc\u0103lzire mai ecologice<\/strong><\/u>. La r\u00e2ndul s\u0103u, modificarea Legii privind impozitul pe venitul persoanelor fizice \u0219i a Legii privind impozitul pe venitul forfetar\u00a0<u><strong>introduce un credit fiscal menit s\u0103 ofere un stimulent pentru modernizarea termic\u0103 a cl\u0103dirilor reziden\u021biale unifamiliale.<\/strong><\/u><\/p>\n<p dir=\"ltr\">\u00cen leg\u0103tur\u0103 cu necesitatea de a \u00eembun\u0103t\u0103\u021bi dispozi\u021biile privind procedurile, domeniul de aplicare a sarcinilor Administra\u021biei Na\u021bionale Fiscale \u0219i de a preciza reglement\u0103rile referitoare la angajarea \u0219i serviciul \u00een cadrul Serviciului Vamal \u0219i Fiscal,\u00a0<u><strong>Sejm-ul a modificat legea privind KAS<\/strong><\/u>.<\/p>\n<p dir=\"ltr\">Adoptat\u0103 de Sejm\u00a0<u><strong>Legea privind restructurarea datoriilor entit\u0103\u021bilor care exploateaz\u0103 exploata\u021bii agricole creeaz\u0103 noi forme de ajutor pentru entit\u0103\u021bile \u00eendatorate<\/strong><\/u>.<\/p>\n<p dir=\"ltr\">De asemenea, Sejm a modificat ast\u0103zi Legea energiei. Una dintre cele mai importante schimb\u0103ri este\u00a0<u><strong>introducerea unei obliga\u021bii de schimb<\/strong><\/u>Aceasta este o modificare a domeniului de aplicare a obliga\u021biei de a vinde energia electric\u0103 produs\u0103, prin cre\u0219terea acesteia de la 30% la 100%.<\/p>\n<p dir=\"ltr\">Deputa\u021bii europeni au mai decis\u00a0<u><strong>s\u0103 prelungeasc\u0103 p\u00e2n\u0103 la sf\u00e2r\u0219itul anului 2023 finan\u021barea bugetar\u0103 pentru restructurarea sectorului minier de extrac\u021bie a huil\u0103<\/strong><\/u>\u00a0\u0219i pe\u00a0<u><strong>prelungirea perioadei de planificare pentru direc\u021biile detaliate de reconstruc\u021bie \u0219i modernizare tehnic\u0103 a for\u021belor armate poloneze de la 10 la 15 ani.<\/strong><\/u>.<\/p>\n<p dir=\"ltr\">Legea privind sprijinul financiar pentru produc\u021bia audiovizual\u0103 stipuleaz\u0103 c\u0103\u00a0<u><strong>Institutul Polonez de Film va sprijini financiar produc\u021bia de opere audiovizuale create \u00een Polonia<\/strong><\/u>.<\/p>\n<p dir=\"ltr\">Modific\u0103ri la Legea privind\u00a0<u><strong>supravegherea tehnic\u0103 adapteaz\u0103 dispozi\u021biile legii la statutul juridic actual. Acestea sunt, de asemenea, destinate s\u0103 sporeasc\u0103 siguran\u021ba func\u021bion\u0103rii dispozitivelor tehnice.<\/strong><\/u>.<\/p>\n<p dir=\"ltr\">Sejm-ul a modificat legea privind activitatea medical\u0103.\u00a0<u><strong>Noile reguli vor permite fizioterapeu\u021bilor s\u0103 practice ca parte a practicii lor profesionale<\/strong><\/u>.<\/p>\n<p dir=\"ltr\">Modific\u0103ri la Legea privind procedurile \u00een fa\u021ba instan\u021belor administrative\u00a0<u><strong>pun \u00een aplicare dreptul Uniunii Europene \u0219i se refer\u0103 la reglementarea aspectelor legate de controlul judiciar al deciziilor privind vizele luate de un consul.<\/strong><\/u><\/p>\n<p dir=\"ltr\">Amendamentele la Legea privind combaterea dopajului \u00een sport adoptate de Sejm prev\u0103d separarea Departamentului de cercetare antidoping de Institutul pentru Sport - Institutul Na\u021bional de Cercetare \u0219i \u00eenfiin\u021barea de\u00a0<u><strong>Laboratorul antidoping polonez.<\/strong><\/u><\/p>\n<p dir=\"ltr\">Deputa\u021bii europeni au decis asupra modific\u0103rilor la Legea poli\u021biei. Noile norme\u00a0<u><strong>separ\u0103 subdiviziunile antiteroriste ale poli\u021biei de serviciul de prevenire \u0219i creeaz\u0103 un serviciu antiterorist<\/strong><\/u>.<\/p>\n<p dir=\"ltr\">\u00cen a treia lectur\u0103, Sejm a adoptat un amendament la Legea privind Codul de procedur\u0103 civil\u0103.\u00a0<u><strong>Legea adapteaz\u0103 sistemul juridic la hot\u0103r\u00e2rea Tribunalului Constitu\u021bional<\/strong><\/u>\u00a0\u00een ceea ce prive\u0219te reglement\u0103rile aplicabile societ\u0103\u021bilor de persoane, altele dec\u00e2t societ\u0103\u021bile \u00een nume colectiv.<\/p>\n<p dir=\"ltr\">Parlamentul a decis s\u0103 ratifice amendamentele la Protocolul de la Montreal privind substan\u021bele care epuizeaz\u0103 stratul de ozon, f\u0103cute la Montreal la 16 septembrie 1987, adoptate la Kigali la 15 octombrie 2016.\u00a0<u><strong>Documentul creeaz\u0103 un cadru \u0219i principii pentru o ac\u021biune concertat\u0103 a \u021b\u0103rilor \u00een vederea protej\u0103rii stratului de ozon.<\/strong><\/u>.<\/p>\n<p dir=\"ltr\">De asemenea, deputa\u021bii europeni au decis s\u0103 pun\u0103 cap\u0103t acordurilor privind promovarea \u0219i protec\u021bia reciproc\u0103 a investi\u021biilor \u00eentre Polonia \u0219i Rom\u00e2nia \u0219i Republica Ceh\u0103.\u00a0<strong><u>Noile norme elimin\u0103 din circula\u021bie acordurile interna\u021bionale care sunt contrare ordinii juridice a UE.<\/u><\/strong><\/p>\n<p dir=\"ltr\">Legea privind\u00a0<u><strong>Registrul Na\u021bional al Datoriilor stabile\u0219te principiile de \u021binere a unui registru \u0219i are ca scop aplicarea Regulamentului Parlamentului European \u0219i al Consiliului UE<\/strong><\/u>.<\/p>\n<p dir=\"ltr\"><strong>Sejm-ul a decis formularea final\u0103 a patru legi<\/strong><\/p>\n<p dir=\"ltr\">Deputa\u021bii au analizat amendamentele Senatului la Legea Agen\u021biei Poloneze de Pres\u0103, la Legea privind Inspectoratul Na\u021bional al Muncii, la Legea privind cercurile de gospod\u0103rii rurale \u0219i la Legea privind facturarea electronic\u0103 \u00een domeniul achizi\u021biilor publice, al concesiunilor de lucr\u0103ri sau servicii \u0219i al parteneriatului public-privat. Actele vor fi trimise pre\u0219edintelui spre semnare.<\/p>\n<p dir=\"ltr\"><strong>Informa\u021bii actuale \u0219i \u00eentreb\u0103ri pe teme de actualitate<\/strong><\/p>\n<p dir=\"ltr\">Sejm a ascultat informa\u021bii actuale privind protestul ofi\u021berilor din serviciile \u00een uniform\u0103. Reprezentan\u021bii guvernului au r\u0103spuns \u00eentreb\u0103rilor deputa\u021bilor, printre altele, cu privire la un proiect de regulament privind un program pilot de \u00eengrijire \u00een cadrul re\u021belei de oncologie, \u00eembun\u0103t\u0103\u021birea condi\u021biilor de munc\u0103 \u0219i de salarizare \u00een poli\u021bie, cre\u0219terea pre\u021bului energiei electrice sau cre\u0219terea inciden\u021bei rujeolei.<br \/>\nAlte decizii ale Sejm-ului<\/p>\n<p><a href=\"https:\/\/marekkuchcinski.pl\/wp-content\/uploads\/2018\/11\/pos-sejmu.jpg\"><img fetchpriority=\"high\" decoding=\"async\" class=\"alignnone size-full wp-image-10626\" src=\"https:\/\/marekkuchcinski.pl\/wp-content\/uploads\/2018\/11\/pos-sejmu.jpg\" alt=\"pos sejmu\" width=\"1620\" height=\"1080\" srcset=\"https:\/\/marekkuchcinski.pl\/wp-content\/uploads\/2018\/11\/pos-sejmu.jpg 1620w, https:\/\/marekkuchcinski.pl\/wp-content\/uploads\/2018\/11\/pos-sejmu-300x200.jpg 300w, https:\/\/marekkuchcinski.pl\/wp-content\/uploads\/2018\/11\/pos-sejmu-768x512.jpg 768w, https:\/\/marekkuchcinski.pl\/wp-content\/uploads\/2018\/11\/pos-sejmu-1024x683.jpg 1024w\" sizes=\"(max-width: 1620px) 100vw, 1620px\" \/><\/a><\/p>","protected":false},"excerpt":{"rendered":"<p>U\u0142atwienia dla przedsi\u0119biorc\u00f3w, e-dowody, odbudowa kszta\u0142cenia zawodowego, walka z dopingiem w sporcie, ustawa\u00a0o \u015bwi\u0119cie narodowym 12 listopada 2018 r. to m.in. efekty trzydniowego, 71. posiedzenia Sejmu. Pos\u0142owie odrzucili tak\u017ce obywatelski projekt ustawy przewiduj\u0105cy zniesienie obowi\u0105zku niekt\u00f3rych szczepie\u0144. Sejm znowelizowa\u0142 ustaw\u0119 Prawo o\u015bwiatowe oraz ustaw\u0119 o systemie o\u015bwiaty.\u00a0Celem zmian jest odbudowa presti\u017cu kszta\u0142cenia zawodowego w Polsce.\u00a0Ma [&hellip;]<\/p>","protected":false},"author":6,"featured_media":10634,"comment_status":"open","ping_status":"open","sticky":false,"template":"","format":"standard","meta":{"ngg_post_thumbnail":0,"footnotes":""},"categories":[81,3],"tags":[],"class_list":["post-10625","post","type-post","status-publish","format-standard","has-post-thumbnail","hentry","category-wiesci-z-sejmu","category-wydarzenia"],"yoast_head":"<!-- This site is optimized with the Yoast SEO plugin v24.7 - https:\/\/yoast.com\/wordpress\/plugins\/seo\/ -->\n<title>Sejm uchwali\u0142 27 ustaw &#8211; Marek Kuchci\u0144ski<\/title>\n<meta name=\"robots\" content=\"index, follow, max-snippet:-1, max-image-preview:large, max-video-preview:-1\" \/>\n<link rel=\"canonical\" href=\"https:\/\/marekkuchcinski.pl\/ro\/wiesci-z-sejmu\/10625\/\" \/>\n<meta property=\"og:locale\" content=\"ro_RO\" \/>\n<meta property=\"og:type\" content=\"article\" \/>\n<meta property=\"og:title\" content=\"Sejm uchwali\u0142 27 ustaw &#8211; Marek Kuchci\u0144ski\" \/>\n<meta property=\"og:description\" content=\"U\u0142atwienia dla przedsi\u0119biorc\u00f3w, e-dowody, odbudowa kszta\u0142cenia zawodowego, walka z dopingiem w sporcie, ustawa\u00a0o \u015bwi\u0119cie narodowym 12 listopada 2018 r. to m.in. efekty trzydniowego, 71. posiedzenia Sejmu. Pos\u0142owie odrzucili tak\u017ce obywatelski projekt ustawy przewiduj\u0105cy zniesienie obowi\u0105zku niekt\u00f3rych szczepie\u0144. Sejm znowelizowa\u0142 ustaw\u0119 Prawo o\u015bwiatowe oraz ustaw\u0119 o systemie o\u015bwiaty.\u00a0Celem zmian jest odbudowa presti\u017cu kszta\u0142cenia zawodowego w Polsce.\u00a0Ma [&hellip;]\" \/>\n<meta property=\"og:url\" content=\"https:\/\/marekkuchcinski.pl\/ro\/wiesci-z-sejmu\/10625\/\" \/>\n<meta property=\"og:site_name\" content=\"Marek Kuchci\u0144ski\" \/>\n<meta property=\"article:published_time\" content=\"2018-11-09T15:02:51+00:00\" \/>\n<meta property=\"article:modified_time\" content=\"2018-11-10T13:35:02+00:00\" \/>\n<meta property=\"og:image\" content=\"https:\/\/marekkuchcinski.pl\/wp-content\/uploads\/2018\/11\/pos-sejmu-1.jpg\" \/>\n\t<meta property=\"og:image:width\" content=\"1081\" \/>\n\t<meta property=\"og:image:height\" content=\"704\" \/>\n\t<meta property=\"og:image:type\" content=\"image\/jpeg\" \/>\n<meta name=\"author\" content=\"admin\" \/>\n<meta name=\"twitter:card\" content=\"summary_large_image\" \/>\n<meta name=\"twitter:label1\" content=\"Scris de\" \/>\n\t<meta name=\"twitter:data1\" content=\"admin\" \/>\n\t<meta name=\"twitter:label2\" content=\"Timp estimat pentru citire\" \/>\n\t<meta name=\"twitter:data2\" content=\"5 minutes\" \/>\n<script type=\"application\/ld+json\" class=\"yoast-schema-graph\">{\"@context\":\"https:\/\/schema.org\",\"@graph\":[{\"@type\":\"Article\",\"@id\":\"https:\/\/marekkuchcinski.pl\/wiesci-z-sejmu\/10625\/#article\",\"isPartOf\":{\"@id\":\"https:\/\/marekkuchcinski.pl\/wiesci-z-sejmu\/10625\/\"},\"author\":{\"name\":\"admin\",\"@id\":\"https:\/\/marekkuchcinski.pl\/#\/schema\/person\/6f62700996b4d950b6ea2d1183b6c6be\"},\"headline\":\"Sejm uchwali\u0142 27 ustaw\",\"datePublished\":\"2018-11-09T15:02:51+00:00\",\"dateModified\":\"2018-11-10T13:35:02+00:00\",\"mainEntityOfPage\":{\"@id\":\"https:\/\/marekkuchcinski.pl\/wiesci-z-sejmu\/10625\/\"},\"wordCount\":1036,\"commentCount\":0,\"publisher\":{\"@id\":\"https:\/\/marekkuchcinski.pl\/#organization\"},\"image\":{\"@id\":\"https:\/\/marekkuchcinski.pl\/wiesci-z-sejmu\/10625\/#primaryimage\"},\"thumbnailUrl\":\"https:\/\/marekkuchcinski.pl\/wp-content\/uploads\/2018\/11\/pos-sejmu-1.jpg\",\"articleSection\":[\"Wie\u015bci z Sejmu\",\"Wydarzenia\"],\"inLanguage\":\"ro-RO\",\"potentialAction\":[{\"@type\":\"CommentAction\",\"name\":\"Comment\",\"target\":[\"https:\/\/marekkuchcinski.pl\/wiesci-z-sejmu\/10625\/#respond\"]}]},{\"@type\":\"WebPage\",\"@id\":\"https:\/\/marekkuchcinski.pl\/wiesci-z-sejmu\/10625\/\",\"url\":\"https:\/\/marekkuchcinski.pl\/wiesci-z-sejmu\/10625\/\",\"name\":\"Sejm uchwali\u0142 27 ustaw &#8211; Marek Kuchci\u0144ski\",\"isPartOf\":{\"@id\":\"https:\/\/marekkuchcinski.pl\/#website\"},\"primaryImageOfPage\":{\"@id\":\"https:\/\/marekkuchcinski.pl\/wiesci-z-sejmu\/10625\/#primaryimage\"},\"image\":{\"@id\":\"https:\/\/marekkuchcinski.pl\/wiesci-z-sejmu\/10625\/#primaryimage\"},\"thumbnailUrl\":\"https:\/\/marekkuchcinski.pl\/wp-content\/uploads\/2018\/11\/pos-sejmu-1.jpg\",\"datePublished\":\"2018-11-09T15:02:51+00:00\",\"dateModified\":\"2018-11-10T13:35:02+00:00\",\"breadcrumb\":{\"@id\":\"https:\/\/marekkuchcinski.pl\/wiesci-z-sejmu\/10625\/#breadcrumb\"},\"inLanguage\":\"ro-RO\",\"potentialAction\":[{\"@type\":\"ReadAction\",\"target\":[\"https:\/\/marekkuchcinski.pl\/wiesci-z-sejmu\/10625\/\"]}]},{\"@type\":\"ImageObject\",\"inLanguage\":\"ro-RO\",\"@id\":\"https:\/\/marekkuchcinski.pl\/wiesci-z-sejmu\/10625\/#primaryimage\",\"url\":\"https:\/\/marekkuchcinski.pl\/wp-content\/uploads\/2018\/11\/pos-sejmu-1.jpg\",\"contentUrl\":\"https:\/\/marekkuchcinski.pl\/wp-content\/uploads\/2018\/11\/pos-sejmu-1.jpg\",\"width\":1081,\"height\":704},{\"@type\":\"BreadcrumbList\",\"@id\":\"https:\/\/marekkuchcinski.pl\/wiesci-z-sejmu\/10625\/#breadcrumb\",\"itemListElement\":[{\"@type\":\"ListItem\",\"position\":1,\"name\":\"Strona g\u0142\u00f3wna\",\"item\":\"https:\/\/marekkuchcinski.pl\/\"},{\"@type\":\"ListItem\",\"position\":2,\"name\":\"Sejm uchwali\u0142 27 ustaw\"}]},{\"@type\":\"WebSite\",\"@id\":\"https:\/\/marekkuchcinski.pl\/#website\",\"url\":\"https:\/\/marekkuchcinski.pl\/\",\"name\":\"Marek Kuchci\u0144ski\",\"description\":\"Pose\u0142 na sejm RP &ndash; okr\u0119g nr 22\",\"publisher\":{\"@id\":\"https:\/\/marekkuchcinski.pl\/#organization\"},\"potentialAction\":[{\"@type\":\"SearchAction\",\"target\":{\"@type\":\"EntryPoint\",\"urlTemplate\":\"https:\/\/marekkuchcinski.pl\/?s={search_term_string}\"},\"query-input\":{\"@type\":\"PropertyValueSpecification\",\"valueRequired\":true,\"valueName\":\"search_term_string\"}}],\"inLanguage\":\"ro-RO\"},{\"@type\":\"Organization\",\"@id\":\"https:\/\/marekkuchcinski.pl\/#organization\",\"name\":\"Marek Kuchci\u0144ski\",\"url\":\"https:\/\/marekkuchcinski.pl\/\",\"logo\":{\"@type\":\"ImageObject\",\"inLanguage\":\"ro-RO\",\"@id\":\"https:\/\/marekkuchcinski.pl\/#\/schema\/logo\/image\/\",\"url\":\"https:\/\/marekkuchcinski.pl\/wp-content\/uploads\/2022\/09\/Marek.jpg\",\"contentUrl\":\"https:\/\/marekkuchcinski.pl\/wp-content\/uploads\/2022\/09\/Marek.jpg\",\"width\":1600,\"height\":971,\"caption\":\"Marek Kuchci\u0144ski\"},\"image\":{\"@id\":\"https:\/\/marekkuchcinski.pl\/#\/schema\/logo\/image\/\"}},{\"@type\":\"Person\",\"@id\":\"https:\/\/marekkuchcinski.pl\/#\/schema\/person\/6f62700996b4d950b6ea2d1183b6c6be\",\"name\":\"admin\",\"image\":{\"@type\":\"ImageObject\",\"inLanguage\":\"ro-RO\",\"@id\":\"https:\/\/marekkuchcinski.pl\/#\/schema\/person\/image\/\",\"url\":\"https:\/\/secure.gravatar.com\/avatar\/4bab693b9d55c3d6b52c0296a8765085?s=96&d=mm&r=g\",\"contentUrl\":\"https:\/\/secure.gravatar.com\/avatar\/4bab693b9d55c3d6b52c0296a8765085?s=96&d=mm&r=g\",\"caption\":\"admin\"},\"url\":\"https:\/\/marekkuchcinski.pl\/ro\/author\/marta-olejnik\/\"}]}<\/script>\n<!-- \/ Yoast SEO plugin. -->","yoast_head_json":{"title":"Sejm uchwali\u0142 27 ustaw &#8211; Marek Kuchci\u0144ski","robots":{"index":"index","follow":"follow","max-snippet":"max-snippet:-1","max-image-preview":"max-image-preview:large","max-video-preview":"max-video-preview:-1"},"canonical":"https:\/\/marekkuchcinski.pl\/ro\/wiesci-z-sejmu\/10625\/","og_locale":"ro_RO","og_type":"article","og_title":"Sejm uchwali\u0142 27 ustaw &#8211; Marek Kuchci\u0144ski","og_description":"U\u0142atwienia dla przedsi\u0119biorc\u00f3w, e-dowody, odbudowa kszta\u0142cenia zawodowego, walka z dopingiem w sporcie, ustawa\u00a0o \u015bwi\u0119cie narodowym 12 listopada 2018 r. to m.in. efekty trzydniowego, 71. posiedzenia Sejmu. Pos\u0142owie odrzucili tak\u017ce obywatelski projekt ustawy przewiduj\u0105cy zniesienie obowi\u0105zku niekt\u00f3rych szczepie\u0144. Sejm znowelizowa\u0142 ustaw\u0119 Prawo o\u015bwiatowe oraz ustaw\u0119 o systemie o\u015bwiaty.\u00a0Celem zmian jest odbudowa presti\u017cu kszta\u0142cenia zawodowego w Polsce.\u00a0Ma [&hellip;]","og_url":"https:\/\/marekkuchcinski.pl\/ro\/wiesci-z-sejmu\/10625\/","og_site_name":"Marek Kuchci\u0144ski","article_published_time":"2018-11-09T15:02:51+00:00","article_modified_time":"2018-11-10T13:35:02+00:00","og_image":[{"width":1081,"height":704,"url":"https:\/\/marekkuchcinski.pl\/wp-content\/uploads\/2018\/11\/pos-sejmu-1.jpg","type":"image\/jpeg"}],"author":"admin","twitter_card":"summary_large_image","twitter_misc":{"Scris de":"admin","Timp estimat pentru citire":"5 minutes"},"schema":{"@context":"https:\/\/schema.org","@graph":[{"@type":"Article","@id":"https:\/\/marekkuchcinski.pl\/wiesci-z-sejmu\/10625\/#article","isPartOf":{"@id":"https:\/\/marekkuchcinski.pl\/wiesci-z-sejmu\/10625\/"},"author":{"name":"admin","@id":"https:\/\/marekkuchcinski.pl\/#\/schema\/person\/6f62700996b4d950b6ea2d1183b6c6be"},"headline":"Sejm uchwali\u0142 27 ustaw","datePublished":"2018-11-09T15:02:51+00:00","dateModified":"2018-11-10T13:35:02+00:00","mainEntityOfPage":{"@id":"https:\/\/marekkuchcinski.pl\/wiesci-z-sejmu\/10625\/"},"wordCount":1036,"commentCount":0,"publisher":{"@id":"https:\/\/marekkuchcinski.pl\/#organization"},"image":{"@id":"https:\/\/marekkuchcinski.pl\/wiesci-z-sejmu\/10625\/#primaryimage"},"thumbnailUrl":"https:\/\/marekkuchcinski.pl\/wp-content\/uploads\/2018\/11\/pos-sejmu-1.jpg","articleSection":["Wie\u015bci z Sejmu","Wydarzenia"],"inLanguage":"ro-RO","potentialAction":[{"@type":"CommentAction","name":"Comment","target":["https:\/\/marekkuchcinski.pl\/wiesci-z-sejmu\/10625\/#respond"]}]},{"@type":"WebPage","@id":"https:\/\/marekkuchcinski.pl\/wiesci-z-sejmu\/10625\/","url":"https:\/\/marekkuchcinski.pl\/wiesci-z-sejmu\/10625\/","name":"Sejm uchwali\u0142 27 ustaw &#8211; Marek Kuchci\u0144ski","isPartOf":{"@id":"https:\/\/marekkuchcinski.pl\/#website"},"primaryImageOfPage":{"@id":"https:\/\/marekkuchcinski.pl\/wiesci-z-sejmu\/10625\/#primaryimage"},"image":{"@id":"https:\/\/marekkuchcinski.pl\/wiesci-z-sejmu\/10625\/#primaryimage"},"thumbnailUrl":"https:\/\/marekkuchcinski.pl\/wp-content\/uploads\/2018\/11\/pos-sejmu-1.jpg","datePublished":"2018-11-09T15:02:51+00:00","dateModified":"2018-11-10T13:35:02+00:00","breadcrumb":{"@id":"https:\/\/marekkuchcinski.pl\/wiesci-z-sejmu\/10625\/#breadcrumb"},"inLanguage":"ro-RO","potentialAction":[{"@type":"ReadAction","target":["https:\/\/marekkuchcinski.pl\/wiesci-z-sejmu\/10625\/"]}]},{"@type":"ImageObject","inLanguage":"ro-RO","@id":"https:\/\/marekkuchcinski.pl\/wiesci-z-sejmu\/10625\/#primaryimage","url":"https:\/\/marekkuchcinski.pl\/wp-content\/uploads\/2018\/11\/pos-sejmu-1.jpg","contentUrl":"https:\/\/marekkuchcinski.pl\/wp-content\/uploads\/2018\/11\/pos-sejmu-1.jpg","width":1081,"height":704},{"@type":"BreadcrumbList","@id":"https:\/\/marekkuchcinski.pl\/wiesci-z-sejmu\/10625\/#breadcrumb","itemListElement":[{"@type":"ListItem","position":1,"name":"Strona g\u0142\u00f3wna","item":"https:\/\/marekkuchcinski.pl\/"},{"@type":"ListItem","position":2,"name":"Sejm uchwali\u0142 27 ustaw"}]},{"@type":"WebSite","@id":"https:\/\/marekkuchcinski.pl\/#website","url":"https:\/\/marekkuchcinski.pl\/","name":"Marek Kuchci\u0144ski","description":"Pose\u0142 na sejm RP &ndash; okr\u0119g nr 22","publisher":{"@id":"https:\/\/marekkuchcinski.pl\/#organization"},"potentialAction":[{"@type":"SearchAction","target":{"@type":"EntryPoint","urlTemplate":"https:\/\/marekkuchcinski.pl\/?s={search_term_string}"},"query-input":{"@type":"PropertyValueSpecification","valueRequired":true,"valueName":"search_term_string"}}],"inLanguage":"ro-RO"},{"@type":"Organization","@id":"https:\/\/marekkuchcinski.pl\/#organization","name":"Marek Kuchci\u0144ski","url":"https:\/\/marekkuchcinski.pl\/","logo":{"@type":"ImageObject","inLanguage":"ro-RO","@id":"https:\/\/marekkuchcinski.pl\/#\/schema\/logo\/image\/","url":"https:\/\/marekkuchcinski.pl\/wp-content\/uploads\/2022\/09\/Marek.jpg","contentUrl":"https:\/\/marekkuchcinski.pl\/wp-content\/uploads\/2022\/09\/Marek.jpg","width":1600,"height":971,"caption":"Marek Kuchci\u0144ski"},"image":{"@id":"https:\/\/marekkuchcinski.pl\/#\/schema\/logo\/image\/"}},{"@type":"Person","@id":"https:\/\/marekkuchcinski.pl\/#\/schema\/person\/6f62700996b4d950b6ea2d1183b6c6be","name":"admin","image":{"@type":"ImageObject","inLanguage":"ro-RO","@id":"https:\/\/marekkuchcinski.pl\/#\/schema\/person\/image\/","url":"https:\/\/secure.gravatar.com\/avatar\/4bab693b9d55c3d6b52c0296a8765085?s=96&d=mm&r=g","contentUrl":"https:\/\/secure.gravatar.com\/avatar\/4bab693b9d55c3d6b52c0296a8765085?s=96&d=mm&r=g","caption":"admin"},"url":"https:\/\/marekkuchcinski.pl\/ro\/author\/marta-olejnik\/"}]}},"_links":{"self":[{"href":"https:\/\/marekkuchcinski.pl\/ro\/wp-json\/wp\/v2\/posts\/10625","targetHints":{"allow":["GET"]}}],"collection":[{"href":"https:\/\/marekkuchcinski.pl\/ro\/wp-json\/wp\/v2\/posts"}],"about":[{"href":"https:\/\/marekkuchcinski.pl\/ro\/wp-json\/wp\/v2\/types\/post"}],"author":[{"embeddable":true,"href":"https:\/\/marekkuchcinski.pl\/ro\/wp-json\/wp\/v2\/users\/6"}],"replies":[{"embeddable":true,"href":"https:\/\/marekkuchcinski.pl\/ro\/wp-json\/wp\/v2\/comments?post=10625"}],"version-history":[{"count":4,"href":"https:\/\/marekkuchcinski.pl\/ro\/wp-json\/wp\/v2\/posts\/10625\/revisions"}],"predecessor-version":[{"id":10695,"href":"https:\/\/marekkuchcinski.pl\/ro\/wp-json\/wp\/v2\/posts\/10625\/revisions\/10695"}],"wp:featuredmedia":[{"embeddable":true,"href":"https:\/\/marekkuchcinski.pl\/ro\/wp-json\/wp\/v2\/media\/10634"}],"wp:attachment":[{"href":"https:\/\/marekkuchcinski.pl\/ro\/wp-json\/wp\/v2\/media?parent=10625"}],"wp:term":[{"taxonomy":"category","embeddable":true,"href":"https:\/\/marekkuchcinski.pl\/ro\/wp-json\/wp\/v2\/categories?post=10625"},{"taxonomy":"post_tag","embeddable":true,"href":"https:\/\/marekkuchcinski.pl\/ro\/wp-json\/wp\/v2\/tags?post=10625"}],"curies":[{"name":"wp","href":"https:\/\/api.w.org\/{rel}","templated":true}]}}