{"id":106,"date":"2011-10-06T17:48:19","date_gmt":"2011-10-06T15:48:19","guid":{"rendered":"https:\/\/marekkuchcinski.pl\/?p=106"},"modified":"2016-08-25T17:06:17","modified_gmt":"2016-08-25T15:06:17","slug":"na-marginesie-wizyty-lidera-pis-w-lopuszce-malej","status":"publish","type":"post","link":"https:\/\/marekkuchcinski.pl\/ro\/wydarzenia\/na-marginesie-wizyty-lidera-pis-w-lopuszce-malej\/","title":{"rendered":"\u00cen marja vizitei liderului de la Lege \u0219i Justi\u021bie la Lopuszka Ma\u0142a"},"content":{"rendered":"<p>(Articol preluat integral de pe portalul \"wpolityce.pl\", cu acordul editorilor)<\/p>\n<p>&nbsp;<\/p>\n<p style=\"text-align: justify;\">Acoperirea de c\u0103tre pres\u0103 \u0219i televiziune a recentei vizite a lui Jaros\u0142aw Kaczy\u0144ski la orfelinatul comunitar din \u0141opuszka Ma\u0142a, \u00een regiunea Podkarpacie, a fost extrem de superficial\u0103: fostul prim-ministru a f\u0103cut o plimbare cu gazda sa, deputatul Jan Bury, peste iazul de l\u00e2ng\u0103 conac; a declarat c\u0103 \"nu exist\u0103 nicio contradic\u021bie \u00eentre o Polonie a solidarit\u0103\u021bii \u0219i o Polonie modern\u0103\"; \u0219i - un r\u0103spuns \"fad\" la o \u00eentrebare \"fad\" a unui jurnalist TVN, \"va vorbi despre o coali\u021bie guvernamental\u0103 cu PSL dac\u0103 va c\u00e2\u0219tiga alegerile?\".<\/p>\n<p style=\"text-align: justify;\">&nbsp;<\/p>\n<p style=\"text-align: justify;\"><strong>\u00centre timp, persoanele deputatului Jan Bury \u0219i a profesoarei J\u00f3zefina Hrynkiewicz, cu care Jaros\u0142aw Kaczy\u0144ski a stat la o conferin\u021b\u0103 de pres\u0103 pe treptele orfelinatului, sunt at\u00e2t de distinctive, ca \u0219i locul vizitei \u00een sine, \u00eenc\u00e2t era greu s\u0103 nu te interesezi de semnifica\u021bia profund\u0103 a sosirii liderului partidului Lege \u0219i Justi\u021bie exact acolo, la \u0141opuszka Ma\u0142a. Cu at\u00e2t mai mult cu c\u00e2t cuvintele sale despre acest loc \u0219i ace\u0219ti oameni au fost at\u00e2t de semnificative:<\/strong><\/p>\n<p> <!--more--> <\/p>\n<p>&nbsp;<\/p>\n<p style=\"text-align: justify;\">\"Ne afl\u0103m \u00eentr-un loc \u00een care aceast\u0103 idee a unei Polonii moderne \u0219i solidare este \u00een curs de realizare. Acesta este, am putea spune, locul visurilor mele. Acesta este un loc \u00een care un singur om, desigur, \u00eempreun\u0103 cu mul\u021bi al\u021bii care \u00eel sprijin\u0103, a organizat ceva extraordinar, ceva unic la o scar\u0103, cred, mai mare dec\u00e2t Polonia. \u00cen fiecare societate exist\u0103 astfel de oameni, am putea spune, \"prea buni\". Dac\u0103 acest lucru este combinat cu o capacitate de ac\u021biune \u0219i talent organizatoric, atunci avem rezultate de acest gen. Dl Jan Bury este un exemplu de astfel de persoan\u0103. Din nimic, \u00eentr-o situa\u021bie aparent f\u0103r\u0103 speran\u021b\u0103, a creat o institu\u021bie social\u0103 care este deja mare \u0219i foarte necesar\u0103 \u0219i care ajut\u0103 foarte mul\u021bi oameni, inclusiv copiii \u0219i cei mai nevoia\u0219i. Ajut\u0103 at\u00e2t de eficient, \u00eenc\u00e2t \u0219i pupilele acestui orfelinat, tineri care acum ajung la v\u00e2rsta adult\u0103, primesc locuin\u021be. Mi-ar pl\u0103cea s\u0103 v\u0103d \u00eentreaga Polonie \u00een acest fel atunci c\u00e2nd vine vorba de rezolvarea unor probleme sociale dificile \u0219i dureroase. Totul este posibil, dac\u0103 ajungi la astfel de oameni \u0219i nu la cei care se g\u00e2ndesc doar la propriile beneficii \u0219i la propriul profit, care resping tot ceea ce este comun\", a spus fostul premier, \u00eemp\u0103rt\u0103\u0219ind \u00een acela\u0219i timp impresia sa c\u0103, din p\u0103cate, ace\u0219ti din urm\u0103 oameni sunt adesea \"baza construc\u021biei sociale care a fost creat\u0103 \u00een Polonia \u00een ultimii 20 de ani\". \u0218i acest lucru trebuie schimbat!<\/p>\n<p style=\"text-align: justify;\">&nbsp;<\/p>\n<p style=\"text-align: justify;\">Coment\u00e2nd lista pentru Podkarpackie pentru Sejm din partea \"Lege \u0219i Justi\u021bie\", Jaroslaw Kaczynski a remarcat c\u0103:<\/p>\n<p style=\"text-align: justify;\">&nbsp;<\/p>\n<p style=\"text-align: justify;\"><strong>\"Exist\u0103 dou\u0103 persoane care sunt deosebit de calificate s\u0103 se ocupe de probleme sociale. Exist\u0103 deputatul Jan Bury, care are mari realiz\u0103ri practice. \u0218i mai este profesoara J\u00f3zefina Hrynkiewicz, care lucreaz\u0103 la Institutul de \u0218tiin\u021be Sociale Aplicate de la Universitatea din Var\u0219ovia \u0219i care are mari realiz\u0103ri \u00een sfera \u0219tiin\u021bific\u0103, tocmai \u00een acest domeniu. Prezen\u021ba acestor oameni \u00een parlament va consolida cu adev\u0103rat acest front pro-social, care este necesar at\u00e2t \u00een via\u021ba social\u0103, c\u00e2t \u0219i pentru autorit\u0103\u021bi.<\/strong>\".<\/p>\n<p style=\"text-align: justify;\">&nbsp;<\/p>\n<p style=\"text-align: justify;\">\u00cen timpul unei conferin\u021be de pres\u0103, l-am \u00eentrebat pe liderul partidului Lege \u0219i Justi\u021bie dac\u0103, \u00een cazul unei victorii \u00een alegeri, va continua \u0219i va extinde aloca\u021biile familiale ini\u021biate de guvernul s\u0103u \u00een urm\u0103 cu patru ani. \u0218i iat\u0103 ce am auzit eu (de\u0219i, publicul TV nu a auzit):<\/p>\n<p style=\"text-align: justify;\">&nbsp;<\/p>\n<p style=\"text-align: justify;\">\"Politica pro-familie este unul dintre obiectivele noastre principale, pentru c\u0103 ast\u0103zi avem o depopulare \u00een Polonia \u0219i fiecare guvern responsabil ar trebui s\u0103 se concentreze pe familie, pe \u00eent\u0103rirea ei \u0219i pe na\u0219terea de copii. Iar acest lucru nu trebuie s\u0103 fie \u00een cuvinte, ci \u00een fapte - \u0219i asta \u00eenseamn\u0103 \u00een bani. Cu toate acestea, \u0219tim c\u0103 \u00een prezent ne confrunt\u0103m cu o criz\u0103 a finan\u021belor publice \u0219i exist\u0103 o anumit\u0103 secven\u021b\u0103 de ac\u021biuni. Trebuie mai \u00eent\u00e2i s\u0103 ie\u0219im din aceast\u0103 criz\u0103 \u0219i s\u0103 \u021binem situa\u021bia sub control \u0219i abia apoi s\u0103 lu\u0103m m\u0103suri suplimentare care vor \u00eembog\u0103\u021bi familiile poloneze. Sper\u0103m c\u0103 vom reu\u0219i s\u0103 \u021binem criza sub control pe parcursul anului \u0219i c\u0103 atunci va fi posibil s\u0103 lu\u0103m aceste m\u0103suri \u00een continuare. V\u0103 pot promite un lucru: nu ne vom retrage din aceste m\u0103suri favorabile familiei. Cu siguran\u021b\u0103 nu vom face niciun pas \u00eenapoi, iar pa\u0219ii \u00een direc\u021bia cea bun\u0103 vor fi f\u0103cu\u021bi dac\u0103 acest lucru este posibil.\"<\/p>\n<p style=\"text-align: justify;\">&nbsp;<\/p>\n<p style=\"text-align: justify;\">C\u00e2nd, odat\u0103 cu plecarea lui Jaroslaw Kaczynski, numeroase echipe de televiziune au p\u0103r\u0103sit \u00een grab\u0103 Lopuszka Mala, nu am putut s\u0103 nu devin curios \u00een leg\u0103tur\u0103 cu dou\u0103 persoane a c\u0103ror prezen\u021b\u0103 \u00een parlament ar fi fost at\u00e2t de apreciat\u0103 de liderul uneia dintre cele mai mari dou\u0103 for\u021be politice din \u021bara noastr\u0103. Iat\u0103 ce mi-au spus:<\/p>\n<p style=\"text-align: justify;\">&nbsp;<\/p>\n<p><strong>Interviu cu Jan Bury: \"Eu sunt de fapt un activist social, nu un politician\" <\/strong><\/p>\n<p style=\"text-align: justify;\">&nbsp;<\/p>\n<p style=\"text-align: justify;\">\"Se poate spune c\u0103 mi-am \u00eenceput activitatea social\u0103 din \u00eent\u00e2mplare. Dup\u0103 primatul fiului meu, \u00een 1991, profesorul s\u0103u, un conferen\u021biar de filozofie, p\u0103rintele Franciszek Rz\u0105sa, a venit la Markowa \u0219i ne-a convins pe mine \u0219i pe so\u021bia mea s\u0103 conducem Funda\u021bia de ajutorare a tinerilor Ioan Paul al II-lea \"Wzrastanie\". \u0218i a\u0219a a \u00eenceput totul. Prin urmare, ne-am dedicat \u00een totalitate acestei activit\u0103\u021bi. Dup\u0103 moartea so\u021biei mele, \u00een urm\u0103 cu 6 ani, m-am mutat la conacul din \u0141opuszka Ma\u0142a, unde locuiesc \u00een continuare cu micu\u021bii mei copii. De fapt, sunt asistent social, nu politician. Pentru toat\u0103 lumea sunt pur \u0219i simplu \"bunicul Jasio\".<\/p>\n<p style=\"text-align: justify;\">&nbsp;<\/p>\n<p style=\"text-align: justify;\"><strong>Funda\u021bia este \u00eenc\u0103 \u00een curs de dezvoltare. V\u0103 rug\u0103m s\u0103 prezenta\u021bi o imagine de ansamblu a situa\u021biei actuale a acestuia.<\/strong><\/p>\n<p style=\"text-align: justify;\">&nbsp;<\/p>\n<p style=\"text-align: justify;\">, \"Cred c\u0103 este \u00eentr-o form\u0103 destul de bun\u0103 ca ONG. \u00cen fiecare zi avem grij\u0103 de peste 2000 de persoane, inclusiv copii, tineri din familii disfunc\u021bionale, persoane cu handicap, persoane grav bolnave \u0219i persoane f\u0103r\u0103 ad\u0103post. Avem dou\u0103 orfelinate - aici, \u00een \u0141opuszka Ma\u0142a, \u0219i unul nou, deschis anul acesta, \u00een Dyn\u00f3w. De asemenea, administr\u0103m 81 de gr\u0103dini\u021be gratuite pentru 1200 de copii \u00een dou\u0103 districte - Jaros\u0142aw \u0219i Przeworsk. De altfel, am salvat trei conace istorice: \u00een \u0141opuszka Ma\u0142a, \u00een Dyn\u00f3w \u0219i \u00een Lipnik. Recent, datorit\u0103 unui grant ob\u021binut \u00eempreun\u0103 cu municipalitatea din Dyn\u00f3w, am \u00eenceput revitalizarea parcului \u0219i a complexului conacului de l\u00e2ng\u0103 orfelinatul nostru de acolo, precum \u0219i renovarea complet\u0103 a conacului. \u00cen plus, administr\u0103m mai multe centre de zi \u0219i cluburi de tineret pentru copii din familii foarte s\u0103race, ateliere de terapie ocupa\u021bional\u0103 pentru persoanele cu handicap, un ad\u0103post pentru oamenii f\u0103r\u0103 ad\u0103post \u00een Jaros\u0142aw \u0219i un ospiciu \u00een acest ora\u0219. \u00cen prezent, adapt\u0103m o cl\u0103dire a unui fost spital din Przeworsk pentru 30 de femei f\u0103r\u0103 ad\u0103post. Sper c\u0103 vom reu\u0219i acest lucru.\"<\/p>\n<p style=\"text-align: justify;\">&nbsp;<\/p>\n<p style=\"text-align: justify;\"><strong>Prin administrarea a 81 de gr\u0103dini\u021be, se pare c\u0103 face\u021bi treaba autorit\u0103\u021bilor locale. De unde str\u00e2nge\u021bi banii necesari pentru a le derula?<\/strong><\/p>\n<p style=\"text-align: justify;\">&nbsp;<\/p>\n<p style=\"text-align: justify;\">Da, avem un partener - Asocia\u021bia comunelor din \u021ainutul Przeworsk. Partenerii ne-au pus la dispozi\u021bie, adic\u0103 Funda\u021bia, liderul de proiect, spa\u021biile lor pentru centrele de gr\u0103dini\u021b\u0103. \u00cen numele funda\u021biei, am solicitat \u0219i am ob\u021binut 24 de milioane de zlo\u021bi din Fondul Social European pentru aceast\u0103 activitate. \u00cen gr\u0103dini\u021be implement\u0103m un program educa\u021bional foarte frumos, a\u0219a-numitul program de proiecte mici, care const\u0103 \u00een dezvoltarea \u0219i consolidarea obiceiurilor de mici cercet\u0103tori la copii. Sper c\u0103, \u00een viitor, vor deveni oameni de \u0219tiin\u021b\u0103 pentru Republica Polon\u0103. P\u0103rin\u021bii nu pl\u0103tesc nicio tax\u0103, totul este gratuit.<\/p>\n<p style=\"text-align: justify;\">&nbsp;<\/p>\n<p style=\"text-align: justify;\"><strong>Cu siguran\u021b\u0103 nu v\u0103 pute\u021bi pl\u00e2nge de lipsa de munc\u0103. \u0218i atunci de ce mai sunte\u021bi deputat? De ce candida\u021bi din nou la alegerile pentru Sejm?<\/strong><\/p>\n<p style=\"text-align: justify;\">&nbsp;<\/p>\n<p style=\"text-align: justify;\">\"Faptul de a fi parlamentar ajut\u0103 \u00een activit\u0103\u021bile sociale \u0219i caritabile. F\u0103r\u0103 \u00eendoial\u0103, mi-a fost mai u\u0219or s\u0103 ob\u021bin banii de la Fondul Social European. Ne-am \u00eenceput activit\u0103\u021bile pre\u0219colare \u00een cadrul vechiului buget al UE, care s-a \u00eencheiat \u00een 2006. Iar c\u00e2nd a venit noul buget pentru perioada 2007-2013, ministrul adjunct pentru Dezvoltare Regional\u0103, dl Hetman, a interzis, \u00een orient\u0103rile sale, acordarea de bani pentru continuarea gr\u0103dini\u021belor comunitare. La acea vreme, funda\u021bia noastr\u0103 administra deja 51 de gr\u0103dini\u021be. \u00cen aceast\u0103 situa\u021bie dramatic\u0103, m-am adresat Comisiei de politic\u0103 social\u0103 \u0219i familial\u0103 a Sejm-ului, \u00een prezen\u021ba ministrului adjunct Hetman. \u0218i, datorit\u0103 prezent\u0103rii activit\u0103\u021bilor noastre sociale, viceministrul \u0219i-a schimbat decizia cu privire la liniile directoare, a prelungit termenul de aplicare \u0219i, ca rezultat, nu numai c\u0103 nu a trebuit s\u0103 lichid\u0103m cele 51 de gr\u0103dini\u021be, dar am mai \u00eenfiin\u021bat \u00eenc\u0103 30. Candidez din nou la alegerile pentru Sejm, pentru a putea convinge autorit\u0103\u021bile relevante c\u0103 acest tip de activitate social\u0103 \u0219i caritabil\u0103 este extrem de necesar \u0219i merit\u0103 s\u0103 fie sprijinit\".<\/p>\n<p style=\"text-align: justify;\">&nbsp;<\/p>\n<p style=\"text-align: justify;\"><strong>\u0218i nu regreta\u021bi c\u0103 pe lista candida\u021bilor pentru Sejm din partea \"Lege \u0219i Justi\u021bie\", numele dvs. a fost plasat pe un \u00eendep\u0103rtat loc 15?<\/strong><\/p>\n<p style=\"text-align: justify;\">&nbsp;<\/p>\n<p style=\"text-align: justify;\">Nu. Nu am avut niciodat\u0103 mari ambi\u021bii politice. La alegerile anterioare pentru Sejm din legislatura a 6-a, numele meu a fost pe list\u0103 ini\u021bial pe locul 15, iar mai t\u00e2rziu am fost mutat pe locul 20. Dar, \u00een ciuda acestui fapt, aleg\u0103torii mi-au dat multe voturi \u0219i am intrat \u00een parlament. Dac\u0103 aleg\u0103torii vor aprecia \u00een continuare activitatea mea, voi \u00eencerca din nou s\u0103 fiu \u00een Parlamentul polonez pentru a lupta pentru sensibilizarea legisla\u021biei poloneze \u0219i a autorit\u0103\u021bilor poloneze fa\u021b\u0103 de situa\u021bia celor mai nevoia\u0219i oameni. Ei bine, lista noastr\u0103 din Podkarpacie este foarte puternic\u0103. Cred c\u0103 este cel mai puternic din \u021bar\u0103. Exist\u0103 o serie de politicieni bine cunoscu\u021bi \u0219i mul\u021bi oficiali din administra\u021bia local\u0103. A\u0219a c\u0103, desigur, nu sunt sigur c\u0103 voi ob\u021bine un loc \u00een Parlament. \u0218i oricum, nu-mi fac griji \u00een aceast\u0103 privin\u021b\u0103. Am lucruri de f\u0103cut - \u0219i dac\u0103 nu intru \u00een Sejm, voi petrece mai mult timp cu copiii mei.<\/p>\n<p style=\"text-align: justify;\">&nbsp;<\/p>\n<p style=\"text-align: justify;\"><strong>Interviu cu profesoara J\u00f3zefina Hrynkiewicz: \"Voi \u00eencerca s\u0103-i conving pe to\u021bi cei din parlament...\"<\/strong><\/p>\n<p style=\"text-align: justify;\">&nbsp;<\/p>\n<p style=\"text-align: justify;\"><strong>Mi-e greu s\u0103 v\u0103d \u00een dumneavoastr\u0103 calit\u0103\u021bile unui politician tipic. De ce dori\u021bi s\u0103 deveni\u021bi deputat \u00een Parlament?<\/strong><\/p>\n<p style=\"text-align: justify;\">&nbsp;<\/p>\n<p style=\"text-align: justify;\">\"Pentru c\u0103 dac\u0103 politica social\u0103, politica familiei, ar fi amenin\u021bat\u0103, amenin\u021barea s-ar extinde \u0219i asupra Poloniei \u0219i a polonezilor. \u00cen acest moment ne confrunt\u0103m cu o criz\u0103 demografic\u0103. Exist\u0103 o rat\u0103 de natalitate foarte sc\u0103zut\u0103, deoarece tinerii care sunt responsabili, care nu au niciun venit, niciun loc de munc\u0103 \u0219i nicio cas\u0103 - nu \u00ee\u0219i \u00eentemeiaz\u0103 familii \u0219i nu au copii. Prin urmare, trebuie s\u0103 dep\u0103\u0219im aceast\u0103 criz\u0103 \u0219i trebuie s\u0103 facem totul pentru a ne asigura c\u0103 tinerii nu pleac\u0103 \u00een str\u0103in\u0103tate; c\u0103 nu lucreaz\u0103 acolo pentru prosperitatea \u021b\u0103rilor str\u0103ine \u0219i a societ\u0103\u021bilor str\u0103ine. Trebuie s\u0103 facem totul pentru a crea condi\u021bii bune pentru ca tinerii s\u0103 fie angaja\u021bi \u0219i s\u0103 c\u00e2\u0219tige un venit, s\u0103 aib\u0103 o cas\u0103 \u0219i s\u0103 creasc\u0103 copii. Nu poate exista o alegere dramatic\u0103 \u00eentre satisfacerea nevoilor elementare ale propriei persoane - \u0219i a avea copii.<\/p>\n<p style=\"text-align: justify;\">&nbsp;<\/p>\n<p style=\"text-align: justify;\">De aceea, cred c\u0103 aceast\u0103 direc\u021bie, \u00eenceput\u0103 de Jaros\u0142aw Kaczy\u0144ski, trebuie continuat\u0103. Ast\u0103zi, pentru Polonia, \"a fi sau a nu fi\" - indiferent de criz\u0103! Iar \u00eentreaga societate ar trebui s\u0103 fie informat\u0103 \u00een detaliu despre acest lucru, astfel \u00eenc\u00e2t s\u0103 fie preg\u0103tit\u0103 s\u0103 fac\u0103 anumite sacrificii pentru a ajuta familiile care cresc copii. Ajutor pentru to\u021bi copiii, inclusiv pentru cei care sunt plasa\u021bi \u00een case de copii sau \u00een institu\u021bii de \u00eengrijire pentru c\u0103 p\u0103rin\u021bii lor sunt prea s\u0103raci pentru a-i \u00eentre\u021bine.<\/p>\n<p style=\"text-align: justify;\">&nbsp;<\/p>\n<p style=\"text-align: justify;\">Trebuie s\u0103 combatem s\u0103r\u0103cia \u00een familii. Trebuie, de asemenea, s\u0103 contracar\u0103m func\u021bionarea deficitar\u0103 a \u0219colilor \u0219i s\u0103 ne asigur\u0103m c\u0103 to\u021bi copiii au acces la asisten\u021b\u0103 medical\u0103, inclusiv la servicii stomatologice. Dac\u0103 nou\u0103zeci \u0219i ceva la sut\u0103 dintre copiii polonezi au carii dentare, \u00eenseamn\u0103 c\u0103 ace\u0219ti copii sunt pur \u0219i simplu neglija\u021bi. Acestea sunt chestiuni extrem de importante, a\u0219 spune eu.<\/p>\n<p style=\"text-align: justify;\">&nbsp;<\/p>\n<p style=\"text-align: justify;\">Dac\u0103 voi ajunge \u00een Sejm, voi \u00eencerca s\u0103-i conving pe to\u021bi parlamentarii c\u0103 cel mai important lucru pe care trebuie s\u0103 \u00eel facem ast\u0103zi este s\u0103 sprijinim familiile tinere care cresc copii.\"<\/p>\n<p style=\"text-align: justify;\">&nbsp;<\/p>\n<p>\u00centrebat \u0219i notat: Jacek Borzecki<\/p>\n<p style=\"text-align: justify;\">{galerie}buryihrynkiewicz{\/gallery}<\/p>","protected":false},"excerpt":{"rendered":"<p>(Artyku\u0142 przedrukowany w ca\u0142o\u015bci z portalu \u201ewpolityce.pl\u201d, za zgod\u0105 redakcji) &nbsp; Relacje prasowe i telewizyjne z niedawnej wizyty Jaros\u0142awa Kaczy\u0144skiego w spo\u0142ecznym Domu Dziecka w \u0141opuszce Ma\u0142ej na Podkarpaciu, by\u0142y wyj\u0105tkowo zdawkowe: by\u0142y premier przeszed\u0142 si\u0119 z gospodarzem, pos\u0142em Janem Burym, nad stawem obok dworku; powiedzia\u0142, \u017ce \u201enie ma sprzeczno\u015bci mi\u0119dzy Polsk\u0105 solidarn\u0105 i nowoczesn\u0105\u201d; [&hellip;]<\/p>","protected":false},"author":6,"featured_media":0,"comment_status":"open","ping_status":"open","sticky":false,"template":"","format":"standard","meta":{"ngg_post_thumbnail":0,"footnotes":""},"categories":[3],"tags":[],"class_list":["post-106","post","type-post","status-publish","format-standard","hentry","category-wydarzenia"],"yoast_head":"<!-- This site is optimized with the Yoast SEO plugin v24.7 - https:\/\/yoast.com\/wordpress\/plugins\/seo\/ -->\n<title>Na marginesie wizyty lidera PiS w \u0141opuszce Ma\u0142ej &#8211; Marek Kuchci\u0144ski<\/title>\n<meta name=\"robots\" content=\"index, follow, max-snippet:-1, max-image-preview:large, max-video-preview:-1\" \/>\n<link rel=\"canonical\" href=\"https:\/\/marekkuchcinski.pl\/ro\/wydarzenia\/na-marginesie-wizyty-lidera-pis-w-lopuszce-malej\/\" \/>\n<meta property=\"og:locale\" content=\"ro_RO\" \/>\n<meta property=\"og:type\" content=\"article\" \/>\n<meta property=\"og:title\" content=\"Na marginesie wizyty lidera PiS w \u0141opuszce Ma\u0142ej &#8211; Marek Kuchci\u0144ski\" \/>\n<meta property=\"og:description\" content=\"(Artyku\u0142 przedrukowany w ca\u0142o\u015bci z portalu \u201ewpolityce.pl\u201d, za zgod\u0105 redakcji) &nbsp; Relacje prasowe i telewizyjne z niedawnej wizyty Jaros\u0142awa Kaczy\u0144skiego w spo\u0142ecznym Domu Dziecka w \u0141opuszce Ma\u0142ej na Podkarpaciu, by\u0142y wyj\u0105tkowo zdawkowe: by\u0142y premier przeszed\u0142 si\u0119 z gospodarzem, pos\u0142em Janem Burym, nad stawem obok dworku; powiedzia\u0142, \u017ce \u201enie ma sprzeczno\u015bci mi\u0119dzy Polsk\u0105 solidarn\u0105 i nowoczesn\u0105\u201d; [&hellip;]\" \/>\n<meta property=\"og:url\" content=\"https:\/\/marekkuchcinski.pl\/ro\/wydarzenia\/na-marginesie-wizyty-lidera-pis-w-lopuszce-malej\/\" \/>\n<meta property=\"og:site_name\" content=\"Marek Kuchci\u0144ski\" \/>\n<meta property=\"article:published_time\" content=\"2011-10-06T15:48:19+00:00\" \/>\n<meta property=\"article:modified_time\" content=\"2016-08-25T15:06:17+00:00\" \/>\n<meta property=\"og:image\" content=\"https:\/\/marekkuchcinski.pl\/wp-content\/uploads\/2022\/09\/Marek.jpg\" \/>\n\t<meta property=\"og:image:width\" content=\"1600\" \/>\n\t<meta property=\"og:image:height\" content=\"971\" \/>\n\t<meta property=\"og:image:type\" content=\"image\/jpeg\" \/>\n<meta name=\"author\" content=\"admin\" \/>\n<meta name=\"twitter:card\" content=\"summary_large_image\" \/>\n<meta name=\"twitter:label1\" content=\"Scris de\" \/>\n\t<meta name=\"twitter:data1\" content=\"admin\" \/>\n\t<meta name=\"twitter:label2\" content=\"Timp estimat pentru citire\" \/>\n\t<meta name=\"twitter:data2\" content=\"10 minutes\" \/>\n<script type=\"application\/ld+json\" class=\"yoast-schema-graph\">{\"@context\":\"https:\/\/schema.org\",\"@graph\":[{\"@type\":\"Article\",\"@id\":\"https:\/\/marekkuchcinski.pl\/wydarzenia\/na-marginesie-wizyty-lidera-pis-w-lopuszce-malej\/#article\",\"isPartOf\":{\"@id\":\"https:\/\/marekkuchcinski.pl\/wydarzenia\/na-marginesie-wizyty-lidera-pis-w-lopuszce-malej\/\"},\"author\":{\"name\":\"admin\",\"@id\":\"https:\/\/marekkuchcinski.pl\/#\/schema\/person\/6f62700996b4d950b6ea2d1183b6c6be\"},\"headline\":\"Na marginesie wizyty lidera PiS w \u0141opuszce Ma\u0142ej\",\"datePublished\":\"2011-10-06T15:48:19+00:00\",\"dateModified\":\"2016-08-25T15:06:17+00:00\",\"mainEntityOfPage\":{\"@id\":\"https:\/\/marekkuchcinski.pl\/wydarzenia\/na-marginesie-wizyty-lidera-pis-w-lopuszce-malej\/\"},\"wordCount\":2009,\"commentCount\":0,\"publisher\":{\"@id\":\"https:\/\/marekkuchcinski.pl\/#organization\"},\"articleSection\":[\"Wydarzenia\"],\"inLanguage\":\"ro-RO\",\"potentialAction\":[{\"@type\":\"CommentAction\",\"name\":\"Comment\",\"target\":[\"https:\/\/marekkuchcinski.pl\/wydarzenia\/na-marginesie-wizyty-lidera-pis-w-lopuszce-malej\/#respond\"]}]},{\"@type\":\"WebPage\",\"@id\":\"https:\/\/marekkuchcinski.pl\/wydarzenia\/na-marginesie-wizyty-lidera-pis-w-lopuszce-malej\/\",\"url\":\"https:\/\/marekkuchcinski.pl\/wydarzenia\/na-marginesie-wizyty-lidera-pis-w-lopuszce-malej\/\",\"name\":\"Na marginesie wizyty lidera PiS w \u0141opuszce Ma\u0142ej &#8211; Marek Kuchci\u0144ski\",\"isPartOf\":{\"@id\":\"https:\/\/marekkuchcinski.pl\/#website\"},\"datePublished\":\"2011-10-06T15:48:19+00:00\",\"dateModified\":\"2016-08-25T15:06:17+00:00\",\"breadcrumb\":{\"@id\":\"https:\/\/marekkuchcinski.pl\/wydarzenia\/na-marginesie-wizyty-lidera-pis-w-lopuszce-malej\/#breadcrumb\"},\"inLanguage\":\"ro-RO\",\"potentialAction\":[{\"@type\":\"ReadAction\",\"target\":[\"https:\/\/marekkuchcinski.pl\/wydarzenia\/na-marginesie-wizyty-lidera-pis-w-lopuszce-malej\/\"]}]},{\"@type\":\"BreadcrumbList\",\"@id\":\"https:\/\/marekkuchcinski.pl\/wydarzenia\/na-marginesie-wizyty-lidera-pis-w-lopuszce-malej\/#breadcrumb\",\"itemListElement\":[{\"@type\":\"ListItem\",\"position\":1,\"name\":\"Strona g\u0142\u00f3wna\",\"item\":\"https:\/\/marekkuchcinski.pl\/\"},{\"@type\":\"ListItem\",\"position\":2,\"name\":\"Na marginesie wizyty lidera PiS w \u0141opuszce Ma\u0142ej\"}]},{\"@type\":\"WebSite\",\"@id\":\"https:\/\/marekkuchcinski.pl\/#website\",\"url\":\"https:\/\/marekkuchcinski.pl\/\",\"name\":\"Marek Kuchci\u0144ski\",\"description\":\"Pose\u0142 na sejm RP &ndash; okr\u0119g nr 22\",\"publisher\":{\"@id\":\"https:\/\/marekkuchcinski.pl\/#organization\"},\"potentialAction\":[{\"@type\":\"SearchAction\",\"target\":{\"@type\":\"EntryPoint\",\"urlTemplate\":\"https:\/\/marekkuchcinski.pl\/?s={search_term_string}\"},\"query-input\":{\"@type\":\"PropertyValueSpecification\",\"valueRequired\":true,\"valueName\":\"search_term_string\"}}],\"inLanguage\":\"ro-RO\"},{\"@type\":\"Organization\",\"@id\":\"https:\/\/marekkuchcinski.pl\/#organization\",\"name\":\"Marek Kuchci\u0144ski\",\"url\":\"https:\/\/marekkuchcinski.pl\/\",\"logo\":{\"@type\":\"ImageObject\",\"inLanguage\":\"ro-RO\",\"@id\":\"https:\/\/marekkuchcinski.pl\/#\/schema\/logo\/image\/\",\"url\":\"https:\/\/marekkuchcinski.pl\/wp-content\/uploads\/2022\/09\/Marek.jpg\",\"contentUrl\":\"https:\/\/marekkuchcinski.pl\/wp-content\/uploads\/2022\/09\/Marek.jpg\",\"width\":1600,\"height\":971,\"caption\":\"Marek Kuchci\u0144ski\"},\"image\":{\"@id\":\"https:\/\/marekkuchcinski.pl\/#\/schema\/logo\/image\/\"}},{\"@type\":\"Person\",\"@id\":\"https:\/\/marekkuchcinski.pl\/#\/schema\/person\/6f62700996b4d950b6ea2d1183b6c6be\",\"name\":\"admin\",\"image\":{\"@type\":\"ImageObject\",\"inLanguage\":\"ro-RO\",\"@id\":\"https:\/\/marekkuchcinski.pl\/#\/schema\/person\/image\/\",\"url\":\"https:\/\/secure.gravatar.com\/avatar\/4bab693b9d55c3d6b52c0296a8765085?s=96&d=mm&r=g\",\"contentUrl\":\"https:\/\/secure.gravatar.com\/avatar\/4bab693b9d55c3d6b52c0296a8765085?s=96&d=mm&r=g\",\"caption\":\"admin\"},\"url\":\"https:\/\/marekkuchcinski.pl\/ro\/author\/marta-olejnik\/\"}]}<\/script>\n<!-- \/ Yoast SEO plugin. -->","yoast_head_json":{"title":"Na marginesie wizyty lidera PiS w \u0141opuszce Ma\u0142ej &#8211; Marek Kuchci\u0144ski","robots":{"index":"index","follow":"follow","max-snippet":"max-snippet:-1","max-image-preview":"max-image-preview:large","max-video-preview":"max-video-preview:-1"},"canonical":"https:\/\/marekkuchcinski.pl\/ro\/wydarzenia\/na-marginesie-wizyty-lidera-pis-w-lopuszce-malej\/","og_locale":"ro_RO","og_type":"article","og_title":"Na marginesie wizyty lidera PiS w \u0141opuszce Ma\u0142ej &#8211; Marek Kuchci\u0144ski","og_description":"(Artyku\u0142 przedrukowany w ca\u0142o\u015bci z portalu \u201ewpolityce.pl\u201d, za zgod\u0105 redakcji) &nbsp; Relacje prasowe i telewizyjne z niedawnej wizyty Jaros\u0142awa Kaczy\u0144skiego w spo\u0142ecznym Domu Dziecka w \u0141opuszce Ma\u0142ej na Podkarpaciu, by\u0142y wyj\u0105tkowo zdawkowe: by\u0142y premier przeszed\u0142 si\u0119 z gospodarzem, pos\u0142em Janem Burym, nad stawem obok dworku; powiedzia\u0142, \u017ce \u201enie ma sprzeczno\u015bci mi\u0119dzy Polsk\u0105 solidarn\u0105 i nowoczesn\u0105\u201d; [&hellip;]","og_url":"https:\/\/marekkuchcinski.pl\/ro\/wydarzenia\/na-marginesie-wizyty-lidera-pis-w-lopuszce-malej\/","og_site_name":"Marek Kuchci\u0144ski","article_published_time":"2011-10-06T15:48:19+00:00","article_modified_time":"2016-08-25T15:06:17+00:00","og_image":[{"width":1600,"height":971,"url":"https:\/\/marekkuchcinski.pl\/wp-content\/uploads\/2022\/09\/Marek.jpg","type":"image\/jpeg"}],"author":"admin","twitter_card":"summary_large_image","twitter_misc":{"Scris de":"admin","Timp estimat pentru citire":"10 minutes"},"schema":{"@context":"https:\/\/schema.org","@graph":[{"@type":"Article","@id":"https:\/\/marekkuchcinski.pl\/wydarzenia\/na-marginesie-wizyty-lidera-pis-w-lopuszce-malej\/#article","isPartOf":{"@id":"https:\/\/marekkuchcinski.pl\/wydarzenia\/na-marginesie-wizyty-lidera-pis-w-lopuszce-malej\/"},"author":{"name":"admin","@id":"https:\/\/marekkuchcinski.pl\/#\/schema\/person\/6f62700996b4d950b6ea2d1183b6c6be"},"headline":"Na marginesie wizyty lidera PiS w \u0141opuszce Ma\u0142ej","datePublished":"2011-10-06T15:48:19+00:00","dateModified":"2016-08-25T15:06:17+00:00","mainEntityOfPage":{"@id":"https:\/\/marekkuchcinski.pl\/wydarzenia\/na-marginesie-wizyty-lidera-pis-w-lopuszce-malej\/"},"wordCount":2009,"commentCount":0,"publisher":{"@id":"https:\/\/marekkuchcinski.pl\/#organization"},"articleSection":["Wydarzenia"],"inLanguage":"ro-RO","potentialAction":[{"@type":"CommentAction","name":"Comment","target":["https:\/\/marekkuchcinski.pl\/wydarzenia\/na-marginesie-wizyty-lidera-pis-w-lopuszce-malej\/#respond"]}]},{"@type":"WebPage","@id":"https:\/\/marekkuchcinski.pl\/wydarzenia\/na-marginesie-wizyty-lidera-pis-w-lopuszce-malej\/","url":"https:\/\/marekkuchcinski.pl\/wydarzenia\/na-marginesie-wizyty-lidera-pis-w-lopuszce-malej\/","name":"Na marginesie wizyty lidera PiS w \u0141opuszce Ma\u0142ej &#8211; Marek Kuchci\u0144ski","isPartOf":{"@id":"https:\/\/marekkuchcinski.pl\/#website"},"datePublished":"2011-10-06T15:48:19+00:00","dateModified":"2016-08-25T15:06:17+00:00","breadcrumb":{"@id":"https:\/\/marekkuchcinski.pl\/wydarzenia\/na-marginesie-wizyty-lidera-pis-w-lopuszce-malej\/#breadcrumb"},"inLanguage":"ro-RO","potentialAction":[{"@type":"ReadAction","target":["https:\/\/marekkuchcinski.pl\/wydarzenia\/na-marginesie-wizyty-lidera-pis-w-lopuszce-malej\/"]}]},{"@type":"BreadcrumbList","@id":"https:\/\/marekkuchcinski.pl\/wydarzenia\/na-marginesie-wizyty-lidera-pis-w-lopuszce-malej\/#breadcrumb","itemListElement":[{"@type":"ListItem","position":1,"name":"Strona g\u0142\u00f3wna","item":"https:\/\/marekkuchcinski.pl\/"},{"@type":"ListItem","position":2,"name":"Na marginesie wizyty lidera PiS w \u0141opuszce Ma\u0142ej"}]},{"@type":"WebSite","@id":"https:\/\/marekkuchcinski.pl\/#website","url":"https:\/\/marekkuchcinski.pl\/","name":"Marek Kuchci\u0144ski","description":"Pose\u0142 na sejm RP &ndash; okr\u0119g nr 22","publisher":{"@id":"https:\/\/marekkuchcinski.pl\/#organization"},"potentialAction":[{"@type":"SearchAction","target":{"@type":"EntryPoint","urlTemplate":"https:\/\/marekkuchcinski.pl\/?s={search_term_string}"},"query-input":{"@type":"PropertyValueSpecification","valueRequired":true,"valueName":"search_term_string"}}],"inLanguage":"ro-RO"},{"@type":"Organization","@id":"https:\/\/marekkuchcinski.pl\/#organization","name":"Marek Kuchci\u0144ski","url":"https:\/\/marekkuchcinski.pl\/","logo":{"@type":"ImageObject","inLanguage":"ro-RO","@id":"https:\/\/marekkuchcinski.pl\/#\/schema\/logo\/image\/","url":"https:\/\/marekkuchcinski.pl\/wp-content\/uploads\/2022\/09\/Marek.jpg","contentUrl":"https:\/\/marekkuchcinski.pl\/wp-content\/uploads\/2022\/09\/Marek.jpg","width":1600,"height":971,"caption":"Marek Kuchci\u0144ski"},"image":{"@id":"https:\/\/marekkuchcinski.pl\/#\/schema\/logo\/image\/"}},{"@type":"Person","@id":"https:\/\/marekkuchcinski.pl\/#\/schema\/person\/6f62700996b4d950b6ea2d1183b6c6be","name":"admin","image":{"@type":"ImageObject","inLanguage":"ro-RO","@id":"https:\/\/marekkuchcinski.pl\/#\/schema\/person\/image\/","url":"https:\/\/secure.gravatar.com\/avatar\/4bab693b9d55c3d6b52c0296a8765085?s=96&d=mm&r=g","contentUrl":"https:\/\/secure.gravatar.com\/avatar\/4bab693b9d55c3d6b52c0296a8765085?s=96&d=mm&r=g","caption":"admin"},"url":"https:\/\/marekkuchcinski.pl\/ro\/author\/marta-olejnik\/"}]}},"_links":{"self":[{"href":"https:\/\/marekkuchcinski.pl\/ro\/wp-json\/wp\/v2\/posts\/106","targetHints":{"allow":["GET"]}}],"collection":[{"href":"https:\/\/marekkuchcinski.pl\/ro\/wp-json\/wp\/v2\/posts"}],"about":[{"href":"https:\/\/marekkuchcinski.pl\/ro\/wp-json\/wp\/v2\/types\/post"}],"author":[{"embeddable":true,"href":"https:\/\/marekkuchcinski.pl\/ro\/wp-json\/wp\/v2\/users\/6"}],"replies":[{"embeddable":true,"href":"https:\/\/marekkuchcinski.pl\/ro\/wp-json\/wp\/v2\/comments?post=106"}],"version-history":[{"count":1,"href":"https:\/\/marekkuchcinski.pl\/ro\/wp-json\/wp\/v2\/posts\/106\/revisions"}],"predecessor-version":[{"id":1411,"href":"https:\/\/marekkuchcinski.pl\/ro\/wp-json\/wp\/v2\/posts\/106\/revisions\/1411"}],"wp:attachment":[{"href":"https:\/\/marekkuchcinski.pl\/ro\/wp-json\/wp\/v2\/media?parent=106"}],"wp:term":[{"taxonomy":"category","embeddable":true,"href":"https:\/\/marekkuchcinski.pl\/ro\/wp-json\/wp\/v2\/categories?post=106"},{"taxonomy":"post_tag","embeddable":true,"href":"https:\/\/marekkuchcinski.pl\/ro\/wp-json\/wp\/v2\/tags?post=106"}],"curies":[{"name":"wp","href":"https:\/\/api.w.org\/{rel}","templated":true}]}}