{"id":10587,"date":"2018-11-08T13:25:11","date_gmt":"2018-11-08T12:25:11","guid":{"rendered":"https:\/\/marekkuchcinski.pl\/?p=10587"},"modified":"2018-11-09T15:41:16","modified_gmt":"2018-11-09T14:41:16","slug":"marek-kuchcinski-zainaugurowal-sejmie-akcje-niepodlegla","status":"publish","type":"post","link":"https:\/\/marekkuchcinski.pl\/ro\/wiesci-z-sejmu\/marek-kuchcinski-zainaugurowal-sejmie-akcje-niepodlegla\/","title":{"rendered":"O campanie social\u0103 la nivel na\u021bional intitulat\u0103 Avem independen\u021b\u0103!"},"content":{"rendered":"<p><strong>Pre\u0219edintele Sejm-ului, Marek Kuchci\u0144ski, a inaugurat campania \"Avem independen\u021b\u0103!\", organizat\u0103 de Funda\u021bia Familiei J\u00f3zef Pi\u0142sudski \u0219i de Muzeul J\u00f3zef Pi\u0142sudski din Sulej\u00f3wek.<\/strong>\u00a0<strong>\u00cenc\u0103 de la prima edi\u021bie a campaniei, Poczta Polska SA a fost partenerul strategic.\u00a0<\/strong><\/p>\n<p><span style=\"font-family: 'Georgia',serif; color: #333333;\">Campania are ca scop s\u0103rb\u0103torirea cu bucurie a anivers\u0103rilor succesive ale independen\u021bei Poloniei. \u00cen fiecare an, polonezii sunt invita\u021bi s\u0103 le trimit\u0103 gratuit celor dragi c\u0103r\u021bi po\u0219tale \u0219i c\u0103r\u021bi electronice cu ur\u0103ri cu ocazia Zilei Independen\u021bei Na\u021bionale. O parte integrant\u0103 a Mum Niepodleg\u0142a! este reprezentat\u0103 de arti\u0219tii excep\u021bionali care creeaz\u0103 c\u0103r\u021bile po\u0219tale. Anul acesta are o dimensiune special\u0103, deoarece are loc la cea de-a 100-a aniversare a independen\u021bei Poloniei.<\/span><\/p>\n<p style=\"font-variant-ligatures: normal; font-variant-caps: normal; orphans: 2; text-align: start; widows: 2; -webkit-text-stroke-width: 0px; text-decoration-style: initial; text-decoration-color: initial; word-spacing: 0px;\"><span style=\"font-family: 'Georgia',serif; color: #333333;\">Datorit\u0103 implic\u0103rii, printre altele, a \u0219colilor, birourilor \u0219i institu\u021biilor culturale din \u00eentreaga Polonie, data de 11 noiembrie ca zi de s\u0103rb\u0103toare na\u021bional\u0103 este consolidat\u0103 \u0219i \u00eent\u0103rit\u0103 \u00een con\u0219tiin\u021ba popular\u0103 prin promovarea unei forme vesele \u0219i atractive de celebrare a Zilei Independen\u021bei \u0219i prin afirmarea activit\u0103\u021bilor sociale care declan\u0219eaz\u0103 o energie social\u0103 pozitiv\u0103. Avem independen\u021ba! are un impact asupra cultiv\u0103rii identit\u0103\u021bii locale \u0219i a form\u0103rii atitudinilor patriotice \u0219i civice.<\/span><\/p>\n<p style=\"font-variant-ligatures: normal; font-variant-caps: normal; orphans: 2; text-align: start; widows: 2; -webkit-text-stroke-width: 0px; text-decoration-style: initial; text-decoration-color: initial; word-spacing: 0px;\"><span style=\"font-family: 'Georgia',serif; color: #333333;\">De-a lungul anilor, campania a devenit un element obi\u0219nuit al s\u0103rb\u0103toririi Zilei Independen\u021bei Na\u021bionale pentru multe \u0219coli, birouri \u0219i institu\u021bii culturale din Polonia. Arti\u0219tii creatori de carduri \u0219i numeroase comunit\u0103\u021bi locale se implic\u0103 activ \u00een promovarea campaniei Avem Independen\u021b\u0103!<\/span><\/p>\n<p style=\"font-variant-ligatures: normal; font-variant-caps: normal; orphans: 2; text-align: start; widows: 2; -webkit-text-stroke-width: 0px; text-decoration-style: initial; text-decoration-color: initial; word-spacing: 0px;\"><a href=\"https:\/\/marekkuchcinski.pl\/wp-content\/uploads\/2018\/11\/DSC_4282.jpg\"><img fetchpriority=\"high\" decoding=\"async\" class=\"alignnone size-full wp-image-10629\" src=\"https:\/\/marekkuchcinski.pl\/wp-content\/uploads\/2018\/11\/DSC_4282.jpg\" alt=\"DSC_4282\" width=\"5568\" height=\"3712\" srcset=\"https:\/\/marekkuchcinski.pl\/wp-content\/uploads\/2018\/11\/DSC_4282.jpg 2048w, https:\/\/marekkuchcinski.pl\/wp-content\/uploads\/2018\/11\/DSC_4282-300x200.jpg 300w, https:\/\/marekkuchcinski.pl\/wp-content\/uploads\/2018\/11\/DSC_4282-768x512.jpg 768w, https:\/\/marekkuchcinski.pl\/wp-content\/uploads\/2018\/11\/DSC_4282-1024x683.jpg 1024w\" sizes=\"(max-width: 5568px) 100vw, 5568px\" \/><\/a><\/p>\n<p style=\"font-variant-ligatures: normal; font-variant-caps: normal; orphans: 2; text-align: start; widows: 2; -webkit-text-stroke-width: 0px; text-decoration-style: initial; text-decoration-color: initial; word-spacing: 0px;\"><em>Foto: \u0141ukasz B\u0142asikiewicz<\/em><\/p>","protected":false},"excerpt":{"rendered":"<p>Marsza\u0142ek Sejmu Marek Kuchci\u0144ski zainaugurowa\u0142 akcj\u0119 Mamy Niepodleg\u0142\u0105! organizowan\u0105 przez Fundacj\u0119 Rodziny J\u00f3zefa Pi\u0142sudskiego oraz Muzeum J\u00f3zefa Pi\u0142sudskiego w Sulej\u00f3wku.\u00a0Od pierwszej edycji akcji partnerem strategicznym jest Poczta Polska SA.\u00a0 Akcja polega na radosnym \u015bwi\u0119towaniu kolejnych rocznic odzyskania niepodleg\u0142o\u015bci przez Polsk\u0119. Co roku zapraszamy Polak\u00f3w do wysy\u0142ania bliskim bezp\u0142atnych kartek pocztowych oraz e-kartek z \u017cyczeniami z\u00a0okazji [&hellip;]<\/p>","protected":false},"author":6,"featured_media":10633,"comment_status":"open","ping_status":"open","sticky":false,"template":"","format":"standard","meta":{"ngg_post_thumbnail":0,"footnotes":""},"categories":[77,81,3],"tags":[],"class_list":["post-10587","post","type-post","status-publish","format-standard","has-post-thumbnail","hentry","category-wazne-daty","category-wiesci-z-sejmu","category-wydarzenia"],"yoast_head":"<!-- This site is optimized with the Yoast SEO plugin v24.7 - https:\/\/yoast.com\/wordpress\/plugins\/seo\/ -->\n<title>Ruszy\u0142a og\u00f3lnopolska akcja spo\u0142eczna Mamy Niepodleg\u0142\u0105! &#8211; Marek Kuchci\u0144ski<\/title>\n<meta name=\"robots\" content=\"index, follow, max-snippet:-1, max-image-preview:large, max-video-preview:-1\" \/>\n<link rel=\"canonical\" href=\"https:\/\/marekkuchcinski.pl\/ro\/wiesci-z-sejmu\/marek-kuchcinski-zainaugurowal-sejmie-akcje-niepodlegla\/\" \/>\n<meta property=\"og:locale\" content=\"ro_RO\" \/>\n<meta property=\"og:type\" content=\"article\" \/>\n<meta property=\"og:title\" content=\"Ruszy\u0142a og\u00f3lnopolska akcja spo\u0142eczna Mamy Niepodleg\u0142\u0105! &#8211; Marek Kuchci\u0144ski\" \/>\n<meta property=\"og:description\" content=\"Marsza\u0142ek Sejmu Marek Kuchci\u0144ski zainaugurowa\u0142 akcj\u0119 Mamy Niepodleg\u0142\u0105! organizowan\u0105 przez Fundacj\u0119 Rodziny J\u00f3zefa Pi\u0142sudskiego oraz Muzeum J\u00f3zefa Pi\u0142sudskiego w Sulej\u00f3wku.\u00a0Od pierwszej edycji akcji partnerem strategicznym jest Poczta Polska SA.\u00a0 Akcja polega na radosnym \u015bwi\u0119towaniu kolejnych rocznic odzyskania niepodleg\u0142o\u015bci przez Polsk\u0119. Co roku zapraszamy Polak\u00f3w do wysy\u0142ania bliskim bezp\u0142atnych kartek pocztowych oraz e-kartek z \u017cyczeniami z\u00a0okazji [&hellip;]\" \/>\n<meta property=\"og:url\" content=\"https:\/\/marekkuchcinski.pl\/ro\/wiesci-z-sejmu\/marek-kuchcinski-zainaugurowal-sejmie-akcje-niepodlegla\/\" \/>\n<meta property=\"og:site_name\" content=\"Marek Kuchci\u0144ski\" \/>\n<meta property=\"article:published_time\" content=\"2018-11-08T12:25:11+00:00\" \/>\n<meta property=\"article:modified_time\" content=\"2018-11-09T14:41:16+00:00\" \/>\n<meta property=\"og:image\" content=\"https:\/\/marekkuchcinski.pl\/wp-content\/uploads\/2018\/11\/DSC_4282-1.jpg\" \/>\n\t<meta property=\"og:image:width\" content=\"2048\" \/>\n\t<meta property=\"og:image:height\" content=\"1365\" \/>\n\t<meta property=\"og:image:type\" content=\"image\/jpeg\" \/>\n<meta name=\"author\" content=\"admin\" \/>\n<meta name=\"twitter:card\" content=\"summary_large_image\" \/>\n<meta name=\"twitter:label1\" content=\"Scris de\" \/>\n\t<meta name=\"twitter:data1\" content=\"admin\" \/>\n\t<meta name=\"twitter:label2\" content=\"Timp estimat pentru citire\" \/>\n\t<meta name=\"twitter:data2\" content=\"1 minute\" \/>\n<script type=\"application\/ld+json\" class=\"yoast-schema-graph\">{\"@context\":\"https:\/\/schema.org\",\"@graph\":[{\"@type\":\"Article\",\"@id\":\"https:\/\/marekkuchcinski.pl\/ro\/wiesci-z-sejmu\/marek-kuchcinski-zainaugurowal-sejmie-akcje-niepodlegla\/#article\",\"isPartOf\":{\"@id\":\"https:\/\/marekkuchcinski.pl\/ro\/wiesci-z-sejmu\/marek-kuchcinski-zainaugurowal-sejmie-akcje-niepodlegla\/\"},\"author\":{\"name\":\"admin\",\"@id\":\"https:\/\/marekkuchcinski.pl\/#\/schema\/person\/6f62700996b4d950b6ea2d1183b6c6be\"},\"headline\":\"Ruszy\u0142a og\u00f3lnopolska akcja spo\u0142eczna Mamy Niepodleg\u0142\u0105!\",\"datePublished\":\"2018-11-08T12:25:11+00:00\",\"dateModified\":\"2018-11-09T14:41:16+00:00\",\"mainEntityOfPage\":{\"@id\":\"https:\/\/marekkuchcinski.pl\/ro\/wiesci-z-sejmu\/marek-kuchcinski-zainaugurowal-sejmie-akcje-niepodlegla\/\"},\"wordCount\":251,\"commentCount\":0,\"publisher\":{\"@id\":\"https:\/\/marekkuchcinski.pl\/#organization\"},\"image\":{\"@id\":\"https:\/\/marekkuchcinski.pl\/ro\/wiesci-z-sejmu\/marek-kuchcinski-zainaugurowal-sejmie-akcje-niepodlegla\/#primaryimage\"},\"thumbnailUrl\":\"https:\/\/marekkuchcinski.pl\/wp-content\/uploads\/2018\/11\/DSC_4282-1.jpg\",\"articleSection\":[\"Wa\u017cne daty\",\"Wie\u015bci z Sejmu\",\"Wydarzenia\"],\"inLanguage\":\"ro-RO\",\"potentialAction\":[{\"@type\":\"CommentAction\",\"name\":\"Comment\",\"target\":[\"https:\/\/marekkuchcinski.pl\/ro\/wiesci-z-sejmu\/marek-kuchcinski-zainaugurowal-sejmie-akcje-niepodlegla\/#respond\"]}]},{\"@type\":\"WebPage\",\"@id\":\"https:\/\/marekkuchcinski.pl\/ro\/wiesci-z-sejmu\/marek-kuchcinski-zainaugurowal-sejmie-akcje-niepodlegla\/\",\"url\":\"https:\/\/marekkuchcinski.pl\/ro\/wiesci-z-sejmu\/marek-kuchcinski-zainaugurowal-sejmie-akcje-niepodlegla\/\",\"name\":\"Ruszy\u0142a og\u00f3lnopolska akcja spo\u0142eczna Mamy Niepodleg\u0142\u0105! &#8211; Marek Kuchci\u0144ski\",\"isPartOf\":{\"@id\":\"https:\/\/marekkuchcinski.pl\/#website\"},\"primaryImageOfPage\":{\"@id\":\"https:\/\/marekkuchcinski.pl\/ro\/wiesci-z-sejmu\/marek-kuchcinski-zainaugurowal-sejmie-akcje-niepodlegla\/#primaryimage\"},\"image\":{\"@id\":\"https:\/\/marekkuchcinski.pl\/ro\/wiesci-z-sejmu\/marek-kuchcinski-zainaugurowal-sejmie-akcje-niepodlegla\/#primaryimage\"},\"thumbnailUrl\":\"https:\/\/marekkuchcinski.pl\/wp-content\/uploads\/2018\/11\/DSC_4282-1.jpg\",\"datePublished\":\"2018-11-08T12:25:11+00:00\",\"dateModified\":\"2018-11-09T14:41:16+00:00\",\"breadcrumb\":{\"@id\":\"https:\/\/marekkuchcinski.pl\/ro\/wiesci-z-sejmu\/marek-kuchcinski-zainaugurowal-sejmie-akcje-niepodlegla\/#breadcrumb\"},\"inLanguage\":\"ro-RO\",\"potentialAction\":[{\"@type\":\"ReadAction\",\"target\":[\"https:\/\/marekkuchcinski.pl\/ro\/wiesci-z-sejmu\/marek-kuchcinski-zainaugurowal-sejmie-akcje-niepodlegla\/\"]}]},{\"@type\":\"ImageObject\",\"inLanguage\":\"ro-RO\",\"@id\":\"https:\/\/marekkuchcinski.pl\/ro\/wiesci-z-sejmu\/marek-kuchcinski-zainaugurowal-sejmie-akcje-niepodlegla\/#primaryimage\",\"url\":\"https:\/\/marekkuchcinski.pl\/wp-content\/uploads\/2018\/11\/DSC_4282-1.jpg\",\"contentUrl\":\"https:\/\/marekkuchcinski.pl\/wp-content\/uploads\/2018\/11\/DSC_4282-1.jpg\",\"width\":2048,\"height\":1365},{\"@type\":\"BreadcrumbList\",\"@id\":\"https:\/\/marekkuchcinski.pl\/ro\/wiesci-z-sejmu\/marek-kuchcinski-zainaugurowal-sejmie-akcje-niepodlegla\/#breadcrumb\",\"itemListElement\":[{\"@type\":\"ListItem\",\"position\":1,\"name\":\"Strona g\u0142\u00f3wna\",\"item\":\"https:\/\/marekkuchcinski.pl\/\"},{\"@type\":\"ListItem\",\"position\":2,\"name\":\"Ruszy\u0142a og\u00f3lnopolska akcja spo\u0142eczna Mamy Niepodleg\u0142\u0105!\"}]},{\"@type\":\"WebSite\",\"@id\":\"https:\/\/marekkuchcinski.pl\/#website\",\"url\":\"https:\/\/marekkuchcinski.pl\/\",\"name\":\"Marek Kuchci\u0144ski\",\"description\":\"Pose\u0142 na sejm RP &ndash; okr\u0119g nr 22\",\"publisher\":{\"@id\":\"https:\/\/marekkuchcinski.pl\/#organization\"},\"potentialAction\":[{\"@type\":\"SearchAction\",\"target\":{\"@type\":\"EntryPoint\",\"urlTemplate\":\"https:\/\/marekkuchcinski.pl\/?s={search_term_string}\"},\"query-input\":{\"@type\":\"PropertyValueSpecification\",\"valueRequired\":true,\"valueName\":\"search_term_string\"}}],\"inLanguage\":\"ro-RO\"},{\"@type\":\"Organization\",\"@id\":\"https:\/\/marekkuchcinski.pl\/#organization\",\"name\":\"Marek Kuchci\u0144ski\",\"url\":\"https:\/\/marekkuchcinski.pl\/\",\"logo\":{\"@type\":\"ImageObject\",\"inLanguage\":\"ro-RO\",\"@id\":\"https:\/\/marekkuchcinski.pl\/#\/schema\/logo\/image\/\",\"url\":\"https:\/\/marekkuchcinski.pl\/wp-content\/uploads\/2022\/09\/Marek.jpg\",\"contentUrl\":\"https:\/\/marekkuchcinski.pl\/wp-content\/uploads\/2022\/09\/Marek.jpg\",\"width\":1600,\"height\":971,\"caption\":\"Marek Kuchci\u0144ski\"},\"image\":{\"@id\":\"https:\/\/marekkuchcinski.pl\/#\/schema\/logo\/image\/\"}},{\"@type\":\"Person\",\"@id\":\"https:\/\/marekkuchcinski.pl\/#\/schema\/person\/6f62700996b4d950b6ea2d1183b6c6be\",\"name\":\"admin\",\"image\":{\"@type\":\"ImageObject\",\"inLanguage\":\"ro-RO\",\"@id\":\"https:\/\/marekkuchcinski.pl\/#\/schema\/person\/image\/\",\"url\":\"https:\/\/secure.gravatar.com\/avatar\/4bab693b9d55c3d6b52c0296a8765085?s=96&d=mm&r=g\",\"contentUrl\":\"https:\/\/secure.gravatar.com\/avatar\/4bab693b9d55c3d6b52c0296a8765085?s=96&d=mm&r=g\",\"caption\":\"admin\"},\"url\":\"https:\/\/marekkuchcinski.pl\/ro\/author\/marta-olejnik\/\"}]}<\/script>\n<!-- \/ Yoast SEO plugin. -->","yoast_head_json":{"title":"Ruszy\u0142a og\u00f3lnopolska akcja spo\u0142eczna Mamy Niepodleg\u0142\u0105! &#8211; Marek Kuchci\u0144ski","robots":{"index":"index","follow":"follow","max-snippet":"max-snippet:-1","max-image-preview":"max-image-preview:large","max-video-preview":"max-video-preview:-1"},"canonical":"https:\/\/marekkuchcinski.pl\/ro\/wiesci-z-sejmu\/marek-kuchcinski-zainaugurowal-sejmie-akcje-niepodlegla\/","og_locale":"ro_RO","og_type":"article","og_title":"Ruszy\u0142a og\u00f3lnopolska akcja spo\u0142eczna Mamy Niepodleg\u0142\u0105! &#8211; Marek Kuchci\u0144ski","og_description":"Marsza\u0142ek Sejmu Marek Kuchci\u0144ski zainaugurowa\u0142 akcj\u0119 Mamy Niepodleg\u0142\u0105! organizowan\u0105 przez Fundacj\u0119 Rodziny J\u00f3zefa Pi\u0142sudskiego oraz Muzeum J\u00f3zefa Pi\u0142sudskiego w Sulej\u00f3wku.\u00a0Od pierwszej edycji akcji partnerem strategicznym jest Poczta Polska SA.\u00a0 Akcja polega na radosnym \u015bwi\u0119towaniu kolejnych rocznic odzyskania niepodleg\u0142o\u015bci przez Polsk\u0119. Co roku zapraszamy Polak\u00f3w do wysy\u0142ania bliskim bezp\u0142atnych kartek pocztowych oraz e-kartek z \u017cyczeniami z\u00a0okazji [&hellip;]","og_url":"https:\/\/marekkuchcinski.pl\/ro\/wiesci-z-sejmu\/marek-kuchcinski-zainaugurowal-sejmie-akcje-niepodlegla\/","og_site_name":"Marek Kuchci\u0144ski","article_published_time":"2018-11-08T12:25:11+00:00","article_modified_time":"2018-11-09T14:41:16+00:00","og_image":[{"width":2048,"height":1365,"url":"https:\/\/marekkuchcinski.pl\/wp-content\/uploads\/2018\/11\/DSC_4282-1.jpg","type":"image\/jpeg"}],"author":"admin","twitter_card":"summary_large_image","twitter_misc":{"Scris de":"admin","Timp estimat pentru citire":"1 minute"},"schema":{"@context":"https:\/\/schema.org","@graph":[{"@type":"Article","@id":"https:\/\/marekkuchcinski.pl\/ro\/wiesci-z-sejmu\/marek-kuchcinski-zainaugurowal-sejmie-akcje-niepodlegla\/#article","isPartOf":{"@id":"https:\/\/marekkuchcinski.pl\/ro\/wiesci-z-sejmu\/marek-kuchcinski-zainaugurowal-sejmie-akcje-niepodlegla\/"},"author":{"name":"admin","@id":"https:\/\/marekkuchcinski.pl\/#\/schema\/person\/6f62700996b4d950b6ea2d1183b6c6be"},"headline":"Ruszy\u0142a og\u00f3lnopolska akcja spo\u0142eczna Mamy Niepodleg\u0142\u0105!","datePublished":"2018-11-08T12:25:11+00:00","dateModified":"2018-11-09T14:41:16+00:00","mainEntityOfPage":{"@id":"https:\/\/marekkuchcinski.pl\/ro\/wiesci-z-sejmu\/marek-kuchcinski-zainaugurowal-sejmie-akcje-niepodlegla\/"},"wordCount":251,"commentCount":0,"publisher":{"@id":"https:\/\/marekkuchcinski.pl\/#organization"},"image":{"@id":"https:\/\/marekkuchcinski.pl\/ro\/wiesci-z-sejmu\/marek-kuchcinski-zainaugurowal-sejmie-akcje-niepodlegla\/#primaryimage"},"thumbnailUrl":"https:\/\/marekkuchcinski.pl\/wp-content\/uploads\/2018\/11\/DSC_4282-1.jpg","articleSection":["Wa\u017cne daty","Wie\u015bci z Sejmu","Wydarzenia"],"inLanguage":"ro-RO","potentialAction":[{"@type":"CommentAction","name":"Comment","target":["https:\/\/marekkuchcinski.pl\/ro\/wiesci-z-sejmu\/marek-kuchcinski-zainaugurowal-sejmie-akcje-niepodlegla\/#respond"]}]},{"@type":"WebPage","@id":"https:\/\/marekkuchcinski.pl\/ro\/wiesci-z-sejmu\/marek-kuchcinski-zainaugurowal-sejmie-akcje-niepodlegla\/","url":"https:\/\/marekkuchcinski.pl\/ro\/wiesci-z-sejmu\/marek-kuchcinski-zainaugurowal-sejmie-akcje-niepodlegla\/","name":"Ruszy\u0142a og\u00f3lnopolska akcja spo\u0142eczna Mamy Niepodleg\u0142\u0105! &#8211; Marek Kuchci\u0144ski","isPartOf":{"@id":"https:\/\/marekkuchcinski.pl\/#website"},"primaryImageOfPage":{"@id":"https:\/\/marekkuchcinski.pl\/ro\/wiesci-z-sejmu\/marek-kuchcinski-zainaugurowal-sejmie-akcje-niepodlegla\/#primaryimage"},"image":{"@id":"https:\/\/marekkuchcinski.pl\/ro\/wiesci-z-sejmu\/marek-kuchcinski-zainaugurowal-sejmie-akcje-niepodlegla\/#primaryimage"},"thumbnailUrl":"https:\/\/marekkuchcinski.pl\/wp-content\/uploads\/2018\/11\/DSC_4282-1.jpg","datePublished":"2018-11-08T12:25:11+00:00","dateModified":"2018-11-09T14:41:16+00:00","breadcrumb":{"@id":"https:\/\/marekkuchcinski.pl\/ro\/wiesci-z-sejmu\/marek-kuchcinski-zainaugurowal-sejmie-akcje-niepodlegla\/#breadcrumb"},"inLanguage":"ro-RO","potentialAction":[{"@type":"ReadAction","target":["https:\/\/marekkuchcinski.pl\/ro\/wiesci-z-sejmu\/marek-kuchcinski-zainaugurowal-sejmie-akcje-niepodlegla\/"]}]},{"@type":"ImageObject","inLanguage":"ro-RO","@id":"https:\/\/marekkuchcinski.pl\/ro\/wiesci-z-sejmu\/marek-kuchcinski-zainaugurowal-sejmie-akcje-niepodlegla\/#primaryimage","url":"https:\/\/marekkuchcinski.pl\/wp-content\/uploads\/2018\/11\/DSC_4282-1.jpg","contentUrl":"https:\/\/marekkuchcinski.pl\/wp-content\/uploads\/2018\/11\/DSC_4282-1.jpg","width":2048,"height":1365},{"@type":"BreadcrumbList","@id":"https:\/\/marekkuchcinski.pl\/ro\/wiesci-z-sejmu\/marek-kuchcinski-zainaugurowal-sejmie-akcje-niepodlegla\/#breadcrumb","itemListElement":[{"@type":"ListItem","position":1,"name":"Strona g\u0142\u00f3wna","item":"https:\/\/marekkuchcinski.pl\/"},{"@type":"ListItem","position":2,"name":"Ruszy\u0142a og\u00f3lnopolska akcja spo\u0142eczna Mamy Niepodleg\u0142\u0105!"}]},{"@type":"WebSite","@id":"https:\/\/marekkuchcinski.pl\/#website","url":"https:\/\/marekkuchcinski.pl\/","name":"Marek Kuchci\u0144ski","description":"Pose\u0142 na sejm RP &ndash; okr\u0119g nr 22","publisher":{"@id":"https:\/\/marekkuchcinski.pl\/#organization"},"potentialAction":[{"@type":"SearchAction","target":{"@type":"EntryPoint","urlTemplate":"https:\/\/marekkuchcinski.pl\/?s={search_term_string}"},"query-input":{"@type":"PropertyValueSpecification","valueRequired":true,"valueName":"search_term_string"}}],"inLanguage":"ro-RO"},{"@type":"Organization","@id":"https:\/\/marekkuchcinski.pl\/#organization","name":"Marek Kuchci\u0144ski","url":"https:\/\/marekkuchcinski.pl\/","logo":{"@type":"ImageObject","inLanguage":"ro-RO","@id":"https:\/\/marekkuchcinski.pl\/#\/schema\/logo\/image\/","url":"https:\/\/marekkuchcinski.pl\/wp-content\/uploads\/2022\/09\/Marek.jpg","contentUrl":"https:\/\/marekkuchcinski.pl\/wp-content\/uploads\/2022\/09\/Marek.jpg","width":1600,"height":971,"caption":"Marek Kuchci\u0144ski"},"image":{"@id":"https:\/\/marekkuchcinski.pl\/#\/schema\/logo\/image\/"}},{"@type":"Person","@id":"https:\/\/marekkuchcinski.pl\/#\/schema\/person\/6f62700996b4d950b6ea2d1183b6c6be","name":"admin","image":{"@type":"ImageObject","inLanguage":"ro-RO","@id":"https:\/\/marekkuchcinski.pl\/#\/schema\/person\/image\/","url":"https:\/\/secure.gravatar.com\/avatar\/4bab693b9d55c3d6b52c0296a8765085?s=96&d=mm&r=g","contentUrl":"https:\/\/secure.gravatar.com\/avatar\/4bab693b9d55c3d6b52c0296a8765085?s=96&d=mm&r=g","caption":"admin"},"url":"https:\/\/marekkuchcinski.pl\/ro\/author\/marta-olejnik\/"}]}},"_links":{"self":[{"href":"https:\/\/marekkuchcinski.pl\/ro\/wp-json\/wp\/v2\/posts\/10587","targetHints":{"allow":["GET"]}}],"collection":[{"href":"https:\/\/marekkuchcinski.pl\/ro\/wp-json\/wp\/v2\/posts"}],"about":[{"href":"https:\/\/marekkuchcinski.pl\/ro\/wp-json\/wp\/v2\/types\/post"}],"author":[{"embeddable":true,"href":"https:\/\/marekkuchcinski.pl\/ro\/wp-json\/wp\/v2\/users\/6"}],"replies":[{"embeddable":true,"href":"https:\/\/marekkuchcinski.pl\/ro\/wp-json\/wp\/v2\/comments?post=10587"}],"version-history":[{"count":7,"href":"https:\/\/marekkuchcinski.pl\/ro\/wp-json\/wp\/v2\/posts\/10587\/revisions"}],"predecessor-version":[{"id":10632,"href":"https:\/\/marekkuchcinski.pl\/ro\/wp-json\/wp\/v2\/posts\/10587\/revisions\/10632"}],"wp:featuredmedia":[{"embeddable":true,"href":"https:\/\/marekkuchcinski.pl\/ro\/wp-json\/wp\/v2\/media\/10633"}],"wp:attachment":[{"href":"https:\/\/marekkuchcinski.pl\/ro\/wp-json\/wp\/v2\/media?parent=10587"}],"wp:term":[{"taxonomy":"category","embeddable":true,"href":"https:\/\/marekkuchcinski.pl\/ro\/wp-json\/wp\/v2\/categories?post=10587"},{"taxonomy":"post_tag","embeddable":true,"href":"https:\/\/marekkuchcinski.pl\/ro\/wp-json\/wp\/v2\/tags?post=10587"}],"curies":[{"name":"wp","href":"https:\/\/api.w.org\/{rel}","templated":true}]}}