{"id":10565,"date":"2018-11-07T15:42:34","date_gmt":"2018-11-07T14:42:34","guid":{"rendered":"https:\/\/marekkuchcinski.pl\/?p=10565"},"modified":"2018-11-07T15:42:34","modified_gmt":"2018-11-07T14:42:34","slug":"polska-stronie-niepodleglej-suwerennej-gruzji-wizyta-marszalka-sejmu-tbilisi","status":"publish","type":"post","link":"https:\/\/marekkuchcinski.pl\/ro\/wspolpraca-miedzynarodowa\/polska-stronie-niepodleglej-suwerennej-gruzji-wizyta-marszalka-sejmu-tbilisi\/","title":{"rendered":"\"Polonia de partea Georgiei independente \u0219i suverane\". Vizita pre\u0219edintelui Sejm-ului la Tbilisi"},"content":{"rendered":"<p dir=\"ltr\">Semnarea Statutului Adun\u0103rii Parlamentare a Poloniei \u0219i Georgiei a fost punctul culminant al vizitei de dou\u0103 zile (5 - 6 noiembrie) la Tbilisi a pre\u0219edintelui Sejm, Marek Kuchci\u0144ski. Din delega\u021bie au f\u0103cut parte \u0219i parlamentari-membri ai Delega\u021biei Sejm \u0219i Senatului la Adunarea Parlamentar\u0103 a celor dou\u0103 \u021b\u0103ri: vicepre\u0219edintele Senatului Maria Koc \u0219i deputa\u021bii Ma\u0142gorzata Gosiewska, Magdalena Kochan \u0219i Bartosz J\u00f3zwiak. De asemenea, Sejm-ul a fost reprezentat de Agnieszka Kaczmarska, \u0219efa Cancelariei. Partea polonez\u0103 a fost completat\u0103, printre al\u021bii, de ministrul adjunct al afacerilor externe, Szymon Szynkowski vel S\u0119k, \u0219i de Jan Malicki, directorul departamentului de studii privind Europa de Est de la Universitatea din Var\u0219ovia.<\/p>\n<p dir=\"ltr\">Luni, delega\u021bia s-a deplasat la sediul Parlamentului, unde pre\u0219edintele Sejm-ului s-a \u00eent\u00e2lnit cu pre\u0219edintele Irakli Kobakhidze. Politicienii au discutat despre cooperarea politic\u0103, economic\u0103, educa\u021bional\u0103 \u0219i cultural\u0103 polono-georgian\u0103. Pre\u0219edintele Sejm-ului a men\u021bionat c\u0103 Polonia se opune oric\u0103ror ac\u021biuni care \u00eencalc\u0103 frontierele de stat \u0219i a prezentat pre\u0219edintelui Parlamentului georgian o rezolu\u021bie pe care Sejm-ul a folosit-o pentru a comemora cea de-a zecea aniversare a Republicii Georgiene \u00een luna octombrie a acestui an. Sejm-ul a comemorat cea de-a zecea aniversare a agresiunii ruse\u0219ti \u00eempotriva Georgiei. Pre\u0219edintele Kobakhidze a mul\u021bumit pentru rezolu\u021bie \u0219i a subliniat c\u0103, pentru Tbilisi, aprofundarea cooper\u0103rii cu Var\u0219ovia este o prioritate. - Polonezii \u0219i georgienii sunt lega\u021bi prin rela\u021bii interpersonale \u0219i istorice speciale. Acesta este fundamentul cooper\u0103rii noastre\", a spus el.<\/p>\n<p dir=\"ltr\">\u0218efii celor dou\u0103 camere au semnat statutul Adun\u0103rii Parlamentare a Republicii \u0219i Georgiei \u0219i apoi s-au \u00eent\u00e2lnit pentru o conferin\u021b\u0103 de pres\u0103. - Astfel de acorduri sunt \u00eencheiate de Sejm \u0219i de Senat \u00een cazuri excep\u021bionale \u0219i numai cu \u021b\u0103ri prietene. Prietenia noastr\u0103 dureaz\u0103 de o sut\u0103 de ani, iar noi \u00eei consolid\u0103m institu\u021bional bazele solide\", a declarat pre\u0219edintele Kuchci\u0144ski. Adunarea, care a fost \u00eenfiin\u021bat\u0103 de Sejm, Senat \u0219i Parlamentul Georgiei \u00een martie 2018, va examina chestiuni de interes pentru parlamentele celor dou\u0103 \u021b\u0103ri \u0219i va adopta pozi\u021bii comune \u00een acest sens.<\/p>\n<p dir=\"ltr\">\u00cen timpul vizitei sale \u00een Parlamentul georgian, ministrul Agnieszka Kaczmarska s-a \u00eent\u00e2lnit cu secretarul general al Parlamentului georgian, Givi Mikanadze.<\/p>\n<p dir=\"ltr\">La sediul Bibliotecii Na\u021bionale, \u00een prezen\u021ba unei mari adun\u0103ri a comunit\u0103\u021bii poloneze locale, \u0219efii celor dou\u0103 Camere au luat parte la ceremonia de deschidere a Bibliotecii Poloneze. - 'Suntem uni\u021bi de valori \u0219i obiective precum libertatea \u0219i independen\u021ba', a declarat Marek Kuchci\u0144ski, amintind de sosirea la Tbilisi a pre\u0219edintelui Lech Kaczy\u0144ski \u0219i a altor lideri europeni \u00een 2008 \u0219i de sprijinul pe care ace\u0219tia l-au acordat Georgiei la acea vreme \u00een conflictul s\u0103u cu Rusia. Dup\u0103 cum a remarcat pre\u0219edintele Kobakhidze, deschiderea bibliotecii este o dovad\u0103 a aprofund\u0103rii rela\u021biilor polono-georgiene. De asemenea, \u00een timpul ceremoniei de deschidere a Institutului Polonez, care a avut loc \u00een Parlament, Marek Kuchci\u0144ski \u0219i Irakli Kobakhidze au subliniat rela\u021biile de prietenie dintre cele dou\u0103 \u021b\u0103ri, \u00een timp ce adjunctul \u0219efului Ministerului Afacerilor Externe, Szymon Szynkowski vel S\u0119k, a remarcat c\u0103 lansarea Institutului este un alt pas care consolideaz\u0103 prietenia durabil\u0103 dintre Polonia \u0219i Georgia. Ambasadorul Poloniei \u00een Georgia, Mariusz Maszkiewicz, \u0219i Lech Ko\u0144czak, directorul Institutului Polonez din Tbilisi, au luat, de asemenea, cuv\u00e2ntul \u00een cadrul ceremoniei.<\/p>\n<p dir=\"ltr\">Mar\u021bi, pre\u0219edintele Sejm-ului, \u00eempreun\u0103 cu o delega\u021bie polonez\u0103, a depus o coroan\u0103 de flori \u00een fa\u021ba monumentului regretatului pre\u0219edinte Lech Kaczynski \u0219i a adus un omagiu eroilor care au c\u0103zut pentru unitatea Georgiei. La Tbilisi, Marek Kuchcinski a participat, de asemenea, la dezvelirea pl\u0103cii Institutului Polonez de la Ambasada Poloniei. - '\u00cei dorim Georgiei succes \u00een consolidarea suveranit\u0103\u021bii sale \u0219i \u00een eforturile de integrare cu Europa', a declarat mare\u0219alul Kuchci\u0144ski. Delega\u021bia polonez\u0103 s-a deplasat apoi la Odzisi, unde a vizitat linia de demarca\u021bie cu teritoriul ocupat din 2008 de trupele ruse\u0219ti. Vorbind cu presa, pre\u0219edintele Sejm-ului a subliniat c\u0103 Polonia este invariabil \u00een dezacord cu anexarea de c\u0103tre Rusia a teritoriilor georgiene. - Restituirea teritoriilor confiscate ca urmare a agresiunii trebuie s\u0103 fie cerut\u0103 cu fermitate. Am venit aici pentru a ne exprima solidaritatea cu statul georgian.<\/p>\n<p dir=\"ltr\">La \u00eentoarcerea sa la Tbilisi, Marek Kuchcinski s-a \u00eent\u00e2lnit cu Ilie al II-lea, Catholicos-Patriarh, conduc\u0103torul Bisericii Ortodoxe Georgiene. - \u00cen \u021bara mea natal\u0103, Biserica a fost \u00eentotdeauna pro-stat \u0219i pro-na\u021bional. Iar atunci c\u00e2nd statul lipsea de pe hart\u0103, chiar \u00eel \u00eenlocuia \u00eentr-o anumit\u0103 m\u0103sur\u0103. La fel a fost \u0219i \u00een Georgia. \u00cei prezint cele mai \u00eenalte omagii. Polonia a fost \u00eentotdeauna, este \u0219i va fi \u00eentotdeauna de partea unei Georgii independente \u0219i suverane\", a declarat Marek Kuchci\u0144ski.<\/p>\n<p>http:\/\/www.sejm.gov.pl\/Sejm8.nsf\/komunikat.xsp?documentId=C2F2E557D02768E9C125833D003DD522<\/p>","protected":false},"excerpt":{"rendered":"<p>Podpisanie statutu Zgromadzenia Parlamentarnego Polski i Gruzji by\u0142o g\u0142\u00f3wnym punktem dwudniowej (5 \u2013 6 listopada) wizyty marsza\u0142ka Sejmu Marek Kuchci\u0144skiego w Tbilisi. W delegacji uczestniczyli r\u00f3wnie\u017c parlamentarzy\u015bci-cz\u0142onkowie Delegacji Sejmu i Senatu do Zgromadzenia Parlamentarnego obu pa\u0144stw: wicemarsza\u0142ek Senatu Maria Koc oraz pos\u0142owie Ma\u0142gorzata Gosiewska, Magdalena Kochan i Bartosz J\u00f3zwiak. Sejm reprezentowa\u0142a tak\u017ce Agnieszka Kaczmarska, szef [&hellip;]<\/p>","protected":false},"author":6,"featured_media":10566,"comment_status":"open","ping_status":"open","sticky":false,"template":"","format":"standard","meta":{"ngg_post_thumbnail":0,"footnotes":""},"categories":[50],"tags":[],"class_list":["post-10565","post","type-post","status-publish","format-standard","has-post-thumbnail","hentry","category-wspolpraca-miedzynarodowa"],"yoast_head":"<!-- This site is optimized with the Yoast SEO plugin v24.7 - https:\/\/yoast.com\/wordpress\/plugins\/seo\/ -->\n<title>\u201ePolska po stronie niepodleg\u0142ej i suwerennej Gruzji\u201d. Wizyta Marsza\u0142ka Sejmu w Tbilisi &#8211; Marek Kuchci\u0144ski<\/title>\n<meta name=\"robots\" content=\"index, follow, max-snippet:-1, max-image-preview:large, max-video-preview:-1\" \/>\n<link rel=\"canonical\" href=\"https:\/\/marekkuchcinski.pl\/ro\/wspolpraca-miedzynarodowa\/polska-stronie-niepodleglej-suwerennej-gruzji-wizyta-marszalka-sejmu-tbilisi\/\" \/>\n<meta property=\"og:locale\" content=\"ro_RO\" \/>\n<meta property=\"og:type\" content=\"article\" \/>\n<meta property=\"og:title\" content=\"\u201ePolska po stronie niepodleg\u0142ej i suwerennej Gruzji\u201d. Wizyta Marsza\u0142ka Sejmu w Tbilisi &#8211; Marek Kuchci\u0144ski\" \/>\n<meta property=\"og:description\" content=\"Podpisanie statutu Zgromadzenia Parlamentarnego Polski i Gruzji by\u0142o g\u0142\u00f3wnym punktem dwudniowej (5 \u2013 6 listopada) wizyty marsza\u0142ka Sejmu Marek Kuchci\u0144skiego w Tbilisi. W delegacji uczestniczyli r\u00f3wnie\u017c parlamentarzy\u015bci-cz\u0142onkowie Delegacji Sejmu i Senatu do Zgromadzenia Parlamentarnego obu pa\u0144stw: wicemarsza\u0142ek Senatu Maria Koc oraz pos\u0142owie Ma\u0142gorzata Gosiewska, Magdalena Kochan i Bartosz J\u00f3zwiak. Sejm reprezentowa\u0142a tak\u017ce Agnieszka Kaczmarska, szef [&hellip;]\" \/>\n<meta property=\"og:url\" content=\"https:\/\/marekkuchcinski.pl\/ro\/wspolpraca-miedzynarodowa\/polska-stronie-niepodleglej-suwerennej-gruzji-wizyta-marszalka-sejmu-tbilisi\/\" \/>\n<meta property=\"og:site_name\" content=\"Marek Kuchci\u0144ski\" \/>\n<meta property=\"article:published_time\" content=\"2018-11-07T14:42:34+00:00\" \/>\n<meta property=\"og:image\" content=\"https:\/\/marekkuchcinski.pl\/wp-content\/uploads\/2018\/11\/Gruzja-1.jpg\" \/>\n\t<meta property=\"og:image:width\" content=\"1052\" \/>\n\t<meta property=\"og:image:height\" content=\"658\" \/>\n\t<meta property=\"og:image:type\" content=\"image\/jpeg\" \/>\n<meta name=\"author\" content=\"admin\" \/>\n<meta name=\"twitter:card\" content=\"summary_large_image\" \/>\n<meta name=\"twitter:label1\" content=\"Scris de\" \/>\n\t<meta name=\"twitter:data1\" content=\"admin\" \/>\n\t<meta name=\"twitter:label2\" content=\"Timp estimat pentru citire\" \/>\n\t<meta name=\"twitter:data2\" content=\"4 minutes\" \/>\n<script type=\"application\/ld+json\" class=\"yoast-schema-graph\">{\"@context\":\"https:\/\/schema.org\",\"@graph\":[{\"@type\":\"Article\",\"@id\":\"https:\/\/marekkuchcinski.pl\/cs\/wspolpraca-miedzynarodowa\/polska-stronie-niepodleglej-suwerennej-gruzji-wizyta-marszalka-sejmu-tbilisi\/#article\",\"isPartOf\":{\"@id\":\"https:\/\/marekkuchcinski.pl\/cs\/wspolpraca-miedzynarodowa\/polska-stronie-niepodleglej-suwerennej-gruzji-wizyta-marszalka-sejmu-tbilisi\/\"},\"author\":{\"name\":\"admin\",\"@id\":\"https:\/\/marekkuchcinski.pl\/#\/schema\/person\/6f62700996b4d950b6ea2d1183b6c6be\"},\"headline\":\"\u201ePolska po stronie niepodleg\u0142ej i suwerennej Gruzji\u201d. Wizyta Marsza\u0142ka Sejmu w Tbilisi\",\"datePublished\":\"2018-11-07T14:42:34+00:00\",\"mainEntityOfPage\":{\"@id\":\"https:\/\/marekkuchcinski.pl\/cs\/wspolpraca-miedzynarodowa\/polska-stronie-niepodleglej-suwerennej-gruzji-wizyta-marszalka-sejmu-tbilisi\/\"},\"wordCount\":723,\"commentCount\":0,\"publisher\":{\"@id\":\"https:\/\/marekkuchcinski.pl\/#organization\"},\"image\":{\"@id\":\"https:\/\/marekkuchcinski.pl\/cs\/wspolpraca-miedzynarodowa\/polska-stronie-niepodleglej-suwerennej-gruzji-wizyta-marszalka-sejmu-tbilisi\/#primaryimage\"},\"thumbnailUrl\":\"https:\/\/marekkuchcinski.pl\/wp-content\/uploads\/2018\/11\/Gruzja-1.jpg\",\"articleSection\":[\"Wsp\u00f3\u0142praca mi\u0119dzynarodowa\"],\"inLanguage\":\"ro-RO\",\"potentialAction\":[{\"@type\":\"CommentAction\",\"name\":\"Comment\",\"target\":[\"https:\/\/marekkuchcinski.pl\/cs\/wspolpraca-miedzynarodowa\/polska-stronie-niepodleglej-suwerennej-gruzji-wizyta-marszalka-sejmu-tbilisi\/#respond\"]}]},{\"@type\":\"WebPage\",\"@id\":\"https:\/\/marekkuchcinski.pl\/cs\/wspolpraca-miedzynarodowa\/polska-stronie-niepodleglej-suwerennej-gruzji-wizyta-marszalka-sejmu-tbilisi\/\",\"url\":\"https:\/\/marekkuchcinski.pl\/cs\/wspolpraca-miedzynarodowa\/polska-stronie-niepodleglej-suwerennej-gruzji-wizyta-marszalka-sejmu-tbilisi\/\",\"name\":\"\u201ePolska po stronie niepodleg\u0142ej i suwerennej Gruzji\u201d. Wizyta Marsza\u0142ka Sejmu w Tbilisi &#8211; Marek Kuchci\u0144ski\",\"isPartOf\":{\"@id\":\"https:\/\/marekkuchcinski.pl\/#website\"},\"primaryImageOfPage\":{\"@id\":\"https:\/\/marekkuchcinski.pl\/cs\/wspolpraca-miedzynarodowa\/polska-stronie-niepodleglej-suwerennej-gruzji-wizyta-marszalka-sejmu-tbilisi\/#primaryimage\"},\"image\":{\"@id\":\"https:\/\/marekkuchcinski.pl\/cs\/wspolpraca-miedzynarodowa\/polska-stronie-niepodleglej-suwerennej-gruzji-wizyta-marszalka-sejmu-tbilisi\/#primaryimage\"},\"thumbnailUrl\":\"https:\/\/marekkuchcinski.pl\/wp-content\/uploads\/2018\/11\/Gruzja-1.jpg\",\"datePublished\":\"2018-11-07T14:42:34+00:00\",\"breadcrumb\":{\"@id\":\"https:\/\/marekkuchcinski.pl\/cs\/wspolpraca-miedzynarodowa\/polska-stronie-niepodleglej-suwerennej-gruzji-wizyta-marszalka-sejmu-tbilisi\/#breadcrumb\"},\"inLanguage\":\"ro-RO\",\"potentialAction\":[{\"@type\":\"ReadAction\",\"target\":[\"https:\/\/marekkuchcinski.pl\/cs\/wspolpraca-miedzynarodowa\/polska-stronie-niepodleglej-suwerennej-gruzji-wizyta-marszalka-sejmu-tbilisi\/\"]}]},{\"@type\":\"ImageObject\",\"inLanguage\":\"ro-RO\",\"@id\":\"https:\/\/marekkuchcinski.pl\/cs\/wspolpraca-miedzynarodowa\/polska-stronie-niepodleglej-suwerennej-gruzji-wizyta-marszalka-sejmu-tbilisi\/#primaryimage\",\"url\":\"https:\/\/marekkuchcinski.pl\/wp-content\/uploads\/2018\/11\/Gruzja-1.jpg\",\"contentUrl\":\"https:\/\/marekkuchcinski.pl\/wp-content\/uploads\/2018\/11\/Gruzja-1.jpg\",\"width\":1052,\"height\":658},{\"@type\":\"BreadcrumbList\",\"@id\":\"https:\/\/marekkuchcinski.pl\/cs\/wspolpraca-miedzynarodowa\/polska-stronie-niepodleglej-suwerennej-gruzji-wizyta-marszalka-sejmu-tbilisi\/#breadcrumb\",\"itemListElement\":[{\"@type\":\"ListItem\",\"position\":1,\"name\":\"Strona g\u0142\u00f3wna\",\"item\":\"https:\/\/marekkuchcinski.pl\/\"},{\"@type\":\"ListItem\",\"position\":2,\"name\":\"\u201ePolska po stronie niepodleg\u0142ej i suwerennej Gruzji\u201d. Wizyta Marsza\u0142ka Sejmu w Tbilisi\"}]},{\"@type\":\"WebSite\",\"@id\":\"https:\/\/marekkuchcinski.pl\/#website\",\"url\":\"https:\/\/marekkuchcinski.pl\/\",\"name\":\"Marek Kuchci\u0144ski\",\"description\":\"Pose\u0142 na sejm RP &ndash; okr\u0119g nr 22\",\"publisher\":{\"@id\":\"https:\/\/marekkuchcinski.pl\/#organization\"},\"potentialAction\":[{\"@type\":\"SearchAction\",\"target\":{\"@type\":\"EntryPoint\",\"urlTemplate\":\"https:\/\/marekkuchcinski.pl\/?s={search_term_string}\"},\"query-input\":{\"@type\":\"PropertyValueSpecification\",\"valueRequired\":true,\"valueName\":\"search_term_string\"}}],\"inLanguage\":\"ro-RO\"},{\"@type\":\"Organization\",\"@id\":\"https:\/\/marekkuchcinski.pl\/#organization\",\"name\":\"Marek Kuchci\u0144ski\",\"url\":\"https:\/\/marekkuchcinski.pl\/\",\"logo\":{\"@type\":\"ImageObject\",\"inLanguage\":\"ro-RO\",\"@id\":\"https:\/\/marekkuchcinski.pl\/#\/schema\/logo\/image\/\",\"url\":\"https:\/\/marekkuchcinski.pl\/wp-content\/uploads\/2022\/09\/Marek.jpg\",\"contentUrl\":\"https:\/\/marekkuchcinski.pl\/wp-content\/uploads\/2022\/09\/Marek.jpg\",\"width\":1600,\"height\":971,\"caption\":\"Marek Kuchci\u0144ski\"},\"image\":{\"@id\":\"https:\/\/marekkuchcinski.pl\/#\/schema\/logo\/image\/\"}},{\"@type\":\"Person\",\"@id\":\"https:\/\/marekkuchcinski.pl\/#\/schema\/person\/6f62700996b4d950b6ea2d1183b6c6be\",\"name\":\"admin\",\"image\":{\"@type\":\"ImageObject\",\"inLanguage\":\"ro-RO\",\"@id\":\"https:\/\/marekkuchcinski.pl\/#\/schema\/person\/image\/\",\"url\":\"https:\/\/secure.gravatar.com\/avatar\/4bab693b9d55c3d6b52c0296a8765085?s=96&d=mm&r=g\",\"contentUrl\":\"https:\/\/secure.gravatar.com\/avatar\/4bab693b9d55c3d6b52c0296a8765085?s=96&d=mm&r=g\",\"caption\":\"admin\"},\"url\":\"https:\/\/marekkuchcinski.pl\/ro\/author\/marta-olejnik\/\"}]}<\/script>\n<!-- \/ Yoast SEO plugin. -->","yoast_head_json":{"title":"\u201ePolska po stronie niepodleg\u0142ej i suwerennej Gruzji\u201d. Wizyta Marsza\u0142ka Sejmu w Tbilisi &#8211; Marek Kuchci\u0144ski","robots":{"index":"index","follow":"follow","max-snippet":"max-snippet:-1","max-image-preview":"max-image-preview:large","max-video-preview":"max-video-preview:-1"},"canonical":"https:\/\/marekkuchcinski.pl\/ro\/wspolpraca-miedzynarodowa\/polska-stronie-niepodleglej-suwerennej-gruzji-wizyta-marszalka-sejmu-tbilisi\/","og_locale":"ro_RO","og_type":"article","og_title":"\u201ePolska po stronie niepodleg\u0142ej i suwerennej Gruzji\u201d. Wizyta Marsza\u0142ka Sejmu w Tbilisi &#8211; Marek Kuchci\u0144ski","og_description":"Podpisanie statutu Zgromadzenia Parlamentarnego Polski i Gruzji by\u0142o g\u0142\u00f3wnym punktem dwudniowej (5 \u2013 6 listopada) wizyty marsza\u0142ka Sejmu Marek Kuchci\u0144skiego w Tbilisi. W delegacji uczestniczyli r\u00f3wnie\u017c parlamentarzy\u015bci-cz\u0142onkowie Delegacji Sejmu i Senatu do Zgromadzenia Parlamentarnego obu pa\u0144stw: wicemarsza\u0142ek Senatu Maria Koc oraz pos\u0142owie Ma\u0142gorzata Gosiewska, Magdalena Kochan i Bartosz J\u00f3zwiak. Sejm reprezentowa\u0142a tak\u017ce Agnieszka Kaczmarska, szef [&hellip;]","og_url":"https:\/\/marekkuchcinski.pl\/ro\/wspolpraca-miedzynarodowa\/polska-stronie-niepodleglej-suwerennej-gruzji-wizyta-marszalka-sejmu-tbilisi\/","og_site_name":"Marek Kuchci\u0144ski","article_published_time":"2018-11-07T14:42:34+00:00","og_image":[{"width":1052,"height":658,"url":"https:\/\/marekkuchcinski.pl\/wp-content\/uploads\/2018\/11\/Gruzja-1.jpg","type":"image\/jpeg"}],"author":"admin","twitter_card":"summary_large_image","twitter_misc":{"Scris de":"admin","Timp estimat pentru citire":"4 minutes"},"schema":{"@context":"https:\/\/schema.org","@graph":[{"@type":"Article","@id":"https:\/\/marekkuchcinski.pl\/cs\/wspolpraca-miedzynarodowa\/polska-stronie-niepodleglej-suwerennej-gruzji-wizyta-marszalka-sejmu-tbilisi\/#article","isPartOf":{"@id":"https:\/\/marekkuchcinski.pl\/cs\/wspolpraca-miedzynarodowa\/polska-stronie-niepodleglej-suwerennej-gruzji-wizyta-marszalka-sejmu-tbilisi\/"},"author":{"name":"admin","@id":"https:\/\/marekkuchcinski.pl\/#\/schema\/person\/6f62700996b4d950b6ea2d1183b6c6be"},"headline":"\u201ePolska po stronie niepodleg\u0142ej i suwerennej Gruzji\u201d. Wizyta Marsza\u0142ka Sejmu w Tbilisi","datePublished":"2018-11-07T14:42:34+00:00","mainEntityOfPage":{"@id":"https:\/\/marekkuchcinski.pl\/cs\/wspolpraca-miedzynarodowa\/polska-stronie-niepodleglej-suwerennej-gruzji-wizyta-marszalka-sejmu-tbilisi\/"},"wordCount":723,"commentCount":0,"publisher":{"@id":"https:\/\/marekkuchcinski.pl\/#organization"},"image":{"@id":"https:\/\/marekkuchcinski.pl\/cs\/wspolpraca-miedzynarodowa\/polska-stronie-niepodleglej-suwerennej-gruzji-wizyta-marszalka-sejmu-tbilisi\/#primaryimage"},"thumbnailUrl":"https:\/\/marekkuchcinski.pl\/wp-content\/uploads\/2018\/11\/Gruzja-1.jpg","articleSection":["Wsp\u00f3\u0142praca mi\u0119dzynarodowa"],"inLanguage":"ro-RO","potentialAction":[{"@type":"CommentAction","name":"Comment","target":["https:\/\/marekkuchcinski.pl\/cs\/wspolpraca-miedzynarodowa\/polska-stronie-niepodleglej-suwerennej-gruzji-wizyta-marszalka-sejmu-tbilisi\/#respond"]}]},{"@type":"WebPage","@id":"https:\/\/marekkuchcinski.pl\/cs\/wspolpraca-miedzynarodowa\/polska-stronie-niepodleglej-suwerennej-gruzji-wizyta-marszalka-sejmu-tbilisi\/","url":"https:\/\/marekkuchcinski.pl\/cs\/wspolpraca-miedzynarodowa\/polska-stronie-niepodleglej-suwerennej-gruzji-wizyta-marszalka-sejmu-tbilisi\/","name":"\u201ePolska po stronie niepodleg\u0142ej i suwerennej Gruzji\u201d. Wizyta Marsza\u0142ka Sejmu w Tbilisi &#8211; Marek Kuchci\u0144ski","isPartOf":{"@id":"https:\/\/marekkuchcinski.pl\/#website"},"primaryImageOfPage":{"@id":"https:\/\/marekkuchcinski.pl\/cs\/wspolpraca-miedzynarodowa\/polska-stronie-niepodleglej-suwerennej-gruzji-wizyta-marszalka-sejmu-tbilisi\/#primaryimage"},"image":{"@id":"https:\/\/marekkuchcinski.pl\/cs\/wspolpraca-miedzynarodowa\/polska-stronie-niepodleglej-suwerennej-gruzji-wizyta-marszalka-sejmu-tbilisi\/#primaryimage"},"thumbnailUrl":"https:\/\/marekkuchcinski.pl\/wp-content\/uploads\/2018\/11\/Gruzja-1.jpg","datePublished":"2018-11-07T14:42:34+00:00","breadcrumb":{"@id":"https:\/\/marekkuchcinski.pl\/cs\/wspolpraca-miedzynarodowa\/polska-stronie-niepodleglej-suwerennej-gruzji-wizyta-marszalka-sejmu-tbilisi\/#breadcrumb"},"inLanguage":"ro-RO","potentialAction":[{"@type":"ReadAction","target":["https:\/\/marekkuchcinski.pl\/cs\/wspolpraca-miedzynarodowa\/polska-stronie-niepodleglej-suwerennej-gruzji-wizyta-marszalka-sejmu-tbilisi\/"]}]},{"@type":"ImageObject","inLanguage":"ro-RO","@id":"https:\/\/marekkuchcinski.pl\/cs\/wspolpraca-miedzynarodowa\/polska-stronie-niepodleglej-suwerennej-gruzji-wizyta-marszalka-sejmu-tbilisi\/#primaryimage","url":"https:\/\/marekkuchcinski.pl\/wp-content\/uploads\/2018\/11\/Gruzja-1.jpg","contentUrl":"https:\/\/marekkuchcinski.pl\/wp-content\/uploads\/2018\/11\/Gruzja-1.jpg","width":1052,"height":658},{"@type":"BreadcrumbList","@id":"https:\/\/marekkuchcinski.pl\/cs\/wspolpraca-miedzynarodowa\/polska-stronie-niepodleglej-suwerennej-gruzji-wizyta-marszalka-sejmu-tbilisi\/#breadcrumb","itemListElement":[{"@type":"ListItem","position":1,"name":"Strona g\u0142\u00f3wna","item":"https:\/\/marekkuchcinski.pl\/"},{"@type":"ListItem","position":2,"name":"\u201ePolska po stronie niepodleg\u0142ej i suwerennej Gruzji\u201d. Wizyta Marsza\u0142ka Sejmu w Tbilisi"}]},{"@type":"WebSite","@id":"https:\/\/marekkuchcinski.pl\/#website","url":"https:\/\/marekkuchcinski.pl\/","name":"Marek Kuchci\u0144ski","description":"Pose\u0142 na sejm RP &ndash; okr\u0119g nr 22","publisher":{"@id":"https:\/\/marekkuchcinski.pl\/#organization"},"potentialAction":[{"@type":"SearchAction","target":{"@type":"EntryPoint","urlTemplate":"https:\/\/marekkuchcinski.pl\/?s={search_term_string}"},"query-input":{"@type":"PropertyValueSpecification","valueRequired":true,"valueName":"search_term_string"}}],"inLanguage":"ro-RO"},{"@type":"Organization","@id":"https:\/\/marekkuchcinski.pl\/#organization","name":"Marek Kuchci\u0144ski","url":"https:\/\/marekkuchcinski.pl\/","logo":{"@type":"ImageObject","inLanguage":"ro-RO","@id":"https:\/\/marekkuchcinski.pl\/#\/schema\/logo\/image\/","url":"https:\/\/marekkuchcinski.pl\/wp-content\/uploads\/2022\/09\/Marek.jpg","contentUrl":"https:\/\/marekkuchcinski.pl\/wp-content\/uploads\/2022\/09\/Marek.jpg","width":1600,"height":971,"caption":"Marek Kuchci\u0144ski"},"image":{"@id":"https:\/\/marekkuchcinski.pl\/#\/schema\/logo\/image\/"}},{"@type":"Person","@id":"https:\/\/marekkuchcinski.pl\/#\/schema\/person\/6f62700996b4d950b6ea2d1183b6c6be","name":"admin","image":{"@type":"ImageObject","inLanguage":"ro-RO","@id":"https:\/\/marekkuchcinski.pl\/#\/schema\/person\/image\/","url":"https:\/\/secure.gravatar.com\/avatar\/4bab693b9d55c3d6b52c0296a8765085?s=96&d=mm&r=g","contentUrl":"https:\/\/secure.gravatar.com\/avatar\/4bab693b9d55c3d6b52c0296a8765085?s=96&d=mm&r=g","caption":"admin"},"url":"https:\/\/marekkuchcinski.pl\/ro\/author\/marta-olejnik\/"}]}},"_links":{"self":[{"href":"https:\/\/marekkuchcinski.pl\/ro\/wp-json\/wp\/v2\/posts\/10565","targetHints":{"allow":["GET"]}}],"collection":[{"href":"https:\/\/marekkuchcinski.pl\/ro\/wp-json\/wp\/v2\/posts"}],"about":[{"href":"https:\/\/marekkuchcinski.pl\/ro\/wp-json\/wp\/v2\/types\/post"}],"author":[{"embeddable":true,"href":"https:\/\/marekkuchcinski.pl\/ro\/wp-json\/wp\/v2\/users\/6"}],"replies":[{"embeddable":true,"href":"https:\/\/marekkuchcinski.pl\/ro\/wp-json\/wp\/v2\/comments?post=10565"}],"version-history":[{"count":1,"href":"https:\/\/marekkuchcinski.pl\/ro\/wp-json\/wp\/v2\/posts\/10565\/revisions"}],"predecessor-version":[{"id":10567,"href":"https:\/\/marekkuchcinski.pl\/ro\/wp-json\/wp\/v2\/posts\/10565\/revisions\/10567"}],"wp:featuredmedia":[{"embeddable":true,"href":"https:\/\/marekkuchcinski.pl\/ro\/wp-json\/wp\/v2\/media\/10566"}],"wp:attachment":[{"href":"https:\/\/marekkuchcinski.pl\/ro\/wp-json\/wp\/v2\/media?parent=10565"}],"wp:term":[{"taxonomy":"category","embeddable":true,"href":"https:\/\/marekkuchcinski.pl\/ro\/wp-json\/wp\/v2\/categories?post=10565"},{"taxonomy":"post_tag","embeddable":true,"href":"https:\/\/marekkuchcinski.pl\/ro\/wp-json\/wp\/v2\/tags?post=10565"}],"curies":[{"name":"wp","href":"https:\/\/api.w.org\/{rel}","templated":true}]}}