{"id":10395,"date":"2018-09-19T12:55:07","date_gmt":"2018-09-19T10:55:07","guid":{"rendered":"https:\/\/marekkuchcinski.pl\/?p=10395"},"modified":"2018-09-19T13:01:48","modified_gmt":"2018-09-19T11:01:48","slug":"konwencja-wyborcza-prawa-sprawiedliwosci-przemyslu","status":"publish","type":"post","link":"https:\/\/marekkuchcinski.pl\/ro\/wydarzenia\/konwencja-wyborcza-prawa-sprawiedliwosci-przemyslu\/","title":{"rendered":"Conven\u021bia electoral\u0103 a Partidului Lege \u0219i Justi\u021bie din Przemy\u015bl"},"content":{"rendered":"<p>\u00cen timpul conven\u021biei electorale a partidului Lege \u0219i Justi\u021bie de la Przemy\u015bl, pre\u0219edintele Sejm-ului, Marek Kuchci\u0144ski, a subliniat c\u0103 obiectivul partidului Lege \u0219i Justi\u021bie este de a cre\u0219te nivelul de trai al polonezilor. \u00cen afar\u0103 de o politic\u0103 social\u0103 puternic\u0103 \u0219i eficient\u0103 (programul 500+, layette+, cre\u0219terea salariului minim, sprijin pentru seniori, pensionari). Lege \u0219i Justi\u021bie pune accentul pe dezvoltarea economiei na\u021bionale \u0219i pe sprijinirea antreprenorilor no\u0219tri. M\u0103suri precum reducerea CIT sau ZUS sunt concepute pentru a sprijini \u00een special \u00eentreprinz\u0103torii mici \u0219i mijlocii, nu marile companii.<\/p>\n<p>\u00cen opinia mare\u0219alului, conceptul de ora\u0219e locomotiv\u0103 care trag regiunile din punct de vedere economic nu a func\u021bionat. - Dup\u0103 p\u0103rerea mea, alocarea banilor \u0219i a instrumentelor statului ar trebui s\u0103 \u00eei priveasc\u0103 \u00een primul r\u00e2nd pe cei care au nevoie - at\u00e2t ora\u0219ele, c\u00e2t \u0219i satele \u0219i grupurile sociale. Dezvoltare da, dar echilibrat\u0103. Cei boga\u021bi se vor descurca \u00eentr-o lume a pie\u021bei libere - a spus el.<\/p>\n<p>Pre\u0219edintele a amintit c\u0103 a existat o perioad\u0103 \u00een care economia polonez\u0103 era dependent\u0103 de mul\u021bi factori, de exemplu, de cei interna\u021bionali. Lichid\u0103rile de la Fondurile Na\u021bionale de Investi\u021bii au afectat peste 500 de locuri de munc\u0103. Zeci de mii de oameni au devenit \u0219omeri. PiS dore\u0219te s\u0103 reconstruiasc\u0103 \u0219i s\u0103 consolideze economia, f\u0103c\u00e2nd multe demersuri \u00een acest sens. Una dintre cele mai mari investi\u021bii este un proiect \u00een valoare de 5 miliarde de euro destinat guvernelor comunelor \u0219i districtelor - pentru a repara drumurile \u0219i pentru a facilita accesul locuitorilor.<\/p>\n<p><strong>Cele cinci ale lui Morawiecki pentru Podkarpacie, men\u021bionate de Kuchci\u0144ski, includ. <\/strong><\/p>\n<ol>\n<li>Dezvoltarea infrastructurii rutiere: drumul expres Via Carpathia Nisko - Rzesz\u00f3w - Krosno - Barwinek, drumul expres Rzesz\u00f3w - Tarnobrzeg - Radom \u0219i un pod peste r\u00e2ul San \u00een Jaros\u0142aw,<\/li>\n<li>Modernizarea liniilor de cale ferat\u0103: leg\u0103tura Rzesz\u00f3w - Var\u0219ovia, calea ferat\u0103 carpatic\u0103 Jas\u0142o - Krosno - Sanok - Zag\u00f3rz - Ustrzyki - Kro\u015bcienko -Malhowice - Przemy\u015bl, calea ferat\u0103 de aglomera\u021bie Kolbuszowa, Debica, Strzy\u017c\u00f3w, Przeworsk, precum \u0219i modernizarea g\u0103rilor,<\/li>\n<li>Punerea \u00een aplicare a programului Mieszkanie+ \u00een: Boguchwa\u0142a, D\u0119bica, Krosno, Jaros\u0142aw, Jas\u0142o, Mielec, Nowa D\u0119ba, Przemy\u015bl, Sanok, Stalowa Wola \u0219i Tarnobrzeg,<\/li>\n<\/ol>\n<ol start=\"3\">\n<li>Protec\u021bia \u00eempotriva inunda\u021biilor \u00een bazinele hidrografice ale urm\u0103toarelor r\u00e2uri din regiunea Podkarpacie: Vistula, Wis\u0142ok, San \u0219i Wis\u0142oka, \u00eempreun\u0103 cu construc\u021bia rezervorului K\u0105ty - Myscowa,<\/li>\n<li>Introducerea Programului pentru Mun\u021bii Bieszczady \u0219i a programului Blue San, precum \u0219i construirea Centrului Sportiv Central, de mare importan\u021b\u0103 pentru ocuparea for\u021bei de munc\u0103 \u0219i dezvoltarea turismului \u00een regiune.\u00a0<a href=\"https:\/\/marekkuchcinski.pl\/ro\/wydarzenia\/sportowa-ofensywa-podkarpaciu\/\">https:\/\/marekkuchcinski.pl\/wydarzenia\/sportowa-ofensywa-podkarpaciu\/<\/a><\/li>\n<\/ol>\n<p>Pre\u0219edintele Parlamentului a mai spus c\u0103 \u00een 2018 am intrat \u00een perioada anivers\u0103rilor de independen\u021b\u0103. - Ar trebui s\u0103 s\u0103rb\u0103torim acest mare efort f\u0103cut de str\u0103mo\u0219ii no\u0219tri - a spus el. El a amintit c\u0103 Prezidiul Sejm-ului a adoptat o rezolu\u021bie privind \u00eengrijirea mormintelor parlamentarilor - de la Sejm-ul legislativ p\u00e2n\u0103 la Sejm-ul ales din 1938. - Vrem s\u0103-i comemor\u0103m pentru c\u0103 au reprezentat na\u021biunea\", a subliniat pre\u0219edintele.<\/p>\n<p>\u00cen cadrul conven\u021biei au fost prezenta\u021bi candida\u021bii la func\u021bia de primari ai ora\u0219elor din regiunea Podkarpacie \u0219i numele unice de pe listele pentru alegerile pentru adunarea provincial\u0103. \u00cen zona Rzesz\u00f3w, lista va fi deschis\u0103 de Jerzy Cypry\u015b, \u00een zona Stalowa Wola de Ewa Draus, \u00een zona Mielec de W\u0142adys\u0142aw Ortyl, \u00een zona Przemy\u015bl de Piotr Pilch, \u00een zona Krosno de Jerzy Borcz.<\/p>\n<p>Conven\u021bia a avut loc \u00een <strong>Muzeul Na\u021bional al \u021ainutului Przemysl\u00a0<\/strong>care a devenit recent o institu\u021bie par\u021bial de stat, ceea ce, a\u0219a cum a subliniat Marek Kuchci\u0144ski, este o chestiune nu doar de prestigiu, ci \u0219i de politic\u0103 cultural\u0103 \u00een partea noastr\u0103 de Europ\u0103.<strong>\u00a0<a href=\"https:\/\/marekkuchcinski.pl\/ro\/podkarpacie\/muzeum-narodowe-ziemi-przemyskiej-wspolprowadzone-mzp\/\">https:\/\/marekkuchcinski.pl\/podkarpacie\/muzeum-narodowe-ziemi-przemyskiej-wspolprowadzone-mzp\/\u00a0<\/a><\/strong><\/p>\n<p><a href=\"https:\/\/marekkuchcinski.pl\/wp-content\/uploads\/2018\/09\/M-konwerncja-Przemy\u015bl.jpg\"><img fetchpriority=\"high\" decoding=\"async\" class=\"size-full wp-image-10397\" src=\"https:\/\/marekkuchcinski.pl\/wp-content\/uploads\/2018\/09\/M-konwerncja-Przemy\u015bl.jpg\" alt=\"Przemy\u009cl, 18.09.2018. Marsza\u00b3ek Sejmu Marek Kuchci\u00f1ski podczas Wojew\u00f3dzkiej Konwencji Wyborczej Prawa i Sprawiedliwo\u009cci w Muzeum Narodowym Ziemi Przemyskiej w Przemy\u009clu, 18 bm. (dd\/nlat) PAP\/Darek Delmanowicz\" width=\"5005\" height=\"3337\" srcset=\"https:\/\/marekkuchcinski.pl\/wp-content\/uploads\/2018\/09\/M-konwerncja-Przemy\u015bl.jpg 2048w, https:\/\/marekkuchcinski.pl\/wp-content\/uploads\/2018\/09\/M-konwerncja-Przemy\u015bl-300x200.jpg 300w, https:\/\/marekkuchcinski.pl\/wp-content\/uploads\/2018\/09\/M-konwerncja-Przemy\u015bl-768x512.jpg 768w, https:\/\/marekkuchcinski.pl\/wp-content\/uploads\/2018\/09\/M-konwerncja-Przemy\u015bl-1024x683.jpg 1024w\" sizes=\"(max-width: 5005px) 100vw, 5005px\" \/><\/a><\/p>\n<p>Foto: PAP\/ Darek Delmanowicz<\/p>","protected":false},"excerpt":{"rendered":"<p>Podczas Konwencji wyborczej PiS w Przemy\u015blu marsza\u0142ek Sejmu Marek Kuchci\u0144ski podkre\u015bli\u0142, \u017ce celem PiS jest podniesienie poziomu \u017cycia Polak\u00f3w. Poza siln\u0105 i skuteczn\u0105 polityk\u0105 socjaln\u0105 (program 500+, wyprawka+, podniesienie najni\u017cszej pensji, wsparcie senior\u00f3w, rencist\u00f3w). Prawo i Sprawiedliwo\u015b\u0107 stawia na rozw\u00f3j rodzimej gospodarki i pomoc naszym przedsi\u0119biorcom. Dzia\u0142ania takie jak obni\u017cka CIT czy ZUS maj\u0105 wesprze\u0107 [&hellip;]<\/p>","protected":false},"author":6,"featured_media":10397,"comment_status":"open","ping_status":"open","sticky":false,"template":"","format":"standard","meta":{"ngg_post_thumbnail":0,"footnotes":""},"categories":[49,82,3],"tags":[],"class_list":["post-10395","post","type-post","status-publish","format-standard","has-post-thumbnail","hentry","category-podkarpacie","category-prawo-i-sprawiedliwosc","category-wydarzenia"],"yoast_head":"<!-- This site is optimized with the Yoast SEO plugin v24.7 - https:\/\/yoast.com\/wordpress\/plugins\/seo\/ -->\n<title>Konwencja wyborcza Prawa i Sprawiedliwo\u015bci w Przemy\u015blu &#8211; Marek Kuchci\u0144ski<\/title>\n<meta name=\"robots\" content=\"index, follow, max-snippet:-1, max-image-preview:large, max-video-preview:-1\" \/>\n<link rel=\"canonical\" href=\"https:\/\/marekkuchcinski.pl\/ro\/wydarzenia\/konwencja-wyborcza-prawa-sprawiedliwosci-przemyslu\/\" \/>\n<meta property=\"og:locale\" content=\"ro_RO\" \/>\n<meta property=\"og:type\" content=\"article\" \/>\n<meta property=\"og:title\" content=\"Konwencja wyborcza Prawa i Sprawiedliwo\u015bci w Przemy\u015blu &#8211; Marek Kuchci\u0144ski\" \/>\n<meta property=\"og:description\" content=\"Podczas Konwencji wyborczej PiS w Przemy\u015blu marsza\u0142ek Sejmu Marek Kuchci\u0144ski podkre\u015bli\u0142, \u017ce celem PiS jest podniesienie poziomu \u017cycia Polak\u00f3w. Poza siln\u0105 i skuteczn\u0105 polityk\u0105 socjaln\u0105 (program 500+, wyprawka+, podniesienie najni\u017cszej pensji, wsparcie senior\u00f3w, rencist\u00f3w). Prawo i Sprawiedliwo\u015b\u0107 stawia na rozw\u00f3j rodzimej gospodarki i pomoc naszym przedsi\u0119biorcom. Dzia\u0142ania takie jak obni\u017cka CIT czy ZUS maj\u0105 wesprze\u0107 [&hellip;]\" \/>\n<meta property=\"og:url\" content=\"https:\/\/marekkuchcinski.pl\/ro\/wydarzenia\/konwencja-wyborcza-prawa-sprawiedliwosci-przemyslu\/\" \/>\n<meta property=\"og:site_name\" content=\"Marek Kuchci\u0144ski\" \/>\n<meta property=\"article:published_time\" content=\"2018-09-19T10:55:07+00:00\" \/>\n<meta property=\"article:modified_time\" content=\"2018-09-19T11:01:48+00:00\" \/>\n<meta property=\"og:image\" content=\"https:\/\/marekkuchcinski.pl\/wp-content\/uploads\/2018\/09\/M-konwerncja-Przemy\u015bl.jpg\" \/>\n\t<meta property=\"og:image:width\" content=\"2048\" \/>\n\t<meta property=\"og:image:height\" content=\"1365\" \/>\n\t<meta property=\"og:image:type\" content=\"image\/jpeg\" \/>\n<meta name=\"author\" content=\"admin\" \/>\n<meta name=\"twitter:card\" content=\"summary_large_image\" \/>\n<meta name=\"twitter:label1\" content=\"Scris de\" \/>\n\t<meta name=\"twitter:data1\" content=\"admin\" \/>\n\t<meta name=\"twitter:label2\" content=\"Timp estimat pentru citire\" \/>\n\t<meta name=\"twitter:data2\" content=\"3 minutes\" \/>\n<script type=\"application\/ld+json\" class=\"yoast-schema-graph\">{\"@context\":\"https:\/\/schema.org\",\"@graph\":[{\"@type\":\"Article\",\"@id\":\"https:\/\/marekkuchcinski.pl\/en\/wydarzenia\/konwencja-wyborcza-prawa-sprawiedliwosci-przemyslu\/#article\",\"isPartOf\":{\"@id\":\"https:\/\/marekkuchcinski.pl\/en\/wydarzenia\/konwencja-wyborcza-prawa-sprawiedliwosci-przemyslu\/\"},\"author\":{\"name\":\"admin\",\"@id\":\"https:\/\/marekkuchcinski.pl\/#\/schema\/person\/6f62700996b4d950b6ea2d1183b6c6be\"},\"headline\":\"Konwencja wyborcza Prawa i Sprawiedliwo\u015bci w Przemy\u015blu\",\"datePublished\":\"2018-09-19T10:55:07+00:00\",\"dateModified\":\"2018-09-19T11:01:48+00:00\",\"mainEntityOfPage\":{\"@id\":\"https:\/\/marekkuchcinski.pl\/en\/wydarzenia\/konwencja-wyborcza-prawa-sprawiedliwosci-przemyslu\/\"},\"wordCount\":537,\"commentCount\":0,\"publisher\":{\"@id\":\"https:\/\/marekkuchcinski.pl\/#organization\"},\"image\":{\"@id\":\"https:\/\/marekkuchcinski.pl\/en\/wydarzenia\/konwencja-wyborcza-prawa-sprawiedliwosci-przemyslu\/#primaryimage\"},\"thumbnailUrl\":\"https:\/\/marekkuchcinski.pl\/wp-content\/uploads\/2018\/09\/M-konwerncja-Przemy\u015bl.jpg\",\"articleSection\":[\"Podkarpacie\",\"Prawo i Sprawiedliwo\u015b\u0107\",\"Wydarzenia\"],\"inLanguage\":\"ro-RO\",\"potentialAction\":[{\"@type\":\"CommentAction\",\"name\":\"Comment\",\"target\":[\"https:\/\/marekkuchcinski.pl\/en\/wydarzenia\/konwencja-wyborcza-prawa-sprawiedliwosci-przemyslu\/#respond\"]}]},{\"@type\":\"WebPage\",\"@id\":\"https:\/\/marekkuchcinski.pl\/en\/wydarzenia\/konwencja-wyborcza-prawa-sprawiedliwosci-przemyslu\/\",\"url\":\"https:\/\/marekkuchcinski.pl\/en\/wydarzenia\/konwencja-wyborcza-prawa-sprawiedliwosci-przemyslu\/\",\"name\":\"Konwencja wyborcza Prawa i Sprawiedliwo\u015bci w Przemy\u015blu &#8211; Marek Kuchci\u0144ski\",\"isPartOf\":{\"@id\":\"https:\/\/marekkuchcinski.pl\/#website\"},\"primaryImageOfPage\":{\"@id\":\"https:\/\/marekkuchcinski.pl\/en\/wydarzenia\/konwencja-wyborcza-prawa-sprawiedliwosci-przemyslu\/#primaryimage\"},\"image\":{\"@id\":\"https:\/\/marekkuchcinski.pl\/en\/wydarzenia\/konwencja-wyborcza-prawa-sprawiedliwosci-przemyslu\/#primaryimage\"},\"thumbnailUrl\":\"https:\/\/marekkuchcinski.pl\/wp-content\/uploads\/2018\/09\/M-konwerncja-Przemy\u015bl.jpg\",\"datePublished\":\"2018-09-19T10:55:07+00:00\",\"dateModified\":\"2018-09-19T11:01:48+00:00\",\"breadcrumb\":{\"@id\":\"https:\/\/marekkuchcinski.pl\/en\/wydarzenia\/konwencja-wyborcza-prawa-sprawiedliwosci-przemyslu\/#breadcrumb\"},\"inLanguage\":\"ro-RO\",\"potentialAction\":[{\"@type\":\"ReadAction\",\"target\":[\"https:\/\/marekkuchcinski.pl\/en\/wydarzenia\/konwencja-wyborcza-prawa-sprawiedliwosci-przemyslu\/\"]}]},{\"@type\":\"ImageObject\",\"inLanguage\":\"ro-RO\",\"@id\":\"https:\/\/marekkuchcinski.pl\/en\/wydarzenia\/konwencja-wyborcza-prawa-sprawiedliwosci-przemyslu\/#primaryimage\",\"url\":\"https:\/\/marekkuchcinski.pl\/wp-content\/uploads\/2018\/09\/M-konwerncja-Przemy\u015bl.jpg\",\"contentUrl\":\"https:\/\/marekkuchcinski.pl\/wp-content\/uploads\/2018\/09\/M-konwerncja-Przemy\u015bl.jpg\",\"width\":2048,\"height\":1365,\"caption\":\"Przemy\u009cl, 18.09.2018. Marsza\u00b3ek Sejmu Marek Kuchci\u00f1ski podczas Wojew\u00f3dzkiej Konwencji Wyborczej Prawa i Sprawiedliwo\u009cci w Muzeum Narodowym Ziemi Przemyskiej w Przemy\u009clu, 18 bm. (dd\/nlat) PAP\/Darek Delmanowicz\"},{\"@type\":\"BreadcrumbList\",\"@id\":\"https:\/\/marekkuchcinski.pl\/en\/wydarzenia\/konwencja-wyborcza-prawa-sprawiedliwosci-przemyslu\/#breadcrumb\",\"itemListElement\":[{\"@type\":\"ListItem\",\"position\":1,\"name\":\"Strona g\u0142\u00f3wna\",\"item\":\"https:\/\/marekkuchcinski.pl\/\"},{\"@type\":\"ListItem\",\"position\":2,\"name\":\"Konwencja wyborcza Prawa i Sprawiedliwo\u015bci w Przemy\u015blu\"}]},{\"@type\":\"WebSite\",\"@id\":\"https:\/\/marekkuchcinski.pl\/#website\",\"url\":\"https:\/\/marekkuchcinski.pl\/\",\"name\":\"Marek Kuchci\u0144ski\",\"description\":\"Pose\u0142 na sejm RP &ndash; okr\u0119g nr 22\",\"publisher\":{\"@id\":\"https:\/\/marekkuchcinski.pl\/#organization\"},\"potentialAction\":[{\"@type\":\"SearchAction\",\"target\":{\"@type\":\"EntryPoint\",\"urlTemplate\":\"https:\/\/marekkuchcinski.pl\/?s={search_term_string}\"},\"query-input\":{\"@type\":\"PropertyValueSpecification\",\"valueRequired\":true,\"valueName\":\"search_term_string\"}}],\"inLanguage\":\"ro-RO\"},{\"@type\":\"Organization\",\"@id\":\"https:\/\/marekkuchcinski.pl\/#organization\",\"name\":\"Marek Kuchci\u0144ski\",\"url\":\"https:\/\/marekkuchcinski.pl\/\",\"logo\":{\"@type\":\"ImageObject\",\"inLanguage\":\"ro-RO\",\"@id\":\"https:\/\/marekkuchcinski.pl\/#\/schema\/logo\/image\/\",\"url\":\"https:\/\/marekkuchcinski.pl\/wp-content\/uploads\/2022\/09\/Marek.jpg\",\"contentUrl\":\"https:\/\/marekkuchcinski.pl\/wp-content\/uploads\/2022\/09\/Marek.jpg\",\"width\":1600,\"height\":971,\"caption\":\"Marek Kuchci\u0144ski\"},\"image\":{\"@id\":\"https:\/\/marekkuchcinski.pl\/#\/schema\/logo\/image\/\"}},{\"@type\":\"Person\",\"@id\":\"https:\/\/marekkuchcinski.pl\/#\/schema\/person\/6f62700996b4d950b6ea2d1183b6c6be\",\"name\":\"admin\",\"image\":{\"@type\":\"ImageObject\",\"inLanguage\":\"ro-RO\",\"@id\":\"https:\/\/marekkuchcinski.pl\/#\/schema\/person\/image\/\",\"url\":\"https:\/\/secure.gravatar.com\/avatar\/4bab693b9d55c3d6b52c0296a8765085?s=96&d=mm&r=g\",\"contentUrl\":\"https:\/\/secure.gravatar.com\/avatar\/4bab693b9d55c3d6b52c0296a8765085?s=96&d=mm&r=g\",\"caption\":\"admin\"},\"url\":\"https:\/\/marekkuchcinski.pl\/ro\/author\/marta-olejnik\/\"}]}<\/script>\n<!-- \/ Yoast SEO plugin. -->","yoast_head_json":{"title":"Konwencja wyborcza Prawa i Sprawiedliwo\u015bci w Przemy\u015blu &#8211; Marek Kuchci\u0144ski","robots":{"index":"index","follow":"follow","max-snippet":"max-snippet:-1","max-image-preview":"max-image-preview:large","max-video-preview":"max-video-preview:-1"},"canonical":"https:\/\/marekkuchcinski.pl\/ro\/wydarzenia\/konwencja-wyborcza-prawa-sprawiedliwosci-przemyslu\/","og_locale":"ro_RO","og_type":"article","og_title":"Konwencja wyborcza Prawa i Sprawiedliwo\u015bci w Przemy\u015blu &#8211; Marek Kuchci\u0144ski","og_description":"Podczas Konwencji wyborczej PiS w Przemy\u015blu marsza\u0142ek Sejmu Marek Kuchci\u0144ski podkre\u015bli\u0142, \u017ce celem PiS jest podniesienie poziomu \u017cycia Polak\u00f3w. Poza siln\u0105 i skuteczn\u0105 polityk\u0105 socjaln\u0105 (program 500+, wyprawka+, podniesienie najni\u017cszej pensji, wsparcie senior\u00f3w, rencist\u00f3w). Prawo i Sprawiedliwo\u015b\u0107 stawia na rozw\u00f3j rodzimej gospodarki i pomoc naszym przedsi\u0119biorcom. Dzia\u0142ania takie jak obni\u017cka CIT czy ZUS maj\u0105 wesprze\u0107 [&hellip;]","og_url":"https:\/\/marekkuchcinski.pl\/ro\/wydarzenia\/konwencja-wyborcza-prawa-sprawiedliwosci-przemyslu\/","og_site_name":"Marek Kuchci\u0144ski","article_published_time":"2018-09-19T10:55:07+00:00","article_modified_time":"2018-09-19T11:01:48+00:00","og_image":[{"width":2048,"height":1365,"url":"https:\/\/marekkuchcinski.pl\/wp-content\/uploads\/2018\/09\/M-konwerncja-Przemy\u015bl.jpg","type":"image\/jpeg"}],"author":"admin","twitter_card":"summary_large_image","twitter_misc":{"Scris de":"admin","Timp estimat pentru citire":"3 minutes"},"schema":{"@context":"https:\/\/schema.org","@graph":[{"@type":"Article","@id":"https:\/\/marekkuchcinski.pl\/en\/wydarzenia\/konwencja-wyborcza-prawa-sprawiedliwosci-przemyslu\/#article","isPartOf":{"@id":"https:\/\/marekkuchcinski.pl\/en\/wydarzenia\/konwencja-wyborcza-prawa-sprawiedliwosci-przemyslu\/"},"author":{"name":"admin","@id":"https:\/\/marekkuchcinski.pl\/#\/schema\/person\/6f62700996b4d950b6ea2d1183b6c6be"},"headline":"Konwencja wyborcza Prawa i Sprawiedliwo\u015bci w Przemy\u015blu","datePublished":"2018-09-19T10:55:07+00:00","dateModified":"2018-09-19T11:01:48+00:00","mainEntityOfPage":{"@id":"https:\/\/marekkuchcinski.pl\/en\/wydarzenia\/konwencja-wyborcza-prawa-sprawiedliwosci-przemyslu\/"},"wordCount":537,"commentCount":0,"publisher":{"@id":"https:\/\/marekkuchcinski.pl\/#organization"},"image":{"@id":"https:\/\/marekkuchcinski.pl\/en\/wydarzenia\/konwencja-wyborcza-prawa-sprawiedliwosci-przemyslu\/#primaryimage"},"thumbnailUrl":"https:\/\/marekkuchcinski.pl\/wp-content\/uploads\/2018\/09\/M-konwerncja-Przemy\u015bl.jpg","articleSection":["Podkarpacie","Prawo i Sprawiedliwo\u015b\u0107","Wydarzenia"],"inLanguage":"ro-RO","potentialAction":[{"@type":"CommentAction","name":"Comment","target":["https:\/\/marekkuchcinski.pl\/en\/wydarzenia\/konwencja-wyborcza-prawa-sprawiedliwosci-przemyslu\/#respond"]}]},{"@type":"WebPage","@id":"https:\/\/marekkuchcinski.pl\/en\/wydarzenia\/konwencja-wyborcza-prawa-sprawiedliwosci-przemyslu\/","url":"https:\/\/marekkuchcinski.pl\/en\/wydarzenia\/konwencja-wyborcza-prawa-sprawiedliwosci-przemyslu\/","name":"Konwencja wyborcza Prawa i Sprawiedliwo\u015bci w Przemy\u015blu &#8211; Marek Kuchci\u0144ski","isPartOf":{"@id":"https:\/\/marekkuchcinski.pl\/#website"},"primaryImageOfPage":{"@id":"https:\/\/marekkuchcinski.pl\/en\/wydarzenia\/konwencja-wyborcza-prawa-sprawiedliwosci-przemyslu\/#primaryimage"},"image":{"@id":"https:\/\/marekkuchcinski.pl\/en\/wydarzenia\/konwencja-wyborcza-prawa-sprawiedliwosci-przemyslu\/#primaryimage"},"thumbnailUrl":"https:\/\/marekkuchcinski.pl\/wp-content\/uploads\/2018\/09\/M-konwerncja-Przemy\u015bl.jpg","datePublished":"2018-09-19T10:55:07+00:00","dateModified":"2018-09-19T11:01:48+00:00","breadcrumb":{"@id":"https:\/\/marekkuchcinski.pl\/en\/wydarzenia\/konwencja-wyborcza-prawa-sprawiedliwosci-przemyslu\/#breadcrumb"},"inLanguage":"ro-RO","potentialAction":[{"@type":"ReadAction","target":["https:\/\/marekkuchcinski.pl\/en\/wydarzenia\/konwencja-wyborcza-prawa-sprawiedliwosci-przemyslu\/"]}]},{"@type":"ImageObject","inLanguage":"ro-RO","@id":"https:\/\/marekkuchcinski.pl\/en\/wydarzenia\/konwencja-wyborcza-prawa-sprawiedliwosci-przemyslu\/#primaryimage","url":"https:\/\/marekkuchcinski.pl\/wp-content\/uploads\/2018\/09\/M-konwerncja-Przemy\u015bl.jpg","contentUrl":"https:\/\/marekkuchcinski.pl\/wp-content\/uploads\/2018\/09\/M-konwerncja-Przemy\u015bl.jpg","width":2048,"height":1365,"caption":"Przemy\u009cl, 18.09.2018. Marsza\u00b3ek Sejmu Marek Kuchci\u00f1ski podczas Wojew\u00f3dzkiej Konwencji Wyborczej Prawa i Sprawiedliwo\u009cci w Muzeum Narodowym Ziemi Przemyskiej w Przemy\u009clu, 18 bm. (dd\/nlat) PAP\/Darek Delmanowicz"},{"@type":"BreadcrumbList","@id":"https:\/\/marekkuchcinski.pl\/en\/wydarzenia\/konwencja-wyborcza-prawa-sprawiedliwosci-przemyslu\/#breadcrumb","itemListElement":[{"@type":"ListItem","position":1,"name":"Strona g\u0142\u00f3wna","item":"https:\/\/marekkuchcinski.pl\/"},{"@type":"ListItem","position":2,"name":"Konwencja wyborcza Prawa i Sprawiedliwo\u015bci w Przemy\u015blu"}]},{"@type":"WebSite","@id":"https:\/\/marekkuchcinski.pl\/#website","url":"https:\/\/marekkuchcinski.pl\/","name":"Marek Kuchci\u0144ski","description":"Pose\u0142 na sejm RP &ndash; okr\u0119g nr 22","publisher":{"@id":"https:\/\/marekkuchcinski.pl\/#organization"},"potentialAction":[{"@type":"SearchAction","target":{"@type":"EntryPoint","urlTemplate":"https:\/\/marekkuchcinski.pl\/?s={search_term_string}"},"query-input":{"@type":"PropertyValueSpecification","valueRequired":true,"valueName":"search_term_string"}}],"inLanguage":"ro-RO"},{"@type":"Organization","@id":"https:\/\/marekkuchcinski.pl\/#organization","name":"Marek Kuchci\u0144ski","url":"https:\/\/marekkuchcinski.pl\/","logo":{"@type":"ImageObject","inLanguage":"ro-RO","@id":"https:\/\/marekkuchcinski.pl\/#\/schema\/logo\/image\/","url":"https:\/\/marekkuchcinski.pl\/wp-content\/uploads\/2022\/09\/Marek.jpg","contentUrl":"https:\/\/marekkuchcinski.pl\/wp-content\/uploads\/2022\/09\/Marek.jpg","width":1600,"height":971,"caption":"Marek Kuchci\u0144ski"},"image":{"@id":"https:\/\/marekkuchcinski.pl\/#\/schema\/logo\/image\/"}},{"@type":"Person","@id":"https:\/\/marekkuchcinski.pl\/#\/schema\/person\/6f62700996b4d950b6ea2d1183b6c6be","name":"admin","image":{"@type":"ImageObject","inLanguage":"ro-RO","@id":"https:\/\/marekkuchcinski.pl\/#\/schema\/person\/image\/","url":"https:\/\/secure.gravatar.com\/avatar\/4bab693b9d55c3d6b52c0296a8765085?s=96&d=mm&r=g","contentUrl":"https:\/\/secure.gravatar.com\/avatar\/4bab693b9d55c3d6b52c0296a8765085?s=96&d=mm&r=g","caption":"admin"},"url":"https:\/\/marekkuchcinski.pl\/ro\/author\/marta-olejnik\/"}]}},"_links":{"self":[{"href":"https:\/\/marekkuchcinski.pl\/ro\/wp-json\/wp\/v2\/posts\/10395","targetHints":{"allow":["GET"]}}],"collection":[{"href":"https:\/\/marekkuchcinski.pl\/ro\/wp-json\/wp\/v2\/posts"}],"about":[{"href":"https:\/\/marekkuchcinski.pl\/ro\/wp-json\/wp\/v2\/types\/post"}],"author":[{"embeddable":true,"href":"https:\/\/marekkuchcinski.pl\/ro\/wp-json\/wp\/v2\/users\/6"}],"replies":[{"embeddable":true,"href":"https:\/\/marekkuchcinski.pl\/ro\/wp-json\/wp\/v2\/comments?post=10395"}],"version-history":[{"count":6,"href":"https:\/\/marekkuchcinski.pl\/ro\/wp-json\/wp\/v2\/posts\/10395\/revisions"}],"predecessor-version":[{"id":10402,"href":"https:\/\/marekkuchcinski.pl\/ro\/wp-json\/wp\/v2\/posts\/10395\/revisions\/10402"}],"wp:featuredmedia":[{"embeddable":true,"href":"https:\/\/marekkuchcinski.pl\/ro\/wp-json\/wp\/v2\/media\/10397"}],"wp:attachment":[{"href":"https:\/\/marekkuchcinski.pl\/ro\/wp-json\/wp\/v2\/media?parent=10395"}],"wp:term":[{"taxonomy":"category","embeddable":true,"href":"https:\/\/marekkuchcinski.pl\/ro\/wp-json\/wp\/v2\/categories?post=10395"},{"taxonomy":"post_tag","embeddable":true,"href":"https:\/\/marekkuchcinski.pl\/ro\/wp-json\/wp\/v2\/tags?post=10395"}],"curies":[{"name":"wp","href":"https:\/\/api.w.org\/{rel}","templated":true}]}}