{"id":10384,"date":"2018-09-13T15:59:10","date_gmt":"2018-09-13T13:59:10","guid":{"rendered":"https:\/\/marekkuchcinski.pl\/?p=10384"},"modified":"2018-09-13T15:59:10","modified_gmt":"2018-09-13T13:59:10","slug":"strategia-karpacka-coraz-blizej","status":"publish","type":"post","link":"https:\/\/marekkuchcinski.pl\/ro\/wydarzenia\/strategia-karpacka-coraz-blizej\/","title":{"rendered":"Strategia Carpa\u021bi se apropie"},"content":{"rendered":"<p>\u00cen cadrul Forumului economic de la Krynica, reprezentan\u021bii guvernelor Poloniei, Ucrainei, Ungariei \u0219i Slovaciei au semnat Declara\u021bia Carpa\u021bilor - un acord \u00een baza c\u0103ruia Consiliul European poate \u00eencepe lucr\u0103rile privind Strategia Carpa\u021bilor.<\/p>\n<p>- Dac\u0103 \u00een politica noastr\u0103 de dezvoltare avem o strategie alpin\u0103 sau baltic\u0103 care func\u021bioneaz\u0103 bine, o strategie a grupurilor de state cu interese macro-regionale, care se completeaz\u0103 reciproc \u0219i creeaz\u0103 din ce \u00een ce mai mult\u0103 valoare, de ce s\u0103 nu stabilim o strategie carpatic\u0103 - a declarat Marek Kuchci\u0144ski, pre\u0219edintele Sejm-ului, \u00een cadrul conferin\u021bei Europa Karpat.<\/p>\n<p>Potrivit Ministerului Investi\u021biilor \u0219i Dezvolt\u0103rii, strategia UE se va traduce printr-un salt \u00een dezvoltarea regiunii. \u00cen viitor, Republica Ceh\u0103, Rom\u00e2nia, Austria, Serbia \u0219i Moldova ar putea, de asemenea, s\u0103 se al\u0103ture lucr\u0103rilor privind aceast\u0103 strategie. Aceasta ar fi a cincea strategie din UE. \u00cen prezent, exist\u0103 Strategiile alpin\u0103, adriatic\u0103 \u0219i ionic\u0103, baltic\u0103 \u0219i dun\u0103rean\u0103.<\/p>\n<p>Ini\u021biativa macro-regional\u0103 din Carpa\u021bi este sus\u021binut\u0103 \u0219i de Grupul parlamentar Carpa\u021bi, prezidat de pre\u0219edintele Sejm. Membrii s\u0103i subliniaz\u0103 rolul extrem de important al regiunii - nu numai datorit\u0103 bog\u0103\u021biei sale naturale \u0219i culturale, ci \u0219i ca zon\u0103 cu numeroase interese politice. Aceasta necesit\u0103 investi\u021bii \u00een transporturi, infrastructur\u0103 \u0219i mediu, precum \u0219i sprijin pentru antreprenoriatul local.<\/p>","protected":false},"excerpt":{"rendered":"<p>W czasie Forum Ekonomicznego w Krynicy przedstawiciele rz\u0105d\u00f3w Polski, Ukrainy, W\u0119gier i\u00a0S\u0142owacji podpisali Deklaracj\u0119 Karpack\u0105 \u2013 porozumienie, na mocy kt\u00f3rego Rada Europejska mo\u017ce rozpocz\u0105\u0107 prace nad nad Strategi\u0105 Karpack\u0105. \u2013 Skoro w polityce rozwoju mamy \u015bwietnie dzia\u0142aj\u0105c\u0105 Strategi\u0119 Alpejsk\u0105 czy Ba\u0142tyck\u0105, strategi\u0119 grup pa\u0144stw, maj\u0105cych makroregionalne interesy, kt\u00f3re si\u0119 wzajemnie uzupe\u0142niaj\u0105 i buduj\u0105 coraz wi\u0119ksz\u0105 [&hellip;]<\/p>\n","protected":false},"author":6,"featured_media":10385,"comment_status":"open","ping_status":"open","sticky":false,"template":"","format":"standard","meta":{"ngg_post_thumbnail":0,"footnotes":""},"categories":[78,49,3],"tags":[],"class_list":["post-10384","post","type-post","status-publish","format-standard","has-post-thumbnail","hentry","category-europa-karpat","category-podkarpacie","category-wydarzenia"],"_links":{"self":[{"href":"https:\/\/marekkuchcinski.pl\/ro\/wp-json\/wp\/v2\/posts\/10384","targetHints":{"allow":["GET"]}}],"collection":[{"href":"https:\/\/marekkuchcinski.pl\/ro\/wp-json\/wp\/v2\/posts"}],"about":[{"href":"https:\/\/marekkuchcinski.pl\/ro\/wp-json\/wp\/v2\/types\/post"}],"author":[{"embeddable":true,"href":"https:\/\/marekkuchcinski.pl\/ro\/wp-json\/wp\/v2\/users\/6"}],"replies":[{"embeddable":true,"href":"https:\/\/marekkuchcinski.pl\/ro\/wp-json\/wp\/v2\/comments?post=10384"}],"version-history":[{"count":1,"href":"https:\/\/marekkuchcinski.pl\/ro\/wp-json\/wp\/v2\/posts\/10384\/revisions"}],"predecessor-version":[{"id":10386,"href":"https:\/\/marekkuchcinski.pl\/ro\/wp-json\/wp\/v2\/posts\/10384\/revisions\/10386"}],"wp:featuredmedia":[{"embeddable":true,"href":"https:\/\/marekkuchcinski.pl\/ro\/wp-json\/wp\/v2\/media\/10385"}],"wp:attachment":[{"href":"https:\/\/marekkuchcinski.pl\/ro\/wp-json\/wp\/v2\/media?parent=10384"}],"wp:term":[{"taxonomy":"category","embeddable":true,"href":"https:\/\/marekkuchcinski.pl\/ro\/wp-json\/wp\/v2\/categories?post=10384"},{"taxonomy":"post_tag","embeddable":true,"href":"https:\/\/marekkuchcinski.pl\/ro\/wp-json\/wp\/v2\/tags?post=10384"}],"curies":[{"name":"wp","href":"https:\/\/api.w.org\/{rel}","templated":true}]}}