{"id":10330,"date":"2018-09-09T22:38:22","date_gmt":"2018-09-09T20:38:22","guid":{"rendered":"https:\/\/marekkuchcinski.pl\/?p=10330"},"modified":"2018-09-09T22:47:01","modified_gmt":"2018-09-09T20:47:01","slug":"marszalek-sejmu-odslonil-krzyz-upamietniajacy-100-rocznice-odzyskania-niepodleglosci","status":"publish","type":"post","link":"https:\/\/marekkuchcinski.pl\/ro\/wydarzenia\/marszalek-sejmu-odslonil-krzyz-upamietniajacy-100-rocznice-odzyskania-niepodleglosci\/","title":{"rendered":"Pre\u0219edintele Sejm-ului a dezvelit o cruce care comemoreaz\u0103 100 de ani de independen\u021b\u0103"},"content":{"rendered":"<p>La Tulig\u0142owy, \u00een regiunea Podkarpacie, au fost ridicate o cruce de 25 de metri \u00een\u0103l\u021bime \u0219i un catarg de 32 de metri \u00een\u0103l\u021bime, care, dup\u0103 cum a subliniat pre\u0219edintele Sejm-ului, Marek Kuchci\u0144ski, au scopul de a reaminti marea istorie a Republicii \u0219i de a comemora 100 de ani de la redob\u00e2ndirea independen\u021bei Poloniei.<\/p>\n<p>- Avem numeroase semne \u0219i simboluri \u00een istoria Poloniei. Acest semn - o cruce, cu un catarg l\u00e2ng\u0103 ea - sper c\u0103 ne va reaminti, pe o distan\u021b\u0103 de mul\u021bi kilometri spre est \u0219i de mul\u021bi kilometri spre vest, care este mo\u0219tenirea noastr\u0103. Care este mesajul nostru pentru viitor?\", a spus mare\u0219alul.<\/p>\n<p>\u00centr-o scrisoare adresat\u0103 participan\u021bilor la ceremonie, pre\u0219edintele partidului Lege \u0219i Justi\u021bie, Jaros\u0142aw Kaczy\u0144ski, a men\u021bionat c\u0103 m\u0103re\u021bia acestui monument, care se \u00eenal\u021b\u0103 deasupra zonei, simbolizeaz\u0103 puterea credin\u021bei str\u0103mo\u0219ilor no\u0219tri. \u00cencrederea neclintit\u0103 c\u0103 Cel care a \u00eenconjurat Polonia timp de at\u00e2tea secole cu splendoarea puterii \u0219i a gloriei se \u00eenvrednice\u0219te s\u0103 ne redea o Patrie liber\u0103.<\/p>\n<p>Monumentul a fost construit sub patronajul onorific al pre\u0219edintelui Sejm-ului. Construc\u021bia a fost ini\u021biat\u0103 de p\u0103rintele Mariusz Marciniec, preot paroh \u00een Tuliglowy. Monumentul se afla l\u00e2ng\u0103 un altar marian vechi de peste 600 de ani. Inscrip\u021bia de pe ea proclam\u0103: \"Botezul d\u0103 puterea \u00cenvierii. La 100 de ani de la redob\u00e2ndirea Independen\u021bei, suntem recunosc\u0103tori lui Dumnezeu \u0219i Eroilor Na\u021bionali\".<\/p>\n<p><a href=\"https:\/\/marekkuchcinski.pl\/wp-content\/uploads\/2018\/09\/41275727_270071870284929_3357834955617992704_n-1.jpg\"><img fetchpriority=\"high\" decoding=\"async\" class=\"alignnone size-full wp-image-10343\" src=\"https:\/\/marekkuchcinski.pl\/wp-content\/uploads\/2018\/09\/41275727_270071870284929_3357834955617992704_n-1.jpg\" alt=\"41275727_270071870284929_3357834955617992704_n (1)\" width=\"996\" height=\"1611\" srcset=\"https:\/\/marekkuchcinski.pl\/wp-content\/uploads\/2018\/09\/41275727_270071870284929_3357834955617992704_n-1.jpg 996w, https:\/\/marekkuchcinski.pl\/wp-content\/uploads\/2018\/09\/41275727_270071870284929_3357834955617992704_n-1-185x300.jpg 185w, https:\/\/marekkuchcinski.pl\/wp-content\/uploads\/2018\/09\/41275727_270071870284929_3357834955617992704_n-1-768x1242.jpg 768w, https:\/\/marekkuchcinski.pl\/wp-content\/uploads\/2018\/09\/41275727_270071870284929_3357834955617992704_n-1-633x1024.jpg 633w\" sizes=\"(max-width: 996px) 100vw, 996px\" \/><\/a><a href=\"https:\/\/marekkuchcinski.pl\/wp-content\/uploads\/2018\/09\/41262313_961915664017716_3530492709636669440_n.jpg\"><img decoding=\"async\" class=\"alignnone size-full wp-image-10342\" src=\"https:\/\/marekkuchcinski.pl\/wp-content\/uploads\/2018\/09\/41262313_961915664017716_3530492709636669440_n.jpg\" alt=\"41262313_961915664017716_3530492709636669440_n\" width=\"1057\" height=\"1057\" srcset=\"https:\/\/marekkuchcinski.pl\/wp-content\/uploads\/2018\/09\/41262313_961915664017716_3530492709636669440_n.jpg 1057w, https:\/\/marekkuchcinski.pl\/wp-content\/uploads\/2018\/09\/41262313_961915664017716_3530492709636669440_n-150x150.jpg 150w, https:\/\/marekkuchcinski.pl\/wp-content\/uploads\/2018\/09\/41262313_961915664017716_3530492709636669440_n-300x300.jpg 300w, https:\/\/marekkuchcinski.pl\/wp-content\/uploads\/2018\/09\/41262313_961915664017716_3530492709636669440_n-768x768.jpg 768w, https:\/\/marekkuchcinski.pl\/wp-content\/uploads\/2018\/09\/41262313_961915664017716_3530492709636669440_n-1024x1024.jpg 1024w\" sizes=\"(max-width: 1057px) 100vw, 1057px\" \/><\/a><a href=\"https:\/\/marekkuchcinski.pl\/wp-content\/uploads\/2018\/09\/2.jpg\"><img decoding=\"async\" class=\"alignnone size-full wp-image-10331\" src=\"https:\/\/marekkuchcinski.pl\/wp-content\/uploads\/2018\/09\/2.jpg\" alt=\"2\" width=\"5417\" height=\"3611\" srcset=\"https:\/\/marekkuchcinski.pl\/wp-content\/uploads\/2018\/09\/2.jpg 2048w, https:\/\/marekkuchcinski.pl\/wp-content\/uploads\/2018\/09\/2-300x200.jpg 300w, https:\/\/marekkuchcinski.pl\/wp-content\/uploads\/2018\/09\/2-768x512.jpg 768w, https:\/\/marekkuchcinski.pl\/wp-content\/uploads\/2018\/09\/2-1024x683.jpg 1024w\" sizes=\"(max-width: 5417px) 100vw, 5417px\" \/><\/a> <a href=\"https:\/\/marekkuchcinski.pl\/wp-content\/uploads\/2018\/09\/IMG_0033.jpg\"><img loading=\"lazy\" decoding=\"async\" class=\"alignnone size-full wp-image-10332\" src=\"https:\/\/marekkuchcinski.pl\/wp-content\/uploads\/2018\/09\/IMG_0033.jpg\" alt=\"IMG_0033\" width=\"4000\" height=\"6003\" srcset=\"https:\/\/marekkuchcinski.pl\/wp-content\/uploads\/2018\/09\/IMG_0033.jpg 1365w, https:\/\/marekkuchcinski.pl\/wp-content\/uploads\/2018\/09\/IMG_0033-200x300.jpg 200w, https:\/\/marekkuchcinski.pl\/wp-content\/uploads\/2018\/09\/IMG_0033-768x1153.jpg 768w, https:\/\/marekkuchcinski.pl\/wp-content\/uploads\/2018\/09\/IMG_0033-682x1024.jpg 682w\" sizes=\"(max-width: 4000px) 100vw, 4000px\" \/><\/a> <a href=\"https:\/\/marekkuchcinski.pl\/wp-content\/uploads\/2018\/09\/IMG_0056-2.jpg\"><img loading=\"lazy\" decoding=\"async\" class=\"alignnone size-full wp-image-10333\" src=\"https:\/\/marekkuchcinski.pl\/wp-content\/uploads\/2018\/09\/IMG_0056-2.jpg\" alt=\"IMG_0056 (2)\" width=\"5131\" height=\"3447\" srcset=\"https:\/\/marekkuchcinski.pl\/wp-content\/uploads\/2018\/09\/IMG_0056-2.jpg 2048w, https:\/\/marekkuchcinski.pl\/wp-content\/uploads\/2018\/09\/IMG_0056-2-300x202.jpg 300w, https:\/\/marekkuchcinski.pl\/wp-content\/uploads\/2018\/09\/IMG_0056-2-768x516.jpg 768w, https:\/\/marekkuchcinski.pl\/wp-content\/uploads\/2018\/09\/IMG_0056-2-1024x688.jpg 1024w\" sizes=\"(max-width: 5131px) 100vw, 5131px\" \/><\/a> <a href=\"https:\/\/marekkuchcinski.pl\/wp-content\/uploads\/2018\/09\/IMG_0121.jpg\"><img loading=\"lazy\" decoding=\"async\" class=\"alignnone size-full wp-image-10334\" src=\"https:\/\/marekkuchcinski.pl\/wp-content\/uploads\/2018\/09\/IMG_0121.jpg\" alt=\"IMG_0121\" width=\"6000\" height=\"4000\" srcset=\"https:\/\/marekkuchcinski.pl\/wp-content\/uploads\/2018\/09\/IMG_0121.jpg 2048w, https:\/\/marekkuchcinski.pl\/wp-content\/uploads\/2018\/09\/IMG_0121-300x200.jpg 300w, https:\/\/marekkuchcinski.pl\/wp-content\/uploads\/2018\/09\/IMG_0121-768x512.jpg 768w, https:\/\/marekkuchcinski.pl\/wp-content\/uploads\/2018\/09\/IMG_0121-1024x683.jpg 1024w\" sizes=\"(max-width: 6000px) 100vw, 6000px\" \/><\/a><a href=\"https:\/\/marekkuchcinski.pl\/wp-content\/uploads\/2018\/09\/IMG_0049.jpg\"><img loading=\"lazy\" decoding=\"async\" class=\"alignnone size-full wp-image-10335\" src=\"https:\/\/marekkuchcinski.pl\/wp-content\/uploads\/2018\/09\/IMG_0049.jpg\" alt=\"IMG_0049\" width=\"5225\" height=\"3483\" srcset=\"https:\/\/marekkuchcinski.pl\/wp-content\/uploads\/2018\/09\/IMG_0049.jpg 2048w, https:\/\/marekkuchcinski.pl\/wp-content\/uploads\/2018\/09\/IMG_0049-300x200.jpg 300w, https:\/\/marekkuchcinski.pl\/wp-content\/uploads\/2018\/09\/IMG_0049-768x512.jpg 768w, https:\/\/marekkuchcinski.pl\/wp-content\/uploads\/2018\/09\/IMG_0049-1024x683.jpg 1024w\" sizes=\"(max-width: 5225px) 100vw, 5225px\" \/><\/a><a href=\"https:\/\/marekkuchcinski.pl\/wp-content\/uploads\/2018\/09\/IMG_0040.jpg\"><img loading=\"lazy\" decoding=\"async\" class=\"alignnone size-full wp-image-10336\" src=\"https:\/\/marekkuchcinski.pl\/wp-content\/uploads\/2018\/09\/IMG_0040.jpg\" alt=\"IMG_0040\" width=\"6000\" height=\"4000\" srcset=\"https:\/\/marekkuchcinski.pl\/wp-content\/uploads\/2018\/09\/IMG_0040.jpg 2048w, https:\/\/marekkuchcinski.pl\/wp-content\/uploads\/2018\/09\/IMG_0040-300x200.jpg 300w, https:\/\/marekkuchcinski.pl\/wp-content\/uploads\/2018\/09\/IMG_0040-768x512.jpg 768w, https:\/\/marekkuchcinski.pl\/wp-content\/uploads\/2018\/09\/IMG_0040-1024x683.jpg 1024w\" sizes=\"(max-width: 6000px) 100vw, 6000px\" \/><\/a><a href=\"https:\/\/marekkuchcinski.pl\/wp-content\/uploads\/2018\/09\/IMG_0101.jpg\"><img loading=\"lazy\" decoding=\"async\" class=\"alignnone size-full wp-image-10337\" src=\"https:\/\/marekkuchcinski.pl\/wp-content\/uploads\/2018\/09\/IMG_0101.jpg\" alt=\"IMG_0101\" width=\"5240\" height=\"3462\" srcset=\"https:\/\/marekkuchcinski.pl\/wp-content\/uploads\/2018\/09\/IMG_0101.jpg 2048w, https:\/\/marekkuchcinski.pl\/wp-content\/uploads\/2018\/09\/IMG_0101-300x198.jpg 300w, https:\/\/marekkuchcinski.pl\/wp-content\/uploads\/2018\/09\/IMG_0101-768x507.jpg 768w, https:\/\/marekkuchcinski.pl\/wp-content\/uploads\/2018\/09\/IMG_0101-1024x677.jpg 1024w\" sizes=\"(max-width: 5240px) 100vw, 5240px\" \/><\/a><a href=\"https:\/\/marekkuchcinski.pl\/wp-content\/uploads\/2018\/09\/IMG_0011.jpg\"><img loading=\"lazy\" decoding=\"async\" class=\"alignnone size-full wp-image-10338\" src=\"https:\/\/marekkuchcinski.pl\/wp-content\/uploads\/2018\/09\/IMG_0011.jpg\" alt=\"IMG_0011\" width=\"6000\" height=\"4000\" srcset=\"https:\/\/marekkuchcinski.pl\/wp-content\/uploads\/2018\/09\/IMG_0011.jpg 2048w, https:\/\/marekkuchcinski.pl\/wp-content\/uploads\/2018\/09\/IMG_0011-300x200.jpg 300w, https:\/\/marekkuchcinski.pl\/wp-content\/uploads\/2018\/09\/IMG_0011-768x512.jpg 768w, https:\/\/marekkuchcinski.pl\/wp-content\/uploads\/2018\/09\/IMG_0011-1024x683.jpg 1024w\" sizes=\"(max-width: 6000px) 100vw, 6000px\" \/><\/a><\/p>\n<p><em>Foto: Piotr Michalski<\/em><\/p>","protected":false},"excerpt":{"rendered":"<p>W Tulig\u0142owach na Podkarpaciu stan\u0105\u0142 25-metrowy krzy\u017c i 32-metrowy maszt, kt\u00f3re, jak podkre\u015bli\u0142 marsza\u0142ek Sejmu Marek Kuchci\u0144ski, maj\u0105 przypomina\u0107 wielkie dzieje Rzeczpospolitej i upami\u0119tnia\u0107 100. rocznic\u0119 odzyskania przez Polsk\u0119 niepodleg\u0142o\u015bci. &#8211; W dziejach Polski mamy liczne znaki i symbole. Ten znak &#8211; krzy\u017c, obok niego maszt &#8211; mam nadziej\u0119, \u017ce b\u0119dzie przypomina\u0142 nam na wiele [&hellip;]<\/p>\n","protected":false},"author":6,"featured_media":10333,"comment_status":"open","ping_status":"open","sticky":false,"template":"","format":"standard","meta":{"ngg_post_thumbnail":0,"footnotes":""},"categories":[49,3],"tags":[],"class_list":["post-10330","post","type-post","status-publish","format-standard","has-post-thumbnail","hentry","category-podkarpacie","category-wydarzenia"],"_links":{"self":[{"href":"https:\/\/marekkuchcinski.pl\/ro\/wp-json\/wp\/v2\/posts\/10330","targetHints":{"allow":["GET"]}}],"collection":[{"href":"https:\/\/marekkuchcinski.pl\/ro\/wp-json\/wp\/v2\/posts"}],"about":[{"href":"https:\/\/marekkuchcinski.pl\/ro\/wp-json\/wp\/v2\/types\/post"}],"author":[{"embeddable":true,"href":"https:\/\/marekkuchcinski.pl\/ro\/wp-json\/wp\/v2\/users\/6"}],"replies":[{"embeddable":true,"href":"https:\/\/marekkuchcinski.pl\/ro\/wp-json\/wp\/v2\/comments?post=10330"}],"version-history":[{"count":6,"href":"https:\/\/marekkuchcinski.pl\/ro\/wp-json\/wp\/v2\/posts\/10330\/revisions"}],"predecessor-version":[{"id":10346,"href":"https:\/\/marekkuchcinski.pl\/ro\/wp-json\/wp\/v2\/posts\/10330\/revisions\/10346"}],"wp:featuredmedia":[{"embeddable":true,"href":"https:\/\/marekkuchcinski.pl\/ro\/wp-json\/wp\/v2\/media\/10333"}],"wp:attachment":[{"href":"https:\/\/marekkuchcinski.pl\/ro\/wp-json\/wp\/v2\/media?parent=10330"}],"wp:term":[{"taxonomy":"category","embeddable":true,"href":"https:\/\/marekkuchcinski.pl\/ro\/wp-json\/wp\/v2\/categories?post=10330"},{"taxonomy":"post_tag","embeddable":true,"href":"https:\/\/marekkuchcinski.pl\/ro\/wp-json\/wp\/v2\/tags?post=10330"}],"curies":[{"name":"wp","href":"https:\/\/api.w.org\/{rel}","templated":true}]}}