{"id":10216,"date":"2018-09-03T22:57:41","date_gmt":"2018-09-03T20:57:41","guid":{"rendered":"https:\/\/marekkuchcinski.pl\/?p=10216"},"modified":"2018-09-03T22:57:41","modified_gmt":"2018-09-03T20:57:41","slug":"marszalek-sejmu-wizyta-slowaku","status":"publish","type":"post","link":"https:\/\/marekkuchcinski.pl\/ro\/wydarzenia\/marszalek-sejmu-wizyta-slowaku\/","title":{"rendered":"Pre\u0219edintele Sejm-ului \u00een vizit\u0103 la S\u0142owak"},"content":{"rendered":"<p>Cu ocazia \u00eenceperii anului \u0219colar, pre\u0219edintele Sejm Marek Kuchci\u0144ski a vizitat Liceul S\u0142owacki din Przemy\u015bl, unde a fost elev. O sal\u0103 de sport modern\u0103 va fi construit\u0103 la Liceul nr. 1, ca parte a proiectului de investi\u021bii \"Centrul de dezvoltare a badmintonului din Przemy\u015bl\". Mare\u0219alul a reamintit c\u0103 anul acesta ora\u0219ul a c\u0103p\u0103tat faim\u0103 interna\u021bional\u0103 gra\u021bie turneului Victor Polish Junior 2018 la badminton, care a atras juc\u0103tori din peste 30 de \u021b\u0103ri.<\/p>\n<p>Mare\u0219alul a amintit anivers\u0103rile importante legate de Przemy\u015bl, \u0219i anume 1468 - \u00eenceputul Sejm-ului bicameral, 1648 - c\u00e2nd Andrzej Maksymilian Fredro a fost ales pre\u0219edinte al Sejm-ului, 1848 - c\u00e2nd, \u00een timpul Prim\u0103verii Na\u021biunilor, c\u00e2teva sute de voluntari din Przemy\u015bl s-au al\u0103turat taberei maghiare pentru a lupta pentru independen\u021b\u0103 \u0219i libertate, \u0219i 1918 - c\u00e2nd a avut loc prima b\u0103t\u0103lie victorioas\u0103 - B\u0103t\u0103lia de la Przemy\u015bl. Apoi \u0219i-a amintit de martie 1968, cu un accent important din Przemy\u015bl - elevii din mai multe licee, inclusiv S\u0142owacki, au sprijinit studen\u021bii din marile universit\u0103\u021bi \u00een timpul revoltei.<\/p>\n<p>Marek Kuchci\u0144ski a mul\u021bumit autorit\u0103\u021bilor din S\u0142owak pentru c\u0103, atunci c\u00e2nd se g\u00e2ndesc la trecut, au ajuns \u00een trecut.<\/p>\n<p>- Pe bannerul \u00een spatele c\u0103ruia ne-am plimbat se afl\u0103 un fragment dintr-un poem de Juliusz S\u0142owacki: \"Cinste g\u00e2ndurilor din care r\u0103sare un spirit nou \u0219i o form\u0103 nou\u0103\". Acest g\u00e2nd devine ast\u0103zi realitate\", a spus mare\u0219alul.<\/p>\n<p>El le-a urat elevilor de liceu prosperitate \u0219i toate cele bune. El i-a \u00eencurajat s\u0103 se ghideze \u00een via\u021b\u0103 dup\u0103 cel pu\u021bin dou\u0103 principii: virtute \u0219i pruden\u021b\u0103, adic\u0103 curaj \u0219i t\u0103rie de caracter \u00een ac\u021biune \u0219i consecven\u021b\u0103 \u00een atingerea scopului combinat\u0103 cu pruden\u021b\u0103.<\/p>\n<p><em>Foto: Piotr Michalski<\/em><\/p>\n<p><a href=\"https:\/\/marekkuchcinski.pl\/wp-content\/uploads\/2018\/09\/IMG_0065-1-1.jpg\"><img fetchpriority=\"high\" decoding=\"async\" class=\"alignnone size-full wp-image-10222\" src=\"https:\/\/marekkuchcinski.pl\/wp-content\/uploads\/2018\/09\/IMG_0065-1-1.jpg\" alt=\"IMG_0065 (1)\" width=\"3355\" height=\"2061\" srcset=\"https:\/\/marekkuchcinski.pl\/wp-content\/uploads\/2018\/09\/IMG_0065-1-1.jpg 2048w, https:\/\/marekkuchcinski.pl\/wp-content\/uploads\/2018\/09\/IMG_0065-1-1-300x184.jpg 300w, https:\/\/marekkuchcinski.pl\/wp-content\/uploads\/2018\/09\/IMG_0065-1-1-768x472.jpg 768w, https:\/\/marekkuchcinski.pl\/wp-content\/uploads\/2018\/09\/IMG_0065-1-1-1024x629.jpg 1024w\" sizes=\"(max-width: 3355px) 100vw, 3355px\" \/><\/a> <a href=\"https:\/\/marekkuchcinski.pl\/wp-content\/uploads\/2018\/09\/IMG_0072.jpg\"><img decoding=\"async\" class=\"alignnone size-full wp-image-10225\" src=\"https:\/\/marekkuchcinski.pl\/wp-content\/uploads\/2018\/09\/IMG_0072.jpg\" alt=\"IMG_0072\" width=\"6000\" height=\"4000\" srcset=\"https:\/\/marekkuchcinski.pl\/wp-content\/uploads\/2018\/09\/IMG_0072.jpg 2048w, https:\/\/marekkuchcinski.pl\/wp-content\/uploads\/2018\/09\/IMG_0072-300x200.jpg 300w, https:\/\/marekkuchcinski.pl\/wp-content\/uploads\/2018\/09\/IMG_0072-768x512.jpg 768w, https:\/\/marekkuchcinski.pl\/wp-content\/uploads\/2018\/09\/IMG_0072-1024x683.jpg 1024w\" sizes=\"(max-width: 6000px) 100vw, 6000px\" \/><\/a> <a href=\"https:\/\/marekkuchcinski.pl\/wp-content\/uploads\/2018\/09\/IMG_0119.jpg\"><img decoding=\"async\" class=\"alignnone size-full wp-image-10227\" src=\"https:\/\/marekkuchcinski.pl\/wp-content\/uploads\/2018\/09\/IMG_0119.jpg\" alt=\"IMG_0119\" width=\"6000\" height=\"4000\" srcset=\"https:\/\/marekkuchcinski.pl\/wp-content\/uploads\/2018\/09\/IMG_0119.jpg 2048w, https:\/\/marekkuchcinski.pl\/wp-content\/uploads\/2018\/09\/IMG_0119-300x200.jpg 300w, https:\/\/marekkuchcinski.pl\/wp-content\/uploads\/2018\/09\/IMG_0119-768x512.jpg 768w, https:\/\/marekkuchcinski.pl\/wp-content\/uploads\/2018\/09\/IMG_0119-1024x683.jpg 1024w\" sizes=\"(max-width: 6000px) 100vw, 6000px\" \/><\/a> <a href=\"https:\/\/marekkuchcinski.pl\/wp-content\/uploads\/2018\/09\/IMG_0132.jpg\"><img loading=\"lazy\" decoding=\"async\" class=\"alignnone size-full wp-image-10228\" src=\"https:\/\/marekkuchcinski.pl\/wp-content\/uploads\/2018\/09\/IMG_0132.jpg\" alt=\"IMG_0132\" width=\"6000\" height=\"4000\" srcset=\"https:\/\/marekkuchcinski.pl\/wp-content\/uploads\/2018\/09\/IMG_0132.jpg 2048w, https:\/\/marekkuchcinski.pl\/wp-content\/uploads\/2018\/09\/IMG_0132-300x200.jpg 300w, https:\/\/marekkuchcinski.pl\/wp-content\/uploads\/2018\/09\/IMG_0132-768x512.jpg 768w, https:\/\/marekkuchcinski.pl\/wp-content\/uploads\/2018\/09\/IMG_0132-1024x683.jpg 1024w\" sizes=\"(max-width: 6000px) 100vw, 6000px\" \/><\/a> <a href=\"https:\/\/marekkuchcinski.pl\/wp-content\/uploads\/2018\/09\/IMG_6942.jpg\"><img loading=\"lazy\" decoding=\"async\" class=\"alignnone size-full wp-image-10229\" src=\"https:\/\/marekkuchcinski.pl\/wp-content\/uploads\/2018\/09\/IMG_6942.jpg\" alt=\"IMG_6942\" width=\"5472\" height=\"3648\" srcset=\"https:\/\/marekkuchcinski.pl\/wp-content\/uploads\/2018\/09\/IMG_6942.jpg 2048w, https:\/\/marekkuchcinski.pl\/wp-content\/uploads\/2018\/09\/IMG_6942-300x200.jpg 300w, https:\/\/marekkuchcinski.pl\/wp-content\/uploads\/2018\/09\/IMG_6942-768x512.jpg 768w, https:\/\/marekkuchcinski.pl\/wp-content\/uploads\/2018\/09\/IMG_6942-1024x683.jpg 1024w\" sizes=\"(max-width: 5472px) 100vw, 5472px\" \/><\/a><a href=\"https:\/\/marekkuchcinski.pl\/wp-content\/uploads\/2018\/09\/IMG_0108-1.jpg\"><img loading=\"lazy\" decoding=\"async\" class=\"alignnone wp-image-10232 size-full\" src=\"https:\/\/marekkuchcinski.pl\/wp-content\/uploads\/2018\/09\/IMG_0108-1-e1536008177897.jpg\" alt=\"IMG_0108\" width=\"4000\" height=\"6000\" srcset=\"https:\/\/marekkuchcinski.pl\/wp-content\/uploads\/2018\/09\/IMG_0108-1-e1536008177897.jpg 1365w, https:\/\/marekkuchcinski.pl\/wp-content\/uploads\/2018\/09\/IMG_0108-1-e1536008177897-200x300.jpg 200w, https:\/\/marekkuchcinski.pl\/wp-content\/uploads\/2018\/09\/IMG_0108-1-e1536008177897-768x1152.jpg 768w, https:\/\/marekkuchcinski.pl\/wp-content\/uploads\/2018\/09\/IMG_0108-1-e1536008177897-683x1024.jpg 683w\" sizes=\"(max-width: 4000px) 100vw, 4000px\" \/><\/a><a href=\"https:\/\/marekkuchcinski.pl\/wp-content\/uploads\/2018\/09\/IMG_0112.jpg\"><img loading=\"lazy\" decoding=\"async\" class=\"alignnone wp-image-10231 size-full\" src=\"https:\/\/marekkuchcinski.pl\/wp-content\/uploads\/2018\/09\/IMG_0112-e1536008226251.jpg\" alt=\"IMG_0112\" width=\"4000\" height=\"6000\" srcset=\"https:\/\/marekkuchcinski.pl\/wp-content\/uploads\/2018\/09\/IMG_0112-e1536008226251.jpg 1365w, https:\/\/marekkuchcinski.pl\/wp-content\/uploads\/2018\/09\/IMG_0112-e1536008226251-200x300.jpg 200w, https:\/\/marekkuchcinski.pl\/wp-content\/uploads\/2018\/09\/IMG_0112-e1536008226251-768x1152.jpg 768w, https:\/\/marekkuchcinski.pl\/wp-content\/uploads\/2018\/09\/IMG_0112-e1536008226251-683x1024.jpg 683w\" sizes=\"(max-width: 4000px) 100vw, 4000px\" \/><\/a><a href=\"https:\/\/marekkuchcinski.pl\/wp-content\/uploads\/2018\/09\/IMG_0136.jpg\"><img loading=\"lazy\" decoding=\"async\" class=\"alignnone size-full wp-image-10234\" src=\"https:\/\/marekkuchcinski.pl\/wp-content\/uploads\/2018\/09\/IMG_0136.jpg\" alt=\"IMG_0136\" width=\"5519\" height=\"3858\" srcset=\"https:\/\/marekkuchcinski.pl\/wp-content\/uploads\/2018\/09\/IMG_0136.jpg 2048w, https:\/\/marekkuchcinski.pl\/wp-content\/uploads\/2018\/09\/IMG_0136-300x210.jpg 300w, https:\/\/marekkuchcinski.pl\/wp-content\/uploads\/2018\/09\/IMG_0136-768x537.jpg 768w, https:\/\/marekkuchcinski.pl\/wp-content\/uploads\/2018\/09\/IMG_0136-1024x716.jpg 1024w\" sizes=\"(max-width: 5519px) 100vw, 5519px\" \/><\/a><a href=\"https:\/\/marekkuchcinski.pl\/wp-content\/uploads\/2018\/09\/40756461_2168087933407424_2560415899920105472_o.jpg\"><img loading=\"lazy\" decoding=\"async\" class=\"alignnone size-full wp-image-10230\" src=\"https:\/\/marekkuchcinski.pl\/wp-content\/uploads\/2018\/09\/40756461_2168087933407424_2560415899920105472_o.jpg\" alt=\"40756461_2168087933407424_2560415899920105472_o\" width=\"1316\" height=\"1771\" srcset=\"https:\/\/marekkuchcinski.pl\/wp-content\/uploads\/2018\/09\/40756461_2168087933407424_2560415899920105472_o.jpg 1316w, https:\/\/marekkuchcinski.pl\/wp-content\/uploads\/2018\/09\/40756461_2168087933407424_2560415899920105472_o-223x300.jpg 223w, https:\/\/marekkuchcinski.pl\/wp-content\/uploads\/2018\/09\/40756461_2168087933407424_2560415899920105472_o-768x1034.jpg 768w, https:\/\/marekkuchcinski.pl\/wp-content\/uploads\/2018\/09\/40756461_2168087933407424_2560415899920105472_o-761x1024.jpg 761w\" sizes=\"(max-width: 1316px) 100vw, 1316px\" \/><\/a><\/p>\n<p>&nbsp;<\/p>","protected":false},"excerpt":{"rendered":"<p>Z okazji rozpoczynaj\u0105cego si\u0119 roku szkolnego marsza\u0142ek Sejmu Marek Kuchci\u0144ski odwiedzi\u0142 LO im. S\u0142owackiego w Przemy\u015blu, gdzie by\u0142 uczniem. Przy I Liceum Og\u00f3lnokszta\u0142c\u0105cym powstanie nowoczesna hala sportowa w ramach zadania inwestycyjnego \u201eCentrum Rozwoju Badmintona w Przemy\u015blu&#8221;. Marsza\u0142ek przypomnia\u0142, \u017ce w tym roku\u00a0miasto zyska\u0142o mi\u0119dzynarodow\u0105\u00a0 s\u0142aw\u0119 dzi\u0119ki Victor Polish Junior 2018\u00a0 w badmintonie, na kt\u00f3re przyjechali [&hellip;]<\/p>\n","protected":false},"author":6,"featured_media":10221,"comment_status":"open","ping_status":"open","sticky":false,"template":"","format":"standard","meta":{"ngg_post_thumbnail":0,"footnotes":""},"categories":[49,3],"tags":[],"class_list":["post-10216","post","type-post","status-publish","format-standard","has-post-thumbnail","hentry","category-podkarpacie","category-wydarzenia"],"_links":{"self":[{"href":"https:\/\/marekkuchcinski.pl\/ro\/wp-json\/wp\/v2\/posts\/10216","targetHints":{"allow":["GET"]}}],"collection":[{"href":"https:\/\/marekkuchcinski.pl\/ro\/wp-json\/wp\/v2\/posts"}],"about":[{"href":"https:\/\/marekkuchcinski.pl\/ro\/wp-json\/wp\/v2\/types\/post"}],"author":[{"embeddable":true,"href":"https:\/\/marekkuchcinski.pl\/ro\/wp-json\/wp\/v2\/users\/6"}],"replies":[{"embeddable":true,"href":"https:\/\/marekkuchcinski.pl\/ro\/wp-json\/wp\/v2\/comments?post=10216"}],"version-history":[{"count":5,"href":"https:\/\/marekkuchcinski.pl\/ro\/wp-json\/wp\/v2\/posts\/10216\/revisions"}],"predecessor-version":[{"id":10235,"href":"https:\/\/marekkuchcinski.pl\/ro\/wp-json\/wp\/v2\/posts\/10216\/revisions\/10235"}],"wp:featuredmedia":[{"embeddable":true,"href":"https:\/\/marekkuchcinski.pl\/ro\/wp-json\/wp\/v2\/media\/10221"}],"wp:attachment":[{"href":"https:\/\/marekkuchcinski.pl\/ro\/wp-json\/wp\/v2\/media?parent=10216"}],"wp:term":[{"taxonomy":"category","embeddable":true,"href":"https:\/\/marekkuchcinski.pl\/ro\/wp-json\/wp\/v2\/categories?post=10216"},{"taxonomy":"post_tag","embeddable":true,"href":"https:\/\/marekkuchcinski.pl\/ro\/wp-json\/wp\/v2\/tags?post=10216"}],"curies":[{"name":"wp","href":"https:\/\/api.w.org\/{rel}","templated":true}]}}