{"id":10150,"date":"2018-09-01T20:51:07","date_gmt":"2018-09-01T18:51:07","guid":{"rendered":"https:\/\/marekkuchcinski.pl\/?p=10150"},"modified":"2018-09-01T20:53:59","modified_gmt":"2018-09-01T18:53:59","slug":"muzeum-narodowe-ziemi-przemyskiej-wspolprowadzone-mzp","status":"publish","type":"post","link":"https:\/\/marekkuchcinski.pl\/ro\/podkarpacie\/muzeum-narodowe-ziemi-przemyskiej-wspolprowadzone-mzp\/","title":{"rendered":"Muzeul Na\u021bional al Regiunii Przemysl, administrat \u00een comun cu Ministerul Culturii"},"content":{"rendered":"<p>Mo\u0219tenirea cultural\u0103, spiritual\u0103 \u0219i intelectual\u0103 a mai multor genera\u021bii de locuitori din przemy\u015blan, oameni care tr\u0103iesc la r\u0103scruce de culturi, la grani\u021ba dintre na\u021biuni, este ceva at\u00e2t de unic \u00eenc\u00e2t trebuie s\u0103 fie \u00eengrijit.<\/p>\n<p>Muzeul Na\u021bional al Regiunii Przemysl are o tradi\u021bie de peste 100 de ani. Semnarea acordului de co-gestionare a MZP de c\u0103tre ministrul Culturii \u0219i Patrimoniului Na\u021bional este o expresie a aprecierii activit\u0103\u021bii muzeului \u0219i o poart\u0103 spre o mai bun\u0103 dezvoltare \u0219i popularizare a culturii \u0219i tradi\u021biilor din regiune.<\/p>\n<p>La 100 de ani de la redob\u00e2ndirea independen\u021bei Poloniei, acest eveniment are o dimensiune special\u0103. \u00cen istoria ora\u0219ului, \u00een trecutul s\u0103u m\u00e2ndru \u0219i emo\u021bionant, putem g\u0103si multe revolte eroice, proteste armate, declara\u021bii politice \u0219i fapte de sacrificiu care au dus la redob\u00e2ndirea \u0219i men\u021binerea independen\u021bei. Nu exist\u0103 nicio \u00eendoial\u0103 c\u0103 acest trecut frumos, plin de atitudini care au modelat ora\u0219ul, trebuie protejat de uitare.<\/p>\n<p>- Acesta este un eveniment foarte important pentru Podkarpacie, Polonia, Europa Central\u0103 \u0219i de Est. Guvernul Republicii Polone, cu sprijinul parlamentului, consolideaz\u0103 \u0219i dinamizeaz\u0103 locurile excep\u021bionale. Ele subliniaz\u0103 marile merite ale zonei Przemy\u015bl pentru patrimoniul patriei noastre \u0219i al civiliza\u021biei europene\", a declarat pre\u0219edintele Sejm, Marek Kuchci\u0144ski, care s-a str\u0103duit de mul\u021bi ani s\u0103 ob\u021bin\u0103 sprijin pentru muzeu.<\/p>\n<p>- Ast\u0103zi, la 100 de ani de la redob\u00e2ndirea independen\u021bei Poloniei, muzeul, care a fost \u00eenfiin\u021bat datorit\u0103 zelului patriotic \u0219i generozit\u0103\u021bii locuitorilor s\u0103i, prime\u0219te patronajul statului. Este o mare satisfac\u021bie personal\u0103 pentru mine faptul c\u0103 \u00een spatele acestei decizii se afl\u0103 oameni care \u00een anii 1980 au luptat pentru cultura liber\u0103, libertatea de exprimare \u0219i adev\u0103rata libertate a Poloniei\", a declarat directorul muzeului, Jan Jarosz.<\/p>\n<p>La eveniment au participat, de asemenea, Piotr Gli\u0144ski, ministrul Culturii \u0219i Patrimoniului Na\u021bional, W\u0142adys\u0142aw Ortyl, mare\u0219alul regiunii Podkarpackie, \u0219i Robert Choma, primarul ora\u0219ului Przemy\u015bl.<\/p>\n<p><em>Foto: Marek Mikrut<\/em><\/p>\n<p><a href=\"https:\/\/marekkuchcinski.pl\/wp-content\/uploads\/2018\/09\/SG204191.jpg\"><img fetchpriority=\"high\" decoding=\"async\" class=\"alignnone size-full wp-image-10160\" src=\"https:\/\/marekkuchcinski.pl\/wp-content\/uploads\/2018\/09\/SG204191.jpg\" alt=\"SG204191\" width=\"3370\" height=\"2301\" srcset=\"https:\/\/marekkuchcinski.pl\/wp-content\/uploads\/2018\/09\/SG204191.jpg 2048w, https:\/\/marekkuchcinski.pl\/wp-content\/uploads\/2018\/09\/SG204191-300x205.jpg 300w, https:\/\/marekkuchcinski.pl\/wp-content\/uploads\/2018\/09\/SG204191-768x524.jpg 768w, https:\/\/marekkuchcinski.pl\/wp-content\/uploads\/2018\/09\/SG204191-1024x699.jpg 1024w\" sizes=\"(max-width: 3370px) 100vw, 3370px\" \/><\/a> <a href=\"https:\/\/marekkuchcinski.pl\/wp-content\/uploads\/2018\/09\/SG204217.jpg\"><img decoding=\"async\" class=\"alignnone size-full wp-image-10162\" src=\"https:\/\/marekkuchcinski.pl\/wp-content\/uploads\/2018\/09\/SG204217.jpg\" alt=\"SG204217\" width=\"4672\" height=\"3104\" srcset=\"https:\/\/marekkuchcinski.pl\/wp-content\/uploads\/2018\/09\/SG204217.jpg 2048w, https:\/\/marekkuchcinski.pl\/wp-content\/uploads\/2018\/09\/SG204217-300x199.jpg 300w, https:\/\/marekkuchcinski.pl\/wp-content\/uploads\/2018\/09\/SG204217-768x510.jpg 768w, https:\/\/marekkuchcinski.pl\/wp-content\/uploads\/2018\/09\/SG204217-1024x680.jpg 1024w\" sizes=\"(max-width: 4672px) 100vw, 4672px\" \/><\/a> <a href=\"https:\/\/marekkuchcinski.pl\/wp-content\/uploads\/2018\/09\/SG204245.jpg\"><img decoding=\"async\" class=\"alignnone size-full wp-image-10163\" src=\"https:\/\/marekkuchcinski.pl\/wp-content\/uploads\/2018\/09\/SG204245.jpg\" alt=\"SG204245\" width=\"4672\" height=\"3104\" srcset=\"https:\/\/marekkuchcinski.pl\/wp-content\/uploads\/2018\/09\/SG204245.jpg 2048w, https:\/\/marekkuchcinski.pl\/wp-content\/uploads\/2018\/09\/SG204245-300x199.jpg 300w, https:\/\/marekkuchcinski.pl\/wp-content\/uploads\/2018\/09\/SG204245-768x510.jpg 768w, https:\/\/marekkuchcinski.pl\/wp-content\/uploads\/2018\/09\/SG204245-1024x680.jpg 1024w\" sizes=\"(max-width: 4672px) 100vw, 4672px\" \/><\/a> <a href=\"https:\/\/marekkuchcinski.pl\/wp-content\/uploads\/2018\/09\/SG204298.jpg\"><img loading=\"lazy\" decoding=\"async\" class=\"alignnone size-full wp-image-10165\" src=\"https:\/\/marekkuchcinski.pl\/wp-content\/uploads\/2018\/09\/SG204298.jpg\" alt=\"SG204298\" width=\"4672\" height=\"3104\" srcset=\"https:\/\/marekkuchcinski.pl\/wp-content\/uploads\/2018\/09\/SG204298.jpg 2048w, https:\/\/marekkuchcinski.pl\/wp-content\/uploads\/2018\/09\/SG204298-300x199.jpg 300w, https:\/\/marekkuchcinski.pl\/wp-content\/uploads\/2018\/09\/SG204298-768x510.jpg 768w, https:\/\/marekkuchcinski.pl\/wp-content\/uploads\/2018\/09\/SG204298-1024x680.jpg 1024w\" sizes=\"(max-width: 4672px) 100vw, 4672px\" \/><\/a> <a href=\"https:\/\/marekkuchcinski.pl\/wp-content\/uploads\/2018\/09\/SG204324.jpg\"><img loading=\"lazy\" decoding=\"async\" class=\"alignnone size-full wp-image-10166\" src=\"https:\/\/marekkuchcinski.pl\/wp-content\/uploads\/2018\/09\/SG204324.jpg\" alt=\"SG204324\" width=\"4672\" height=\"3104\" srcset=\"https:\/\/marekkuchcinski.pl\/wp-content\/uploads\/2018\/09\/SG204324.jpg 2048w, https:\/\/marekkuchcinski.pl\/wp-content\/uploads\/2018\/09\/SG204324-300x199.jpg 300w, https:\/\/marekkuchcinski.pl\/wp-content\/uploads\/2018\/09\/SG204324-768x510.jpg 768w, https:\/\/marekkuchcinski.pl\/wp-content\/uploads\/2018\/09\/SG204324-1024x680.jpg 1024w\" sizes=\"(max-width: 4672px) 100vw, 4672px\" \/><\/a><\/p>","protected":false},"excerpt":{"rendered":"<p>Dziedzictwo kulturowe, duchowe, intelektualne wielu pokole\u0144 przemy\u015blan, ludzi \u017cyj\u0105cych na styku kultur, pograniczu narod\u00f3w, jest czym\u015b tak wyj\u0105tkowym, \u017ce musi by\u0107 otoczone opiek\u0105. Muzeum Narodowe Ziemi Przemyskiej ma ponad 100-letni\u0105 tradycj\u0119. Podpisanie umowy o wsp\u00f3\u0142prowadzeniu MZP przez Ministra Kultury i Dziedzictwa Narodowego jest wyrazem docenienia pracy Muzeum oraz furtk\u0105 do lepszego rozwoju i popularyzacji kultury [&hellip;]<\/p>","protected":false},"author":6,"featured_media":10159,"comment_status":"open","ping_status":"open","sticky":false,"template":"","format":"standard","meta":{"ngg_post_thumbnail":0,"footnotes":""},"categories":[49,3],"tags":[],"class_list":["post-10150","post","type-post","status-publish","format-standard","has-post-thumbnail","hentry","category-podkarpacie","category-wydarzenia"],"yoast_head":"<!-- This site is optimized with the Yoast SEO plugin v24.7 - https:\/\/yoast.com\/wordpress\/plugins\/seo\/ -->\n<title>Muzeum Narodowe Ziemi Przemyskiej wsp\u00f3\u0142prowadzone przez Ministerstwo Kultury &#8211; Marek Kuchci\u0144ski<\/title>\n<meta name=\"robots\" content=\"index, follow, max-snippet:-1, max-image-preview:large, max-video-preview:-1\" \/>\n<link rel=\"canonical\" href=\"https:\/\/marekkuchcinski.pl\/ro\/podkarpacie\/muzeum-narodowe-ziemi-przemyskiej-wspolprowadzone-mzp\/\" \/>\n<meta property=\"og:locale\" content=\"ro_RO\" \/>\n<meta property=\"og:type\" content=\"article\" \/>\n<meta property=\"og:title\" content=\"Muzeum Narodowe Ziemi Przemyskiej wsp\u00f3\u0142prowadzone przez Ministerstwo Kultury &#8211; Marek Kuchci\u0144ski\" \/>\n<meta property=\"og:description\" content=\"Dziedzictwo kulturowe, duchowe, intelektualne wielu pokole\u0144 przemy\u015blan, ludzi \u017cyj\u0105cych na styku kultur, pograniczu narod\u00f3w, jest czym\u015b tak wyj\u0105tkowym, \u017ce musi by\u0107 otoczone opiek\u0105. Muzeum Narodowe Ziemi Przemyskiej ma ponad 100-letni\u0105 tradycj\u0119. Podpisanie umowy o wsp\u00f3\u0142prowadzeniu MZP przez Ministra Kultury i Dziedzictwa Narodowego jest wyrazem docenienia pracy Muzeum oraz furtk\u0105 do lepszego rozwoju i popularyzacji kultury [&hellip;]\" \/>\n<meta property=\"og:url\" content=\"https:\/\/marekkuchcinski.pl\/ro\/podkarpacie\/muzeum-narodowe-ziemi-przemyskiej-wspolprowadzone-mzp\/\" \/>\n<meta property=\"og:site_name\" content=\"Marek Kuchci\u0144ski\" \/>\n<meta property=\"article:published_time\" content=\"2018-09-01T18:51:07+00:00\" \/>\n<meta property=\"article:modified_time\" content=\"2018-09-01T18:53:59+00:00\" \/>\n<meta property=\"og:image\" content=\"https:\/\/marekkuchcinski.pl\/wp-content\/uploads\/2018\/09\/SG204298-1.jpg\" \/>\n\t<meta property=\"og:image:width\" content=\"2048\" \/>\n\t<meta property=\"og:image:height\" content=\"1397\" \/>\n\t<meta property=\"og:image:type\" content=\"image\/jpeg\" \/>\n<meta name=\"author\" content=\"admin\" \/>\n<meta name=\"twitter:card\" content=\"summary_large_image\" \/>\n<meta name=\"twitter:label1\" content=\"Scris de\" \/>\n\t<meta name=\"twitter:data1\" content=\"admin\" \/>\n\t<meta name=\"twitter:label2\" content=\"Timp estimat pentru citire\" \/>\n\t<meta name=\"twitter:data2\" content=\"1 minute\" \/>\n<script type=\"application\/ld+json\" class=\"yoast-schema-graph\">{\"@context\":\"https:\/\/schema.org\",\"@graph\":[{\"@type\":\"Article\",\"@id\":\"https:\/\/marekkuchcinski.pl\/en\/podkarpacie\/muzeum-narodowe-ziemi-przemyskiej-wspolprowadzone-mzp\/#article\",\"isPartOf\":{\"@id\":\"https:\/\/marekkuchcinski.pl\/en\/podkarpacie\/muzeum-narodowe-ziemi-przemyskiej-wspolprowadzone-mzp\/\"},\"author\":{\"name\":\"admin\",\"@id\":\"https:\/\/marekkuchcinski.pl\/#\/schema\/person\/6f62700996b4d950b6ea2d1183b6c6be\"},\"headline\":\"Muzeum Narodowe Ziemi Przemyskiej wsp\u00f3\u0142prowadzone przez Ministerstwo Kultury\",\"datePublished\":\"2018-09-01T18:51:07+00:00\",\"dateModified\":\"2018-09-01T18:53:59+00:00\",\"mainEntityOfPage\":{\"@id\":\"https:\/\/marekkuchcinski.pl\/en\/podkarpacie\/muzeum-narodowe-ziemi-przemyskiej-wspolprowadzone-mzp\/\"},\"wordCount\":301,\"commentCount\":0,\"publisher\":{\"@id\":\"https:\/\/marekkuchcinski.pl\/#organization\"},\"image\":{\"@id\":\"https:\/\/marekkuchcinski.pl\/en\/podkarpacie\/muzeum-narodowe-ziemi-przemyskiej-wspolprowadzone-mzp\/#primaryimage\"},\"thumbnailUrl\":\"https:\/\/marekkuchcinski.pl\/wp-content\/uploads\/2018\/09\/SG204298-1.jpg\",\"articleSection\":[\"Podkarpacie\",\"Wydarzenia\"],\"inLanguage\":\"ro-RO\",\"potentialAction\":[{\"@type\":\"CommentAction\",\"name\":\"Comment\",\"target\":[\"https:\/\/marekkuchcinski.pl\/en\/podkarpacie\/muzeum-narodowe-ziemi-przemyskiej-wspolprowadzone-mzp\/#respond\"]}]},{\"@type\":\"WebPage\",\"@id\":\"https:\/\/marekkuchcinski.pl\/en\/podkarpacie\/muzeum-narodowe-ziemi-przemyskiej-wspolprowadzone-mzp\/\",\"url\":\"https:\/\/marekkuchcinski.pl\/en\/podkarpacie\/muzeum-narodowe-ziemi-przemyskiej-wspolprowadzone-mzp\/\",\"name\":\"Muzeum Narodowe Ziemi Przemyskiej wsp\u00f3\u0142prowadzone przez Ministerstwo Kultury &#8211; Marek Kuchci\u0144ski\",\"isPartOf\":{\"@id\":\"https:\/\/marekkuchcinski.pl\/#website\"},\"primaryImageOfPage\":{\"@id\":\"https:\/\/marekkuchcinski.pl\/en\/podkarpacie\/muzeum-narodowe-ziemi-przemyskiej-wspolprowadzone-mzp\/#primaryimage\"},\"image\":{\"@id\":\"https:\/\/marekkuchcinski.pl\/en\/podkarpacie\/muzeum-narodowe-ziemi-przemyskiej-wspolprowadzone-mzp\/#primaryimage\"},\"thumbnailUrl\":\"https:\/\/marekkuchcinski.pl\/wp-content\/uploads\/2018\/09\/SG204298-1.jpg\",\"datePublished\":\"2018-09-01T18:51:07+00:00\",\"dateModified\":\"2018-09-01T18:53:59+00:00\",\"breadcrumb\":{\"@id\":\"https:\/\/marekkuchcinski.pl\/en\/podkarpacie\/muzeum-narodowe-ziemi-przemyskiej-wspolprowadzone-mzp\/#breadcrumb\"},\"inLanguage\":\"ro-RO\",\"potentialAction\":[{\"@type\":\"ReadAction\",\"target\":[\"https:\/\/marekkuchcinski.pl\/en\/podkarpacie\/muzeum-narodowe-ziemi-przemyskiej-wspolprowadzone-mzp\/\"]}]},{\"@type\":\"ImageObject\",\"inLanguage\":\"ro-RO\",\"@id\":\"https:\/\/marekkuchcinski.pl\/en\/podkarpacie\/muzeum-narodowe-ziemi-przemyskiej-wspolprowadzone-mzp\/#primaryimage\",\"url\":\"https:\/\/marekkuchcinski.pl\/wp-content\/uploads\/2018\/09\/SG204298-1.jpg\",\"contentUrl\":\"https:\/\/marekkuchcinski.pl\/wp-content\/uploads\/2018\/09\/SG204298-1.jpg\",\"width\":2048,\"height\":1397},{\"@type\":\"BreadcrumbList\",\"@id\":\"https:\/\/marekkuchcinski.pl\/en\/podkarpacie\/muzeum-narodowe-ziemi-przemyskiej-wspolprowadzone-mzp\/#breadcrumb\",\"itemListElement\":[{\"@type\":\"ListItem\",\"position\":1,\"name\":\"Strona g\u0142\u00f3wna\",\"item\":\"https:\/\/marekkuchcinski.pl\/\"},{\"@type\":\"ListItem\",\"position\":2,\"name\":\"Muzeum Narodowe Ziemi Przemyskiej wsp\u00f3\u0142prowadzone przez Ministerstwo Kultury\"}]},{\"@type\":\"WebSite\",\"@id\":\"https:\/\/marekkuchcinski.pl\/#website\",\"url\":\"https:\/\/marekkuchcinski.pl\/\",\"name\":\"Marek Kuchci\u0144ski\",\"description\":\"Pose\u0142 na sejm RP &ndash; okr\u0119g nr 22\",\"publisher\":{\"@id\":\"https:\/\/marekkuchcinski.pl\/#organization\"},\"potentialAction\":[{\"@type\":\"SearchAction\",\"target\":{\"@type\":\"EntryPoint\",\"urlTemplate\":\"https:\/\/marekkuchcinski.pl\/?s={search_term_string}\"},\"query-input\":{\"@type\":\"PropertyValueSpecification\",\"valueRequired\":true,\"valueName\":\"search_term_string\"}}],\"inLanguage\":\"ro-RO\"},{\"@type\":\"Organization\",\"@id\":\"https:\/\/marekkuchcinski.pl\/#organization\",\"name\":\"Marek Kuchci\u0144ski\",\"url\":\"https:\/\/marekkuchcinski.pl\/\",\"logo\":{\"@type\":\"ImageObject\",\"inLanguage\":\"ro-RO\",\"@id\":\"https:\/\/marekkuchcinski.pl\/#\/schema\/logo\/image\/\",\"url\":\"https:\/\/marekkuchcinski.pl\/wp-content\/uploads\/2022\/09\/Marek.jpg\",\"contentUrl\":\"https:\/\/marekkuchcinski.pl\/wp-content\/uploads\/2022\/09\/Marek.jpg\",\"width\":1600,\"height\":971,\"caption\":\"Marek Kuchci\u0144ski\"},\"image\":{\"@id\":\"https:\/\/marekkuchcinski.pl\/#\/schema\/logo\/image\/\"}},{\"@type\":\"Person\",\"@id\":\"https:\/\/marekkuchcinski.pl\/#\/schema\/person\/6f62700996b4d950b6ea2d1183b6c6be\",\"name\":\"admin\",\"image\":{\"@type\":\"ImageObject\",\"inLanguage\":\"ro-RO\",\"@id\":\"https:\/\/marekkuchcinski.pl\/#\/schema\/person\/image\/\",\"url\":\"https:\/\/secure.gravatar.com\/avatar\/4bab693b9d55c3d6b52c0296a8765085?s=96&d=mm&r=g\",\"contentUrl\":\"https:\/\/secure.gravatar.com\/avatar\/4bab693b9d55c3d6b52c0296a8765085?s=96&d=mm&r=g\",\"caption\":\"admin\"},\"url\":\"https:\/\/marekkuchcinski.pl\/ro\/author\/marta-olejnik\/\"}]}<\/script>\n<!-- \/ Yoast SEO plugin. -->","yoast_head_json":{"title":"Muzeum Narodowe Ziemi Przemyskiej wsp\u00f3\u0142prowadzone przez Ministerstwo Kultury &#8211; Marek Kuchci\u0144ski","robots":{"index":"index","follow":"follow","max-snippet":"max-snippet:-1","max-image-preview":"max-image-preview:large","max-video-preview":"max-video-preview:-1"},"canonical":"https:\/\/marekkuchcinski.pl\/ro\/podkarpacie\/muzeum-narodowe-ziemi-przemyskiej-wspolprowadzone-mzp\/","og_locale":"ro_RO","og_type":"article","og_title":"Muzeum Narodowe Ziemi Przemyskiej wsp\u00f3\u0142prowadzone przez Ministerstwo Kultury &#8211; Marek Kuchci\u0144ski","og_description":"Dziedzictwo kulturowe, duchowe, intelektualne wielu pokole\u0144 przemy\u015blan, ludzi \u017cyj\u0105cych na styku kultur, pograniczu narod\u00f3w, jest czym\u015b tak wyj\u0105tkowym, \u017ce musi by\u0107 otoczone opiek\u0105. Muzeum Narodowe Ziemi Przemyskiej ma ponad 100-letni\u0105 tradycj\u0119. Podpisanie umowy o wsp\u00f3\u0142prowadzeniu MZP przez Ministra Kultury i Dziedzictwa Narodowego jest wyrazem docenienia pracy Muzeum oraz furtk\u0105 do lepszego rozwoju i popularyzacji kultury [&hellip;]","og_url":"https:\/\/marekkuchcinski.pl\/ro\/podkarpacie\/muzeum-narodowe-ziemi-przemyskiej-wspolprowadzone-mzp\/","og_site_name":"Marek Kuchci\u0144ski","article_published_time":"2018-09-01T18:51:07+00:00","article_modified_time":"2018-09-01T18:53:59+00:00","og_image":[{"width":2048,"height":1397,"url":"https:\/\/marekkuchcinski.pl\/wp-content\/uploads\/2018\/09\/SG204298-1.jpg","type":"image\/jpeg"}],"author":"admin","twitter_card":"summary_large_image","twitter_misc":{"Scris de":"admin","Timp estimat pentru citire":"1 minute"},"schema":{"@context":"https:\/\/schema.org","@graph":[{"@type":"Article","@id":"https:\/\/marekkuchcinski.pl\/en\/podkarpacie\/muzeum-narodowe-ziemi-przemyskiej-wspolprowadzone-mzp\/#article","isPartOf":{"@id":"https:\/\/marekkuchcinski.pl\/en\/podkarpacie\/muzeum-narodowe-ziemi-przemyskiej-wspolprowadzone-mzp\/"},"author":{"name":"admin","@id":"https:\/\/marekkuchcinski.pl\/#\/schema\/person\/6f62700996b4d950b6ea2d1183b6c6be"},"headline":"Muzeum Narodowe Ziemi Przemyskiej wsp\u00f3\u0142prowadzone przez Ministerstwo Kultury","datePublished":"2018-09-01T18:51:07+00:00","dateModified":"2018-09-01T18:53:59+00:00","mainEntityOfPage":{"@id":"https:\/\/marekkuchcinski.pl\/en\/podkarpacie\/muzeum-narodowe-ziemi-przemyskiej-wspolprowadzone-mzp\/"},"wordCount":301,"commentCount":0,"publisher":{"@id":"https:\/\/marekkuchcinski.pl\/#organization"},"image":{"@id":"https:\/\/marekkuchcinski.pl\/en\/podkarpacie\/muzeum-narodowe-ziemi-przemyskiej-wspolprowadzone-mzp\/#primaryimage"},"thumbnailUrl":"https:\/\/marekkuchcinski.pl\/wp-content\/uploads\/2018\/09\/SG204298-1.jpg","articleSection":["Podkarpacie","Wydarzenia"],"inLanguage":"ro-RO","potentialAction":[{"@type":"CommentAction","name":"Comment","target":["https:\/\/marekkuchcinski.pl\/en\/podkarpacie\/muzeum-narodowe-ziemi-przemyskiej-wspolprowadzone-mzp\/#respond"]}]},{"@type":"WebPage","@id":"https:\/\/marekkuchcinski.pl\/en\/podkarpacie\/muzeum-narodowe-ziemi-przemyskiej-wspolprowadzone-mzp\/","url":"https:\/\/marekkuchcinski.pl\/en\/podkarpacie\/muzeum-narodowe-ziemi-przemyskiej-wspolprowadzone-mzp\/","name":"Muzeum Narodowe Ziemi Przemyskiej wsp\u00f3\u0142prowadzone przez Ministerstwo Kultury &#8211; Marek Kuchci\u0144ski","isPartOf":{"@id":"https:\/\/marekkuchcinski.pl\/#website"},"primaryImageOfPage":{"@id":"https:\/\/marekkuchcinski.pl\/en\/podkarpacie\/muzeum-narodowe-ziemi-przemyskiej-wspolprowadzone-mzp\/#primaryimage"},"image":{"@id":"https:\/\/marekkuchcinski.pl\/en\/podkarpacie\/muzeum-narodowe-ziemi-przemyskiej-wspolprowadzone-mzp\/#primaryimage"},"thumbnailUrl":"https:\/\/marekkuchcinski.pl\/wp-content\/uploads\/2018\/09\/SG204298-1.jpg","datePublished":"2018-09-01T18:51:07+00:00","dateModified":"2018-09-01T18:53:59+00:00","breadcrumb":{"@id":"https:\/\/marekkuchcinski.pl\/en\/podkarpacie\/muzeum-narodowe-ziemi-przemyskiej-wspolprowadzone-mzp\/#breadcrumb"},"inLanguage":"ro-RO","potentialAction":[{"@type":"ReadAction","target":["https:\/\/marekkuchcinski.pl\/en\/podkarpacie\/muzeum-narodowe-ziemi-przemyskiej-wspolprowadzone-mzp\/"]}]},{"@type":"ImageObject","inLanguage":"ro-RO","@id":"https:\/\/marekkuchcinski.pl\/en\/podkarpacie\/muzeum-narodowe-ziemi-przemyskiej-wspolprowadzone-mzp\/#primaryimage","url":"https:\/\/marekkuchcinski.pl\/wp-content\/uploads\/2018\/09\/SG204298-1.jpg","contentUrl":"https:\/\/marekkuchcinski.pl\/wp-content\/uploads\/2018\/09\/SG204298-1.jpg","width":2048,"height":1397},{"@type":"BreadcrumbList","@id":"https:\/\/marekkuchcinski.pl\/en\/podkarpacie\/muzeum-narodowe-ziemi-przemyskiej-wspolprowadzone-mzp\/#breadcrumb","itemListElement":[{"@type":"ListItem","position":1,"name":"Strona g\u0142\u00f3wna","item":"https:\/\/marekkuchcinski.pl\/"},{"@type":"ListItem","position":2,"name":"Muzeum Narodowe Ziemi Przemyskiej wsp\u00f3\u0142prowadzone przez Ministerstwo Kultury"}]},{"@type":"WebSite","@id":"https:\/\/marekkuchcinski.pl\/#website","url":"https:\/\/marekkuchcinski.pl\/","name":"Marek Kuchci\u0144ski","description":"Pose\u0142 na sejm RP &ndash; okr\u0119g nr 22","publisher":{"@id":"https:\/\/marekkuchcinski.pl\/#organization"},"potentialAction":[{"@type":"SearchAction","target":{"@type":"EntryPoint","urlTemplate":"https:\/\/marekkuchcinski.pl\/?s={search_term_string}"},"query-input":{"@type":"PropertyValueSpecification","valueRequired":true,"valueName":"search_term_string"}}],"inLanguage":"ro-RO"},{"@type":"Organization","@id":"https:\/\/marekkuchcinski.pl\/#organization","name":"Marek Kuchci\u0144ski","url":"https:\/\/marekkuchcinski.pl\/","logo":{"@type":"ImageObject","inLanguage":"ro-RO","@id":"https:\/\/marekkuchcinski.pl\/#\/schema\/logo\/image\/","url":"https:\/\/marekkuchcinski.pl\/wp-content\/uploads\/2022\/09\/Marek.jpg","contentUrl":"https:\/\/marekkuchcinski.pl\/wp-content\/uploads\/2022\/09\/Marek.jpg","width":1600,"height":971,"caption":"Marek Kuchci\u0144ski"},"image":{"@id":"https:\/\/marekkuchcinski.pl\/#\/schema\/logo\/image\/"}},{"@type":"Person","@id":"https:\/\/marekkuchcinski.pl\/#\/schema\/person\/6f62700996b4d950b6ea2d1183b6c6be","name":"admin","image":{"@type":"ImageObject","inLanguage":"ro-RO","@id":"https:\/\/marekkuchcinski.pl\/#\/schema\/person\/image\/","url":"https:\/\/secure.gravatar.com\/avatar\/4bab693b9d55c3d6b52c0296a8765085?s=96&d=mm&r=g","contentUrl":"https:\/\/secure.gravatar.com\/avatar\/4bab693b9d55c3d6b52c0296a8765085?s=96&d=mm&r=g","caption":"admin"},"url":"https:\/\/marekkuchcinski.pl\/ro\/author\/marta-olejnik\/"}]}},"_links":{"self":[{"href":"https:\/\/marekkuchcinski.pl\/ro\/wp-json\/wp\/v2\/posts\/10150","targetHints":{"allow":["GET"]}}],"collection":[{"href":"https:\/\/marekkuchcinski.pl\/ro\/wp-json\/wp\/v2\/posts"}],"about":[{"href":"https:\/\/marekkuchcinski.pl\/ro\/wp-json\/wp\/v2\/types\/post"}],"author":[{"embeddable":true,"href":"https:\/\/marekkuchcinski.pl\/ro\/wp-json\/wp\/v2\/users\/6"}],"replies":[{"embeddable":true,"href":"https:\/\/marekkuchcinski.pl\/ro\/wp-json\/wp\/v2\/comments?post=10150"}],"version-history":[{"count":8,"href":"https:\/\/marekkuchcinski.pl\/ro\/wp-json\/wp\/v2\/posts\/10150\/revisions"}],"predecessor-version":[{"id":10168,"href":"https:\/\/marekkuchcinski.pl\/ro\/wp-json\/wp\/v2\/posts\/10150\/revisions\/10168"}],"wp:featuredmedia":[{"embeddable":true,"href":"https:\/\/marekkuchcinski.pl\/ro\/wp-json\/wp\/v2\/media\/10159"}],"wp:attachment":[{"href":"https:\/\/marekkuchcinski.pl\/ro\/wp-json\/wp\/v2\/media?parent=10150"}],"wp:term":[{"taxonomy":"category","embeddable":true,"href":"https:\/\/marekkuchcinski.pl\/ro\/wp-json\/wp\/v2\/categories?post=10150"},{"taxonomy":"post_tag","embeddable":true,"href":"https:\/\/marekkuchcinski.pl\/ro\/wp-json\/wp\/v2\/tags?post=10150"}],"curies":[{"name":"wp","href":"https:\/\/api.w.org\/{rel}","templated":true}]}}