{"id":79,"count":22,"description":"<strong>Biroul de interven\u021bie \u0219i consiliere juridic\u0103 al PiS din Przemy\u015bl este zona de lucru parlamentar a pre\u0219edintelui Sejm, Marek Kuchci\u0144ski. Este implicat \u00een rezolvarea problemelor Voievodatului Podkarpackie \u0219i \u00een politica regional\u0103.<\/strong>\r\n\r\n<strong>Biroul ofer\u0103 asisten\u021b\u0103 oric\u0103rei persoane afectate de nedreptate, incompeten\u021b\u0103 sau arogan\u021b\u0103 din partea autorit\u0103\u021bilor \u0219i institu\u021biilor, care are nevoie de \u00eendrumare pentru a-\u0219i exercita drepturile. Indiferent de na\u021bionalitate, opinii politice sau statut social.<\/strong>\r\n\r\n<strong>Aceast\u0103 asisten\u021b\u0103 const\u0103 \u00een acordarea de consultan\u021b\u0103 juridic\u0103 gratuit\u0103, \u00een preg\u0103tirea de pledoarii \u0219i de documente administrative \u0219i, \u00een cazurile care o impun, \u00een interven\u021bii adecvate.<\/strong>\r\n<p class=\"rinfo\">Wybrze\u017ce J\u00f3zefa Pi\u0142sudskiego 1, 37-700 Przemy\u015bl<\/p>\r\n<p class=\"rinfo\">tel.\/fax 16 678 49 19<\/p>\r\n<p class=\"rinfo\">biuro@marekkuchcinski.pl<\/p>\r\n<a href=\"https:\/\/marekkuchcinski.pl\/wp-content\/uploads\/2017\/08\/raf.jpg\"><img class=\"alignleft wp-image-7054 size-medium\" src=\"https:\/\/marekkuchcinski.pl\/wp-content\/uploads\/2017\/08\/raf-300x200.jpg\" alt=\"raf\" width=\"300\" height=\"200\" \/><\/a>","link":"https:\/\/marekkuchcinski.pl\/ro\/category\/podkarpacie\/biuro-interwencji-i-porad-pis\/","name":"Biuro Interwencji i Porad Prawnych","slug":"biuro-interwencji-i-porad-pis","taxonomy":"category","parent":49,"meta":[],"_links":{"self":[{"href":"https:\/\/marekkuchcinski.pl\/ro\/wp-json\/wp\/v2\/categories\/79","targetHints":{"allow":["GET"]}}],"collection":[{"href":"https:\/\/marekkuchcinski.pl\/ro\/wp-json\/wp\/v2\/categories"}],"about":[{"href":"https:\/\/marekkuchcinski.pl\/ro\/wp-json\/wp\/v2\/taxonomies\/category"}],"up":[{"embeddable":true,"href":"https:\/\/marekkuchcinski.pl\/ro\/wp-json\/wp\/v2\/categories\/49"}],"wp:post_type":[{"href":"https:\/\/marekkuchcinski.pl\/ro\/wp-json\/wp\/v2\/posts?categories=79"}],"curies":[{"name":"wp","href":"https:\/\/api.w.org\/{rel}","templated":true}]}}