{"id":9876,"date":"2018-07-07T08:53:44","date_gmt":"2018-07-07T06:53:44","guid":{"rendered":"https:\/\/marekkuchcinski.pl\/?p=9876"},"modified":"2018-07-07T09:05:24","modified_gmt":"2018-07-07T07:05:24","slug":"marek-kuchcinski-sejm-jednoczyl-rzeczpospolita","status":"publish","type":"post","link":"https:\/\/marekkuchcinski.pl\/hu\/wydarzenia\/marek-kuchcinski-sejm-jednoczyl-rzeczpospolita\/","title":{"rendered":"Marek Kuchci\u0144ski: A szejm egyes\u00edtette a Lengyel K\u00f6zt\u00e1rsas\u00e1got"},"content":{"rendered":"<p><strong>A Szejm a Lengyel K\u00f6zt\u00e1rsas\u00e1got egyes\u00edt\u0151 szerv. Befoly\u00e1solta a politikai \u00e9s polg\u00e1ri tudatoss\u00e1g kialakul\u00e1s\u00e1t, hozz\u00e1j\u00e1rult a jog, a t\u00f6rt\u00e9net\u00edr\u00e1s \u00e9s a kult\u00fara fejl\u0151d\u00e9s\u00e9hez\" - mondta Marek Kuchci\u0144ski, a Szejm eln\u00f6ke a \"A Lengyel K\u00f6zt\u00e1rsas\u00e1g parlamentarizmus\u00e1nak 550 \u00e9ve\" c\u00edm\u0171 ki\u00e1ll\u00edt\u00e1s megnyit\u00f3j\u00e1n.<\/strong><\/p>\n<p class=\"p1\">A szejm eln\u00f6ke hangs\u00falyozta, hogy a kir\u00e1lyi v\u00e1r eg\u00e9sz Lengyelorsz\u00e1g legfontosabb helye, a kir\u00e1lyok sz\u00e9khelye, a szejm \u00fcl\u00e9seinek helysz\u00edne \u00e9s a m\u00e1jus 3-i alkotm\u00e1ny hat\u00e1lyba l\u00e9p\u00e9s\u00e9nek szimb\u00f3luma.<\/p>\n<p class=\"p1\"><strong>Ezekben a falakban jelent\u0151s d\u00f6nt\u00e9sek sz\u00fclettek, amelyek fontosak a Lengyel K\u00f6zt\u00e1rsas\u00e1g \u00e9s polg\u00e1rai sz\u00e1m\u00e1ra, fontosak a lengyel \u00e1llamis\u00e1g sz\u00e1m\u00e1ra\" - mondta Marek Kuchci\u0144ski.<\/strong><\/p>\n<p class=\"p1\"><strong>A Lengyel K\u00f6zt\u00e1rsas\u00e1gban a parlamentarizmus, a mi parlamentarizmusunk t\u00f6rt\u00e9nete a k\u00f6z\u00e9pkorig ny\u00falik vissza. A d\u00e1tumot 1468-ra dat\u00e1ljuk, amikor el\u0151sz\u00f6r tartottak k\u00e9tkamar\u00e1s szejmet Piotrk\u00f3wban. \u00c9s b\u00e1r maga a d\u00e1tum n\u00e9ha vit\u00e1kat v\u00e1lt ki a t\u00f6rt\u00e9n\u00e9szek k\u00f6z\u00f6tt, abban mindannyian egyet\u00e9rt\u00fcnk, hogy a Lengyel K\u00f6zt\u00e1rsas\u00e1g parlamentarizmus\u00e1nak \u00e9vsz\u00e1zados hagyom\u00e1nyai vannak. A Szejm legk\u00e9s\u0151bb a 15. sz\u00e1zadt\u00f3l napjainkig lengyel \u00e1llamis\u00e1gunk \u00e1lland\u00f3 politikai elem\u00e9v\u00e9 v\u00e1lt\" - eml\u00e9keztetett a marsall.<\/strong><\/p>\n<p class=\"p1\">Mint r\u00e1mutatott, \u00e1llamunk rendszere \u00e9s a Szejm szervezeti fel\u00e9p\u00edt\u00e9se az \u00e9vsz\u00e1zadok sor\u00e1n a k\u00fcl\u00f6nb\u00f6z\u0151 gondolkod\u00e1si \u00e1ramlatok \u00e9s kultur\u00e1lis mint\u00e1k hat\u00e1s\u00e1ra v\u00e1ltozott, \"de mindig, amikor a Lengyel K\u00f6zt\u00e1rsas\u00e1g l\u00e9tezett, a Szejm, a parlamentarizmus fennmaradt\".<\/p>\n<p class=\"p1\"><strong>A Szejm a Lengyel K\u00f6zt\u00e1rsas\u00e1got egyes\u00edt\u0151 test\u00fclet. Befoly\u00e1solta a politikai \u00e9s polg\u00e1ri tudatoss\u00e1g kialakul\u00e1s\u00e1t, hozz\u00e1j\u00e1rult a jog, a t\u00f6rt\u00e9net\u00edr\u00e1s \u00e9s a kult\u00fara fejl\u0151d\u00e9s\u00e9hez, amelyet az eg\u00e9sz akkori civiliz\u00e1lt vil\u00e1gban olvastak \u00e9s id\u00e9ztek\" - mondta Marek Kuchci\u0144ski.<\/strong><\/p>\n<p class=\"p1\"><strong>A lengyel politikai gondolkod\u00e1s az irodalomban is sz\u00e9les k\u00f6rben kifejez\u0151d\u00f6tt. Tartalm\u00e1t k\u00f6nyvillusztr\u00e1ci\u00f3k, sz\u00f3r\u00f3lapok, plak\u00e1tok, t\u00e9rk\u00e9pek, festm\u00e9nyek, \u00e9s a k\u00e9s\u0151bbiekben, hozz\u00e1nk k\u00f6zelebbi id\u0151kben f\u00e9nyk\u00e9pek \u00e9s filmek eg\u00e9sz\u00edtett\u00e9k ki. Ez\u00e9rt az \u00f6r\u00f6ks\u00e9g olyan fontos eleme az anyanyelvi kult\u00far\u00e1nknak, nemzeti \u00f6r\u00f6ks\u00e9g, amely a korm\u00e1nyzati rendszerhez kapcsol\u00f3dik, \u00e9s ezt a rendszert \u00e9s polg\u00e1rait szolg\u00e1lja\" - hangs\u00falyozta a marsall.<\/strong><\/p>\n<p class=\"p1\">Eml\u00e9keztetett arra is, hogy a m\u00e1sodik vil\u00e1gh\u00e1bor\u00fa sor\u00e1n sz\u00e1mos felbecs\u00fclhetetlen \u00e9rt\u00e9k\u0171 dokumentum \u00e9s m\u0171alkot\u00e1s menthetetlen\u00fcl megsemmis\u00fclt.<\/p>\n<p class=\"p1\"><strong>Azok, amelyek megmaradtak, parlamentarizmusunk, a Lengyel K\u00f6zt\u00e1rsas\u00e1g parlamentarizmus\u00e1nak anyagi \u00f6r\u00f6ks\u00e9g\u00e9t k\u00e9pezik. Ez\u00e9rt innen, err\u0151l a helyr\u0151l szeretn\u00e9m kifejezni m\u00e9ly elismer\u00e9semet azoknak, akik az \u00e9vek sor\u00e1n \u00e1polt\u00e1k a Szejm t\u00f6rt\u00e9net\u00e9nek fennmaradt eml\u00e9km\u0171veit\" - mondta.<\/strong><\/p>\n<p class=\"p1\"><strong>Sz\u00e1munkra, parlamenti k\u00e9pvisel\u0151k sz\u00e1m\u00e1ra a mai nap kiv\u00e9teles nap (...) \u00fagy \u00e9rezz\u00fck, hogy mi vagyunk el\u0151deink anyagi \u00e9s szellemi \u00f6r\u00f6ks\u00e9g\u00e9nek \u0151rz\u0151i, a lengyel parlamentarizmus legjobb hagyom\u00e1nyainak folytat\u00f3i...\u00a0<\/strong><b>tette hozz\u00e1 a Szejm eln\u00f6ke.<\/b><\/p>\n<p><em>Fot\u00f3: M. Olejnik, K. Bia\u0142osk\u00f3rski<\/em><a href=\"https:\/\/marekkuchcinski.pl\/wp-content\/uploads\/2018\/07\/IMG_0162-1.jpg\"><img fetchpriority=\"high\" decoding=\"async\" class=\"alignnone size-full wp-image-9877\" src=\"https:\/\/marekkuchcinski.pl\/wp-content\/uploads\/2018\/07\/IMG_0162-1.jpg\" alt=\"IMG_0162 (1)\" width=\"4079\" height=\"2680\" srcset=\"https:\/\/marekkuchcinski.pl\/wp-content\/uploads\/2018\/07\/IMG_0162-1.jpg 2048w, https:\/\/marekkuchcinski.pl\/wp-content\/uploads\/2018\/07\/IMG_0162-1-300x197.jpg 300w, https:\/\/marekkuchcinski.pl\/wp-content\/uploads\/2018\/07\/IMG_0162-1-768x505.jpg 768w, https:\/\/marekkuchcinski.pl\/wp-content\/uploads\/2018\/07\/IMG_0162-1-1024x673.jpg 1024w\" sizes=\"(max-width: 4079px) 100vw, 4079px\" \/><\/a> <a href=\"https:\/\/marekkuchcinski.pl\/wp-content\/uploads\/2018\/07\/IMG_0167-1.jpg\"><img decoding=\"async\" class=\"alignnone size-full wp-image-9878\" src=\"https:\/\/marekkuchcinski.pl\/wp-content\/uploads\/2018\/07\/IMG_0167-1.jpg\" alt=\"IMG_0167 (1)\" width=\"1188\" height=\"792\" srcset=\"https:\/\/marekkuchcinski.pl\/wp-content\/uploads\/2018\/07\/IMG_0167-1.jpg 1188w, https:\/\/marekkuchcinski.pl\/wp-content\/uploads\/2018\/07\/IMG_0167-1-300x200.jpg 300w, https:\/\/marekkuchcinski.pl\/wp-content\/uploads\/2018\/07\/IMG_0167-1-768x512.jpg 768w, https:\/\/marekkuchcinski.pl\/wp-content\/uploads\/2018\/07\/IMG_0167-1-1024x683.jpg 1024w\" sizes=\"(max-width: 1188px) 100vw, 1188px\" \/><\/a> <a href=\"https:\/\/marekkuchcinski.pl\/wp-content\/uploads\/2018\/07\/IMG_0220-1.jpg\"><img decoding=\"async\" class=\"alignnone size-full wp-image-9879\" src=\"https:\/\/marekkuchcinski.pl\/wp-content\/uploads\/2018\/07\/IMG_0220-1.jpg\" alt=\"IMG_0220 (1)\" width=\"4041\" height=\"2672\" srcset=\"https:\/\/marekkuchcinski.pl\/wp-content\/uploads\/2018\/07\/IMG_0220-1.jpg 2048w, https:\/\/marekkuchcinski.pl\/wp-content\/uploads\/2018\/07\/IMG_0220-1-300x198.jpg 300w, https:\/\/marekkuchcinski.pl\/wp-content\/uploads\/2018\/07\/IMG_0220-1-768x508.jpg 768w, https:\/\/marekkuchcinski.pl\/wp-content\/uploads\/2018\/07\/IMG_0220-1-1024x677.jpg 1024w\" sizes=\"(max-width: 4041px) 100vw, 4041px\" \/><\/a> <a href=\"https:\/\/marekkuchcinski.pl\/wp-content\/uploads\/2018\/07\/IMG_0243-1.jpg\"><img loading=\"lazy\" decoding=\"async\" class=\"alignnone size-full wp-image-9880\" src=\"https:\/\/marekkuchcinski.pl\/wp-content\/uploads\/2018\/07\/IMG_0243-1.jpg\" alt=\"IMG_0243 (1)\" width=\"1188\" height=\"792\" srcset=\"https:\/\/marekkuchcinski.pl\/wp-content\/uploads\/2018\/07\/IMG_0243-1.jpg 1188w, https:\/\/marekkuchcinski.pl\/wp-content\/uploads\/2018\/07\/IMG_0243-1-300x200.jpg 300w, https:\/\/marekkuchcinski.pl\/wp-content\/uploads\/2018\/07\/IMG_0243-1-768x512.jpg 768w, https:\/\/marekkuchcinski.pl\/wp-content\/uploads\/2018\/07\/IMG_0243-1-1024x683.jpg 1024w\" sizes=\"(max-width: 1188px) 100vw, 1188px\" \/><\/a> <a href=\"https:\/\/marekkuchcinski.pl\/wp-content\/uploads\/2018\/07\/KKB_5388.jpg\"><img loading=\"lazy\" decoding=\"async\" class=\"alignnone size-full wp-image-9881\" src=\"https:\/\/marekkuchcinski.pl\/wp-content\/uploads\/2018\/07\/KKB_5388.jpg\" alt=\"KKB_5388\" width=\"2880\" height=\"1920\" srcset=\"https:\/\/marekkuchcinski.pl\/wp-content\/uploads\/2018\/07\/KKB_5388.jpg 2048w, https:\/\/marekkuchcinski.pl\/wp-content\/uploads\/2018\/07\/KKB_5388-300x200.jpg 300w, https:\/\/marekkuchcinski.pl\/wp-content\/uploads\/2018\/07\/KKB_5388-768x512.jpg 768w, https:\/\/marekkuchcinski.pl\/wp-content\/uploads\/2018\/07\/KKB_5388-1024x683.jpg 1024w\" sizes=\"(max-width: 2880px) 100vw, 2880px\" \/><\/a> <a href=\"https:\/\/marekkuchcinski.pl\/wp-content\/uploads\/2018\/07\/KKB_5556.jpg\"><img loading=\"lazy\" decoding=\"async\" class=\"alignnone size-full wp-image-9882\" src=\"https:\/\/marekkuchcinski.pl\/wp-content\/uploads\/2018\/07\/KKB_5556.jpg\" alt=\"KKB_5556\" width=\"2880\" height=\"1920\" srcset=\"https:\/\/marekkuchcinski.pl\/wp-content\/uploads\/2018\/07\/KKB_5556.jpg 2048w, https:\/\/marekkuchcinski.pl\/wp-content\/uploads\/2018\/07\/KKB_5556-300x200.jpg 300w, https:\/\/marekkuchcinski.pl\/wp-content\/uploads\/2018\/07\/KKB_5556-768x512.jpg 768w, https:\/\/marekkuchcinski.pl\/wp-content\/uploads\/2018\/07\/KKB_5556-1024x683.jpg 1024w\" sizes=\"(max-width: 2880px) 100vw, 2880px\" \/><\/a> <a href=\"https:\/\/marekkuchcinski.pl\/wp-content\/uploads\/2018\/07\/KKB_5847-1.jpg\"><img loading=\"lazy\" decoding=\"async\" class=\"alignnone size-full wp-image-9883\" src=\"https:\/\/marekkuchcinski.pl\/wp-content\/uploads\/2018\/07\/KKB_5847-1.jpg\" alt=\"KKB_5847 (1)\" width=\"2472\" height=\"1716\" srcset=\"https:\/\/marekkuchcinski.pl\/wp-content\/uploads\/2018\/07\/KKB_5847-1.jpg 2048w, https:\/\/marekkuchcinski.pl\/wp-content\/uploads\/2018\/07\/KKB_5847-1-300x208.jpg 300w, https:\/\/marekkuchcinski.pl\/wp-content\/uploads\/2018\/07\/KKB_5847-1-768x533.jpg 768w, https:\/\/marekkuchcinski.pl\/wp-content\/uploads\/2018\/07\/KKB_5847-1-1024x711.jpg 1024w\" sizes=\"(max-width: 2472px) 100vw, 2472px\" \/><\/a> <a href=\"https:\/\/marekkuchcinski.pl\/wp-content\/uploads\/2018\/07\/KKB_5910.jpg\"><img loading=\"lazy\" decoding=\"async\" class=\"alignnone size-full wp-image-9884\" src=\"https:\/\/marekkuchcinski.pl\/wp-content\/uploads\/2018\/07\/KKB_5910.jpg\" alt=\"KKB_5910\" width=\"2880\" height=\"1920\" srcset=\"https:\/\/marekkuchcinski.pl\/wp-content\/uploads\/2018\/07\/KKB_5910.jpg 2048w, https:\/\/marekkuchcinski.pl\/wp-content\/uploads\/2018\/07\/KKB_5910-300x200.jpg 300w, https:\/\/marekkuchcinski.pl\/wp-content\/uploads\/2018\/07\/KKB_5910-768x512.jpg 768w, https:\/\/marekkuchcinski.pl\/wp-content\/uploads\/2018\/07\/KKB_5910-1024x683.jpg 1024w\" sizes=\"(max-width: 2880px) 100vw, 2880px\" \/><\/a> <a href=\"https:\/\/marekkuchcinski.pl\/wp-content\/uploads\/2018\/07\/IMG_0171.jpg\"><img loading=\"lazy\" decoding=\"async\" class=\"alignnone size-full wp-image-9890\" src=\"https:\/\/marekkuchcinski.pl\/wp-content\/uploads\/2018\/07\/IMG_0171.jpg\" alt=\"IMG_0171\" width=\"4089\" height=\"2644\" srcset=\"https:\/\/marekkuchcinski.pl\/wp-content\/uploads\/2018\/07\/IMG_0171.jpg 2048w, https:\/\/marekkuchcinski.pl\/wp-content\/uploads\/2018\/07\/IMG_0171-300x194.jpg 300w, https:\/\/marekkuchcinski.pl\/wp-content\/uploads\/2018\/07\/IMG_0171-768x497.jpg 768w, https:\/\/marekkuchcinski.pl\/wp-content\/uploads\/2018\/07\/IMG_0171-1024x662.jpg 1024w\" sizes=\"(max-width: 4089px) 100vw, 4089px\" \/><\/a><a href=\"https:\/\/marekkuchcinski.pl\/wp-content\/uploads\/2018\/07\/KKB_6090.jpg\"><img loading=\"lazy\" decoding=\"async\" class=\"alignnone size-full wp-image-9885\" src=\"https:\/\/marekkuchcinski.pl\/wp-content\/uploads\/2018\/07\/KKB_6090.jpg\" alt=\"KKB_6090\" width=\"2880\" height=\"1920\" srcset=\"https:\/\/marekkuchcinski.pl\/wp-content\/uploads\/2018\/07\/KKB_6090.jpg 2048w, https:\/\/marekkuchcinski.pl\/wp-content\/uploads\/2018\/07\/KKB_6090-300x200.jpg 300w, https:\/\/marekkuchcinski.pl\/wp-content\/uploads\/2018\/07\/KKB_6090-768x512.jpg 768w, https:\/\/marekkuchcinski.pl\/wp-content\/uploads\/2018\/07\/KKB_6090-1024x683.jpg 1024w\" sizes=\"(max-width: 2880px) 100vw, 2880px\" \/><\/a><\/p>\n<p><iframe title=\"&quot;A Lengyel K\u00f6zt\u00e1rsas\u00e1g parlamentarizmus\u00e1nak 550. \u00e9vfordul\u00f3ja&quot; c\u00edm\u0171 ki\u00e1ll\u00edt\u00e1s - A Szejm eln\u00f6k\u00e9nek besz\u00e9de\" width=\"800\" height=\"450\" src=\"https:\/\/www.youtube.com\/embed\/MXlwS5DX3lE?feature=oembed\" frameborder=\"0\" allow=\"accelerometer; autoplay; clipboard-write; encrypted-media; gyroscope; picture-in-picture\" allowfullscreen><\/iframe><\/p>","protected":false},"excerpt":{"rendered":"<p>Sejm jest organem, kt\u00f3ry jednoczy\u0142 Rzeczpospolit\u0105. Wp\u0142ywa\u0142 na kszta\u0142towanie \u015bwiadomo\u015bci politycznej i obywatelskiej, przyczynia\u0142 do rozwoju prawa, historiografii, kultury \u2013 m\u00f3wi\u0142 marsza\u0142ek Sejmu Marek Kuchci\u0144ski na otwarciu wystawy \u201e550-lecie Parlamentaryzmu Rzeczypospolitej\u201d. Marsza\u0142ek Sejmu podkre\u015bli\u0142, \u017ce Zamek Kr\u00f3lewski jest najwa\u017cniejszym miejscem dla ca\u0142ej Polski, siedzib\u0105 kr\u00f3l\u00f3w, a tak\u017ce miejscem obrad Sejmu i symbolem uchwalenia Konstytucji 3 [&hellip;]<\/p>\n","protected":false},"author":6,"featured_media":9877,"comment_status":"open","ping_status":"open","sticky":false,"template":"","format":"standard","meta":{"ngg_post_thumbnail":0,"footnotes":""},"categories":[77,81,3],"tags":[],"class_list":["post-9876","post","type-post","status-publish","format-standard","has-post-thumbnail","hentry","category-wazne-daty","category-wiesci-z-sejmu","category-wydarzenia"],"_links":{"self":[{"href":"https:\/\/marekkuchcinski.pl\/hu\/wp-json\/wp\/v2\/posts\/9876","targetHints":{"allow":["GET"]}}],"collection":[{"href":"https:\/\/marekkuchcinski.pl\/hu\/wp-json\/wp\/v2\/posts"}],"about":[{"href":"https:\/\/marekkuchcinski.pl\/hu\/wp-json\/wp\/v2\/types\/post"}],"author":[{"embeddable":true,"href":"https:\/\/marekkuchcinski.pl\/hu\/wp-json\/wp\/v2\/users\/6"}],"replies":[{"embeddable":true,"href":"https:\/\/marekkuchcinski.pl\/hu\/wp-json\/wp\/v2\/comments?post=9876"}],"version-history":[{"count":7,"href":"https:\/\/marekkuchcinski.pl\/hu\/wp-json\/wp\/v2\/posts\/9876\/revisions"}],"predecessor-version":[{"id":9895,"href":"https:\/\/marekkuchcinski.pl\/hu\/wp-json\/wp\/v2\/posts\/9876\/revisions\/9895"}],"wp:featuredmedia":[{"embeddable":true,"href":"https:\/\/marekkuchcinski.pl\/hu\/wp-json\/wp\/v2\/media\/9877"}],"wp:attachment":[{"href":"https:\/\/marekkuchcinski.pl\/hu\/wp-json\/wp\/v2\/media?parent=9876"}],"wp:term":[{"taxonomy":"category","embeddable":true,"href":"https:\/\/marekkuchcinski.pl\/hu\/wp-json\/wp\/v2\/categories?post=9876"},{"taxonomy":"post_tag","embeddable":true,"href":"https:\/\/marekkuchcinski.pl\/hu\/wp-json\/wp\/v2\/tags?post=9876"}],"curies":[{"name":"wp","href":"https:\/\/api.w.org\/{rel}","templated":true}]}}