{"id":9730,"date":"2018-06-18T16:25:00","date_gmt":"2018-06-18T14:25:00","guid":{"rendered":"https:\/\/marekkuchcinski.pl\/?p=9730"},"modified":"2018-06-18T16:27:21","modified_gmt":"2018-06-18T14:27:21","slug":"szczecinie-stanal-pomnik-upamietniajacy-prezydenta-lecha-kaczynskiego","status":"publish","type":"post","link":"https:\/\/marekkuchcinski.pl\/hu\/wydarzenia\/szczecinie-stanal-pomnik-upamietniajacy-prezydenta-lecha-kaczynskiego\/","title":{"rendered":"Eml\u00e9km\u0171vet \u00e1ll\u00edtottak Lech Kaczy\u0144ski eln\u00f6knek Szczecinben"},"content":{"rendered":"<p>Lengyelorsz\u00e1g szolg\u00e1lata volt \u00e9lete l\u00e9nyege. K\u00fczd\u00f6tt f\u00fcggetlens\u00e9g\u00e9\u00e9rt \u00e9s szuverenit\u00e1s\u00e1\u00e9rt, a demokratikus ellenz\u00e9k - a KOR \u00e9s az NSZZ \"Szolidarit\u00e1s\" - tagjak\u00e9nt, amelynek aleln\u00f6ke volt\" - mondta Lech Kaczy\u0144skir\u00f3l Marek Kuchci\u0144ski, a Szejm eln\u00f6ke. - Megvolt az elk\u00e9pzel\u00e9se Lengyelorsz\u00e1gr\u00f3l - egy igazs\u00e1gos, biztons\u00e1gos, polg\u00e1raiban gazdag, j\u00f3l korm\u00e1nyzott, t\u00f6rv\u00e9nytisztel\u0151, t\u00f6rt\u00e9nelm\u00e9re \u00e9s a vil\u00e1gban elfoglalt hely\u00e9re b\u00fcszke \u00e1llam. Legfontosabb \u00fczenete az volt, hogy szorgalmasan dolgozzunk a k\u00f6zj\u00f3\u00e9rt, a nemzet\u00e9rt, a k\u00f6zt\u00e1rsas\u00e1g \u00e9s annak l\u00e9tjogosults\u00e1ga \u00e9rdek\u00e9ben. \u00dagy v\u00e9lte, hogy a politika minden polg\u00e1r nev\u00e9ben \u00e9s \u00e9rdek\u00e9ben v\u00e9gzett szolg\u00e1lat. Tragikusan f\u00e9lbeszakadt k\u00fcldet\u00e9se megv\u00e1ltoztatta haz\u00e1nk t\u00f6rt\u00e9nelm\u00e9nek menet\u00e9t. 2010 ut\u00e1n az eln\u00f6k\u00fcnk t\u00e1voll\u00e9te \u00e9rezhet\u0151v\u00e9 v\u00e1lt. Befejezetlen munk\u00e1j\u00e1nak tudata megmaradt k\u00f6z\u00f6tt\u00fcnk\" - mondta a h\u00e1zeln\u00f6k.<\/p>\n<p>Marek Kuchci\u0144ski megk\u00f6sz\u00f6nte a szczecini polg\u00e1roknak, hogy eml\u00e9keznek a n\u00e9hai eln\u00f6k, Lech Kaczy\u0144ski professzor \u00e9let\u00e9re, gondolataira \u00e9s munk\u00e1ss\u00e1g\u00e1ra, \u00e9s azt k\u00edv\u00e1nta, hogy maradjanak h\u0171ek az \u00fczenet\u00e9hez. - Lech Kaczy\u0144ski eln\u00f6k \u00far szavait megism\u00e9telve j\u00f3l\u00e9tet k\u00edv\u00e1nt a r\u00e9gi\u00f3 lak\u00f3inak: \"Egy er\u0151s Szczecin, egy er\u0151s Nyugat-Pomer\u00e1nia a lengyel raison d'\u00e9tat\".<\/p>\n<p>Az \u00fcnneps\u00e9gen r\u00e9szt vett Beata Mazurek, a Szejm aleln\u00f6ke, Mateusz Morawiecki minisztereln\u00f6k, parlamenti k\u00e9pvisel\u0151k, miniszterek. Mariusz B\u0142aszczak ON miniszter felolvasta Jaros\u0142aw Kaczy\u0144ski, a Jog \u00e9s Igazs\u00e1goss\u00e1g p\u00e1rt eln\u00f6k\u00e9nek level\u00e9t.<\/p>\n<p><a href=\"https:\/\/marekkuchcinski.pl\/wp-content\/uploads\/2018\/06\/lk1.jpg\"><img fetchpriority=\"high\" decoding=\"async\" class=\"alignnone size-full wp-image-9731\" src=\"https:\/\/marekkuchcinski.pl\/wp-content\/uploads\/2018\/06\/lk1.jpg\" alt=\"lk1\" width=\"4032\" height=\"3024\" srcset=\"https:\/\/marekkuchcinski.pl\/wp-content\/uploads\/2018\/06\/lk1.jpg 2048w, https:\/\/marekkuchcinski.pl\/wp-content\/uploads\/2018\/06\/lk1-300x225.jpg 300w, https:\/\/marekkuchcinski.pl\/wp-content\/uploads\/2018\/06\/lk1-768x576.jpg 768w, https:\/\/marekkuchcinski.pl\/wp-content\/uploads\/2018\/06\/lk1-1024x768.jpg 1024w\" sizes=\"(max-width: 4032px) 100vw, 4032px\" \/><\/a> <a href=\"https:\/\/marekkuchcinski.pl\/wp-content\/uploads\/2018\/06\/lk2.jpg\"><img decoding=\"async\" class=\"alignnone size-full wp-image-9732\" src=\"https:\/\/marekkuchcinski.pl\/wp-content\/uploads\/2018\/06\/lk2.jpg\" alt=\"lk2\" width=\"3483\" height=\"2547\" srcset=\"https:\/\/marekkuchcinski.pl\/wp-content\/uploads\/2018\/06\/lk2.jpg 2048w, https:\/\/marekkuchcinski.pl\/wp-content\/uploads\/2018\/06\/lk2-300x219.jpg 300w, https:\/\/marekkuchcinski.pl\/wp-content\/uploads\/2018\/06\/lk2-768x562.jpg 768w, https:\/\/marekkuchcinski.pl\/wp-content\/uploads\/2018\/06\/lk2-1024x749.jpg 1024w\" sizes=\"(max-width: 3483px) 100vw, 3483px\" \/><\/a> <a href=\"https:\/\/marekkuchcinski.pl\/wp-content\/uploads\/2018\/06\/lk3.jpg\"><img decoding=\"async\" class=\"alignnone size-full wp-image-9733\" src=\"https:\/\/marekkuchcinski.pl\/wp-content\/uploads\/2018\/06\/lk3.jpg\" alt=\"lk3\" width=\"3926\" height=\"2784\" srcset=\"https:\/\/marekkuchcinski.pl\/wp-content\/uploads\/2018\/06\/lk3.jpg 2048w, https:\/\/marekkuchcinski.pl\/wp-content\/uploads\/2018\/06\/lk3-300x213.jpg 300w, https:\/\/marekkuchcinski.pl\/wp-content\/uploads\/2018\/06\/lk3-768x545.jpg 768w, https:\/\/marekkuchcinski.pl\/wp-content\/uploads\/2018\/06\/lk3-1024x726.jpg 1024w\" sizes=\"(max-width: 3926px) 100vw, 3926px\" \/><\/a><\/p>","protected":false},"excerpt":{"rendered":"<p>S\u0142u\u017cba Polsce by\u0142a tre\u015bci\u0105 jego \u017cycia. Walczy\u0142 o jej niepodleg\u0142o\u015b\u0107 i suwerenno\u015b\u0107, b\u0119d\u0105c cz\u0142onkiem opozycji demokratycznej \u2013 KOR i NSZZ \u201eSolidarno\u015b\u0107\u201d, kt\u00f3rej by\u0142 wiceprzewodnicz\u0105cym \u2013 powiedzia\u0142 o Lechu Kaczy\u0144skim marsza\u0142ek Sejmu Marek Kuchci\u0144ski.\u00a0\u2013 Mia\u0142 swoj\u0105 wizj\u0119 Polski \u2013 pa\u0144stwa sprawiedliwego, bezpiecznego, bogatego jej obywatelami, dobrze zarz\u0105dzanego, praworz\u0105dnego i dumnego z w\u0142asnej historii i swojego statusu [&hellip;]<\/p>\n","protected":false},"author":6,"featured_media":9732,"comment_status":"open","ping_status":"open","sticky":false,"template":"","format":"standard","meta":{"ngg_post_thumbnail":0,"footnotes":""},"categories":[3],"tags":[],"class_list":["post-9730","post","type-post","status-publish","format-standard","has-post-thumbnail","hentry","category-wydarzenia"],"_links":{"self":[{"href":"https:\/\/marekkuchcinski.pl\/hu\/wp-json\/wp\/v2\/posts\/9730","targetHints":{"allow":["GET"]}}],"collection":[{"href":"https:\/\/marekkuchcinski.pl\/hu\/wp-json\/wp\/v2\/posts"}],"about":[{"href":"https:\/\/marekkuchcinski.pl\/hu\/wp-json\/wp\/v2\/types\/post"}],"author":[{"embeddable":true,"href":"https:\/\/marekkuchcinski.pl\/hu\/wp-json\/wp\/v2\/users\/6"}],"replies":[{"embeddable":true,"href":"https:\/\/marekkuchcinski.pl\/hu\/wp-json\/wp\/v2\/comments?post=9730"}],"version-history":[{"count":2,"href":"https:\/\/marekkuchcinski.pl\/hu\/wp-json\/wp\/v2\/posts\/9730\/revisions"}],"predecessor-version":[{"id":9736,"href":"https:\/\/marekkuchcinski.pl\/hu\/wp-json\/wp\/v2\/posts\/9730\/revisions\/9736"}],"wp:featuredmedia":[{"embeddable":true,"href":"https:\/\/marekkuchcinski.pl\/hu\/wp-json\/wp\/v2\/media\/9732"}],"wp:attachment":[{"href":"https:\/\/marekkuchcinski.pl\/hu\/wp-json\/wp\/v2\/media?parent=9730"}],"wp:term":[{"taxonomy":"category","embeddable":true,"href":"https:\/\/marekkuchcinski.pl\/hu\/wp-json\/wp\/v2\/categories?post=9730"},{"taxonomy":"post_tag","embeddable":true,"href":"https:\/\/marekkuchcinski.pl\/hu\/wp-json\/wp\/v2\/tags?post=9730"}],"curies":[{"name":"wp","href":"https:\/\/api.w.org\/{rel}","templated":true}]}}